{"id":40700,"date":"2022-07-26T07:30:32","date_gmt":"2022-07-26T05:30:32","guid":{"rendered":"https:\/\/empresas.infoempleo.com\/hrtrends\/?p=40700"},"modified":"2022-07-25T20:49:41","modified_gmt":"2022-07-25T18:49:41","slug":"alcanza-la-excelencia-en-la-gestion-con-el-modelo-malcolm-baldrige","status":"publish","type":"post","link":"https:\/\/empresas.infoempleo.com\/hrtrends\/alcanza-la-excelencia-en-la-gestion-con-el-modelo-malcolm-baldrige\/","title":{"rendered":"Alcanza la excelencia en la gesti\u00f3n con el modelo Malcolm Baldrige"},"content":{"rendered":"<p>El modelo <strong>Malcom Baldrige<\/strong> se cre\u00f3 en los ochenta para competir con la <strong>excelencia<\/strong> de las medidas adoptadas por empresas japonesas. Es una herramienta de evaluaci\u00f3n de resultados y procesos para <strong>orientar la estrategia<\/strong> corporativa hacia la <strong>calidad<\/strong>. Contiene <strong>7 secciones<\/strong> que analizan desde el liderazgo hasta el enfoque de recursos humanos. Los <strong>indicadores<\/strong> son clave para dise\u00f1ar la propuesta de \u00e9xito. Deben generar datos que muestren <strong>tendencias favorables<\/strong> a largo plazo.<\/p>\n<p><!--more--><\/p>\n<h2>En qu\u00e9 consiste el modelo Malcolm Baldrige de excelencia<\/h2>\n<p>El nombre de esta herramienta para mejorar la <strong>calidad<\/strong> en una empresa, tiene su origen en el exsecretario de comercio norteamericano <strong>Malcolm Baldrige<\/strong>. A finales de los 80, Estados Unidos idea esta f\u00f3rmula siguiendo la estela de las mejoras en la productividad de Jap\u00f3n. La ley que lo promulg\u00f3 se basa en un estudio de las <strong>caracter\u00edsticas<\/strong> de la <strong>gesti\u00f3n<\/strong> de las empresas m\u00e1s exitosas.<\/p>\n<p>El Modelo Baldrige es una herramienta para la evaluaci\u00f3n, mejora y planificaci\u00f3n hac\u00eda la <a href=\"https:\/\/empresas.infoempleo.com\/hrtrends\/utilidad-de-tener-el-sello-efqm-de-excelencia-y-como-conseguirlo\/\" target=\"_blank\" rel=\"noopener\"><strong>gesti\u00f3n de la excelencia<\/strong><\/a>. Contiene 7<strong> secciones o cap\u00edtulos<\/strong>. El foco est\u00e1 puesto en los resultados que hacen a la organizaci\u00f3n m\u00e1s competitiva. Las preguntas de cada secci\u00f3n orientan hacia d\u00f3nde debe caminar <strong>estrat\u00e9gicamente<\/strong> la planificaci\u00f3n. Este modelo atiende fundamentalmente al cliente y su <strong>satisfacci\u00f3n<\/strong>. En definitiva, es un modelo que permite la autoevaluaci\u00f3n de la gesti\u00f3n empresarial. El objetivo final es crear un tejido organizacional de calidad en todo el pa\u00eds.<\/p>\n<p>La actual transformaci\u00f3n digital acelerada por la pandemia permite agilizar estos procesos gracias al <strong>Big Data<\/strong> y al an\u00e1lisis de este ingente volumen de informaci\u00f3n. Ya no es imprescindible, aunque siempre es recomendable, contar con olfato o <strong>intuici\u00f3n<\/strong> para los negocios. Y tambi\u00e9n es aconsejable no quedarse en la recogida de esos datos sino establecer metas y generar <strong>equipos de trabajo<\/strong> para la consecuci\u00f3n de los objetivos.<\/p>\n<p><img loading=\"lazy\" decoding=\"async\" class=\"aligncenter size-full wp-image-40701\" src=\"https:\/\/empresas.infoempleo.com\/hrtrends\/media\/2022\/07\/Excelencia-en-empresa-con-el-modelo-Malcolm-Baldrige.jpg\" alt=\"Excelencia en empresa con el modelo Malcolm Baldrige\" width=\"800\" height=\"544\" srcset=\"https:\/\/empresas.infoempleo.com\/hrtrends\/media\/2022\/07\/Excelencia-en-empresa-con-el-modelo-Malcolm-Baldrige.jpg 800w, https:\/\/empresas.infoempleo.com\/hrtrends\/media\/2022\/07\/Excelencia-en-empresa-con-el-modelo-Malcolm-Baldrige-300x204.jpg 300w, https:\/\/empresas.infoempleo.com\/hrtrends\/media\/2022\/07\/Excelencia-en-empresa-con-el-modelo-Malcolm-Baldrige-768x522.jpg 768w\" sizes=\"auto, (max-width: 800px) 100vw, 800px\" \/><\/p>\n<h2>Indicadores de calidad<\/h2>\n<p>El <strong>modelo Malcolm Baldrige <\/strong>se utiliza para la reconversi\u00f3n de manera estrat\u00e9gica de las organizaciones. Han dise\u00f1ado <strong>premios<\/strong> para las empresas que alcancen altos est\u00e1ndares de calidad y excelencia. Para ello, es necesario evaluar los <strong>indicadores<\/strong> propuestos y aplicar la metodolog\u00eda se\u00f1alada en esos 7 apartados:<\/p>\n<ul>\n<li><a href=\"https:\/\/empresas.infoempleo.com\/hrtrends\/tres-lecciones-que-aprenderas-de-grandes-lideres-empresariales\/\" target=\"_blank\" rel=\"noopener\">Liderazgo<\/a>.<\/li>\n<li>Planificaci\u00f3n estrat\u00e9gica.<\/li>\n<li>Enfoque en clientes y mercado.<\/li>\n<li>Informaci\u00f3n y an\u00e1lisis.<\/li>\n<li>Enfoque en recursos humanos.<\/li>\n<li>Gesti\u00f3n de procesos.<\/li>\n<li>Resultados de negocio.<\/li>\n<\/ul>\n<p>Estos <strong>indicadores<\/strong> deben permitir la generaci\u00f3n de datos que muestren <strong>tendencias a largo plazo favorables<\/strong> y las <strong>comparaciones<\/strong> pertinentes. Gracias a este modelo puedes analizar las \u00e1reas de mejora, las fortalezas y la puntuaci\u00f3n de <strong>resultados<\/strong> que te muestren hacia d\u00f3nde dirigir los siguientes pasos. El tiempo es limitado y los recursos humanos tambi\u00e9n, as\u00ed que acertar con d\u00f3nde poner la energ\u00eda puede marcar la diferencia en el sector. Algunos <strong>ejemplos<\/strong> de indicadores son:<\/p>\n<ul>\n<li><strong>Productos y procesos<\/strong>: mide los resultados de los costes de producci\u00f3n, por ejemplo.<\/li>\n<li>Orientaci\u00f3n hacia los <strong>clientes<\/strong>: mide, por ejemplo, la satisfacci\u00f3n y la fidelizaci\u00f3n.<\/li>\n<li>Orientaci\u00f3n hacia el <strong>personal<\/strong>: eval\u00faa el nivel de participaci\u00f3n y compromiso, por ejemplo.<\/li>\n<li><strong>Gobierno corporativo<\/strong>: analiza la reputaci\u00f3n y la percepci\u00f3n favorable de los liderazgos.<\/li>\n<li><strong>Financiero y de mercado<\/strong>: mide el ROI (Retorno sobre lo invertido), por ejemplo.<\/li>\n<\/ul>\n","protected":false},"excerpt":{"rendered":"<p>El modelo Malcom Baldrige se cre\u00f3 en los ochenta para competir con la excelencia de las medidas adoptadas<a class=\"moretag\" href=\"https:\/\/empresas.infoempleo.com\/hrtrends\/alcanza-la-excelencia-en-la-gestion-con-el-modelo-malcolm-baldrige\/\"> Leer m\u00e1s<\/a><\/p>\n","protected":false},"author":136,"featured_media":40702,"comment_status":"closed","ping_status":"closed","sticky":false,"template":"","format":"standard","meta":{"footnotes":""},"categories":[3],"tags":[3254,198,282],"class_list":["post-40700","post","type-post","status-publish","format-standard","has-post-thumbnail","hentry","category-actualidad","tag-gestion-de-equipos","tag-innovacion","tag-productividad"],"yoast_head":"<!-- This site is optimized with the Yoast SEO plugin v26.1.1 - https:\/\/yoast.com\/wordpress\/plugins\/seo\/ -->\n<title>Modelo Malcom Baldrige para alcanzar la excelencia en la organizaci\u00f3n<\/title>\n<meta name=\"description\" content=\"El modelo Malcom Baldrige se cre\u00f3 en los ochenta para competir con la excelencia de las medidas adoptadas por empresas japonesas.\" \/>\n<meta name=\"robots\" content=\"index, follow, max-snippet:-1, max-image-preview:large, max-video-preview:-1\" \/>\n<link rel=\"canonical\" href=\"https:\/\/empresas.infoempleo.com\/hrtrends\/alcanza-la-excelencia-en-la-gestion-con-el-modelo-malcolm-baldrige\/\" \/>\n<meta property=\"og:locale\" content=\"es_ES\" \/>\n<meta property=\"og:type\" content=\"article\" \/>\n<meta property=\"og:title\" content=\"Modelo Malcom Baldrige para alcanzar la excelencia en la organizaci\u00f3n\" \/>\n<meta property=\"og:description\" content=\"El modelo Malcom Baldrige se cre\u00f3 en los ochenta para competir con la excelencia de las medidas adoptadas por empresas japonesas.\" \/>\n<meta property=\"og:url\" content=\"https:\/\/empresas.infoempleo.com\/hrtrends\/alcanza-la-excelencia-en-la-gestion-con-el-modelo-malcolm-baldrige\/\" \/>\n<meta property=\"og:site_name\" content=\"HRTRENDS\" \/>\n<meta property=\"article:publisher\" content=\"https:\/\/www.facebook.com\/Infoempleo\" \/>\n<meta property=\"article:published_time\" content=\"2022-07-26T05:30:32+00:00\" \/>\n<meta property=\"og:image\" content=\"https:\/\/empresas.infoempleo.com\/hrtrends\/media\/2022\/07\/Empresa-que-integra-el-modelo-Malcolm-Baldrige.jpg\" \/>\n\t<meta property=\"og:image:width\" content=\"881\" \/>\n\t<meta property=\"og:image:height\" content=\"588\" \/>\n\t<meta property=\"og:image:type\" content=\"image\/jpeg\" \/>\n<meta name=\"author\" content=\"Raquel Hern\u00e1ndez\" \/>\n<meta name=\"twitter:card\" content=\"summary_large_image\" \/>\n<meta name=\"twitter:creator\" content=\"@infoempleo\" \/>\n<meta name=\"twitter:site\" content=\"@infoempleo\" \/>\n<meta name=\"twitter:label1\" content=\"Escrito por\" \/>\n\t<meta name=\"twitter:data1\" content=\"Raquel Hern\u00e1ndez\" \/>\n\t<meta name=\"twitter:label2\" content=\"Tiempo de lectura\" \/>\n\t<meta name=\"twitter:data2\" content=\"3 minutos\" \/>\n<script type=\"application\/ld+json\" class=\"yoast-schema-graph\">{\"@context\":\"https:\/\/schema.org\",\"@graph\":[{\"@type\":\"NewsArticle\",\"@id\":\"https:\/\/empresas.infoempleo.com\/hrtrends\/alcanza-la-excelencia-en-la-gestion-con-el-modelo-malcolm-baldrige\/#article\",\"isPartOf\":{\"@id\":\"https:\/\/empresas.infoempleo.com\/hrtrends\/alcanza-la-excelencia-en-la-gestion-con-el-modelo-malcolm-baldrige\/\"},\"author\":{\"name\":\"Raquel Hern\u00e1ndez\",\"@id\":\"https:\/\/empresas.infoempleo.com\/hrtrends\/#\/schema\/person\/fb2f949a1461ff0e9e15996d82d3a787\"},\"headline\":\"Alcanza la excelencia en la gesti\u00f3n con el modelo Malcolm Baldrige\",\"datePublished\":\"2022-07-26T05:30:32+00:00\",\"mainEntityOfPage\":{\"@id\":\"https:\/\/empresas.infoempleo.com\/hrtrends\/alcanza-la-excelencia-en-la-gestion-con-el-modelo-malcolm-baldrige\/\"},\"wordCount\":568,\"publisher\":{\"@id\":\"https:\/\/empresas.infoempleo.com\/hrtrends\/#organization\"},\"image\":{\"@id\":\"https:\/\/empresas.infoempleo.com\/hrtrends\/alcanza-la-excelencia-en-la-gestion-con-el-modelo-malcolm-baldrige\/#primaryimage\"},\"thumbnailUrl\":\"https:\/\/empresas.infoempleo.com\/hrtrends\/media\/2022\/07\/Empresa-que-integra-el-modelo-Malcolm-Baldrige.jpg\",\"keywords\":[\"gesti\u00f3n de equipos\",\"innovaci\u00f3n\",\"productividad\"],\"articleSection\":[\"Actualidad\"],\"inLanguage\":\"es\",\"copyrightYear\":\"2022\",\"copyrightHolder\":{\"@id\":\"https:\/\/empresas.infoempleo.com\/hrtrends\/#organization\"}},{\"@type\":\"WebPage\",\"@id\":\"https:\/\/empresas.infoempleo.com\/hrtrends\/alcanza-la-excelencia-en-la-gestion-con-el-modelo-malcolm-baldrige\/\",\"url\":\"https:\/\/empresas.infoempleo.com\/hrtrends\/alcanza-la-excelencia-en-la-gestion-con-el-modelo-malcolm-baldrige\/\",\"name\":\"Modelo Malcom Baldrige para alcanzar la excelencia en la organizaci\u00f3n\",\"isPartOf\":{\"@id\":\"https:\/\/empresas.infoempleo.com\/hrtrends\/#website\"},\"primaryImageOfPage\":{\"@id\":\"https:\/\/empresas.infoempleo.com\/hrtrends\/alcanza-la-excelencia-en-la-gestion-con-el-modelo-malcolm-baldrige\/#primaryimage\"},\"image\":{\"@id\":\"https:\/\/empresas.infoempleo.com\/hrtrends\/alcanza-la-excelencia-en-la-gestion-con-el-modelo-malcolm-baldrige\/#primaryimage\"},\"thumbnailUrl\":\"https:\/\/empresas.infoempleo.com\/hrtrends\/media\/2022\/07\/Empresa-que-integra-el-modelo-Malcolm-Baldrige.jpg\",\"datePublished\":\"2022-07-26T05:30:32+00:00\",\"description\":\"El modelo Malcom Baldrige se cre\u00f3 en los ochenta para competir con la excelencia de las medidas adoptadas por empresas japonesas.\",\"breadcrumb\":{\"@id\":\"https:\/\/empresas.infoempleo.com\/hrtrends\/alcanza-la-excelencia-en-la-gestion-con-el-modelo-malcolm-baldrige\/#breadcrumb\"},\"inLanguage\":\"es\",\"potentialAction\":[{\"@type\":\"ReadAction\",\"target\":[\"https:\/\/empresas.infoempleo.com\/hrtrends\/alcanza-la-excelencia-en-la-gestion-con-el-modelo-malcolm-baldrige\/\"]}]},{\"@type\":\"ImageObject\",\"inLanguage\":\"es\",\"@id\":\"https:\/\/empresas.infoempleo.com\/hrtrends\/alcanza-la-excelencia-en-la-gestion-con-el-modelo-malcolm-baldrige\/#primaryimage\",\"url\":\"https:\/\/empresas.infoempleo.com\/hrtrends\/media\/2022\/07\/Empresa-que-integra-el-modelo-Malcolm-Baldrige-150x150.jpg\",\"contentUrl\":\"https:\/\/empresas.infoempleo.com\/hrtrends\/media\/2022\/07\/Empresa-que-integra-el-modelo-Malcolm-Baldrige-150x150.jpg\",\"width\":150,\"height\":150,\"caption\":\"Empresa que integra el modelo Malcolm Baldrige\"},{\"@type\":\"BreadcrumbList\",\"@id\":\"https:\/\/empresas.infoempleo.com\/hrtrends\/alcanza-la-excelencia-en-la-gestion-con-el-modelo-malcolm-baldrige\/#breadcrumb\",\"itemListElement\":[{\"@type\":\"ListItem\",\"position\":1,\"name\":\"Portada\",\"item\":\"https:\/\/empresas.infoempleo.com\/hrtrends\/\"},{\"@type\":\"ListItem\",\"position\":2,\"name\":\"Alcanza la excelencia en la gesti\u00f3n con el modelo Malcolm Baldrige\"}]},{\"@type\":\"WebSite\",\"@id\":\"https:\/\/empresas.infoempleo.com\/hrtrends\/#website\",\"url\":\"https:\/\/empresas.infoempleo.com\/hrtrends\",\"name\":\"HRTrends by Infoempleo\",\"description\":\"\",\"publisher\":{\"@id\":\"https:\/\/empresas.infoempleo.com\/hrtrends\/#organization\"},\"potentialAction\":{\"@type\":\"SearchAction\",\"target\":\"https:\/\/empresas.infoempleo.com\/hrtrends\/?s={search_term_string}\",\"query-input\":\"required name=search_term_string\"},\"inLanguage\":\"es\"},{\"@type\":\"Organization\",\"@id\":\"https:\/\/empresas.infoempleo.com\/hrtrends\/#organization\",\"name\":\"Infoempleo\",\"url\":\"https:\/\/www.infoempleo.com\/\",\"logo\":{\"@type\":\"ImageObject\",\"@id\":\"https:\/\/empresas.infoempleo.com\/hrtrends\/#logo\",\"inLanguage\":\"es\",\"url\":\"https:\/\/cdnazure.infoempleo.com\/infoempleo\/assets\/style\/gfx\/logo.svg\",\"contentUrl\":\"https:\/\/cdnazure.infoempleo.com\/infoempleo\/assets\/style\/gfx\/logo.svg\",\"width\":150,\"height\":40,\"caption\":\"Infoempleo\"},\"image\":{\"@id\":\"https:\/\/empresas.infoempleo.com\/hrtrends\/#logo\"},\"sameAs\":[\"https:\/\/www.facebook.com\/Infoempleo\",\"https:\/\/x.com\/infoempleo\",\"http:\/\/instagram.com\/infoempleo\/\",\"http:\/\/www.linkedin.com\/groups\/Empleo-Espa\u00f1a-Infoempleocom-111276\",\"http:\/\/pinterest.com\/infoempleo\/\"],\"address\":{\"@type\":\"PostalAddress\",\"addressLocality\":\"Madrid\",\"postalCode\":\"28050\",\"streetAddress\":\"Avenida de Burgos 114\"},\"brand\":[\"Infoempleo\"]},{\"@type\":\"Person\",\"@id\":\"https:\/\/empresas.infoempleo.com\/hrtrends\/#\/schema\/person\/fb2f949a1461ff0e9e15996d82d3a787\",\"name\":\"Raquel Hern\u00e1ndez\",\"image\":{\"@type\":\"ImageObject\",\"inLanguage\":\"es\",\"@id\":\"https:\/\/empresas.infoempleo.com\/hrtrends\/#\/schema\/person\/image\/\",\"url\":\"https:\/\/secure.gravatar.com\/avatar\/4ccd374b24ab5eefd1b7681d8be968df221a577fa3ffa9dc4bb4b537645dc6a2?s=96&d=mm&r=g\",\"contentUrl\":\"https:\/\/secure.gravatar.com\/avatar\/4ccd374b24ab5eefd1b7681d8be968df221a577fa3ffa9dc4bb4b537645dc6a2?s=96&d=mm&r=g\",\"caption\":\"Raquel Hern\u00e1ndez\"},\"description\":\"M\u00e1ster en Filosof\u00eda Contempor\u00e1nea y Diploma Experto en Salud y G\u00e9nero. Extensa experiencia profesional como directora y productora de eventos culturales, especializada en el sector editorial. Lectora profesional y redactora de contenidos relacionados con el empleo, la innovaci\u00f3n y la educaci\u00f3n.\",\"url\":\"https:\/\/empresas.infoempleo.com\/hrtrends\/author\/raquel-hernandez\/\"}]}<\/script>\n<!-- \/ Yoast SEO plugin. -->","yoast_head_json":{"title":"Modelo Malcom Baldrige para alcanzar la excelencia en la organizaci\u00f3n","description":"El modelo Malcom Baldrige se cre\u00f3 en los ochenta para competir con la excelencia de las medidas adoptadas por empresas japonesas.","robots":{"index":"index","follow":"follow","max-snippet":"max-snippet:-1","max-image-preview":"max-image-preview:large","max-video-preview":"max-video-preview:-1"},"canonical":"https:\/\/empresas.infoempleo.com\/hrtrends\/alcanza-la-excelencia-en-la-gestion-con-el-modelo-malcolm-baldrige\/","og_locale":"es_ES","og_type":"article","og_title":"Modelo Malcom Baldrige para alcanzar la excelencia en la organizaci\u00f3n","og_description":"El modelo Malcom Baldrige se cre\u00f3 en los ochenta para competir con la excelencia de las medidas adoptadas por empresas japonesas.","og_url":"https:\/\/empresas.infoempleo.com\/hrtrends\/alcanza-la-excelencia-en-la-gestion-con-el-modelo-malcolm-baldrige\/","og_site_name":"HRTRENDS","article_publisher":"https:\/\/www.facebook.com\/Infoempleo","article_published_time":"2022-07-26T05:30:32+00:00","og_image":[{"width":881,"height":588,"url":"https:\/\/empresas.infoempleo.com\/hrtrends\/media\/2022\/07\/Empresa-que-integra-el-modelo-Malcolm-Baldrige.jpg","type":"image\/jpeg"}],"author":"Raquel Hern\u00e1ndez","twitter_card":"summary_large_image","twitter_creator":"@infoempleo","twitter_site":"@infoempleo","twitter_misc":{"Escrito por":"Raquel Hern\u00e1ndez","Tiempo de lectura":"3 minutos"},"schema":{"@context":"https:\/\/schema.org","@graph":[{"@type":"NewsArticle","@id":"https:\/\/empresas.infoempleo.com\/hrtrends\/alcanza-la-excelencia-en-la-gestion-con-el-modelo-malcolm-baldrige\/#article","isPartOf":{"@id":"https:\/\/empresas.infoempleo.com\/hrtrends\/alcanza-la-excelencia-en-la-gestion-con-el-modelo-malcolm-baldrige\/"},"author":{"name":"Raquel Hern\u00e1ndez","@id":"https:\/\/empresas.infoempleo.com\/hrtrends\/#\/schema\/person\/fb2f949a1461ff0e9e15996d82d3a787"},"headline":"Alcanza la excelencia en la gesti\u00f3n con el modelo Malcolm Baldrige","datePublished":"2022-07-26T05:30:32+00:00","mainEntityOfPage":{"@id":"https:\/\/empresas.infoempleo.com\/hrtrends\/alcanza-la-excelencia-en-la-gestion-con-el-modelo-malcolm-baldrige\/"},"wordCount":568,"publisher":{"@id":"https:\/\/empresas.infoempleo.com\/hrtrends\/#organization"},"image":{"@id":"https:\/\/empresas.infoempleo.com\/hrtrends\/alcanza-la-excelencia-en-la-gestion-con-el-modelo-malcolm-baldrige\/#primaryimage"},"thumbnailUrl":"https:\/\/empresas.infoempleo.com\/hrtrends\/media\/2022\/07\/Empresa-que-integra-el-modelo-Malcolm-Baldrige.jpg","keywords":["gesti\u00f3n de equipos","innovaci\u00f3n","productividad"],"articleSection":["Actualidad"],"inLanguage":"es","copyrightYear":"2022","copyrightHolder":{"@id":"https:\/\/empresas.infoempleo.com\/hrtrends\/#organization"}},{"@type":"WebPage","@id":"https:\/\/empresas.infoempleo.com\/hrtrends\/alcanza-la-excelencia-en-la-gestion-con-el-modelo-malcolm-baldrige\/","url":"https:\/\/empresas.infoempleo.com\/hrtrends\/alcanza-la-excelencia-en-la-gestion-con-el-modelo-malcolm-baldrige\/","name":"Modelo Malcom Baldrige para alcanzar la excelencia en la organizaci\u00f3n","isPartOf":{"@id":"https:\/\/empresas.infoempleo.com\/hrtrends\/#website"},"primaryImageOfPage":{"@id":"https:\/\/empresas.infoempleo.com\/hrtrends\/alcanza-la-excelencia-en-la-gestion-con-el-modelo-malcolm-baldrige\/#primaryimage"},"image":{"@id":"https:\/\/empresas.infoempleo.com\/hrtrends\/alcanza-la-excelencia-en-la-gestion-con-el-modelo-malcolm-baldrige\/#primaryimage"},"thumbnailUrl":"https:\/\/empresas.infoempleo.com\/hrtrends\/media\/2022\/07\/Empresa-que-integra-el-modelo-Malcolm-Baldrige.jpg","datePublished":"2022-07-26T05:30:32+00:00","description":"El modelo Malcom Baldrige se cre\u00f3 en los ochenta para competir con la excelencia de las medidas adoptadas por empresas japonesas.","breadcrumb":{"@id":"https:\/\/empresas.infoempleo.com\/hrtrends\/alcanza-la-excelencia-en-la-gestion-con-el-modelo-malcolm-baldrige\/#breadcrumb"},"inLanguage":"es","potentialAction":[{"@type":"ReadAction","target":["https:\/\/empresas.infoempleo.com\/hrtrends\/alcanza-la-excelencia-en-la-gestion-con-el-modelo-malcolm-baldrige\/"]}]},{"@type":"ImageObject","inLanguage":"es","@id":"https:\/\/empresas.infoempleo.com\/hrtrends\/alcanza-la-excelencia-en-la-gestion-con-el-modelo-malcolm-baldrige\/#primaryimage","url":"https:\/\/empresas.infoempleo.com\/hrtrends\/media\/2022\/07\/Empresa-que-integra-el-modelo-Malcolm-Baldrige-150x150.jpg","contentUrl":"https:\/\/empresas.infoempleo.com\/hrtrends\/media\/2022\/07\/Empresa-que-integra-el-modelo-Malcolm-Baldrige-150x150.jpg","width":150,"height":150,"caption":"Empresa que integra el modelo Malcolm Baldrige"},{"@type":"BreadcrumbList","@id":"https:\/\/empresas.infoempleo.com\/hrtrends\/alcanza-la-excelencia-en-la-gestion-con-el-modelo-malcolm-baldrige\/#breadcrumb","itemListElement":[{"@type":"ListItem","position":1,"name":"Portada","item":"https:\/\/empresas.infoempleo.com\/hrtrends\/"},{"@type":"ListItem","position":2,"name":"Alcanza la excelencia en la gesti\u00f3n con el modelo Malcolm Baldrige"}]},{"@type":"WebSite","@id":"https:\/\/empresas.infoempleo.com\/hrtrends\/#website","url":"https:\/\/empresas.infoempleo.com\/hrtrends","name":"HRTrends by Infoempleo","description":"","publisher":{"@id":"https:\/\/empresas.infoempleo.com\/hrtrends\/#organization"},"potentialAction":{"@type":"SearchAction","target":"https:\/\/empresas.infoempleo.com\/hrtrends\/?s={search_term_string}","query-input":"required name=search_term_string"},"inLanguage":"es"},{"@type":"Organization","@id":"https:\/\/empresas.infoempleo.com\/hrtrends\/#organization","name":"Infoempleo","url":"https:\/\/www.infoempleo.com\/","logo":{"@type":"ImageObject","@id":"https:\/\/empresas.infoempleo.com\/hrtrends\/#logo","inLanguage":"es","url":"https:\/\/cdnazure.infoempleo.com\/infoempleo\/assets\/style\/gfx\/logo.svg","contentUrl":"https:\/\/cdnazure.infoempleo.com\/infoempleo\/assets\/style\/gfx\/logo.svg","width":150,"height":40,"caption":"Infoempleo"},"image":{"@id":"https:\/\/empresas.infoempleo.com\/hrtrends\/#logo"},"sameAs":["https:\/\/www.facebook.com\/Infoempleo","https:\/\/x.com\/infoempleo","http:\/\/instagram.com\/infoempleo\/","http:\/\/www.linkedin.com\/groups\/Empleo-Espa\u00f1a-Infoempleocom-111276","http:\/\/pinterest.com\/infoempleo\/"],"address":{"@type":"PostalAddress","addressLocality":"Madrid","postalCode":"28050","streetAddress":"Avenida de Burgos 114"},"brand":["Infoempleo"]},{"@type":"Person","@id":"https:\/\/empresas.infoempleo.com\/hrtrends\/#\/schema\/person\/fb2f949a1461ff0e9e15996d82d3a787","name":"Raquel Hern\u00e1ndez","image":{"@type":"ImageObject","inLanguage":"es","@id":"https:\/\/empresas.infoempleo.com\/hrtrends\/#\/schema\/person\/image\/","url":"https:\/\/secure.gravatar.com\/avatar\/4ccd374b24ab5eefd1b7681d8be968df221a577fa3ffa9dc4bb4b537645dc6a2?s=96&d=mm&r=g","contentUrl":"https:\/\/secure.gravatar.com\/avatar\/4ccd374b24ab5eefd1b7681d8be968df221a577fa3ffa9dc4bb4b537645dc6a2?s=96&d=mm&r=g","caption":"Raquel Hern\u00e1ndez"},"description":"M\u00e1ster en Filosof\u00eda Contempor\u00e1nea y Diploma Experto en Salud y G\u00e9nero. Extensa experiencia profesional como directora y productora de eventos culturales, especializada en el sector editorial. Lectora profesional y redactora de contenidos relacionados con el empleo, la innovaci\u00f3n y la educaci\u00f3n.","url":"https:\/\/empresas.infoempleo.com\/hrtrends\/author\/raquel-hernandez\/"}]}},"amp_enabled":true,"_links":{"self":[{"href":"https:\/\/empresas.infoempleo.com\/hrtrends\/wp-json\/wp\/v2\/posts\/40700","targetHints":{"allow":["GET"]}}],"collection":[{"href":"https:\/\/empresas.infoempleo.com\/hrtrends\/wp-json\/wp\/v2\/posts"}],"about":[{"href":"https:\/\/empresas.infoempleo.com\/hrtrends\/wp-json\/wp\/v2\/types\/post"}],"author":[{"embeddable":true,"href":"https:\/\/empresas.infoempleo.com\/hrtrends\/wp-json\/wp\/v2\/users\/136"}],"replies":[{"embeddable":true,"href":"https:\/\/empresas.infoempleo.com\/hrtrends\/wp-json\/wp\/v2\/comments?post=40700"}],"version-history":[{"count":1,"href":"https:\/\/empresas.infoempleo.com\/hrtrends\/wp-json\/wp\/v2\/posts\/40700\/revisions"}],"predecessor-version":[{"id":40703,"href":"https:\/\/empresas.infoempleo.com\/hrtrends\/wp-json\/wp\/v2\/posts\/40700\/revisions\/40703"}],"wp:featuredmedia":[{"embeddable":true,"href":"https:\/\/empresas.infoempleo.com\/hrtrends\/wp-json\/wp\/v2\/media\/40702"}],"wp:attachment":[{"href":"https:\/\/empresas.infoempleo.com\/hrtrends\/wp-json\/wp\/v2\/media?parent=40700"}],"wp:term":[{"taxonomy":"category","embeddable":true,"href":"https:\/\/empresas.infoempleo.com\/hrtrends\/wp-json\/wp\/v2\/categories?post=40700"},{"taxonomy":"post_tag","embeddable":true,"href":"https:\/\/empresas.infoempleo.com\/hrtrends\/wp-json\/wp\/v2\/tags?post=40700"}],"curies":[{"name":"wp","href":"https:\/\/api.w.org\/{rel}","templated":true}]}}