{"id":40384,"date":"2022-05-23T07:30:30","date_gmt":"2022-05-23T05:30:30","guid":{"rendered":"https:\/\/empresas.infoempleo.com\/hrtrends\/?p=40384"},"modified":"2022-05-20T15:45:29","modified_gmt":"2022-05-20T13:45:29","slug":"claves-del-contrato-a-distancia","status":"publish","type":"post","link":"https:\/\/empresas.infoempleo.com\/hrtrends\/claves-del-contrato-a-distancia\/","title":{"rendered":"El Contrato a Distancia: principales puntos que hay que tener en cuenta"},"content":{"rendered":"<p>El <strong>Contrato a Distancia<\/strong> formaliza las <strong>condiciones laborales<\/strong> del personal que teletrabaja. Muchas empresas han adoptado esta modalidad de <strong>teletrabajo<\/strong> o la del <strong>trabajo h\u00edbrido,<\/strong> modificando el acuerdo con los trabajadores de la plantilla o debiendo realizar estos contratos con las nuevas incorporaciones. Entre las <strong>condiciones<\/strong> que debe cumplir este documento destaca que sea <strong>por escrito<\/strong>, antes de comenzar en remoto y garantizando la <strong>provisi\u00f3n de los dispositivos<\/strong> y el <strong>mobiliario necesario.<\/strong><\/p>\n<h2>Requisitos del Contrato a Distancia para teletrabajar<\/h2>\n<p>A pesar de ser un documento <strong>firmado en remoto<\/strong>, deber\u00e1 hacerse por <strong>escrito<\/strong>, pudiendo incorporarse al contrato de trabajo inicial. Seg\u00fan la ley que lo regula, deber\u00eda formalizarse antes de comenzar el trabajo a distancia. La empresa tiene que comunicar a la representaci\u00f3n legal de las personas trabajadoras este nuevo contrato y en su defecto, remitirlo a la oficina de empleo. La <strong>comunicaci\u00f3n al SEPE<\/strong> se realiza a trav\u00e9s de Contrat@ en la opci\u00f3n \u201c<strong>Acuerdo de Trabajo a Distancia<\/strong>\u201d.<\/p>\n<p>La <strong>obligatoriedad<\/strong> de realizar el contrato para los empleados que est\u00e9n teletrabajando var\u00eda en funci\u00f3n de los <strong>convenios<\/strong> y la <strong>negociaci\u00f3n colectiva<\/strong>. Como norma general, deber\u00eda haberse aplicado a los 3 meses de la <strong>ley 10\/2021, de 9 de julio<\/strong>. Pero los departamentos de recursos humanos ten\u00edan margen hasta 3 a\u00f1os. Sin embargo, si el trabajador est\u00e1 teletrabajando por la COVID-19, se sigue aplicando la normativa laboral ordinaria. Aunque la organizaci\u00f3n s\u00ed que deba proporcionar el equipo necesario para poder realizar sus tareas.<\/p>\n<p>A pesar de implantarse el modelo total de teletrabajo, es recomendable fomentar alguna <strong>interacci\u00f3n presencial<\/strong> o negociar una jornada h\u00edbrida. As\u00ed se busca evitar las consecuencias negativas y el <strong>impacto<\/strong> en la salud mental de los trabajadores por el <strong>aislamiento<\/strong>. Adem\u00e1s la compa\u00f1\u00eda debe adaptar y garantizar los <strong>derechos laborales <\/strong>en estos <strong>entornos digitales<\/strong> como la protecci\u00f3n de datos, confidencialidad, derecho a la intimidad y derecho a la propia imagen. Pero a su vez, es necesario que los departamentos de recursos humanos puedan <a href=\"https:\/\/empresas.infoempleo.com\/hrtrends\/seguimiento-del-trabajo-hibrido-como-llevar-el-control-de-las-jornadas-mixtas\/\" target=\"_blank\" rel=\"noopener\"><strong>controlar el desempe\u00f1o<\/strong><\/a> de la plantilla. El objetivo que debe quedar reflejado en el contrato a distancia es salvaguardar el equilibrio entre la capacidad organizativa de la empresa y la libertad e intimidad de los trabajadores.<\/p>\n<p><img loading=\"lazy\" decoding=\"async\" class=\"aligncenter wp-image-40385 size-full\" title=\"Contrato de Trabajo a Distancia, requisitos y modelos\" src=\"https:\/\/empresas.infoempleo.com\/hrtrends\/media\/2022\/05\/Contrato-de-teletrabajo.jpg\" alt=\"Contrato de Trabajo a Distancia, requisitos y modelos\" width=\"800\" height=\"539\" srcset=\"https:\/\/empresas.infoempleo.com\/hrtrends\/media\/2022\/05\/Contrato-de-teletrabajo.jpg 800w, https:\/\/empresas.infoempleo.com\/hrtrends\/media\/2022\/05\/Contrato-de-teletrabajo-300x202.jpg 300w, https:\/\/empresas.infoempleo.com\/hrtrends\/media\/2022\/05\/Contrato-de-teletrabajo-768x517.jpg 768w\" sizes=\"auto, (max-width: 800px) 100vw, 800px\" \/><\/p>\n<h2>\u00bfQu\u00e9 derechos se reconocen a las personas trabajadoras a distancia?<\/h2>\n<p>Aunque ser\u00e1 el <strong>convenio colectivo<\/strong> el que determine los puntos que deben aparecer en el Contrato a Distancia, algunos de estos <strong>derechos<\/strong> vienen recogidos como <strong>m\u00ednimos en la ley<\/strong>, en paralelo a otras formalizaciones contractuales:<\/p>\n<ul>\n<li><strong>Identificaci\u00f3n de los puestos de trabajo y de las<\/strong> <strong>funciones<\/strong> que conlleva el trabajo a distancia.<\/li>\n<li><strong>Detalle de las<\/strong> <strong>condiciones de acceso<\/strong> y desarrollo de la actividad laboral en remoto.<\/li>\n<li><strong>Derecho a la<\/strong> <a href=\"https:\/\/empresas.infoempleo.com\/hrtrends\/transparencia-en-el-seguimiento-digital-para-mejorar-el-liderazgo\/\" target=\"_blank\" rel=\"noopener\"><strong>desconexi\u00f3n<\/strong><\/a> y duraci\u00f3n m\u00e1xima del trabajo a distancia.<\/li>\n<li><strong>Dotaci\u00f3n de los materiales necesarios<\/strong> para cumplir con sus tareas, como ordenador, impresora, c\u00e1mara o mobiliario. Adem\u00e1s del compromiso de la compa\u00f1\u00eda para su mantenimiento.<\/li>\n<li><strong>Flexibilidad<\/strong> <strong>en los horarios,<\/strong> que regular\u00e1 la negociaci\u00f3n colectiva. Aunque deben quedar registrados como m\u00ednimo la hora de inicio y la hora de finalizaci\u00f3n de la jornada.<\/li>\n<\/ul>\n","protected":false},"excerpt":{"rendered":"<p>El Contrato a Distancia formaliza las condiciones laborales del personal que teletrabaja. Muchas empresas han adoptado esta modalidad<a class=\"moretag\" href=\"https:\/\/empresas.infoempleo.com\/hrtrends\/claves-del-contrato-a-distancia\/\"> Leer m\u00e1s<\/a><\/p>\n","protected":false},"author":136,"featured_media":40391,"comment_status":"closed","ping_status":"closed","sticky":false,"template":"","format":"standard","meta":{"footnotes":""},"categories":[3035],"tags":[783,3523,3524],"class_list":["post-40384","post","type-post","status-publish","format-standard","has-post-thumbnail","hentry","category-consejos","tag-contratos","tag-ley-de-teletrabajo","tag-trabajo-a-distancia"],"yoast_head":"<!-- This site is optimized with the Yoast SEO plugin v26.1.1 - https:\/\/yoast.com\/wordpress\/plugins\/seo\/ -->\n<title>Contrato a distancia: principales claves a tener en cuenta<\/title>\n<meta name=\"description\" content=\"El Contrato a Distancia formaliza las condiciones laborales del personal que teletrabaja. \u00bfQu\u00e9 derechos reconoce la Ley de Teletrabajo?\" \/>\n<meta name=\"robots\" content=\"index, follow, max-snippet:-1, max-image-preview:large, max-video-preview:-1\" \/>\n<link rel=\"canonical\" href=\"https:\/\/empresas.infoempleo.com\/hrtrends\/claves-del-contrato-a-distancia\/\" \/>\n<meta property=\"og:locale\" content=\"es_ES\" \/>\n<meta property=\"og:type\" content=\"article\" \/>\n<meta property=\"og:title\" content=\"Contrato a distancia: principales claves a tener en cuenta\" \/>\n<meta property=\"og:description\" content=\"El Contrato a Distancia formaliza las condiciones laborales del personal que teletrabaja. \u00bfQu\u00e9 derechos reconoce la Ley de Teletrabajo?\" \/>\n<meta property=\"og:url\" content=\"https:\/\/empresas.infoempleo.com\/hrtrends\/claves-del-contrato-a-distancia\/\" \/>\n<meta property=\"og:site_name\" content=\"HRTRENDS\" \/>\n<meta property=\"article:publisher\" content=\"https:\/\/www.facebook.com\/Infoempleo\" \/>\n<meta property=\"article:published_time\" content=\"2022-05-23T05:30:30+00:00\" \/>\n<meta property=\"og:image\" content=\"https:\/\/empresas.infoempleo.com\/hrtrends\/media\/2022\/05\/Firma-de-un-contrato-de-trabajo-a-distancia.jpg\" \/>\n\t<meta property=\"og:image:width\" content=\"2121\" \/>\n\t<meta property=\"og:image:height\" content=\"1414\" \/>\n\t<meta property=\"og:image:type\" content=\"image\/jpeg\" \/>\n<meta name=\"author\" content=\"Raquel Hern\u00e1ndez\" \/>\n<meta name=\"twitter:card\" content=\"summary_large_image\" \/>\n<meta name=\"twitter:creator\" content=\"@infoempleo\" \/>\n<meta name=\"twitter:site\" content=\"@infoempleo\" \/>\n<meta name=\"twitter:label1\" content=\"Escrito por\" \/>\n\t<meta name=\"twitter:data1\" content=\"Raquel Hern\u00e1ndez\" \/>\n\t<meta name=\"twitter:label2\" content=\"Tiempo de lectura\" \/>\n\t<meta name=\"twitter:data2\" content=\"3 minutos\" \/>\n<script type=\"application\/ld+json\" class=\"yoast-schema-graph\">{\"@context\":\"https:\/\/schema.org\",\"@graph\":[{\"@type\":\"NewsArticle\",\"@id\":\"https:\/\/empresas.infoempleo.com\/hrtrends\/claves-del-contrato-a-distancia\/#article\",\"isPartOf\":{\"@id\":\"https:\/\/empresas.infoempleo.com\/hrtrends\/claves-del-contrato-a-distancia\/\"},\"author\":{\"name\":\"Raquel Hern\u00e1ndez\",\"@id\":\"https:\/\/empresas.infoempleo.com\/hrtrends\/#\/schema\/person\/fb2f949a1461ff0e9e15996d82d3a787\"},\"headline\":\"El Contrato a Distancia: principales puntos que hay que tener en cuenta\",\"datePublished\":\"2022-05-23T05:30:30+00:00\",\"mainEntityOfPage\":{\"@id\":\"https:\/\/empresas.infoempleo.com\/hrtrends\/claves-del-contrato-a-distancia\/\"},\"wordCount\":540,\"publisher\":{\"@id\":\"https:\/\/empresas.infoempleo.com\/hrtrends\/#organization\"},\"image\":{\"@id\":\"https:\/\/empresas.infoempleo.com\/hrtrends\/claves-del-contrato-a-distancia\/#primaryimage\"},\"thumbnailUrl\":\"https:\/\/empresas.infoempleo.com\/hrtrends\/media\/2022\/05\/Firma-de-un-contrato-de-trabajo-a-distancia.jpg\",\"keywords\":[\"contratos\",\"ley de teletrabajo\",\"trabajo a distancia\"],\"articleSection\":[\"Consejos\"],\"inLanguage\":\"es\",\"copyrightYear\":\"2022\",\"copyrightHolder\":{\"@id\":\"https:\/\/empresas.infoempleo.com\/hrtrends\/#organization\"}},{\"@type\":\"WebPage\",\"@id\":\"https:\/\/empresas.infoempleo.com\/hrtrends\/claves-del-contrato-a-distancia\/\",\"url\":\"https:\/\/empresas.infoempleo.com\/hrtrends\/claves-del-contrato-a-distancia\/\",\"name\":\"Contrato a distancia: principales claves a tener en cuenta\",\"isPartOf\":{\"@id\":\"https:\/\/empresas.infoempleo.com\/hrtrends\/#website\"},\"primaryImageOfPage\":{\"@id\":\"https:\/\/empresas.infoempleo.com\/hrtrends\/claves-del-contrato-a-distancia\/#primaryimage\"},\"image\":{\"@id\":\"https:\/\/empresas.infoempleo.com\/hrtrends\/claves-del-contrato-a-distancia\/#primaryimage\"},\"thumbnailUrl\":\"https:\/\/empresas.infoempleo.com\/hrtrends\/media\/2022\/05\/Firma-de-un-contrato-de-trabajo-a-distancia.jpg\",\"datePublished\":\"2022-05-23T05:30:30+00:00\",\"description\":\"El Contrato a Distancia formaliza las condiciones laborales del personal que teletrabaja. \u00bfQu\u00e9 derechos reconoce la Ley de Teletrabajo?\",\"breadcrumb\":{\"@id\":\"https:\/\/empresas.infoempleo.com\/hrtrends\/claves-del-contrato-a-distancia\/#breadcrumb\"},\"inLanguage\":\"es\",\"potentialAction\":[{\"@type\":\"ReadAction\",\"target\":[\"https:\/\/empresas.infoempleo.com\/hrtrends\/claves-del-contrato-a-distancia\/\"]}]},{\"@type\":\"ImageObject\",\"inLanguage\":\"es\",\"@id\":\"https:\/\/empresas.infoempleo.com\/hrtrends\/claves-del-contrato-a-distancia\/#primaryimage\",\"url\":\"https:\/\/empresas.infoempleo.com\/hrtrends\/media\/2022\/05\/Firma-de-un-contrato-de-trabajo-a-distancia-150x150.jpg\",\"contentUrl\":\"https:\/\/empresas.infoempleo.com\/hrtrends\/media\/2022\/05\/Firma-de-un-contrato-de-trabajo-a-distancia-150x150.jpg\",\"width\":150,\"height\":150,\"caption\":\"Firma de un Contrato de Trabajo a Distancia seg\u00fan la nueva Ley de Teletrabajo\"},{\"@type\":\"BreadcrumbList\",\"@id\":\"https:\/\/empresas.infoempleo.com\/hrtrends\/claves-del-contrato-a-distancia\/#breadcrumb\",\"itemListElement\":[{\"@type\":\"ListItem\",\"position\":1,\"name\":\"Portada\",\"item\":\"https:\/\/empresas.infoempleo.com\/hrtrends\/\"},{\"@type\":\"ListItem\",\"position\":2,\"name\":\"El Contrato a Distancia: principales puntos que hay que tener en cuenta\"}]},{\"@type\":\"WebSite\",\"@id\":\"https:\/\/empresas.infoempleo.com\/hrtrends\/#website\",\"url\":\"https:\/\/empresas.infoempleo.com\/hrtrends\",\"name\":\"HRTrends by Infoempleo\",\"description\":\"\",\"publisher\":{\"@id\":\"https:\/\/empresas.infoempleo.com\/hrtrends\/#organization\"},\"potentialAction\":{\"@type\":\"SearchAction\",\"target\":\"https:\/\/empresas.infoempleo.com\/hrtrends\/?s={search_term_string}\",\"query-input\":\"required name=search_term_string\"},\"inLanguage\":\"es\"},{\"@type\":\"Organization\",\"@id\":\"https:\/\/empresas.infoempleo.com\/hrtrends\/#organization\",\"name\":\"Infoempleo\",\"url\":\"https:\/\/www.infoempleo.com\/\",\"logo\":{\"@type\":\"ImageObject\",\"@id\":\"https:\/\/empresas.infoempleo.com\/hrtrends\/#logo\",\"inLanguage\":\"es\",\"url\":\"https:\/\/cdnazure.infoempleo.com\/infoempleo\/assets\/style\/gfx\/logo.svg\",\"contentUrl\":\"https:\/\/cdnazure.infoempleo.com\/infoempleo\/assets\/style\/gfx\/logo.svg\",\"width\":150,\"height\":40,\"caption\":\"Infoempleo\"},\"image\":{\"@id\":\"https:\/\/empresas.infoempleo.com\/hrtrends\/#logo\"},\"sameAs\":[\"https:\/\/www.facebook.com\/Infoempleo\",\"https:\/\/x.com\/infoempleo\",\"http:\/\/instagram.com\/infoempleo\/\",\"http:\/\/www.linkedin.com\/groups\/Empleo-Espa\u00f1a-Infoempleocom-111276\",\"http:\/\/pinterest.com\/infoempleo\/\"],\"address\":{\"@type\":\"PostalAddress\",\"addressLocality\":\"Madrid\",\"postalCode\":\"28050\",\"streetAddress\":\"Avenida de Burgos 114\"},\"brand\":[\"Infoempleo\"]},{\"@type\":\"Person\",\"@id\":\"https:\/\/empresas.infoempleo.com\/hrtrends\/#\/schema\/person\/fb2f949a1461ff0e9e15996d82d3a787\",\"name\":\"Raquel Hern\u00e1ndez\",\"image\":{\"@type\":\"ImageObject\",\"inLanguage\":\"es\",\"@id\":\"https:\/\/empresas.infoempleo.com\/hrtrends\/#\/schema\/person\/image\/\",\"url\":\"https:\/\/secure.gravatar.com\/avatar\/4ccd374b24ab5eefd1b7681d8be968df221a577fa3ffa9dc4bb4b537645dc6a2?s=96&d=mm&r=g\",\"contentUrl\":\"https:\/\/secure.gravatar.com\/avatar\/4ccd374b24ab5eefd1b7681d8be968df221a577fa3ffa9dc4bb4b537645dc6a2?s=96&d=mm&r=g\",\"caption\":\"Raquel Hern\u00e1ndez\"},\"description\":\"M\u00e1ster en Filosof\u00eda Contempor\u00e1nea y Diploma Experto en Salud y G\u00e9nero. Extensa experiencia profesional como directora y productora de eventos culturales, especializada en el sector editorial. Lectora profesional y redactora de contenidos relacionados con el empleo, la innovaci\u00f3n y la educaci\u00f3n.\",\"url\":\"https:\/\/empresas.infoempleo.com\/hrtrends\/author\/raquel-hernandez\/\"}]}<\/script>\n<!-- \/ Yoast SEO plugin. -->","yoast_head_json":{"title":"Contrato a distancia: principales claves a tener en cuenta","description":"El Contrato a Distancia formaliza las condiciones laborales del personal que teletrabaja. \u00bfQu\u00e9 derechos reconoce la Ley de Teletrabajo?","robots":{"index":"index","follow":"follow","max-snippet":"max-snippet:-1","max-image-preview":"max-image-preview:large","max-video-preview":"max-video-preview:-1"},"canonical":"https:\/\/empresas.infoempleo.com\/hrtrends\/claves-del-contrato-a-distancia\/","og_locale":"es_ES","og_type":"article","og_title":"Contrato a distancia: principales claves a tener en cuenta","og_description":"El Contrato a Distancia formaliza las condiciones laborales del personal que teletrabaja. \u00bfQu\u00e9 derechos reconoce la Ley de Teletrabajo?","og_url":"https:\/\/empresas.infoempleo.com\/hrtrends\/claves-del-contrato-a-distancia\/","og_site_name":"HRTRENDS","article_publisher":"https:\/\/www.facebook.com\/Infoempleo","article_published_time":"2022-05-23T05:30:30+00:00","og_image":[{"width":2121,"height":1414,"url":"https:\/\/empresas.infoempleo.com\/hrtrends\/media\/2022\/05\/Firma-de-un-contrato-de-trabajo-a-distancia.jpg","type":"image\/jpeg"}],"author":"Raquel Hern\u00e1ndez","twitter_card":"summary_large_image","twitter_creator":"@infoempleo","twitter_site":"@infoempleo","twitter_misc":{"Escrito por":"Raquel Hern\u00e1ndez","Tiempo de lectura":"3 minutos"},"schema":{"@context":"https:\/\/schema.org","@graph":[{"@type":"NewsArticle","@id":"https:\/\/empresas.infoempleo.com\/hrtrends\/claves-del-contrato-a-distancia\/#article","isPartOf":{"@id":"https:\/\/empresas.infoempleo.com\/hrtrends\/claves-del-contrato-a-distancia\/"},"author":{"name":"Raquel Hern\u00e1ndez","@id":"https:\/\/empresas.infoempleo.com\/hrtrends\/#\/schema\/person\/fb2f949a1461ff0e9e15996d82d3a787"},"headline":"El Contrato a Distancia: principales puntos que hay que tener en cuenta","datePublished":"2022-05-23T05:30:30+00:00","mainEntityOfPage":{"@id":"https:\/\/empresas.infoempleo.com\/hrtrends\/claves-del-contrato-a-distancia\/"},"wordCount":540,"publisher":{"@id":"https:\/\/empresas.infoempleo.com\/hrtrends\/#organization"},"image":{"@id":"https:\/\/empresas.infoempleo.com\/hrtrends\/claves-del-contrato-a-distancia\/#primaryimage"},"thumbnailUrl":"https:\/\/empresas.infoempleo.com\/hrtrends\/media\/2022\/05\/Firma-de-un-contrato-de-trabajo-a-distancia.jpg","keywords":["contratos","ley de teletrabajo","trabajo a distancia"],"articleSection":["Consejos"],"inLanguage":"es","copyrightYear":"2022","copyrightHolder":{"@id":"https:\/\/empresas.infoempleo.com\/hrtrends\/#organization"}},{"@type":"WebPage","@id":"https:\/\/empresas.infoempleo.com\/hrtrends\/claves-del-contrato-a-distancia\/","url":"https:\/\/empresas.infoempleo.com\/hrtrends\/claves-del-contrato-a-distancia\/","name":"Contrato a distancia: principales claves a tener en cuenta","isPartOf":{"@id":"https:\/\/empresas.infoempleo.com\/hrtrends\/#website"},"primaryImageOfPage":{"@id":"https:\/\/empresas.infoempleo.com\/hrtrends\/claves-del-contrato-a-distancia\/#primaryimage"},"image":{"@id":"https:\/\/empresas.infoempleo.com\/hrtrends\/claves-del-contrato-a-distancia\/#primaryimage"},"thumbnailUrl":"https:\/\/empresas.infoempleo.com\/hrtrends\/media\/2022\/05\/Firma-de-un-contrato-de-trabajo-a-distancia.jpg","datePublished":"2022-05-23T05:30:30+00:00","description":"El Contrato a Distancia formaliza las condiciones laborales del personal que teletrabaja. \u00bfQu\u00e9 derechos reconoce la Ley de Teletrabajo?","breadcrumb":{"@id":"https:\/\/empresas.infoempleo.com\/hrtrends\/claves-del-contrato-a-distancia\/#breadcrumb"},"inLanguage":"es","potentialAction":[{"@type":"ReadAction","target":["https:\/\/empresas.infoempleo.com\/hrtrends\/claves-del-contrato-a-distancia\/"]}]},{"@type":"ImageObject","inLanguage":"es","@id":"https:\/\/empresas.infoempleo.com\/hrtrends\/claves-del-contrato-a-distancia\/#primaryimage","url":"https:\/\/empresas.infoempleo.com\/hrtrends\/media\/2022\/05\/Firma-de-un-contrato-de-trabajo-a-distancia-150x150.jpg","contentUrl":"https:\/\/empresas.infoempleo.com\/hrtrends\/media\/2022\/05\/Firma-de-un-contrato-de-trabajo-a-distancia-150x150.jpg","width":150,"height":150,"caption":"Firma de un Contrato de Trabajo a Distancia seg\u00fan la nueva Ley de Teletrabajo"},{"@type":"BreadcrumbList","@id":"https:\/\/empresas.infoempleo.com\/hrtrends\/claves-del-contrato-a-distancia\/#breadcrumb","itemListElement":[{"@type":"ListItem","position":1,"name":"Portada","item":"https:\/\/empresas.infoempleo.com\/hrtrends\/"},{"@type":"ListItem","position":2,"name":"El Contrato a Distancia: principales puntos que hay que tener en cuenta"}]},{"@type":"WebSite","@id":"https:\/\/empresas.infoempleo.com\/hrtrends\/#website","url":"https:\/\/empresas.infoempleo.com\/hrtrends","name":"HRTrends by Infoempleo","description":"","publisher":{"@id":"https:\/\/empresas.infoempleo.com\/hrtrends\/#organization"},"potentialAction":{"@type":"SearchAction","target":"https:\/\/empresas.infoempleo.com\/hrtrends\/?s={search_term_string}","query-input":"required name=search_term_string"},"inLanguage":"es"},{"@type":"Organization","@id":"https:\/\/empresas.infoempleo.com\/hrtrends\/#organization","name":"Infoempleo","url":"https:\/\/www.infoempleo.com\/","logo":{"@type":"ImageObject","@id":"https:\/\/empresas.infoempleo.com\/hrtrends\/#logo","inLanguage":"es","url":"https:\/\/cdnazure.infoempleo.com\/infoempleo\/assets\/style\/gfx\/logo.svg","contentUrl":"https:\/\/cdnazure.infoempleo.com\/infoempleo\/assets\/style\/gfx\/logo.svg","width":150,"height":40,"caption":"Infoempleo"},"image":{"@id":"https:\/\/empresas.infoempleo.com\/hrtrends\/#logo"},"sameAs":["https:\/\/www.facebook.com\/Infoempleo","https:\/\/x.com\/infoempleo","http:\/\/instagram.com\/infoempleo\/","http:\/\/www.linkedin.com\/groups\/Empleo-Espa\u00f1a-Infoempleocom-111276","http:\/\/pinterest.com\/infoempleo\/"],"address":{"@type":"PostalAddress","addressLocality":"Madrid","postalCode":"28050","streetAddress":"Avenida de Burgos 114"},"brand":["Infoempleo"]},{"@type":"Person","@id":"https:\/\/empresas.infoempleo.com\/hrtrends\/#\/schema\/person\/fb2f949a1461ff0e9e15996d82d3a787","name":"Raquel Hern\u00e1ndez","image":{"@type":"ImageObject","inLanguage":"es","@id":"https:\/\/empresas.infoempleo.com\/hrtrends\/#\/schema\/person\/image\/","url":"https:\/\/secure.gravatar.com\/avatar\/4ccd374b24ab5eefd1b7681d8be968df221a577fa3ffa9dc4bb4b537645dc6a2?s=96&d=mm&r=g","contentUrl":"https:\/\/secure.gravatar.com\/avatar\/4ccd374b24ab5eefd1b7681d8be968df221a577fa3ffa9dc4bb4b537645dc6a2?s=96&d=mm&r=g","caption":"Raquel Hern\u00e1ndez"},"description":"M\u00e1ster en Filosof\u00eda Contempor\u00e1nea y Diploma Experto en Salud y G\u00e9nero. Extensa experiencia profesional como directora y productora de eventos culturales, especializada en el sector editorial. Lectora profesional y redactora de contenidos relacionados con el empleo, la innovaci\u00f3n y la educaci\u00f3n.","url":"https:\/\/empresas.infoempleo.com\/hrtrends\/author\/raquel-hernandez\/"}]}},"amp_enabled":true,"_links":{"self":[{"href":"https:\/\/empresas.infoempleo.com\/hrtrends\/wp-json\/wp\/v2\/posts\/40384","targetHints":{"allow":["GET"]}}],"collection":[{"href":"https:\/\/empresas.infoempleo.com\/hrtrends\/wp-json\/wp\/v2\/posts"}],"about":[{"href":"https:\/\/empresas.infoempleo.com\/hrtrends\/wp-json\/wp\/v2\/types\/post"}],"author":[{"embeddable":true,"href":"https:\/\/empresas.infoempleo.com\/hrtrends\/wp-json\/wp\/v2\/users\/136"}],"replies":[{"embeddable":true,"href":"https:\/\/empresas.infoempleo.com\/hrtrends\/wp-json\/wp\/v2\/comments?post=40384"}],"version-history":[{"count":4,"href":"https:\/\/empresas.infoempleo.com\/hrtrends\/wp-json\/wp\/v2\/posts\/40384\/revisions"}],"predecessor-version":[{"id":40388,"href":"https:\/\/empresas.infoempleo.com\/hrtrends\/wp-json\/wp\/v2\/posts\/40384\/revisions\/40388"}],"wp:featuredmedia":[{"embeddable":true,"href":"https:\/\/empresas.infoempleo.com\/hrtrends\/wp-json\/wp\/v2\/media\/40391"}],"wp:attachment":[{"href":"https:\/\/empresas.infoempleo.com\/hrtrends\/wp-json\/wp\/v2\/media?parent=40384"}],"wp:term":[{"taxonomy":"category","embeddable":true,"href":"https:\/\/empresas.infoempleo.com\/hrtrends\/wp-json\/wp\/v2\/categories?post=40384"},{"taxonomy":"post_tag","embeddable":true,"href":"https:\/\/empresas.infoempleo.com\/hrtrends\/wp-json\/wp\/v2\/tags?post=40384"}],"curies":[{"name":"wp","href":"https:\/\/api.w.org\/{rel}","templated":true}]}}