{"id":40281,"date":"2022-05-06T07:30:42","date_gmt":"2022-05-06T05:30:42","guid":{"rendered":"https:\/\/empresas.infoempleo.com\/hrtrends\/?p=40281"},"modified":"2022-05-03T18:14:45","modified_gmt":"2022-05-03T16:14:45","slug":"gestionar-las-vacaciones-de-los-trabajadores-que-hay-que-tener-en-cuenta","status":"publish","type":"post","link":"https:\/\/empresas.infoempleo.com\/hrtrends\/gestionar-las-vacaciones-de-los-trabajadores-que-hay-que-tener-en-cuenta\/","title":{"rendered":"Gestionar las vacaciones de los trabajadores, \u00bfQu\u00e9 hay que tener en cuenta?"},"content":{"rendered":"<p>En estas fechas los trabajadores quieren tener ya <strong>asignadas sus vacaciones<\/strong>. Las empresas que no lo hayan hecho, tienen que <strong>elaborar su calendario vacacional<\/strong>. Y\u00a0las que lo hayan determinado hace tiempo, han de <strong>revisarlo y ajustarlo,<\/strong> por si se han producido cambios importantes. Para <strong>gestionar las vacaciones<\/strong> tienes que <strong>tener en cuenta las<\/strong> <strong>necesidades<\/strong> de servicio de la temporada con menos trabajadores, as\u00ed como los <strong>convenios<\/strong> colectivos.<\/p>\n<h2>Llega el momento de gestionar las vacaciones<\/h2>\n<p>Con la vuelta a la normalidad, el <strong>periodo estival es el m\u00e1s demandado<\/strong> por los trabajadores. Pero eso implica <strong>gestionar las vacaciones<\/strong> para que ninguna tarea se atrase o se quede sin hacer y todos los clientes est\u00e9n atendidos. Con las <strong>jornadas h\u00edbridas o en<\/strong> <strong>remoto<\/strong>, existen barreras para garantizar el <strong>derecho a la<\/strong> <strong>desconexi\u00f3n<\/strong>, como el mail o la disponibilidad en los tel\u00e9fonos.<\/p>\n<p>Aunque cada empresa cuente con su pol\u00edtica particular para la gesti\u00f3n de las vacaciones, siempre has de respetar el art\u00edculo 38 del <strong>Estatuto de los Trabajadores<\/strong>, los pactos con sindicatos y patronal, as\u00ed como los Convenios Colectivos. Pero adem\u00e1s, si quieres reforzar tu <a href=\"https:\/\/empresas.infoempleo.com\/hrtrends\/reforzar-tu-imagen-de-marca-empleadora\/\"><strong><em>employer branding<\/em><\/strong><\/a>, es aconsejable <strong>facilitar la<\/strong> <strong>flexibilidad<\/strong> a la plantilla, para poder <strong>conciliar<\/strong> el \u00e1mbito familiar con el laboral.<\/p>\n<p>Por otra parte, el <strong>estr\u00e9s<\/strong> ha aumentado desde la declaraci\u00f3n de la pandemia y este a\u00f1o especialmente es necesario un <strong>descanso planificado<\/strong> que aporte a la <strong>salud<\/strong> de los trabajadores bienestar mental, emocional y f\u00edsico. Si la plantilla ve garantizado y cuidado el derecho a las vacaciones, aumenta su <strong>creatividad<\/strong> y su compromiso, que redunda en la <strong>mejora del rendimiento<\/strong>.<\/p>\n<p><img loading=\"lazy\" decoding=\"async\" class=\"aligncenter wp-image-40282 size-full\" title=\"Llega el momento de gestionar las vacaciones de los trabajadores\" src=\"https:\/\/empresas.infoempleo.com\/hrtrends\/media\/2022\/05\/HRTrends_Vacaciones-de-la-plantilla.jpg\" alt=\"Llega el momento de gestionar las vacaciones de los trabajadores\" width=\"800\" height=\"267\" srcset=\"https:\/\/empresas.infoempleo.com\/hrtrends\/media\/2022\/05\/HRTrends_Vacaciones-de-la-plantilla.jpg 800w, https:\/\/empresas.infoempleo.com\/hrtrends\/media\/2022\/05\/HRTrends_Vacaciones-de-la-plantilla-300x100.jpg 300w, https:\/\/empresas.infoempleo.com\/hrtrends\/media\/2022\/05\/HRTrends_Vacaciones-de-la-plantilla-768x256.jpg 768w\" sizes=\"auto, (max-width: 800px) 100vw, 800px\" \/><\/p>\n<h2>Claves que debes tener en cuenta<\/h2>\n<p>Cada a\u00f1o se repiten algunos de los <strong>consejos<\/strong> con los que ser\u00e1s <strong>eficaz en la gesti\u00f3n de las vacaciones<\/strong>, como procurar que cada trabajador disfrute de sus vacaciones en ese a\u00f1o, a menos que coincidan con una baja m\u00e9dica, embarazo o una incapacidad. En cualquier caso, sigue estas tres <strong>pautas<\/strong> para <strong>dise\u00f1ar<\/strong> y comunicar un <strong>buen plan vacacional<\/strong>:<\/p>\n<ul>\n<li><strong>Establece la prioridad entre los trabajadores:<\/strong> seg\u00fan condicionantes privados o corporativos, como tener personas a su cargo o contar con antig\u00fcedad. Para garantizar la transparencia y la equidad, puedes proponer que sean rotativos.<\/li>\n<li><strong>S\u00e9 riguroso con el contrato y el convenio<\/strong>. Delega en los cargos intermedios la negociaci\u00f3n, marcando solo el l\u00edmite legal en un comienzo.<\/li>\n<li><strong>Utiliza las herramientas tecnol\u00f3gicas<\/strong> que necesites para evitar errores de coordinaci\u00f3n y automatizar las ausencias.<\/li>\n<\/ul>\n<p>Como marco para la gesti\u00f3n vacacional, y si quieres <strong>evitar conflictos<\/strong> a\u00f1adidos, es fundamental que la <strong>comunicaci\u00f3n<\/strong> sea <strong>clara<\/strong> y en tiempo real. Antes de que un empleado vaya a faltar, aseg\u00farate de que deja resuelto lo empezado, para que ning\u00fan otro trabajador asuma esas tareas.<\/p>\n<p>Las empresas deben adoptar sistemas en los que se establezcan los <strong>est\u00e1ndares b\u00e1sicos de funcionamient<\/strong>o, atendiendo a las necesidades de los empleados. Por \u00faltimo, <a href=\"https:\/\/empresas.infoempleo.com\/hrtrends\/vuelta-al-trabajo-minimiza-el-impacto-sobre-la-plantilla\"><strong>prepara las reincorporaciones<\/strong><\/a> de tal manera que la plantilla no tenga que enfrentarse al s\u00edndrome posvacacional. Especialmente, en el caso de que sea una vuelta presencial viniendo de jornadas en remoto o h\u00edbridas.<\/p>\n","protected":false},"excerpt":{"rendered":"<p>En estas fechas los trabajadores quieren tener ya asignadas sus vacaciones. Las empresas que no lo hayan hecho,<a class=\"moretag\" href=\"https:\/\/empresas.infoempleo.com\/hrtrends\/gestionar-las-vacaciones-de-los-trabajadores-que-hay-que-tener-en-cuenta\/\"> Leer m\u00e1s<\/a><\/p>\n","protected":false},"author":136,"featured_media":40283,"comment_status":"closed","ping_status":"closed","sticky":false,"template":"","format":"standard","meta":{"footnotes":""},"categories":[3035],"tags":[3254,918,66],"class_list":["post-40281","post","type-post","status-publish","format-standard","has-post-thumbnail","hentry","category-consejos","tag-gestion-de-equipos","tag-trabajadores","tag-vacaciones"],"yoast_head":"<!-- This site is optimized with the Yoast SEO plugin v26.1.1 - https:\/\/yoast.com\/wordpress\/plugins\/seo\/ -->\n<title>C\u00f3mo gestionar las vacaciones de los trabajadores<\/title>\n<meta name=\"description\" content=\"Para gestionar las vacaciones tienes que tener en cuenta las necesidades de servicio de la temporada con menos trabajadores y los convenios colectivos.\" \/>\n<meta name=\"robots\" content=\"index, follow, max-snippet:-1, max-image-preview:large, max-video-preview:-1\" \/>\n<link rel=\"canonical\" href=\"https:\/\/empresas.infoempleo.com\/hrtrends\/gestionar-las-vacaciones-de-los-trabajadores-que-hay-que-tener-en-cuenta\/\" \/>\n<meta property=\"og:locale\" content=\"es_ES\" \/>\n<meta property=\"og:type\" content=\"article\" \/>\n<meta property=\"og:title\" content=\"C\u00f3mo gestionar las vacaciones de los trabajadores\" \/>\n<meta property=\"og:description\" content=\"Para gestionar las vacaciones tienes que tener en cuenta las necesidades de servicio de la temporada con menos trabajadores y los convenios colectivos.\" \/>\n<meta property=\"og:url\" content=\"https:\/\/empresas.infoempleo.com\/hrtrends\/gestionar-las-vacaciones-de-los-trabajadores-que-hay-que-tener-en-cuenta\/\" \/>\n<meta property=\"og:site_name\" content=\"HRTRENDS\" \/>\n<meta property=\"article:publisher\" content=\"https:\/\/www.facebook.com\/Infoempleo\" \/>\n<meta property=\"article:published_time\" content=\"2022-05-06T05:30:42+00:00\" \/>\n<meta property=\"og:image\" content=\"https:\/\/empresas.infoempleo.com\/hrtrends\/media\/2022\/05\/HRTrends_Gestionar-las-vacaciones_A.jpg\" \/>\n\t<meta property=\"og:image:width\" content=\"881\" \/>\n\t<meta property=\"og:image:height\" content=\"588\" \/>\n\t<meta property=\"og:image:type\" content=\"image\/jpeg\" \/>\n<meta name=\"author\" content=\"Raquel Hern\u00e1ndez\" \/>\n<meta name=\"twitter:card\" content=\"summary_large_image\" \/>\n<meta name=\"twitter:creator\" content=\"@infoempleo\" \/>\n<meta name=\"twitter:site\" content=\"@infoempleo\" \/>\n<meta name=\"twitter:label1\" content=\"Escrito por\" \/>\n\t<meta name=\"twitter:data1\" content=\"Raquel Hern\u00e1ndez\" \/>\n\t<meta name=\"twitter:label2\" content=\"Tiempo de lectura\" \/>\n\t<meta name=\"twitter:data2\" content=\"3 minutos\" \/>\n<script type=\"application\/ld+json\" class=\"yoast-schema-graph\">{\"@context\":\"https:\/\/schema.org\",\"@graph\":[{\"@type\":\"NewsArticle\",\"@id\":\"https:\/\/empresas.infoempleo.com\/hrtrends\/gestionar-las-vacaciones-de-los-trabajadores-que-hay-que-tener-en-cuenta\/#article\",\"isPartOf\":{\"@id\":\"https:\/\/empresas.infoempleo.com\/hrtrends\/gestionar-las-vacaciones-de-los-trabajadores-que-hay-que-tener-en-cuenta\/\"},\"author\":{\"name\":\"Raquel Hern\u00e1ndez\",\"@id\":\"https:\/\/empresas.infoempleo.com\/hrtrends\/#\/schema\/person\/fb2f949a1461ff0e9e15996d82d3a787\"},\"headline\":\"Gestionar las vacaciones de los trabajadores, \u00bfQu\u00e9 hay que tener en cuenta?\",\"datePublished\":\"2022-05-06T05:30:42+00:00\",\"mainEntityOfPage\":{\"@id\":\"https:\/\/empresas.infoempleo.com\/hrtrends\/gestionar-las-vacaciones-de-los-trabajadores-que-hay-que-tener-en-cuenta\/\"},\"wordCount\":544,\"publisher\":{\"@id\":\"https:\/\/empresas.infoempleo.com\/hrtrends\/#organization\"},\"image\":{\"@id\":\"https:\/\/empresas.infoempleo.com\/hrtrends\/gestionar-las-vacaciones-de-los-trabajadores-que-hay-que-tener-en-cuenta\/#primaryimage\"},\"thumbnailUrl\":\"https:\/\/empresas.infoempleo.com\/hrtrends\/media\/2022\/05\/HRTrends_Gestionar-las-vacaciones_A.jpg\",\"keywords\":[\"gesti\u00f3n de equipos\",\"trabajadores\",\"vacaciones\"],\"articleSection\":[\"Consejos\"],\"inLanguage\":\"es\",\"copyrightYear\":\"2022\",\"copyrightHolder\":{\"@id\":\"https:\/\/empresas.infoempleo.com\/hrtrends\/#organization\"}},{\"@type\":\"WebPage\",\"@id\":\"https:\/\/empresas.infoempleo.com\/hrtrends\/gestionar-las-vacaciones-de-los-trabajadores-que-hay-que-tener-en-cuenta\/\",\"url\":\"https:\/\/empresas.infoempleo.com\/hrtrends\/gestionar-las-vacaciones-de-los-trabajadores-que-hay-que-tener-en-cuenta\/\",\"name\":\"C\u00f3mo gestionar las vacaciones de los trabajadores\",\"isPartOf\":{\"@id\":\"https:\/\/empresas.infoempleo.com\/hrtrends\/#website\"},\"primaryImageOfPage\":{\"@id\":\"https:\/\/empresas.infoempleo.com\/hrtrends\/gestionar-las-vacaciones-de-los-trabajadores-que-hay-que-tener-en-cuenta\/#primaryimage\"},\"image\":{\"@id\":\"https:\/\/empresas.infoempleo.com\/hrtrends\/gestionar-las-vacaciones-de-los-trabajadores-que-hay-que-tener-en-cuenta\/#primaryimage\"},\"thumbnailUrl\":\"https:\/\/empresas.infoempleo.com\/hrtrends\/media\/2022\/05\/HRTrends_Gestionar-las-vacaciones_A.jpg\",\"datePublished\":\"2022-05-06T05:30:42+00:00\",\"description\":\"Para gestionar las vacaciones tienes que tener en cuenta las necesidades de servicio de la temporada con menos trabajadores y los convenios colectivos.\",\"breadcrumb\":{\"@id\":\"https:\/\/empresas.infoempleo.com\/hrtrends\/gestionar-las-vacaciones-de-los-trabajadores-que-hay-que-tener-en-cuenta\/#breadcrumb\"},\"inLanguage\":\"es\",\"potentialAction\":[{\"@type\":\"ReadAction\",\"target\":[\"https:\/\/empresas.infoempleo.com\/hrtrends\/gestionar-las-vacaciones-de-los-trabajadores-que-hay-que-tener-en-cuenta\/\"]}]},{\"@type\":\"ImageObject\",\"inLanguage\":\"es\",\"@id\":\"https:\/\/empresas.infoempleo.com\/hrtrends\/gestionar-las-vacaciones-de-los-trabajadores-que-hay-que-tener-en-cuenta\/#primaryimage\",\"url\":\"https:\/\/empresas.infoempleo.com\/hrtrends\/media\/2022\/05\/HRTrends_Gestionar-las-vacaciones_A-150x150.jpg\",\"contentUrl\":\"https:\/\/empresas.infoempleo.com\/hrtrends\/media\/2022\/05\/HRTrends_Gestionar-las-vacaciones_A-150x150.jpg\",\"width\":150,\"height\":150},{\"@type\":\"BreadcrumbList\",\"@id\":\"https:\/\/empresas.infoempleo.com\/hrtrends\/gestionar-las-vacaciones-de-los-trabajadores-que-hay-que-tener-en-cuenta\/#breadcrumb\",\"itemListElement\":[{\"@type\":\"ListItem\",\"position\":1,\"name\":\"Portada\",\"item\":\"https:\/\/empresas.infoempleo.com\/hrtrends\/\"},{\"@type\":\"ListItem\",\"position\":2,\"name\":\"Gestionar las vacaciones de los trabajadores, \u00bfQu\u00e9 hay que tener en cuenta?\"}]},{\"@type\":\"WebSite\",\"@id\":\"https:\/\/empresas.infoempleo.com\/hrtrends\/#website\",\"url\":\"https:\/\/empresas.infoempleo.com\/hrtrends\",\"name\":\"HRTrends by Infoempleo\",\"description\":\"\",\"publisher\":{\"@id\":\"https:\/\/empresas.infoempleo.com\/hrtrends\/#organization\"},\"potentialAction\":{\"@type\":\"SearchAction\",\"target\":\"https:\/\/empresas.infoempleo.com\/hrtrends\/?s={search_term_string}\",\"query-input\":\"required name=search_term_string\"},\"inLanguage\":\"es\"},{\"@type\":\"Organization\",\"@id\":\"https:\/\/empresas.infoempleo.com\/hrtrends\/#organization\",\"name\":\"Infoempleo\",\"url\":\"https:\/\/www.infoempleo.com\/\",\"logo\":{\"@type\":\"ImageObject\",\"@id\":\"https:\/\/empresas.infoempleo.com\/hrtrends\/#logo\",\"inLanguage\":\"es\",\"url\":\"https:\/\/cdnazure.infoempleo.com\/infoempleo\/assets\/style\/gfx\/logo.svg\",\"contentUrl\":\"https:\/\/cdnazure.infoempleo.com\/infoempleo\/assets\/style\/gfx\/logo.svg\",\"width\":150,\"height\":40,\"caption\":\"Infoempleo\"},\"image\":{\"@id\":\"https:\/\/empresas.infoempleo.com\/hrtrends\/#logo\"},\"sameAs\":[\"https:\/\/www.facebook.com\/Infoempleo\",\"https:\/\/x.com\/infoempleo\",\"http:\/\/instagram.com\/infoempleo\/\",\"http:\/\/www.linkedin.com\/groups\/Empleo-Espa\u00f1a-Infoempleocom-111276\",\"http:\/\/pinterest.com\/infoempleo\/\"],\"address\":{\"@type\":\"PostalAddress\",\"addressLocality\":\"Madrid\",\"postalCode\":\"28050\",\"streetAddress\":\"Avenida de Burgos 114\"},\"brand\":[\"Infoempleo\"]},{\"@type\":\"Person\",\"@id\":\"https:\/\/empresas.infoempleo.com\/hrtrends\/#\/schema\/person\/fb2f949a1461ff0e9e15996d82d3a787\",\"name\":\"Raquel Hern\u00e1ndez\",\"image\":{\"@type\":\"ImageObject\",\"inLanguage\":\"es\",\"@id\":\"https:\/\/empresas.infoempleo.com\/hrtrends\/#\/schema\/person\/image\/\",\"url\":\"https:\/\/secure.gravatar.com\/avatar\/4ccd374b24ab5eefd1b7681d8be968df221a577fa3ffa9dc4bb4b537645dc6a2?s=96&d=mm&r=g\",\"contentUrl\":\"https:\/\/secure.gravatar.com\/avatar\/4ccd374b24ab5eefd1b7681d8be968df221a577fa3ffa9dc4bb4b537645dc6a2?s=96&d=mm&r=g\",\"caption\":\"Raquel Hern\u00e1ndez\"},\"description\":\"M\u00e1ster en Filosof\u00eda Contempor\u00e1nea y Diploma Experto en Salud y G\u00e9nero. Extensa experiencia profesional como directora y productora de eventos culturales, especializada en el sector editorial. Lectora profesional y redactora de contenidos relacionados con el empleo, la innovaci\u00f3n y la educaci\u00f3n.\",\"url\":\"https:\/\/empresas.infoempleo.com\/hrtrends\/author\/raquel-hernandez\/\"}]}<\/script>\n<!-- \/ Yoast SEO plugin. -->","yoast_head_json":{"title":"C\u00f3mo gestionar las vacaciones de los trabajadores","description":"Para gestionar las vacaciones tienes que tener en cuenta las necesidades de servicio de la temporada con menos trabajadores y los convenios colectivos.","robots":{"index":"index","follow":"follow","max-snippet":"max-snippet:-1","max-image-preview":"max-image-preview:large","max-video-preview":"max-video-preview:-1"},"canonical":"https:\/\/empresas.infoempleo.com\/hrtrends\/gestionar-las-vacaciones-de-los-trabajadores-que-hay-que-tener-en-cuenta\/","og_locale":"es_ES","og_type":"article","og_title":"C\u00f3mo gestionar las vacaciones de los trabajadores","og_description":"Para gestionar las vacaciones tienes que tener en cuenta las necesidades de servicio de la temporada con menos trabajadores y los convenios colectivos.","og_url":"https:\/\/empresas.infoempleo.com\/hrtrends\/gestionar-las-vacaciones-de-los-trabajadores-que-hay-que-tener-en-cuenta\/","og_site_name":"HRTRENDS","article_publisher":"https:\/\/www.facebook.com\/Infoempleo","article_published_time":"2022-05-06T05:30:42+00:00","og_image":[{"width":881,"height":588,"url":"https:\/\/empresas.infoempleo.com\/hrtrends\/media\/2022\/05\/HRTrends_Gestionar-las-vacaciones_A.jpg","type":"image\/jpeg"}],"author":"Raquel Hern\u00e1ndez","twitter_card":"summary_large_image","twitter_creator":"@infoempleo","twitter_site":"@infoempleo","twitter_misc":{"Escrito por":"Raquel Hern\u00e1ndez","Tiempo de lectura":"3 minutos"},"schema":{"@context":"https:\/\/schema.org","@graph":[{"@type":"NewsArticle","@id":"https:\/\/empresas.infoempleo.com\/hrtrends\/gestionar-las-vacaciones-de-los-trabajadores-que-hay-que-tener-en-cuenta\/#article","isPartOf":{"@id":"https:\/\/empresas.infoempleo.com\/hrtrends\/gestionar-las-vacaciones-de-los-trabajadores-que-hay-que-tener-en-cuenta\/"},"author":{"name":"Raquel Hern\u00e1ndez","@id":"https:\/\/empresas.infoempleo.com\/hrtrends\/#\/schema\/person\/fb2f949a1461ff0e9e15996d82d3a787"},"headline":"Gestionar las vacaciones de los trabajadores, \u00bfQu\u00e9 hay que tener en cuenta?","datePublished":"2022-05-06T05:30:42+00:00","mainEntityOfPage":{"@id":"https:\/\/empresas.infoempleo.com\/hrtrends\/gestionar-las-vacaciones-de-los-trabajadores-que-hay-que-tener-en-cuenta\/"},"wordCount":544,"publisher":{"@id":"https:\/\/empresas.infoempleo.com\/hrtrends\/#organization"},"image":{"@id":"https:\/\/empresas.infoempleo.com\/hrtrends\/gestionar-las-vacaciones-de-los-trabajadores-que-hay-que-tener-en-cuenta\/#primaryimage"},"thumbnailUrl":"https:\/\/empresas.infoempleo.com\/hrtrends\/media\/2022\/05\/HRTrends_Gestionar-las-vacaciones_A.jpg","keywords":["gesti\u00f3n de equipos","trabajadores","vacaciones"],"articleSection":["Consejos"],"inLanguage":"es","copyrightYear":"2022","copyrightHolder":{"@id":"https:\/\/empresas.infoempleo.com\/hrtrends\/#organization"}},{"@type":"WebPage","@id":"https:\/\/empresas.infoempleo.com\/hrtrends\/gestionar-las-vacaciones-de-los-trabajadores-que-hay-que-tener-en-cuenta\/","url":"https:\/\/empresas.infoempleo.com\/hrtrends\/gestionar-las-vacaciones-de-los-trabajadores-que-hay-que-tener-en-cuenta\/","name":"C\u00f3mo gestionar las vacaciones de los trabajadores","isPartOf":{"@id":"https:\/\/empresas.infoempleo.com\/hrtrends\/#website"},"primaryImageOfPage":{"@id":"https:\/\/empresas.infoempleo.com\/hrtrends\/gestionar-las-vacaciones-de-los-trabajadores-que-hay-que-tener-en-cuenta\/#primaryimage"},"image":{"@id":"https:\/\/empresas.infoempleo.com\/hrtrends\/gestionar-las-vacaciones-de-los-trabajadores-que-hay-que-tener-en-cuenta\/#primaryimage"},"thumbnailUrl":"https:\/\/empresas.infoempleo.com\/hrtrends\/media\/2022\/05\/HRTrends_Gestionar-las-vacaciones_A.jpg","datePublished":"2022-05-06T05:30:42+00:00","description":"Para gestionar las vacaciones tienes que tener en cuenta las necesidades de servicio de la temporada con menos trabajadores y los convenios colectivos.","breadcrumb":{"@id":"https:\/\/empresas.infoempleo.com\/hrtrends\/gestionar-las-vacaciones-de-los-trabajadores-que-hay-que-tener-en-cuenta\/#breadcrumb"},"inLanguage":"es","potentialAction":[{"@type":"ReadAction","target":["https:\/\/empresas.infoempleo.com\/hrtrends\/gestionar-las-vacaciones-de-los-trabajadores-que-hay-que-tener-en-cuenta\/"]}]},{"@type":"ImageObject","inLanguage":"es","@id":"https:\/\/empresas.infoempleo.com\/hrtrends\/gestionar-las-vacaciones-de-los-trabajadores-que-hay-que-tener-en-cuenta\/#primaryimage","url":"https:\/\/empresas.infoempleo.com\/hrtrends\/media\/2022\/05\/HRTrends_Gestionar-las-vacaciones_A-150x150.jpg","contentUrl":"https:\/\/empresas.infoempleo.com\/hrtrends\/media\/2022\/05\/HRTrends_Gestionar-las-vacaciones_A-150x150.jpg","width":150,"height":150},{"@type":"BreadcrumbList","@id":"https:\/\/empresas.infoempleo.com\/hrtrends\/gestionar-las-vacaciones-de-los-trabajadores-que-hay-que-tener-en-cuenta\/#breadcrumb","itemListElement":[{"@type":"ListItem","position":1,"name":"Portada","item":"https:\/\/empresas.infoempleo.com\/hrtrends\/"},{"@type":"ListItem","position":2,"name":"Gestionar las vacaciones de los trabajadores, \u00bfQu\u00e9 hay que tener en cuenta?"}]},{"@type":"WebSite","@id":"https:\/\/empresas.infoempleo.com\/hrtrends\/#website","url":"https:\/\/empresas.infoempleo.com\/hrtrends","name":"HRTrends by Infoempleo","description":"","publisher":{"@id":"https:\/\/empresas.infoempleo.com\/hrtrends\/#organization"},"potentialAction":{"@type":"SearchAction","target":"https:\/\/empresas.infoempleo.com\/hrtrends\/?s={search_term_string}","query-input":"required name=search_term_string"},"inLanguage":"es"},{"@type":"Organization","@id":"https:\/\/empresas.infoempleo.com\/hrtrends\/#organization","name":"Infoempleo","url":"https:\/\/www.infoempleo.com\/","logo":{"@type":"ImageObject","@id":"https:\/\/empresas.infoempleo.com\/hrtrends\/#logo","inLanguage":"es","url":"https:\/\/cdnazure.infoempleo.com\/infoempleo\/assets\/style\/gfx\/logo.svg","contentUrl":"https:\/\/cdnazure.infoempleo.com\/infoempleo\/assets\/style\/gfx\/logo.svg","width":150,"height":40,"caption":"Infoempleo"},"image":{"@id":"https:\/\/empresas.infoempleo.com\/hrtrends\/#logo"},"sameAs":["https:\/\/www.facebook.com\/Infoempleo","https:\/\/x.com\/infoempleo","http:\/\/instagram.com\/infoempleo\/","http:\/\/www.linkedin.com\/groups\/Empleo-Espa\u00f1a-Infoempleocom-111276","http:\/\/pinterest.com\/infoempleo\/"],"address":{"@type":"PostalAddress","addressLocality":"Madrid","postalCode":"28050","streetAddress":"Avenida de Burgos 114"},"brand":["Infoempleo"]},{"@type":"Person","@id":"https:\/\/empresas.infoempleo.com\/hrtrends\/#\/schema\/person\/fb2f949a1461ff0e9e15996d82d3a787","name":"Raquel Hern\u00e1ndez","image":{"@type":"ImageObject","inLanguage":"es","@id":"https:\/\/empresas.infoempleo.com\/hrtrends\/#\/schema\/person\/image\/","url":"https:\/\/secure.gravatar.com\/avatar\/4ccd374b24ab5eefd1b7681d8be968df221a577fa3ffa9dc4bb4b537645dc6a2?s=96&d=mm&r=g","contentUrl":"https:\/\/secure.gravatar.com\/avatar\/4ccd374b24ab5eefd1b7681d8be968df221a577fa3ffa9dc4bb4b537645dc6a2?s=96&d=mm&r=g","caption":"Raquel Hern\u00e1ndez"},"description":"M\u00e1ster en Filosof\u00eda Contempor\u00e1nea y Diploma Experto en Salud y G\u00e9nero. Extensa experiencia profesional como directora y productora de eventos culturales, especializada en el sector editorial. Lectora profesional y redactora de contenidos relacionados con el empleo, la innovaci\u00f3n y la educaci\u00f3n.","url":"https:\/\/empresas.infoempleo.com\/hrtrends\/author\/raquel-hernandez\/"}]}},"amp_enabled":true,"_links":{"self":[{"href":"https:\/\/empresas.infoempleo.com\/hrtrends\/wp-json\/wp\/v2\/posts\/40281","targetHints":{"allow":["GET"]}}],"collection":[{"href":"https:\/\/empresas.infoempleo.com\/hrtrends\/wp-json\/wp\/v2\/posts"}],"about":[{"href":"https:\/\/empresas.infoempleo.com\/hrtrends\/wp-json\/wp\/v2\/types\/post"}],"author":[{"embeddable":true,"href":"https:\/\/empresas.infoempleo.com\/hrtrends\/wp-json\/wp\/v2\/users\/136"}],"replies":[{"embeddable":true,"href":"https:\/\/empresas.infoempleo.com\/hrtrends\/wp-json\/wp\/v2\/comments?post=40281"}],"version-history":[{"count":4,"href":"https:\/\/empresas.infoempleo.com\/hrtrends\/wp-json\/wp\/v2\/posts\/40281\/revisions"}],"predecessor-version":[{"id":40299,"href":"https:\/\/empresas.infoempleo.com\/hrtrends\/wp-json\/wp\/v2\/posts\/40281\/revisions\/40299"}],"wp:featuredmedia":[{"embeddable":true,"href":"https:\/\/empresas.infoempleo.com\/hrtrends\/wp-json\/wp\/v2\/media\/40283"}],"wp:attachment":[{"href":"https:\/\/empresas.infoempleo.com\/hrtrends\/wp-json\/wp\/v2\/media?parent=40281"}],"wp:term":[{"taxonomy":"category","embeddable":true,"href":"https:\/\/empresas.infoempleo.com\/hrtrends\/wp-json\/wp\/v2\/categories?post=40281"},{"taxonomy":"post_tag","embeddable":true,"href":"https:\/\/empresas.infoempleo.com\/hrtrends\/wp-json\/wp\/v2\/tags?post=40281"}],"curies":[{"name":"wp","href":"https:\/\/api.w.org\/{rel}","templated":true}]}}