{"id":40203,"date":"2022-04-18T08:22:10","date_gmt":"2022-04-18T06:22:10","guid":{"rendered":"https:\/\/empresas.infoempleo.com\/hrtrends\/?p=40203"},"modified":"2022-04-18T17:52:31","modified_gmt":"2022-04-18T15:52:31","slug":"microgestos-puedes-entender-a-candidatos-y-empleados-a-traves-de-ellos","status":"publish","type":"post","link":"https:\/\/empresas.infoempleo.com\/hrtrends\/microgestos-puedes-entender-a-candidatos-y-empleados-a-traves-de-ellos\/","title":{"rendered":"Microgestos: \u00bfPuedes entender a candidatos y empleados a trav\u00e9s de ellos?"},"content":{"rendered":"<p>La <a href=\"https:\/\/empresas.infoempleo.com\/hrtrends\/lenguaje-no-verbal-para-usar-en-entrevistas\/\"><strong>comunicaci\u00f3n no verbal<\/strong><\/a> es muy importante en las <strong>relaciones laborales<\/strong>. Cobra especial relevancia en los <strong>procesos de selecci\u00f3n<\/strong>. Como reclutador, debes estar atento a aquellos <strong>microgestos<\/strong> que te van a permitir hacerte una idea m\u00e1s ajustada de la <strong>candidatura<\/strong>. Sin embargo, no hay que llevarlo al extremo tampoco en la evaluaci\u00f3n del desempe\u00f1o. La <strong>fiabilidad<\/strong> de esta t\u00e9cnica, conocida como <strong>sinergolog\u00eda<\/strong>, es otra <strong>herramienta<\/strong> de evaluaci\u00f3n que funciona mejor al combinarse.<\/p>\n<h2>\u00bfQu\u00e9 son los microgestos?<\/h2>\n<p>Cuando aprendiste los elementos de la comunicaci\u00f3n, te hablar\u00edan de emisor, receptor y mensaje. Pues bien, solo el 7% del mensaje llega a trav\u00e9s de las <strong>palabras<\/strong>. Los \u00faltimos estudios apuntan a que la mayor\u00eda de la<strong> informaci\u00f3n que transmites<\/strong> o que recibes es a trav\u00e9s de los <strong>microgestos<\/strong> con que acompa\u00f1as a las oraciones. Adem\u00e1s, claro, de la entonaci\u00f3n y otros datos contextuales, como por ejemplo lo que dejas ver detr\u00e1s de ti en una <strong>videollamada<\/strong> desde tu hogar.<\/p>\n<p>Algunos de ellos han sido m\u00e1s nombrados, como la <strong>fuerza con la que aprieta la mano<\/strong> una candidatura en la entrevista o tu <strong>postura corporal<\/strong>. Y otros son recientes, debido al formato <a href=\"https:\/\/empresas.infoempleo.com\/hrtrends\/seguimiento-del-trabajo-hibrido-como-llevar-el-control-de-las-jornadas-mixtas\/\"><strong>h\u00edbrido<\/strong><\/a> y a los procesos de<a href=\"https:\/\/empresas.infoempleo.com\/hrtrends\/teletrabajadores-como-evaluar-su-contratacion\/\"><strong> selecci\u00f3n<\/strong> <strong>en remoto<\/strong><\/a>. Entre ellos, evoluciona velozmente d\u00f3nde colocar <strong>la mirada<\/strong>. Si bien queda extra\u00f1o que la persona est\u00e9 <strong>mirando a c\u00e1mara<\/strong> todo el rato, es necesario ir combinando. Especialmente cuando participa un grupo. Parece m\u00e1s respetuoso y demuestra atenci\u00f3n ir <strong>alternando<\/strong> entre la mirada hacia un lado o hacia abajo, es decir, hacia un compa\u00f1ero y la mirada a c\u00e1mara, simulando el contacto visual del mundo anal\u00f3gico.<\/p>\n<p><strong>Comunicar con mascarilla<\/strong> se ha vuelto todo un reto, pues la sonrisa y la mitad de la expresi\u00f3n facial queda escondida. En este contexto, el contacto visual adquiere mayor importancia dentro de los microgestos de la cara. Pero tambi\u00e9n es el momento de evaluar todo el conjunto, asumiendo esta falta.<\/p>\n<p><img loading=\"lazy\" decoding=\"async\" class=\"aligncenter wp-image-40204 size-full\" title=\"\u00bfQu\u00e9 son los microgestos y qu\u00e9 te dicen en una entrevista de trabajo?\" src=\"https:\/\/empresas.infoempleo.com\/hrtrends\/media\/2022\/04\/HRTrends_Comunicacion-no-verbal.jpg\" alt=\"\u00bfQu\u00e9 son los microgestos y qu\u00e9 te dicen en una entrevista de trabajo?\" width=\"800\" height=\"533\" srcset=\"https:\/\/empresas.infoempleo.com\/hrtrends\/media\/2022\/04\/HRTrends_Comunicacion-no-verbal.jpg 800w, https:\/\/empresas.infoempleo.com\/hrtrends\/media\/2022\/04\/HRTrends_Comunicacion-no-verbal-300x200.jpg 300w, https:\/\/empresas.infoempleo.com\/hrtrends\/media\/2022\/04\/HRTrends_Comunicacion-no-verbal-768x512.jpg 768w\" sizes=\"auto, (max-width: 800px) 100vw, 800px\" \/><\/p>\n<h2>Ventajas y riesgos de analizar microgestos<\/h2>\n<p>El <strong>proceso de selecci\u00f3n<\/strong> es un <em>tsunami<\/em> de datos que desde el departamento de recursos humanos tienes que filtrar. Contar con el mayor n\u00famero de <strong>herramientas<\/strong> hace posible elegir a los perfiles adecuados y ahorrar en futuros costes de reclutamiento. Analizar los <strong>microgestos<\/strong> es una de esas t\u00e9cnicas. Sin embargo, cu\u00eddate de darle un valor absoluto, pues existe el riesgo de perder <strong>talento cualificado<\/strong> sobrevalorando esta informaci\u00f3n. Entre las <strong>ventajas<\/strong> de conocer esta comunicaci\u00f3n no verbal destacan:<\/p>\n<ul>\n<li><strong>Entender a las candidaturas:<\/strong> poder situarlas dentro de la categor\u00eda laboral afinando en la evaluaci\u00f3n de sus competencias y capacidades. Puede ocurrir que un perfil aplique por un puesto, pero que en el proceso de selecci\u00f3n derive su candidatura a otra vacante.<\/li>\n<li><strong>Detectar falsedades:<\/strong> a trav\u00e9s de la posici\u00f3n de la mirada o de los <strong>microgestos<\/strong> faciales puedes sospechar sobre la veracidad de lo expuesto. Esta es una se\u00f1al de alarma para contrastar con otros datos.<\/li>\n<li><strong>Ayuda a decidir<\/strong>: cuando las candidaturas son similares y los puestos limitados, los microgestos pueden completar la informaci\u00f3n que necesitas para terminar de <a href=\"https:\/\/empresas.infoempleo.com\/hrtrends\/como-preparar-una-entrevista-conductual-o-de-comportamiento\/\"><strong>elegir al talento<\/strong><\/a>.<\/li>\n<\/ul>\n","protected":false},"excerpt":{"rendered":"<p>La comunicaci\u00f3n no verbal es muy importante en las relaciones laborales. Cobra especial relevancia en los procesos de<a class=\"moretag\" href=\"https:\/\/empresas.infoempleo.com\/hrtrends\/microgestos-puedes-entender-a-candidatos-y-empleados-a-traves-de-ellos\/\"> Leer m\u00e1s<\/a><\/p>\n","protected":false},"author":136,"featured_media":40206,"comment_status":"closed","ping_status":"closed","sticky":false,"template":"","format":"standard","meta":{"footnotes":""},"categories":[3015],"tags":[540,2442,171],"class_list":["post-40203","post","type-post","status-publish","format-standard","has-post-thumbnail","hentry","category-recruiter-branding","tag-consejos-2","tag-reclutamiento","tag-seleccion"],"yoast_head":"<!-- This site is optimized with the Yoast SEO plugin v26.1.1 - https:\/\/yoast.com\/wordpress\/plugins\/seo\/ -->\n<title>Microgestos y comunicaci\u00f3n no verbal en las entrevistas de trabajo<\/title>\n<meta name=\"description\" content=\"Como reclutador debes estar atento a los microgestos que te van a permitir hacerte una idea m\u00e1s ajustada de la candidatura. No hay que llevarlo al extremo\" \/>\n<meta name=\"robots\" content=\"index, follow, max-snippet:-1, max-image-preview:large, max-video-preview:-1\" \/>\n<link rel=\"canonical\" href=\"https:\/\/empresas.infoempleo.com\/hrtrends\/microgestos-puedes-entender-a-candidatos-y-empleados-a-traves-de-ellos\/\" \/>\n<meta property=\"og:locale\" content=\"es_ES\" \/>\n<meta property=\"og:type\" content=\"article\" \/>\n<meta property=\"og:title\" content=\"Microgestos y comunicaci\u00f3n no verbal en las entrevistas de trabajo\" \/>\n<meta property=\"og:description\" content=\"Como reclutador debes estar atento a los microgestos que te van a permitir hacerte una idea m\u00e1s ajustada de la candidatura. No hay que llevarlo al extremo\" \/>\n<meta property=\"og:url\" content=\"https:\/\/empresas.infoempleo.com\/hrtrends\/microgestos-puedes-entender-a-candidatos-y-empleados-a-traves-de-ellos\/\" \/>\n<meta property=\"og:site_name\" content=\"HRTRENDS\" \/>\n<meta property=\"article:publisher\" content=\"https:\/\/www.facebook.com\/Infoempleo\" \/>\n<meta property=\"article:published_time\" content=\"2022-04-18T06:22:10+00:00\" \/>\n<meta property=\"article:modified_time\" content=\"2022-04-18T15:52:31+00:00\" \/>\n<meta property=\"og:image\" content=\"https:\/\/empresas.infoempleo.com\/hrtrends\/media\/2022\/04\/HRTrends_Microgestos_A.jpg\" \/>\n\t<meta property=\"og:image:width\" content=\"800\" \/>\n\t<meta property=\"og:image:height\" content=\"534\" \/>\n\t<meta property=\"og:image:type\" content=\"image\/jpeg\" \/>\n<meta name=\"author\" content=\"Raquel Hern\u00e1ndez\" \/>\n<meta name=\"twitter:card\" content=\"summary_large_image\" \/>\n<meta name=\"twitter:creator\" content=\"@infoempleo\" \/>\n<meta name=\"twitter:site\" content=\"@infoempleo\" \/>\n<meta name=\"twitter:label1\" content=\"Escrito por\" \/>\n\t<meta name=\"twitter:data1\" content=\"Raquel Hern\u00e1ndez\" \/>\n\t<meta name=\"twitter:label2\" content=\"Tiempo de lectura\" \/>\n\t<meta name=\"twitter:data2\" content=\"3 minutos\" \/>\n<script type=\"application\/ld+json\" class=\"yoast-schema-graph\">{\"@context\":\"https:\/\/schema.org\",\"@graph\":[{\"@type\":\"NewsArticle\",\"@id\":\"https:\/\/empresas.infoempleo.com\/hrtrends\/microgestos-puedes-entender-a-candidatos-y-empleados-a-traves-de-ellos\/#article\",\"isPartOf\":{\"@id\":\"https:\/\/empresas.infoempleo.com\/hrtrends\/microgestos-puedes-entender-a-candidatos-y-empleados-a-traves-de-ellos\/\"},\"author\":{\"name\":\"Raquel Hern\u00e1ndez\",\"@id\":\"https:\/\/empresas.infoempleo.com\/hrtrends\/#\/schema\/person\/fb2f949a1461ff0e9e15996d82d3a787\"},\"headline\":\"Microgestos: \u00bfPuedes entender a candidatos y empleados a trav\u00e9s de ellos?\",\"datePublished\":\"2022-04-18T06:22:10+00:00\",\"dateModified\":\"2022-04-18T15:52:31+00:00\",\"mainEntityOfPage\":{\"@id\":\"https:\/\/empresas.infoempleo.com\/hrtrends\/microgestos-puedes-entender-a-candidatos-y-empleados-a-traves-de-ellos\/\"},\"wordCount\":552,\"publisher\":{\"@id\":\"https:\/\/empresas.infoempleo.com\/hrtrends\/#organization\"},\"image\":{\"@id\":\"https:\/\/empresas.infoempleo.com\/hrtrends\/microgestos-puedes-entender-a-candidatos-y-empleados-a-traves-de-ellos\/#primaryimage\"},\"thumbnailUrl\":\"https:\/\/empresas.infoempleo.com\/hrtrends\/media\/2022\/04\/HRTrends_Microgestos_A.jpg\",\"keywords\":[\"consejos\",\"reclutamiento\",\"selecci\u00f3n\"],\"articleSection\":[\"Recruiter branding\"],\"inLanguage\":\"es\",\"copyrightYear\":\"2022\",\"copyrightHolder\":{\"@id\":\"https:\/\/empresas.infoempleo.com\/hrtrends\/#organization\"}},{\"@type\":\"WebPage\",\"@id\":\"https:\/\/empresas.infoempleo.com\/hrtrends\/microgestos-puedes-entender-a-candidatos-y-empleados-a-traves-de-ellos\/\",\"url\":\"https:\/\/empresas.infoempleo.com\/hrtrends\/microgestos-puedes-entender-a-candidatos-y-empleados-a-traves-de-ellos\/\",\"name\":\"Microgestos y comunicaci\u00f3n no verbal en las entrevistas de trabajo\",\"isPartOf\":{\"@id\":\"https:\/\/empresas.infoempleo.com\/hrtrends\/#website\"},\"primaryImageOfPage\":{\"@id\":\"https:\/\/empresas.infoempleo.com\/hrtrends\/microgestos-puedes-entender-a-candidatos-y-empleados-a-traves-de-ellos\/#primaryimage\"},\"image\":{\"@id\":\"https:\/\/empresas.infoempleo.com\/hrtrends\/microgestos-puedes-entender-a-candidatos-y-empleados-a-traves-de-ellos\/#primaryimage\"},\"thumbnailUrl\":\"https:\/\/empresas.infoempleo.com\/hrtrends\/media\/2022\/04\/HRTrends_Microgestos_A.jpg\",\"datePublished\":\"2022-04-18T06:22:10+00:00\",\"dateModified\":\"2022-04-18T15:52:31+00:00\",\"description\":\"Como reclutador debes estar atento a los microgestos que te van a permitir hacerte una idea m\u00e1s ajustada de la candidatura. No hay que llevarlo al extremo\",\"breadcrumb\":{\"@id\":\"https:\/\/empresas.infoempleo.com\/hrtrends\/microgestos-puedes-entender-a-candidatos-y-empleados-a-traves-de-ellos\/#breadcrumb\"},\"inLanguage\":\"es\",\"potentialAction\":[{\"@type\":\"ReadAction\",\"target\":[\"https:\/\/empresas.infoempleo.com\/hrtrends\/microgestos-puedes-entender-a-candidatos-y-empleados-a-traves-de-ellos\/\"]}]},{\"@type\":\"ImageObject\",\"inLanguage\":\"es\",\"@id\":\"https:\/\/empresas.infoempleo.com\/hrtrends\/microgestos-puedes-entender-a-candidatos-y-empleados-a-traves-de-ellos\/#primaryimage\",\"url\":\"https:\/\/empresas.infoempleo.com\/hrtrends\/media\/2022\/04\/HRTrends_Microgestos_A-150x150.jpg\",\"contentUrl\":\"https:\/\/empresas.infoempleo.com\/hrtrends\/media\/2022\/04\/HRTrends_Microgestos_A-150x150.jpg\",\"width\":150,\"height\":150},{\"@type\":\"BreadcrumbList\",\"@id\":\"https:\/\/empresas.infoempleo.com\/hrtrends\/microgestos-puedes-entender-a-candidatos-y-empleados-a-traves-de-ellos\/#breadcrumb\",\"itemListElement\":[{\"@type\":\"ListItem\",\"position\":1,\"name\":\"Portada\",\"item\":\"https:\/\/empresas.infoempleo.com\/hrtrends\/\"},{\"@type\":\"ListItem\",\"position\":2,\"name\":\"Microgestos: \u00bfPuedes entender a candidatos y empleados a trav\u00e9s de ellos?\"}]},{\"@type\":\"WebSite\",\"@id\":\"https:\/\/empresas.infoempleo.com\/hrtrends\/#website\",\"url\":\"https:\/\/empresas.infoempleo.com\/hrtrends\",\"name\":\"HRTrends by Infoempleo\",\"description\":\"\",\"publisher\":{\"@id\":\"https:\/\/empresas.infoempleo.com\/hrtrends\/#organization\"},\"potentialAction\":{\"@type\":\"SearchAction\",\"target\":\"https:\/\/empresas.infoempleo.com\/hrtrends\/?s={search_term_string}\",\"query-input\":\"required name=search_term_string\"},\"inLanguage\":\"es\"},{\"@type\":\"Organization\",\"@id\":\"https:\/\/empresas.infoempleo.com\/hrtrends\/#organization\",\"name\":\"Infoempleo\",\"url\":\"https:\/\/www.infoempleo.com\/\",\"logo\":{\"@type\":\"ImageObject\",\"@id\":\"https:\/\/empresas.infoempleo.com\/hrtrends\/#logo\",\"inLanguage\":\"es\",\"url\":\"https:\/\/cdnazure.infoempleo.com\/infoempleo\/assets\/style\/gfx\/logo.svg\",\"contentUrl\":\"https:\/\/cdnazure.infoempleo.com\/infoempleo\/assets\/style\/gfx\/logo.svg\",\"width\":150,\"height\":40,\"caption\":\"Infoempleo\"},\"image\":{\"@id\":\"https:\/\/empresas.infoempleo.com\/hrtrends\/#logo\"},\"sameAs\":[\"https:\/\/www.facebook.com\/Infoempleo\",\"https:\/\/x.com\/infoempleo\",\"http:\/\/instagram.com\/infoempleo\/\",\"http:\/\/www.linkedin.com\/groups\/Empleo-Espa\u00f1a-Infoempleocom-111276\",\"http:\/\/pinterest.com\/infoempleo\/\"],\"address\":{\"@type\":\"PostalAddress\",\"addressLocality\":\"Madrid\",\"postalCode\":\"28050\",\"streetAddress\":\"Avenida de Burgos 114\"},\"brand\":[\"Infoempleo\"]},{\"@type\":\"Person\",\"@id\":\"https:\/\/empresas.infoempleo.com\/hrtrends\/#\/schema\/person\/fb2f949a1461ff0e9e15996d82d3a787\",\"name\":\"Raquel Hern\u00e1ndez\",\"image\":{\"@type\":\"ImageObject\",\"inLanguage\":\"es\",\"@id\":\"https:\/\/empresas.infoempleo.com\/hrtrends\/#\/schema\/person\/image\/\",\"url\":\"https:\/\/secure.gravatar.com\/avatar\/4ccd374b24ab5eefd1b7681d8be968df221a577fa3ffa9dc4bb4b537645dc6a2?s=96&d=mm&r=g\",\"contentUrl\":\"https:\/\/secure.gravatar.com\/avatar\/4ccd374b24ab5eefd1b7681d8be968df221a577fa3ffa9dc4bb4b537645dc6a2?s=96&d=mm&r=g\",\"caption\":\"Raquel Hern\u00e1ndez\"},\"description\":\"M\u00e1ster en Filosof\u00eda Contempor\u00e1nea y Diploma Experto en Salud y G\u00e9nero. Extensa experiencia profesional como directora y productora de eventos culturales, especializada en el sector editorial. Lectora profesional y redactora de contenidos relacionados con el empleo, la innovaci\u00f3n y la educaci\u00f3n.\",\"url\":\"https:\/\/empresas.infoempleo.com\/hrtrends\/author\/raquel-hernandez\/\"}]}<\/script>\n<!-- \/ Yoast SEO plugin. -->","yoast_head_json":{"title":"Microgestos y comunicaci\u00f3n no verbal en las entrevistas de trabajo","description":"Como reclutador debes estar atento a los microgestos que te van a permitir hacerte una idea m\u00e1s ajustada de la candidatura. No hay que llevarlo al extremo","robots":{"index":"index","follow":"follow","max-snippet":"max-snippet:-1","max-image-preview":"max-image-preview:large","max-video-preview":"max-video-preview:-1"},"canonical":"https:\/\/empresas.infoempleo.com\/hrtrends\/microgestos-puedes-entender-a-candidatos-y-empleados-a-traves-de-ellos\/","og_locale":"es_ES","og_type":"article","og_title":"Microgestos y comunicaci\u00f3n no verbal en las entrevistas de trabajo","og_description":"Como reclutador debes estar atento a los microgestos que te van a permitir hacerte una idea m\u00e1s ajustada de la candidatura. No hay que llevarlo al extremo","og_url":"https:\/\/empresas.infoempleo.com\/hrtrends\/microgestos-puedes-entender-a-candidatos-y-empleados-a-traves-de-ellos\/","og_site_name":"HRTRENDS","article_publisher":"https:\/\/www.facebook.com\/Infoempleo","article_published_time":"2022-04-18T06:22:10+00:00","article_modified_time":"2022-04-18T15:52:31+00:00","og_image":[{"width":800,"height":534,"url":"https:\/\/empresas.infoempleo.com\/hrtrends\/media\/2022\/04\/HRTrends_Microgestos_A.jpg","type":"image\/jpeg"}],"author":"Raquel Hern\u00e1ndez","twitter_card":"summary_large_image","twitter_creator":"@infoempleo","twitter_site":"@infoempleo","twitter_misc":{"Escrito por":"Raquel Hern\u00e1ndez","Tiempo de lectura":"3 minutos"},"schema":{"@context":"https:\/\/schema.org","@graph":[{"@type":"NewsArticle","@id":"https:\/\/empresas.infoempleo.com\/hrtrends\/microgestos-puedes-entender-a-candidatos-y-empleados-a-traves-de-ellos\/#article","isPartOf":{"@id":"https:\/\/empresas.infoempleo.com\/hrtrends\/microgestos-puedes-entender-a-candidatos-y-empleados-a-traves-de-ellos\/"},"author":{"name":"Raquel Hern\u00e1ndez","@id":"https:\/\/empresas.infoempleo.com\/hrtrends\/#\/schema\/person\/fb2f949a1461ff0e9e15996d82d3a787"},"headline":"Microgestos: \u00bfPuedes entender a candidatos y empleados a trav\u00e9s de ellos?","datePublished":"2022-04-18T06:22:10+00:00","dateModified":"2022-04-18T15:52:31+00:00","mainEntityOfPage":{"@id":"https:\/\/empresas.infoempleo.com\/hrtrends\/microgestos-puedes-entender-a-candidatos-y-empleados-a-traves-de-ellos\/"},"wordCount":552,"publisher":{"@id":"https:\/\/empresas.infoempleo.com\/hrtrends\/#organization"},"image":{"@id":"https:\/\/empresas.infoempleo.com\/hrtrends\/microgestos-puedes-entender-a-candidatos-y-empleados-a-traves-de-ellos\/#primaryimage"},"thumbnailUrl":"https:\/\/empresas.infoempleo.com\/hrtrends\/media\/2022\/04\/HRTrends_Microgestos_A.jpg","keywords":["consejos","reclutamiento","selecci\u00f3n"],"articleSection":["Recruiter branding"],"inLanguage":"es","copyrightYear":"2022","copyrightHolder":{"@id":"https:\/\/empresas.infoempleo.com\/hrtrends\/#organization"}},{"@type":"WebPage","@id":"https:\/\/empresas.infoempleo.com\/hrtrends\/microgestos-puedes-entender-a-candidatos-y-empleados-a-traves-de-ellos\/","url":"https:\/\/empresas.infoempleo.com\/hrtrends\/microgestos-puedes-entender-a-candidatos-y-empleados-a-traves-de-ellos\/","name":"Microgestos y comunicaci\u00f3n no verbal en las entrevistas de trabajo","isPartOf":{"@id":"https:\/\/empresas.infoempleo.com\/hrtrends\/#website"},"primaryImageOfPage":{"@id":"https:\/\/empresas.infoempleo.com\/hrtrends\/microgestos-puedes-entender-a-candidatos-y-empleados-a-traves-de-ellos\/#primaryimage"},"image":{"@id":"https:\/\/empresas.infoempleo.com\/hrtrends\/microgestos-puedes-entender-a-candidatos-y-empleados-a-traves-de-ellos\/#primaryimage"},"thumbnailUrl":"https:\/\/empresas.infoempleo.com\/hrtrends\/media\/2022\/04\/HRTrends_Microgestos_A.jpg","datePublished":"2022-04-18T06:22:10+00:00","dateModified":"2022-04-18T15:52:31+00:00","description":"Como reclutador debes estar atento a los microgestos que te van a permitir hacerte una idea m\u00e1s ajustada de la candidatura. No hay que llevarlo al extremo","breadcrumb":{"@id":"https:\/\/empresas.infoempleo.com\/hrtrends\/microgestos-puedes-entender-a-candidatos-y-empleados-a-traves-de-ellos\/#breadcrumb"},"inLanguage":"es","potentialAction":[{"@type":"ReadAction","target":["https:\/\/empresas.infoempleo.com\/hrtrends\/microgestos-puedes-entender-a-candidatos-y-empleados-a-traves-de-ellos\/"]}]},{"@type":"ImageObject","inLanguage":"es","@id":"https:\/\/empresas.infoempleo.com\/hrtrends\/microgestos-puedes-entender-a-candidatos-y-empleados-a-traves-de-ellos\/#primaryimage","url":"https:\/\/empresas.infoempleo.com\/hrtrends\/media\/2022\/04\/HRTrends_Microgestos_A-150x150.jpg","contentUrl":"https:\/\/empresas.infoempleo.com\/hrtrends\/media\/2022\/04\/HRTrends_Microgestos_A-150x150.jpg","width":150,"height":150},{"@type":"BreadcrumbList","@id":"https:\/\/empresas.infoempleo.com\/hrtrends\/microgestos-puedes-entender-a-candidatos-y-empleados-a-traves-de-ellos\/#breadcrumb","itemListElement":[{"@type":"ListItem","position":1,"name":"Portada","item":"https:\/\/empresas.infoempleo.com\/hrtrends\/"},{"@type":"ListItem","position":2,"name":"Microgestos: \u00bfPuedes entender a candidatos y empleados a trav\u00e9s de ellos?"}]},{"@type":"WebSite","@id":"https:\/\/empresas.infoempleo.com\/hrtrends\/#website","url":"https:\/\/empresas.infoempleo.com\/hrtrends","name":"HRTrends by Infoempleo","description":"","publisher":{"@id":"https:\/\/empresas.infoempleo.com\/hrtrends\/#organization"},"potentialAction":{"@type":"SearchAction","target":"https:\/\/empresas.infoempleo.com\/hrtrends\/?s={search_term_string}","query-input":"required name=search_term_string"},"inLanguage":"es"},{"@type":"Organization","@id":"https:\/\/empresas.infoempleo.com\/hrtrends\/#organization","name":"Infoempleo","url":"https:\/\/www.infoempleo.com\/","logo":{"@type":"ImageObject","@id":"https:\/\/empresas.infoempleo.com\/hrtrends\/#logo","inLanguage":"es","url":"https:\/\/cdnazure.infoempleo.com\/infoempleo\/assets\/style\/gfx\/logo.svg","contentUrl":"https:\/\/cdnazure.infoempleo.com\/infoempleo\/assets\/style\/gfx\/logo.svg","width":150,"height":40,"caption":"Infoempleo"},"image":{"@id":"https:\/\/empresas.infoempleo.com\/hrtrends\/#logo"},"sameAs":["https:\/\/www.facebook.com\/Infoempleo","https:\/\/x.com\/infoempleo","http:\/\/instagram.com\/infoempleo\/","http:\/\/www.linkedin.com\/groups\/Empleo-Espa\u00f1a-Infoempleocom-111276","http:\/\/pinterest.com\/infoempleo\/"],"address":{"@type":"PostalAddress","addressLocality":"Madrid","postalCode":"28050","streetAddress":"Avenida de Burgos 114"},"brand":["Infoempleo"]},{"@type":"Person","@id":"https:\/\/empresas.infoempleo.com\/hrtrends\/#\/schema\/person\/fb2f949a1461ff0e9e15996d82d3a787","name":"Raquel Hern\u00e1ndez","image":{"@type":"ImageObject","inLanguage":"es","@id":"https:\/\/empresas.infoempleo.com\/hrtrends\/#\/schema\/person\/image\/","url":"https:\/\/secure.gravatar.com\/avatar\/4ccd374b24ab5eefd1b7681d8be968df221a577fa3ffa9dc4bb4b537645dc6a2?s=96&d=mm&r=g","contentUrl":"https:\/\/secure.gravatar.com\/avatar\/4ccd374b24ab5eefd1b7681d8be968df221a577fa3ffa9dc4bb4b537645dc6a2?s=96&d=mm&r=g","caption":"Raquel Hern\u00e1ndez"},"description":"M\u00e1ster en Filosof\u00eda Contempor\u00e1nea y Diploma Experto en Salud y G\u00e9nero. Extensa experiencia profesional como directora y productora de eventos culturales, especializada en el sector editorial. Lectora profesional y redactora de contenidos relacionados con el empleo, la innovaci\u00f3n y la educaci\u00f3n.","url":"https:\/\/empresas.infoempleo.com\/hrtrends\/author\/raquel-hernandez\/"}]}},"amp_enabled":true,"_links":{"self":[{"href":"https:\/\/empresas.infoempleo.com\/hrtrends\/wp-json\/wp\/v2\/posts\/40203","targetHints":{"allow":["GET"]}}],"collection":[{"href":"https:\/\/empresas.infoempleo.com\/hrtrends\/wp-json\/wp\/v2\/posts"}],"about":[{"href":"https:\/\/empresas.infoempleo.com\/hrtrends\/wp-json\/wp\/v2\/types\/post"}],"author":[{"embeddable":true,"href":"https:\/\/empresas.infoempleo.com\/hrtrends\/wp-json\/wp\/v2\/users\/136"}],"replies":[{"embeddable":true,"href":"https:\/\/empresas.infoempleo.com\/hrtrends\/wp-json\/wp\/v2\/comments?post=40203"}],"version-history":[{"count":4,"href":"https:\/\/empresas.infoempleo.com\/hrtrends\/wp-json\/wp\/v2\/posts\/40203\/revisions"}],"predecessor-version":[{"id":40224,"href":"https:\/\/empresas.infoempleo.com\/hrtrends\/wp-json\/wp\/v2\/posts\/40203\/revisions\/40224"}],"wp:featuredmedia":[{"embeddable":true,"href":"https:\/\/empresas.infoempleo.com\/hrtrends\/wp-json\/wp\/v2\/media\/40206"}],"wp:attachment":[{"href":"https:\/\/empresas.infoempleo.com\/hrtrends\/wp-json\/wp\/v2\/media?parent=40203"}],"wp:term":[{"taxonomy":"category","embeddable":true,"href":"https:\/\/empresas.infoempleo.com\/hrtrends\/wp-json\/wp\/v2\/categories?post=40203"},{"taxonomy":"post_tag","embeddable":true,"href":"https:\/\/empresas.infoempleo.com\/hrtrends\/wp-json\/wp\/v2\/tags?post=40203"}],"curies":[{"name":"wp","href":"https:\/\/api.w.org\/{rel}","templated":true}]}}