{"id":400,"date":"2009-01-12T16:39:24","date_gmt":"2009-01-12T15:39:24","guid":{"rendered":"http:\/\/blog.infoempleo.com\/?p=400"},"modified":"2018-05-24T09:24:07","modified_gmt":"2018-05-24T07:24:07","slug":"una-vision-diferente-de-la-consultoria-soy-consultor-con-perdon","status":"publish","type":"post","link":"https:\/\/empresas.infoempleo.com\/hrtrends\/una-vision-diferente-de-la-consultoria-soy-consultor-con-perdon\/","title":{"rendered":"Una visi\u00f3n diferente de la consultor\u00eda. Soy consultor (con perd\u00f3n)"},"content":{"rendered":"<p>T\u00e9cnica, arte,&#8230; y mucho humor. Carlos Abad\u00eda, socio del Grupo Sonnenfeld, <strong>aborda el universo de la consultor\u00eda desde una perspectiva diferente a la habitual<\/strong>, en la que la confianza y el sentido com\u00fan deben lidiar con el d\u00eda a d\u00eda de una empresa, habitualmente sumida en el s\u00edndrome del <em>burn out. <\/em><\/p>\n<p>Ser consultor no se improvisa. Como toda profesi\u00f3n, tiene unas claves que hay que entender para triunfar, relacionadas con el saber, el querer y el hacer. <strong>En el libro se aborda, con libertad de esp\u00edritu, buen humor y muy poco dramatismo todo lo que se debe hacer para ser un consultor exitoso y mucho de lo que no hay que hacer.<\/strong> La consultor\u00eda tiene mucho de arte, mucho de t\u00e9cnica y much\u00edsimo de sentido com\u00fan.<\/p>\n<p>Adem\u00e1s hay que venderla. El vendedor de consultor\u00eda es consultor, y el consultor es vendedor de consultor\u00eda. Lo que se vende es confianza. El consultor nunca vende humo. Vende aire fresco en un ambiente m\u00e1s o menos viciado. El humo lo venden los chamuscados de esp\u00edritu.<br \/>\nSer consultor no es f\u00e1cil. Y por eso no lo es cualquiera. El consultor aut\u00e9ntico conoce al cliente y lo que necesita. Y no enga\u00f1a. Por eso, entre cliente y consultor la palabra siempre es la misma: compromiso, que nace de la confianza mutua.<\/p>\n<p>Y todo esto hay que hacerlo con humor, ilusi\u00f3n y pasi\u00f3n. El consultor tiene uno de los trabajos m\u00e1s bonitos y notables que una persona puede hacer: ayudar a las empresas y a las personas a mejorar.<\/p>\n<div class=\"txt_resumen prela\"><strong>Autores:<\/strong> Carlos Abad\u00eda<\/div>\n<div class=\"txt_resumen prela\"><strong>Editorial:<\/strong> Empresa activa<\/div>\n<div class=\"txt_resumen prela\"><strong>ISBN:<\/strong>\u00a0978-84-92452-14-9<\/div>\n<div class=\"txt_resumen prela\"><strong>Precio:<\/strong>\u00a013,50 \u20ac<\/div>\n<div class=\"txt_resumen prela\"><\/div>\n<div class=\"txt_resumen prela\"><strong>Aqu\u00ed os dejo un v\u00eddeo del autor <\/strong><\/div>\n<div class=\"txt_resumen prela\"><strong>\u00a0<\/strong><\/div>\n<div class=\"txt_resumen prela\"><\/div>\n","protected":false},"excerpt":{"rendered":"<p>T\u00e9cnica, arte,&#8230; y mucho humor. Carlos Abad\u00eda, socio del Grupo Sonnenfeld, aborda el universo de la consultor\u00eda desde<a class=\"moretag\" href=\"https:\/\/empresas.infoempleo.com\/hrtrends\/una-vision-diferente-de-la-consultoria-soy-consultor-con-perdon\/\"> Leer m\u00e1s<\/a><\/p>\n","protected":false},"author":72,"featured_media":30845,"comment_status":"closed","ping_status":"open","sticky":false,"template":"","format":"standard","meta":{"footnotes":""},"categories":[3],"tags":[41],"class_list":["post-400","post","type-post","status-publish","format-standard","has-post-thumbnail","hentry","category-actualidad","tag-consultoria"],"yoast_head":"<!-- This site is optimized with the Yoast SEO plugin v26.1.1 - https:\/\/yoast.com\/wordpress\/plugins\/seo\/ -->\n<title>Una visi\u00f3n diferente de la consultor\u00eda. Soy consultor (con perd\u00f3n) | HRTRENDS<\/title>\n<meta name=\"robots\" content=\"index, follow, max-snippet:-1, max-image-preview:large, max-video-preview:-1\" \/>\n<link rel=\"canonical\" href=\"https:\/\/empresas.infoempleo.com\/hrtrends\/una-vision-diferente-de-la-consultoria-soy-consultor-con-perdon\/\" \/>\n<meta property=\"og:locale\" content=\"es_ES\" \/>\n<meta property=\"og:type\" content=\"article\" \/>\n<meta property=\"og:title\" content=\"Una visi\u00f3n diferente de la consultor\u00eda. Soy consultor (con perd\u00f3n) | HRTRENDS\" \/>\n<meta property=\"og:description\" content=\"T\u00e9cnica, arte,&#8230; y mucho humor. Carlos Abad\u00eda, socio del Grupo Sonnenfeld, aborda el universo de la consultor\u00eda desde Leer m\u00e1s\" \/>\n<meta property=\"og:url\" content=\"https:\/\/empresas.infoempleo.com\/hrtrends\/una-vision-diferente-de-la-consultoria-soy-consultor-con-perdon\/\" \/>\n<meta property=\"og:site_name\" content=\"HRTRENDS\" \/>\n<meta property=\"article:publisher\" content=\"https:\/\/www.facebook.com\/Infoempleo\" \/>\n<meta property=\"article:published_time\" content=\"2009-01-12T15:39:24+00:00\" \/>\n<meta property=\"article:modified_time\" content=\"2018-05-24T07:24:07+00:00\" \/>\n<meta property=\"og:image\" content=\"https:\/\/empresas.infoempleo.com\/hrtrends\/media\/2009\/01\/pexels-photo-70292-e1499333497135.jpeg\" \/>\n\t<meta property=\"og:image:width\" content=\"800\" \/>\n\t<meta property=\"og:image:height\" content=\"534\" \/>\n\t<meta property=\"og:image:type\" content=\"image\/jpeg\" \/>\n<meta name=\"author\" content=\"infoempleo\" \/>\n<meta name=\"twitter:card\" content=\"summary_large_image\" \/>\n<meta name=\"twitter:creator\" content=\"@infoempleo\" \/>\n<meta name=\"twitter:site\" content=\"@infoempleo\" \/>\n<meta name=\"twitter:label1\" content=\"Escrito por\" \/>\n\t<meta name=\"twitter:data1\" content=\"infoempleo\" \/>\n\t<meta name=\"twitter:label2\" content=\"Tiempo de lectura\" \/>\n\t<meta name=\"twitter:data2\" content=\"1 minuto\" \/>\n<script type=\"application\/ld+json\" class=\"yoast-schema-graph\">{\"@context\":\"https:\/\/schema.org\",\"@graph\":[{\"@type\":\"NewsArticle\",\"@id\":\"https:\/\/empresas.infoempleo.com\/hrtrends\/una-vision-diferente-de-la-consultoria-soy-consultor-con-perdon\/#article\",\"isPartOf\":{\"@id\":\"https:\/\/empresas.infoempleo.com\/hrtrends\/una-vision-diferente-de-la-consultoria-soy-consultor-con-perdon\/\"},\"author\":{\"name\":\"infoempleo\",\"@id\":\"https:\/\/empresas.infoempleo.com\/hrtrends\/#\/schema\/person\/67d3e276ffcc8b3ae0ebec816daf775a\"},\"headline\":\"Una visi\u00f3n diferente de la consultor\u00eda. Soy consultor (con perd\u00f3n)\",\"datePublished\":\"2009-01-12T15:39:24+00:00\",\"dateModified\":\"2018-05-24T07:24:07+00:00\",\"mainEntityOfPage\":{\"@id\":\"https:\/\/empresas.infoempleo.com\/hrtrends\/una-vision-diferente-de-la-consultoria-soy-consultor-con-perdon\/\"},\"wordCount\":311,\"publisher\":{\"@id\":\"https:\/\/empresas.infoempleo.com\/hrtrends\/#organization\"},\"image\":{\"@id\":\"https:\/\/empresas.infoempleo.com\/hrtrends\/una-vision-diferente-de-la-consultoria-soy-consultor-con-perdon\/#primaryimage\"},\"thumbnailUrl\":\"https:\/\/empresas.infoempleo.com\/hrtrends\/media\/2009\/01\/pexels-photo-70292-e1499333497135.jpeg\",\"keywords\":[\"consultor\u00eda\"],\"articleSection\":[\"Actualidad\"],\"inLanguage\":\"es\",\"copyrightYear\":\"2009\",\"copyrightHolder\":{\"@id\":\"https:\/\/empresas.infoempleo.com\/hrtrends\/#organization\"}},{\"@type\":\"WebPage\",\"@id\":\"https:\/\/empresas.infoempleo.com\/hrtrends\/una-vision-diferente-de-la-consultoria-soy-consultor-con-perdon\/\",\"url\":\"https:\/\/empresas.infoempleo.com\/hrtrends\/una-vision-diferente-de-la-consultoria-soy-consultor-con-perdon\/\",\"name\":\"Una visi\u00f3n diferente de la consultor\u00eda. Soy consultor (con perd\u00f3n) | HRTRENDS\",\"isPartOf\":{\"@id\":\"https:\/\/empresas.infoempleo.com\/hrtrends\/#website\"},\"primaryImageOfPage\":{\"@id\":\"https:\/\/empresas.infoempleo.com\/hrtrends\/una-vision-diferente-de-la-consultoria-soy-consultor-con-perdon\/#primaryimage\"},\"image\":{\"@id\":\"https:\/\/empresas.infoempleo.com\/hrtrends\/una-vision-diferente-de-la-consultoria-soy-consultor-con-perdon\/#primaryimage\"},\"thumbnailUrl\":\"https:\/\/empresas.infoempleo.com\/hrtrends\/media\/2009\/01\/pexels-photo-70292-e1499333497135.jpeg\",\"datePublished\":\"2009-01-12T15:39:24+00:00\",\"dateModified\":\"2018-05-24T07:24:07+00:00\",\"breadcrumb\":{\"@id\":\"https:\/\/empresas.infoempleo.com\/hrtrends\/una-vision-diferente-de-la-consultoria-soy-consultor-con-perdon\/#breadcrumb\"},\"inLanguage\":\"es\",\"potentialAction\":[{\"@type\":\"ReadAction\",\"target\":[\"https:\/\/empresas.infoempleo.com\/hrtrends\/una-vision-diferente-de-la-consultoria-soy-consultor-con-perdon\/\"]}]},{\"@type\":\"ImageObject\",\"inLanguage\":\"es\",\"@id\":\"https:\/\/empresas.infoempleo.com\/hrtrends\/una-vision-diferente-de-la-consultoria-soy-consultor-con-perdon\/#primaryimage\",\"url\":\"https:\/\/empresas.infoempleo.com\/hrtrends\/media\/2009\/01\/pexels-photo-70292-e1499333497135-150x150.jpeg\",\"contentUrl\":\"https:\/\/empresas.infoempleo.com\/hrtrends\/media\/2009\/01\/pexels-photo-70292-e1499333497135-150x150.jpeg\",\"width\":150,\"height\":150,\"caption\":\"Consultor\"},{\"@type\":\"BreadcrumbList\",\"@id\":\"https:\/\/empresas.infoempleo.com\/hrtrends\/una-vision-diferente-de-la-consultoria-soy-consultor-con-perdon\/#breadcrumb\",\"itemListElement\":[{\"@type\":\"ListItem\",\"position\":1,\"name\":\"Portada\",\"item\":\"https:\/\/empresas.infoempleo.com\/hrtrends\/\"},{\"@type\":\"ListItem\",\"position\":2,\"name\":\"Una visi\u00f3n diferente de la consultor\u00eda. Soy consultor (con perd\u00f3n)\"}]},{\"@type\":\"WebSite\",\"@id\":\"https:\/\/empresas.infoempleo.com\/hrtrends\/#website\",\"url\":\"https:\/\/empresas.infoempleo.com\/hrtrends\",\"name\":\"HRTrends by Infoempleo\",\"description\":\"\",\"publisher\":{\"@id\":\"https:\/\/empresas.infoempleo.com\/hrtrends\/#organization\"},\"potentialAction\":{\"@type\":\"SearchAction\",\"target\":\"https:\/\/empresas.infoempleo.com\/hrtrends\/?s={search_term_string}\",\"query-input\":\"required name=search_term_string\"},\"inLanguage\":\"es\"},{\"@type\":\"Organization\",\"@id\":\"https:\/\/empresas.infoempleo.com\/hrtrends\/#organization\",\"name\":\"Infoempleo\",\"url\":\"https:\/\/www.infoempleo.com\/\",\"logo\":{\"@type\":\"ImageObject\",\"@id\":\"https:\/\/empresas.infoempleo.com\/hrtrends\/#logo\",\"inLanguage\":\"es\",\"url\":\"https:\/\/cdnazure.infoempleo.com\/infoempleo\/assets\/style\/gfx\/logo.svg\",\"contentUrl\":\"https:\/\/cdnazure.infoempleo.com\/infoempleo\/assets\/style\/gfx\/logo.svg\",\"width\":150,\"height\":40,\"caption\":\"Infoempleo\"},\"image\":{\"@id\":\"https:\/\/empresas.infoempleo.com\/hrtrends\/#logo\"},\"sameAs\":[\"https:\/\/www.facebook.com\/Infoempleo\",\"https:\/\/x.com\/infoempleo\",\"http:\/\/instagram.com\/infoempleo\/\",\"http:\/\/www.linkedin.com\/groups\/Empleo-Espa\u00f1a-Infoempleocom-111276\",\"http:\/\/pinterest.com\/infoempleo\/\"],\"address\":{\"@type\":\"PostalAddress\",\"addressLocality\":\"Madrid\",\"postalCode\":\"28050\",\"streetAddress\":\"Avenida de Burgos 114\"},\"brand\":[\"Infoempleo\"]},{\"@type\":\"Person\",\"@id\":\"https:\/\/empresas.infoempleo.com\/hrtrends\/#\/schema\/person\/67d3e276ffcc8b3ae0ebec816daf775a\",\"name\":\"infoempleo\",\"image\":{\"@type\":\"ImageObject\",\"inLanguage\":\"es\",\"@id\":\"https:\/\/empresas.infoempleo.com\/hrtrends\/#\/schema\/person\/image\/\",\"url\":\"https:\/\/secure.gravatar.com\/avatar\/7b437777242fe67d2473c2a818da2344692d1ee91e91080ccffbd97bcd4a0975?s=96&d=mm&r=g\",\"contentUrl\":\"https:\/\/secure.gravatar.com\/avatar\/7b437777242fe67d2473c2a818da2344692d1ee91e91080ccffbd97bcd4a0975?s=96&d=mm&r=g\",\"caption\":\"infoempleo\"},\"url\":\"https:\/\/empresas.infoempleo.com\/hrtrends\/author\/infoempleo\/\"}]}<\/script>\n<!-- \/ Yoast SEO plugin. -->","yoast_head_json":{"title":"Una visi\u00f3n diferente de la consultor\u00eda. Soy consultor (con perd\u00f3n) | HRTRENDS","robots":{"index":"index","follow":"follow","max-snippet":"max-snippet:-1","max-image-preview":"max-image-preview:large","max-video-preview":"max-video-preview:-1"},"canonical":"https:\/\/empresas.infoempleo.com\/hrtrends\/una-vision-diferente-de-la-consultoria-soy-consultor-con-perdon\/","og_locale":"es_ES","og_type":"article","og_title":"Una visi\u00f3n diferente de la consultor\u00eda. Soy consultor (con perd\u00f3n) | HRTRENDS","og_description":"T\u00e9cnica, arte,&#8230; y mucho humor. Carlos Abad\u00eda, socio del Grupo Sonnenfeld, aborda el universo de la consultor\u00eda desde Leer m\u00e1s","og_url":"https:\/\/empresas.infoempleo.com\/hrtrends\/una-vision-diferente-de-la-consultoria-soy-consultor-con-perdon\/","og_site_name":"HRTRENDS","article_publisher":"https:\/\/www.facebook.com\/Infoempleo","article_published_time":"2009-01-12T15:39:24+00:00","article_modified_time":"2018-05-24T07:24:07+00:00","og_image":[{"width":800,"height":534,"url":"https:\/\/empresas.infoempleo.com\/hrtrends\/media\/2009\/01\/pexels-photo-70292-e1499333497135.jpeg","type":"image\/jpeg"}],"author":"infoempleo","twitter_card":"summary_large_image","twitter_creator":"@infoempleo","twitter_site":"@infoempleo","twitter_misc":{"Escrito por":"infoempleo","Tiempo de lectura":"1 minuto"},"schema":{"@context":"https:\/\/schema.org","@graph":[{"@type":"NewsArticle","@id":"https:\/\/empresas.infoempleo.com\/hrtrends\/una-vision-diferente-de-la-consultoria-soy-consultor-con-perdon\/#article","isPartOf":{"@id":"https:\/\/empresas.infoempleo.com\/hrtrends\/una-vision-diferente-de-la-consultoria-soy-consultor-con-perdon\/"},"author":{"name":"infoempleo","@id":"https:\/\/empresas.infoempleo.com\/hrtrends\/#\/schema\/person\/67d3e276ffcc8b3ae0ebec816daf775a"},"headline":"Una visi\u00f3n diferente de la consultor\u00eda. Soy consultor (con perd\u00f3n)","datePublished":"2009-01-12T15:39:24+00:00","dateModified":"2018-05-24T07:24:07+00:00","mainEntityOfPage":{"@id":"https:\/\/empresas.infoempleo.com\/hrtrends\/una-vision-diferente-de-la-consultoria-soy-consultor-con-perdon\/"},"wordCount":311,"publisher":{"@id":"https:\/\/empresas.infoempleo.com\/hrtrends\/#organization"},"image":{"@id":"https:\/\/empresas.infoempleo.com\/hrtrends\/una-vision-diferente-de-la-consultoria-soy-consultor-con-perdon\/#primaryimage"},"thumbnailUrl":"https:\/\/empresas.infoempleo.com\/hrtrends\/media\/2009\/01\/pexels-photo-70292-e1499333497135.jpeg","keywords":["consultor\u00eda"],"articleSection":["Actualidad"],"inLanguage":"es","copyrightYear":"2009","copyrightHolder":{"@id":"https:\/\/empresas.infoempleo.com\/hrtrends\/#organization"}},{"@type":"WebPage","@id":"https:\/\/empresas.infoempleo.com\/hrtrends\/una-vision-diferente-de-la-consultoria-soy-consultor-con-perdon\/","url":"https:\/\/empresas.infoempleo.com\/hrtrends\/una-vision-diferente-de-la-consultoria-soy-consultor-con-perdon\/","name":"Una visi\u00f3n diferente de la consultor\u00eda. Soy consultor (con perd\u00f3n) | HRTRENDS","isPartOf":{"@id":"https:\/\/empresas.infoempleo.com\/hrtrends\/#website"},"primaryImageOfPage":{"@id":"https:\/\/empresas.infoempleo.com\/hrtrends\/una-vision-diferente-de-la-consultoria-soy-consultor-con-perdon\/#primaryimage"},"image":{"@id":"https:\/\/empresas.infoempleo.com\/hrtrends\/una-vision-diferente-de-la-consultoria-soy-consultor-con-perdon\/#primaryimage"},"thumbnailUrl":"https:\/\/empresas.infoempleo.com\/hrtrends\/media\/2009\/01\/pexels-photo-70292-e1499333497135.jpeg","datePublished":"2009-01-12T15:39:24+00:00","dateModified":"2018-05-24T07:24:07+00:00","breadcrumb":{"@id":"https:\/\/empresas.infoempleo.com\/hrtrends\/una-vision-diferente-de-la-consultoria-soy-consultor-con-perdon\/#breadcrumb"},"inLanguage":"es","potentialAction":[{"@type":"ReadAction","target":["https:\/\/empresas.infoempleo.com\/hrtrends\/una-vision-diferente-de-la-consultoria-soy-consultor-con-perdon\/"]}]},{"@type":"ImageObject","inLanguage":"es","@id":"https:\/\/empresas.infoempleo.com\/hrtrends\/una-vision-diferente-de-la-consultoria-soy-consultor-con-perdon\/#primaryimage","url":"https:\/\/empresas.infoempleo.com\/hrtrends\/media\/2009\/01\/pexels-photo-70292-e1499333497135-150x150.jpeg","contentUrl":"https:\/\/empresas.infoempleo.com\/hrtrends\/media\/2009\/01\/pexels-photo-70292-e1499333497135-150x150.jpeg","width":150,"height":150,"caption":"Consultor"},{"@type":"BreadcrumbList","@id":"https:\/\/empresas.infoempleo.com\/hrtrends\/una-vision-diferente-de-la-consultoria-soy-consultor-con-perdon\/#breadcrumb","itemListElement":[{"@type":"ListItem","position":1,"name":"Portada","item":"https:\/\/empresas.infoempleo.com\/hrtrends\/"},{"@type":"ListItem","position":2,"name":"Una visi\u00f3n diferente de la consultor\u00eda. Soy consultor (con perd\u00f3n)"}]},{"@type":"WebSite","@id":"https:\/\/empresas.infoempleo.com\/hrtrends\/#website","url":"https:\/\/empresas.infoempleo.com\/hrtrends","name":"HRTrends by Infoempleo","description":"","publisher":{"@id":"https:\/\/empresas.infoempleo.com\/hrtrends\/#organization"},"potentialAction":{"@type":"SearchAction","target":"https:\/\/empresas.infoempleo.com\/hrtrends\/?s={search_term_string}","query-input":"required name=search_term_string"},"inLanguage":"es"},{"@type":"Organization","@id":"https:\/\/empresas.infoempleo.com\/hrtrends\/#organization","name":"Infoempleo","url":"https:\/\/www.infoempleo.com\/","logo":{"@type":"ImageObject","@id":"https:\/\/empresas.infoempleo.com\/hrtrends\/#logo","inLanguage":"es","url":"https:\/\/cdnazure.infoempleo.com\/infoempleo\/assets\/style\/gfx\/logo.svg","contentUrl":"https:\/\/cdnazure.infoempleo.com\/infoempleo\/assets\/style\/gfx\/logo.svg","width":150,"height":40,"caption":"Infoempleo"},"image":{"@id":"https:\/\/empresas.infoempleo.com\/hrtrends\/#logo"},"sameAs":["https:\/\/www.facebook.com\/Infoempleo","https:\/\/x.com\/infoempleo","http:\/\/instagram.com\/infoempleo\/","http:\/\/www.linkedin.com\/groups\/Empleo-Espa\u00f1a-Infoempleocom-111276","http:\/\/pinterest.com\/infoempleo\/"],"address":{"@type":"PostalAddress","addressLocality":"Madrid","postalCode":"28050","streetAddress":"Avenida de Burgos 114"},"brand":["Infoempleo"]},{"@type":"Person","@id":"https:\/\/empresas.infoempleo.com\/hrtrends\/#\/schema\/person\/67d3e276ffcc8b3ae0ebec816daf775a","name":"infoempleo","image":{"@type":"ImageObject","inLanguage":"es","@id":"https:\/\/empresas.infoempleo.com\/hrtrends\/#\/schema\/person\/image\/","url":"https:\/\/secure.gravatar.com\/avatar\/7b437777242fe67d2473c2a818da2344692d1ee91e91080ccffbd97bcd4a0975?s=96&d=mm&r=g","contentUrl":"https:\/\/secure.gravatar.com\/avatar\/7b437777242fe67d2473c2a818da2344692d1ee91e91080ccffbd97bcd4a0975?s=96&d=mm&r=g","caption":"infoempleo"},"url":"https:\/\/empresas.infoempleo.com\/hrtrends\/author\/infoempleo\/"}]}},"amp_enabled":true,"_links":{"self":[{"href":"https:\/\/empresas.infoempleo.com\/hrtrends\/wp-json\/wp\/v2\/posts\/400","targetHints":{"allow":["GET"]}}],"collection":[{"href":"https:\/\/empresas.infoempleo.com\/hrtrends\/wp-json\/wp\/v2\/posts"}],"about":[{"href":"https:\/\/empresas.infoempleo.com\/hrtrends\/wp-json\/wp\/v2\/types\/post"}],"author":[{"embeddable":true,"href":"https:\/\/empresas.infoempleo.com\/hrtrends\/wp-json\/wp\/v2\/users\/72"}],"replies":[{"embeddable":true,"href":"https:\/\/empresas.infoempleo.com\/hrtrends\/wp-json\/wp\/v2\/comments?post=400"}],"version-history":[{"count":0,"href":"https:\/\/empresas.infoempleo.com\/hrtrends\/wp-json\/wp\/v2\/posts\/400\/revisions"}],"wp:featuredmedia":[{"embeddable":true,"href":"https:\/\/empresas.infoempleo.com\/hrtrends\/wp-json\/wp\/v2\/media\/30845"}],"wp:attachment":[{"href":"https:\/\/empresas.infoempleo.com\/hrtrends\/wp-json\/wp\/v2\/media?parent=400"}],"wp:term":[{"taxonomy":"category","embeddable":true,"href":"https:\/\/empresas.infoempleo.com\/hrtrends\/wp-json\/wp\/v2\/categories?post=400"},{"taxonomy":"post_tag","embeddable":true,"href":"https:\/\/empresas.infoempleo.com\/hrtrends\/wp-json\/wp\/v2\/tags?post=400"}],"curies":[{"name":"wp","href":"https:\/\/api.w.org\/{rel}","templated":true}]}}