{"id":39951,"date":"2022-02-28T07:30:28","date_gmt":"2022-02-28T05:30:28","guid":{"rendered":"https:\/\/empresas.infoempleo.com\/hrtrends\/?p=39951"},"modified":"2022-02-25T15:17:37","modified_gmt":"2022-02-25T13:17:37","slug":"pasos-para-crear-una-universidad-corporativa-con-exito","status":"publish","type":"post","link":"https:\/\/empresas.infoempleo.com\/hrtrends\/pasos-para-crear-una-universidad-corporativa-con-exito\/","title":{"rendered":"Pasos para crear una universidad corporativa con \u00e9xito"},"content":{"rendered":"<p>Las <strong>Universidades Corporativas<\/strong> (UC) son un paso m\u00e1s en la <strong>formaci\u00f3n<\/strong> de la plantilla y los planes de <strong>aprendizaje<\/strong>. El concepto nace a principios de siglo XX como modelo de <strong>capacitaci\u00f3n<\/strong> continua, que tiene repercusiones positivas en la reputaci\u00f3n de la empresa y en la retenci\u00f3n del talento valioso. Sigue estos <strong>consejos<\/strong> y los <strong>pasos<\/strong> de Toni Ramos, que en el libro <em>Universidades corporativas: Forjando personas para ganar el futuro, <\/em>explica los pasos para crear una <strong>universidad corporativa con \u00e9xito<\/strong>. Implicar a la <strong>direcci\u00f3n<\/strong> ejecutiva y utilizar el <strong><em>e-learning<\/em><\/strong> son claves fundamentales.<\/p>\n<h2>Breve historia de la universidad corporativa<\/h2>\n<p>La <strong>Universidad Corporativa<\/strong> es un <strong>modelo<\/strong> emergente de <strong>capacitaci\u00f3n continua<\/strong> en el mundo corporativo y <a href=\"https:\/\/empresas.infoempleo.com\/hrtrends\/la-importancia-de-la-curva-de-aprendizaje\/\"><strong>aprendizaje<\/strong><\/a> continuo para los empleados. Propuesta norteamericana, que nace a principios de siglo XX, enfocada a mejorar la formaci\u00f3n de su plantilla, pero que adem\u00e1s redunda en un mejor <strong>posicionamiento de marca<\/strong>, lo que aumenta el <strong>valor comercial<\/strong> de la empresa. As\u00ed, las empresas ubican el <strong>aprendizaje<\/strong> firmemente dentro del contexto y las <strong>necesidades organizacionales<\/strong>.<\/p>\n<p>Desde entonces, la oferta de <strong>entidades<\/strong> de este tipo ha crecido y ahora es <strong>amplia y diversa,<\/strong> pudiendo entrar en la categor\u00eda otras similares como las Escuelas de Negocios Corporativos, la Universidad Virtual o el <em>Learning Center<\/em>. El <strong>esquema<\/strong> que predomina es el de la formaci\u00f3n del capital humano y la administraci\u00f3n del conocimiento. Y la <strong>metodolog\u00eda<\/strong> en la mayor\u00eda de los casos es el <a href=\"https:\/\/empresas.infoempleo.com\/hrtrends\/lms-para-empresas-que-quieren-gestionar-su-formacion-online\"><strong><em>e-learning<\/em><\/strong><\/a>. Tambi\u00e9n hay empresas que utilizan los <strong>MOOC<\/strong> (<em>Massive Open Online Course<\/em>), es decir, cursos masivos en l\u00ednea.<\/p>\n<p>Las <strong>universidades corporativas<\/strong> en cualquier caso se perciben como una oportunidad de captaci\u00f3n y <strong>retenci\u00f3n de talento<\/strong> cualificado. Deben preparar al <strong>talento del futuro<\/strong> para los retos y desaf\u00edos que vienen. As\u00ed, son consideradas como una<strong> inversi\u00f3n a largo plazo, <\/strong>quedando posicionadas a nivel estrat\u00e9gico. Las herramientas y plataformas colaborativas contribuyen, adem\u00e1s, a fortalecer el <strong><em>engagement<\/em><\/strong> de la plantilla.<\/p>\n<p><img loading=\"lazy\" decoding=\"async\" class=\"aligncenter wp-image-39952 size-full\" title=\"Gu\u00eda pr\u00e1ctica para crear una universidad corporativa con \u00e9xito\" src=\"https:\/\/empresas.infoempleo.com\/hrtrends\/media\/2022\/02\/HRTrends_Planes-de-formacion.jpg\" alt=\"Gu\u00eda pr\u00e1ctica para crear una universidad corporativa con \u00e9xito\" width=\"800\" height=\"450\" srcset=\"https:\/\/empresas.infoempleo.com\/hrtrends\/media\/2022\/02\/HRTrends_Planes-de-formacion.jpg 800w, https:\/\/empresas.infoempleo.com\/hrtrends\/media\/2022\/02\/HRTrends_Planes-de-formacion-300x169.jpg 300w, https:\/\/empresas.infoempleo.com\/hrtrends\/media\/2022\/02\/HRTrends_Planes-de-formacion-768x432.jpg 768w\" sizes=\"auto, (max-width: 800px) 100vw, 800px\" \/><\/p>\n<h2>Gu\u00eda pr\u00e1ctica para crear una UC con \u00e9xito<\/h2>\n<p>Siguiendo el libro <em>Universidades corporativas: Forjando personas para ganar el futuro<\/em>, de Toni Ramos, existen <strong>10 pasos clave<\/strong> para la implementaci\u00f3n de una <strong>universidad corporativa<\/strong>:<\/p>\n<ul>\n<li>Implicar a la <strong>direcci\u00f3n<\/strong> de la empresa en el cuadro directivo de la universidad corporativa. Este cambio significativo implica que la gesti\u00f3n de la UC reporta al equipo directivo de la organizaci\u00f3n y no necesariamente al departamento de recursos humanos.<\/li>\n<li>Elaborar la visi\u00f3n o plan <strong>estrat\u00e9gico<\/strong> de la universidad corporativa.<\/li>\n<li>Plantear la estrategia de <strong>financiaci\u00f3n<\/strong>.<\/li>\n<li>Determinar el <strong>p\u00fablico objetivo<\/strong>, es decir, aquellos grupos interesados en utilizar los servicios de la universidad corporativa.<\/li>\n<li>Relacionar las <strong>necesidades<\/strong> de la audiencia con los objetivos estrat\u00e9gicos de la compa\u00f1\u00eda, para que vayan alineados.<\/li>\n<li>Desarrollar un <strong>modelo que explique c\u00f3mo<\/strong> se van a conseguir los objetivos de la universidad corporativa a trav\u00e9s de los servicios de formaci\u00f3n: qu\u00e9 productos y servicios se van a ofrecer, as\u00ed como la metodolog\u00eda.<\/li>\n<li>Seleccionar <strong>proveedores y consultores<\/strong>, alcanzar acuerdos de colaboraci\u00f3n con escuelas de negocios y con universidades tradicionales, e incluso con otras universidades corporativas.<\/li>\n<li>Determinar los recursos necesarios y la <strong>tecnolog\u00eda<\/strong> que se va a utilizar.<\/li>\n<li>Dise\u00f1ar el sistema de <strong>evaluaci\u00f3n <\/strong>o de medici\u00f3n del rendimiento.<\/li>\n<li><strong>Comunicar peri\u00f3dicamente<\/strong> la visi\u00f3n de la universidad corporativa y la consecuci\u00f3n de sus logros.<\/li>\n<\/ul>\n","protected":false},"excerpt":{"rendered":"<p>Las Universidades Corporativas (UC) son un paso m\u00e1s en la formaci\u00f3n de la plantilla y los planes de<a class=\"moretag\" href=\"https:\/\/empresas.infoempleo.com\/hrtrends\/pasos-para-crear-una-universidad-corporativa-con-exito\/\"> Leer m\u00e1s<\/a><\/p>\n","protected":false},"author":136,"featured_media":39953,"comment_status":"closed","ping_status":"closed","sticky":false,"template":"","format":"standard","meta":{"footnotes":""},"categories":[3032],"tags":[596,89,3235],"class_list":["post-39951","post","type-post","status-publish","format-standard","has-post-thumbnail","hentry","category-formacion","tag-formacion-continua","tag-talento","tag-universidad-corporativa"],"yoast_head":"<!-- This site is optimized with the Yoast SEO plugin v26.1.1 - https:\/\/yoast.com\/wordpress\/plugins\/seo\/ -->\n<title>C\u00f3mo crear una universidad corporativa para tu empresa<\/title>\n<meta name=\"description\" content=\"Sigue los pasos de Toni Ramos para crear una universidad corporativa con \u00e9xito. Implicar a la direcci\u00f3n y utilizar el e-learning es fundamental.\" \/>\n<meta name=\"robots\" content=\"index, follow, max-snippet:-1, max-image-preview:large, max-video-preview:-1\" \/>\n<link rel=\"canonical\" href=\"https:\/\/empresas.infoempleo.com\/hrtrends\/pasos-para-crear-una-universidad-corporativa-con-exito\/\" \/>\n<meta property=\"og:locale\" content=\"es_ES\" \/>\n<meta property=\"og:type\" content=\"article\" \/>\n<meta property=\"og:title\" content=\"C\u00f3mo crear una universidad corporativa para tu empresa\" \/>\n<meta property=\"og:description\" content=\"Sigue los pasos de Toni Ramos para crear una universidad corporativa con \u00e9xito. Implicar a la direcci\u00f3n y utilizar el e-learning es fundamental.\" \/>\n<meta property=\"og:url\" content=\"https:\/\/empresas.infoempleo.com\/hrtrends\/pasos-para-crear-una-universidad-corporativa-con-exito\/\" \/>\n<meta property=\"og:site_name\" content=\"HRTRENDS\" \/>\n<meta property=\"article:publisher\" content=\"https:\/\/www.facebook.com\/Infoempleo\" \/>\n<meta property=\"article:published_time\" content=\"2022-02-28T05:30:28+00:00\" \/>\n<meta property=\"og:image\" content=\"https:\/\/empresas.infoempleo.com\/hrtrends\/media\/2022\/02\/HRTrends_Universidad-corporativa.jpg\" \/>\n\t<meta property=\"og:image:width\" content=\"881\" \/>\n\t<meta property=\"og:image:height\" content=\"587\" \/>\n\t<meta property=\"og:image:type\" content=\"image\/jpeg\" \/>\n<meta name=\"author\" content=\"Raquel Hern\u00e1ndez\" \/>\n<meta name=\"twitter:card\" content=\"summary_large_image\" \/>\n<meta name=\"twitter:creator\" content=\"@infoempleo\" \/>\n<meta name=\"twitter:site\" content=\"@infoempleo\" \/>\n<meta name=\"twitter:label1\" content=\"Escrito por\" \/>\n\t<meta name=\"twitter:data1\" content=\"Raquel Hern\u00e1ndez\" \/>\n\t<meta name=\"twitter:label2\" content=\"Tiempo de lectura\" \/>\n\t<meta name=\"twitter:data2\" content=\"3 minutos\" \/>\n<script type=\"application\/ld+json\" class=\"yoast-schema-graph\">{\"@context\":\"https:\/\/schema.org\",\"@graph\":[{\"@type\":\"NewsArticle\",\"@id\":\"https:\/\/empresas.infoempleo.com\/hrtrends\/pasos-para-crear-una-universidad-corporativa-con-exito\/#article\",\"isPartOf\":{\"@id\":\"https:\/\/empresas.infoempleo.com\/hrtrends\/pasos-para-crear-una-universidad-corporativa-con-exito\/\"},\"author\":{\"name\":\"Raquel Hern\u00e1ndez\",\"@id\":\"https:\/\/empresas.infoempleo.com\/hrtrends\/#\/schema\/person\/fb2f949a1461ff0e9e15996d82d3a787\"},\"headline\":\"Pasos para crear una universidad corporativa con \u00e9xito\",\"datePublished\":\"2022-02-28T05:30:28+00:00\",\"mainEntityOfPage\":{\"@id\":\"https:\/\/empresas.infoempleo.com\/hrtrends\/pasos-para-crear-una-universidad-corporativa-con-exito\/\"},\"wordCount\":578,\"publisher\":{\"@id\":\"https:\/\/empresas.infoempleo.com\/hrtrends\/#organization\"},\"image\":{\"@id\":\"https:\/\/empresas.infoempleo.com\/hrtrends\/pasos-para-crear-una-universidad-corporativa-con-exito\/#primaryimage\"},\"thumbnailUrl\":\"https:\/\/empresas.infoempleo.com\/hrtrends\/media\/2022\/02\/HRTrends_Universidad-corporativa.jpg\",\"keywords\":[\"Formaci\u00f3n Continua\",\"talento\",\"universidad corporativa\"],\"articleSection\":[\"Formaci\u00f3n\"],\"inLanguage\":\"es\",\"copyrightYear\":\"2022\",\"copyrightHolder\":{\"@id\":\"https:\/\/empresas.infoempleo.com\/hrtrends\/#organization\"}},{\"@type\":\"WebPage\",\"@id\":\"https:\/\/empresas.infoempleo.com\/hrtrends\/pasos-para-crear-una-universidad-corporativa-con-exito\/\",\"url\":\"https:\/\/empresas.infoempleo.com\/hrtrends\/pasos-para-crear-una-universidad-corporativa-con-exito\/\",\"name\":\"C\u00f3mo crear una universidad corporativa para tu empresa\",\"isPartOf\":{\"@id\":\"https:\/\/empresas.infoempleo.com\/hrtrends\/#website\"},\"primaryImageOfPage\":{\"@id\":\"https:\/\/empresas.infoempleo.com\/hrtrends\/pasos-para-crear-una-universidad-corporativa-con-exito\/#primaryimage\"},\"image\":{\"@id\":\"https:\/\/empresas.infoempleo.com\/hrtrends\/pasos-para-crear-una-universidad-corporativa-con-exito\/#primaryimage\"},\"thumbnailUrl\":\"https:\/\/empresas.infoempleo.com\/hrtrends\/media\/2022\/02\/HRTrends_Universidad-corporativa.jpg\",\"datePublished\":\"2022-02-28T05:30:28+00:00\",\"description\":\"Sigue los pasos de Toni Ramos para crear una universidad corporativa con \u00e9xito. Implicar a la direcci\u00f3n y utilizar el e-learning es fundamental.\",\"breadcrumb\":{\"@id\":\"https:\/\/empresas.infoempleo.com\/hrtrends\/pasos-para-crear-una-universidad-corporativa-con-exito\/#breadcrumb\"},\"inLanguage\":\"es\",\"potentialAction\":[{\"@type\":\"ReadAction\",\"target\":[\"https:\/\/empresas.infoempleo.com\/hrtrends\/pasos-para-crear-una-universidad-corporativa-con-exito\/\"]}]},{\"@type\":\"ImageObject\",\"inLanguage\":\"es\",\"@id\":\"https:\/\/empresas.infoempleo.com\/hrtrends\/pasos-para-crear-una-universidad-corporativa-con-exito\/#primaryimage\",\"url\":\"https:\/\/empresas.infoempleo.com\/hrtrends\/media\/2022\/02\/HRTrends_Universidad-corporativa-150x150.jpg\",\"contentUrl\":\"https:\/\/empresas.infoempleo.com\/hrtrends\/media\/2022\/02\/HRTrends_Universidad-corporativa-150x150.jpg\",\"width\":150,\"height\":150},{\"@type\":\"BreadcrumbList\",\"@id\":\"https:\/\/empresas.infoempleo.com\/hrtrends\/pasos-para-crear-una-universidad-corporativa-con-exito\/#breadcrumb\",\"itemListElement\":[{\"@type\":\"ListItem\",\"position\":1,\"name\":\"Portada\",\"item\":\"https:\/\/empresas.infoempleo.com\/hrtrends\/\"},{\"@type\":\"ListItem\",\"position\":2,\"name\":\"Pasos para crear una universidad corporativa con \u00e9xito\"}]},{\"@type\":\"WebSite\",\"@id\":\"https:\/\/empresas.infoempleo.com\/hrtrends\/#website\",\"url\":\"https:\/\/empresas.infoempleo.com\/hrtrends\",\"name\":\"HRTrends by Infoempleo\",\"description\":\"\",\"publisher\":{\"@id\":\"https:\/\/empresas.infoempleo.com\/hrtrends\/#organization\"},\"potentialAction\":{\"@type\":\"SearchAction\",\"target\":\"https:\/\/empresas.infoempleo.com\/hrtrends\/?s={search_term_string}\",\"query-input\":\"required name=search_term_string\"},\"inLanguage\":\"es\"},{\"@type\":\"Organization\",\"@id\":\"https:\/\/empresas.infoempleo.com\/hrtrends\/#organization\",\"name\":\"Infoempleo\",\"url\":\"https:\/\/www.infoempleo.com\/\",\"logo\":{\"@type\":\"ImageObject\",\"@id\":\"https:\/\/empresas.infoempleo.com\/hrtrends\/#logo\",\"inLanguage\":\"es\",\"url\":\"https:\/\/cdnazure.infoempleo.com\/infoempleo\/assets\/style\/gfx\/logo.svg\",\"contentUrl\":\"https:\/\/cdnazure.infoempleo.com\/infoempleo\/assets\/style\/gfx\/logo.svg\",\"width\":150,\"height\":40,\"caption\":\"Infoempleo\"},\"image\":{\"@id\":\"https:\/\/empresas.infoempleo.com\/hrtrends\/#logo\"},\"sameAs\":[\"https:\/\/www.facebook.com\/Infoempleo\",\"https:\/\/x.com\/infoempleo\",\"http:\/\/instagram.com\/infoempleo\/\",\"http:\/\/www.linkedin.com\/groups\/Empleo-Espa\u00f1a-Infoempleocom-111276\",\"http:\/\/pinterest.com\/infoempleo\/\"],\"address\":{\"@type\":\"PostalAddress\",\"addressLocality\":\"Madrid\",\"postalCode\":\"28050\",\"streetAddress\":\"Avenida de Burgos 114\"},\"brand\":[\"Infoempleo\"]},{\"@type\":\"Person\",\"@id\":\"https:\/\/empresas.infoempleo.com\/hrtrends\/#\/schema\/person\/fb2f949a1461ff0e9e15996d82d3a787\",\"name\":\"Raquel Hern\u00e1ndez\",\"image\":{\"@type\":\"ImageObject\",\"inLanguage\":\"es\",\"@id\":\"https:\/\/empresas.infoempleo.com\/hrtrends\/#\/schema\/person\/image\/\",\"url\":\"https:\/\/secure.gravatar.com\/avatar\/4ccd374b24ab5eefd1b7681d8be968df221a577fa3ffa9dc4bb4b537645dc6a2?s=96&d=mm&r=g\",\"contentUrl\":\"https:\/\/secure.gravatar.com\/avatar\/4ccd374b24ab5eefd1b7681d8be968df221a577fa3ffa9dc4bb4b537645dc6a2?s=96&d=mm&r=g\",\"caption\":\"Raquel Hern\u00e1ndez\"},\"description\":\"M\u00e1ster en Filosof\u00eda Contempor\u00e1nea y Diploma Experto en Salud y G\u00e9nero. Extensa experiencia profesional como directora y productora de eventos culturales, especializada en el sector editorial. Lectora profesional y redactora de contenidos relacionados con el empleo, la innovaci\u00f3n y la educaci\u00f3n.\",\"url\":\"https:\/\/empresas.infoempleo.com\/hrtrends\/author\/raquel-hernandez\/\"}]}<\/script>\n<!-- \/ Yoast SEO plugin. -->","yoast_head_json":{"title":"C\u00f3mo crear una universidad corporativa para tu empresa","description":"Sigue los pasos de Toni Ramos para crear una universidad corporativa con \u00e9xito. Implicar a la direcci\u00f3n y utilizar el e-learning es fundamental.","robots":{"index":"index","follow":"follow","max-snippet":"max-snippet:-1","max-image-preview":"max-image-preview:large","max-video-preview":"max-video-preview:-1"},"canonical":"https:\/\/empresas.infoempleo.com\/hrtrends\/pasos-para-crear-una-universidad-corporativa-con-exito\/","og_locale":"es_ES","og_type":"article","og_title":"C\u00f3mo crear una universidad corporativa para tu empresa","og_description":"Sigue los pasos de Toni Ramos para crear una universidad corporativa con \u00e9xito. Implicar a la direcci\u00f3n y utilizar el e-learning es fundamental.","og_url":"https:\/\/empresas.infoempleo.com\/hrtrends\/pasos-para-crear-una-universidad-corporativa-con-exito\/","og_site_name":"HRTRENDS","article_publisher":"https:\/\/www.facebook.com\/Infoempleo","article_published_time":"2022-02-28T05:30:28+00:00","og_image":[{"width":881,"height":587,"url":"https:\/\/empresas.infoempleo.com\/hrtrends\/media\/2022\/02\/HRTrends_Universidad-corporativa.jpg","type":"image\/jpeg"}],"author":"Raquel Hern\u00e1ndez","twitter_card":"summary_large_image","twitter_creator":"@infoempleo","twitter_site":"@infoempleo","twitter_misc":{"Escrito por":"Raquel Hern\u00e1ndez","Tiempo de lectura":"3 minutos"},"schema":{"@context":"https:\/\/schema.org","@graph":[{"@type":"NewsArticle","@id":"https:\/\/empresas.infoempleo.com\/hrtrends\/pasos-para-crear-una-universidad-corporativa-con-exito\/#article","isPartOf":{"@id":"https:\/\/empresas.infoempleo.com\/hrtrends\/pasos-para-crear-una-universidad-corporativa-con-exito\/"},"author":{"name":"Raquel Hern\u00e1ndez","@id":"https:\/\/empresas.infoempleo.com\/hrtrends\/#\/schema\/person\/fb2f949a1461ff0e9e15996d82d3a787"},"headline":"Pasos para crear una universidad corporativa con \u00e9xito","datePublished":"2022-02-28T05:30:28+00:00","mainEntityOfPage":{"@id":"https:\/\/empresas.infoempleo.com\/hrtrends\/pasos-para-crear-una-universidad-corporativa-con-exito\/"},"wordCount":578,"publisher":{"@id":"https:\/\/empresas.infoempleo.com\/hrtrends\/#organization"},"image":{"@id":"https:\/\/empresas.infoempleo.com\/hrtrends\/pasos-para-crear-una-universidad-corporativa-con-exito\/#primaryimage"},"thumbnailUrl":"https:\/\/empresas.infoempleo.com\/hrtrends\/media\/2022\/02\/HRTrends_Universidad-corporativa.jpg","keywords":["Formaci\u00f3n Continua","talento","universidad corporativa"],"articleSection":["Formaci\u00f3n"],"inLanguage":"es","copyrightYear":"2022","copyrightHolder":{"@id":"https:\/\/empresas.infoempleo.com\/hrtrends\/#organization"}},{"@type":"WebPage","@id":"https:\/\/empresas.infoempleo.com\/hrtrends\/pasos-para-crear-una-universidad-corporativa-con-exito\/","url":"https:\/\/empresas.infoempleo.com\/hrtrends\/pasos-para-crear-una-universidad-corporativa-con-exito\/","name":"C\u00f3mo crear una universidad corporativa para tu empresa","isPartOf":{"@id":"https:\/\/empresas.infoempleo.com\/hrtrends\/#website"},"primaryImageOfPage":{"@id":"https:\/\/empresas.infoempleo.com\/hrtrends\/pasos-para-crear-una-universidad-corporativa-con-exito\/#primaryimage"},"image":{"@id":"https:\/\/empresas.infoempleo.com\/hrtrends\/pasos-para-crear-una-universidad-corporativa-con-exito\/#primaryimage"},"thumbnailUrl":"https:\/\/empresas.infoempleo.com\/hrtrends\/media\/2022\/02\/HRTrends_Universidad-corporativa.jpg","datePublished":"2022-02-28T05:30:28+00:00","description":"Sigue los pasos de Toni Ramos para crear una universidad corporativa con \u00e9xito. Implicar a la direcci\u00f3n y utilizar el e-learning es fundamental.","breadcrumb":{"@id":"https:\/\/empresas.infoempleo.com\/hrtrends\/pasos-para-crear-una-universidad-corporativa-con-exito\/#breadcrumb"},"inLanguage":"es","potentialAction":[{"@type":"ReadAction","target":["https:\/\/empresas.infoempleo.com\/hrtrends\/pasos-para-crear-una-universidad-corporativa-con-exito\/"]}]},{"@type":"ImageObject","inLanguage":"es","@id":"https:\/\/empresas.infoempleo.com\/hrtrends\/pasos-para-crear-una-universidad-corporativa-con-exito\/#primaryimage","url":"https:\/\/empresas.infoempleo.com\/hrtrends\/media\/2022\/02\/HRTrends_Universidad-corporativa-150x150.jpg","contentUrl":"https:\/\/empresas.infoempleo.com\/hrtrends\/media\/2022\/02\/HRTrends_Universidad-corporativa-150x150.jpg","width":150,"height":150},{"@type":"BreadcrumbList","@id":"https:\/\/empresas.infoempleo.com\/hrtrends\/pasos-para-crear-una-universidad-corporativa-con-exito\/#breadcrumb","itemListElement":[{"@type":"ListItem","position":1,"name":"Portada","item":"https:\/\/empresas.infoempleo.com\/hrtrends\/"},{"@type":"ListItem","position":2,"name":"Pasos para crear una universidad corporativa con \u00e9xito"}]},{"@type":"WebSite","@id":"https:\/\/empresas.infoempleo.com\/hrtrends\/#website","url":"https:\/\/empresas.infoempleo.com\/hrtrends","name":"HRTrends by Infoempleo","description":"","publisher":{"@id":"https:\/\/empresas.infoempleo.com\/hrtrends\/#organization"},"potentialAction":{"@type":"SearchAction","target":"https:\/\/empresas.infoempleo.com\/hrtrends\/?s={search_term_string}","query-input":"required name=search_term_string"},"inLanguage":"es"},{"@type":"Organization","@id":"https:\/\/empresas.infoempleo.com\/hrtrends\/#organization","name":"Infoempleo","url":"https:\/\/www.infoempleo.com\/","logo":{"@type":"ImageObject","@id":"https:\/\/empresas.infoempleo.com\/hrtrends\/#logo","inLanguage":"es","url":"https:\/\/cdnazure.infoempleo.com\/infoempleo\/assets\/style\/gfx\/logo.svg","contentUrl":"https:\/\/cdnazure.infoempleo.com\/infoempleo\/assets\/style\/gfx\/logo.svg","width":150,"height":40,"caption":"Infoempleo"},"image":{"@id":"https:\/\/empresas.infoempleo.com\/hrtrends\/#logo"},"sameAs":["https:\/\/www.facebook.com\/Infoempleo","https:\/\/x.com\/infoempleo","http:\/\/instagram.com\/infoempleo\/","http:\/\/www.linkedin.com\/groups\/Empleo-Espa\u00f1a-Infoempleocom-111276","http:\/\/pinterest.com\/infoempleo\/"],"address":{"@type":"PostalAddress","addressLocality":"Madrid","postalCode":"28050","streetAddress":"Avenida de Burgos 114"},"brand":["Infoempleo"]},{"@type":"Person","@id":"https:\/\/empresas.infoempleo.com\/hrtrends\/#\/schema\/person\/fb2f949a1461ff0e9e15996d82d3a787","name":"Raquel Hern\u00e1ndez","image":{"@type":"ImageObject","inLanguage":"es","@id":"https:\/\/empresas.infoempleo.com\/hrtrends\/#\/schema\/person\/image\/","url":"https:\/\/secure.gravatar.com\/avatar\/4ccd374b24ab5eefd1b7681d8be968df221a577fa3ffa9dc4bb4b537645dc6a2?s=96&d=mm&r=g","contentUrl":"https:\/\/secure.gravatar.com\/avatar\/4ccd374b24ab5eefd1b7681d8be968df221a577fa3ffa9dc4bb4b537645dc6a2?s=96&d=mm&r=g","caption":"Raquel Hern\u00e1ndez"},"description":"M\u00e1ster en Filosof\u00eda Contempor\u00e1nea y Diploma Experto en Salud y G\u00e9nero. Extensa experiencia profesional como directora y productora de eventos culturales, especializada en el sector editorial. Lectora profesional y redactora de contenidos relacionados con el empleo, la innovaci\u00f3n y la educaci\u00f3n.","url":"https:\/\/empresas.infoempleo.com\/hrtrends\/author\/raquel-hernandez\/"}]}},"amp_enabled":true,"_links":{"self":[{"href":"https:\/\/empresas.infoempleo.com\/hrtrends\/wp-json\/wp\/v2\/posts\/39951","targetHints":{"allow":["GET"]}}],"collection":[{"href":"https:\/\/empresas.infoempleo.com\/hrtrends\/wp-json\/wp\/v2\/posts"}],"about":[{"href":"https:\/\/empresas.infoempleo.com\/hrtrends\/wp-json\/wp\/v2\/types\/post"}],"author":[{"embeddable":true,"href":"https:\/\/empresas.infoempleo.com\/hrtrends\/wp-json\/wp\/v2\/users\/136"}],"replies":[{"embeddable":true,"href":"https:\/\/empresas.infoempleo.com\/hrtrends\/wp-json\/wp\/v2\/comments?post=39951"}],"version-history":[{"count":2,"href":"https:\/\/empresas.infoempleo.com\/hrtrends\/wp-json\/wp\/v2\/posts\/39951\/revisions"}],"predecessor-version":[{"id":39956,"href":"https:\/\/empresas.infoempleo.com\/hrtrends\/wp-json\/wp\/v2\/posts\/39951\/revisions\/39956"}],"wp:featuredmedia":[{"embeddable":true,"href":"https:\/\/empresas.infoempleo.com\/hrtrends\/wp-json\/wp\/v2\/media\/39953"}],"wp:attachment":[{"href":"https:\/\/empresas.infoempleo.com\/hrtrends\/wp-json\/wp\/v2\/media?parent=39951"}],"wp:term":[{"taxonomy":"category","embeddable":true,"href":"https:\/\/empresas.infoempleo.com\/hrtrends\/wp-json\/wp\/v2\/categories?post=39951"},{"taxonomy":"post_tag","embeddable":true,"href":"https:\/\/empresas.infoempleo.com\/hrtrends\/wp-json\/wp\/v2\/tags?post=39951"}],"curies":[{"name":"wp","href":"https:\/\/api.w.org\/{rel}","templated":true}]}}