{"id":39949,"date":"2022-03-01T07:30:03","date_gmt":"2022-03-01T05:30:03","guid":{"rendered":"https:\/\/empresas.infoempleo.com\/hrtrends\/?p=39949"},"modified":"2022-02-28T12:11:17","modified_gmt":"2022-02-28T10:11:17","slug":"que-es-la-especializacion-horizontal-y-como-funciona-dentro-de-una-empresa","status":"publish","type":"post","link":"https:\/\/empresas.infoempleo.com\/hrtrends\/que-es-la-especializacion-horizontal-y-como-funciona-dentro-de-una-empresa\/","title":{"rendered":"\u00bfQu\u00e9 es la especializaci\u00f3n horizontal y c\u00f3mo funciona dentro de una empresa?"},"content":{"rendered":"<p>La <strong>estructura <\/strong>de una empresa<strong>,<\/strong> atendiendo al dise\u00f1o de sus <strong>puestos de trabajo<\/strong>, puede ser m\u00e1s o menos burocr\u00e1tica. Hay empresas en las que <strong>los puestos est\u00e1n menos definidos<\/strong> y compartimentados, es decir, tienen estructuras m\u00e1s org\u00e1nicas y otras en las que es necesario que <strong>exista una estructura bien delimitada<\/strong> que facilite la coordinaci\u00f3n. Hoy hablamos de un aspecto dentro del dise\u00f1o de un puesto de trabajo que es la <strong>especializaci\u00f3n horizontal<\/strong>.<\/p>\n<h2>Dimensiones que intervienen en el dibujo de un puesto de trabajo<\/h2>\n<p>Para confeccionar un puesto de trabajo es necesario hacerlo teniendo en cuenta tres aspectos, seg\u00fan: su <strong>especializaci\u00f3n<\/strong>, el control sobre el comportamiento, o de la variabilidad de este, que trata de evitar que cada quien haga las cosas a su manera y la <strong>formaci\u00f3n que necesita cada persona que accede al puesto<\/strong> para desempe\u00f1arlo adecuadamente.<\/p>\n<p>La <a href=\"https:\/\/empresas.infoempleo.com\/hrtrends\/especializacion-horizontal-vertical-ejemplos\/\">especializaci\u00f3n horizontal<\/a> de un puesto de trabajo es el <strong>n\u00famero de tareas en que se desgrana, c\u00f3mo se regula<\/strong> la amplitud y contenido del cargo. Si <strong>es alta<\/strong> quiere decir que <strong>se definen pocas tareas para el puesto<\/strong> y estas son repetitivas. Si es una <strong>especializaci\u00f3n horizontal baja<\/strong> el puesto consiste en <strong>muchas tareas pero que no son repetitivas<\/strong>. Se habla entonces de ampliaci\u00f3n horizontal.<\/p>\n<h2>\u00bfQu\u00e9 consecuencias tiene la especializaci\u00f3n horizontal de un cargo?<\/h2>\n<p>Con la especializaci\u00f3n horizontal de un puesto se pretende <strong>incrementar al m\u00e1ximo la productividad<\/strong>. El hecho de que la persona sea muy habilidosa y consiga un conocimiento experto de sus tareas logra mejores tiempos de ejecuci\u00f3n. El ahorro tambi\u00e9n se produce porque se evita la p\u00e9rdida de tiempo que provoca el cambio de tareas.<\/p>\n<p>Sin embargo, demasiada repetici\u00f3n <strong>puede provocar la desmotivaci\u00f3n de quien est\u00e1 desempe\u00f1ando el puesto<\/strong>, es entonces cuando es recomendable aumentar las funciones, <strong>ampliar el n\u00famero de tareas<\/strong> que hace un operario. Aunque tambi\u00e9n hay que tener en cuenta otros factores que pueden dificultar este incremento en las tareas o las modificaciones necesarias. Y es que, tanto la personalidad como desde cu\u00e1ndo se lleva ejerciendo ese puesto, pueden predisponer hacia las<strong> resistencias<\/strong>. Quienes llevan m\u00e1s tiempo en un puesto y tienen m\u00e1s edad suelen ver con reticencias los cambios en su rutina.<\/p>\n<p><img loading=\"lazy\" decoding=\"async\" class=\"aligncenter wp-image-39957 size-full\" title=\"Las tareas y el grado de especializaci\u00f3n horizontal de un puesto\" src=\"https:\/\/empresas.infoempleo.com\/hrtrends\/media\/2022\/03\/HRTrends_Ventajas-especializacion.jpg\" alt=\"Las tareas y el grado de especializaci\u00f3n horizontal de un puesto\" width=\"800\" height=\"392\" srcset=\"https:\/\/empresas.infoempleo.com\/hrtrends\/media\/2022\/03\/HRTrends_Ventajas-especializacion.jpg 800w, https:\/\/empresas.infoempleo.com\/hrtrends\/media\/2022\/03\/HRTrends_Ventajas-especializacion-300x147.jpg 300w, https:\/\/empresas.infoempleo.com\/hrtrends\/media\/2022\/03\/HRTrends_Ventajas-especializacion-768x376.jpg 768w\" sizes=\"auto, (max-width: 800px) 100vw, 800px\" \/><\/p>\n<h2>Operarios y profesionales soportan una alta especializaci\u00f3n horizontal<\/h2>\n<p>Entre las ventajas que conlleva la especializaci\u00f3n horizontal, los expertos afirman que permite la <strong>normalizaci\u00f3n del trabajo<\/strong>, la estandarizaci\u00f3n de tareas, por lo que los resultados son uniformes. Tambi\u00e9n permite un mejor aprendizaje porque al abordarse un n\u00famero limitado de tareas la concentraci\u00f3n no se pierde (estar\u00eda m\u00e1s dispersa con un mayor n\u00famero de cometidos) lo que favorece el aprendizaje. Adem\u00e1s, <strong>facilita el ajuste de las personas a las tareas<\/strong> por lo que se pueden <strong>asignar los trabajadores m\u00e1s aptos para cada labor<\/strong>.<\/p>\n<p>Por el lado de los inconvenientes que trae una alta especializaci\u00f3n horizontal se encuentra que <strong>la iniciativa de cada empleado va disminuyendo<\/strong>. La explicaci\u00f3n radica en que <strong><a href=\"https:\/\/blog.infoempleo.com\/a\/trucos-para-aumentar-motivacion-para-trabajar\/\">se pierde la motivaci\u00f3n intr\u00ednseca<\/a><\/strong> por la tarea, por lo que un cambio de cometidos cada cierto tiempo puede ser la soluci\u00f3n. Aunque todo depender\u00e1 del tipo de puesto.<\/p>\n<p>La especializaci\u00f3n no se produce \u00fanicamente en tareas sencillas, las que ejecutan los operarios. Tambi\u00e9n sucede en determinadas profesiones en las que <strong>dominar un conocimiento<\/strong><\/p>\n","protected":false},"excerpt":{"rendered":"<p>La estructura de una empresa, atendiendo al dise\u00f1o de sus puestos de trabajo, puede ser m\u00e1s o menos<a class=\"moretag\" href=\"https:\/\/empresas.infoempleo.com\/hrtrends\/que-es-la-especializacion-horizontal-y-como-funciona-dentro-de-una-empresa\/\"> Leer m\u00e1s<\/a><\/p>\n","protected":false},"author":29,"featured_media":39958,"comment_status":"closed","ping_status":"closed","sticky":false,"template":"","format":"standard","meta":{"footnotes":""},"categories":[3035],"tags":[2253,3139,3296],"class_list":["post-39949","post","type-post","status-publish","format-standard","has-post-thumbnail","hentry","category-consejos","tag-estructura","tag-organizacion-del-trabajo","tag-puestos-de-trabajo"],"yoast_head":"<!-- This site is optimized with the Yoast SEO plugin v26.1.1 - https:\/\/yoast.com\/wordpress\/plugins\/seo\/ -->\n<title>Qu\u00e9 es la especializaci\u00f3n horizontal y vertical. Ventajas e inconvenientes<\/title>\n<meta name=\"description\" content=\"Hay empresas en las que los puestos est\u00e1n menos definidos. Hoy hablamos de la especializaci\u00f3n horizontal dentro del \u00e1mbito del dise\u00f1o del puesto de trabajo\" \/>\n<meta name=\"robots\" content=\"index, follow, max-snippet:-1, max-image-preview:large, max-video-preview:-1\" \/>\n<link rel=\"canonical\" href=\"https:\/\/empresas.infoempleo.com\/hrtrends\/que-es-la-especializacion-horizontal-y-como-funciona-dentro-de-una-empresa\/\" \/>\n<meta property=\"og:locale\" content=\"es_ES\" \/>\n<meta property=\"og:type\" content=\"article\" \/>\n<meta property=\"og:title\" content=\"Qu\u00e9 es la especializaci\u00f3n horizontal y vertical. Ventajas e inconvenientes\" \/>\n<meta property=\"og:description\" content=\"Hay empresas en las que los puestos est\u00e1n menos definidos. Hoy hablamos de la especializaci\u00f3n horizontal dentro del \u00e1mbito del dise\u00f1o del puesto de trabajo\" \/>\n<meta property=\"og:url\" content=\"https:\/\/empresas.infoempleo.com\/hrtrends\/que-es-la-especializacion-horizontal-y-como-funciona-dentro-de-una-empresa\/\" \/>\n<meta property=\"og:site_name\" content=\"HRTRENDS\" \/>\n<meta property=\"article:publisher\" content=\"https:\/\/www.facebook.com\/Infoempleo\" \/>\n<meta property=\"article:published_time\" content=\"2022-03-01T05:30:03+00:00\" \/>\n<meta property=\"og:image\" content=\"https:\/\/empresas.infoempleo.com\/hrtrends\/media\/2022\/03\/HRTrends_Especializacion-horizontal_A.jpg\" \/>\n\t<meta property=\"og:image:width\" content=\"881\" \/>\n\t<meta property=\"og:image:height\" content=\"580\" \/>\n\t<meta property=\"og:image:type\" content=\"image\/jpeg\" \/>\n<meta name=\"author\" content=\"Luisa Carrasco\" \/>\n<meta name=\"twitter:card\" content=\"summary_large_image\" \/>\n<meta name=\"twitter:creator\" content=\"@infoempleo\" \/>\n<meta name=\"twitter:site\" content=\"@infoempleo\" \/>\n<meta name=\"twitter:label1\" content=\"Escrito por\" \/>\n\t<meta name=\"twitter:data1\" content=\"Luisa Carrasco\" \/>\n\t<meta name=\"twitter:label2\" content=\"Tiempo de lectura\" \/>\n\t<meta name=\"twitter:data2\" content=\"3 minutos\" \/>\n<script type=\"application\/ld+json\" class=\"yoast-schema-graph\">{\"@context\":\"https:\/\/schema.org\",\"@graph\":[{\"@type\":\"NewsArticle\",\"@id\":\"https:\/\/empresas.infoempleo.com\/hrtrends\/que-es-la-especializacion-horizontal-y-como-funciona-dentro-de-una-empresa\/#article\",\"isPartOf\":{\"@id\":\"https:\/\/empresas.infoempleo.com\/hrtrends\/que-es-la-especializacion-horizontal-y-como-funciona-dentro-de-una-empresa\/\"},\"author\":{\"name\":\"Luisa Carrasco\",\"@id\":\"https:\/\/empresas.infoempleo.com\/hrtrends\/#\/schema\/person\/32ca57975913668419d075627a98dafe\"},\"headline\":\"\u00bfQu\u00e9 es la especializaci\u00f3n horizontal y c\u00f3mo funciona dentro de una empresa?\",\"datePublished\":\"2022-03-01T05:30:03+00:00\",\"mainEntityOfPage\":{\"@id\":\"https:\/\/empresas.infoempleo.com\/hrtrends\/que-es-la-especializacion-horizontal-y-como-funciona-dentro-de-una-empresa\/\"},\"wordCount\":595,\"publisher\":{\"@id\":\"https:\/\/empresas.infoempleo.com\/hrtrends\/#organization\"},\"image\":{\"@id\":\"https:\/\/empresas.infoempleo.com\/hrtrends\/que-es-la-especializacion-horizontal-y-como-funciona-dentro-de-una-empresa\/#primaryimage\"},\"thumbnailUrl\":\"https:\/\/empresas.infoempleo.com\/hrtrends\/media\/2022\/03\/HRTrends_Especializacion-horizontal_A.jpg\",\"keywords\":[\"estructura\",\"organizaci\u00f3n del trabajo\",\"puestos de trabajo\"],\"articleSection\":[\"Consejos\"],\"inLanguage\":\"es\",\"copyrightYear\":\"2022\",\"copyrightHolder\":{\"@id\":\"https:\/\/empresas.infoempleo.com\/hrtrends\/#organization\"}},{\"@type\":\"WebPage\",\"@id\":\"https:\/\/empresas.infoempleo.com\/hrtrends\/que-es-la-especializacion-horizontal-y-como-funciona-dentro-de-una-empresa\/\",\"url\":\"https:\/\/empresas.infoempleo.com\/hrtrends\/que-es-la-especializacion-horizontal-y-como-funciona-dentro-de-una-empresa\/\",\"name\":\"Qu\u00e9 es la especializaci\u00f3n horizontal y vertical. Ventajas e inconvenientes\",\"isPartOf\":{\"@id\":\"https:\/\/empresas.infoempleo.com\/hrtrends\/#website\"},\"primaryImageOfPage\":{\"@id\":\"https:\/\/empresas.infoempleo.com\/hrtrends\/que-es-la-especializacion-horizontal-y-como-funciona-dentro-de-una-empresa\/#primaryimage\"},\"image\":{\"@id\":\"https:\/\/empresas.infoempleo.com\/hrtrends\/que-es-la-especializacion-horizontal-y-como-funciona-dentro-de-una-empresa\/#primaryimage\"},\"thumbnailUrl\":\"https:\/\/empresas.infoempleo.com\/hrtrends\/media\/2022\/03\/HRTrends_Especializacion-horizontal_A.jpg\",\"datePublished\":\"2022-03-01T05:30:03+00:00\",\"description\":\"Hay empresas en las que los puestos est\u00e1n menos definidos. Hoy hablamos de la especializaci\u00f3n horizontal dentro del \u00e1mbito del dise\u00f1o del puesto de trabajo\",\"breadcrumb\":{\"@id\":\"https:\/\/empresas.infoempleo.com\/hrtrends\/que-es-la-especializacion-horizontal-y-como-funciona-dentro-de-una-empresa\/#breadcrumb\"},\"inLanguage\":\"es\",\"potentialAction\":[{\"@type\":\"ReadAction\",\"target\":[\"https:\/\/empresas.infoempleo.com\/hrtrends\/que-es-la-especializacion-horizontal-y-como-funciona-dentro-de-una-empresa\/\"]}]},{\"@type\":\"ImageObject\",\"inLanguage\":\"es\",\"@id\":\"https:\/\/empresas.infoempleo.com\/hrtrends\/que-es-la-especializacion-horizontal-y-como-funciona-dentro-de-una-empresa\/#primaryimage\",\"url\":\"https:\/\/empresas.infoempleo.com\/hrtrends\/media\/2022\/03\/HRTrends_Especializacion-horizontal_A-150x150.jpg\",\"contentUrl\":\"https:\/\/empresas.infoempleo.com\/hrtrends\/media\/2022\/03\/HRTrends_Especializacion-horizontal_A-150x150.jpg\",\"width\":150,\"height\":150,\"caption\":\"\u00bfQu\u00e9 es la especializaci\u00f3n horizontal y c\u00f3mo funciona dentro de una empresa?\"},{\"@type\":\"BreadcrumbList\",\"@id\":\"https:\/\/empresas.infoempleo.com\/hrtrends\/que-es-la-especializacion-horizontal-y-como-funciona-dentro-de-una-empresa\/#breadcrumb\",\"itemListElement\":[{\"@type\":\"ListItem\",\"position\":1,\"name\":\"Portada\",\"item\":\"https:\/\/empresas.infoempleo.com\/hrtrends\/\"},{\"@type\":\"ListItem\",\"position\":2,\"name\":\"\u00bfQu\u00e9 es la especializaci\u00f3n horizontal y c\u00f3mo funciona dentro de una empresa?\"}]},{\"@type\":\"WebSite\",\"@id\":\"https:\/\/empresas.infoempleo.com\/hrtrends\/#website\",\"url\":\"https:\/\/empresas.infoempleo.com\/hrtrends\",\"name\":\"HRTrends by Infoempleo\",\"description\":\"\",\"publisher\":{\"@id\":\"https:\/\/empresas.infoempleo.com\/hrtrends\/#organization\"},\"potentialAction\":{\"@type\":\"SearchAction\",\"target\":\"https:\/\/empresas.infoempleo.com\/hrtrends\/?s={search_term_string}\",\"query-input\":\"required name=search_term_string\"},\"inLanguage\":\"es\"},{\"@type\":\"Organization\",\"@id\":\"https:\/\/empresas.infoempleo.com\/hrtrends\/#organization\",\"name\":\"Infoempleo\",\"url\":\"https:\/\/www.infoempleo.com\/\",\"logo\":{\"@type\":\"ImageObject\",\"@id\":\"https:\/\/empresas.infoempleo.com\/hrtrends\/#logo\",\"inLanguage\":\"es\",\"url\":\"https:\/\/cdnazure.infoempleo.com\/infoempleo\/assets\/style\/gfx\/logo.svg\",\"contentUrl\":\"https:\/\/cdnazure.infoempleo.com\/infoempleo\/assets\/style\/gfx\/logo.svg\",\"width\":150,\"height\":40,\"caption\":\"Infoempleo\"},\"image\":{\"@id\":\"https:\/\/empresas.infoempleo.com\/hrtrends\/#logo\"},\"sameAs\":[\"https:\/\/www.facebook.com\/Infoempleo\",\"https:\/\/x.com\/infoempleo\",\"http:\/\/instagram.com\/infoempleo\/\",\"http:\/\/www.linkedin.com\/groups\/Empleo-Espa\u00f1a-Infoempleocom-111276\",\"http:\/\/pinterest.com\/infoempleo\/\"],\"address\":{\"@type\":\"PostalAddress\",\"addressLocality\":\"Madrid\",\"postalCode\":\"28050\",\"streetAddress\":\"Avenida de Burgos 114\"},\"brand\":[\"Infoempleo\"]},{\"@type\":\"Person\",\"@id\":\"https:\/\/empresas.infoempleo.com\/hrtrends\/#\/schema\/person\/32ca57975913668419d075627a98dafe\",\"name\":\"Luisa Carrasco\",\"image\":{\"@type\":\"ImageObject\",\"inLanguage\":\"es\",\"@id\":\"https:\/\/empresas.infoempleo.com\/hrtrends\/#\/schema\/person\/image\/\",\"url\":\"https:\/\/secure.gravatar.com\/avatar\/8cc7d7a784a8289007bbfddcef37ed7157c6ae70e89183748ddf5858d9133c86?s=96&d=mm&r=g\",\"contentUrl\":\"https:\/\/secure.gravatar.com\/avatar\/8cc7d7a784a8289007bbfddcef37ed7157c6ae70e89183748ddf5858d9133c86?s=96&d=mm&r=g\",\"caption\":\"Luisa Carrasco\"},\"description\":\"Licenciada en Sociolog\u00eda y posgrado en gesti\u00f3n de la comunicaci\u00f3n para organizaciones culturales. Me interesa todo lo que tiene que ver con la organizaci\u00f3n e integraci\u00f3n de los distintos agentes sociales. El \u00e1mbito laboral y el de la educaci\u00f3n y formaci\u00f3n es el punto de encuentro de gran parte de estos actores. Estoy al tanto de los temas de actualidad laboral, las tendencias en el mercado del trabajo, las nuevas iniciativas en el tejido empresarial y las propuestas de innovaci\u00f3n en materia de educaci\u00f3n y formaci\u00f3n. Por lo general, escribo en el blog de Infoempleo tres veces por semana.\",\"url\":\"https:\/\/empresas.infoempleo.com\/hrtrends\/author\/luisaagenciayerro\/\"}]}<\/script>\n<!-- \/ Yoast SEO plugin. -->","yoast_head_json":{"title":"Qu\u00e9 es la especializaci\u00f3n horizontal y vertical. Ventajas e inconvenientes","description":"Hay empresas en las que los puestos est\u00e1n menos definidos. Hoy hablamos de la especializaci\u00f3n horizontal dentro del \u00e1mbito del dise\u00f1o del puesto de trabajo","robots":{"index":"index","follow":"follow","max-snippet":"max-snippet:-1","max-image-preview":"max-image-preview:large","max-video-preview":"max-video-preview:-1"},"canonical":"https:\/\/empresas.infoempleo.com\/hrtrends\/que-es-la-especializacion-horizontal-y-como-funciona-dentro-de-una-empresa\/","og_locale":"es_ES","og_type":"article","og_title":"Qu\u00e9 es la especializaci\u00f3n horizontal y vertical. Ventajas e inconvenientes","og_description":"Hay empresas en las que los puestos est\u00e1n menos definidos. Hoy hablamos de la especializaci\u00f3n horizontal dentro del \u00e1mbito del dise\u00f1o del puesto de trabajo","og_url":"https:\/\/empresas.infoempleo.com\/hrtrends\/que-es-la-especializacion-horizontal-y-como-funciona-dentro-de-una-empresa\/","og_site_name":"HRTRENDS","article_publisher":"https:\/\/www.facebook.com\/Infoempleo","article_published_time":"2022-03-01T05:30:03+00:00","og_image":[{"width":881,"height":580,"url":"https:\/\/empresas.infoempleo.com\/hrtrends\/media\/2022\/03\/HRTrends_Especializacion-horizontal_A.jpg","type":"image\/jpeg"}],"author":"Luisa Carrasco","twitter_card":"summary_large_image","twitter_creator":"@infoempleo","twitter_site":"@infoempleo","twitter_misc":{"Escrito por":"Luisa Carrasco","Tiempo de lectura":"3 minutos"},"schema":{"@context":"https:\/\/schema.org","@graph":[{"@type":"NewsArticle","@id":"https:\/\/empresas.infoempleo.com\/hrtrends\/que-es-la-especializacion-horizontal-y-como-funciona-dentro-de-una-empresa\/#article","isPartOf":{"@id":"https:\/\/empresas.infoempleo.com\/hrtrends\/que-es-la-especializacion-horizontal-y-como-funciona-dentro-de-una-empresa\/"},"author":{"name":"Luisa Carrasco","@id":"https:\/\/empresas.infoempleo.com\/hrtrends\/#\/schema\/person\/32ca57975913668419d075627a98dafe"},"headline":"\u00bfQu\u00e9 es la especializaci\u00f3n horizontal y c\u00f3mo funciona dentro de una empresa?","datePublished":"2022-03-01T05:30:03+00:00","mainEntityOfPage":{"@id":"https:\/\/empresas.infoempleo.com\/hrtrends\/que-es-la-especializacion-horizontal-y-como-funciona-dentro-de-una-empresa\/"},"wordCount":595,"publisher":{"@id":"https:\/\/empresas.infoempleo.com\/hrtrends\/#organization"},"image":{"@id":"https:\/\/empresas.infoempleo.com\/hrtrends\/que-es-la-especializacion-horizontal-y-como-funciona-dentro-de-una-empresa\/#primaryimage"},"thumbnailUrl":"https:\/\/empresas.infoempleo.com\/hrtrends\/media\/2022\/03\/HRTrends_Especializacion-horizontal_A.jpg","keywords":["estructura","organizaci\u00f3n del trabajo","puestos de trabajo"],"articleSection":["Consejos"],"inLanguage":"es","copyrightYear":"2022","copyrightHolder":{"@id":"https:\/\/empresas.infoempleo.com\/hrtrends\/#organization"}},{"@type":"WebPage","@id":"https:\/\/empresas.infoempleo.com\/hrtrends\/que-es-la-especializacion-horizontal-y-como-funciona-dentro-de-una-empresa\/","url":"https:\/\/empresas.infoempleo.com\/hrtrends\/que-es-la-especializacion-horizontal-y-como-funciona-dentro-de-una-empresa\/","name":"Qu\u00e9 es la especializaci\u00f3n horizontal y vertical. Ventajas e inconvenientes","isPartOf":{"@id":"https:\/\/empresas.infoempleo.com\/hrtrends\/#website"},"primaryImageOfPage":{"@id":"https:\/\/empresas.infoempleo.com\/hrtrends\/que-es-la-especializacion-horizontal-y-como-funciona-dentro-de-una-empresa\/#primaryimage"},"image":{"@id":"https:\/\/empresas.infoempleo.com\/hrtrends\/que-es-la-especializacion-horizontal-y-como-funciona-dentro-de-una-empresa\/#primaryimage"},"thumbnailUrl":"https:\/\/empresas.infoempleo.com\/hrtrends\/media\/2022\/03\/HRTrends_Especializacion-horizontal_A.jpg","datePublished":"2022-03-01T05:30:03+00:00","description":"Hay empresas en las que los puestos est\u00e1n menos definidos. Hoy hablamos de la especializaci\u00f3n horizontal dentro del \u00e1mbito del dise\u00f1o del puesto de trabajo","breadcrumb":{"@id":"https:\/\/empresas.infoempleo.com\/hrtrends\/que-es-la-especializacion-horizontal-y-como-funciona-dentro-de-una-empresa\/#breadcrumb"},"inLanguage":"es","potentialAction":[{"@type":"ReadAction","target":["https:\/\/empresas.infoempleo.com\/hrtrends\/que-es-la-especializacion-horizontal-y-como-funciona-dentro-de-una-empresa\/"]}]},{"@type":"ImageObject","inLanguage":"es","@id":"https:\/\/empresas.infoempleo.com\/hrtrends\/que-es-la-especializacion-horizontal-y-como-funciona-dentro-de-una-empresa\/#primaryimage","url":"https:\/\/empresas.infoempleo.com\/hrtrends\/media\/2022\/03\/HRTrends_Especializacion-horizontal_A-150x150.jpg","contentUrl":"https:\/\/empresas.infoempleo.com\/hrtrends\/media\/2022\/03\/HRTrends_Especializacion-horizontal_A-150x150.jpg","width":150,"height":150,"caption":"\u00bfQu\u00e9 es la especializaci\u00f3n horizontal y c\u00f3mo funciona dentro de una empresa?"},{"@type":"BreadcrumbList","@id":"https:\/\/empresas.infoempleo.com\/hrtrends\/que-es-la-especializacion-horizontal-y-como-funciona-dentro-de-una-empresa\/#breadcrumb","itemListElement":[{"@type":"ListItem","position":1,"name":"Portada","item":"https:\/\/empresas.infoempleo.com\/hrtrends\/"},{"@type":"ListItem","position":2,"name":"\u00bfQu\u00e9 es la especializaci\u00f3n horizontal y c\u00f3mo funciona dentro de una empresa?"}]},{"@type":"WebSite","@id":"https:\/\/empresas.infoempleo.com\/hrtrends\/#website","url":"https:\/\/empresas.infoempleo.com\/hrtrends","name":"HRTrends by Infoempleo","description":"","publisher":{"@id":"https:\/\/empresas.infoempleo.com\/hrtrends\/#organization"},"potentialAction":{"@type":"SearchAction","target":"https:\/\/empresas.infoempleo.com\/hrtrends\/?s={search_term_string}","query-input":"required name=search_term_string"},"inLanguage":"es"},{"@type":"Organization","@id":"https:\/\/empresas.infoempleo.com\/hrtrends\/#organization","name":"Infoempleo","url":"https:\/\/www.infoempleo.com\/","logo":{"@type":"ImageObject","@id":"https:\/\/empresas.infoempleo.com\/hrtrends\/#logo","inLanguage":"es","url":"https:\/\/cdnazure.infoempleo.com\/infoempleo\/assets\/style\/gfx\/logo.svg","contentUrl":"https:\/\/cdnazure.infoempleo.com\/infoempleo\/assets\/style\/gfx\/logo.svg","width":150,"height":40,"caption":"Infoempleo"},"image":{"@id":"https:\/\/empresas.infoempleo.com\/hrtrends\/#logo"},"sameAs":["https:\/\/www.facebook.com\/Infoempleo","https:\/\/x.com\/infoempleo","http:\/\/instagram.com\/infoempleo\/","http:\/\/www.linkedin.com\/groups\/Empleo-Espa\u00f1a-Infoempleocom-111276","http:\/\/pinterest.com\/infoempleo\/"],"address":{"@type":"PostalAddress","addressLocality":"Madrid","postalCode":"28050","streetAddress":"Avenida de Burgos 114"},"brand":["Infoempleo"]},{"@type":"Person","@id":"https:\/\/empresas.infoempleo.com\/hrtrends\/#\/schema\/person\/32ca57975913668419d075627a98dafe","name":"Luisa Carrasco","image":{"@type":"ImageObject","inLanguage":"es","@id":"https:\/\/empresas.infoempleo.com\/hrtrends\/#\/schema\/person\/image\/","url":"https:\/\/secure.gravatar.com\/avatar\/8cc7d7a784a8289007bbfddcef37ed7157c6ae70e89183748ddf5858d9133c86?s=96&d=mm&r=g","contentUrl":"https:\/\/secure.gravatar.com\/avatar\/8cc7d7a784a8289007bbfddcef37ed7157c6ae70e89183748ddf5858d9133c86?s=96&d=mm&r=g","caption":"Luisa Carrasco"},"description":"Licenciada en Sociolog\u00eda y posgrado en gesti\u00f3n de la comunicaci\u00f3n para organizaciones culturales. Me interesa todo lo que tiene que ver con la organizaci\u00f3n e integraci\u00f3n de los distintos agentes sociales. El \u00e1mbito laboral y el de la educaci\u00f3n y formaci\u00f3n es el punto de encuentro de gran parte de estos actores. Estoy al tanto de los temas de actualidad laboral, las tendencias en el mercado del trabajo, las nuevas iniciativas en el tejido empresarial y las propuestas de innovaci\u00f3n en materia de educaci\u00f3n y formaci\u00f3n. Por lo general, escribo en el blog de Infoempleo tres veces por semana.","url":"https:\/\/empresas.infoempleo.com\/hrtrends\/author\/luisaagenciayerro\/"}]}},"amp_enabled":true,"_links":{"self":[{"href":"https:\/\/empresas.infoempleo.com\/hrtrends\/wp-json\/wp\/v2\/posts\/39949","targetHints":{"allow":["GET"]}}],"collection":[{"href":"https:\/\/empresas.infoempleo.com\/hrtrends\/wp-json\/wp\/v2\/posts"}],"about":[{"href":"https:\/\/empresas.infoempleo.com\/hrtrends\/wp-json\/wp\/v2\/types\/post"}],"author":[{"embeddable":true,"href":"https:\/\/empresas.infoempleo.com\/hrtrends\/wp-json\/wp\/v2\/users\/29"}],"replies":[{"embeddable":true,"href":"https:\/\/empresas.infoempleo.com\/hrtrends\/wp-json\/wp\/v2\/comments?post=39949"}],"version-history":[{"count":7,"href":"https:\/\/empresas.infoempleo.com\/hrtrends\/wp-json\/wp\/v2\/posts\/39949\/revisions"}],"predecessor-version":[{"id":39979,"href":"https:\/\/empresas.infoempleo.com\/hrtrends\/wp-json\/wp\/v2\/posts\/39949\/revisions\/39979"}],"wp:featuredmedia":[{"embeddable":true,"href":"https:\/\/empresas.infoempleo.com\/hrtrends\/wp-json\/wp\/v2\/media\/39958"}],"wp:attachment":[{"href":"https:\/\/empresas.infoempleo.com\/hrtrends\/wp-json\/wp\/v2\/media?parent=39949"}],"wp:term":[{"taxonomy":"category","embeddable":true,"href":"https:\/\/empresas.infoempleo.com\/hrtrends\/wp-json\/wp\/v2\/categories?post=39949"},{"taxonomy":"post_tag","embeddable":true,"href":"https:\/\/empresas.infoempleo.com\/hrtrends\/wp-json\/wp\/v2\/tags?post=39949"}],"curies":[{"name":"wp","href":"https:\/\/api.w.org\/{rel}","templated":true}]}}