{"id":39857,"date":"2022-02-08T07:30:26","date_gmt":"2022-02-08T05:30:26","guid":{"rendered":"https:\/\/empresas.infoempleo.com\/hrtrends\/?p=39857"},"modified":"2022-02-07T17:24:11","modified_gmt":"2022-02-07T15:24:11","slug":"la-importancia-de-la-curva-de-aprendizaje","status":"publish","type":"post","link":"https:\/\/empresas.infoempleo.com\/hrtrends\/la-importancia-de-la-curva-de-aprendizaje\/","title":{"rendered":"La importancia de la curva de aprendizaje en la productividad"},"content":{"rendered":"<p>La <strong>curva de aprendizaje<\/strong> es un registro gr\u00e1fico o <strong>diagrama<\/strong> que muestra la mejora que se produce en <strong>tiempo o costes<\/strong> a medida que los empleados ganan <strong>experiencia<\/strong> con una competencia o habilidad recientemente adquirida. Se pueden aplicar tanto a individuos como a organizaciones. La <strong>innovaci\u00f3n<\/strong> y resiliencia empresarial est\u00e1n vinculadas a la curva de aprendizaje. Entre las <strong>ventajas<\/strong> destacadas est\u00e1 el aumento de la <strong>productividad<\/strong> y la <strong>eficiencia<\/strong>.<\/p>\n<h2>Actualidad de la curva de aprendizaje<\/h2>\n<p>La <strong>curva del aprendizaje<\/strong> de los empleados est\u00e1 directamente relacionada con la otra curva que se emplea en los <strong>modelos econ\u00f3micos<\/strong> para explicar la <strong>optimizaci\u00f3n de la producci\u00f3n<\/strong> al introducirse elementos nuevos en el proceso. La forma ideal es <strong>ascendente<\/strong> y a un <strong>ritmo decreciente<\/strong>. Como si de la subida de una escalera se tratara, llega un momento en que el ascenso se estabiliza y se recorre un tramo \u201cllano\u201d hasta volver a subir. Por ejemplo, al comenzar a estudiar un lenguaje nuevo, sea un idioma o sea de programaci\u00f3n, los conceptos iniciales se adquieren r\u00e1pidamente y, por tanto, la l\u00ednea asciende por lo que ser\u00e1 el dibujo de la curva.<\/p>\n<p>La <strong>curva de aprendizaje<\/strong> es muy \u00fatil a la hora de planificar <strong>innovaciones<\/strong> en la empresa. Con la transformaci\u00f3n digital acelerada y forzosa por la crisis sanitaria, el <strong><em>reskilling<\/em><\/strong> y el <strong><em>upskilling<\/em><\/strong> han supuesto un alto nivel de exigencia en la plantilla. La <a href=\"https:\/\/empresas.infoempleo.com\/hrtrends\/ultralearning-un-metodo-para-que-la-plantilla-aprenda-muy-rapido\/\"><strong>velocidad del aprendizaje<\/strong><\/a> y la <strong>adaptabilidad al cambio<\/strong> ha determinado la supervivencia de algunas empresas. El <strong>ciclo deseado<\/strong> implica que el trabajador salga de una curva de aprendizaje <strong>dominando las competencias<\/strong> correspondientes e inmediatamente inicie la siguiente curva con una habilidades nuevas que aprender. Sin embargo, para que una empresa no quede atrapada en su propia esfera de innovaci\u00f3n, se debe <strong>apostar por la calidad m\u00e1s que por la cantidad<\/strong> de curvas de aprendizaje y poner la <strong>experiencia de los empleados<\/strong> en el centro.<\/p>\n<h2>Impacto en la productividad y la innovaci\u00f3n<\/h2>\n<p>De cara a la programaci\u00f3n en la <strong>formaci\u00f3n<\/strong> <strong>de la plantilla<\/strong> y a las propuestas de <strong>innovaci\u00f3n<\/strong>, cada empresa mejora los procesos, el propio modelo de gesti\u00f3n y la organizaci\u00f3n interna. Algunas <strong>preguntas<\/strong> pueden servirte de orientaci\u00f3n para fijar la hoja de ruta:<\/p>\n<ul>\n<li>\u00bfCu\u00e1l es la curva de aprendizaje de tu empresa?<\/li>\n<li>\u00bfEs lenta o r\u00e1pida?<\/li>\n<li>\u00bfHa realizado <a href=\"https:\/\/empresas.infoempleo.com\/hrtrends\/promocionar-la-mejora-continua-en-la-compania\/\"><strong>mejoras<\/strong><\/a> en procesos, organizaci\u00f3n o gesti\u00f3n?<\/li>\n<li>\u00bfMejora cada a\u00f1o o tiende a ser est\u00e1tica?<\/li>\n<\/ul>\n<p><img loading=\"lazy\" decoding=\"async\" class=\"aligncenter wp-image-39858 size-full\" title=\"Impacto de la curva de aprendizaje en la productividad y la innovaci\u00f3n\" src=\"https:\/\/empresas.infoempleo.com\/hrtrends\/media\/2022\/02\/HRTrends_Asimilacion-de-la-formacion_800.jpg\" alt=\"Impacto de la curva de aprendizaje en la productividad y la innovaci\u00f3n\" width=\"800\" height=\"532\" srcset=\"https:\/\/empresas.infoempleo.com\/hrtrends\/media\/2022\/02\/HRTrends_Asimilacion-de-la-formacion_800.jpg 800w, https:\/\/empresas.infoempleo.com\/hrtrends\/media\/2022\/02\/HRTrends_Asimilacion-de-la-formacion_800-300x200.jpg 300w, https:\/\/empresas.infoempleo.com\/hrtrends\/media\/2022\/02\/HRTrends_Asimilacion-de-la-formacion_800-768x511.jpg 768w\" sizes=\"auto, (max-width: 800px) 100vw, 800px\" \/><\/p>\n<p>El concepto de curva de aprendizaje sigue la llamada<strong> Ley de Wright. <\/strong>Esta indica que, a medida que se <strong>repita<\/strong> una operaci\u00f3n varias veces, habr\u00e1 una <strong>reducci\u00f3n<\/strong> en el tiempo empleado para realizarla. Son muchas las <strong>ventajas<\/strong> de contar con este diagrama y reducir la curva de aprendizaje:<\/p>\n<ul>\n<li><strong>La empresa dispondr\u00e1 de<\/strong> <strong>personal cualificado y eficiente<\/strong> en el tiempo que prevea la curva de aprendizaje.<\/li>\n<li><strong>Se aumenta la<\/strong> <strong>productividad<\/strong>, la <strong>competitividad<\/strong> y la <strong>reducci\u00f3n<\/strong> de costes y tiempo.<\/li>\n<li><strong>Mejora la satisfacci\u00f3n<\/strong> de la plantilla y los colaboradores.<\/li>\n<li><strong>Fortalece el<\/strong> <strong><em>engagement<\/em><\/strong> y motivaci\u00f3n, al sentirse realizado el trabajador.<\/li>\n<li><strong>Incrementa la atracci\u00f3n y retenci\u00f3n de<\/strong> <strong>talento<\/strong> y mejora la reputaci\u00f3n de la marca como <em>employer branding<\/em>.<\/li>\n<\/ul>\n","protected":false},"excerpt":{"rendered":"<p>La curva de aprendizaje es un registro gr\u00e1fico o diagrama que muestra la mejora que se produce en<a class=\"moretag\" href=\"https:\/\/empresas.infoempleo.com\/hrtrends\/la-importancia-de-la-curva-de-aprendizaje\/\"> Leer m\u00e1s<\/a><\/p>\n","protected":false},"author":136,"featured_media":39859,"comment_status":"closed","ping_status":"closed","sticky":false,"template":"","format":"standard","meta":{"footnotes":""},"categories":[3032],"tags":[282,207,89],"class_list":["post-39857","post","type-post","status-publish","format-standard","has-post-thumbnail","hentry","category-formacion","tag-productividad","tag-profesionales","tag-talento"],"yoast_head":"<!-- This site is optimized with the Yoast SEO plugin v26.1.1 - https:\/\/yoast.com\/wordpress\/plugins\/seo\/ -->\n<title>La importancia de la curva de aprendizaje en la productividad | HRTRENDS<\/title>\n<meta name=\"description\" content=\"La curva de aprendizaje es un registro gr\u00e1fico o diagrama que muestra la mejora. Se pueden aplicar tanto a individuos como a organizaciones.\" \/>\n<meta name=\"robots\" content=\"index, follow, max-snippet:-1, max-image-preview:large, max-video-preview:-1\" \/>\n<link rel=\"canonical\" href=\"https:\/\/empresas.infoempleo.com\/hrtrends\/la-importancia-de-la-curva-de-aprendizaje\/\" \/>\n<meta property=\"og:locale\" content=\"es_ES\" \/>\n<meta property=\"og:type\" content=\"article\" \/>\n<meta property=\"og:title\" content=\"La importancia de la curva de aprendizaje en la productividad | HRTRENDS\" \/>\n<meta property=\"og:description\" content=\"La curva de aprendizaje es un registro gr\u00e1fico o diagrama que muestra la mejora. Se pueden aplicar tanto a individuos como a organizaciones.\" \/>\n<meta property=\"og:url\" content=\"https:\/\/empresas.infoempleo.com\/hrtrends\/la-importancia-de-la-curva-de-aprendizaje\/\" \/>\n<meta property=\"og:site_name\" content=\"HRTRENDS\" \/>\n<meta property=\"article:publisher\" content=\"https:\/\/www.facebook.com\/Infoempleo\" \/>\n<meta property=\"article:published_time\" content=\"2022-02-08T05:30:26+00:00\" \/>\n<meta property=\"og:image\" content=\"https:\/\/empresas.infoempleo.com\/hrtrends\/media\/2022\/02\/HRTrends_Curva-de-aprendizaje_881.jpg\" \/>\n\t<meta property=\"og:image:width\" content=\"881\" \/>\n\t<meta property=\"og:image:height\" content=\"551\" \/>\n\t<meta property=\"og:image:type\" content=\"image\/jpeg\" \/>\n<meta name=\"author\" content=\"Raquel Hern\u00e1ndez\" \/>\n<meta name=\"twitter:card\" content=\"summary_large_image\" \/>\n<meta name=\"twitter:creator\" content=\"@infoempleo\" \/>\n<meta name=\"twitter:site\" content=\"@infoempleo\" \/>\n<meta name=\"twitter:label1\" content=\"Escrito por\" \/>\n\t<meta name=\"twitter:data1\" content=\"Raquel Hern\u00e1ndez\" \/>\n\t<meta name=\"twitter:label2\" content=\"Tiempo de lectura\" \/>\n\t<meta name=\"twitter:data2\" content=\"3 minutos\" \/>\n<script type=\"application\/ld+json\" class=\"yoast-schema-graph\">{\"@context\":\"https:\/\/schema.org\",\"@graph\":[{\"@type\":\"NewsArticle\",\"@id\":\"https:\/\/empresas.infoempleo.com\/hrtrends\/la-importancia-de-la-curva-de-aprendizaje\/#article\",\"isPartOf\":{\"@id\":\"https:\/\/empresas.infoempleo.com\/hrtrends\/la-importancia-de-la-curva-de-aprendizaje\/\"},\"author\":{\"name\":\"Raquel Hern\u00e1ndez\",\"@id\":\"https:\/\/empresas.infoempleo.com\/hrtrends\/#\/schema\/person\/fb2f949a1461ff0e9e15996d82d3a787\"},\"headline\":\"La importancia de la curva de aprendizaje en la productividad\",\"datePublished\":\"2022-02-08T05:30:26+00:00\",\"mainEntityOfPage\":{\"@id\":\"https:\/\/empresas.infoempleo.com\/hrtrends\/la-importancia-de-la-curva-de-aprendizaje\/\"},\"wordCount\":549,\"publisher\":{\"@id\":\"https:\/\/empresas.infoempleo.com\/hrtrends\/#organization\"},\"image\":{\"@id\":\"https:\/\/empresas.infoempleo.com\/hrtrends\/la-importancia-de-la-curva-de-aprendizaje\/#primaryimage\"},\"thumbnailUrl\":\"https:\/\/empresas.infoempleo.com\/hrtrends\/media\/2022\/02\/HRTrends_Curva-de-aprendizaje_881.jpg\",\"keywords\":[\"productividad\",\"profesionales\",\"talento\"],\"articleSection\":[\"Formaci\u00f3n\"],\"inLanguage\":\"es\",\"copyrightYear\":\"2022\",\"copyrightHolder\":{\"@id\":\"https:\/\/empresas.infoempleo.com\/hrtrends\/#organization\"}},{\"@type\":\"WebPage\",\"@id\":\"https:\/\/empresas.infoempleo.com\/hrtrends\/la-importancia-de-la-curva-de-aprendizaje\/\",\"url\":\"https:\/\/empresas.infoempleo.com\/hrtrends\/la-importancia-de-la-curva-de-aprendizaje\/\",\"name\":\"La importancia de la curva de aprendizaje en la productividad | HRTRENDS\",\"isPartOf\":{\"@id\":\"https:\/\/empresas.infoempleo.com\/hrtrends\/#website\"},\"primaryImageOfPage\":{\"@id\":\"https:\/\/empresas.infoempleo.com\/hrtrends\/la-importancia-de-la-curva-de-aprendizaje\/#primaryimage\"},\"image\":{\"@id\":\"https:\/\/empresas.infoempleo.com\/hrtrends\/la-importancia-de-la-curva-de-aprendizaje\/#primaryimage\"},\"thumbnailUrl\":\"https:\/\/empresas.infoempleo.com\/hrtrends\/media\/2022\/02\/HRTrends_Curva-de-aprendizaje_881.jpg\",\"datePublished\":\"2022-02-08T05:30:26+00:00\",\"description\":\"La curva de aprendizaje es un registro gr\u00e1fico o diagrama que muestra la mejora. Se pueden aplicar tanto a individuos como a organizaciones.\",\"breadcrumb\":{\"@id\":\"https:\/\/empresas.infoempleo.com\/hrtrends\/la-importancia-de-la-curva-de-aprendizaje\/#breadcrumb\"},\"inLanguage\":\"es\",\"potentialAction\":[{\"@type\":\"ReadAction\",\"target\":[\"https:\/\/empresas.infoempleo.com\/hrtrends\/la-importancia-de-la-curva-de-aprendizaje\/\"]}]},{\"@type\":\"ImageObject\",\"inLanguage\":\"es\",\"@id\":\"https:\/\/empresas.infoempleo.com\/hrtrends\/la-importancia-de-la-curva-de-aprendizaje\/#primaryimage\",\"url\":\"https:\/\/empresas.infoempleo.com\/hrtrends\/media\/2022\/02\/HRTrends_Curva-de-aprendizaje_881-150x150.jpg\",\"contentUrl\":\"https:\/\/empresas.infoempleo.com\/hrtrends\/media\/2022\/02\/HRTrends_Curva-de-aprendizaje_881-150x150.jpg\",\"width\":150,\"height\":150,\"caption\":\"La importancia de la curva de aprendizaje en la productividad\"},{\"@type\":\"BreadcrumbList\",\"@id\":\"https:\/\/empresas.infoempleo.com\/hrtrends\/la-importancia-de-la-curva-de-aprendizaje\/#breadcrumb\",\"itemListElement\":[{\"@type\":\"ListItem\",\"position\":1,\"name\":\"Portada\",\"item\":\"https:\/\/empresas.infoempleo.com\/hrtrends\/\"},{\"@type\":\"ListItem\",\"position\":2,\"name\":\"La importancia de la curva de aprendizaje en la productividad\"}]},{\"@type\":\"WebSite\",\"@id\":\"https:\/\/empresas.infoempleo.com\/hrtrends\/#website\",\"url\":\"https:\/\/empresas.infoempleo.com\/hrtrends\",\"name\":\"HRTrends by Infoempleo\",\"description\":\"\",\"publisher\":{\"@id\":\"https:\/\/empresas.infoempleo.com\/hrtrends\/#organization\"},\"potentialAction\":{\"@type\":\"SearchAction\",\"target\":\"https:\/\/empresas.infoempleo.com\/hrtrends\/?s={search_term_string}\",\"query-input\":\"required name=search_term_string\"},\"inLanguage\":\"es\"},{\"@type\":\"Organization\",\"@id\":\"https:\/\/empresas.infoempleo.com\/hrtrends\/#organization\",\"name\":\"Infoempleo\",\"url\":\"https:\/\/www.infoempleo.com\/\",\"logo\":{\"@type\":\"ImageObject\",\"@id\":\"https:\/\/empresas.infoempleo.com\/hrtrends\/#logo\",\"inLanguage\":\"es\",\"url\":\"https:\/\/cdnazure.infoempleo.com\/infoempleo\/assets\/style\/gfx\/logo.svg\",\"contentUrl\":\"https:\/\/cdnazure.infoempleo.com\/infoempleo\/assets\/style\/gfx\/logo.svg\",\"width\":150,\"height\":40,\"caption\":\"Infoempleo\"},\"image\":{\"@id\":\"https:\/\/empresas.infoempleo.com\/hrtrends\/#logo\"},\"sameAs\":[\"https:\/\/www.facebook.com\/Infoempleo\",\"https:\/\/x.com\/infoempleo\",\"http:\/\/instagram.com\/infoempleo\/\",\"http:\/\/www.linkedin.com\/groups\/Empleo-Espa\u00f1a-Infoempleocom-111276\",\"http:\/\/pinterest.com\/infoempleo\/\"],\"address\":{\"@type\":\"PostalAddress\",\"addressLocality\":\"Madrid\",\"postalCode\":\"28050\",\"streetAddress\":\"Avenida de Burgos 114\"},\"brand\":[\"Infoempleo\"]},{\"@type\":\"Person\",\"@id\":\"https:\/\/empresas.infoempleo.com\/hrtrends\/#\/schema\/person\/fb2f949a1461ff0e9e15996d82d3a787\",\"name\":\"Raquel Hern\u00e1ndez\",\"image\":{\"@type\":\"ImageObject\",\"inLanguage\":\"es\",\"@id\":\"https:\/\/empresas.infoempleo.com\/hrtrends\/#\/schema\/person\/image\/\",\"url\":\"https:\/\/secure.gravatar.com\/avatar\/4ccd374b24ab5eefd1b7681d8be968df221a577fa3ffa9dc4bb4b537645dc6a2?s=96&d=mm&r=g\",\"contentUrl\":\"https:\/\/secure.gravatar.com\/avatar\/4ccd374b24ab5eefd1b7681d8be968df221a577fa3ffa9dc4bb4b537645dc6a2?s=96&d=mm&r=g\",\"caption\":\"Raquel Hern\u00e1ndez\"},\"description\":\"M\u00e1ster en Filosof\u00eda Contempor\u00e1nea y Diploma Experto en Salud y G\u00e9nero. Extensa experiencia profesional como directora y productora de eventos culturales, especializada en el sector editorial. Lectora profesional y redactora de contenidos relacionados con el empleo, la innovaci\u00f3n y la educaci\u00f3n.\",\"url\":\"https:\/\/empresas.infoempleo.com\/hrtrends\/author\/raquel-hernandez\/\"}]}<\/script>\n<!-- \/ Yoast SEO plugin. -->","yoast_head_json":{"title":"La importancia de la curva de aprendizaje en la productividad | HRTRENDS","description":"La curva de aprendizaje es un registro gr\u00e1fico o diagrama que muestra la mejora. Se pueden aplicar tanto a individuos como a organizaciones.","robots":{"index":"index","follow":"follow","max-snippet":"max-snippet:-1","max-image-preview":"max-image-preview:large","max-video-preview":"max-video-preview:-1"},"canonical":"https:\/\/empresas.infoempleo.com\/hrtrends\/la-importancia-de-la-curva-de-aprendizaje\/","og_locale":"es_ES","og_type":"article","og_title":"La importancia de la curva de aprendizaje en la productividad | HRTRENDS","og_description":"La curva de aprendizaje es un registro gr\u00e1fico o diagrama que muestra la mejora. Se pueden aplicar tanto a individuos como a organizaciones.","og_url":"https:\/\/empresas.infoempleo.com\/hrtrends\/la-importancia-de-la-curva-de-aprendizaje\/","og_site_name":"HRTRENDS","article_publisher":"https:\/\/www.facebook.com\/Infoempleo","article_published_time":"2022-02-08T05:30:26+00:00","og_image":[{"width":881,"height":551,"url":"https:\/\/empresas.infoempleo.com\/hrtrends\/media\/2022\/02\/HRTrends_Curva-de-aprendizaje_881.jpg","type":"image\/jpeg"}],"author":"Raquel Hern\u00e1ndez","twitter_card":"summary_large_image","twitter_creator":"@infoempleo","twitter_site":"@infoempleo","twitter_misc":{"Escrito por":"Raquel Hern\u00e1ndez","Tiempo de lectura":"3 minutos"},"schema":{"@context":"https:\/\/schema.org","@graph":[{"@type":"NewsArticle","@id":"https:\/\/empresas.infoempleo.com\/hrtrends\/la-importancia-de-la-curva-de-aprendizaje\/#article","isPartOf":{"@id":"https:\/\/empresas.infoempleo.com\/hrtrends\/la-importancia-de-la-curva-de-aprendizaje\/"},"author":{"name":"Raquel Hern\u00e1ndez","@id":"https:\/\/empresas.infoempleo.com\/hrtrends\/#\/schema\/person\/fb2f949a1461ff0e9e15996d82d3a787"},"headline":"La importancia de la curva de aprendizaje en la productividad","datePublished":"2022-02-08T05:30:26+00:00","mainEntityOfPage":{"@id":"https:\/\/empresas.infoempleo.com\/hrtrends\/la-importancia-de-la-curva-de-aprendizaje\/"},"wordCount":549,"publisher":{"@id":"https:\/\/empresas.infoempleo.com\/hrtrends\/#organization"},"image":{"@id":"https:\/\/empresas.infoempleo.com\/hrtrends\/la-importancia-de-la-curva-de-aprendizaje\/#primaryimage"},"thumbnailUrl":"https:\/\/empresas.infoempleo.com\/hrtrends\/media\/2022\/02\/HRTrends_Curva-de-aprendizaje_881.jpg","keywords":["productividad","profesionales","talento"],"articleSection":["Formaci\u00f3n"],"inLanguage":"es","copyrightYear":"2022","copyrightHolder":{"@id":"https:\/\/empresas.infoempleo.com\/hrtrends\/#organization"}},{"@type":"WebPage","@id":"https:\/\/empresas.infoempleo.com\/hrtrends\/la-importancia-de-la-curva-de-aprendizaje\/","url":"https:\/\/empresas.infoempleo.com\/hrtrends\/la-importancia-de-la-curva-de-aprendizaje\/","name":"La importancia de la curva de aprendizaje en la productividad | HRTRENDS","isPartOf":{"@id":"https:\/\/empresas.infoempleo.com\/hrtrends\/#website"},"primaryImageOfPage":{"@id":"https:\/\/empresas.infoempleo.com\/hrtrends\/la-importancia-de-la-curva-de-aprendizaje\/#primaryimage"},"image":{"@id":"https:\/\/empresas.infoempleo.com\/hrtrends\/la-importancia-de-la-curva-de-aprendizaje\/#primaryimage"},"thumbnailUrl":"https:\/\/empresas.infoempleo.com\/hrtrends\/media\/2022\/02\/HRTrends_Curva-de-aprendizaje_881.jpg","datePublished":"2022-02-08T05:30:26+00:00","description":"La curva de aprendizaje es un registro gr\u00e1fico o diagrama que muestra la mejora. Se pueden aplicar tanto a individuos como a organizaciones.","breadcrumb":{"@id":"https:\/\/empresas.infoempleo.com\/hrtrends\/la-importancia-de-la-curva-de-aprendizaje\/#breadcrumb"},"inLanguage":"es","potentialAction":[{"@type":"ReadAction","target":["https:\/\/empresas.infoempleo.com\/hrtrends\/la-importancia-de-la-curva-de-aprendizaje\/"]}]},{"@type":"ImageObject","inLanguage":"es","@id":"https:\/\/empresas.infoempleo.com\/hrtrends\/la-importancia-de-la-curva-de-aprendizaje\/#primaryimage","url":"https:\/\/empresas.infoempleo.com\/hrtrends\/media\/2022\/02\/HRTrends_Curva-de-aprendizaje_881-150x150.jpg","contentUrl":"https:\/\/empresas.infoempleo.com\/hrtrends\/media\/2022\/02\/HRTrends_Curva-de-aprendizaje_881-150x150.jpg","width":150,"height":150,"caption":"La importancia de la curva de aprendizaje en la productividad"},{"@type":"BreadcrumbList","@id":"https:\/\/empresas.infoempleo.com\/hrtrends\/la-importancia-de-la-curva-de-aprendizaje\/#breadcrumb","itemListElement":[{"@type":"ListItem","position":1,"name":"Portada","item":"https:\/\/empresas.infoempleo.com\/hrtrends\/"},{"@type":"ListItem","position":2,"name":"La importancia de la curva de aprendizaje en la productividad"}]},{"@type":"WebSite","@id":"https:\/\/empresas.infoempleo.com\/hrtrends\/#website","url":"https:\/\/empresas.infoempleo.com\/hrtrends","name":"HRTrends by Infoempleo","description":"","publisher":{"@id":"https:\/\/empresas.infoempleo.com\/hrtrends\/#organization"},"potentialAction":{"@type":"SearchAction","target":"https:\/\/empresas.infoempleo.com\/hrtrends\/?s={search_term_string}","query-input":"required name=search_term_string"},"inLanguage":"es"},{"@type":"Organization","@id":"https:\/\/empresas.infoempleo.com\/hrtrends\/#organization","name":"Infoempleo","url":"https:\/\/www.infoempleo.com\/","logo":{"@type":"ImageObject","@id":"https:\/\/empresas.infoempleo.com\/hrtrends\/#logo","inLanguage":"es","url":"https:\/\/cdnazure.infoempleo.com\/infoempleo\/assets\/style\/gfx\/logo.svg","contentUrl":"https:\/\/cdnazure.infoempleo.com\/infoempleo\/assets\/style\/gfx\/logo.svg","width":150,"height":40,"caption":"Infoempleo"},"image":{"@id":"https:\/\/empresas.infoempleo.com\/hrtrends\/#logo"},"sameAs":["https:\/\/www.facebook.com\/Infoempleo","https:\/\/x.com\/infoempleo","http:\/\/instagram.com\/infoempleo\/","http:\/\/www.linkedin.com\/groups\/Empleo-Espa\u00f1a-Infoempleocom-111276","http:\/\/pinterest.com\/infoempleo\/"],"address":{"@type":"PostalAddress","addressLocality":"Madrid","postalCode":"28050","streetAddress":"Avenida de Burgos 114"},"brand":["Infoempleo"]},{"@type":"Person","@id":"https:\/\/empresas.infoempleo.com\/hrtrends\/#\/schema\/person\/fb2f949a1461ff0e9e15996d82d3a787","name":"Raquel Hern\u00e1ndez","image":{"@type":"ImageObject","inLanguage":"es","@id":"https:\/\/empresas.infoempleo.com\/hrtrends\/#\/schema\/person\/image\/","url":"https:\/\/secure.gravatar.com\/avatar\/4ccd374b24ab5eefd1b7681d8be968df221a577fa3ffa9dc4bb4b537645dc6a2?s=96&d=mm&r=g","contentUrl":"https:\/\/secure.gravatar.com\/avatar\/4ccd374b24ab5eefd1b7681d8be968df221a577fa3ffa9dc4bb4b537645dc6a2?s=96&d=mm&r=g","caption":"Raquel Hern\u00e1ndez"},"description":"M\u00e1ster en Filosof\u00eda Contempor\u00e1nea y Diploma Experto en Salud y G\u00e9nero. Extensa experiencia profesional como directora y productora de eventos culturales, especializada en el sector editorial. Lectora profesional y redactora de contenidos relacionados con el empleo, la innovaci\u00f3n y la educaci\u00f3n.","url":"https:\/\/empresas.infoempleo.com\/hrtrends\/author\/raquel-hernandez\/"}]}},"amp_enabled":true,"_links":{"self":[{"href":"https:\/\/empresas.infoempleo.com\/hrtrends\/wp-json\/wp\/v2\/posts\/39857","targetHints":{"allow":["GET"]}}],"collection":[{"href":"https:\/\/empresas.infoempleo.com\/hrtrends\/wp-json\/wp\/v2\/posts"}],"about":[{"href":"https:\/\/empresas.infoempleo.com\/hrtrends\/wp-json\/wp\/v2\/types\/post"}],"author":[{"embeddable":true,"href":"https:\/\/empresas.infoempleo.com\/hrtrends\/wp-json\/wp\/v2\/users\/136"}],"replies":[{"embeddable":true,"href":"https:\/\/empresas.infoempleo.com\/hrtrends\/wp-json\/wp\/v2\/comments?post=39857"}],"version-history":[{"count":4,"href":"https:\/\/empresas.infoempleo.com\/hrtrends\/wp-json\/wp\/v2\/posts\/39857\/revisions"}],"predecessor-version":[{"id":39871,"href":"https:\/\/empresas.infoempleo.com\/hrtrends\/wp-json\/wp\/v2\/posts\/39857\/revisions\/39871"}],"wp:featuredmedia":[{"embeddable":true,"href":"https:\/\/empresas.infoempleo.com\/hrtrends\/wp-json\/wp\/v2\/media\/39859"}],"wp:attachment":[{"href":"https:\/\/empresas.infoempleo.com\/hrtrends\/wp-json\/wp\/v2\/media?parent=39857"}],"wp:term":[{"taxonomy":"category","embeddable":true,"href":"https:\/\/empresas.infoempleo.com\/hrtrends\/wp-json\/wp\/v2\/categories?post=39857"},{"taxonomy":"post_tag","embeddable":true,"href":"https:\/\/empresas.infoempleo.com\/hrtrends\/wp-json\/wp\/v2\/tags?post=39857"}],"curies":[{"name":"wp","href":"https:\/\/api.w.org\/{rel}","templated":true}]}}