{"id":39556,"date":"2021-12-15T07:30:01","date_gmt":"2021-12-15T05:30:01","guid":{"rendered":"https:\/\/empresas.infoempleo.com\/hrtrends\/?p=39556"},"modified":"2021-12-13T18:10:30","modified_gmt":"2021-12-13T16:10:30","slug":"que-es-top-down-y-bottom-up-en-la-gestion-de-rrhh","status":"publish","type":"post","link":"https:\/\/empresas.infoempleo.com\/hrtrends\/que-es-top-down-y-bottom-up-en-la-gestion-de-rrhh\/","title":{"rendered":"Qu\u00e9 es top-down y bottom-up en la gesti\u00f3n de RRHH"},"content":{"rendered":"<p>Los anglicismos en recursos humanos a veces pueden ser confusos, sin embargo en esta ocasi\u00f3n describen el <strong>modelo de gesti\u00f3n<\/strong> claramente. El concepto <strong><em>top-down<\/em><\/strong> refleja el <strong>tradicional paradigma<\/strong> donde las decisiones y los planes estrat\u00e9gicos se restringen al equipo directivo. La novedad de los \u00faltimos a\u00f1os es esta propuesta acorde a las <strong>metodolog\u00edas <\/strong>Agile, esto es, el modelo de organizaci\u00f3n de las responsabilidades <strong><em>bottom-up<\/em><\/strong>. En \u00e9l, toda la plantilla aporta al negocio.<\/p>\n<p><!--more--><\/p>\n<h2>\u00bfQu\u00e9 es el <em>bottom-up<\/em>?<\/h2>\n<p>El objetivo de este enfoque es <a href=\"https:\/\/empresas.infoempleo.com\/hrtrends\/como-crear-valor-anadido-desde-los-recursos-humanos\/\"><strong>capitalizar la potencia de los recursos humanos<\/strong><\/a> y <strong>optimizar el talento cualificado<\/strong> de los empleados. Se suele observar un contraste entre la capacidad de los directivos para identificar patrones pasados que sirvan para orientar las decisiones, frente a la potencia <strong>intuitiva<\/strong> de los diversos niveles de la jerarqu\u00eda, que establece conexiones para prever futuras posibilidades.<\/p>\n<p>El <strong>empoderamiento<\/strong>, implicaci\u00f3n y compromiso de todos los trabajadores supone una mejor <strong>adaptabilidad<\/strong> al cambio. La resoluci\u00f3n de las incidencias y el planteamiento de las acciones es <strong><em>Agile<\/em><\/strong>, es decir, <strong>r\u00e1pido, pr\u00e1ctico y eficiente<\/strong>, al no tener que esperar las respuestas de una c\u00fapula directiva. En este sentido, para <strong>evitar ralentizaciones<\/strong> por desacuerdo, debes dejar muy claros los <strong>hitos<\/strong> del proyecto.<\/p>\n<p>La generaci\u00f3n <strong><em>millennial<\/em><\/strong>, que es el grueso de la fuerza laboral activa en la actualidad, demanda mayor empoderamiento y <strong>participaci\u00f3n<\/strong> para sentirse vinculada y comprometida con la cultura empresarial. En el modelo <strong><em>bottom-up<\/em><\/strong> es clave generar relaciones de <strong>confianza<\/strong>, reconocer los <strong>logros<\/strong> y crear ambientes laborales positivos.<\/p>\n<p><img loading=\"lazy\" decoding=\"async\" class=\"aligncenter wp-image-39564 size-full\" title=\"\u00bfQu\u00e9 es el bottom-up?\" src=\"https:\/\/empresas.infoempleo.com\/hrtrends\/media\/2021\/12\/HRTrends_Top-down.jpg\" alt=\"\u00bfQu\u00e9 es el bottom-up?\" width=\"800\" height=\"600\" srcset=\"https:\/\/empresas.infoempleo.com\/hrtrends\/media\/2021\/12\/HRTrends_Top-down.jpg 800w, https:\/\/empresas.infoempleo.com\/hrtrends\/media\/2021\/12\/HRTrends_Top-down-300x225.jpg 300w, https:\/\/empresas.infoempleo.com\/hrtrends\/media\/2021\/12\/HRTrends_Top-down-768x576.jpg 768w\" sizes=\"auto, (max-width: 800px) 100vw, 800px\" \/><\/p>\n<h2>Ventajas y <em>tips<\/em> para implantarlo<\/h2>\n<p>Las principales <strong>ventajas del modelo <em>bottom-up <\/em><\/strong>que fomenta la creatividad e incentiva la participaci\u00f3n son:<\/p>\n<ul>\n<li><strong>Crea un clima de reconocimiento y<\/strong> <strong>compromiso<\/strong>, donde mejora la productividad.<\/li>\n<li><strong>Fortalece el<\/strong> <strong><em>team building<\/em><\/strong> generando m\u00e1s situaciones de contacto entre la plantilla.<\/li>\n<li><strong>Mejora la comunicaci\u00f3n<\/strong> y reduce los malentendidos.<\/li>\n<li><strong>Libera el<\/strong> <strong>estr\u00e9s<\/strong> del aislamiento y la soledad, especialmente en <a href=\"https:\/\/empresas.infoempleo.com\/hrtrends\/jornada-mixta-online-presencial-ha-llegado-para-quedarse\/\"><strong>equipos h\u00edbridos o en remoto<\/strong><\/a>.<\/li>\n<li><strong>Mejora de la formaci\u00f3n con aprendizaje colaborativo<\/strong> donde el intercambio de conocimientos predomina sobre la transmisi\u00f3n jer\u00e1rquica de competencias.<\/li>\n<\/ul>\n<p>En ocasiones, la teor\u00eda te parece maravillosa pero no ves c\u00f3mo empezar la transici\u00f3n a un modelo participativo estilo <strong><em>bottom-up<\/em><\/strong>. Puedes empezar con estas <strong>pautas<\/strong>:<\/p>\n<ul>\n<li>Invita a todo el equipo a<strong> compartir las decisiones<\/strong> sobre la hoja de ruta.<\/li>\n<li>Distingue la <strong>autoridad<\/strong> del autoritarismo, es decir, otorga autonom\u00eda para las decisiones al talento que est\u00e9 cualificado y sume al equipo o al proyecto. Por el contrario, procura percibir de manera reactiva las \u201cluchas de ego\u201d. Cuando localices una situaci\u00f3n de <strong>autoritarismo<\/strong> disuelve esas responsabilidades.<\/li>\n<li>Fomenta la <strong>comunicaci\u00f3n estrat\u00e9gica<\/strong> a trav\u00e9s de los liderazgos de objetivos y valores.<\/li>\n<li>Planifica <strong>hitos<\/strong> y programa la <strong>participaci\u00f3n<\/strong> de toda la plantilla en su consecuci\u00f3n.<\/li>\n<li>Solicita y <strong>registra<\/strong> la aportaci\u00f3n personal de cada trabajador en el logro de las <strong>metas<\/strong>.<\/li>\n<li>Por \u00faltimo, mantente atento ante los posibles <strong>bloqueos<\/strong> de algunos perfiles por no saber gestionar el incremento de responsabilidad. <strong>Adapta<\/strong> las propuestas a la <strong>diversidad<\/strong> de una plantilla inclusiva.<\/li>\n<\/ul>\n","protected":false},"excerpt":{"rendered":"<p>Los anglicismos en recursos humanos a veces pueden ser confusos, sin embargo en esta ocasi\u00f3n describen el modelo<a class=\"moretag\" href=\"https:\/\/empresas.infoempleo.com\/hrtrends\/que-es-top-down-y-bottom-up-en-la-gestion-de-rrhh\/\"> Leer m\u00e1s<\/a><\/p>\n","protected":false},"author":136,"featured_media":39565,"comment_status":"closed","ping_status":"closed","sticky":false,"template":"","format":"standard","meta":{"footnotes":""},"categories":[3035],"tags":[2314,3254,21,89],"class_list":["post-39556","post","type-post","status-publish","format-standard","has-post-thumbnail","hentry","category-consejos","tag-ambiente-laboral","tag-gestion-de-equipos","tag-liderazgo","tag-talento"],"yoast_head":"<!-- This site is optimized with the Yoast SEO plugin v26.1.1 - https:\/\/yoast.com\/wordpress\/plugins\/seo\/ -->\n<title>Qu\u00e9 es top-down y bottom-up en la gesti\u00f3n de RRHH | HRTRENDS<\/title>\n<meta name=\"description\" content=\"La novedad de los \u00faltimos a\u00f1os es esta propuesta acorde a las metodolog\u00edas Agile, esto es, el modelo de organizaci\u00f3n de las responsabilidades bottom-up.\" \/>\n<meta name=\"robots\" content=\"index, follow, max-snippet:-1, max-image-preview:large, max-video-preview:-1\" \/>\n<link rel=\"canonical\" href=\"https:\/\/empresas.infoempleo.com\/hrtrends\/que-es-top-down-y-bottom-up-en-la-gestion-de-rrhh\/\" \/>\n<meta property=\"og:locale\" content=\"es_ES\" \/>\n<meta property=\"og:type\" content=\"article\" \/>\n<meta property=\"og:title\" content=\"Qu\u00e9 es top-down y bottom-up en la gesti\u00f3n de RRHH | HRTRENDS\" \/>\n<meta property=\"og:description\" content=\"La novedad de los \u00faltimos a\u00f1os es esta propuesta acorde a las metodolog\u00edas Agile, esto es, el modelo de organizaci\u00f3n de las responsabilidades bottom-up.\" \/>\n<meta property=\"og:url\" content=\"https:\/\/empresas.infoempleo.com\/hrtrends\/que-es-top-down-y-bottom-up-en-la-gestion-de-rrhh\/\" \/>\n<meta property=\"og:site_name\" content=\"HRTRENDS\" \/>\n<meta property=\"article:publisher\" content=\"https:\/\/www.facebook.com\/Infoempleo\" \/>\n<meta property=\"article:published_time\" content=\"2021-12-15T05:30:01+00:00\" \/>\n<meta property=\"og:image\" content=\"https:\/\/empresas.infoempleo.com\/hrtrends\/media\/2021\/12\/HRTrends_Bottom-up.jpg\" \/>\n\t<meta property=\"og:image:width\" content=\"881\" \/>\n\t<meta property=\"og:image:height\" content=\"587\" \/>\n\t<meta property=\"og:image:type\" content=\"image\/jpeg\" \/>\n<meta name=\"author\" content=\"Raquel Hern\u00e1ndez\" \/>\n<meta name=\"twitter:card\" content=\"summary_large_image\" \/>\n<meta name=\"twitter:creator\" content=\"@infoempleo\" \/>\n<meta name=\"twitter:site\" content=\"@infoempleo\" \/>\n<meta name=\"twitter:label1\" content=\"Escrito por\" \/>\n\t<meta name=\"twitter:data1\" content=\"Raquel Hern\u00e1ndez\" \/>\n\t<meta name=\"twitter:label2\" content=\"Tiempo de lectura\" \/>\n\t<meta name=\"twitter:data2\" content=\"3 minutos\" \/>\n<script type=\"application\/ld+json\" class=\"yoast-schema-graph\">{\"@context\":\"https:\/\/schema.org\",\"@graph\":[{\"@type\":\"NewsArticle\",\"@id\":\"https:\/\/empresas.infoempleo.com\/hrtrends\/que-es-top-down-y-bottom-up-en-la-gestion-de-rrhh\/#article\",\"isPartOf\":{\"@id\":\"https:\/\/empresas.infoempleo.com\/hrtrends\/que-es-top-down-y-bottom-up-en-la-gestion-de-rrhh\/\"},\"author\":{\"name\":\"Raquel Hern\u00e1ndez\",\"@id\":\"https:\/\/empresas.infoempleo.com\/hrtrends\/#\/schema\/person\/fb2f949a1461ff0e9e15996d82d3a787\"},\"headline\":\"Qu\u00e9 es top-down y bottom-up en la gesti\u00f3n de RRHH\",\"datePublished\":\"2021-12-15T05:30:01+00:00\",\"mainEntityOfPage\":{\"@id\":\"https:\/\/empresas.infoempleo.com\/hrtrends\/que-es-top-down-y-bottom-up-en-la-gestion-de-rrhh\/\"},\"wordCount\":527,\"publisher\":{\"@id\":\"https:\/\/empresas.infoempleo.com\/hrtrends\/#organization\"},\"image\":{\"@id\":\"https:\/\/empresas.infoempleo.com\/hrtrends\/que-es-top-down-y-bottom-up-en-la-gestion-de-rrhh\/#primaryimage\"},\"thumbnailUrl\":\"https:\/\/empresas.infoempleo.com\/hrtrends\/media\/2021\/12\/HRTrends_Bottom-up.jpg\",\"keywords\":[\"ambiente laboral\",\"gesti\u00f3n de equipos\",\"liderazgo\",\"talento\"],\"articleSection\":[\"Consejos\"],\"inLanguage\":\"es\",\"copyrightYear\":\"2021\",\"copyrightHolder\":{\"@id\":\"https:\/\/empresas.infoempleo.com\/hrtrends\/#organization\"}},{\"@type\":\"WebPage\",\"@id\":\"https:\/\/empresas.infoempleo.com\/hrtrends\/que-es-top-down-y-bottom-up-en-la-gestion-de-rrhh\/\",\"url\":\"https:\/\/empresas.infoempleo.com\/hrtrends\/que-es-top-down-y-bottom-up-en-la-gestion-de-rrhh\/\",\"name\":\"Qu\u00e9 es top-down y bottom-up en la gesti\u00f3n de RRHH | HRTRENDS\",\"isPartOf\":{\"@id\":\"https:\/\/empresas.infoempleo.com\/hrtrends\/#website\"},\"primaryImageOfPage\":{\"@id\":\"https:\/\/empresas.infoempleo.com\/hrtrends\/que-es-top-down-y-bottom-up-en-la-gestion-de-rrhh\/#primaryimage\"},\"image\":{\"@id\":\"https:\/\/empresas.infoempleo.com\/hrtrends\/que-es-top-down-y-bottom-up-en-la-gestion-de-rrhh\/#primaryimage\"},\"thumbnailUrl\":\"https:\/\/empresas.infoempleo.com\/hrtrends\/media\/2021\/12\/HRTrends_Bottom-up.jpg\",\"datePublished\":\"2021-12-15T05:30:01+00:00\",\"description\":\"La novedad de los \u00faltimos a\u00f1os es esta propuesta acorde a las metodolog\u00edas Agile, esto es, el modelo de organizaci\u00f3n de las responsabilidades bottom-up.\",\"breadcrumb\":{\"@id\":\"https:\/\/empresas.infoempleo.com\/hrtrends\/que-es-top-down-y-bottom-up-en-la-gestion-de-rrhh\/#breadcrumb\"},\"inLanguage\":\"es\",\"potentialAction\":[{\"@type\":\"ReadAction\",\"target\":[\"https:\/\/empresas.infoempleo.com\/hrtrends\/que-es-top-down-y-bottom-up-en-la-gestion-de-rrhh\/\"]}]},{\"@type\":\"ImageObject\",\"inLanguage\":\"es\",\"@id\":\"https:\/\/empresas.infoempleo.com\/hrtrends\/que-es-top-down-y-bottom-up-en-la-gestion-de-rrhh\/#primaryimage\",\"url\":\"https:\/\/empresas.infoempleo.com\/hrtrends\/media\/2021\/12\/HRTrends_Bottom-up-150x150.jpg\",\"contentUrl\":\"https:\/\/empresas.infoempleo.com\/hrtrends\/media\/2021\/12\/HRTrends_Bottom-up-150x150.jpg\",\"width\":150,\"height\":150,\"caption\":\"Qu\u00e9 es top-down y bottom-up en la gesti\u00f3n de RRHH\"},{\"@type\":\"BreadcrumbList\",\"@id\":\"https:\/\/empresas.infoempleo.com\/hrtrends\/que-es-top-down-y-bottom-up-en-la-gestion-de-rrhh\/#breadcrumb\",\"itemListElement\":[{\"@type\":\"ListItem\",\"position\":1,\"name\":\"Portada\",\"item\":\"https:\/\/empresas.infoempleo.com\/hrtrends\/\"},{\"@type\":\"ListItem\",\"position\":2,\"name\":\"Qu\u00e9 es top-down y bottom-up en la gesti\u00f3n de RRHH\"}]},{\"@type\":\"WebSite\",\"@id\":\"https:\/\/empresas.infoempleo.com\/hrtrends\/#website\",\"url\":\"https:\/\/empresas.infoempleo.com\/hrtrends\",\"name\":\"HRTrends by Infoempleo\",\"description\":\"\",\"publisher\":{\"@id\":\"https:\/\/empresas.infoempleo.com\/hrtrends\/#organization\"},\"potentialAction\":{\"@type\":\"SearchAction\",\"target\":\"https:\/\/empresas.infoempleo.com\/hrtrends\/?s={search_term_string}\",\"query-input\":\"required name=search_term_string\"},\"inLanguage\":\"es\"},{\"@type\":\"Organization\",\"@id\":\"https:\/\/empresas.infoempleo.com\/hrtrends\/#organization\",\"name\":\"Infoempleo\",\"url\":\"https:\/\/www.infoempleo.com\/\",\"logo\":{\"@type\":\"ImageObject\",\"@id\":\"https:\/\/empresas.infoempleo.com\/hrtrends\/#logo\",\"inLanguage\":\"es\",\"url\":\"https:\/\/cdnazure.infoempleo.com\/infoempleo\/assets\/style\/gfx\/logo.svg\",\"contentUrl\":\"https:\/\/cdnazure.infoempleo.com\/infoempleo\/assets\/style\/gfx\/logo.svg\",\"width\":150,\"height\":40,\"caption\":\"Infoempleo\"},\"image\":{\"@id\":\"https:\/\/empresas.infoempleo.com\/hrtrends\/#logo\"},\"sameAs\":[\"https:\/\/www.facebook.com\/Infoempleo\",\"https:\/\/x.com\/infoempleo\",\"http:\/\/instagram.com\/infoempleo\/\",\"http:\/\/www.linkedin.com\/groups\/Empleo-Espa\u00f1a-Infoempleocom-111276\",\"http:\/\/pinterest.com\/infoempleo\/\"],\"address\":{\"@type\":\"PostalAddress\",\"addressLocality\":\"Madrid\",\"postalCode\":\"28050\",\"streetAddress\":\"Avenida de Burgos 114\"},\"brand\":[\"Infoempleo\"]},{\"@type\":\"Person\",\"@id\":\"https:\/\/empresas.infoempleo.com\/hrtrends\/#\/schema\/person\/fb2f949a1461ff0e9e15996d82d3a787\",\"name\":\"Raquel Hern\u00e1ndez\",\"image\":{\"@type\":\"ImageObject\",\"inLanguage\":\"es\",\"@id\":\"https:\/\/empresas.infoempleo.com\/hrtrends\/#\/schema\/person\/image\/\",\"url\":\"https:\/\/secure.gravatar.com\/avatar\/4ccd374b24ab5eefd1b7681d8be968df221a577fa3ffa9dc4bb4b537645dc6a2?s=96&d=mm&r=g\",\"contentUrl\":\"https:\/\/secure.gravatar.com\/avatar\/4ccd374b24ab5eefd1b7681d8be968df221a577fa3ffa9dc4bb4b537645dc6a2?s=96&d=mm&r=g\",\"caption\":\"Raquel Hern\u00e1ndez\"},\"description\":\"M\u00e1ster en Filosof\u00eda Contempor\u00e1nea y Diploma Experto en Salud y G\u00e9nero. Extensa experiencia profesional como directora y productora de eventos culturales, especializada en el sector editorial. Lectora profesional y redactora de contenidos relacionados con el empleo, la innovaci\u00f3n y la educaci\u00f3n.\",\"url\":\"https:\/\/empresas.infoempleo.com\/hrtrends\/author\/raquel-hernandez\/\"}]}<\/script>\n<!-- \/ Yoast SEO plugin. -->","yoast_head_json":{"title":"Qu\u00e9 es top-down y bottom-up en la gesti\u00f3n de RRHH | HRTRENDS","description":"La novedad de los \u00faltimos a\u00f1os es esta propuesta acorde a las metodolog\u00edas Agile, esto es, el modelo de organizaci\u00f3n de las responsabilidades bottom-up.","robots":{"index":"index","follow":"follow","max-snippet":"max-snippet:-1","max-image-preview":"max-image-preview:large","max-video-preview":"max-video-preview:-1"},"canonical":"https:\/\/empresas.infoempleo.com\/hrtrends\/que-es-top-down-y-bottom-up-en-la-gestion-de-rrhh\/","og_locale":"es_ES","og_type":"article","og_title":"Qu\u00e9 es top-down y bottom-up en la gesti\u00f3n de RRHH | HRTRENDS","og_description":"La novedad de los \u00faltimos a\u00f1os es esta propuesta acorde a las metodolog\u00edas Agile, esto es, el modelo de organizaci\u00f3n de las responsabilidades bottom-up.","og_url":"https:\/\/empresas.infoempleo.com\/hrtrends\/que-es-top-down-y-bottom-up-en-la-gestion-de-rrhh\/","og_site_name":"HRTRENDS","article_publisher":"https:\/\/www.facebook.com\/Infoempleo","article_published_time":"2021-12-15T05:30:01+00:00","og_image":[{"width":881,"height":587,"url":"https:\/\/empresas.infoempleo.com\/hrtrends\/media\/2021\/12\/HRTrends_Bottom-up.jpg","type":"image\/jpeg"}],"author":"Raquel Hern\u00e1ndez","twitter_card":"summary_large_image","twitter_creator":"@infoempleo","twitter_site":"@infoempleo","twitter_misc":{"Escrito por":"Raquel Hern\u00e1ndez","Tiempo de lectura":"3 minutos"},"schema":{"@context":"https:\/\/schema.org","@graph":[{"@type":"NewsArticle","@id":"https:\/\/empresas.infoempleo.com\/hrtrends\/que-es-top-down-y-bottom-up-en-la-gestion-de-rrhh\/#article","isPartOf":{"@id":"https:\/\/empresas.infoempleo.com\/hrtrends\/que-es-top-down-y-bottom-up-en-la-gestion-de-rrhh\/"},"author":{"name":"Raquel Hern\u00e1ndez","@id":"https:\/\/empresas.infoempleo.com\/hrtrends\/#\/schema\/person\/fb2f949a1461ff0e9e15996d82d3a787"},"headline":"Qu\u00e9 es top-down y bottom-up en la gesti\u00f3n de RRHH","datePublished":"2021-12-15T05:30:01+00:00","mainEntityOfPage":{"@id":"https:\/\/empresas.infoempleo.com\/hrtrends\/que-es-top-down-y-bottom-up-en-la-gestion-de-rrhh\/"},"wordCount":527,"publisher":{"@id":"https:\/\/empresas.infoempleo.com\/hrtrends\/#organization"},"image":{"@id":"https:\/\/empresas.infoempleo.com\/hrtrends\/que-es-top-down-y-bottom-up-en-la-gestion-de-rrhh\/#primaryimage"},"thumbnailUrl":"https:\/\/empresas.infoempleo.com\/hrtrends\/media\/2021\/12\/HRTrends_Bottom-up.jpg","keywords":["ambiente laboral","gesti\u00f3n de equipos","liderazgo","talento"],"articleSection":["Consejos"],"inLanguage":"es","copyrightYear":"2021","copyrightHolder":{"@id":"https:\/\/empresas.infoempleo.com\/hrtrends\/#organization"}},{"@type":"WebPage","@id":"https:\/\/empresas.infoempleo.com\/hrtrends\/que-es-top-down-y-bottom-up-en-la-gestion-de-rrhh\/","url":"https:\/\/empresas.infoempleo.com\/hrtrends\/que-es-top-down-y-bottom-up-en-la-gestion-de-rrhh\/","name":"Qu\u00e9 es top-down y bottom-up en la gesti\u00f3n de RRHH | HRTRENDS","isPartOf":{"@id":"https:\/\/empresas.infoempleo.com\/hrtrends\/#website"},"primaryImageOfPage":{"@id":"https:\/\/empresas.infoempleo.com\/hrtrends\/que-es-top-down-y-bottom-up-en-la-gestion-de-rrhh\/#primaryimage"},"image":{"@id":"https:\/\/empresas.infoempleo.com\/hrtrends\/que-es-top-down-y-bottom-up-en-la-gestion-de-rrhh\/#primaryimage"},"thumbnailUrl":"https:\/\/empresas.infoempleo.com\/hrtrends\/media\/2021\/12\/HRTrends_Bottom-up.jpg","datePublished":"2021-12-15T05:30:01+00:00","description":"La novedad de los \u00faltimos a\u00f1os es esta propuesta acorde a las metodolog\u00edas Agile, esto es, el modelo de organizaci\u00f3n de las responsabilidades bottom-up.","breadcrumb":{"@id":"https:\/\/empresas.infoempleo.com\/hrtrends\/que-es-top-down-y-bottom-up-en-la-gestion-de-rrhh\/#breadcrumb"},"inLanguage":"es","potentialAction":[{"@type":"ReadAction","target":["https:\/\/empresas.infoempleo.com\/hrtrends\/que-es-top-down-y-bottom-up-en-la-gestion-de-rrhh\/"]}]},{"@type":"ImageObject","inLanguage":"es","@id":"https:\/\/empresas.infoempleo.com\/hrtrends\/que-es-top-down-y-bottom-up-en-la-gestion-de-rrhh\/#primaryimage","url":"https:\/\/empresas.infoempleo.com\/hrtrends\/media\/2021\/12\/HRTrends_Bottom-up-150x150.jpg","contentUrl":"https:\/\/empresas.infoempleo.com\/hrtrends\/media\/2021\/12\/HRTrends_Bottom-up-150x150.jpg","width":150,"height":150,"caption":"Qu\u00e9 es top-down y bottom-up en la gesti\u00f3n de RRHH"},{"@type":"BreadcrumbList","@id":"https:\/\/empresas.infoempleo.com\/hrtrends\/que-es-top-down-y-bottom-up-en-la-gestion-de-rrhh\/#breadcrumb","itemListElement":[{"@type":"ListItem","position":1,"name":"Portada","item":"https:\/\/empresas.infoempleo.com\/hrtrends\/"},{"@type":"ListItem","position":2,"name":"Qu\u00e9 es top-down y bottom-up en la gesti\u00f3n de RRHH"}]},{"@type":"WebSite","@id":"https:\/\/empresas.infoempleo.com\/hrtrends\/#website","url":"https:\/\/empresas.infoempleo.com\/hrtrends","name":"HRTrends by Infoempleo","description":"","publisher":{"@id":"https:\/\/empresas.infoempleo.com\/hrtrends\/#organization"},"potentialAction":{"@type":"SearchAction","target":"https:\/\/empresas.infoempleo.com\/hrtrends\/?s={search_term_string}","query-input":"required name=search_term_string"},"inLanguage":"es"},{"@type":"Organization","@id":"https:\/\/empresas.infoempleo.com\/hrtrends\/#organization","name":"Infoempleo","url":"https:\/\/www.infoempleo.com\/","logo":{"@type":"ImageObject","@id":"https:\/\/empresas.infoempleo.com\/hrtrends\/#logo","inLanguage":"es","url":"https:\/\/cdnazure.infoempleo.com\/infoempleo\/assets\/style\/gfx\/logo.svg","contentUrl":"https:\/\/cdnazure.infoempleo.com\/infoempleo\/assets\/style\/gfx\/logo.svg","width":150,"height":40,"caption":"Infoempleo"},"image":{"@id":"https:\/\/empresas.infoempleo.com\/hrtrends\/#logo"},"sameAs":["https:\/\/www.facebook.com\/Infoempleo","https:\/\/x.com\/infoempleo","http:\/\/instagram.com\/infoempleo\/","http:\/\/www.linkedin.com\/groups\/Empleo-Espa\u00f1a-Infoempleocom-111276","http:\/\/pinterest.com\/infoempleo\/"],"address":{"@type":"PostalAddress","addressLocality":"Madrid","postalCode":"28050","streetAddress":"Avenida de Burgos 114"},"brand":["Infoempleo"]},{"@type":"Person","@id":"https:\/\/empresas.infoempleo.com\/hrtrends\/#\/schema\/person\/fb2f949a1461ff0e9e15996d82d3a787","name":"Raquel Hern\u00e1ndez","image":{"@type":"ImageObject","inLanguage":"es","@id":"https:\/\/empresas.infoempleo.com\/hrtrends\/#\/schema\/person\/image\/","url":"https:\/\/secure.gravatar.com\/avatar\/4ccd374b24ab5eefd1b7681d8be968df221a577fa3ffa9dc4bb4b537645dc6a2?s=96&d=mm&r=g","contentUrl":"https:\/\/secure.gravatar.com\/avatar\/4ccd374b24ab5eefd1b7681d8be968df221a577fa3ffa9dc4bb4b537645dc6a2?s=96&d=mm&r=g","caption":"Raquel Hern\u00e1ndez"},"description":"M\u00e1ster en Filosof\u00eda Contempor\u00e1nea y Diploma Experto en Salud y G\u00e9nero. Extensa experiencia profesional como directora y productora de eventos culturales, especializada en el sector editorial. Lectora profesional y redactora de contenidos relacionados con el empleo, la innovaci\u00f3n y la educaci\u00f3n.","url":"https:\/\/empresas.infoempleo.com\/hrtrends\/author\/raquel-hernandez\/"}]}},"amp_enabled":true,"_links":{"self":[{"href":"https:\/\/empresas.infoempleo.com\/hrtrends\/wp-json\/wp\/v2\/posts\/39556","targetHints":{"allow":["GET"]}}],"collection":[{"href":"https:\/\/empresas.infoempleo.com\/hrtrends\/wp-json\/wp\/v2\/posts"}],"about":[{"href":"https:\/\/empresas.infoempleo.com\/hrtrends\/wp-json\/wp\/v2\/types\/post"}],"author":[{"embeddable":true,"href":"https:\/\/empresas.infoempleo.com\/hrtrends\/wp-json\/wp\/v2\/users\/136"}],"replies":[{"embeddable":true,"href":"https:\/\/empresas.infoempleo.com\/hrtrends\/wp-json\/wp\/v2\/comments?post=39556"}],"version-history":[{"count":5,"href":"https:\/\/empresas.infoempleo.com\/hrtrends\/wp-json\/wp\/v2\/posts\/39556\/revisions"}],"predecessor-version":[{"id":39579,"href":"https:\/\/empresas.infoempleo.com\/hrtrends\/wp-json\/wp\/v2\/posts\/39556\/revisions\/39579"}],"wp:featuredmedia":[{"embeddable":true,"href":"https:\/\/empresas.infoempleo.com\/hrtrends\/wp-json\/wp\/v2\/media\/39565"}],"wp:attachment":[{"href":"https:\/\/empresas.infoempleo.com\/hrtrends\/wp-json\/wp\/v2\/media?parent=39556"}],"wp:term":[{"taxonomy":"category","embeddable":true,"href":"https:\/\/empresas.infoempleo.com\/hrtrends\/wp-json\/wp\/v2\/categories?post=39556"},{"taxonomy":"post_tag","embeddable":true,"href":"https:\/\/empresas.infoempleo.com\/hrtrends\/wp-json\/wp\/v2\/tags?post=39556"}],"curies":[{"name":"wp","href":"https:\/\/api.w.org\/{rel}","templated":true}]}}