{"id":39548,"date":"2021-12-13T07:30:10","date_gmt":"2021-12-13T05:30:10","guid":{"rendered":"https:\/\/empresas.infoempleo.com\/hrtrends\/?p=39548"},"modified":"2021-12-20T18:49:40","modified_gmt":"2021-12-20T16:49:40","slug":"cenas-de-empresa-ventajas-e-inconvenientes-de-celebrarlas","status":"publish","type":"post","link":"https:\/\/empresas.infoempleo.com\/hrtrends\/cenas-de-empresa-ventajas-e-inconvenientes-de-celebrarlas\/","title":{"rendered":"Cenas de empresa: ventajas e inconvenientes de celebrarlas"},"content":{"rendered":"<p>En la Navidad de 2020 pr\u00e1cticamente todas las <strong>cenas de empresa<\/strong> se suspendieron para evitar los <strong>contagios de la COVID-19<\/strong>. El efecto rebote ha supuesto la <strong>reserva completa<\/strong> para este <strong>2021<\/strong>. Sin embargo, los nuevos casos y variantes junto con la <strong>incertidumbre<\/strong> e inseguridad asociada, invita a reflexionar sobre las ventajas e inconvenientes de celebrarlas. Objetivo: fortalecer el <strong><em>team building<\/em><\/strong> sin perjuicio de la seguridad ni de la protecci\u00f3n de datos.<\/p>\n<p><!--more--><\/p>\n<h2>Ventajas de las cenas de empresa<\/h2>\n<p>Como ventaja principal, las <strong>cenas de navidad<\/strong> son uno de los eventos destacados del a\u00f1o para fortalecer el <strong><em>team building<\/em><\/strong>. El contexto es festivo y relajado, la oportunidad perfecta para que toda la plantilla se conozca y gane confianza, tanto en s\u00ed mismo, como en sus compa\u00f1eros y responsables. Los<strong> beneficios psicol\u00f3gicos de encontrarse<\/strong> y salir del aislamiento se han multiplicado tras la implantaci\u00f3n del modelo h\u00edbrido o en remoto.<\/p>\n<p>En un ambiente festivo se dan m\u00e1s situaciones en las que ser <strong>valorado y reconocido<\/strong> por tus iguales. Adem\u00e1s, se pueden mostrar otras cualidades y rasgos que en el entorno laboral no siempre procede expresar. As\u00ed, estas cenas y el <strong>humor<\/strong> que recorre las mesas, suponen un <strong>alivio para el estr\u00e9s<\/strong> laboral. Compartir estos momentos con el equipo <strong>refuerza los<\/strong> <strong>v\u00ednculos<\/strong> y mejora la comunicaci\u00f3n.<\/p>\n<p>Finalmente, numerosos estudios evidencian que trabajar en un entorno con amigos, y donde el <a href=\"https:\/\/empresas.infoempleo.com\/hrtrends\/ambiente-colaborativo-o-ambiente-competitivo-que-quieres-fomentar-en-tu-empresa\/\"><strong>compa\u00f1erismo<\/strong><\/a> sea el eje principal, mejora la <strong>productividad<\/strong>, la <strong>motivaci\u00f3n<\/strong> y la <strong>creatividad<\/strong> de los trabajadores.<\/p>\n<p><img loading=\"lazy\" decoding=\"async\" class=\"aligncenter wp-image-39549 size-full\" title=\"Cenas de empresa Covid19 medidas a tomar\" src=\"https:\/\/empresas.infoempleo.com\/hrtrends\/media\/2021\/12\/HRTrend_Cena-de-Navidad.jpg\" alt=\"Cenas de empresa Covid19 medidas a tomar\" width=\"800\" height=\"532\" srcset=\"https:\/\/empresas.infoempleo.com\/hrtrends\/media\/2021\/12\/HRTrend_Cena-de-Navidad.jpg 800w, https:\/\/empresas.infoempleo.com\/hrtrends\/media\/2021\/12\/HRTrend_Cena-de-Navidad-300x200.jpg 300w, https:\/\/empresas.infoempleo.com\/hrtrends\/media\/2021\/12\/HRTrend_Cena-de-Navidad-768x511.jpg 768w\" sizes=\"auto, (max-width: 800px) 100vw, 800px\" \/><\/p>\n<h2>Inconvenientes de celebrarlas en pandemia<\/h2>\n<p>Dependiendo del momento de su carrera profesional, un trabajador puede percibir las cenas navide\u00f1as como una <strong>oportunidad de mejorar<\/strong> las relaciones con los otros compa\u00f1eros. O bien como un compromiso desagradable. La cuesti\u00f3n es que en la actualidad, a esa impresi\u00f3n subjetiva, debes sumarle el <strong>contexto sanitario<\/strong>.<\/p>\n<p>Ante el temor por restricciones de aforo, las <strong>reservas<\/strong> en hoteles y restaurantes se han anticipado. De tal manera que muchos de los responsables aseguran estar <strong>completos<\/strong> hasta enero. Simult\u00e1neamente, el mensaje es de tranquilidad, dado el alto \u00edndice de <strong>vacunaci\u00f3n<\/strong> y que las cenas juntan a personas que habitualmente trabajan juntas, a no ser que el equipo est\u00e9 en remoto.<\/p>\n<p>Para<strong> gestionar el evento<\/strong>, en el deseable caso de no tener que anularlo, es aconsejable que desde recursos humanos <strong>cuides el proceso<\/strong>. Para no vulnerar la protecci\u00f3n de datos, realiza la convocatoria por el canal habitual. Por ejemplo, mandando un mail con un formulario incluido. En dicha comunicaci\u00f3n, recuerda la <strong>normativa<\/strong> <strong>de la Comunidad Aut\u00f3noma<\/strong> en la que te encuentres. Pues en la actualidad hay diferencias y cambios, as\u00ed que hay que estar atentos.<\/p>\n<p>Informa por \u00faltimo de las <a href=\"https:\/\/empresas.infoempleo.com\/hrtrends\/friluftsliv-como-las-empresas-escandinavas-cuidan-del-bienestar-de-sus-empleados\/\"><strong>medidas de seguridad<\/strong><\/a> y las restricciones, solicitando la <strong>confirmaci\u00f3n<\/strong>. La<strong> ley actual no permite requerir ni el certificado Covid<\/strong> ni el test de ant\u00edgenos para acudir al encuentro. Sin embargo, desde el Ministerio de Sanidad animan a vacunarse a toda la poblaci\u00f3n y a reducir el n\u00famero del grupo que se encuentre para la cena de navidad.<\/p>\n<p>Tambi\u00e9n han surgido <strong>propuestas digitales<\/strong> que permiten <strong>medir el riesgo<\/strong> de contagio en interiores seg\u00fan indicadores de asistencia, espacio, ventilaci\u00f3n o tiempo de duraci\u00f3n del encuentro. Estas aplicaciones sugieren medidas para combatir el riesgo relacionadas con las mascarillas ajustables, los filtros en la ventilaci\u00f3n o la distancia de seguridad.<\/p>\n","protected":false},"excerpt":{"rendered":"<p>En la Navidad de 2020 pr\u00e1cticamente todas las cenas de empresa se suspendieron para evitar los contagios de<a class=\"moretag\" href=\"https:\/\/empresas.infoempleo.com\/hrtrends\/cenas-de-empresa-ventajas-e-inconvenientes-de-celebrarlas\/\"> Leer m\u00e1s<\/a><\/p>\n","protected":false},"author":136,"featured_media":39550,"comment_status":"closed","ping_status":"closed","sticky":false,"template":"","format":"standard","meta":{"footnotes":""},"categories":[3035],"tags":[2314,3481,3254,274],"class_list":["post-39548","post","type-post","status-publish","format-standard","has-post-thumbnail","hentry","category-consejos","tag-ambiente-laboral","tag-cenas-de-navidad","tag-gestion-de-equipos","tag-motivacion"],"yoast_head":"<!-- This site is optimized with the Yoast SEO plugin v26.1.1 - https:\/\/yoast.com\/wordpress\/plugins\/seo\/ -->\n<title>Cenas de empresa: ventajas e inconvenientes de celebrarlas | HRTRENDS<\/title>\n<meta name=\"description\" content=\"Cenas de empresa COVID-19. Los nuevos casos y variantes invita a que reflexiones sobre las ventajas e inconvenientes de celebrarlas.\" \/>\n<meta name=\"robots\" content=\"index, follow, max-snippet:-1, max-image-preview:large, max-video-preview:-1\" \/>\n<link rel=\"canonical\" href=\"https:\/\/empresas.infoempleo.com\/hrtrends\/cenas-de-empresa-ventajas-e-inconvenientes-de-celebrarlas\/\" \/>\n<meta property=\"og:locale\" content=\"es_ES\" \/>\n<meta property=\"og:type\" content=\"article\" \/>\n<meta property=\"og:title\" content=\"Cenas de empresa: ventajas e inconvenientes de celebrarlas | HRTRENDS\" \/>\n<meta property=\"og:description\" content=\"Cenas de empresa COVID-19. Los nuevos casos y variantes invita a que reflexiones sobre las ventajas e inconvenientes de celebrarlas.\" \/>\n<meta property=\"og:url\" content=\"https:\/\/empresas.infoempleo.com\/hrtrends\/cenas-de-empresa-ventajas-e-inconvenientes-de-celebrarlas\/\" \/>\n<meta property=\"og:site_name\" content=\"HRTRENDS\" \/>\n<meta property=\"article:publisher\" content=\"https:\/\/www.facebook.com\/Infoempleo\" \/>\n<meta property=\"article:published_time\" content=\"2021-12-13T05:30:10+00:00\" \/>\n<meta property=\"article:modified_time\" content=\"2021-12-20T16:49:40+00:00\" \/>\n<meta property=\"og:image\" content=\"https:\/\/empresas.infoempleo.com\/hrtrends\/media\/2021\/12\/HRTrends_Cenas-de-empresa.jpg\" \/>\n\t<meta property=\"og:image:width\" content=\"881\" \/>\n\t<meta property=\"og:image:height\" content=\"588\" \/>\n\t<meta property=\"og:image:type\" content=\"image\/jpeg\" \/>\n<meta name=\"author\" content=\"Raquel Hern\u00e1ndez\" \/>\n<meta name=\"twitter:card\" content=\"summary_large_image\" \/>\n<meta name=\"twitter:creator\" content=\"@infoempleo\" \/>\n<meta name=\"twitter:site\" content=\"@infoempleo\" \/>\n<meta name=\"twitter:label1\" content=\"Escrito por\" \/>\n\t<meta name=\"twitter:data1\" content=\"Raquel Hern\u00e1ndez\" \/>\n\t<meta name=\"twitter:label2\" content=\"Tiempo de lectura\" \/>\n\t<meta name=\"twitter:data2\" content=\"3 minutos\" \/>\n<script type=\"application\/ld+json\" class=\"yoast-schema-graph\">{\"@context\":\"https:\/\/schema.org\",\"@graph\":[{\"@type\":\"NewsArticle\",\"@id\":\"https:\/\/empresas.infoempleo.com\/hrtrends\/cenas-de-empresa-ventajas-e-inconvenientes-de-celebrarlas\/#article\",\"isPartOf\":{\"@id\":\"https:\/\/empresas.infoempleo.com\/hrtrends\/cenas-de-empresa-ventajas-e-inconvenientes-de-celebrarlas\/\"},\"author\":{\"name\":\"Raquel Hern\u00e1ndez\",\"@id\":\"https:\/\/empresas.infoempleo.com\/hrtrends\/#\/schema\/person\/fb2f949a1461ff0e9e15996d82d3a787\"},\"headline\":\"Cenas de empresa: ventajas e inconvenientes de celebrarlas\",\"datePublished\":\"2021-12-13T05:30:10+00:00\",\"dateModified\":\"2021-12-20T16:49:40+00:00\",\"mainEntityOfPage\":{\"@id\":\"https:\/\/empresas.infoempleo.com\/hrtrends\/cenas-de-empresa-ventajas-e-inconvenientes-de-celebrarlas\/\"},\"wordCount\":578,\"publisher\":{\"@id\":\"https:\/\/empresas.infoempleo.com\/hrtrends\/#organization\"},\"image\":{\"@id\":\"https:\/\/empresas.infoempleo.com\/hrtrends\/cenas-de-empresa-ventajas-e-inconvenientes-de-celebrarlas\/#primaryimage\"},\"thumbnailUrl\":\"https:\/\/empresas.infoempleo.com\/hrtrends\/media\/2021\/12\/HRTrends_Cenas-de-empresa.jpg\",\"keywords\":[\"ambiente laboral\",\"cenas de navidad\",\"gesti\u00f3n de equipos\",\"motivaci\u00f3n\"],\"articleSection\":[\"Consejos\"],\"inLanguage\":\"es\",\"copyrightYear\":\"2021\",\"copyrightHolder\":{\"@id\":\"https:\/\/empresas.infoempleo.com\/hrtrends\/#organization\"}},{\"@type\":\"WebPage\",\"@id\":\"https:\/\/empresas.infoempleo.com\/hrtrends\/cenas-de-empresa-ventajas-e-inconvenientes-de-celebrarlas\/\",\"url\":\"https:\/\/empresas.infoempleo.com\/hrtrends\/cenas-de-empresa-ventajas-e-inconvenientes-de-celebrarlas\/\",\"name\":\"Cenas de empresa: ventajas e inconvenientes de celebrarlas | HRTRENDS\",\"isPartOf\":{\"@id\":\"https:\/\/empresas.infoempleo.com\/hrtrends\/#website\"},\"primaryImageOfPage\":{\"@id\":\"https:\/\/empresas.infoempleo.com\/hrtrends\/cenas-de-empresa-ventajas-e-inconvenientes-de-celebrarlas\/#primaryimage\"},\"image\":{\"@id\":\"https:\/\/empresas.infoempleo.com\/hrtrends\/cenas-de-empresa-ventajas-e-inconvenientes-de-celebrarlas\/#primaryimage\"},\"thumbnailUrl\":\"https:\/\/empresas.infoempleo.com\/hrtrends\/media\/2021\/12\/HRTrends_Cenas-de-empresa.jpg\",\"datePublished\":\"2021-12-13T05:30:10+00:00\",\"dateModified\":\"2021-12-20T16:49:40+00:00\",\"description\":\"Cenas de empresa COVID-19. Los nuevos casos y variantes invita a que reflexiones sobre las ventajas e inconvenientes de celebrarlas.\",\"breadcrumb\":{\"@id\":\"https:\/\/empresas.infoempleo.com\/hrtrends\/cenas-de-empresa-ventajas-e-inconvenientes-de-celebrarlas\/#breadcrumb\"},\"inLanguage\":\"es\",\"potentialAction\":[{\"@type\":\"ReadAction\",\"target\":[\"https:\/\/empresas.infoempleo.com\/hrtrends\/cenas-de-empresa-ventajas-e-inconvenientes-de-celebrarlas\/\"]}]},{\"@type\":\"ImageObject\",\"inLanguage\":\"es\",\"@id\":\"https:\/\/empresas.infoempleo.com\/hrtrends\/cenas-de-empresa-ventajas-e-inconvenientes-de-celebrarlas\/#primaryimage\",\"url\":\"https:\/\/empresas.infoempleo.com\/hrtrends\/media\/2021\/12\/HRTrends_Cenas-de-empresa-150x150.jpg\",\"contentUrl\":\"https:\/\/empresas.infoempleo.com\/hrtrends\/media\/2021\/12\/HRTrends_Cenas-de-empresa-150x150.jpg\",\"width\":150,\"height\":150},{\"@type\":\"BreadcrumbList\",\"@id\":\"https:\/\/empresas.infoempleo.com\/hrtrends\/cenas-de-empresa-ventajas-e-inconvenientes-de-celebrarlas\/#breadcrumb\",\"itemListElement\":[{\"@type\":\"ListItem\",\"position\":1,\"name\":\"Portada\",\"item\":\"https:\/\/empresas.infoempleo.com\/hrtrends\/\"},{\"@type\":\"ListItem\",\"position\":2,\"name\":\"Cenas de empresa: ventajas e inconvenientes de celebrarlas\"}]},{\"@type\":\"WebSite\",\"@id\":\"https:\/\/empresas.infoempleo.com\/hrtrends\/#website\",\"url\":\"https:\/\/empresas.infoempleo.com\/hrtrends\",\"name\":\"HRTrends by Infoempleo\",\"description\":\"\",\"publisher\":{\"@id\":\"https:\/\/empresas.infoempleo.com\/hrtrends\/#organization\"},\"potentialAction\":{\"@type\":\"SearchAction\",\"target\":\"https:\/\/empresas.infoempleo.com\/hrtrends\/?s={search_term_string}\",\"query-input\":\"required name=search_term_string\"},\"inLanguage\":\"es\"},{\"@type\":\"Organization\",\"@id\":\"https:\/\/empresas.infoempleo.com\/hrtrends\/#organization\",\"name\":\"Infoempleo\",\"url\":\"https:\/\/www.infoempleo.com\/\",\"logo\":{\"@type\":\"ImageObject\",\"@id\":\"https:\/\/empresas.infoempleo.com\/hrtrends\/#logo\",\"inLanguage\":\"es\",\"url\":\"https:\/\/cdnazure.infoempleo.com\/infoempleo\/assets\/style\/gfx\/logo.svg\",\"contentUrl\":\"https:\/\/cdnazure.infoempleo.com\/infoempleo\/assets\/style\/gfx\/logo.svg\",\"width\":150,\"height\":40,\"caption\":\"Infoempleo\"},\"image\":{\"@id\":\"https:\/\/empresas.infoempleo.com\/hrtrends\/#logo\"},\"sameAs\":[\"https:\/\/www.facebook.com\/Infoempleo\",\"https:\/\/x.com\/infoempleo\",\"http:\/\/instagram.com\/infoempleo\/\",\"http:\/\/www.linkedin.com\/groups\/Empleo-Espa\u00f1a-Infoempleocom-111276\",\"http:\/\/pinterest.com\/infoempleo\/\"],\"address\":{\"@type\":\"PostalAddress\",\"addressLocality\":\"Madrid\",\"postalCode\":\"28050\",\"streetAddress\":\"Avenida de Burgos 114\"},\"brand\":[\"Infoempleo\"]},{\"@type\":\"Person\",\"@id\":\"https:\/\/empresas.infoempleo.com\/hrtrends\/#\/schema\/person\/fb2f949a1461ff0e9e15996d82d3a787\",\"name\":\"Raquel Hern\u00e1ndez\",\"image\":{\"@type\":\"ImageObject\",\"inLanguage\":\"es\",\"@id\":\"https:\/\/empresas.infoempleo.com\/hrtrends\/#\/schema\/person\/image\/\",\"url\":\"https:\/\/secure.gravatar.com\/avatar\/4ccd374b24ab5eefd1b7681d8be968df221a577fa3ffa9dc4bb4b537645dc6a2?s=96&d=mm&r=g\",\"contentUrl\":\"https:\/\/secure.gravatar.com\/avatar\/4ccd374b24ab5eefd1b7681d8be968df221a577fa3ffa9dc4bb4b537645dc6a2?s=96&d=mm&r=g\",\"caption\":\"Raquel Hern\u00e1ndez\"},\"description\":\"M\u00e1ster en Filosof\u00eda Contempor\u00e1nea y Diploma Experto en Salud y G\u00e9nero. Extensa experiencia profesional como directora y productora de eventos culturales, especializada en el sector editorial. Lectora profesional y redactora de contenidos relacionados con el empleo, la innovaci\u00f3n y la educaci\u00f3n.\",\"url\":\"https:\/\/empresas.infoempleo.com\/hrtrends\/author\/raquel-hernandez\/\"}]}<\/script>\n<!-- \/ Yoast SEO plugin. -->","yoast_head_json":{"title":"Cenas de empresa: ventajas e inconvenientes de celebrarlas | HRTRENDS","description":"Cenas de empresa COVID-19. Los nuevos casos y variantes invita a que reflexiones sobre las ventajas e inconvenientes de celebrarlas.","robots":{"index":"index","follow":"follow","max-snippet":"max-snippet:-1","max-image-preview":"max-image-preview:large","max-video-preview":"max-video-preview:-1"},"canonical":"https:\/\/empresas.infoempleo.com\/hrtrends\/cenas-de-empresa-ventajas-e-inconvenientes-de-celebrarlas\/","og_locale":"es_ES","og_type":"article","og_title":"Cenas de empresa: ventajas e inconvenientes de celebrarlas | HRTRENDS","og_description":"Cenas de empresa COVID-19. Los nuevos casos y variantes invita a que reflexiones sobre las ventajas e inconvenientes de celebrarlas.","og_url":"https:\/\/empresas.infoempleo.com\/hrtrends\/cenas-de-empresa-ventajas-e-inconvenientes-de-celebrarlas\/","og_site_name":"HRTRENDS","article_publisher":"https:\/\/www.facebook.com\/Infoempleo","article_published_time":"2021-12-13T05:30:10+00:00","article_modified_time":"2021-12-20T16:49:40+00:00","og_image":[{"width":881,"height":588,"url":"https:\/\/empresas.infoempleo.com\/hrtrends\/media\/2021\/12\/HRTrends_Cenas-de-empresa.jpg","type":"image\/jpeg"}],"author":"Raquel Hern\u00e1ndez","twitter_card":"summary_large_image","twitter_creator":"@infoempleo","twitter_site":"@infoempleo","twitter_misc":{"Escrito por":"Raquel Hern\u00e1ndez","Tiempo de lectura":"3 minutos"},"schema":{"@context":"https:\/\/schema.org","@graph":[{"@type":"NewsArticle","@id":"https:\/\/empresas.infoempleo.com\/hrtrends\/cenas-de-empresa-ventajas-e-inconvenientes-de-celebrarlas\/#article","isPartOf":{"@id":"https:\/\/empresas.infoempleo.com\/hrtrends\/cenas-de-empresa-ventajas-e-inconvenientes-de-celebrarlas\/"},"author":{"name":"Raquel Hern\u00e1ndez","@id":"https:\/\/empresas.infoempleo.com\/hrtrends\/#\/schema\/person\/fb2f949a1461ff0e9e15996d82d3a787"},"headline":"Cenas de empresa: ventajas e inconvenientes de celebrarlas","datePublished":"2021-12-13T05:30:10+00:00","dateModified":"2021-12-20T16:49:40+00:00","mainEntityOfPage":{"@id":"https:\/\/empresas.infoempleo.com\/hrtrends\/cenas-de-empresa-ventajas-e-inconvenientes-de-celebrarlas\/"},"wordCount":578,"publisher":{"@id":"https:\/\/empresas.infoempleo.com\/hrtrends\/#organization"},"image":{"@id":"https:\/\/empresas.infoempleo.com\/hrtrends\/cenas-de-empresa-ventajas-e-inconvenientes-de-celebrarlas\/#primaryimage"},"thumbnailUrl":"https:\/\/empresas.infoempleo.com\/hrtrends\/media\/2021\/12\/HRTrends_Cenas-de-empresa.jpg","keywords":["ambiente laboral","cenas de navidad","gesti\u00f3n de equipos","motivaci\u00f3n"],"articleSection":["Consejos"],"inLanguage":"es","copyrightYear":"2021","copyrightHolder":{"@id":"https:\/\/empresas.infoempleo.com\/hrtrends\/#organization"}},{"@type":"WebPage","@id":"https:\/\/empresas.infoempleo.com\/hrtrends\/cenas-de-empresa-ventajas-e-inconvenientes-de-celebrarlas\/","url":"https:\/\/empresas.infoempleo.com\/hrtrends\/cenas-de-empresa-ventajas-e-inconvenientes-de-celebrarlas\/","name":"Cenas de empresa: ventajas e inconvenientes de celebrarlas | HRTRENDS","isPartOf":{"@id":"https:\/\/empresas.infoempleo.com\/hrtrends\/#website"},"primaryImageOfPage":{"@id":"https:\/\/empresas.infoempleo.com\/hrtrends\/cenas-de-empresa-ventajas-e-inconvenientes-de-celebrarlas\/#primaryimage"},"image":{"@id":"https:\/\/empresas.infoempleo.com\/hrtrends\/cenas-de-empresa-ventajas-e-inconvenientes-de-celebrarlas\/#primaryimage"},"thumbnailUrl":"https:\/\/empresas.infoempleo.com\/hrtrends\/media\/2021\/12\/HRTrends_Cenas-de-empresa.jpg","datePublished":"2021-12-13T05:30:10+00:00","dateModified":"2021-12-20T16:49:40+00:00","description":"Cenas de empresa COVID-19. Los nuevos casos y variantes invita a que reflexiones sobre las ventajas e inconvenientes de celebrarlas.","breadcrumb":{"@id":"https:\/\/empresas.infoempleo.com\/hrtrends\/cenas-de-empresa-ventajas-e-inconvenientes-de-celebrarlas\/#breadcrumb"},"inLanguage":"es","potentialAction":[{"@type":"ReadAction","target":["https:\/\/empresas.infoempleo.com\/hrtrends\/cenas-de-empresa-ventajas-e-inconvenientes-de-celebrarlas\/"]}]},{"@type":"ImageObject","inLanguage":"es","@id":"https:\/\/empresas.infoempleo.com\/hrtrends\/cenas-de-empresa-ventajas-e-inconvenientes-de-celebrarlas\/#primaryimage","url":"https:\/\/empresas.infoempleo.com\/hrtrends\/media\/2021\/12\/HRTrends_Cenas-de-empresa-150x150.jpg","contentUrl":"https:\/\/empresas.infoempleo.com\/hrtrends\/media\/2021\/12\/HRTrends_Cenas-de-empresa-150x150.jpg","width":150,"height":150},{"@type":"BreadcrumbList","@id":"https:\/\/empresas.infoempleo.com\/hrtrends\/cenas-de-empresa-ventajas-e-inconvenientes-de-celebrarlas\/#breadcrumb","itemListElement":[{"@type":"ListItem","position":1,"name":"Portada","item":"https:\/\/empresas.infoempleo.com\/hrtrends\/"},{"@type":"ListItem","position":2,"name":"Cenas de empresa: ventajas e inconvenientes de celebrarlas"}]},{"@type":"WebSite","@id":"https:\/\/empresas.infoempleo.com\/hrtrends\/#website","url":"https:\/\/empresas.infoempleo.com\/hrtrends","name":"HRTrends by Infoempleo","description":"","publisher":{"@id":"https:\/\/empresas.infoempleo.com\/hrtrends\/#organization"},"potentialAction":{"@type":"SearchAction","target":"https:\/\/empresas.infoempleo.com\/hrtrends\/?s={search_term_string}","query-input":"required name=search_term_string"},"inLanguage":"es"},{"@type":"Organization","@id":"https:\/\/empresas.infoempleo.com\/hrtrends\/#organization","name":"Infoempleo","url":"https:\/\/www.infoempleo.com\/","logo":{"@type":"ImageObject","@id":"https:\/\/empresas.infoempleo.com\/hrtrends\/#logo","inLanguage":"es","url":"https:\/\/cdnazure.infoempleo.com\/infoempleo\/assets\/style\/gfx\/logo.svg","contentUrl":"https:\/\/cdnazure.infoempleo.com\/infoempleo\/assets\/style\/gfx\/logo.svg","width":150,"height":40,"caption":"Infoempleo"},"image":{"@id":"https:\/\/empresas.infoempleo.com\/hrtrends\/#logo"},"sameAs":["https:\/\/www.facebook.com\/Infoempleo","https:\/\/x.com\/infoempleo","http:\/\/instagram.com\/infoempleo\/","http:\/\/www.linkedin.com\/groups\/Empleo-Espa\u00f1a-Infoempleocom-111276","http:\/\/pinterest.com\/infoempleo\/"],"address":{"@type":"PostalAddress","addressLocality":"Madrid","postalCode":"28050","streetAddress":"Avenida de Burgos 114"},"brand":["Infoempleo"]},{"@type":"Person","@id":"https:\/\/empresas.infoempleo.com\/hrtrends\/#\/schema\/person\/fb2f949a1461ff0e9e15996d82d3a787","name":"Raquel Hern\u00e1ndez","image":{"@type":"ImageObject","inLanguage":"es","@id":"https:\/\/empresas.infoempleo.com\/hrtrends\/#\/schema\/person\/image\/","url":"https:\/\/secure.gravatar.com\/avatar\/4ccd374b24ab5eefd1b7681d8be968df221a577fa3ffa9dc4bb4b537645dc6a2?s=96&d=mm&r=g","contentUrl":"https:\/\/secure.gravatar.com\/avatar\/4ccd374b24ab5eefd1b7681d8be968df221a577fa3ffa9dc4bb4b537645dc6a2?s=96&d=mm&r=g","caption":"Raquel Hern\u00e1ndez"},"description":"M\u00e1ster en Filosof\u00eda Contempor\u00e1nea y Diploma Experto en Salud y G\u00e9nero. Extensa experiencia profesional como directora y productora de eventos culturales, especializada en el sector editorial. Lectora profesional y redactora de contenidos relacionados con el empleo, la innovaci\u00f3n y la educaci\u00f3n.","url":"https:\/\/empresas.infoempleo.com\/hrtrends\/author\/raquel-hernandez\/"}]}},"amp_enabled":true,"_links":{"self":[{"href":"https:\/\/empresas.infoempleo.com\/hrtrends\/wp-json\/wp\/v2\/posts\/39548","targetHints":{"allow":["GET"]}}],"collection":[{"href":"https:\/\/empresas.infoempleo.com\/hrtrends\/wp-json\/wp\/v2\/posts"}],"about":[{"href":"https:\/\/empresas.infoempleo.com\/hrtrends\/wp-json\/wp\/v2\/types\/post"}],"author":[{"embeddable":true,"href":"https:\/\/empresas.infoempleo.com\/hrtrends\/wp-json\/wp\/v2\/users\/136"}],"replies":[{"embeddable":true,"href":"https:\/\/empresas.infoempleo.com\/hrtrends\/wp-json\/wp\/v2\/comments?post=39548"}],"version-history":[{"count":4,"href":"https:\/\/empresas.infoempleo.com\/hrtrends\/wp-json\/wp\/v2\/posts\/39548\/revisions"}],"predecessor-version":[{"id":39553,"href":"https:\/\/empresas.infoempleo.com\/hrtrends\/wp-json\/wp\/v2\/posts\/39548\/revisions\/39553"}],"wp:featuredmedia":[{"embeddable":true,"href":"https:\/\/empresas.infoempleo.com\/hrtrends\/wp-json\/wp\/v2\/media\/39550"}],"wp:attachment":[{"href":"https:\/\/empresas.infoempleo.com\/hrtrends\/wp-json\/wp\/v2\/media?parent=39548"}],"wp:term":[{"taxonomy":"category","embeddable":true,"href":"https:\/\/empresas.infoempleo.com\/hrtrends\/wp-json\/wp\/v2\/categories?post=39548"},{"taxonomy":"post_tag","embeddable":true,"href":"https:\/\/empresas.infoempleo.com\/hrtrends\/wp-json\/wp\/v2\/tags?post=39548"}],"curies":[{"name":"wp","href":"https:\/\/api.w.org\/{rel}","templated":true}]}}