{"id":39488,"date":"2021-12-01T07:30:46","date_gmt":"2021-12-01T05:30:46","guid":{"rendered":"https:\/\/empresas.infoempleo.com\/hrtrends\/?p=39488"},"modified":"2021-11-29T13:15:56","modified_gmt":"2021-11-29T11:15:56","slug":"applicant-reactions-sensibilizarte-ante-las-reacciones-del-candidato-mejorara-la-seleccion","status":"publish","type":"post","link":"https:\/\/empresas.infoempleo.com\/hrtrends\/applicant-reactions-sensibilizarte-ante-las-reacciones-del-candidato-mejorara-la-seleccion\/","title":{"rendered":"Applicant reactions: sensibilizarte ante las reacciones del candidato mejorar\u00e1 la selecci\u00f3n"},"content":{"rendered":"<p>Tradicionalmente, la <strong>selecci\u00f3n de personal<\/strong> busca la adecuaci\u00f3n entre el aspirante al puesto de trabajo y los requisitos del mismo. Esta es la base de la <strong>posterior satisfacci\u00f3n y rendimiento<\/strong> en la organizaci\u00f3n. El t\u00e9rmino \u201c<strong>applicant reactions<\/strong>\u201d se usa para referirse al impacto, reacciones y conocimientos de la candidatura hacia el proceso de selecci\u00f3n. Revisa los elementos y reglas vinculados a la <strong>justicia<\/strong> y a la <strong>percepci\u00f3n<\/strong> de los aspirantes, para lograr buenos resultados y <strong>atraer y retener el talento<\/strong>.<\/p>\n<p><!--more--><\/p>\n<h2>Sensibil\u00edzate ante las <em>applicant reactions<\/em><\/h2>\n<p>Desde hace d\u00e9cadas, la <strong>selecci\u00f3n de personal<\/strong> se considera un <strong>proceso psicosocial <\/strong>donde interact\u00faan tanto las <strong>candidaturas<\/strong> como los reclutadores. Es en 1993 cuando <strong>Gilliland<\/strong> aplica la teor\u00eda de la <strong>justicia<\/strong> organizacional como base de estudio para las <strong>percepciones de los candidatos o <em>applicant reactions<\/em><\/strong>. Seg\u00fan esta perspectiva, los trabajadores que perciben que han sido contratados en un <strong>proceso de selecci\u00f3n injusto<\/strong>, tendr\u00e1n una <strong>peor actitud y rendimiento<\/strong> en su trabajo.<\/p>\n<p>Las investigaciones destacan que es necesario que los <strong>profesionales de selecci\u00f3n<\/strong> que dise\u00f1en los procesos de reclutamiento <strong>eval\u00faen aspectos relacionados<\/strong> con el puesto ofertado, porque esto va a repercutir en c\u00f3mo se siente el candidato tras el proceso. En este sentido, las <strong>simulaciones<\/strong>, como en centros de evaluaci\u00f3n o realizando entrevistas situacionales, son especialmente <strong>recomendables<\/strong>.<\/p>\n<p>Por otra parte, tambi\u00e9n es importante que las <strong>pruebas se adapten<\/strong> a los distintos grupos, introduciendo las modificaciones oportunas dependiendo de la <strong>poblaci\u00f3n<\/strong>. As\u00ed los procesos son bien acogidos y producen un <strong>impacto positivo<\/strong> en las distintas candidaturas. De esta manera, las incorporaciones ser\u00e1n perfiles con mayor <a href=\"https:\/\/empresas.infoempleo.com\/hrtrends\/como-reforzar-el-contrato-psicologico-con-la-plantilla\/\"><strong><em>engagement<\/em><\/strong><\/a> y compromiso con los objetivos estrat\u00e9gicos de la empresa.<\/p>\n<p>Los <strong>puntos clave<\/strong> que valoran las candidaturas en funci\u00f3n de los cuales giran sus <strong><em>applicant reactions<\/em><\/strong> son:<\/p>\n<ul>\n<li><strong>Justicia<\/strong> del <strong>procedimiento<\/strong><\/li>\n<li><strong>Justicia<\/strong> <strong>distributiva<\/strong>.<\/li>\n<li><strong>Gesti\u00f3n de la<\/strong> <strong>ansiedad<\/strong> en las pruebas<\/li>\n<li><strong>Motivaci\u00f3n<\/strong> ante los procesos de selecci\u00f3n<\/li>\n<li><strong>Expectativas<\/strong> de contrataci\u00f3n<\/li>\n<li><strong>Alternativas <\/strong>disponibles<\/li>\n<\/ul>\n<p><img loading=\"lazy\" decoding=\"async\" class=\"aligncenter wp-image-39490 size-full\" title=\"Cuida las applicant reactions de los candidatos en el proceso de selecci\u00f3n\" src=\"https:\/\/empresas.infoempleo.com\/hrtrends\/media\/2021\/12\/HRTrends_Reaccion-candidatos.jpg\" alt=\"Cuida las applicant reactions de los candidatos en el proceso de selecci\u00f3n\" width=\"800\" height=\"532\" srcset=\"https:\/\/empresas.infoempleo.com\/hrtrends\/media\/2021\/12\/HRTrends_Reaccion-candidatos.jpg 800w, https:\/\/empresas.infoempleo.com\/hrtrends\/media\/2021\/12\/HRTrends_Reaccion-candidatos-300x200.jpg 300w, https:\/\/empresas.infoempleo.com\/hrtrends\/media\/2021\/12\/HRTrends_Reaccion-candidatos-768x511.jpg 768w\" sizes=\"auto, (max-width: 800px) 100vw, 800px\" \/><\/p>\n<h2>Ventajas para la selecci\u00f3n<\/h2>\n<p>Esta <strong>metodolog\u00eda<\/strong> sirve tanto para el <strong>diagn\u00f3stico<\/strong> como para el <a href=\"https:\/\/empresas.infoempleo.com\/hrtrends\/innodiversidad-diversidad-mas-innovacion-como-oportunidad-para-las-empresas\/\"><strong>dise\u00f1o innovador<\/strong><\/a> de los procesos de selecci\u00f3n, garantizando adem\u00e1s de su validez psicom\u00e9trica, que no incidan negativamente en las candidaturas. Debes elaborar con <strong>precisi\u00f3n y transparencia<\/strong>, es decir, desde la <strong>honestidad y la claridad<\/strong> en la informaci\u00f3n, los siguientes elementos:<\/p>\n<ul>\n<li>Reglas de <strong>justicia del procedimiento<\/strong>, es decir, \u00bfhan sido legitimadas las decisiones que se han tomado durante el proceso de selecci\u00f3n?<\/li>\n<li>Medidas de <strong>justicia interpersonal<\/strong><\/li>\n<li>Reglas de<strong> justicia informativa<\/strong><\/li>\n<li><strong>Duraci\u00f3n<\/strong> del proceso<\/li>\n<li><strong>Resultados<\/strong> (reales y percibidos)<\/li>\n<li>Invasi\u00f3n de la <strong>intimidad<\/strong><\/li>\n<li><strong>Facilidad<\/strong> percibida de la prueba<\/li>\n<\/ul>\n<p>Cuando los <a href=\"https:\/\/empresas.infoempleo.com\/hrtrends\/5-ideas-para-mejorar-la-experiencia-del-candidato\/\"><strong>candidatos est\u00e1n satisfechos<\/strong><\/a> con el proceso de selecci\u00f3n, independientemente de si han sido contratados finalmente o no, se convierten en <strong>prescriptores de la <em>employer branding<\/em><\/strong>. Previamente, mejoras la atracci\u00f3n y retenci\u00f3n del <strong>talento<\/strong> pues se sienten inclinados a <strong>aceptar el puesto<\/strong>. Incluso a <strong>volver a postularse<\/strong> dentro de la misma organizaci\u00f3n. Por el contrario, con malas <em>applicant reactions<\/em> los candidatos pueden llegar a abandonar el proceso de selecci\u00f3n.<\/p>\n","protected":false},"excerpt":{"rendered":"<p>Tradicionalmente, la selecci\u00f3n de personal busca la adecuaci\u00f3n entre el aspirante al puesto de trabajo y los requisitos<a class=\"moretag\" href=\"https:\/\/empresas.infoempleo.com\/hrtrends\/applicant-reactions-sensibilizarte-ante-las-reacciones-del-candidato-mejorara-la-seleccion\/\"> Leer m\u00e1s<\/a><\/p>\n","protected":false},"author":136,"featured_media":39491,"comment_status":"closed","ping_status":"closed","sticky":false,"template":"","format":"standard","meta":{"footnotes":""},"categories":[3015],"tags":[3479,2442,171],"class_list":["post-39488","post","type-post","status-publish","format-standard","has-post-thumbnail","hentry","category-recruiter-branding","tag-applicant-reactions","tag-reclutamiento","tag-seleccion"],"yoast_head":"<!-- This site is optimized with the Yoast SEO plugin v26.1.1 - https:\/\/yoast.com\/wordpress\/plugins\/seo\/ -->\n<title>Applicant reactions: sensibilizarte ante las reacciones del candidato mejorar\u00e1 la selecci\u00f3n | HRTRENDS<\/title>\n<meta name=\"description\" content=\"El t\u00e9rmino \u201capplicant reactions\u201d se usa para referirse al impacto, reacciones y conocimientos de la candidatura hacia el proceso de selecci\u00f3n.\" \/>\n<meta name=\"robots\" content=\"index, follow, max-snippet:-1, max-image-preview:large, max-video-preview:-1\" \/>\n<link rel=\"canonical\" href=\"https:\/\/empresas.infoempleo.com\/hrtrends\/applicant-reactions-sensibilizarte-ante-las-reacciones-del-candidato-mejorara-la-seleccion\/\" \/>\n<meta property=\"og:locale\" content=\"es_ES\" \/>\n<meta property=\"og:type\" content=\"article\" \/>\n<meta property=\"og:title\" content=\"Applicant reactions: sensibilizarte ante las reacciones del candidato mejorar\u00e1 la selecci\u00f3n | HRTRENDS\" \/>\n<meta property=\"og:description\" content=\"El t\u00e9rmino \u201capplicant reactions\u201d se usa para referirse al impacto, reacciones y conocimientos de la candidatura hacia el proceso de selecci\u00f3n.\" \/>\n<meta property=\"og:url\" content=\"https:\/\/empresas.infoempleo.com\/hrtrends\/applicant-reactions-sensibilizarte-ante-las-reacciones-del-candidato-mejorara-la-seleccion\/\" \/>\n<meta property=\"og:site_name\" content=\"HRTRENDS\" \/>\n<meta property=\"article:publisher\" content=\"https:\/\/www.facebook.com\/Infoempleo\" \/>\n<meta property=\"article:published_time\" content=\"2021-12-01T05:30:46+00:00\" \/>\n<meta property=\"og:image\" content=\"https:\/\/empresas.infoempleo.com\/hrtrends\/media\/2021\/12\/HRTrends_Applicant-reactions.jpg\" \/>\n\t<meta property=\"og:image:width\" content=\"881\" \/>\n\t<meta property=\"og:image:height\" content=\"587\" \/>\n\t<meta property=\"og:image:type\" content=\"image\/jpeg\" \/>\n<meta name=\"author\" content=\"Raquel Hern\u00e1ndez\" \/>\n<meta name=\"twitter:card\" content=\"summary_large_image\" \/>\n<meta name=\"twitter:creator\" content=\"@infoempleo\" \/>\n<meta name=\"twitter:site\" content=\"@infoempleo\" \/>\n<meta name=\"twitter:label1\" content=\"Escrito por\" \/>\n\t<meta name=\"twitter:data1\" content=\"Raquel Hern\u00e1ndez\" \/>\n\t<meta name=\"twitter:label2\" content=\"Tiempo de lectura\" \/>\n\t<meta name=\"twitter:data2\" content=\"3 minutos\" \/>\n<script type=\"application\/ld+json\" class=\"yoast-schema-graph\">{\"@context\":\"https:\/\/schema.org\",\"@graph\":[{\"@type\":\"NewsArticle\",\"@id\":\"https:\/\/empresas.infoempleo.com\/hrtrends\/applicant-reactions-sensibilizarte-ante-las-reacciones-del-candidato-mejorara-la-seleccion\/#article\",\"isPartOf\":{\"@id\":\"https:\/\/empresas.infoempleo.com\/hrtrends\/applicant-reactions-sensibilizarte-ante-las-reacciones-del-candidato-mejorara-la-seleccion\/\"},\"author\":{\"name\":\"Raquel Hern\u00e1ndez\",\"@id\":\"https:\/\/empresas.infoempleo.com\/hrtrends\/#\/schema\/person\/fb2f949a1461ff0e9e15996d82d3a787\"},\"headline\":\"Applicant reactions: sensibilizarte ante las reacciones del candidato mejorar\u00e1 la selecci\u00f3n\",\"datePublished\":\"2021-12-01T05:30:46+00:00\",\"mainEntityOfPage\":{\"@id\":\"https:\/\/empresas.infoempleo.com\/hrtrends\/applicant-reactions-sensibilizarte-ante-las-reacciones-del-candidato-mejorara-la-seleccion\/\"},\"wordCount\":535,\"publisher\":{\"@id\":\"https:\/\/empresas.infoempleo.com\/hrtrends\/#organization\"},\"image\":{\"@id\":\"https:\/\/empresas.infoempleo.com\/hrtrends\/applicant-reactions-sensibilizarte-ante-las-reacciones-del-candidato-mejorara-la-seleccion\/#primaryimage\"},\"thumbnailUrl\":\"https:\/\/empresas.infoempleo.com\/hrtrends\/media\/2021\/12\/HRTrends_Applicant-reactions.jpg\",\"keywords\":[\"applicant reactions\",\"reclutamiento\",\"selecci\u00f3n\"],\"articleSection\":[\"Recruiter branding\"],\"inLanguage\":\"es\",\"copyrightYear\":\"2021\",\"copyrightHolder\":{\"@id\":\"https:\/\/empresas.infoempleo.com\/hrtrends\/#organization\"}},{\"@type\":\"WebPage\",\"@id\":\"https:\/\/empresas.infoempleo.com\/hrtrends\/applicant-reactions-sensibilizarte-ante-las-reacciones-del-candidato-mejorara-la-seleccion\/\",\"url\":\"https:\/\/empresas.infoempleo.com\/hrtrends\/applicant-reactions-sensibilizarte-ante-las-reacciones-del-candidato-mejorara-la-seleccion\/\",\"name\":\"Applicant reactions: sensibilizarte ante las reacciones del candidato mejorar\u00e1 la selecci\u00f3n | HRTRENDS\",\"isPartOf\":{\"@id\":\"https:\/\/empresas.infoempleo.com\/hrtrends\/#website\"},\"primaryImageOfPage\":{\"@id\":\"https:\/\/empresas.infoempleo.com\/hrtrends\/applicant-reactions-sensibilizarte-ante-las-reacciones-del-candidato-mejorara-la-seleccion\/#primaryimage\"},\"image\":{\"@id\":\"https:\/\/empresas.infoempleo.com\/hrtrends\/applicant-reactions-sensibilizarte-ante-las-reacciones-del-candidato-mejorara-la-seleccion\/#primaryimage\"},\"thumbnailUrl\":\"https:\/\/empresas.infoempleo.com\/hrtrends\/media\/2021\/12\/HRTrends_Applicant-reactions.jpg\",\"datePublished\":\"2021-12-01T05:30:46+00:00\",\"description\":\"El t\u00e9rmino \u201capplicant reactions\u201d se usa para referirse al impacto, reacciones y conocimientos de la candidatura hacia el proceso de selecci\u00f3n.\",\"breadcrumb\":{\"@id\":\"https:\/\/empresas.infoempleo.com\/hrtrends\/applicant-reactions-sensibilizarte-ante-las-reacciones-del-candidato-mejorara-la-seleccion\/#breadcrumb\"},\"inLanguage\":\"es\",\"potentialAction\":[{\"@type\":\"ReadAction\",\"target\":[\"https:\/\/empresas.infoempleo.com\/hrtrends\/applicant-reactions-sensibilizarte-ante-las-reacciones-del-candidato-mejorara-la-seleccion\/\"]}]},{\"@type\":\"ImageObject\",\"inLanguage\":\"es\",\"@id\":\"https:\/\/empresas.infoempleo.com\/hrtrends\/applicant-reactions-sensibilizarte-ante-las-reacciones-del-candidato-mejorara-la-seleccion\/#primaryimage\",\"url\":\"https:\/\/empresas.infoempleo.com\/hrtrends\/media\/2021\/12\/HRTrends_Applicant-reactions-150x150.jpg\",\"contentUrl\":\"https:\/\/empresas.infoempleo.com\/hrtrends\/media\/2021\/12\/HRTrends_Applicant-reactions-150x150.jpg\",\"width\":150,\"height\":150},{\"@type\":\"BreadcrumbList\",\"@id\":\"https:\/\/empresas.infoempleo.com\/hrtrends\/applicant-reactions-sensibilizarte-ante-las-reacciones-del-candidato-mejorara-la-seleccion\/#breadcrumb\",\"itemListElement\":[{\"@type\":\"ListItem\",\"position\":1,\"name\":\"Portada\",\"item\":\"https:\/\/empresas.infoempleo.com\/hrtrends\/\"},{\"@type\":\"ListItem\",\"position\":2,\"name\":\"Applicant reactions: sensibilizarte ante las reacciones del candidato mejorar\u00e1 la selecci\u00f3n\"}]},{\"@type\":\"WebSite\",\"@id\":\"https:\/\/empresas.infoempleo.com\/hrtrends\/#website\",\"url\":\"https:\/\/empresas.infoempleo.com\/hrtrends\",\"name\":\"HRTrends by Infoempleo\",\"description\":\"\",\"publisher\":{\"@id\":\"https:\/\/empresas.infoempleo.com\/hrtrends\/#organization\"},\"potentialAction\":{\"@type\":\"SearchAction\",\"target\":\"https:\/\/empresas.infoempleo.com\/hrtrends\/?s={search_term_string}\",\"query-input\":\"required name=search_term_string\"},\"inLanguage\":\"es\"},{\"@type\":\"Organization\",\"@id\":\"https:\/\/empresas.infoempleo.com\/hrtrends\/#organization\",\"name\":\"Infoempleo\",\"url\":\"https:\/\/www.infoempleo.com\/\",\"logo\":{\"@type\":\"ImageObject\",\"@id\":\"https:\/\/empresas.infoempleo.com\/hrtrends\/#logo\",\"inLanguage\":\"es\",\"url\":\"https:\/\/cdnazure.infoempleo.com\/infoempleo\/assets\/style\/gfx\/logo.svg\",\"contentUrl\":\"https:\/\/cdnazure.infoempleo.com\/infoempleo\/assets\/style\/gfx\/logo.svg\",\"width\":150,\"height\":40,\"caption\":\"Infoempleo\"},\"image\":{\"@id\":\"https:\/\/empresas.infoempleo.com\/hrtrends\/#logo\"},\"sameAs\":[\"https:\/\/www.facebook.com\/Infoempleo\",\"https:\/\/x.com\/infoempleo\",\"http:\/\/instagram.com\/infoempleo\/\",\"http:\/\/www.linkedin.com\/groups\/Empleo-Espa\u00f1a-Infoempleocom-111276\",\"http:\/\/pinterest.com\/infoempleo\/\"],\"address\":{\"@type\":\"PostalAddress\",\"addressLocality\":\"Madrid\",\"postalCode\":\"28050\",\"streetAddress\":\"Avenida de Burgos 114\"},\"brand\":[\"Infoempleo\"]},{\"@type\":\"Person\",\"@id\":\"https:\/\/empresas.infoempleo.com\/hrtrends\/#\/schema\/person\/fb2f949a1461ff0e9e15996d82d3a787\",\"name\":\"Raquel Hern\u00e1ndez\",\"image\":{\"@type\":\"ImageObject\",\"inLanguage\":\"es\",\"@id\":\"https:\/\/empresas.infoempleo.com\/hrtrends\/#\/schema\/person\/image\/\",\"url\":\"https:\/\/secure.gravatar.com\/avatar\/4ccd374b24ab5eefd1b7681d8be968df221a577fa3ffa9dc4bb4b537645dc6a2?s=96&d=mm&r=g\",\"contentUrl\":\"https:\/\/secure.gravatar.com\/avatar\/4ccd374b24ab5eefd1b7681d8be968df221a577fa3ffa9dc4bb4b537645dc6a2?s=96&d=mm&r=g\",\"caption\":\"Raquel Hern\u00e1ndez\"},\"description\":\"M\u00e1ster en Filosof\u00eda Contempor\u00e1nea y Diploma Experto en Salud y G\u00e9nero. Extensa experiencia profesional como directora y productora de eventos culturales, especializada en el sector editorial. Lectora profesional y redactora de contenidos relacionados con el empleo, la innovaci\u00f3n y la educaci\u00f3n.\",\"url\":\"https:\/\/empresas.infoempleo.com\/hrtrends\/author\/raquel-hernandez\/\"}]}<\/script>\n<!-- \/ Yoast SEO plugin. -->","yoast_head_json":{"title":"Applicant reactions: sensibilizarte ante las reacciones del candidato mejorar\u00e1 la selecci\u00f3n | HRTRENDS","description":"El t\u00e9rmino \u201capplicant reactions\u201d se usa para referirse al impacto, reacciones y conocimientos de la candidatura hacia el proceso de selecci\u00f3n.","robots":{"index":"index","follow":"follow","max-snippet":"max-snippet:-1","max-image-preview":"max-image-preview:large","max-video-preview":"max-video-preview:-1"},"canonical":"https:\/\/empresas.infoempleo.com\/hrtrends\/applicant-reactions-sensibilizarte-ante-las-reacciones-del-candidato-mejorara-la-seleccion\/","og_locale":"es_ES","og_type":"article","og_title":"Applicant reactions: sensibilizarte ante las reacciones del candidato mejorar\u00e1 la selecci\u00f3n | HRTRENDS","og_description":"El t\u00e9rmino \u201capplicant reactions\u201d se usa para referirse al impacto, reacciones y conocimientos de la candidatura hacia el proceso de selecci\u00f3n.","og_url":"https:\/\/empresas.infoempleo.com\/hrtrends\/applicant-reactions-sensibilizarte-ante-las-reacciones-del-candidato-mejorara-la-seleccion\/","og_site_name":"HRTRENDS","article_publisher":"https:\/\/www.facebook.com\/Infoempleo","article_published_time":"2021-12-01T05:30:46+00:00","og_image":[{"width":881,"height":587,"url":"https:\/\/empresas.infoempleo.com\/hrtrends\/media\/2021\/12\/HRTrends_Applicant-reactions.jpg","type":"image\/jpeg"}],"author":"Raquel Hern\u00e1ndez","twitter_card":"summary_large_image","twitter_creator":"@infoempleo","twitter_site":"@infoempleo","twitter_misc":{"Escrito por":"Raquel Hern\u00e1ndez","Tiempo de lectura":"3 minutos"},"schema":{"@context":"https:\/\/schema.org","@graph":[{"@type":"NewsArticle","@id":"https:\/\/empresas.infoempleo.com\/hrtrends\/applicant-reactions-sensibilizarte-ante-las-reacciones-del-candidato-mejorara-la-seleccion\/#article","isPartOf":{"@id":"https:\/\/empresas.infoempleo.com\/hrtrends\/applicant-reactions-sensibilizarte-ante-las-reacciones-del-candidato-mejorara-la-seleccion\/"},"author":{"name":"Raquel Hern\u00e1ndez","@id":"https:\/\/empresas.infoempleo.com\/hrtrends\/#\/schema\/person\/fb2f949a1461ff0e9e15996d82d3a787"},"headline":"Applicant reactions: sensibilizarte ante las reacciones del candidato mejorar\u00e1 la selecci\u00f3n","datePublished":"2021-12-01T05:30:46+00:00","mainEntityOfPage":{"@id":"https:\/\/empresas.infoempleo.com\/hrtrends\/applicant-reactions-sensibilizarte-ante-las-reacciones-del-candidato-mejorara-la-seleccion\/"},"wordCount":535,"publisher":{"@id":"https:\/\/empresas.infoempleo.com\/hrtrends\/#organization"},"image":{"@id":"https:\/\/empresas.infoempleo.com\/hrtrends\/applicant-reactions-sensibilizarte-ante-las-reacciones-del-candidato-mejorara-la-seleccion\/#primaryimage"},"thumbnailUrl":"https:\/\/empresas.infoempleo.com\/hrtrends\/media\/2021\/12\/HRTrends_Applicant-reactions.jpg","keywords":["applicant reactions","reclutamiento","selecci\u00f3n"],"articleSection":["Recruiter branding"],"inLanguage":"es","copyrightYear":"2021","copyrightHolder":{"@id":"https:\/\/empresas.infoempleo.com\/hrtrends\/#organization"}},{"@type":"WebPage","@id":"https:\/\/empresas.infoempleo.com\/hrtrends\/applicant-reactions-sensibilizarte-ante-las-reacciones-del-candidato-mejorara-la-seleccion\/","url":"https:\/\/empresas.infoempleo.com\/hrtrends\/applicant-reactions-sensibilizarte-ante-las-reacciones-del-candidato-mejorara-la-seleccion\/","name":"Applicant reactions: sensibilizarte ante las reacciones del candidato mejorar\u00e1 la selecci\u00f3n | HRTRENDS","isPartOf":{"@id":"https:\/\/empresas.infoempleo.com\/hrtrends\/#website"},"primaryImageOfPage":{"@id":"https:\/\/empresas.infoempleo.com\/hrtrends\/applicant-reactions-sensibilizarte-ante-las-reacciones-del-candidato-mejorara-la-seleccion\/#primaryimage"},"image":{"@id":"https:\/\/empresas.infoempleo.com\/hrtrends\/applicant-reactions-sensibilizarte-ante-las-reacciones-del-candidato-mejorara-la-seleccion\/#primaryimage"},"thumbnailUrl":"https:\/\/empresas.infoempleo.com\/hrtrends\/media\/2021\/12\/HRTrends_Applicant-reactions.jpg","datePublished":"2021-12-01T05:30:46+00:00","description":"El t\u00e9rmino \u201capplicant reactions\u201d se usa para referirse al impacto, reacciones y conocimientos de la candidatura hacia el proceso de selecci\u00f3n.","breadcrumb":{"@id":"https:\/\/empresas.infoempleo.com\/hrtrends\/applicant-reactions-sensibilizarte-ante-las-reacciones-del-candidato-mejorara-la-seleccion\/#breadcrumb"},"inLanguage":"es","potentialAction":[{"@type":"ReadAction","target":["https:\/\/empresas.infoempleo.com\/hrtrends\/applicant-reactions-sensibilizarte-ante-las-reacciones-del-candidato-mejorara-la-seleccion\/"]}]},{"@type":"ImageObject","inLanguage":"es","@id":"https:\/\/empresas.infoempleo.com\/hrtrends\/applicant-reactions-sensibilizarte-ante-las-reacciones-del-candidato-mejorara-la-seleccion\/#primaryimage","url":"https:\/\/empresas.infoempleo.com\/hrtrends\/media\/2021\/12\/HRTrends_Applicant-reactions-150x150.jpg","contentUrl":"https:\/\/empresas.infoempleo.com\/hrtrends\/media\/2021\/12\/HRTrends_Applicant-reactions-150x150.jpg","width":150,"height":150},{"@type":"BreadcrumbList","@id":"https:\/\/empresas.infoempleo.com\/hrtrends\/applicant-reactions-sensibilizarte-ante-las-reacciones-del-candidato-mejorara-la-seleccion\/#breadcrumb","itemListElement":[{"@type":"ListItem","position":1,"name":"Portada","item":"https:\/\/empresas.infoempleo.com\/hrtrends\/"},{"@type":"ListItem","position":2,"name":"Applicant reactions: sensibilizarte ante las reacciones del candidato mejorar\u00e1 la selecci\u00f3n"}]},{"@type":"WebSite","@id":"https:\/\/empresas.infoempleo.com\/hrtrends\/#website","url":"https:\/\/empresas.infoempleo.com\/hrtrends","name":"HRTrends by Infoempleo","description":"","publisher":{"@id":"https:\/\/empresas.infoempleo.com\/hrtrends\/#organization"},"potentialAction":{"@type":"SearchAction","target":"https:\/\/empresas.infoempleo.com\/hrtrends\/?s={search_term_string}","query-input":"required name=search_term_string"},"inLanguage":"es"},{"@type":"Organization","@id":"https:\/\/empresas.infoempleo.com\/hrtrends\/#organization","name":"Infoempleo","url":"https:\/\/www.infoempleo.com\/","logo":{"@type":"ImageObject","@id":"https:\/\/empresas.infoempleo.com\/hrtrends\/#logo","inLanguage":"es","url":"https:\/\/cdnazure.infoempleo.com\/infoempleo\/assets\/style\/gfx\/logo.svg","contentUrl":"https:\/\/cdnazure.infoempleo.com\/infoempleo\/assets\/style\/gfx\/logo.svg","width":150,"height":40,"caption":"Infoempleo"},"image":{"@id":"https:\/\/empresas.infoempleo.com\/hrtrends\/#logo"},"sameAs":["https:\/\/www.facebook.com\/Infoempleo","https:\/\/x.com\/infoempleo","http:\/\/instagram.com\/infoempleo\/","http:\/\/www.linkedin.com\/groups\/Empleo-Espa\u00f1a-Infoempleocom-111276","http:\/\/pinterest.com\/infoempleo\/"],"address":{"@type":"PostalAddress","addressLocality":"Madrid","postalCode":"28050","streetAddress":"Avenida de Burgos 114"},"brand":["Infoempleo"]},{"@type":"Person","@id":"https:\/\/empresas.infoempleo.com\/hrtrends\/#\/schema\/person\/fb2f949a1461ff0e9e15996d82d3a787","name":"Raquel Hern\u00e1ndez","image":{"@type":"ImageObject","inLanguage":"es","@id":"https:\/\/empresas.infoempleo.com\/hrtrends\/#\/schema\/person\/image\/","url":"https:\/\/secure.gravatar.com\/avatar\/4ccd374b24ab5eefd1b7681d8be968df221a577fa3ffa9dc4bb4b537645dc6a2?s=96&d=mm&r=g","contentUrl":"https:\/\/secure.gravatar.com\/avatar\/4ccd374b24ab5eefd1b7681d8be968df221a577fa3ffa9dc4bb4b537645dc6a2?s=96&d=mm&r=g","caption":"Raquel Hern\u00e1ndez"},"description":"M\u00e1ster en Filosof\u00eda Contempor\u00e1nea y Diploma Experto en Salud y G\u00e9nero. Extensa experiencia profesional como directora y productora de eventos culturales, especializada en el sector editorial. Lectora profesional y redactora de contenidos relacionados con el empleo, la innovaci\u00f3n y la educaci\u00f3n.","url":"https:\/\/empresas.infoempleo.com\/hrtrends\/author\/raquel-hernandez\/"}]}},"amp_enabled":true,"_links":{"self":[{"href":"https:\/\/empresas.infoempleo.com\/hrtrends\/wp-json\/wp\/v2\/posts\/39488","targetHints":{"allow":["GET"]}}],"collection":[{"href":"https:\/\/empresas.infoempleo.com\/hrtrends\/wp-json\/wp\/v2\/posts"}],"about":[{"href":"https:\/\/empresas.infoempleo.com\/hrtrends\/wp-json\/wp\/v2\/types\/post"}],"author":[{"embeddable":true,"href":"https:\/\/empresas.infoempleo.com\/hrtrends\/wp-json\/wp\/v2\/users\/136"}],"replies":[{"embeddable":true,"href":"https:\/\/empresas.infoempleo.com\/hrtrends\/wp-json\/wp\/v2\/comments?post=39488"}],"version-history":[{"count":5,"href":"https:\/\/empresas.infoempleo.com\/hrtrends\/wp-json\/wp\/v2\/posts\/39488\/revisions"}],"predecessor-version":[{"id":39499,"href":"https:\/\/empresas.infoempleo.com\/hrtrends\/wp-json\/wp\/v2\/posts\/39488\/revisions\/39499"}],"wp:featuredmedia":[{"embeddable":true,"href":"https:\/\/empresas.infoempleo.com\/hrtrends\/wp-json\/wp\/v2\/media\/39491"}],"wp:attachment":[{"href":"https:\/\/empresas.infoempleo.com\/hrtrends\/wp-json\/wp\/v2\/media?parent=39488"}],"wp:term":[{"taxonomy":"category","embeddable":true,"href":"https:\/\/empresas.infoempleo.com\/hrtrends\/wp-json\/wp\/v2\/categories?post=39488"},{"taxonomy":"post_tag","embeddable":true,"href":"https:\/\/empresas.infoempleo.com\/hrtrends\/wp-json\/wp\/v2\/tags?post=39488"}],"curies":[{"name":"wp","href":"https:\/\/api.w.org\/{rel}","templated":true}]}}