{"id":39416,"date":"2021-11-16T07:30:25","date_gmt":"2021-11-16T05:30:25","guid":{"rendered":"https:\/\/empresas.infoempleo.com\/hrtrends\/?p=39416"},"modified":"2021-11-16T12:26:55","modified_gmt":"2021-11-16T10:26:55","slug":"informe-de-vida-laboral-de-empresas-que-es-y-como-solicitarlo","status":"publish","type":"post","link":"https:\/\/empresas.infoempleo.com\/hrtrends\/informe-de-vida-laboral-de-empresas-que-es-y-como-solicitarlo\/","title":{"rendered":"Informe de vida laboral de empresas, \u00bfqu\u00e9 es y c\u00f3mo solicitarlo?"},"content":{"rendered":"<p>El <strong>informe de vida laboral de empresas<\/strong> es un documento que contiene la informaci\u00f3n m\u00e1s relevante sobre la <strong>cotizaci\u00f3n a la Seguridad Social de las empresas<\/strong> en el \u00faltimo a\u00f1o. Desde el 2018 se facilita este informe gracias al <strong>Sistema de Liquidaci\u00f3n Directa<\/strong>. Las empresas pueden consultar o <strong>descargar<\/strong> su informe de vida laboral en la <strong>Sede Electr\u00f3nica de la Seguridad Social<\/strong>, dentro del apartado &#8216;Notificaciones telem\u00e1ticas&#8217;, a trav\u00e9s de la opci\u00f3n &#8216;Comunicaciones telem\u00e1ticas&#8217;.<\/p>\n<p><!--more--><\/p>\n<h2>\u00bfQu\u00e9 es el informe de vida laboral de empresas?<\/h2>\n<p>Este documento incluye mucha <a href=\"https:\/\/empresas.infoempleo.com\/hrtrends\/como-afectara-el-nuevo-impuesto-minimo-global-de-sociedades\/\"><strong>informaci\u00f3n valiosa para la empresa<\/strong><\/a> y es de f\u00e1cil gesti\u00f3n. Muestra la <strong>evoluci\u00f3n de la cotizaci\u00f3n<\/strong> y los trabajadores en alta con los que cuenta. Se divide en dos bloques principales:<\/p>\n<ol>\n<li><strong>Datos identificativos de la empresa<\/strong>: informaci\u00f3n sobre el N\u00famero de Identificaci\u00f3n Fiscal con el que se identifica a la empresa ante la Seguridad Social. Tambi\u00e9n puede aparecer informaci\u00f3n sobre la raz\u00f3n social de la entidad. Este apartado tambi\u00e9n muestra datos sobre el domicilio social y C\u00f3digos de Cuenta de Cotizaci\u00f3n Secundarios asociados al principal.<\/li>\n<li><strong>Datos sobre cotizaci\u00f3n<\/strong>:\n<ul>\n<li><strong>Liquidaciones<\/strong> presentadas: se distinguen las ordinarias de las complementarias.<\/li>\n<li><strong>Cuotas<\/strong> calculadas por la Tesorer\u00eda General de la Seguridad Social.<\/li>\n<li><strong>Bases<\/strong> de cotizaci\u00f3n detalladas por horas extras, contingencias comunes y profesionales.<\/li>\n<li><strong>Deducciones<\/strong>, compensaciones y bonificaciones por la formaci\u00f3n profesional de los trabajadores.<\/li>\n<li>Conceptos retributivos <strong>abonados<\/strong>.<\/li>\n<li>Situaci\u00f3n sobre el ingreso o <strong>deudas<\/strong>, si las hubiere, de cuotas de la Seguridad Social.<\/li>\n<li><strong>Aplazamiento<\/strong> de la cuota si procede.<\/li>\n<li>Datos adicionales y actualizados de la empresa en relaci\u00f3n al <strong>C\u00f3digo de Cuenta de Cotizaci\u00f3n Principal<\/strong>: incluyen los convenios colectivos con un m\u00e1ximo de 10 aplicables a la empresa.<\/li>\n<\/ul>\n<\/li>\n<\/ol>\n<p><img loading=\"lazy\" decoding=\"async\" class=\"aligncenter wp-image-39425 size-full\" title=\"C\u00f3mo hacer un informe de vida laboral de empresas\" src=\"https:\/\/empresas.infoempleo.com\/hrtrends\/media\/2021\/11\/HRTrends_Informe-Seguridad-Social.jpg\" alt=\"C\u00f3mo hacer un informe de vida laboral de empresas\" width=\"800\" height=\"533\" srcset=\"https:\/\/empresas.infoempleo.com\/hrtrends\/media\/2021\/11\/HRTrends_Informe-Seguridad-Social.jpg 800w, https:\/\/empresas.infoempleo.com\/hrtrends\/media\/2021\/11\/HRTrends_Informe-Seguridad-Social-300x200.jpg 300w, https:\/\/empresas.infoempleo.com\/hrtrends\/media\/2021\/11\/HRTrends_Informe-Seguridad-Social-768x512.jpg 768w\" sizes=\"auto, (max-width: 800px) 100vw, 800px\" \/><\/p>\n<h2>Informaci\u00f3n gr\u00e1fica incluida en el informe<\/h2>\n<p>Con el informe de vida laboral de empresas podr\u00e1s visualizar <strong>datos muy \u00fatiles para la gesti\u00f3n de equipo<\/strong> y para alinear las decisiones con la estrategia corporativa:<\/p>\n<ul>\n<li><strong>Evoluci\u00f3n de su cotizaci\u00f3n<\/strong> a la Seguridad Social: ofrece la evoluci\u00f3n temporal en el a\u00f1o de las cuotas calculadas por la TGSS a partir de las liquidaciones ordinarias y complementarias presentadas por la empresa en el plazo reglamentario de ingreso.<\/li>\n<li><strong>Evoluci\u00f3n del n\u00famero de trabajadores<\/strong> al final de cada mes: muestra la evoluci\u00f3n del n\u00famero de trabajadores que se encontraban en situaci\u00f3n de alta en la empresa a la finalizaci\u00f3n de cada uno de los meses del a\u00f1o.<\/li>\n<li><strong>N\u00famero de trabajadores<\/strong> por cada <a href=\"https:\/\/empresas.infoempleo.com\/hrtrends\/induccion-de-personal-contratacion-de-refuerzos-en-verano\/\"><strong>modalidad del contrato de trabajo<\/strong><\/a>: representa el n\u00famero de trabajadores que constan en situaci\u00f3n de alta, distribuidos en funci\u00f3n de su modalidad contractual.<\/li>\n<li><strong>Volumen de trabajo seg\u00fan modalidad<\/strong> del contrato de trabajo: relaciona la modalidad contractual y el volumen de trabajo que corresponde a cada tipo de contrato.<\/li>\n<li><strong>Evoluci\u00f3n de jornadas reales<\/strong>: muestra la evoluci\u00f3n temporal del n\u00famero de Jornadas Reales, efectivamente trabajadas, declaradas por la empresa durante el a\u00f1o.<\/li>\n<\/ul>\n<h2>\u00bfC\u00f3mo solicitarlo?<\/h2>\n<p>Para consultar este informe deber\u00e1s acceder a la <a href=\"https:\/\/sede.seg-social.gob.es\/wps\/portal\/sede\/sede\/Inicio\/NotificacionesTelematicas\/zcomunicaciones\/zcomunicaciones\/!ut\/p\/z1\/04_Sj9CPykssy0xPLMnMz0vMAfIjo8zijQ3NTAwtDQx93A08XQ0cQ329Qy2NA43dDQz1w_EpMLA00I8iRr8BDuBIUL8XIQVAHxgV-Tr7putHFSSWZOhm5qXl60dUJefnluZlJicmA_2ZWowpEK4fhc9kA0tDQgoMoArw-C0YaFFBbmhElY-HQWZAuiIAAWQK1g!!\/dz\/d5\/L2dBISEvZ0FBIS9nQSEh\/\" target=\"_blank\" rel=\"noopener noreferrer\"><strong>Sede Electr\u00f3nica de la Seguridad Social<\/strong><\/a>, dentro del apartado Notificaciones Telem\u00e1ticas, y una vez all\u00ed deber\u00e1s clicar en Comunicaciones Telem\u00e1ticas. Adem\u00e1s de descargarlo puntualmente, la Tesorer\u00eda General de la Seguridad Social (TGSS) te da la opci\u00f3n de recibir estas y otras comunicaciones relevantes a trav\u00e9s del correo electr\u00f3nico. Para ello deber\u00e1s acceder a la Sede Electr\u00f3nica de la Seguridad Social y clicar en el apartado Empresas\/Afiliaci\u00f3n e Inscripci\u00f3n\/Comunicaci\u00f3n de tel\u00e9fono y correo electr\u00f3nico del empresario.<\/p>\n","protected":false},"excerpt":{"rendered":"<p>El informe de vida laboral de empresas es un documento que contiene la informaci\u00f3n m\u00e1s relevante sobre la<a class=\"moretag\" href=\"https:\/\/empresas.infoempleo.com\/hrtrends\/informe-de-vida-laboral-de-empresas-que-es-y-como-solicitarlo\/\"> Leer m\u00e1s<\/a><\/p>\n","protected":false},"author":136,"featured_media":39426,"comment_status":"closed","ping_status":"closed","sticky":false,"template":"","format":"standard","meta":{"footnotes":""},"categories":[3],"tags":[540,18,282],"class_list":["post-39416","post","type-post","status-publish","format-standard","has-post-thumbnail","hentry","category-actualidad","tag-consejos-2","tag-empresa","tag-productividad"],"yoast_head":"<!-- This site is optimized with the Yoast SEO plugin v26.1.1 - https:\/\/yoast.com\/wordpress\/plugins\/seo\/ -->\n<title>Informe de vida laboral de empresas, \u00bfqu\u00e9 es y c\u00f3mo solicitarlo? | HRTRENDS<\/title>\n<meta name=\"description\" content=\"El informe de vida laboral de empresas es un documento que contiene la informaci\u00f3n m\u00e1s relevante sobre la cotizaciones de las empresas en el \u00faltimo a\u00f1o.\" \/>\n<meta name=\"robots\" content=\"index, follow, max-snippet:-1, max-image-preview:large, max-video-preview:-1\" \/>\n<link rel=\"canonical\" href=\"https:\/\/empresas.infoempleo.com\/hrtrends\/informe-de-vida-laboral-de-empresas-que-es-y-como-solicitarlo\/\" \/>\n<meta property=\"og:locale\" content=\"es_ES\" \/>\n<meta property=\"og:type\" content=\"article\" \/>\n<meta property=\"og:title\" content=\"Informe de vida laboral de empresas, \u00bfqu\u00e9 es y c\u00f3mo solicitarlo? | HRTRENDS\" \/>\n<meta property=\"og:description\" content=\"El informe de vida laboral de empresas es un documento que contiene la informaci\u00f3n m\u00e1s relevante sobre la cotizaciones de las empresas en el \u00faltimo a\u00f1o.\" \/>\n<meta property=\"og:url\" content=\"https:\/\/empresas.infoempleo.com\/hrtrends\/informe-de-vida-laboral-de-empresas-que-es-y-como-solicitarlo\/\" \/>\n<meta property=\"og:site_name\" content=\"HRTRENDS\" \/>\n<meta property=\"article:publisher\" content=\"https:\/\/www.facebook.com\/Infoempleo\" \/>\n<meta property=\"article:published_time\" content=\"2021-11-16T05:30:25+00:00\" \/>\n<meta property=\"article:modified_time\" content=\"2021-11-16T10:26:55+00:00\" \/>\n<meta property=\"og:image\" content=\"https:\/\/empresas.infoempleo.com\/hrtrends\/media\/2021\/11\/HRTrends_Informe-vida-laboral-empresas.jpg\" \/>\n\t<meta property=\"og:image:width\" content=\"881\" \/>\n\t<meta property=\"og:image:height\" content=\"624\" \/>\n\t<meta property=\"og:image:type\" content=\"image\/jpeg\" \/>\n<meta name=\"author\" content=\"Raquel Hern\u00e1ndez\" \/>\n<meta name=\"twitter:card\" content=\"summary_large_image\" \/>\n<meta name=\"twitter:creator\" content=\"@infoempleo\" \/>\n<meta name=\"twitter:site\" content=\"@infoempleo\" \/>\n<meta name=\"twitter:label1\" content=\"Escrito por\" \/>\n\t<meta name=\"twitter:data1\" content=\"Raquel Hern\u00e1ndez\" \/>\n\t<meta name=\"twitter:label2\" content=\"Tiempo de lectura\" \/>\n\t<meta name=\"twitter:data2\" content=\"3 minutos\" \/>\n<script type=\"application\/ld+json\" class=\"yoast-schema-graph\">{\"@context\":\"https:\/\/schema.org\",\"@graph\":[{\"@type\":\"NewsArticle\",\"@id\":\"https:\/\/empresas.infoempleo.com\/hrtrends\/informe-de-vida-laboral-de-empresas-que-es-y-como-solicitarlo\/#article\",\"isPartOf\":{\"@id\":\"https:\/\/empresas.infoempleo.com\/hrtrends\/informe-de-vida-laboral-de-empresas-que-es-y-como-solicitarlo\/\"},\"author\":{\"name\":\"Raquel Hern\u00e1ndez\",\"@id\":\"https:\/\/empresas.infoempleo.com\/hrtrends\/#\/schema\/person\/fb2f949a1461ff0e9e15996d82d3a787\"},\"headline\":\"Informe de vida laboral de empresas, \u00bfqu\u00e9 es y c\u00f3mo solicitarlo?\",\"datePublished\":\"2021-11-16T05:30:25+00:00\",\"dateModified\":\"2021-11-16T10:26:55+00:00\",\"mainEntityOfPage\":{\"@id\":\"https:\/\/empresas.infoempleo.com\/hrtrends\/informe-de-vida-laboral-de-empresas-que-es-y-como-solicitarlo\/\"},\"wordCount\":627,\"publisher\":{\"@id\":\"https:\/\/empresas.infoempleo.com\/hrtrends\/#organization\"},\"image\":{\"@id\":\"https:\/\/empresas.infoempleo.com\/hrtrends\/informe-de-vida-laboral-de-empresas-que-es-y-como-solicitarlo\/#primaryimage\"},\"thumbnailUrl\":\"https:\/\/empresas.infoempleo.com\/hrtrends\/media\/2021\/11\/HRTrends_Informe-vida-laboral-empresas.jpg\",\"keywords\":[\"consejos\",\"empresa\",\"productividad\"],\"articleSection\":[\"Actualidad\"],\"inLanguage\":\"es\",\"copyrightYear\":\"2021\",\"copyrightHolder\":{\"@id\":\"https:\/\/empresas.infoempleo.com\/hrtrends\/#organization\"}},{\"@type\":\"WebPage\",\"@id\":\"https:\/\/empresas.infoempleo.com\/hrtrends\/informe-de-vida-laboral-de-empresas-que-es-y-como-solicitarlo\/\",\"url\":\"https:\/\/empresas.infoempleo.com\/hrtrends\/informe-de-vida-laboral-de-empresas-que-es-y-como-solicitarlo\/\",\"name\":\"Informe de vida laboral de empresas, \u00bfqu\u00e9 es y c\u00f3mo solicitarlo? | HRTRENDS\",\"isPartOf\":{\"@id\":\"https:\/\/empresas.infoempleo.com\/hrtrends\/#website\"},\"primaryImageOfPage\":{\"@id\":\"https:\/\/empresas.infoempleo.com\/hrtrends\/informe-de-vida-laboral-de-empresas-que-es-y-como-solicitarlo\/#primaryimage\"},\"image\":{\"@id\":\"https:\/\/empresas.infoempleo.com\/hrtrends\/informe-de-vida-laboral-de-empresas-que-es-y-como-solicitarlo\/#primaryimage\"},\"thumbnailUrl\":\"https:\/\/empresas.infoempleo.com\/hrtrends\/media\/2021\/11\/HRTrends_Informe-vida-laboral-empresas.jpg\",\"datePublished\":\"2021-11-16T05:30:25+00:00\",\"dateModified\":\"2021-11-16T10:26:55+00:00\",\"description\":\"El informe de vida laboral de empresas es un documento que contiene la informaci\u00f3n m\u00e1s relevante sobre la cotizaciones de las empresas en el \u00faltimo a\u00f1o.\",\"breadcrumb\":{\"@id\":\"https:\/\/empresas.infoempleo.com\/hrtrends\/informe-de-vida-laboral-de-empresas-que-es-y-como-solicitarlo\/#breadcrumb\"},\"inLanguage\":\"es\",\"potentialAction\":[{\"@type\":\"ReadAction\",\"target\":[\"https:\/\/empresas.infoempleo.com\/hrtrends\/informe-de-vida-laboral-de-empresas-que-es-y-como-solicitarlo\/\"]}]},{\"@type\":\"ImageObject\",\"inLanguage\":\"es\",\"@id\":\"https:\/\/empresas.infoempleo.com\/hrtrends\/informe-de-vida-laboral-de-empresas-que-es-y-como-solicitarlo\/#primaryimage\",\"url\":\"https:\/\/empresas.infoempleo.com\/hrtrends\/media\/2021\/11\/HRTrends_Informe-vida-laboral-empresas-150x150.jpg\",\"contentUrl\":\"https:\/\/empresas.infoempleo.com\/hrtrends\/media\/2021\/11\/HRTrends_Informe-vida-laboral-empresas-150x150.jpg\",\"width\":150,\"height\":150},{\"@type\":\"BreadcrumbList\",\"@id\":\"https:\/\/empresas.infoempleo.com\/hrtrends\/informe-de-vida-laboral-de-empresas-que-es-y-como-solicitarlo\/#breadcrumb\",\"itemListElement\":[{\"@type\":\"ListItem\",\"position\":1,\"name\":\"Portada\",\"item\":\"https:\/\/empresas.infoempleo.com\/hrtrends\/\"},{\"@type\":\"ListItem\",\"position\":2,\"name\":\"Informe de vida laboral de empresas, \u00bfqu\u00e9 es y c\u00f3mo solicitarlo?\"}]},{\"@type\":\"WebSite\",\"@id\":\"https:\/\/empresas.infoempleo.com\/hrtrends\/#website\",\"url\":\"https:\/\/empresas.infoempleo.com\/hrtrends\",\"name\":\"HRTrends by Infoempleo\",\"description\":\"\",\"publisher\":{\"@id\":\"https:\/\/empresas.infoempleo.com\/hrtrends\/#organization\"},\"potentialAction\":{\"@type\":\"SearchAction\",\"target\":\"https:\/\/empresas.infoempleo.com\/hrtrends\/?s={search_term_string}\",\"query-input\":\"required name=search_term_string\"},\"inLanguage\":\"es\"},{\"@type\":\"Organization\",\"@id\":\"https:\/\/empresas.infoempleo.com\/hrtrends\/#organization\",\"name\":\"Infoempleo\",\"url\":\"https:\/\/www.infoempleo.com\/\",\"logo\":{\"@type\":\"ImageObject\",\"@id\":\"https:\/\/empresas.infoempleo.com\/hrtrends\/#logo\",\"inLanguage\":\"es\",\"url\":\"https:\/\/cdnazure.infoempleo.com\/infoempleo\/assets\/style\/gfx\/logo.svg\",\"contentUrl\":\"https:\/\/cdnazure.infoempleo.com\/infoempleo\/assets\/style\/gfx\/logo.svg\",\"width\":150,\"height\":40,\"caption\":\"Infoempleo\"},\"image\":{\"@id\":\"https:\/\/empresas.infoempleo.com\/hrtrends\/#logo\"},\"sameAs\":[\"https:\/\/www.facebook.com\/Infoempleo\",\"https:\/\/x.com\/infoempleo\",\"http:\/\/instagram.com\/infoempleo\/\",\"http:\/\/www.linkedin.com\/groups\/Empleo-Espa\u00f1a-Infoempleocom-111276\",\"http:\/\/pinterest.com\/infoempleo\/\"],\"address\":{\"@type\":\"PostalAddress\",\"addressLocality\":\"Madrid\",\"postalCode\":\"28050\",\"streetAddress\":\"Avenida de Burgos 114\"},\"brand\":[\"Infoempleo\"]},{\"@type\":\"Person\",\"@id\":\"https:\/\/empresas.infoempleo.com\/hrtrends\/#\/schema\/person\/fb2f949a1461ff0e9e15996d82d3a787\",\"name\":\"Raquel Hern\u00e1ndez\",\"image\":{\"@type\":\"ImageObject\",\"inLanguage\":\"es\",\"@id\":\"https:\/\/empresas.infoempleo.com\/hrtrends\/#\/schema\/person\/image\/\",\"url\":\"https:\/\/secure.gravatar.com\/avatar\/4ccd374b24ab5eefd1b7681d8be968df221a577fa3ffa9dc4bb4b537645dc6a2?s=96&d=mm&r=g\",\"contentUrl\":\"https:\/\/secure.gravatar.com\/avatar\/4ccd374b24ab5eefd1b7681d8be968df221a577fa3ffa9dc4bb4b537645dc6a2?s=96&d=mm&r=g\",\"caption\":\"Raquel Hern\u00e1ndez\"},\"description\":\"M\u00e1ster en Filosof\u00eda Contempor\u00e1nea y Diploma Experto en Salud y G\u00e9nero. Extensa experiencia profesional como directora y productora de eventos culturales, especializada en el sector editorial. Lectora profesional y redactora de contenidos relacionados con el empleo, la innovaci\u00f3n y la educaci\u00f3n.\",\"url\":\"https:\/\/empresas.infoempleo.com\/hrtrends\/author\/raquel-hernandez\/\"}]}<\/script>\n<!-- \/ Yoast SEO plugin. -->","yoast_head_json":{"title":"Informe de vida laboral de empresas, \u00bfqu\u00e9 es y c\u00f3mo solicitarlo? | HRTRENDS","description":"El informe de vida laboral de empresas es un documento que contiene la informaci\u00f3n m\u00e1s relevante sobre la cotizaciones de las empresas en el \u00faltimo a\u00f1o.","robots":{"index":"index","follow":"follow","max-snippet":"max-snippet:-1","max-image-preview":"max-image-preview:large","max-video-preview":"max-video-preview:-1"},"canonical":"https:\/\/empresas.infoempleo.com\/hrtrends\/informe-de-vida-laboral-de-empresas-que-es-y-como-solicitarlo\/","og_locale":"es_ES","og_type":"article","og_title":"Informe de vida laboral de empresas, \u00bfqu\u00e9 es y c\u00f3mo solicitarlo? | HRTRENDS","og_description":"El informe de vida laboral de empresas es un documento que contiene la informaci\u00f3n m\u00e1s relevante sobre la cotizaciones de las empresas en el \u00faltimo a\u00f1o.","og_url":"https:\/\/empresas.infoempleo.com\/hrtrends\/informe-de-vida-laboral-de-empresas-que-es-y-como-solicitarlo\/","og_site_name":"HRTRENDS","article_publisher":"https:\/\/www.facebook.com\/Infoempleo","article_published_time":"2021-11-16T05:30:25+00:00","article_modified_time":"2021-11-16T10:26:55+00:00","og_image":[{"width":881,"height":624,"url":"https:\/\/empresas.infoempleo.com\/hrtrends\/media\/2021\/11\/HRTrends_Informe-vida-laboral-empresas.jpg","type":"image\/jpeg"}],"author":"Raquel Hern\u00e1ndez","twitter_card":"summary_large_image","twitter_creator":"@infoempleo","twitter_site":"@infoempleo","twitter_misc":{"Escrito por":"Raquel Hern\u00e1ndez","Tiempo de lectura":"3 minutos"},"schema":{"@context":"https:\/\/schema.org","@graph":[{"@type":"NewsArticle","@id":"https:\/\/empresas.infoempleo.com\/hrtrends\/informe-de-vida-laboral-de-empresas-que-es-y-como-solicitarlo\/#article","isPartOf":{"@id":"https:\/\/empresas.infoempleo.com\/hrtrends\/informe-de-vida-laboral-de-empresas-que-es-y-como-solicitarlo\/"},"author":{"name":"Raquel Hern\u00e1ndez","@id":"https:\/\/empresas.infoempleo.com\/hrtrends\/#\/schema\/person\/fb2f949a1461ff0e9e15996d82d3a787"},"headline":"Informe de vida laboral de empresas, \u00bfqu\u00e9 es y c\u00f3mo solicitarlo?","datePublished":"2021-11-16T05:30:25+00:00","dateModified":"2021-11-16T10:26:55+00:00","mainEntityOfPage":{"@id":"https:\/\/empresas.infoempleo.com\/hrtrends\/informe-de-vida-laboral-de-empresas-que-es-y-como-solicitarlo\/"},"wordCount":627,"publisher":{"@id":"https:\/\/empresas.infoempleo.com\/hrtrends\/#organization"},"image":{"@id":"https:\/\/empresas.infoempleo.com\/hrtrends\/informe-de-vida-laboral-de-empresas-que-es-y-como-solicitarlo\/#primaryimage"},"thumbnailUrl":"https:\/\/empresas.infoempleo.com\/hrtrends\/media\/2021\/11\/HRTrends_Informe-vida-laboral-empresas.jpg","keywords":["consejos","empresa","productividad"],"articleSection":["Actualidad"],"inLanguage":"es","copyrightYear":"2021","copyrightHolder":{"@id":"https:\/\/empresas.infoempleo.com\/hrtrends\/#organization"}},{"@type":"WebPage","@id":"https:\/\/empresas.infoempleo.com\/hrtrends\/informe-de-vida-laboral-de-empresas-que-es-y-como-solicitarlo\/","url":"https:\/\/empresas.infoempleo.com\/hrtrends\/informe-de-vida-laboral-de-empresas-que-es-y-como-solicitarlo\/","name":"Informe de vida laboral de empresas, \u00bfqu\u00e9 es y c\u00f3mo solicitarlo? | HRTRENDS","isPartOf":{"@id":"https:\/\/empresas.infoempleo.com\/hrtrends\/#website"},"primaryImageOfPage":{"@id":"https:\/\/empresas.infoempleo.com\/hrtrends\/informe-de-vida-laboral-de-empresas-que-es-y-como-solicitarlo\/#primaryimage"},"image":{"@id":"https:\/\/empresas.infoempleo.com\/hrtrends\/informe-de-vida-laboral-de-empresas-que-es-y-como-solicitarlo\/#primaryimage"},"thumbnailUrl":"https:\/\/empresas.infoempleo.com\/hrtrends\/media\/2021\/11\/HRTrends_Informe-vida-laboral-empresas.jpg","datePublished":"2021-11-16T05:30:25+00:00","dateModified":"2021-11-16T10:26:55+00:00","description":"El informe de vida laboral de empresas es un documento que contiene la informaci\u00f3n m\u00e1s relevante sobre la cotizaciones de las empresas en el \u00faltimo a\u00f1o.","breadcrumb":{"@id":"https:\/\/empresas.infoempleo.com\/hrtrends\/informe-de-vida-laboral-de-empresas-que-es-y-como-solicitarlo\/#breadcrumb"},"inLanguage":"es","potentialAction":[{"@type":"ReadAction","target":["https:\/\/empresas.infoempleo.com\/hrtrends\/informe-de-vida-laboral-de-empresas-que-es-y-como-solicitarlo\/"]}]},{"@type":"ImageObject","inLanguage":"es","@id":"https:\/\/empresas.infoempleo.com\/hrtrends\/informe-de-vida-laboral-de-empresas-que-es-y-como-solicitarlo\/#primaryimage","url":"https:\/\/empresas.infoempleo.com\/hrtrends\/media\/2021\/11\/HRTrends_Informe-vida-laboral-empresas-150x150.jpg","contentUrl":"https:\/\/empresas.infoempleo.com\/hrtrends\/media\/2021\/11\/HRTrends_Informe-vida-laboral-empresas-150x150.jpg","width":150,"height":150},{"@type":"BreadcrumbList","@id":"https:\/\/empresas.infoempleo.com\/hrtrends\/informe-de-vida-laboral-de-empresas-que-es-y-como-solicitarlo\/#breadcrumb","itemListElement":[{"@type":"ListItem","position":1,"name":"Portada","item":"https:\/\/empresas.infoempleo.com\/hrtrends\/"},{"@type":"ListItem","position":2,"name":"Informe de vida laboral de empresas, \u00bfqu\u00e9 es y c\u00f3mo solicitarlo?"}]},{"@type":"WebSite","@id":"https:\/\/empresas.infoempleo.com\/hrtrends\/#website","url":"https:\/\/empresas.infoempleo.com\/hrtrends","name":"HRTrends by Infoempleo","description":"","publisher":{"@id":"https:\/\/empresas.infoempleo.com\/hrtrends\/#organization"},"potentialAction":{"@type":"SearchAction","target":"https:\/\/empresas.infoempleo.com\/hrtrends\/?s={search_term_string}","query-input":"required name=search_term_string"},"inLanguage":"es"},{"@type":"Organization","@id":"https:\/\/empresas.infoempleo.com\/hrtrends\/#organization","name":"Infoempleo","url":"https:\/\/www.infoempleo.com\/","logo":{"@type":"ImageObject","@id":"https:\/\/empresas.infoempleo.com\/hrtrends\/#logo","inLanguage":"es","url":"https:\/\/cdnazure.infoempleo.com\/infoempleo\/assets\/style\/gfx\/logo.svg","contentUrl":"https:\/\/cdnazure.infoempleo.com\/infoempleo\/assets\/style\/gfx\/logo.svg","width":150,"height":40,"caption":"Infoempleo"},"image":{"@id":"https:\/\/empresas.infoempleo.com\/hrtrends\/#logo"},"sameAs":["https:\/\/www.facebook.com\/Infoempleo","https:\/\/x.com\/infoempleo","http:\/\/instagram.com\/infoempleo\/","http:\/\/www.linkedin.com\/groups\/Empleo-Espa\u00f1a-Infoempleocom-111276","http:\/\/pinterest.com\/infoempleo\/"],"address":{"@type":"PostalAddress","addressLocality":"Madrid","postalCode":"28050","streetAddress":"Avenida de Burgos 114"},"brand":["Infoempleo"]},{"@type":"Person","@id":"https:\/\/empresas.infoempleo.com\/hrtrends\/#\/schema\/person\/fb2f949a1461ff0e9e15996d82d3a787","name":"Raquel Hern\u00e1ndez","image":{"@type":"ImageObject","inLanguage":"es","@id":"https:\/\/empresas.infoempleo.com\/hrtrends\/#\/schema\/person\/image\/","url":"https:\/\/secure.gravatar.com\/avatar\/4ccd374b24ab5eefd1b7681d8be968df221a577fa3ffa9dc4bb4b537645dc6a2?s=96&d=mm&r=g","contentUrl":"https:\/\/secure.gravatar.com\/avatar\/4ccd374b24ab5eefd1b7681d8be968df221a577fa3ffa9dc4bb4b537645dc6a2?s=96&d=mm&r=g","caption":"Raquel Hern\u00e1ndez"},"description":"M\u00e1ster en Filosof\u00eda Contempor\u00e1nea y Diploma Experto en Salud y G\u00e9nero. Extensa experiencia profesional como directora y productora de eventos culturales, especializada en el sector editorial. Lectora profesional y redactora de contenidos relacionados con el empleo, la innovaci\u00f3n y la educaci\u00f3n.","url":"https:\/\/empresas.infoempleo.com\/hrtrends\/author\/raquel-hernandez\/"}]}},"amp_enabled":true,"_links":{"self":[{"href":"https:\/\/empresas.infoempleo.com\/hrtrends\/wp-json\/wp\/v2\/posts\/39416","targetHints":{"allow":["GET"]}}],"collection":[{"href":"https:\/\/empresas.infoempleo.com\/hrtrends\/wp-json\/wp\/v2\/posts"}],"about":[{"href":"https:\/\/empresas.infoempleo.com\/hrtrends\/wp-json\/wp\/v2\/types\/post"}],"author":[{"embeddable":true,"href":"https:\/\/empresas.infoempleo.com\/hrtrends\/wp-json\/wp\/v2\/users\/136"}],"replies":[{"embeddable":true,"href":"https:\/\/empresas.infoempleo.com\/hrtrends\/wp-json\/wp\/v2\/comments?post=39416"}],"version-history":[{"count":7,"href":"https:\/\/empresas.infoempleo.com\/hrtrends\/wp-json\/wp\/v2\/posts\/39416\/revisions"}],"predecessor-version":[{"id":39440,"href":"https:\/\/empresas.infoempleo.com\/hrtrends\/wp-json\/wp\/v2\/posts\/39416\/revisions\/39440"}],"wp:featuredmedia":[{"embeddable":true,"href":"https:\/\/empresas.infoempleo.com\/hrtrends\/wp-json\/wp\/v2\/media\/39426"}],"wp:attachment":[{"href":"https:\/\/empresas.infoempleo.com\/hrtrends\/wp-json\/wp\/v2\/media?parent=39416"}],"wp:term":[{"taxonomy":"category","embeddable":true,"href":"https:\/\/empresas.infoempleo.com\/hrtrends\/wp-json\/wp\/v2\/categories?post=39416"},{"taxonomy":"post_tag","embeddable":true,"href":"https:\/\/empresas.infoempleo.com\/hrtrends\/wp-json\/wp\/v2\/tags?post=39416"}],"curies":[{"name":"wp","href":"https:\/\/api.w.org\/{rel}","templated":true}]}}