{"id":39381,"date":"2021-11-09T07:30:56","date_gmt":"2021-11-09T05:30:56","guid":{"rendered":"https:\/\/empresas.infoempleo.com\/hrtrends\/?p=39381"},"modified":"2021-11-08T13:11:36","modified_gmt":"2021-11-08T11:11:36","slug":"conoce-la-escala-bars-para-evaluar-el-desempeno","status":"publish","type":"post","link":"https:\/\/empresas.infoempleo.com\/hrtrends\/conoce-la-escala-bars-para-evaluar-el-desempeno\/","title":{"rendered":"Conoce la escala BARS para evaluar el desempe\u00f1o"},"content":{"rendered":"<p>La <strong>medici\u00f3n del desempe\u00f1o de la plantilla<\/strong> es una de las labores principales que hacen las empresas a la hora de <strong>introducir mejoras<\/strong> o conocer si los esfuerzos est\u00e1n apuntando en la direcci\u00f3n que marca la estrategia. Por otro lado, los departamentos de personal necesitan conocer <strong>qu\u00e9 perfiles son los adecuados<\/strong> para la contrataci\u00f3n en cuanto surgen vacantes. Una de las <strong>t\u00e9cnicas que se utilizan<\/strong> para cumplir con este cometido es la llamada <strong>escala BARS (<\/strong><em><strong>Behaviorally Anchored Rating Scale<\/strong>)<\/em>. Hablamos un poco m\u00e1s de ella y para qu\u00e9 es \u00fatil.<\/p>\n<p><!--more--><\/p>\n<h2>Evaluar los comportamientos que cumplen con cada dimensi\u00f3n que se analiza<\/h2>\n<p>La escala BARS es una <strong>herramienta que<\/strong> <strong>compara <\/strong>el proceder de un empleado en cada una de las magnitudes que se analizan respecto a un comportamiento esperado u observado. El <strong>desempe\u00f1o de cada puesto<\/strong> est\u00e1 definido por una serie de dimensiones que pueden cumplirse en mayor o menor medida por cada trabajador. Este comportamiento puede producirse en una escala en la que hay un t\u00e9rmino medio, que es el est\u00e1ndar, y <strong>actuaciones que est\u00e1n por debajo y por encima.<\/strong><\/p>\n<p>Por ejemplo, en un puesto de atenci\u00f3n al cliente en un establecimiento de comida r\u00e1pida. Cabr\u00eda esperar que se produjeran los siguientes comportamientos, valor\u00e1ndolos en una escala del 1 al 7: \u201cque se mire a los ojos cuando atiende\u201d (4), \u201cque diga: <em>aqu\u00ed tiene tu pedido<\/em>\u201d(3) o que \u201cpregunte al cliente si necesita servilletas\u201d (5). Este ser\u00eda <strong>un modo de atenci\u00f3n est\u00e1ndar<\/strong>. Por encima, puntuar\u00edan actitudes como \u201crecibir al cliente con la frase <em>Hola, \u00bfbuenos d\u00edas en qu\u00e9 puedo ayudarle?<\/em> Y despedirle con un \u201c<em>Gracias, qu\u00e9 tenga un buen d\u00eda<\/em> al marcharse\u201d (6) o \u201cexplicar cada parte del men\u00fa y hacer recomendaciones\u201d (7). Por debajo, <strong>los comportamientos no deseados<\/strong> ser\u00edan \u201chablar por tel\u00e9fono mientras est\u00e1 tomando nota del pedido\u201d (2) o \u201cinsultar al cliente\u201d (1).<\/p>\n<h2>Pasos en la elaboraci\u00f3n de una escala BARS<\/h2>\n<p>Por lo tanto, habr\u00eda que hacer un trabajo previo para estructurar la escala. Atravesar\u00eda las siguientes fases:<\/p>\n<ul>\n<li>En primer lugar, se har\u00eda una <strong>recogida de comportamientos<\/strong> tanto eficaces como ineficaces que se observan.<\/li>\n<li>Despu\u00e9s se identificar\u00edan las<strong> diferentes dimensiones que evaluar<\/strong> o las habilidades espec\u00edficas que requiere cada puesto (en nuestro ejemplo, \u201cser servicial\u201d).<\/li>\n<li>M\u00e1s tarde, <strong>se<\/strong> <strong>reclasifican los incidentes<\/strong>, es decir, se responde a la pregunta \u00bfQu\u00e9 tipo de comportamientos est\u00e1n relacionados con \u201cser servicial o no serlo\u201d?<\/li>\n<li>Una vez hecho esto, a cada comportamiento de esta dimensi\u00f3n se le <strong>asignar\u00eda un valor.<\/strong><\/li>\n<li>Y por \u00faltimo <strong>se colocan los datos en una escala,<\/strong> tabla o cualquier otro instrumento que ayude a visualizar.<\/li>\n<\/ul>\n<p><img loading=\"lazy\" decoding=\"async\" class=\"aligncenter wp-image-39402 size-full\" title=\"Pasos en la elaboraci\u00f3n de una escala BARS\" src=\"https:\/\/empresas.infoempleo.com\/hrtrends\/media\/2021\/11\/HRTrends_Evaluar-desempeno.jpg\" alt=\"Pasos en la elaboraci\u00f3n de una escala BARS\" width=\"800\" height=\"800\" srcset=\"https:\/\/empresas.infoempleo.com\/hrtrends\/media\/2021\/11\/HRTrends_Evaluar-desempeno.jpg 800w, https:\/\/empresas.infoempleo.com\/hrtrends\/media\/2021\/11\/HRTrends_Evaluar-desempeno-300x300.jpg 300w, https:\/\/empresas.infoempleo.com\/hrtrends\/media\/2021\/11\/HRTrends_Evaluar-desempeno-150x150.jpg 150w, https:\/\/empresas.infoempleo.com\/hrtrends\/media\/2021\/11\/HRTrends_Evaluar-desempeno-768x768.jpg 768w\" sizes=\"auto, (max-width: 800px) 100vw, 800px\" \/><\/p>\n<h2>Una escala BARS es altamente eficaz para orientar sobre la progresi\u00f3n del desempe\u00f1o<\/h2>\n<p>Este tipo de herramienta sirve para hacer una <a href=\"https:\/\/empresas.infoempleo.com\/hrtrends\/consejos-para-dar-feedback-desde-recursos-humanos\/\"><strong>evaluaci\u00f3n del desempe\u00f1o eficaz<\/strong><\/a> que facilite rutas de aprendizaje a trav\u00e9s de las cuales <strong>conseguir un nivel \u00f3ptimo de competencia<\/strong>. Es muy recomendable tambi\u00e9n para tareas de gesti\u00f3n del talento. Tanto para <strong>procesos de selecci\u00f3n de personal,<\/strong> ya que orienta hacia una elecci\u00f3n acertada de los perfiles que mejor se adaptar\u00e1n a los puestos. Como para los procesos de <a href=\"https:\/\/blog.infoempleo.com\/a\/planes-de-carrera-y-trayectoria-profesional\/\"><strong>desarrollo de carrera<\/strong><\/a> en cuanto a la planificaci\u00f3n del <strong>crecimiento de cada perfil<\/strong> o la gesti\u00f3n de sucesiones.<\/p>\n<p>Como <strong>ventajas<\/strong> para la utilizaci\u00f3n de esta t\u00e9cnica se se\u00f1ala que es <strong>f\u00e1cil de usar y de cumplir<\/strong> ya que al analizarse comportamientos muy espec\u00edficos cualquiera (trabajadores y jefes) pueden observar su cumplimiento. Es consistente ya que <strong>no da lugar a subjetividad<\/strong>: se cumple o no y por lo tanto es <strong>imparcial<\/strong> y no se juzga a la persona si no si efect\u00faa o no el comportamiento que se quiere analizar.<\/p>\n<p>Entre los <strong>inconvenientes<\/strong> se se\u00f1ala que es una t\u00e9cnica con una <strong>preproducci\u00f3n compleja<\/strong> ya que el an\u00e1lisis de cada puesto y su divisi\u00f3n en \u00edtems hace que la <strong>elaboraci\u00f3n de la estructura sea laboriosa.<\/strong> Adem\u00e1s, puede ser necesaria la intervenci\u00f3n de especialistas como psic\u00f3logos industriales, lo que encarecer\u00eda el proceso. Tambi\u00e9n se apunta a que es una t\u00e9cnica que <strong>requiere de una constante actualizaci\u00f3n<\/strong> porque las habilidades y comportamientos que se esperan no son fijos si no que van cambiando en la medida en la que se transforma el sector.<\/p>\n<p>&nbsp;<\/p>\n","protected":false},"excerpt":{"rendered":"<p>La medici\u00f3n del desempe\u00f1o de la plantilla es una de las labores principales que hacen las empresas a<a class=\"moretag\" href=\"https:\/\/empresas.infoempleo.com\/hrtrends\/conoce-la-escala-bars-para-evaluar-el-desempeno\/\"> Leer m\u00e1s<\/a><\/p>\n","protected":false},"author":29,"featured_media":39403,"comment_status":"closed","ping_status":"closed","sticky":false,"template":"","format":"standard","meta":{"footnotes":""},"categories":[3035],"tags":[2973,3476,3328,282],"class_list":["post-39381","post","type-post","status-publish","format-standard","has-post-thumbnail","hentry","category-consejos","tag-captacion-de-talento","tag-escala-bars","tag-evaluacion-del-desempeno","tag-productividad"],"yoast_head":"<!-- This site is optimized with the Yoast SEO plugin v26.1.1 - https:\/\/yoast.com\/wordpress\/plugins\/seo\/ -->\n<title>Conoce la escala BARS para evaluar el desempe\u00f1o | HRTRENDS<\/title>\n<meta name=\"description\" content=\"Una de las t\u00e9cnicas que se utilizan para cumplir con este cometido es la llamada escala BARS. Hablemos un poco m\u00e1s de ella y para qu\u00e9 es \u00fatil.\" \/>\n<meta name=\"robots\" content=\"index, follow, max-snippet:-1, max-image-preview:large, max-video-preview:-1\" \/>\n<link rel=\"canonical\" href=\"https:\/\/empresas.infoempleo.com\/hrtrends\/conoce-la-escala-bars-para-evaluar-el-desempeno\/\" \/>\n<meta property=\"og:locale\" content=\"es_ES\" \/>\n<meta property=\"og:type\" content=\"article\" \/>\n<meta property=\"og:title\" content=\"Conoce la escala BARS para evaluar el desempe\u00f1o | HRTRENDS\" \/>\n<meta property=\"og:description\" content=\"Una de las t\u00e9cnicas que se utilizan para cumplir con este cometido es la llamada escala BARS. Hablemos un poco m\u00e1s de ella y para qu\u00e9 es \u00fatil.\" \/>\n<meta property=\"og:url\" content=\"https:\/\/empresas.infoempleo.com\/hrtrends\/conoce-la-escala-bars-para-evaluar-el-desempeno\/\" \/>\n<meta property=\"og:site_name\" content=\"HRTRENDS\" \/>\n<meta property=\"article:publisher\" content=\"https:\/\/www.facebook.com\/Infoempleo\" \/>\n<meta property=\"article:published_time\" content=\"2021-11-09T05:30:56+00:00\" \/>\n<meta property=\"og:image\" content=\"https:\/\/empresas.infoempleo.com\/hrtrends\/media\/2021\/11\/HRTrends_Escala-BARS.jpg\" \/>\n\t<meta property=\"og:image:width\" content=\"881\" \/>\n\t<meta property=\"og:image:height\" content=\"587\" \/>\n\t<meta property=\"og:image:type\" content=\"image\/jpeg\" \/>\n<meta name=\"author\" content=\"Luisa Carrasco\" \/>\n<meta name=\"twitter:card\" content=\"summary_large_image\" \/>\n<meta name=\"twitter:creator\" content=\"@infoempleo\" \/>\n<meta name=\"twitter:site\" content=\"@infoempleo\" \/>\n<meta name=\"twitter:label1\" content=\"Escrito por\" \/>\n\t<meta name=\"twitter:data1\" content=\"Luisa Carrasco\" \/>\n\t<meta name=\"twitter:label2\" content=\"Tiempo de lectura\" \/>\n\t<meta name=\"twitter:data2\" content=\"4 minutos\" \/>\n<script type=\"application\/ld+json\" class=\"yoast-schema-graph\">{\"@context\":\"https:\/\/schema.org\",\"@graph\":[{\"@type\":\"NewsArticle\",\"@id\":\"https:\/\/empresas.infoempleo.com\/hrtrends\/conoce-la-escala-bars-para-evaluar-el-desempeno\/#article\",\"isPartOf\":{\"@id\":\"https:\/\/empresas.infoempleo.com\/hrtrends\/conoce-la-escala-bars-para-evaluar-el-desempeno\/\"},\"author\":{\"name\":\"Luisa Carrasco\",\"@id\":\"https:\/\/empresas.infoempleo.com\/hrtrends\/#\/schema\/person\/32ca57975913668419d075627a98dafe\"},\"headline\":\"Conoce la escala BARS para evaluar el desempe\u00f1o\",\"datePublished\":\"2021-11-09T05:30:56+00:00\",\"mainEntityOfPage\":{\"@id\":\"https:\/\/empresas.infoempleo.com\/hrtrends\/conoce-la-escala-bars-para-evaluar-el-desempeno\/\"},\"wordCount\":753,\"publisher\":{\"@id\":\"https:\/\/empresas.infoempleo.com\/hrtrends\/#organization\"},\"image\":{\"@id\":\"https:\/\/empresas.infoempleo.com\/hrtrends\/conoce-la-escala-bars-para-evaluar-el-desempeno\/#primaryimage\"},\"thumbnailUrl\":\"https:\/\/empresas.infoempleo.com\/hrtrends\/media\/2021\/11\/HRTrends_Escala-BARS.jpg\",\"keywords\":[\"captaci\u00f3n de talento\",\"escala BARS\",\"evaluaci\u00f3n del desempe\u00f1o\",\"productividad\"],\"articleSection\":[\"Consejos\"],\"inLanguage\":\"es\",\"copyrightYear\":\"2021\",\"copyrightHolder\":{\"@id\":\"https:\/\/empresas.infoempleo.com\/hrtrends\/#organization\"}},{\"@type\":\"WebPage\",\"@id\":\"https:\/\/empresas.infoempleo.com\/hrtrends\/conoce-la-escala-bars-para-evaluar-el-desempeno\/\",\"url\":\"https:\/\/empresas.infoempleo.com\/hrtrends\/conoce-la-escala-bars-para-evaluar-el-desempeno\/\",\"name\":\"Conoce la escala BARS para evaluar el desempe\u00f1o | HRTRENDS\",\"isPartOf\":{\"@id\":\"https:\/\/empresas.infoempleo.com\/hrtrends\/#website\"},\"primaryImageOfPage\":{\"@id\":\"https:\/\/empresas.infoempleo.com\/hrtrends\/conoce-la-escala-bars-para-evaluar-el-desempeno\/#primaryimage\"},\"image\":{\"@id\":\"https:\/\/empresas.infoempleo.com\/hrtrends\/conoce-la-escala-bars-para-evaluar-el-desempeno\/#primaryimage\"},\"thumbnailUrl\":\"https:\/\/empresas.infoempleo.com\/hrtrends\/media\/2021\/11\/HRTrends_Escala-BARS.jpg\",\"datePublished\":\"2021-11-09T05:30:56+00:00\",\"description\":\"Una de las t\u00e9cnicas que se utilizan para cumplir con este cometido es la llamada escala BARS. Hablemos un poco m\u00e1s de ella y para qu\u00e9 es \u00fatil.\",\"breadcrumb\":{\"@id\":\"https:\/\/empresas.infoempleo.com\/hrtrends\/conoce-la-escala-bars-para-evaluar-el-desempeno\/#breadcrumb\"},\"inLanguage\":\"es\",\"potentialAction\":[{\"@type\":\"ReadAction\",\"target\":[\"https:\/\/empresas.infoempleo.com\/hrtrends\/conoce-la-escala-bars-para-evaluar-el-desempeno\/\"]}]},{\"@type\":\"ImageObject\",\"inLanguage\":\"es\",\"@id\":\"https:\/\/empresas.infoempleo.com\/hrtrends\/conoce-la-escala-bars-para-evaluar-el-desempeno\/#primaryimage\",\"url\":\"https:\/\/empresas.infoempleo.com\/hrtrends\/media\/2021\/11\/HRTrends_Escala-BARS-150x150.jpg\",\"contentUrl\":\"https:\/\/empresas.infoempleo.com\/hrtrends\/media\/2021\/11\/HRTrends_Escala-BARS-150x150.jpg\",\"width\":150,\"height\":150},{\"@type\":\"BreadcrumbList\",\"@id\":\"https:\/\/empresas.infoempleo.com\/hrtrends\/conoce-la-escala-bars-para-evaluar-el-desempeno\/#breadcrumb\",\"itemListElement\":[{\"@type\":\"ListItem\",\"position\":1,\"name\":\"Portada\",\"item\":\"https:\/\/empresas.infoempleo.com\/hrtrends\/\"},{\"@type\":\"ListItem\",\"position\":2,\"name\":\"Conoce la escala BARS para evaluar el desempe\u00f1o\"}]},{\"@type\":\"WebSite\",\"@id\":\"https:\/\/empresas.infoempleo.com\/hrtrends\/#website\",\"url\":\"https:\/\/empresas.infoempleo.com\/hrtrends\",\"name\":\"HRTrends by Infoempleo\",\"description\":\"\",\"publisher\":{\"@id\":\"https:\/\/empresas.infoempleo.com\/hrtrends\/#organization\"},\"potentialAction\":{\"@type\":\"SearchAction\",\"target\":\"https:\/\/empresas.infoempleo.com\/hrtrends\/?s={search_term_string}\",\"query-input\":\"required name=search_term_string\"},\"inLanguage\":\"es\"},{\"@type\":\"Organization\",\"@id\":\"https:\/\/empresas.infoempleo.com\/hrtrends\/#organization\",\"name\":\"Infoempleo\",\"url\":\"https:\/\/www.infoempleo.com\/\",\"logo\":{\"@type\":\"ImageObject\",\"@id\":\"https:\/\/empresas.infoempleo.com\/hrtrends\/#logo\",\"inLanguage\":\"es\",\"url\":\"https:\/\/cdnazure.infoempleo.com\/infoempleo\/assets\/style\/gfx\/logo.svg\",\"contentUrl\":\"https:\/\/cdnazure.infoempleo.com\/infoempleo\/assets\/style\/gfx\/logo.svg\",\"width\":150,\"height\":40,\"caption\":\"Infoempleo\"},\"image\":{\"@id\":\"https:\/\/empresas.infoempleo.com\/hrtrends\/#logo\"},\"sameAs\":[\"https:\/\/www.facebook.com\/Infoempleo\",\"https:\/\/x.com\/infoempleo\",\"http:\/\/instagram.com\/infoempleo\/\",\"http:\/\/www.linkedin.com\/groups\/Empleo-Espa\u00f1a-Infoempleocom-111276\",\"http:\/\/pinterest.com\/infoempleo\/\"],\"address\":{\"@type\":\"PostalAddress\",\"addressLocality\":\"Madrid\",\"postalCode\":\"28050\",\"streetAddress\":\"Avenida de Burgos 114\"},\"brand\":[\"Infoempleo\"]},{\"@type\":\"Person\",\"@id\":\"https:\/\/empresas.infoempleo.com\/hrtrends\/#\/schema\/person\/32ca57975913668419d075627a98dafe\",\"name\":\"Luisa Carrasco\",\"image\":{\"@type\":\"ImageObject\",\"inLanguage\":\"es\",\"@id\":\"https:\/\/empresas.infoempleo.com\/hrtrends\/#\/schema\/person\/image\/\",\"url\":\"https:\/\/secure.gravatar.com\/avatar\/8cc7d7a784a8289007bbfddcef37ed7157c6ae70e89183748ddf5858d9133c86?s=96&d=mm&r=g\",\"contentUrl\":\"https:\/\/secure.gravatar.com\/avatar\/8cc7d7a784a8289007bbfddcef37ed7157c6ae70e89183748ddf5858d9133c86?s=96&d=mm&r=g\",\"caption\":\"Luisa Carrasco\"},\"description\":\"Licenciada en Sociolog\u00eda y posgrado en gesti\u00f3n de la comunicaci\u00f3n para organizaciones culturales. Me interesa todo lo que tiene que ver con la organizaci\u00f3n e integraci\u00f3n de los distintos agentes sociales. El \u00e1mbito laboral y el de la educaci\u00f3n y formaci\u00f3n es el punto de encuentro de gran parte de estos actores. Estoy al tanto de los temas de actualidad laboral, las tendencias en el mercado del trabajo, las nuevas iniciativas en el tejido empresarial y las propuestas de innovaci\u00f3n en materia de educaci\u00f3n y formaci\u00f3n. Por lo general, escribo en el blog de Infoempleo tres veces por semana.\",\"url\":\"https:\/\/empresas.infoempleo.com\/hrtrends\/author\/luisaagenciayerro\/\"}]}<\/script>\n<!-- \/ Yoast SEO plugin. -->","yoast_head_json":{"title":"Conoce la escala BARS para evaluar el desempe\u00f1o | HRTRENDS","description":"Una de las t\u00e9cnicas que se utilizan para cumplir con este cometido es la llamada escala BARS. Hablemos un poco m\u00e1s de ella y para qu\u00e9 es \u00fatil.","robots":{"index":"index","follow":"follow","max-snippet":"max-snippet:-1","max-image-preview":"max-image-preview:large","max-video-preview":"max-video-preview:-1"},"canonical":"https:\/\/empresas.infoempleo.com\/hrtrends\/conoce-la-escala-bars-para-evaluar-el-desempeno\/","og_locale":"es_ES","og_type":"article","og_title":"Conoce la escala BARS para evaluar el desempe\u00f1o | HRTRENDS","og_description":"Una de las t\u00e9cnicas que se utilizan para cumplir con este cometido es la llamada escala BARS. Hablemos un poco m\u00e1s de ella y para qu\u00e9 es \u00fatil.","og_url":"https:\/\/empresas.infoempleo.com\/hrtrends\/conoce-la-escala-bars-para-evaluar-el-desempeno\/","og_site_name":"HRTRENDS","article_publisher":"https:\/\/www.facebook.com\/Infoempleo","article_published_time":"2021-11-09T05:30:56+00:00","og_image":[{"width":881,"height":587,"url":"https:\/\/empresas.infoempleo.com\/hrtrends\/media\/2021\/11\/HRTrends_Escala-BARS.jpg","type":"image\/jpeg"}],"author":"Luisa Carrasco","twitter_card":"summary_large_image","twitter_creator":"@infoempleo","twitter_site":"@infoempleo","twitter_misc":{"Escrito por":"Luisa Carrasco","Tiempo de lectura":"4 minutos"},"schema":{"@context":"https:\/\/schema.org","@graph":[{"@type":"NewsArticle","@id":"https:\/\/empresas.infoempleo.com\/hrtrends\/conoce-la-escala-bars-para-evaluar-el-desempeno\/#article","isPartOf":{"@id":"https:\/\/empresas.infoempleo.com\/hrtrends\/conoce-la-escala-bars-para-evaluar-el-desempeno\/"},"author":{"name":"Luisa Carrasco","@id":"https:\/\/empresas.infoempleo.com\/hrtrends\/#\/schema\/person\/32ca57975913668419d075627a98dafe"},"headline":"Conoce la escala BARS para evaluar el desempe\u00f1o","datePublished":"2021-11-09T05:30:56+00:00","mainEntityOfPage":{"@id":"https:\/\/empresas.infoempleo.com\/hrtrends\/conoce-la-escala-bars-para-evaluar-el-desempeno\/"},"wordCount":753,"publisher":{"@id":"https:\/\/empresas.infoempleo.com\/hrtrends\/#organization"},"image":{"@id":"https:\/\/empresas.infoempleo.com\/hrtrends\/conoce-la-escala-bars-para-evaluar-el-desempeno\/#primaryimage"},"thumbnailUrl":"https:\/\/empresas.infoempleo.com\/hrtrends\/media\/2021\/11\/HRTrends_Escala-BARS.jpg","keywords":["captaci\u00f3n de talento","escala BARS","evaluaci\u00f3n del desempe\u00f1o","productividad"],"articleSection":["Consejos"],"inLanguage":"es","copyrightYear":"2021","copyrightHolder":{"@id":"https:\/\/empresas.infoempleo.com\/hrtrends\/#organization"}},{"@type":"WebPage","@id":"https:\/\/empresas.infoempleo.com\/hrtrends\/conoce-la-escala-bars-para-evaluar-el-desempeno\/","url":"https:\/\/empresas.infoempleo.com\/hrtrends\/conoce-la-escala-bars-para-evaluar-el-desempeno\/","name":"Conoce la escala BARS para evaluar el desempe\u00f1o | HRTRENDS","isPartOf":{"@id":"https:\/\/empresas.infoempleo.com\/hrtrends\/#website"},"primaryImageOfPage":{"@id":"https:\/\/empresas.infoempleo.com\/hrtrends\/conoce-la-escala-bars-para-evaluar-el-desempeno\/#primaryimage"},"image":{"@id":"https:\/\/empresas.infoempleo.com\/hrtrends\/conoce-la-escala-bars-para-evaluar-el-desempeno\/#primaryimage"},"thumbnailUrl":"https:\/\/empresas.infoempleo.com\/hrtrends\/media\/2021\/11\/HRTrends_Escala-BARS.jpg","datePublished":"2021-11-09T05:30:56+00:00","description":"Una de las t\u00e9cnicas que se utilizan para cumplir con este cometido es la llamada escala BARS. Hablemos un poco m\u00e1s de ella y para qu\u00e9 es \u00fatil.","breadcrumb":{"@id":"https:\/\/empresas.infoempleo.com\/hrtrends\/conoce-la-escala-bars-para-evaluar-el-desempeno\/#breadcrumb"},"inLanguage":"es","potentialAction":[{"@type":"ReadAction","target":["https:\/\/empresas.infoempleo.com\/hrtrends\/conoce-la-escala-bars-para-evaluar-el-desempeno\/"]}]},{"@type":"ImageObject","inLanguage":"es","@id":"https:\/\/empresas.infoempleo.com\/hrtrends\/conoce-la-escala-bars-para-evaluar-el-desempeno\/#primaryimage","url":"https:\/\/empresas.infoempleo.com\/hrtrends\/media\/2021\/11\/HRTrends_Escala-BARS-150x150.jpg","contentUrl":"https:\/\/empresas.infoempleo.com\/hrtrends\/media\/2021\/11\/HRTrends_Escala-BARS-150x150.jpg","width":150,"height":150},{"@type":"BreadcrumbList","@id":"https:\/\/empresas.infoempleo.com\/hrtrends\/conoce-la-escala-bars-para-evaluar-el-desempeno\/#breadcrumb","itemListElement":[{"@type":"ListItem","position":1,"name":"Portada","item":"https:\/\/empresas.infoempleo.com\/hrtrends\/"},{"@type":"ListItem","position":2,"name":"Conoce la escala BARS para evaluar el desempe\u00f1o"}]},{"@type":"WebSite","@id":"https:\/\/empresas.infoempleo.com\/hrtrends\/#website","url":"https:\/\/empresas.infoempleo.com\/hrtrends","name":"HRTrends by Infoempleo","description":"","publisher":{"@id":"https:\/\/empresas.infoempleo.com\/hrtrends\/#organization"},"potentialAction":{"@type":"SearchAction","target":"https:\/\/empresas.infoempleo.com\/hrtrends\/?s={search_term_string}","query-input":"required name=search_term_string"},"inLanguage":"es"},{"@type":"Organization","@id":"https:\/\/empresas.infoempleo.com\/hrtrends\/#organization","name":"Infoempleo","url":"https:\/\/www.infoempleo.com\/","logo":{"@type":"ImageObject","@id":"https:\/\/empresas.infoempleo.com\/hrtrends\/#logo","inLanguage":"es","url":"https:\/\/cdnazure.infoempleo.com\/infoempleo\/assets\/style\/gfx\/logo.svg","contentUrl":"https:\/\/cdnazure.infoempleo.com\/infoempleo\/assets\/style\/gfx\/logo.svg","width":150,"height":40,"caption":"Infoempleo"},"image":{"@id":"https:\/\/empresas.infoempleo.com\/hrtrends\/#logo"},"sameAs":["https:\/\/www.facebook.com\/Infoempleo","https:\/\/x.com\/infoempleo","http:\/\/instagram.com\/infoempleo\/","http:\/\/www.linkedin.com\/groups\/Empleo-Espa\u00f1a-Infoempleocom-111276","http:\/\/pinterest.com\/infoempleo\/"],"address":{"@type":"PostalAddress","addressLocality":"Madrid","postalCode":"28050","streetAddress":"Avenida de Burgos 114"},"brand":["Infoempleo"]},{"@type":"Person","@id":"https:\/\/empresas.infoempleo.com\/hrtrends\/#\/schema\/person\/32ca57975913668419d075627a98dafe","name":"Luisa Carrasco","image":{"@type":"ImageObject","inLanguage":"es","@id":"https:\/\/empresas.infoempleo.com\/hrtrends\/#\/schema\/person\/image\/","url":"https:\/\/secure.gravatar.com\/avatar\/8cc7d7a784a8289007bbfddcef37ed7157c6ae70e89183748ddf5858d9133c86?s=96&d=mm&r=g","contentUrl":"https:\/\/secure.gravatar.com\/avatar\/8cc7d7a784a8289007bbfddcef37ed7157c6ae70e89183748ddf5858d9133c86?s=96&d=mm&r=g","caption":"Luisa Carrasco"},"description":"Licenciada en Sociolog\u00eda y posgrado en gesti\u00f3n de la comunicaci\u00f3n para organizaciones culturales. Me interesa todo lo que tiene que ver con la organizaci\u00f3n e integraci\u00f3n de los distintos agentes sociales. El \u00e1mbito laboral y el de la educaci\u00f3n y formaci\u00f3n es el punto de encuentro de gran parte de estos actores. Estoy al tanto de los temas de actualidad laboral, las tendencias en el mercado del trabajo, las nuevas iniciativas en el tejido empresarial y las propuestas de innovaci\u00f3n en materia de educaci\u00f3n y formaci\u00f3n. Por lo general, escribo en el blog de Infoempleo tres veces por semana.","url":"https:\/\/empresas.infoempleo.com\/hrtrends\/author\/luisaagenciayerro\/"}]}},"amp_enabled":true,"_links":{"self":[{"href":"https:\/\/empresas.infoempleo.com\/hrtrends\/wp-json\/wp\/v2\/posts\/39381","targetHints":{"allow":["GET"]}}],"collection":[{"href":"https:\/\/empresas.infoempleo.com\/hrtrends\/wp-json\/wp\/v2\/posts"}],"about":[{"href":"https:\/\/empresas.infoempleo.com\/hrtrends\/wp-json\/wp\/v2\/types\/post"}],"author":[{"embeddable":true,"href":"https:\/\/empresas.infoempleo.com\/hrtrends\/wp-json\/wp\/v2\/users\/29"}],"replies":[{"embeddable":true,"href":"https:\/\/empresas.infoempleo.com\/hrtrends\/wp-json\/wp\/v2\/comments?post=39381"}],"version-history":[{"count":5,"href":"https:\/\/empresas.infoempleo.com\/hrtrends\/wp-json\/wp\/v2\/posts\/39381\/revisions"}],"predecessor-version":[{"id":39407,"href":"https:\/\/empresas.infoempleo.com\/hrtrends\/wp-json\/wp\/v2\/posts\/39381\/revisions\/39407"}],"wp:featuredmedia":[{"embeddable":true,"href":"https:\/\/empresas.infoempleo.com\/hrtrends\/wp-json\/wp\/v2\/media\/39403"}],"wp:attachment":[{"href":"https:\/\/empresas.infoempleo.com\/hrtrends\/wp-json\/wp\/v2\/media?parent=39381"}],"wp:term":[{"taxonomy":"category","embeddable":true,"href":"https:\/\/empresas.infoempleo.com\/hrtrends\/wp-json\/wp\/v2\/categories?post=39381"},{"taxonomy":"post_tag","embeddable":true,"href":"https:\/\/empresas.infoempleo.com\/hrtrends\/wp-json\/wp\/v2\/tags?post=39381"}],"curies":[{"name":"wp","href":"https:\/\/api.w.org\/{rel}","templated":true}]}}