{"id":3930,"date":"2009-10-06T16:15:13","date_gmt":"2009-10-06T15:15:13","guid":{"rendered":"http:\/\/blog.infoempleo.com\/?p=3930"},"modified":"2023-02-03T14:40:58","modified_gmt":"2023-02-03T12:40:58","slug":"la-caducidad-de-las-patentes-la-innovacion-y-los-precios-dificultades-de-las-farmaceuticas-ante-la-crisis","status":"publish","type":"post","link":"https:\/\/empresas.infoempleo.com\/hrtrends\/la-caducidad-de-las-patentes-la-innovacion-y-los-precios-dificultades-de-las-farmaceuticas-ante-la-crisis\/","title":{"rendered":"La caducidad de las patentes, la innovaci\u00f3n y los precios, dificultades de las farmac\u00e9uticas ante la crisis"},"content":{"rendered":"<p>La caducidad de las patentes, la falta de productos en \u00faltima fase de desarrollo y las presiones para fijar los precios de los medicamentos son algunas de las \u00abdificultades\u00bb que podr\u00edan lastrar la salida del sector farmac\u00e9utico de la crisis, seg\u00fan el estudio <strong>&#8216;Vision &amp; Reality&#8217;<\/strong>, realizado por la consultora Capgemini.<\/p>\n<p>Este informe, basado en 30 entrevistas a altos ejecutivos de esta industria en Europa y Norteam\u00e9rica, se\u00f1ala que dos tercios de estas compa\u00f1\u00edas apuntan una recuperaci\u00f3n en los pr\u00f3ximos 24 meses, pero que muchas seguir\u00e1n con problemas m\u00e1s all\u00e1 de la recuperaci\u00f3n econ\u00f3mica.<\/p>\n<p>Lo que ocurra con estas empresas depender\u00e1 de c\u00f3mo afronten estos <strong>\u00abproblemas preexistentes\u00bb<\/strong> con las patentes, la innovaci\u00f3n y los precios y de c\u00f3mo superen el previsible endurecimiento de la regulaci\u00f3n en cuanto a la eficacia y seguridad de determinados productos que requerir\u00e1n m\u00e1s estudios antes de salir al mercado.<\/p>\n<p>A esta situaci\u00f3n se suman los <strong>movimientos de concentraci\u00f3n empresarial<\/strong> que se han registrado en los \u00faltimos meses y que han conformado nuevos &#8216;gigantes farmac\u00e9uticos&#8217; y el hecho de que las empresas de biotecnolog\u00eda est\u00e1n encontrando <strong>\u00abdificultades para obtener la financiaci\u00f3n que les permita continuar con la inversi\u00f3n en la investigaci\u00f3n y desarrollo (I+D), vital para el \u00e9xito futuro\u00bb.<\/strong><\/p>\n<p>El impacto de la crisis econ\u00f3mica ha provocado tambi\u00e9n \u00abun incremento de las presiones hacia una reducci\u00f3n de costes, de manera particular en las compa\u00f1\u00edas farmac\u00e9uticas\u00bb. \u00abLa presi\u00f3n de los gobiernos y consumidores ha aumentado la demanda de medicamentos m\u00e1s asequibles, lo que afecta significativamente al rendimiento de los fabricantes de &#8216;productos de marca'\u00bb, seg\u00fan explica este trabajo.<\/p>\n<p>As\u00ed, la tendencia hacia un mayor consumo de gen\u00e9ricos \u00abseguramente se incrementar\u00e1 en aquellos casos en los que existan como alternativa a un &#8216;producto de marca'\u00bb. \u00abLa competencia de los gen\u00e9ricos supondr\u00e1 p\u00e9rdidas de miles de millones de d\u00f3lares en ventas para la industria farmac\u00e9utica\u00bb, vaticina el informe.<\/p>\n<p>Para su recuperaci\u00f3n, las compa\u00f1\u00edas farmac\u00e9uticas necesitar\u00e1n adoptar estrategias \u00abm\u00e1s radicales\u00bb y una \u00abtransformaci\u00f3n profunda\u00bb, m\u00e1s all\u00e1 de la minimizaci\u00f3n de los costes. <strong>\u00abEn un sector en el que el entorno cambia muy r\u00e1pidamente, la innovaci\u00f3n es la clave para mantenerse en pie, consiguiendo adem\u00e1s que los productos y servicios aporten la rentabilidad necesaria\u00bb<\/strong>, destacaron.<\/p>\n<p>En palabras del director del sector farmac\u00e9utico de Capgemini Espa\u00f1a, Carlos Garc\u00eda Ruiz, \u00ablas compa\u00f1\u00edas farmac\u00e9uticas y de dispositivos m\u00e9dicos se enfrentan a retos referidos a la rentabilidad en un fututo muy pr\u00f3ximo\u00bb.<\/p>\n<p>Fuente: <a href=\"https:\/\/www.europapress.es\/economia\/noticia-economia-caducidad-patentes-innovacion-precios-dificultades-farmaceuticas-crisis-20091005185033.html\" target=\"_blank\" rel=\"noopener\">Europa Press<\/a><\/p>\n","protected":false},"excerpt":{"rendered":"<p>La caducidad de las patentes, la falta de productos en \u00faltima fase de desarrollo y las presiones para<a class=\"moretag\" href=\"https:\/\/empresas.infoempleo.com\/hrtrends\/la-caducidad-de-las-patentes-la-innovacion-y-los-precios-dificultades-de-las-farmaceuticas-ante-la-crisis\/\"> Leer m\u00e1s<\/a><\/p>\n","protected":false},"author":72,"featured_media":29665,"comment_status":"closed","ping_status":"open","sticky":false,"template":"","format":"standard","meta":{"footnotes":""},"categories":[3],"tags":[492,493,494,495,496],"class_list":["post-3930","post","type-post","status-publish","format-standard","has-post-thumbnail","hentry","category-actualidad","tag-capgemini","tag-farmaceuticas","tag-id","tag-patentes","tag-sector"],"yoast_head":"<!-- This site is optimized with the Yoast SEO plugin v26.1.1 - https:\/\/yoast.com\/wordpress\/plugins\/seo\/ -->\n<title>La caducidad de las patentes, la innovaci\u00f3n y los precios, dificultades de las farmac\u00e9uticas ante la crisis | HRTRENDS<\/title>\n<meta name=\"robots\" content=\"index, follow, max-snippet:-1, max-image-preview:large, max-video-preview:-1\" \/>\n<link rel=\"canonical\" href=\"https:\/\/empresas.infoempleo.com\/hrtrends\/la-caducidad-de-las-patentes-la-innovacion-y-los-precios-dificultades-de-las-farmaceuticas-ante-la-crisis\/\" \/>\n<meta property=\"og:locale\" content=\"es_ES\" \/>\n<meta property=\"og:type\" content=\"article\" \/>\n<meta property=\"og:title\" content=\"La caducidad de las patentes, la innovaci\u00f3n y los precios, dificultades de las farmac\u00e9uticas ante la crisis | HRTRENDS\" \/>\n<meta property=\"og:description\" content=\"La caducidad de las patentes, la falta de productos en \u00faltima fase de desarrollo y las presiones para Leer m\u00e1s\" \/>\n<meta property=\"og:url\" content=\"https:\/\/empresas.infoempleo.com\/hrtrends\/la-caducidad-de-las-patentes-la-innovacion-y-los-precios-dificultades-de-las-farmaceuticas-ante-la-crisis\/\" \/>\n<meta property=\"og:site_name\" content=\"HRTRENDS\" \/>\n<meta property=\"article:publisher\" content=\"https:\/\/www.facebook.com\/Infoempleo\" \/>\n<meta property=\"article:published_time\" content=\"2009-10-06T15:15:13+00:00\" \/>\n<meta property=\"article:modified_time\" content=\"2023-02-03T12:40:58+00:00\" \/>\n<meta property=\"og:image\" content=\"https:\/\/empresas.infoempleo.com\/hrtrends\/media\/2017\/05\/pexels-photo-205508.jpg\" \/>\n\t<meta property=\"og:image:width\" content=\"1280\" \/>\n\t<meta property=\"og:image:height\" content=\"960\" \/>\n\t<meta property=\"og:image:type\" content=\"image\/jpeg\" \/>\n<meta name=\"author\" content=\"infoempleo\" \/>\n<meta name=\"twitter:card\" content=\"summary_large_image\" \/>\n<meta name=\"twitter:creator\" content=\"@infoempleo\" \/>\n<meta name=\"twitter:site\" content=\"@infoempleo\" \/>\n<meta name=\"twitter:label1\" content=\"Escrito por\" \/>\n\t<meta name=\"twitter:data1\" content=\"infoempleo\" \/>\n\t<meta name=\"twitter:label2\" content=\"Tiempo de lectura\" \/>\n\t<meta name=\"twitter:data2\" content=\"2 minutos\" \/>\n<script type=\"application\/ld+json\" class=\"yoast-schema-graph\">{\"@context\":\"https:\/\/schema.org\",\"@graph\":[{\"@type\":\"NewsArticle\",\"@id\":\"https:\/\/empresas.infoempleo.com\/hrtrends\/la-caducidad-de-las-patentes-la-innovacion-y-los-precios-dificultades-de-las-farmaceuticas-ante-la-crisis\/#article\",\"isPartOf\":{\"@id\":\"https:\/\/empresas.infoempleo.com\/hrtrends\/la-caducidad-de-las-patentes-la-innovacion-y-los-precios-dificultades-de-las-farmaceuticas-ante-la-crisis\/\"},\"author\":{\"name\":\"infoempleo\",\"@id\":\"https:\/\/empresas.infoempleo.com\/hrtrends\/#\/schema\/person\/67d3e276ffcc8b3ae0ebec816daf775a\"},\"headline\":\"La caducidad de las patentes, la innovaci\u00f3n y los precios, dificultades de las farmac\u00e9uticas ante la crisis\",\"datePublished\":\"2009-10-06T15:15:13+00:00\",\"dateModified\":\"2023-02-03T12:40:58+00:00\",\"mainEntityOfPage\":{\"@id\":\"https:\/\/empresas.infoempleo.com\/hrtrends\/la-caducidad-de-las-patentes-la-innovacion-y-los-precios-dificultades-de-las-farmaceuticas-ante-la-crisis\/\"},\"wordCount\":475,\"publisher\":{\"@id\":\"https:\/\/empresas.infoempleo.com\/hrtrends\/#organization\"},\"image\":{\"@id\":\"https:\/\/empresas.infoempleo.com\/hrtrends\/la-caducidad-de-las-patentes-la-innovacion-y-los-precios-dificultades-de-las-farmaceuticas-ante-la-crisis\/#primaryimage\"},\"thumbnailUrl\":\"https:\/\/empresas.infoempleo.com\/hrtrends\/media\/2017\/05\/pexels-photo-205508.jpg\",\"keywords\":[\"capgemini\",\"farmac\u00e9uticas\",\"I+D\",\"patentes\",\"sector\"],\"articleSection\":[\"Actualidad\"],\"inLanguage\":\"es\",\"copyrightYear\":\"2009\",\"copyrightHolder\":{\"@id\":\"https:\/\/empresas.infoempleo.com\/hrtrends\/#organization\"}},{\"@type\":\"WebPage\",\"@id\":\"https:\/\/empresas.infoempleo.com\/hrtrends\/la-caducidad-de-las-patentes-la-innovacion-y-los-precios-dificultades-de-las-farmaceuticas-ante-la-crisis\/\",\"url\":\"https:\/\/empresas.infoempleo.com\/hrtrends\/la-caducidad-de-las-patentes-la-innovacion-y-los-precios-dificultades-de-las-farmaceuticas-ante-la-crisis\/\",\"name\":\"La caducidad de las patentes, la innovaci\u00f3n y los precios, dificultades de las farmac\u00e9uticas ante la crisis | HRTRENDS\",\"isPartOf\":{\"@id\":\"https:\/\/empresas.infoempleo.com\/hrtrends\/#website\"},\"primaryImageOfPage\":{\"@id\":\"https:\/\/empresas.infoempleo.com\/hrtrends\/la-caducidad-de-las-patentes-la-innovacion-y-los-precios-dificultades-de-las-farmaceuticas-ante-la-crisis\/#primaryimage\"},\"image\":{\"@id\":\"https:\/\/empresas.infoempleo.com\/hrtrends\/la-caducidad-de-las-patentes-la-innovacion-y-los-precios-dificultades-de-las-farmaceuticas-ante-la-crisis\/#primaryimage\"},\"thumbnailUrl\":\"https:\/\/empresas.infoempleo.com\/hrtrends\/media\/2017\/05\/pexels-photo-205508.jpg\",\"datePublished\":\"2009-10-06T15:15:13+00:00\",\"dateModified\":\"2023-02-03T12:40:58+00:00\",\"breadcrumb\":{\"@id\":\"https:\/\/empresas.infoempleo.com\/hrtrends\/la-caducidad-de-las-patentes-la-innovacion-y-los-precios-dificultades-de-las-farmaceuticas-ante-la-crisis\/#breadcrumb\"},\"inLanguage\":\"es\",\"potentialAction\":[{\"@type\":\"ReadAction\",\"target\":[\"https:\/\/empresas.infoempleo.com\/hrtrends\/la-caducidad-de-las-patentes-la-innovacion-y-los-precios-dificultades-de-las-farmaceuticas-ante-la-crisis\/\"]}]},{\"@type\":\"ImageObject\",\"inLanguage\":\"es\",\"@id\":\"https:\/\/empresas.infoempleo.com\/hrtrends\/la-caducidad-de-las-patentes-la-innovacion-y-los-precios-dificultades-de-las-farmaceuticas-ante-la-crisis\/#primaryimage\",\"url\":\"https:\/\/empresas.infoempleo.com\/hrtrends\/media\/2017\/05\/pexels-photo-205508-150x150.jpg\",\"contentUrl\":\"https:\/\/empresas.infoempleo.com\/hrtrends\/media\/2017\/05\/pexels-photo-205508-150x150.jpg\",\"width\":150,\"height\":150},{\"@type\":\"BreadcrumbList\",\"@id\":\"https:\/\/empresas.infoempleo.com\/hrtrends\/la-caducidad-de-las-patentes-la-innovacion-y-los-precios-dificultades-de-las-farmaceuticas-ante-la-crisis\/#breadcrumb\",\"itemListElement\":[{\"@type\":\"ListItem\",\"position\":1,\"name\":\"Portada\",\"item\":\"https:\/\/empresas.infoempleo.com\/hrtrends\/\"},{\"@type\":\"ListItem\",\"position\":2,\"name\":\"La caducidad de las patentes, la innovaci\u00f3n y los precios, dificultades de las farmac\u00e9uticas ante la crisis\"}]},{\"@type\":\"WebSite\",\"@id\":\"https:\/\/empresas.infoempleo.com\/hrtrends\/#website\",\"url\":\"https:\/\/empresas.infoempleo.com\/hrtrends\",\"name\":\"HRTrends by Infoempleo\",\"description\":\"\",\"publisher\":{\"@id\":\"https:\/\/empresas.infoempleo.com\/hrtrends\/#organization\"},\"potentialAction\":{\"@type\":\"SearchAction\",\"target\":\"https:\/\/empresas.infoempleo.com\/hrtrends\/?s={search_term_string}\",\"query-input\":\"required name=search_term_string\"},\"inLanguage\":\"es\"},{\"@type\":\"Organization\",\"@id\":\"https:\/\/empresas.infoempleo.com\/hrtrends\/#organization\",\"name\":\"Infoempleo\",\"url\":\"https:\/\/www.infoempleo.com\/\",\"logo\":{\"@type\":\"ImageObject\",\"@id\":\"https:\/\/empresas.infoempleo.com\/hrtrends\/#logo\",\"inLanguage\":\"es\",\"url\":\"https:\/\/cdnazure.infoempleo.com\/infoempleo\/assets\/style\/gfx\/logo.svg\",\"contentUrl\":\"https:\/\/cdnazure.infoempleo.com\/infoempleo\/assets\/style\/gfx\/logo.svg\",\"width\":150,\"height\":40,\"caption\":\"Infoempleo\"},\"image\":{\"@id\":\"https:\/\/empresas.infoempleo.com\/hrtrends\/#logo\"},\"sameAs\":[\"https:\/\/www.facebook.com\/Infoempleo\",\"https:\/\/x.com\/infoempleo\",\"http:\/\/instagram.com\/infoempleo\/\",\"http:\/\/www.linkedin.com\/groups\/Empleo-Espa\u00f1a-Infoempleocom-111276\",\"http:\/\/pinterest.com\/infoempleo\/\"],\"address\":{\"@type\":\"PostalAddress\",\"addressLocality\":\"Madrid\",\"postalCode\":\"28050\",\"streetAddress\":\"Avenida de Burgos 114\"},\"brand\":[\"Infoempleo\"]},{\"@type\":\"Person\",\"@id\":\"https:\/\/empresas.infoempleo.com\/hrtrends\/#\/schema\/person\/67d3e276ffcc8b3ae0ebec816daf775a\",\"name\":\"infoempleo\",\"image\":{\"@type\":\"ImageObject\",\"inLanguage\":\"es\",\"@id\":\"https:\/\/empresas.infoempleo.com\/hrtrends\/#\/schema\/person\/image\/\",\"url\":\"https:\/\/secure.gravatar.com\/avatar\/7b437777242fe67d2473c2a818da2344692d1ee91e91080ccffbd97bcd4a0975?s=96&d=mm&r=g\",\"contentUrl\":\"https:\/\/secure.gravatar.com\/avatar\/7b437777242fe67d2473c2a818da2344692d1ee91e91080ccffbd97bcd4a0975?s=96&d=mm&r=g\",\"caption\":\"infoempleo\"},\"url\":\"https:\/\/empresas.infoempleo.com\/hrtrends\/author\/infoempleo\/\"}]}<\/script>\n<!-- \/ Yoast SEO plugin. -->","yoast_head_json":{"title":"La caducidad de las patentes, la innovaci\u00f3n y los precios, dificultades de las farmac\u00e9uticas ante la crisis | HRTRENDS","robots":{"index":"index","follow":"follow","max-snippet":"max-snippet:-1","max-image-preview":"max-image-preview:large","max-video-preview":"max-video-preview:-1"},"canonical":"https:\/\/empresas.infoempleo.com\/hrtrends\/la-caducidad-de-las-patentes-la-innovacion-y-los-precios-dificultades-de-las-farmaceuticas-ante-la-crisis\/","og_locale":"es_ES","og_type":"article","og_title":"La caducidad de las patentes, la innovaci\u00f3n y los precios, dificultades de las farmac\u00e9uticas ante la crisis | HRTRENDS","og_description":"La caducidad de las patentes, la falta de productos en \u00faltima fase de desarrollo y las presiones para Leer m\u00e1s","og_url":"https:\/\/empresas.infoempleo.com\/hrtrends\/la-caducidad-de-las-patentes-la-innovacion-y-los-precios-dificultades-de-las-farmaceuticas-ante-la-crisis\/","og_site_name":"HRTRENDS","article_publisher":"https:\/\/www.facebook.com\/Infoempleo","article_published_time":"2009-10-06T15:15:13+00:00","article_modified_time":"2023-02-03T12:40:58+00:00","og_image":[{"width":1280,"height":960,"url":"https:\/\/empresas.infoempleo.com\/hrtrends\/media\/2017\/05\/pexels-photo-205508.jpg","type":"image\/jpeg"}],"author":"infoempleo","twitter_card":"summary_large_image","twitter_creator":"@infoempleo","twitter_site":"@infoempleo","twitter_misc":{"Escrito por":"infoempleo","Tiempo de lectura":"2 minutos"},"schema":{"@context":"https:\/\/schema.org","@graph":[{"@type":"NewsArticle","@id":"https:\/\/empresas.infoempleo.com\/hrtrends\/la-caducidad-de-las-patentes-la-innovacion-y-los-precios-dificultades-de-las-farmaceuticas-ante-la-crisis\/#article","isPartOf":{"@id":"https:\/\/empresas.infoempleo.com\/hrtrends\/la-caducidad-de-las-patentes-la-innovacion-y-los-precios-dificultades-de-las-farmaceuticas-ante-la-crisis\/"},"author":{"name":"infoempleo","@id":"https:\/\/empresas.infoempleo.com\/hrtrends\/#\/schema\/person\/67d3e276ffcc8b3ae0ebec816daf775a"},"headline":"La caducidad de las patentes, la innovaci\u00f3n y los precios, dificultades de las farmac\u00e9uticas ante la crisis","datePublished":"2009-10-06T15:15:13+00:00","dateModified":"2023-02-03T12:40:58+00:00","mainEntityOfPage":{"@id":"https:\/\/empresas.infoempleo.com\/hrtrends\/la-caducidad-de-las-patentes-la-innovacion-y-los-precios-dificultades-de-las-farmaceuticas-ante-la-crisis\/"},"wordCount":475,"publisher":{"@id":"https:\/\/empresas.infoempleo.com\/hrtrends\/#organization"},"image":{"@id":"https:\/\/empresas.infoempleo.com\/hrtrends\/la-caducidad-de-las-patentes-la-innovacion-y-los-precios-dificultades-de-las-farmaceuticas-ante-la-crisis\/#primaryimage"},"thumbnailUrl":"https:\/\/empresas.infoempleo.com\/hrtrends\/media\/2017\/05\/pexels-photo-205508.jpg","keywords":["capgemini","farmac\u00e9uticas","I+D","patentes","sector"],"articleSection":["Actualidad"],"inLanguage":"es","copyrightYear":"2009","copyrightHolder":{"@id":"https:\/\/empresas.infoempleo.com\/hrtrends\/#organization"}},{"@type":"WebPage","@id":"https:\/\/empresas.infoempleo.com\/hrtrends\/la-caducidad-de-las-patentes-la-innovacion-y-los-precios-dificultades-de-las-farmaceuticas-ante-la-crisis\/","url":"https:\/\/empresas.infoempleo.com\/hrtrends\/la-caducidad-de-las-patentes-la-innovacion-y-los-precios-dificultades-de-las-farmaceuticas-ante-la-crisis\/","name":"La caducidad de las patentes, la innovaci\u00f3n y los precios, dificultades de las farmac\u00e9uticas ante la crisis | HRTRENDS","isPartOf":{"@id":"https:\/\/empresas.infoempleo.com\/hrtrends\/#website"},"primaryImageOfPage":{"@id":"https:\/\/empresas.infoempleo.com\/hrtrends\/la-caducidad-de-las-patentes-la-innovacion-y-los-precios-dificultades-de-las-farmaceuticas-ante-la-crisis\/#primaryimage"},"image":{"@id":"https:\/\/empresas.infoempleo.com\/hrtrends\/la-caducidad-de-las-patentes-la-innovacion-y-los-precios-dificultades-de-las-farmaceuticas-ante-la-crisis\/#primaryimage"},"thumbnailUrl":"https:\/\/empresas.infoempleo.com\/hrtrends\/media\/2017\/05\/pexels-photo-205508.jpg","datePublished":"2009-10-06T15:15:13+00:00","dateModified":"2023-02-03T12:40:58+00:00","breadcrumb":{"@id":"https:\/\/empresas.infoempleo.com\/hrtrends\/la-caducidad-de-las-patentes-la-innovacion-y-los-precios-dificultades-de-las-farmaceuticas-ante-la-crisis\/#breadcrumb"},"inLanguage":"es","potentialAction":[{"@type":"ReadAction","target":["https:\/\/empresas.infoempleo.com\/hrtrends\/la-caducidad-de-las-patentes-la-innovacion-y-los-precios-dificultades-de-las-farmaceuticas-ante-la-crisis\/"]}]},{"@type":"ImageObject","inLanguage":"es","@id":"https:\/\/empresas.infoempleo.com\/hrtrends\/la-caducidad-de-las-patentes-la-innovacion-y-los-precios-dificultades-de-las-farmaceuticas-ante-la-crisis\/#primaryimage","url":"https:\/\/empresas.infoempleo.com\/hrtrends\/media\/2017\/05\/pexels-photo-205508-150x150.jpg","contentUrl":"https:\/\/empresas.infoempleo.com\/hrtrends\/media\/2017\/05\/pexels-photo-205508-150x150.jpg","width":150,"height":150},{"@type":"BreadcrumbList","@id":"https:\/\/empresas.infoempleo.com\/hrtrends\/la-caducidad-de-las-patentes-la-innovacion-y-los-precios-dificultades-de-las-farmaceuticas-ante-la-crisis\/#breadcrumb","itemListElement":[{"@type":"ListItem","position":1,"name":"Portada","item":"https:\/\/empresas.infoempleo.com\/hrtrends\/"},{"@type":"ListItem","position":2,"name":"La caducidad de las patentes, la innovaci\u00f3n y los precios, dificultades de las farmac\u00e9uticas ante la crisis"}]},{"@type":"WebSite","@id":"https:\/\/empresas.infoempleo.com\/hrtrends\/#website","url":"https:\/\/empresas.infoempleo.com\/hrtrends","name":"HRTrends by Infoempleo","description":"","publisher":{"@id":"https:\/\/empresas.infoempleo.com\/hrtrends\/#organization"},"potentialAction":{"@type":"SearchAction","target":"https:\/\/empresas.infoempleo.com\/hrtrends\/?s={search_term_string}","query-input":"required name=search_term_string"},"inLanguage":"es"},{"@type":"Organization","@id":"https:\/\/empresas.infoempleo.com\/hrtrends\/#organization","name":"Infoempleo","url":"https:\/\/www.infoempleo.com\/","logo":{"@type":"ImageObject","@id":"https:\/\/empresas.infoempleo.com\/hrtrends\/#logo","inLanguage":"es","url":"https:\/\/cdnazure.infoempleo.com\/infoempleo\/assets\/style\/gfx\/logo.svg","contentUrl":"https:\/\/cdnazure.infoempleo.com\/infoempleo\/assets\/style\/gfx\/logo.svg","width":150,"height":40,"caption":"Infoempleo"},"image":{"@id":"https:\/\/empresas.infoempleo.com\/hrtrends\/#logo"},"sameAs":["https:\/\/www.facebook.com\/Infoempleo","https:\/\/x.com\/infoempleo","http:\/\/instagram.com\/infoempleo\/","http:\/\/www.linkedin.com\/groups\/Empleo-Espa\u00f1a-Infoempleocom-111276","http:\/\/pinterest.com\/infoempleo\/"],"address":{"@type":"PostalAddress","addressLocality":"Madrid","postalCode":"28050","streetAddress":"Avenida de Burgos 114"},"brand":["Infoempleo"]},{"@type":"Person","@id":"https:\/\/empresas.infoempleo.com\/hrtrends\/#\/schema\/person\/67d3e276ffcc8b3ae0ebec816daf775a","name":"infoempleo","image":{"@type":"ImageObject","inLanguage":"es","@id":"https:\/\/empresas.infoempleo.com\/hrtrends\/#\/schema\/person\/image\/","url":"https:\/\/secure.gravatar.com\/avatar\/7b437777242fe67d2473c2a818da2344692d1ee91e91080ccffbd97bcd4a0975?s=96&d=mm&r=g","contentUrl":"https:\/\/secure.gravatar.com\/avatar\/7b437777242fe67d2473c2a818da2344692d1ee91e91080ccffbd97bcd4a0975?s=96&d=mm&r=g","caption":"infoempleo"},"url":"https:\/\/empresas.infoempleo.com\/hrtrends\/author\/infoempleo\/"}]}},"amp_enabled":true,"_links":{"self":[{"href":"https:\/\/empresas.infoempleo.com\/hrtrends\/wp-json\/wp\/v2\/posts\/3930","targetHints":{"allow":["GET"]}}],"collection":[{"href":"https:\/\/empresas.infoempleo.com\/hrtrends\/wp-json\/wp\/v2\/posts"}],"about":[{"href":"https:\/\/empresas.infoempleo.com\/hrtrends\/wp-json\/wp\/v2\/types\/post"}],"author":[{"embeddable":true,"href":"https:\/\/empresas.infoempleo.com\/hrtrends\/wp-json\/wp\/v2\/users\/72"}],"replies":[{"embeddable":true,"href":"https:\/\/empresas.infoempleo.com\/hrtrends\/wp-json\/wp\/v2\/comments?post=3930"}],"version-history":[{"count":1,"href":"https:\/\/empresas.infoempleo.com\/hrtrends\/wp-json\/wp\/v2\/posts\/3930\/revisions"}],"predecessor-version":[{"id":42155,"href":"https:\/\/empresas.infoempleo.com\/hrtrends\/wp-json\/wp\/v2\/posts\/3930\/revisions\/42155"}],"wp:featuredmedia":[{"embeddable":true,"href":"https:\/\/empresas.infoempleo.com\/hrtrends\/wp-json\/wp\/v2\/media\/29665"}],"wp:attachment":[{"href":"https:\/\/empresas.infoempleo.com\/hrtrends\/wp-json\/wp\/v2\/media?parent=3930"}],"wp:term":[{"taxonomy":"category","embeddable":true,"href":"https:\/\/empresas.infoempleo.com\/hrtrends\/wp-json\/wp\/v2\/categories?post=3930"},{"taxonomy":"post_tag","embeddable":true,"href":"https:\/\/empresas.infoempleo.com\/hrtrends\/wp-json\/wp\/v2\/tags?post=3930"}],"curies":[{"name":"wp","href":"https:\/\/api.w.org\/{rel}","templated":true}]}}