{"id":39219,"date":"2021-10-12T07:30:45","date_gmt":"2021-10-12T05:30:45","guid":{"rendered":"https:\/\/empresas.infoempleo.com\/hrtrends\/?p=39219"},"modified":"2021-10-13T13:46:31","modified_gmt":"2021-10-13T11:46:31","slug":"razones-por-las-que-la-gente-cambia-de-empleo-conocelas-para-disenar-tu-estrategia","status":"publish","type":"post","link":"https:\/\/empresas.infoempleo.com\/hrtrends\/razones-por-las-que-la-gente-cambia-de-empleo-conocelas-para-disenar-tu-estrategia\/","title":{"rendered":"Razones por las que la gente cambia de empleo: con\u00f3celas para dise\u00f1ar tu estrategia"},"content":{"rendered":"<p>\u00bfDesde d\u00f3nde plantear una buena estrategia de<strong> <em>employer branding<\/em><\/strong> que haga <strong>atractiva a la empresa como empleadora<\/strong>? Partir de los <strong>motivos que a una persona le llevar\u00edan a cambiar de empleo <\/strong>parece un buen comienzo. Dise\u00f1ar e implementar medidas que ayuden tanto a retener el talento como a incorporarlo, poniendo el foco en las<strong> razones que expulsan a las personas<\/strong> <strong>de las organizaciones,<\/strong> evitar\u00e1 la temida alta rotaci\u00f3n.<\/p>\n<p><!--more--><\/p>\n<h2>El atractivo de las medidas de conciliaci\u00f3n<\/h2>\n<p>Trabajar est\u00e1 bien. Tiene valor para la vida individual y colectiva. Proporciona un sentimiento de competencia necesario. Formas parte de algo. Pero no es la \u00fanica fuente de realizaci\u00f3n personal. Quiz\u00e1s por eso pr\u00e1cticamente una de cada cuatro personas (23,48%), atendiendo a <strong>los \u00faltimos datos del <a href=\"https:\/\/www.infoempleo.com\/informe-infoempleo-adecco\/\">Informe Infoempleo Adecco<\/a><\/strong>, no dudar\u00eda en cambiar de trabajo si esto le permite <strong>conciliar mejor la vida profesional y personal. <\/strong><\/p>\n<p>Ofrecer medidas de conciliaci\u00f3n en las empresas se ha convertido en un <strong>atractivo de peso en las ofertas de empleo<\/strong>. \u00bfQu\u00e9 pr\u00e1cticas para favorecer la conciliaci\u00f3n son las que m\u00e1s ofrecen las empresas?<\/p>\n<p>La <strong>flexibilidad de la jornada<\/strong> es uno de los m\u00e1s habituales. Por ejemplo, tener un margen de horario tanto a la entrada como a la salida ocurre ya en bastantes oficinas. Tambi\u00e9n el tener en cuenta determinadas fechas como es el inicio o el periodo de adaptaci\u00f3n al colegio, para ofrecer cambios de horarios o el trabajo en remoto.<\/p>\n<p>La<strong> <a href=\"https:\/\/blog.infoempleo.com\/a\/jornada-de-cuatro-dias-va-a-ser-posible-implantarla\/\">semana laboral corta<\/a><\/strong> (de cuatro d\u00edas o de menos horas sin una reducci\u00f3n considerable del salario) o <strong>el teletrabajo<\/strong> que permite ahorrar tiempos en el d\u00eda, se convierten en el hecho diferencial entre<strong> empresas en las que se quiere trabajar<\/strong> y las que se evitan.<\/p>\n<p><img loading=\"lazy\" decoding=\"async\" class=\"aligncenter wp-image-39242 size-full\" title=\"El atractivo de las medidas de conciliaci\u00f3n para no cambiar de empleo\" src=\"https:\/\/empresas.infoempleo.com\/hrtrends\/media\/2021\/10\/HRTrends_Rotacion-1.jpg\" alt=\"El atractivo de las medidas de conciliaci\u00f3n para no cambiar de empleo\" width=\"800\" height=\"450\" srcset=\"https:\/\/empresas.infoempleo.com\/hrtrends\/media\/2021\/10\/HRTrends_Rotacion-1.jpg 800w, https:\/\/empresas.infoempleo.com\/hrtrends\/media\/2021\/10\/HRTrends_Rotacion-1-300x169.jpg 300w, https:\/\/empresas.infoempleo.com\/hrtrends\/media\/2021\/10\/HRTrends_Rotacion-1-768x432.jpg 768w\" sizes=\"auto, (max-width: 800px) 100vw, 800px\" \/><\/p>\n<h2>Condiciones para no cambiar de empleo: contratos fijos y salarios suficientes<\/h2>\n<p>Gozar de <strong>estabilidad en el terreno laboral<\/strong> es uno de los principales deseos de quienes trabajan. Salarios suficientes, <strong>contratos indefinidos <\/strong>que permitan afrontar proyectos en el medio plazo forman parte de las aspiraciones de muchas personas que ya trabajan.<\/p>\n<p>Concretamente, un 8,78% de las personas consultadas para el Informe Infoempleo afirman que <strong>conseguir un puesto indefinido<\/strong> ser\u00eda el <strong>motivo que<\/strong> <strong>m\u00e1s peso<\/strong> <strong>tendr\u00eda a la hora de valorar cambiar de trabajo<\/strong>. Reducir la temporalidad es el caballo de batalla de los diferentes gobiernos y, recurrentemente, motivo de llamadas de atenci\u00f3n desde Europa.<\/p>\n<p>Tener la oportunidad de <strong>desarrollarse profesionalmente<\/strong>, asumiendo nuevas responsabilidades o desaf\u00edos en un mismo lugar, <strong>gana puntos en el atractivo de una empresa<\/strong>. Dise\u00f1ar <strong>planes de carrera y formaci\u00f3n<\/strong> que capaciten para emprender un camino de crecimiento y poder aportar lo mejor de uno, son aspiraciones que est\u00e1n muy presentes en las entrevistas de trabajo.<\/p>\n<p>La gente quiere <strong>desarrollar su potencial en su sector<\/strong>, en la actividad que desempe\u00f1a y que se le ofrezca un marco con recursos disponibles. Poder evolucionar dentro de una estructura consolidada es lo suficientemente motivador para el 19,14% de las personas a las que se les pregunt\u00f3 sobre las razones que le llevar\u00edan a cambiar de empleo.<\/p>\n<h2>La convivencia en un ambiente t\u00f3xico empuja a cambiar de trabajo<\/h2>\n<p>El <strong>ambiente de trabajo influye decisivamente<\/strong> sobre la motivaci\u00f3n para poder afrontar una jornada laboral detr\u00e1s de otra. Un buen ambiente laboral se consigue con un <strong>sistema de reconocimiento del desempe\u00f1o eficaz<\/strong> y sin favoritismos. Con niveles de autonom\u00eda adecuados donde a quienes trabajan sienten que se les brinda <strong>confianza en su criterio profesional <\/strong>para desarrollar su labor.<\/p>\n<p>Algo fundamental es que se sienta que hay <strong><a href=\"https:\/\/empresas.infoempleo.com\/hrtrends\/planes-de-igualdad-en-las-empresas\">igualdad de oportunidades<\/a><\/strong> a la hora de asumir otras tareas o responsabilidades, y esto no depende de criterios ajenos a lo profesional como sesgos y prejuicios. Un 18, 57% de las personas consultadas cambiar\u00edan de puesto de trabajo si tuvieran que convivir a diario en un <strong>mal ambiente laboral<\/strong>.<\/p>\n","protected":false},"excerpt":{"rendered":"<p>\u00bfDesde d\u00f3nde plantear una buena estrategia de employer branding que haga atractiva a la empresa como empleadora? Partir<a class=\"moretag\" href=\"https:\/\/empresas.infoempleo.com\/hrtrends\/razones-por-las-que-la-gente-cambia-de-empleo-conocelas-para-disenar-tu-estrategia\/\"> Leer m\u00e1s<\/a><\/p>\n","protected":false},"author":29,"featured_media":39245,"comment_status":"closed","ping_status":"closed","sticky":false,"template":"","format":"standard","meta":{"footnotes":""},"categories":[3030],"tags":[3099,3018,2695],"class_list":["post-39219","post","type-post","status-publish","format-standard","has-post-thumbnail","hentry","category-reclutamiento","tag-atraer-talento","tag-employer-branding","tag-planes-de-igualdad"],"yoast_head":"<!-- This site is optimized with the Yoast SEO plugin v26.1.1 - https:\/\/yoast.com\/wordpress\/plugins\/seo\/ -->\n<title>Razones por las que la gente cambia de empleo: con\u00f3celas para dise\u00f1ar tu estrategia | HRTRENDS<\/title>\n<meta name=\"description\" content=\"Conocer los motivos que llevan a una persona a cambiar de empleo puede ser clave para conseguir que tu empresa sea atractiva para nuevos talentos\" \/>\n<meta name=\"robots\" content=\"index, follow, max-snippet:-1, max-image-preview:large, max-video-preview:-1\" \/>\n<link rel=\"canonical\" href=\"https:\/\/empresas.infoempleo.com\/hrtrends\/razones-por-las-que-la-gente-cambia-de-empleo-conocelas-para-disenar-tu-estrategia\/\" \/>\n<meta property=\"og:locale\" content=\"es_ES\" \/>\n<meta property=\"og:type\" content=\"article\" \/>\n<meta property=\"og:title\" content=\"Razones por las que la gente cambia de empleo: con\u00f3celas para dise\u00f1ar tu estrategia | HRTRENDS\" \/>\n<meta property=\"og:description\" content=\"Conocer los motivos que llevan a una persona a cambiar de empleo puede ser clave para conseguir que tu empresa sea atractiva para nuevos talentos\" \/>\n<meta property=\"og:url\" content=\"https:\/\/empresas.infoempleo.com\/hrtrends\/razones-por-las-que-la-gente-cambia-de-empleo-conocelas-para-disenar-tu-estrategia\/\" \/>\n<meta property=\"og:site_name\" content=\"HRTRENDS\" \/>\n<meta property=\"article:publisher\" content=\"https:\/\/www.facebook.com\/Infoempleo\" \/>\n<meta property=\"article:published_time\" content=\"2021-10-12T05:30:45+00:00\" \/>\n<meta property=\"article:modified_time\" content=\"2021-10-13T11:46:31+00:00\" \/>\n<meta property=\"og:image\" content=\"https:\/\/empresas.infoempleo.com\/hrtrends\/media\/2021\/10\/HRTrends_Cambiar-de-empleo.jpg\" \/>\n\t<meta property=\"og:image:width\" content=\"881\" \/>\n\t<meta property=\"og:image:height\" content=\"494\" \/>\n\t<meta property=\"og:image:type\" content=\"image\/jpeg\" \/>\n<meta name=\"author\" content=\"Luisa Carrasco\" \/>\n<meta name=\"twitter:card\" content=\"summary_large_image\" \/>\n<meta name=\"twitter:creator\" content=\"@infoempleo\" \/>\n<meta name=\"twitter:site\" content=\"@infoempleo\" \/>\n<meta name=\"twitter:label1\" content=\"Escrito por\" \/>\n\t<meta name=\"twitter:data1\" content=\"Luisa Carrasco\" \/>\n\t<meta name=\"twitter:label2\" content=\"Tiempo de lectura\" \/>\n\t<meta name=\"twitter:data2\" content=\"3 minutos\" \/>\n<script type=\"application\/ld+json\" class=\"yoast-schema-graph\">{\"@context\":\"https:\/\/schema.org\",\"@graph\":[{\"@type\":\"NewsArticle\",\"@id\":\"https:\/\/empresas.infoempleo.com\/hrtrends\/razones-por-las-que-la-gente-cambia-de-empleo-conocelas-para-disenar-tu-estrategia\/#article\",\"isPartOf\":{\"@id\":\"https:\/\/empresas.infoempleo.com\/hrtrends\/razones-por-las-que-la-gente-cambia-de-empleo-conocelas-para-disenar-tu-estrategia\/\"},\"author\":{\"name\":\"Luisa Carrasco\",\"@id\":\"https:\/\/empresas.infoempleo.com\/hrtrends\/#\/schema\/person\/32ca57975913668419d075627a98dafe\"},\"headline\":\"Razones por las que la gente cambia de empleo: con\u00f3celas para dise\u00f1ar tu estrategia\",\"datePublished\":\"2021-10-12T05:30:45+00:00\",\"dateModified\":\"2021-10-13T11:46:31+00:00\",\"mainEntityOfPage\":{\"@id\":\"https:\/\/empresas.infoempleo.com\/hrtrends\/razones-por-las-que-la-gente-cambia-de-empleo-conocelas-para-disenar-tu-estrategia\/\"},\"wordCount\":666,\"publisher\":{\"@id\":\"https:\/\/empresas.infoempleo.com\/hrtrends\/#organization\"},\"image\":{\"@id\":\"https:\/\/empresas.infoempleo.com\/hrtrends\/razones-por-las-que-la-gente-cambia-de-empleo-conocelas-para-disenar-tu-estrategia\/#primaryimage\"},\"thumbnailUrl\":\"https:\/\/empresas.infoempleo.com\/hrtrends\/media\/2021\/10\/HRTrends_Cambiar-de-empleo.jpg\",\"keywords\":[\"atraer talento\",\"Employer branding\",\"Planes de igualdad\"],\"articleSection\":[\"Reclutamiento\"],\"inLanguage\":\"es\",\"copyrightYear\":\"2021\",\"copyrightHolder\":{\"@id\":\"https:\/\/empresas.infoempleo.com\/hrtrends\/#organization\"}},{\"@type\":\"WebPage\",\"@id\":\"https:\/\/empresas.infoempleo.com\/hrtrends\/razones-por-las-que-la-gente-cambia-de-empleo-conocelas-para-disenar-tu-estrategia\/\",\"url\":\"https:\/\/empresas.infoempleo.com\/hrtrends\/razones-por-las-que-la-gente-cambia-de-empleo-conocelas-para-disenar-tu-estrategia\/\",\"name\":\"Razones por las que la gente cambia de empleo: con\u00f3celas para dise\u00f1ar tu estrategia | HRTRENDS\",\"isPartOf\":{\"@id\":\"https:\/\/empresas.infoempleo.com\/hrtrends\/#website\"},\"primaryImageOfPage\":{\"@id\":\"https:\/\/empresas.infoempleo.com\/hrtrends\/razones-por-las-que-la-gente-cambia-de-empleo-conocelas-para-disenar-tu-estrategia\/#primaryimage\"},\"image\":{\"@id\":\"https:\/\/empresas.infoempleo.com\/hrtrends\/razones-por-las-que-la-gente-cambia-de-empleo-conocelas-para-disenar-tu-estrategia\/#primaryimage\"},\"thumbnailUrl\":\"https:\/\/empresas.infoempleo.com\/hrtrends\/media\/2021\/10\/HRTrends_Cambiar-de-empleo.jpg\",\"datePublished\":\"2021-10-12T05:30:45+00:00\",\"dateModified\":\"2021-10-13T11:46:31+00:00\",\"description\":\"Conocer los motivos que llevan a una persona a cambiar de empleo puede ser clave para conseguir que tu empresa sea atractiva para nuevos talentos\",\"breadcrumb\":{\"@id\":\"https:\/\/empresas.infoempleo.com\/hrtrends\/razones-por-las-que-la-gente-cambia-de-empleo-conocelas-para-disenar-tu-estrategia\/#breadcrumb\"},\"inLanguage\":\"es\",\"potentialAction\":[{\"@type\":\"ReadAction\",\"target\":[\"https:\/\/empresas.infoempleo.com\/hrtrends\/razones-por-las-que-la-gente-cambia-de-empleo-conocelas-para-disenar-tu-estrategia\/\"]}]},{\"@type\":\"ImageObject\",\"inLanguage\":\"es\",\"@id\":\"https:\/\/empresas.infoempleo.com\/hrtrends\/razones-por-las-que-la-gente-cambia-de-empleo-conocelas-para-disenar-tu-estrategia\/#primaryimage\",\"url\":\"https:\/\/empresas.infoempleo.com\/hrtrends\/media\/2021\/10\/HRTrends_Cambiar-de-empleo-150x150.jpg\",\"contentUrl\":\"https:\/\/empresas.infoempleo.com\/hrtrends\/media\/2021\/10\/HRTrends_Cambiar-de-empleo-150x150.jpg\",\"width\":150,\"height\":150,\"caption\":\"Razones por las que la gente cambia de empleo\"},{\"@type\":\"BreadcrumbList\",\"@id\":\"https:\/\/empresas.infoempleo.com\/hrtrends\/razones-por-las-que-la-gente-cambia-de-empleo-conocelas-para-disenar-tu-estrategia\/#breadcrumb\",\"itemListElement\":[{\"@type\":\"ListItem\",\"position\":1,\"name\":\"Portada\",\"item\":\"https:\/\/empresas.infoempleo.com\/hrtrends\/\"},{\"@type\":\"ListItem\",\"position\":2,\"name\":\"Razones por las que la gente cambia de empleo: con\u00f3celas para dise\u00f1ar tu estrategia\"}]},{\"@type\":\"WebSite\",\"@id\":\"https:\/\/empresas.infoempleo.com\/hrtrends\/#website\",\"url\":\"https:\/\/empresas.infoempleo.com\/hrtrends\",\"name\":\"HRTrends by Infoempleo\",\"description\":\"\",\"publisher\":{\"@id\":\"https:\/\/empresas.infoempleo.com\/hrtrends\/#organization\"},\"potentialAction\":{\"@type\":\"SearchAction\",\"target\":\"https:\/\/empresas.infoempleo.com\/hrtrends\/?s={search_term_string}\",\"query-input\":\"required name=search_term_string\"},\"inLanguage\":\"es\"},{\"@type\":\"Organization\",\"@id\":\"https:\/\/empresas.infoempleo.com\/hrtrends\/#organization\",\"name\":\"Infoempleo\",\"url\":\"https:\/\/www.infoempleo.com\/\",\"logo\":{\"@type\":\"ImageObject\",\"@id\":\"https:\/\/empresas.infoempleo.com\/hrtrends\/#logo\",\"inLanguage\":\"es\",\"url\":\"https:\/\/cdnazure.infoempleo.com\/infoempleo\/assets\/style\/gfx\/logo.svg\",\"contentUrl\":\"https:\/\/cdnazure.infoempleo.com\/infoempleo\/assets\/style\/gfx\/logo.svg\",\"width\":150,\"height\":40,\"caption\":\"Infoempleo\"},\"image\":{\"@id\":\"https:\/\/empresas.infoempleo.com\/hrtrends\/#logo\"},\"sameAs\":[\"https:\/\/www.facebook.com\/Infoempleo\",\"https:\/\/x.com\/infoempleo\",\"http:\/\/instagram.com\/infoempleo\/\",\"http:\/\/www.linkedin.com\/groups\/Empleo-Espa\u00f1a-Infoempleocom-111276\",\"http:\/\/pinterest.com\/infoempleo\/\"],\"address\":{\"@type\":\"PostalAddress\",\"addressLocality\":\"Madrid\",\"postalCode\":\"28050\",\"streetAddress\":\"Avenida de Burgos 114\"},\"brand\":[\"Infoempleo\"]},{\"@type\":\"Person\",\"@id\":\"https:\/\/empresas.infoempleo.com\/hrtrends\/#\/schema\/person\/32ca57975913668419d075627a98dafe\",\"name\":\"Luisa Carrasco\",\"image\":{\"@type\":\"ImageObject\",\"inLanguage\":\"es\",\"@id\":\"https:\/\/empresas.infoempleo.com\/hrtrends\/#\/schema\/person\/image\/\",\"url\":\"https:\/\/secure.gravatar.com\/avatar\/8cc7d7a784a8289007bbfddcef37ed7157c6ae70e89183748ddf5858d9133c86?s=96&d=mm&r=g\",\"contentUrl\":\"https:\/\/secure.gravatar.com\/avatar\/8cc7d7a784a8289007bbfddcef37ed7157c6ae70e89183748ddf5858d9133c86?s=96&d=mm&r=g\",\"caption\":\"Luisa Carrasco\"},\"description\":\"Licenciada en Sociolog\u00eda y posgrado en gesti\u00f3n de la comunicaci\u00f3n para organizaciones culturales. Me interesa todo lo que tiene que ver con la organizaci\u00f3n e integraci\u00f3n de los distintos agentes sociales. El \u00e1mbito laboral y el de la educaci\u00f3n y formaci\u00f3n es el punto de encuentro de gran parte de estos actores. Estoy al tanto de los temas de actualidad laboral, las tendencias en el mercado del trabajo, las nuevas iniciativas en el tejido empresarial y las propuestas de innovaci\u00f3n en materia de educaci\u00f3n y formaci\u00f3n. Por lo general, escribo en el blog de Infoempleo tres veces por semana.\",\"url\":\"https:\/\/empresas.infoempleo.com\/hrtrends\/author\/luisaagenciayerro\/\"}]}<\/script>\n<!-- \/ Yoast SEO plugin. -->","yoast_head_json":{"title":"Razones por las que la gente cambia de empleo: con\u00f3celas para dise\u00f1ar tu estrategia | HRTRENDS","description":"Conocer los motivos que llevan a una persona a cambiar de empleo puede ser clave para conseguir que tu empresa sea atractiva para nuevos talentos","robots":{"index":"index","follow":"follow","max-snippet":"max-snippet:-1","max-image-preview":"max-image-preview:large","max-video-preview":"max-video-preview:-1"},"canonical":"https:\/\/empresas.infoempleo.com\/hrtrends\/razones-por-las-que-la-gente-cambia-de-empleo-conocelas-para-disenar-tu-estrategia\/","og_locale":"es_ES","og_type":"article","og_title":"Razones por las que la gente cambia de empleo: con\u00f3celas para dise\u00f1ar tu estrategia | HRTRENDS","og_description":"Conocer los motivos que llevan a una persona a cambiar de empleo puede ser clave para conseguir que tu empresa sea atractiva para nuevos talentos","og_url":"https:\/\/empresas.infoempleo.com\/hrtrends\/razones-por-las-que-la-gente-cambia-de-empleo-conocelas-para-disenar-tu-estrategia\/","og_site_name":"HRTRENDS","article_publisher":"https:\/\/www.facebook.com\/Infoempleo","article_published_time":"2021-10-12T05:30:45+00:00","article_modified_time":"2021-10-13T11:46:31+00:00","og_image":[{"width":881,"height":494,"url":"https:\/\/empresas.infoempleo.com\/hrtrends\/media\/2021\/10\/HRTrends_Cambiar-de-empleo.jpg","type":"image\/jpeg"}],"author":"Luisa Carrasco","twitter_card":"summary_large_image","twitter_creator":"@infoempleo","twitter_site":"@infoempleo","twitter_misc":{"Escrito por":"Luisa Carrasco","Tiempo de lectura":"3 minutos"},"schema":{"@context":"https:\/\/schema.org","@graph":[{"@type":"NewsArticle","@id":"https:\/\/empresas.infoempleo.com\/hrtrends\/razones-por-las-que-la-gente-cambia-de-empleo-conocelas-para-disenar-tu-estrategia\/#article","isPartOf":{"@id":"https:\/\/empresas.infoempleo.com\/hrtrends\/razones-por-las-que-la-gente-cambia-de-empleo-conocelas-para-disenar-tu-estrategia\/"},"author":{"name":"Luisa Carrasco","@id":"https:\/\/empresas.infoempleo.com\/hrtrends\/#\/schema\/person\/32ca57975913668419d075627a98dafe"},"headline":"Razones por las que la gente cambia de empleo: con\u00f3celas para dise\u00f1ar tu estrategia","datePublished":"2021-10-12T05:30:45+00:00","dateModified":"2021-10-13T11:46:31+00:00","mainEntityOfPage":{"@id":"https:\/\/empresas.infoempleo.com\/hrtrends\/razones-por-las-que-la-gente-cambia-de-empleo-conocelas-para-disenar-tu-estrategia\/"},"wordCount":666,"publisher":{"@id":"https:\/\/empresas.infoempleo.com\/hrtrends\/#organization"},"image":{"@id":"https:\/\/empresas.infoempleo.com\/hrtrends\/razones-por-las-que-la-gente-cambia-de-empleo-conocelas-para-disenar-tu-estrategia\/#primaryimage"},"thumbnailUrl":"https:\/\/empresas.infoempleo.com\/hrtrends\/media\/2021\/10\/HRTrends_Cambiar-de-empleo.jpg","keywords":["atraer talento","Employer branding","Planes de igualdad"],"articleSection":["Reclutamiento"],"inLanguage":"es","copyrightYear":"2021","copyrightHolder":{"@id":"https:\/\/empresas.infoempleo.com\/hrtrends\/#organization"}},{"@type":"WebPage","@id":"https:\/\/empresas.infoempleo.com\/hrtrends\/razones-por-las-que-la-gente-cambia-de-empleo-conocelas-para-disenar-tu-estrategia\/","url":"https:\/\/empresas.infoempleo.com\/hrtrends\/razones-por-las-que-la-gente-cambia-de-empleo-conocelas-para-disenar-tu-estrategia\/","name":"Razones por las que la gente cambia de empleo: con\u00f3celas para dise\u00f1ar tu estrategia | HRTRENDS","isPartOf":{"@id":"https:\/\/empresas.infoempleo.com\/hrtrends\/#website"},"primaryImageOfPage":{"@id":"https:\/\/empresas.infoempleo.com\/hrtrends\/razones-por-las-que-la-gente-cambia-de-empleo-conocelas-para-disenar-tu-estrategia\/#primaryimage"},"image":{"@id":"https:\/\/empresas.infoempleo.com\/hrtrends\/razones-por-las-que-la-gente-cambia-de-empleo-conocelas-para-disenar-tu-estrategia\/#primaryimage"},"thumbnailUrl":"https:\/\/empresas.infoempleo.com\/hrtrends\/media\/2021\/10\/HRTrends_Cambiar-de-empleo.jpg","datePublished":"2021-10-12T05:30:45+00:00","dateModified":"2021-10-13T11:46:31+00:00","description":"Conocer los motivos que llevan a una persona a cambiar de empleo puede ser clave para conseguir que tu empresa sea atractiva para nuevos talentos","breadcrumb":{"@id":"https:\/\/empresas.infoempleo.com\/hrtrends\/razones-por-las-que-la-gente-cambia-de-empleo-conocelas-para-disenar-tu-estrategia\/#breadcrumb"},"inLanguage":"es","potentialAction":[{"@type":"ReadAction","target":["https:\/\/empresas.infoempleo.com\/hrtrends\/razones-por-las-que-la-gente-cambia-de-empleo-conocelas-para-disenar-tu-estrategia\/"]}]},{"@type":"ImageObject","inLanguage":"es","@id":"https:\/\/empresas.infoempleo.com\/hrtrends\/razones-por-las-que-la-gente-cambia-de-empleo-conocelas-para-disenar-tu-estrategia\/#primaryimage","url":"https:\/\/empresas.infoempleo.com\/hrtrends\/media\/2021\/10\/HRTrends_Cambiar-de-empleo-150x150.jpg","contentUrl":"https:\/\/empresas.infoempleo.com\/hrtrends\/media\/2021\/10\/HRTrends_Cambiar-de-empleo-150x150.jpg","width":150,"height":150,"caption":"Razones por las que la gente cambia de empleo"},{"@type":"BreadcrumbList","@id":"https:\/\/empresas.infoempleo.com\/hrtrends\/razones-por-las-que-la-gente-cambia-de-empleo-conocelas-para-disenar-tu-estrategia\/#breadcrumb","itemListElement":[{"@type":"ListItem","position":1,"name":"Portada","item":"https:\/\/empresas.infoempleo.com\/hrtrends\/"},{"@type":"ListItem","position":2,"name":"Razones por las que la gente cambia de empleo: con\u00f3celas para dise\u00f1ar tu estrategia"}]},{"@type":"WebSite","@id":"https:\/\/empresas.infoempleo.com\/hrtrends\/#website","url":"https:\/\/empresas.infoempleo.com\/hrtrends","name":"HRTrends by Infoempleo","description":"","publisher":{"@id":"https:\/\/empresas.infoempleo.com\/hrtrends\/#organization"},"potentialAction":{"@type":"SearchAction","target":"https:\/\/empresas.infoempleo.com\/hrtrends\/?s={search_term_string}","query-input":"required name=search_term_string"},"inLanguage":"es"},{"@type":"Organization","@id":"https:\/\/empresas.infoempleo.com\/hrtrends\/#organization","name":"Infoempleo","url":"https:\/\/www.infoempleo.com\/","logo":{"@type":"ImageObject","@id":"https:\/\/empresas.infoempleo.com\/hrtrends\/#logo","inLanguage":"es","url":"https:\/\/cdnazure.infoempleo.com\/infoempleo\/assets\/style\/gfx\/logo.svg","contentUrl":"https:\/\/cdnazure.infoempleo.com\/infoempleo\/assets\/style\/gfx\/logo.svg","width":150,"height":40,"caption":"Infoempleo"},"image":{"@id":"https:\/\/empresas.infoempleo.com\/hrtrends\/#logo"},"sameAs":["https:\/\/www.facebook.com\/Infoempleo","https:\/\/x.com\/infoempleo","http:\/\/instagram.com\/infoempleo\/","http:\/\/www.linkedin.com\/groups\/Empleo-Espa\u00f1a-Infoempleocom-111276","http:\/\/pinterest.com\/infoempleo\/"],"address":{"@type":"PostalAddress","addressLocality":"Madrid","postalCode":"28050","streetAddress":"Avenida de Burgos 114"},"brand":["Infoempleo"]},{"@type":"Person","@id":"https:\/\/empresas.infoempleo.com\/hrtrends\/#\/schema\/person\/32ca57975913668419d075627a98dafe","name":"Luisa Carrasco","image":{"@type":"ImageObject","inLanguage":"es","@id":"https:\/\/empresas.infoempleo.com\/hrtrends\/#\/schema\/person\/image\/","url":"https:\/\/secure.gravatar.com\/avatar\/8cc7d7a784a8289007bbfddcef37ed7157c6ae70e89183748ddf5858d9133c86?s=96&d=mm&r=g","contentUrl":"https:\/\/secure.gravatar.com\/avatar\/8cc7d7a784a8289007bbfddcef37ed7157c6ae70e89183748ddf5858d9133c86?s=96&d=mm&r=g","caption":"Luisa Carrasco"},"description":"Licenciada en Sociolog\u00eda y posgrado en gesti\u00f3n de la comunicaci\u00f3n para organizaciones culturales. Me interesa todo lo que tiene que ver con la organizaci\u00f3n e integraci\u00f3n de los distintos agentes sociales. El \u00e1mbito laboral y el de la educaci\u00f3n y formaci\u00f3n es el punto de encuentro de gran parte de estos actores. Estoy al tanto de los temas de actualidad laboral, las tendencias en el mercado del trabajo, las nuevas iniciativas en el tejido empresarial y las propuestas de innovaci\u00f3n en materia de educaci\u00f3n y formaci\u00f3n. Por lo general, escribo en el blog de Infoempleo tres veces por semana.","url":"https:\/\/empresas.infoempleo.com\/hrtrends\/author\/luisaagenciayerro\/"}]}},"amp_enabled":true,"_links":{"self":[{"href":"https:\/\/empresas.infoempleo.com\/hrtrends\/wp-json\/wp\/v2\/posts\/39219","targetHints":{"allow":["GET"]}}],"collection":[{"href":"https:\/\/empresas.infoempleo.com\/hrtrends\/wp-json\/wp\/v2\/posts"}],"about":[{"href":"https:\/\/empresas.infoempleo.com\/hrtrends\/wp-json\/wp\/v2\/types\/post"}],"author":[{"embeddable":true,"href":"https:\/\/empresas.infoempleo.com\/hrtrends\/wp-json\/wp\/v2\/users\/29"}],"replies":[{"embeddable":true,"href":"https:\/\/empresas.infoempleo.com\/hrtrends\/wp-json\/wp\/v2\/comments?post=39219"}],"version-history":[{"count":8,"href":"https:\/\/empresas.infoempleo.com\/hrtrends\/wp-json\/wp\/v2\/posts\/39219\/revisions"}],"predecessor-version":[{"id":39264,"href":"https:\/\/empresas.infoempleo.com\/hrtrends\/wp-json\/wp\/v2\/posts\/39219\/revisions\/39264"}],"wp:featuredmedia":[{"embeddable":true,"href":"https:\/\/empresas.infoempleo.com\/hrtrends\/wp-json\/wp\/v2\/media\/39245"}],"wp:attachment":[{"href":"https:\/\/empresas.infoempleo.com\/hrtrends\/wp-json\/wp\/v2\/media?parent=39219"}],"wp:term":[{"taxonomy":"category","embeddable":true,"href":"https:\/\/empresas.infoempleo.com\/hrtrends\/wp-json\/wp\/v2\/categories?post=39219"},{"taxonomy":"post_tag","embeddable":true,"href":"https:\/\/empresas.infoempleo.com\/hrtrends\/wp-json\/wp\/v2\/tags?post=39219"}],"curies":[{"name":"wp","href":"https:\/\/api.w.org\/{rel}","templated":true}]}}