{"id":39074,"date":"2021-09-07T07:30:35","date_gmt":"2021-09-07T05:30:35","guid":{"rendered":"https:\/\/empresas.infoempleo.com\/hrtrends\/?p=39074"},"modified":"2021-09-03T12:55:51","modified_gmt":"2021-09-03T10:55:51","slug":"lenguaje-no-verbal-para-usar-en-entrevistas","status":"publish","type":"post","link":"https:\/\/empresas.infoempleo.com\/hrtrends\/lenguaje-no-verbal-para-usar-en-entrevistas\/","title":{"rendered":"Lenguaje no verbal para usar en entrevistas"},"content":{"rendered":"<p>Desde el departamento de recursos humanos estar\u00e1s habituado a prestar atenci\u00f3n al <strong>lenguaje no verbal de los candidatos<\/strong>, pero \u00bfte has planteado que el mismo c\u00f3digo te rige a ti como <strong>reclutador<\/strong> o persona de contacto de los trabajadores? Adem\u00e1s de las referencias presenciales que ya conoces como la <strong>postura<\/strong>, el <strong>tono<\/strong> de la enunciaci\u00f3n o el <strong>ritmo<\/strong> con el que hablas, hay otros rasgos que debes observar en los entornos en <strong>remoto<\/strong> o h\u00edbrido. Aqu\u00ed algunos <strong>consejos<\/strong> para cuidar tu comunicaci\u00f3n no verbal.<\/p>\n<p><!--more--><\/p>\n<h2>El lenguaje no verbal en las entrevistas<\/h2>\n<p>Si bien la comunicaci\u00f3n en palabras impacta menos del 10% en el interlocutor de manera general, habr\u00e1 momentos en los que <strong>cuidar el lenguaje no verbal es clave<\/strong>, como la <strong>entrevista<\/strong>, el <em>onboarding<\/em> o en un <a href=\"https:\/\/empresas.infoempleo.com\/hrtrends\/como-comunicar-un-despido-claves-para-hacerlo-correctamente\"><strong>despido<\/strong><\/a>. Puedes haberte <em>currado<\/em> un discurso que ya le gustar\u00eda a Cicer\u00f3n o al Arist\u00f3teles de la <em>Ret\u00f3rica<\/em>, que como tu postura no sea correcta o no vocalices y cuides la dicci\u00f3n, vas a transmitir un mensaje totalmente diferente.<\/p>\n<p>El<strong> \u00e9xito de un <em>onboarding<\/em><\/strong> en parte est\u00e1 vinculado a la tranquilidad y confianza de la nueva incorporaci\u00f3n en su persona de referencia, que puede que seas t\u00fa. Atiende a estos aspectos para facilitar la acogida, <strong>retener el talento<\/strong> y cimentar las bases de una buena relaci\u00f3n laboral:<\/p>\n<ul>\n<li><strong>Postura corporal<\/strong>: la conciencia postural se entrena tambi\u00e9n, as\u00ed que ejercita esa idea del yoga, por ejemplo, en la que un hilo transparente tira de tu cabeza hacia el cielo y otra fuerza equilibra la cadera, imaginando tu columna vertebral como una torre de monedas que no quieres que se caigan.<\/li>\n<li><strong>Extremidades<\/strong>: algunas personas tienden a movilizar en exceso las manos y piernas, convirtiendo en ruido lo que podr\u00eda ser un apoyo gestual para favorecer la comprensi\u00f3n del mensaje. Especialmente, evita transmitir una actitud cerrada cruzando manos, brazos o piernas.<\/li>\n<li><strong>Cara<\/strong>: los 43 m\u00fasculos del rostro humano transmiten r\u00e1pidamente emociones, por lo que, a menos que tengas formaci\u00f3n dram\u00e1tica, la mejor manera de controlar el mensaje que quieres comunicar con la cara es siendo lo m\u00e1s sincero en la entrevista. Es muy f\u00e1cil detectar para las candidaturas si la sonrisa no es \u201cgenuina\u201d.<\/li>\n<li><strong>Ambiente<\/strong>: de manera coherente con tu cuerpo, el espacio donde realices la entrevista, debe transmitir claridad, confianza, seguridad e higiene.<\/li>\n<\/ul>\n<p><img loading=\"lazy\" decoding=\"async\" class=\"aligncenter size-full wp-image-39075\" src=\"https:\/\/empresas.infoempleo.com\/hrtrends\/media\/2021\/09\/HRTrends_Gestos-entrevistas.jpg\" alt=\"El lenguaje no verbal en las entrevistas\" width=\"800\" height=\"533\" srcset=\"https:\/\/empresas.infoempleo.com\/hrtrends\/media\/2021\/09\/HRTrends_Gestos-entrevistas.jpg 800w, https:\/\/empresas.infoempleo.com\/hrtrends\/media\/2021\/09\/HRTrends_Gestos-entrevistas-300x200.jpg 300w, https:\/\/empresas.infoempleo.com\/hrtrends\/media\/2021\/09\/HRTrends_Gestos-entrevistas-768x512.jpg 768w\" sizes=\"auto, (max-width: 800px) 100vw, 800px\" \/><\/p>\n<h2>Aplicaci\u00f3n en entornos en remoto<\/h2>\n<p>En el teletrabajo, cuando la comunicaci\u00f3n entre personas pasa por la pantalla, debes a\u00f1adir la <strong>variable del punto de vista<\/strong>. El lenguaje cinematogr\u00e1fico nos los muestra, est\u00e1 estudiado el valor simb\u00f3lico o inconsciente que atribuimos al di\u00e1logo de un personaje si el plano es un picado (desde arriba, puedes leer sus pensamientos) o un contrapicado (desde abajo, es un susurro o confesi\u00f3n c\u00f3mplice que rompe la cuarta pared).<\/p>\n<p>En este sentido, la <a href=\"https:\/\/empresas.infoempleo.com\/hrtrends\/consejos-para-comunicarse-con-los-candidatos-tanto-elegidos-como-descartados\"><strong>profesionalidad<\/strong><\/a> la demuestras manteniendo el punto de vista fijo frente a ti y <strong>mirando a c\u00e1mara<\/strong> como si fueran los ojos de tu interlocutor. Es tentador mirar tu propia imagen o incluso intentar arreglar el peinado o el cuello de la camisa. Pero ten en cuenta que debes mantener el <strong>lenguaje no verbal correcto<\/strong> como si fuera presencial. As\u00ed que del mismo modo que no sacar\u00edas un espejo para atusarte en una reuni\u00f3n, ni entrar\u00edas con la cara tapada, mira siempre al objetivo y <strong>nunca desactives<\/strong> la webcam.<\/p>\n<p>Por \u00faltimo, igual que has cuidado en las entrevistas la sala en la que ocurr\u00edan, <strong>vigila lo que se ve detr\u00e1s de ti<\/strong>. Evita demasiada informaci\u00f3n que distraiga, mant\u00e9n el fondo limpio e <strong>iluminado<\/strong>. Tanto el entorno como tu cara, y a\u00f1adiendo alg\u00fan rasgo <strong>corporativo<\/strong> o caracter\u00edstico que aleje la frialdad y desconfianza que transmite una pared blanca. Como ya habr\u00e1s observado, una planta puede ser tu mejor aliada.<\/p>\n","protected":false},"excerpt":{"rendered":"<p>Desde el departamento de recursos humanos estar\u00e1s habituado a prestar atenci\u00f3n al lenguaje no verbal de los candidatos,<a class=\"moretag\" href=\"https:\/\/empresas.infoempleo.com\/hrtrends\/lenguaje-no-verbal-para-usar-en-entrevistas\/\"> Leer m\u00e1s<\/a><\/p>\n","protected":false},"author":136,"featured_media":39076,"comment_status":"closed","ping_status":"closed","sticky":false,"template":"","format":"standard","meta":{"footnotes":""},"categories":[3030],"tags":[2442,70,171],"class_list":["post-39074","post","type-post","status-publish","format-standard","has-post-thumbnail","hentry","category-reclutamiento","tag-reclutamiento","tag-rrhh","tag-seleccion"],"yoast_head":"<!-- This site is optimized with the Yoast SEO plugin v26.1.1 - https:\/\/yoast.com\/wordpress\/plugins\/seo\/ -->\n<title>Lenguaje no verbal para usar en entrevistas | HRTRENDS<\/title>\n<meta name=\"description\" content=\"Desde el departamento de recursos humanos estar\u00e1s habituado a prestar atenci\u00f3n al lenguaje no verbal de los candidatos, pero \u00bfy como reclutador?\" \/>\n<meta name=\"robots\" content=\"index, follow, max-snippet:-1, max-image-preview:large, max-video-preview:-1\" \/>\n<link rel=\"canonical\" href=\"https:\/\/empresas.infoempleo.com\/hrtrends\/lenguaje-no-verbal-para-usar-en-entrevistas\/\" \/>\n<meta property=\"og:locale\" content=\"es_ES\" \/>\n<meta property=\"og:type\" content=\"article\" \/>\n<meta property=\"og:title\" content=\"Lenguaje no verbal para usar en entrevistas | HRTRENDS\" \/>\n<meta property=\"og:description\" content=\"Desde el departamento de recursos humanos estar\u00e1s habituado a prestar atenci\u00f3n al lenguaje no verbal de los candidatos, pero \u00bfy como reclutador?\" \/>\n<meta property=\"og:url\" content=\"https:\/\/empresas.infoempleo.com\/hrtrends\/lenguaje-no-verbal-para-usar-en-entrevistas\/\" \/>\n<meta property=\"og:site_name\" content=\"HRTRENDS\" \/>\n<meta property=\"article:publisher\" content=\"https:\/\/www.facebook.com\/Infoempleo\" \/>\n<meta property=\"article:published_time\" content=\"2021-09-07T05:30:35+00:00\" \/>\n<meta property=\"og:image\" content=\"https:\/\/empresas.infoempleo.com\/hrtrends\/media\/2021\/09\/HRTrends_Lenguaje-no-verbal.jpg\" \/>\n\t<meta property=\"og:image:width\" content=\"881\" \/>\n\t<meta property=\"og:image:height\" content=\"587\" \/>\n\t<meta property=\"og:image:type\" content=\"image\/jpeg\" \/>\n<meta name=\"author\" content=\"Raquel Hern\u00e1ndez\" \/>\n<meta name=\"twitter:card\" content=\"summary_large_image\" \/>\n<meta name=\"twitter:creator\" content=\"@infoempleo\" \/>\n<meta name=\"twitter:site\" content=\"@infoempleo\" \/>\n<meta name=\"twitter:label1\" content=\"Escrito por\" \/>\n\t<meta name=\"twitter:data1\" content=\"Raquel Hern\u00e1ndez\" \/>\n\t<meta name=\"twitter:label2\" content=\"Tiempo de lectura\" \/>\n\t<meta name=\"twitter:data2\" content=\"3 minutos\" \/>\n<script type=\"application\/ld+json\" class=\"yoast-schema-graph\">{\"@context\":\"https:\/\/schema.org\",\"@graph\":[{\"@type\":\"NewsArticle\",\"@id\":\"https:\/\/empresas.infoempleo.com\/hrtrends\/lenguaje-no-verbal-para-usar-en-entrevistas\/#article\",\"isPartOf\":{\"@id\":\"https:\/\/empresas.infoempleo.com\/hrtrends\/lenguaje-no-verbal-para-usar-en-entrevistas\/\"},\"author\":{\"name\":\"Raquel Hern\u00e1ndez\",\"@id\":\"https:\/\/empresas.infoempleo.com\/hrtrends\/#\/schema\/person\/fb2f949a1461ff0e9e15996d82d3a787\"},\"headline\":\"Lenguaje no verbal para usar en entrevistas\",\"datePublished\":\"2021-09-07T05:30:35+00:00\",\"mainEntityOfPage\":{\"@id\":\"https:\/\/empresas.infoempleo.com\/hrtrends\/lenguaje-no-verbal-para-usar-en-entrevistas\/\"},\"wordCount\":660,\"publisher\":{\"@id\":\"https:\/\/empresas.infoempleo.com\/hrtrends\/#organization\"},\"image\":{\"@id\":\"https:\/\/empresas.infoempleo.com\/hrtrends\/lenguaje-no-verbal-para-usar-en-entrevistas\/#primaryimage\"},\"thumbnailUrl\":\"https:\/\/empresas.infoempleo.com\/hrtrends\/media\/2021\/09\/HRTrends_Lenguaje-no-verbal.jpg\",\"keywords\":[\"reclutamiento\",\"RRHH\",\"selecci\u00f3n\"],\"articleSection\":[\"Reclutamiento\"],\"inLanguage\":\"es\",\"copyrightYear\":\"2021\",\"copyrightHolder\":{\"@id\":\"https:\/\/empresas.infoempleo.com\/hrtrends\/#organization\"}},{\"@type\":\"WebPage\",\"@id\":\"https:\/\/empresas.infoempleo.com\/hrtrends\/lenguaje-no-verbal-para-usar-en-entrevistas\/\",\"url\":\"https:\/\/empresas.infoempleo.com\/hrtrends\/lenguaje-no-verbal-para-usar-en-entrevistas\/\",\"name\":\"Lenguaje no verbal para usar en entrevistas | HRTRENDS\",\"isPartOf\":{\"@id\":\"https:\/\/empresas.infoempleo.com\/hrtrends\/#website\"},\"primaryImageOfPage\":{\"@id\":\"https:\/\/empresas.infoempleo.com\/hrtrends\/lenguaje-no-verbal-para-usar-en-entrevistas\/#primaryimage\"},\"image\":{\"@id\":\"https:\/\/empresas.infoempleo.com\/hrtrends\/lenguaje-no-verbal-para-usar-en-entrevistas\/#primaryimage\"},\"thumbnailUrl\":\"https:\/\/empresas.infoempleo.com\/hrtrends\/media\/2021\/09\/HRTrends_Lenguaje-no-verbal.jpg\",\"datePublished\":\"2021-09-07T05:30:35+00:00\",\"description\":\"Desde el departamento de recursos humanos estar\u00e1s habituado a prestar atenci\u00f3n al lenguaje no verbal de los candidatos, pero \u00bfy como reclutador?\",\"breadcrumb\":{\"@id\":\"https:\/\/empresas.infoempleo.com\/hrtrends\/lenguaje-no-verbal-para-usar-en-entrevistas\/#breadcrumb\"},\"inLanguage\":\"es\",\"potentialAction\":[{\"@type\":\"ReadAction\",\"target\":[\"https:\/\/empresas.infoempleo.com\/hrtrends\/lenguaje-no-verbal-para-usar-en-entrevistas\/\"]}]},{\"@type\":\"ImageObject\",\"inLanguage\":\"es\",\"@id\":\"https:\/\/empresas.infoempleo.com\/hrtrends\/lenguaje-no-verbal-para-usar-en-entrevistas\/#primaryimage\",\"url\":\"https:\/\/empresas.infoempleo.com\/hrtrends\/media\/2021\/09\/HRTrends_Lenguaje-no-verbal-150x150.jpg\",\"contentUrl\":\"https:\/\/empresas.infoempleo.com\/hrtrends\/media\/2021\/09\/HRTrends_Lenguaje-no-verbal-150x150.jpg\",\"width\":150,\"height\":150},{\"@type\":\"BreadcrumbList\",\"@id\":\"https:\/\/empresas.infoempleo.com\/hrtrends\/lenguaje-no-verbal-para-usar-en-entrevistas\/#breadcrumb\",\"itemListElement\":[{\"@type\":\"ListItem\",\"position\":1,\"name\":\"Portada\",\"item\":\"https:\/\/empresas.infoempleo.com\/hrtrends\/\"},{\"@type\":\"ListItem\",\"position\":2,\"name\":\"Lenguaje no verbal para usar en entrevistas\"}]},{\"@type\":\"WebSite\",\"@id\":\"https:\/\/empresas.infoempleo.com\/hrtrends\/#website\",\"url\":\"https:\/\/empresas.infoempleo.com\/hrtrends\",\"name\":\"HRTrends by Infoempleo\",\"description\":\"\",\"publisher\":{\"@id\":\"https:\/\/empresas.infoempleo.com\/hrtrends\/#organization\"},\"potentialAction\":{\"@type\":\"SearchAction\",\"target\":\"https:\/\/empresas.infoempleo.com\/hrtrends\/?s={search_term_string}\",\"query-input\":\"required name=search_term_string\"},\"inLanguage\":\"es\"},{\"@type\":\"Organization\",\"@id\":\"https:\/\/empresas.infoempleo.com\/hrtrends\/#organization\",\"name\":\"Infoempleo\",\"url\":\"https:\/\/www.infoempleo.com\/\",\"logo\":{\"@type\":\"ImageObject\",\"@id\":\"https:\/\/empresas.infoempleo.com\/hrtrends\/#logo\",\"inLanguage\":\"es\",\"url\":\"https:\/\/cdnazure.infoempleo.com\/infoempleo\/assets\/style\/gfx\/logo.svg\",\"contentUrl\":\"https:\/\/cdnazure.infoempleo.com\/infoempleo\/assets\/style\/gfx\/logo.svg\",\"width\":150,\"height\":40,\"caption\":\"Infoempleo\"},\"image\":{\"@id\":\"https:\/\/empresas.infoempleo.com\/hrtrends\/#logo\"},\"sameAs\":[\"https:\/\/www.facebook.com\/Infoempleo\",\"https:\/\/x.com\/infoempleo\",\"http:\/\/instagram.com\/infoempleo\/\",\"http:\/\/www.linkedin.com\/groups\/Empleo-Espa\u00f1a-Infoempleocom-111276\",\"http:\/\/pinterest.com\/infoempleo\/\"],\"address\":{\"@type\":\"PostalAddress\",\"addressLocality\":\"Madrid\",\"postalCode\":\"28050\",\"streetAddress\":\"Avenida de Burgos 114\"},\"brand\":[\"Infoempleo\"]},{\"@type\":\"Person\",\"@id\":\"https:\/\/empresas.infoempleo.com\/hrtrends\/#\/schema\/person\/fb2f949a1461ff0e9e15996d82d3a787\",\"name\":\"Raquel Hern\u00e1ndez\",\"image\":{\"@type\":\"ImageObject\",\"inLanguage\":\"es\",\"@id\":\"https:\/\/empresas.infoempleo.com\/hrtrends\/#\/schema\/person\/image\/\",\"url\":\"https:\/\/secure.gravatar.com\/avatar\/4ccd374b24ab5eefd1b7681d8be968df221a577fa3ffa9dc4bb4b537645dc6a2?s=96&d=mm&r=g\",\"contentUrl\":\"https:\/\/secure.gravatar.com\/avatar\/4ccd374b24ab5eefd1b7681d8be968df221a577fa3ffa9dc4bb4b537645dc6a2?s=96&d=mm&r=g\",\"caption\":\"Raquel Hern\u00e1ndez\"},\"description\":\"M\u00e1ster en Filosof\u00eda Contempor\u00e1nea y Diploma Experto en Salud y G\u00e9nero. Extensa experiencia profesional como directora y productora de eventos culturales, especializada en el sector editorial. Lectora profesional y redactora de contenidos relacionados con el empleo, la innovaci\u00f3n y la educaci\u00f3n.\",\"url\":\"https:\/\/empresas.infoempleo.com\/hrtrends\/author\/raquel-hernandez\/\"}]}<\/script>\n<!-- \/ Yoast SEO plugin. -->","yoast_head_json":{"title":"Lenguaje no verbal para usar en entrevistas | HRTRENDS","description":"Desde el departamento de recursos humanos estar\u00e1s habituado a prestar atenci\u00f3n al lenguaje no verbal de los candidatos, pero \u00bfy como reclutador?","robots":{"index":"index","follow":"follow","max-snippet":"max-snippet:-1","max-image-preview":"max-image-preview:large","max-video-preview":"max-video-preview:-1"},"canonical":"https:\/\/empresas.infoempleo.com\/hrtrends\/lenguaje-no-verbal-para-usar-en-entrevistas\/","og_locale":"es_ES","og_type":"article","og_title":"Lenguaje no verbal para usar en entrevistas | HRTRENDS","og_description":"Desde el departamento de recursos humanos estar\u00e1s habituado a prestar atenci\u00f3n al lenguaje no verbal de los candidatos, pero \u00bfy como reclutador?","og_url":"https:\/\/empresas.infoempleo.com\/hrtrends\/lenguaje-no-verbal-para-usar-en-entrevistas\/","og_site_name":"HRTRENDS","article_publisher":"https:\/\/www.facebook.com\/Infoempleo","article_published_time":"2021-09-07T05:30:35+00:00","og_image":[{"width":881,"height":587,"url":"https:\/\/empresas.infoempleo.com\/hrtrends\/media\/2021\/09\/HRTrends_Lenguaje-no-verbal.jpg","type":"image\/jpeg"}],"author":"Raquel Hern\u00e1ndez","twitter_card":"summary_large_image","twitter_creator":"@infoempleo","twitter_site":"@infoempleo","twitter_misc":{"Escrito por":"Raquel Hern\u00e1ndez","Tiempo de lectura":"3 minutos"},"schema":{"@context":"https:\/\/schema.org","@graph":[{"@type":"NewsArticle","@id":"https:\/\/empresas.infoempleo.com\/hrtrends\/lenguaje-no-verbal-para-usar-en-entrevistas\/#article","isPartOf":{"@id":"https:\/\/empresas.infoempleo.com\/hrtrends\/lenguaje-no-verbal-para-usar-en-entrevistas\/"},"author":{"name":"Raquel Hern\u00e1ndez","@id":"https:\/\/empresas.infoempleo.com\/hrtrends\/#\/schema\/person\/fb2f949a1461ff0e9e15996d82d3a787"},"headline":"Lenguaje no verbal para usar en entrevistas","datePublished":"2021-09-07T05:30:35+00:00","mainEntityOfPage":{"@id":"https:\/\/empresas.infoempleo.com\/hrtrends\/lenguaje-no-verbal-para-usar-en-entrevistas\/"},"wordCount":660,"publisher":{"@id":"https:\/\/empresas.infoempleo.com\/hrtrends\/#organization"},"image":{"@id":"https:\/\/empresas.infoempleo.com\/hrtrends\/lenguaje-no-verbal-para-usar-en-entrevistas\/#primaryimage"},"thumbnailUrl":"https:\/\/empresas.infoempleo.com\/hrtrends\/media\/2021\/09\/HRTrends_Lenguaje-no-verbal.jpg","keywords":["reclutamiento","RRHH","selecci\u00f3n"],"articleSection":["Reclutamiento"],"inLanguage":"es","copyrightYear":"2021","copyrightHolder":{"@id":"https:\/\/empresas.infoempleo.com\/hrtrends\/#organization"}},{"@type":"WebPage","@id":"https:\/\/empresas.infoempleo.com\/hrtrends\/lenguaje-no-verbal-para-usar-en-entrevistas\/","url":"https:\/\/empresas.infoempleo.com\/hrtrends\/lenguaje-no-verbal-para-usar-en-entrevistas\/","name":"Lenguaje no verbal para usar en entrevistas | HRTRENDS","isPartOf":{"@id":"https:\/\/empresas.infoempleo.com\/hrtrends\/#website"},"primaryImageOfPage":{"@id":"https:\/\/empresas.infoempleo.com\/hrtrends\/lenguaje-no-verbal-para-usar-en-entrevistas\/#primaryimage"},"image":{"@id":"https:\/\/empresas.infoempleo.com\/hrtrends\/lenguaje-no-verbal-para-usar-en-entrevistas\/#primaryimage"},"thumbnailUrl":"https:\/\/empresas.infoempleo.com\/hrtrends\/media\/2021\/09\/HRTrends_Lenguaje-no-verbal.jpg","datePublished":"2021-09-07T05:30:35+00:00","description":"Desde el departamento de recursos humanos estar\u00e1s habituado a prestar atenci\u00f3n al lenguaje no verbal de los candidatos, pero \u00bfy como reclutador?","breadcrumb":{"@id":"https:\/\/empresas.infoempleo.com\/hrtrends\/lenguaje-no-verbal-para-usar-en-entrevistas\/#breadcrumb"},"inLanguage":"es","potentialAction":[{"@type":"ReadAction","target":["https:\/\/empresas.infoempleo.com\/hrtrends\/lenguaje-no-verbal-para-usar-en-entrevistas\/"]}]},{"@type":"ImageObject","inLanguage":"es","@id":"https:\/\/empresas.infoempleo.com\/hrtrends\/lenguaje-no-verbal-para-usar-en-entrevistas\/#primaryimage","url":"https:\/\/empresas.infoempleo.com\/hrtrends\/media\/2021\/09\/HRTrends_Lenguaje-no-verbal-150x150.jpg","contentUrl":"https:\/\/empresas.infoempleo.com\/hrtrends\/media\/2021\/09\/HRTrends_Lenguaje-no-verbal-150x150.jpg","width":150,"height":150},{"@type":"BreadcrumbList","@id":"https:\/\/empresas.infoempleo.com\/hrtrends\/lenguaje-no-verbal-para-usar-en-entrevistas\/#breadcrumb","itemListElement":[{"@type":"ListItem","position":1,"name":"Portada","item":"https:\/\/empresas.infoempleo.com\/hrtrends\/"},{"@type":"ListItem","position":2,"name":"Lenguaje no verbal para usar en entrevistas"}]},{"@type":"WebSite","@id":"https:\/\/empresas.infoempleo.com\/hrtrends\/#website","url":"https:\/\/empresas.infoempleo.com\/hrtrends","name":"HRTrends by Infoempleo","description":"","publisher":{"@id":"https:\/\/empresas.infoempleo.com\/hrtrends\/#organization"},"potentialAction":{"@type":"SearchAction","target":"https:\/\/empresas.infoempleo.com\/hrtrends\/?s={search_term_string}","query-input":"required name=search_term_string"},"inLanguage":"es"},{"@type":"Organization","@id":"https:\/\/empresas.infoempleo.com\/hrtrends\/#organization","name":"Infoempleo","url":"https:\/\/www.infoempleo.com\/","logo":{"@type":"ImageObject","@id":"https:\/\/empresas.infoempleo.com\/hrtrends\/#logo","inLanguage":"es","url":"https:\/\/cdnazure.infoempleo.com\/infoempleo\/assets\/style\/gfx\/logo.svg","contentUrl":"https:\/\/cdnazure.infoempleo.com\/infoempleo\/assets\/style\/gfx\/logo.svg","width":150,"height":40,"caption":"Infoempleo"},"image":{"@id":"https:\/\/empresas.infoempleo.com\/hrtrends\/#logo"},"sameAs":["https:\/\/www.facebook.com\/Infoempleo","https:\/\/x.com\/infoempleo","http:\/\/instagram.com\/infoempleo\/","http:\/\/www.linkedin.com\/groups\/Empleo-Espa\u00f1a-Infoempleocom-111276","http:\/\/pinterest.com\/infoempleo\/"],"address":{"@type":"PostalAddress","addressLocality":"Madrid","postalCode":"28050","streetAddress":"Avenida de Burgos 114"},"brand":["Infoempleo"]},{"@type":"Person","@id":"https:\/\/empresas.infoempleo.com\/hrtrends\/#\/schema\/person\/fb2f949a1461ff0e9e15996d82d3a787","name":"Raquel Hern\u00e1ndez","image":{"@type":"ImageObject","inLanguage":"es","@id":"https:\/\/empresas.infoempleo.com\/hrtrends\/#\/schema\/person\/image\/","url":"https:\/\/secure.gravatar.com\/avatar\/4ccd374b24ab5eefd1b7681d8be968df221a577fa3ffa9dc4bb4b537645dc6a2?s=96&d=mm&r=g","contentUrl":"https:\/\/secure.gravatar.com\/avatar\/4ccd374b24ab5eefd1b7681d8be968df221a577fa3ffa9dc4bb4b537645dc6a2?s=96&d=mm&r=g","caption":"Raquel Hern\u00e1ndez"},"description":"M\u00e1ster en Filosof\u00eda Contempor\u00e1nea y Diploma Experto en Salud y G\u00e9nero. Extensa experiencia profesional como directora y productora de eventos culturales, especializada en el sector editorial. Lectora profesional y redactora de contenidos relacionados con el empleo, la innovaci\u00f3n y la educaci\u00f3n.","url":"https:\/\/empresas.infoempleo.com\/hrtrends\/author\/raquel-hernandez\/"}]}},"amp_enabled":true,"_links":{"self":[{"href":"https:\/\/empresas.infoempleo.com\/hrtrends\/wp-json\/wp\/v2\/posts\/39074","targetHints":{"allow":["GET"]}}],"collection":[{"href":"https:\/\/empresas.infoempleo.com\/hrtrends\/wp-json\/wp\/v2\/posts"}],"about":[{"href":"https:\/\/empresas.infoempleo.com\/hrtrends\/wp-json\/wp\/v2\/types\/post"}],"author":[{"embeddable":true,"href":"https:\/\/empresas.infoempleo.com\/hrtrends\/wp-json\/wp\/v2\/users\/136"}],"replies":[{"embeddable":true,"href":"https:\/\/empresas.infoempleo.com\/hrtrends\/wp-json\/wp\/v2\/comments?post=39074"}],"version-history":[{"count":1,"href":"https:\/\/empresas.infoempleo.com\/hrtrends\/wp-json\/wp\/v2\/posts\/39074\/revisions"}],"predecessor-version":[{"id":39077,"href":"https:\/\/empresas.infoempleo.com\/hrtrends\/wp-json\/wp\/v2\/posts\/39074\/revisions\/39077"}],"wp:featuredmedia":[{"embeddable":true,"href":"https:\/\/empresas.infoempleo.com\/hrtrends\/wp-json\/wp\/v2\/media\/39076"}],"wp:attachment":[{"href":"https:\/\/empresas.infoempleo.com\/hrtrends\/wp-json\/wp\/v2\/media?parent=39074"}],"wp:term":[{"taxonomy":"category","embeddable":true,"href":"https:\/\/empresas.infoempleo.com\/hrtrends\/wp-json\/wp\/v2\/categories?post=39074"},{"taxonomy":"post_tag","embeddable":true,"href":"https:\/\/empresas.infoempleo.com\/hrtrends\/wp-json\/wp\/v2\/tags?post=39074"}],"curies":[{"name":"wp","href":"https:\/\/api.w.org\/{rel}","templated":true}]}}