{"id":39042,"date":"2021-08-31T07:30:32","date_gmt":"2021-08-31T05:30:32","guid":{"rendered":"https:\/\/empresas.infoempleo.com\/hrtrends\/?p=39042"},"modified":"2023-03-13T19:03:20","modified_gmt":"2023-03-13T17:03:20","slug":"analisis-gap-o-analisis-de-brechas-para-medir-el-desempeno","status":"publish","type":"post","link":"https:\/\/empresas.infoempleo.com\/hrtrends\/analisis-gap-o-analisis-de-brechas-para-medir-el-desempeno\/","title":{"rendered":"An\u00e1lisis GAP o an\u00e1lisis de brechas para medir el desempe\u00f1o"},"content":{"rendered":"<p>Entre las t\u00e9cnicas de evaluaci\u00f3n y an\u00e1lisis sobre la situaci\u00f3n en la que se encuentra una empresa y su potencialidad de transformaci\u00f3n una de las m\u00e1s habituales es el an\u00e1lisis GAP. Este t\u00e9rmino hace referencia a la \u201c<strong>brecha\u201d, <\/strong>es decir al <strong>espacio que queda entre lo deseable y la situaci\u00f3n real<\/strong>. Esta valoraci\u00f3n permite conocer a las organizaciones d\u00f3nde se encuentran, a d\u00f3nde quieren llegar y qu\u00e9 pasos tienen que dar para conseguirlo. El an\u00e1lisis GAP tambi\u00e9n sirve para saber si esos <strong>objetivos son realistas o excesivamente ambiciosos <\/strong>teniendo en cuenta la situaci\u00f3n de la que se parte.<\/p>\n<p><!--more--><\/p>\n<h2>En qu\u00e9 consiste un an\u00e1lisis GAP<\/h2>\n<p>El esquema de un an\u00e1lisis GAP es bastante sencillo. Se trata de un proceso en el que en primer lugar es necesario <strong>definir el \u00e1rea<\/strong> o las \u00e1reas sobre las que se pretende una mejora. A continuaci\u00f3n, detallar qu\u00e9 <strong>aspectos m\u00e1s concretos<\/strong> dentro de esa parte sobre la que se quiere actuar ayudar\u00edan a su desarrollo. Por \u00faltimo, se definir\u00edan los objetivos, hasta d\u00f3nde se quiere desarrollar cada aspecto. Para esto, <strong>el an\u00e1lisis GAP propone hacer una instant\u00e1nea<\/strong> del estado actual de cada par\u00e1metro y una proyecci\u00f3n de hasta d\u00f3nde se quiere llegar.<\/p>\n<p>Ese espacio es el lugar de juego. Para transitar de un estado al otro es necesario dar una serie de pasos. Un <strong>plan de acci\u00f3n<\/strong> en el que uno de sus primeros cometidos ser\u00e1 <strong>describir el momento actual<\/strong>. Para conseguirlo se puede recurrir a diferentes fuentes.<\/p>\n<p>Por ejemplo, imaginamos que se quiere <strong><a href=\"https:\/\/empresas.infoempleo.com\/hrtrends\/planes-de-igualdad-en-las-empresas\">implantar un plan de igualdad<\/a><\/strong> en la empresa para lograr la igualdad de oportunidades entre hombres y mujeres en la organizaci\u00f3n.\u00a0 Se puede recurrir a informaci\u00f3n m\u00e1s cuantitativa, por ejemplo, las retribuciones en una empresa. Como cualitativas con <em>focus group<\/em>, encuestas de clima laboral o entrevistas en profundidad que ayudar\u00edan a saber la <strong>percepci\u00f3n que tiene la plantilla <\/strong>sobre las diferencias en las oportunidades de crecimiento profesional en la empresa entre ambos sexos. La t\u00e9cnica que se utilice depender\u00e1 del \u00e1rea que se quiera evaluar. Estos datos formar\u00e1n parte de una primera fase dentro del an\u00e1lisis que se denomina <strong>situaci\u00f3n de partida<\/strong> o estado actual.<\/p>\n<p>El escenario donde todos los objetivos propuestos se han alcanzado o al que se aspira llegar ser\u00e1 lo que se define como <strong>el estado futuro. <\/strong>El plan de acci\u00f3n es la bater\u00eda de medidas orientadas a <strong>cerrar esa brecha<\/strong> entre ambos estados.<\/p>\n<p><img loading=\"lazy\" decoding=\"async\" class=\"aligncenter wp-image-39044 size-full\" title=\"En qu\u00e9 consiste un an\u00e1lisis GAP\" src=\"https:\/\/empresas.infoempleo.com\/hrtrends\/media\/2021\/08\/HRTrends_Medir-brecha.jpg\" alt=\"En qu\u00e9 consiste un an\u00e1lisis GAP\" width=\"800\" height=\"529\" srcset=\"https:\/\/empresas.infoempleo.com\/hrtrends\/media\/2021\/08\/HRTrends_Medir-brecha.jpg 800w, https:\/\/empresas.infoempleo.com\/hrtrends\/media\/2021\/08\/HRTrends_Medir-brecha-300x198.jpg 300w, https:\/\/empresas.infoempleo.com\/hrtrends\/media\/2021\/08\/HRTrends_Medir-brecha-768x508.jpg 768w\" sizes=\"auto, (max-width: 800px) 100vw, 800px\" \/><\/p>\n<h2>Modos de cerrar la brecha<\/h2>\n<p>Este ser\u00eda un esquema b\u00e1sico sobre una an\u00e1lisis GAP pero pueden a\u00f1adirse acciones intermedias como realizar una <strong>proyecci\u00f3n del estado actual en condiciones \u00f3ptimas<\/strong>. Es decir, aplicando correctivos y ajustes para mejorar lo que hay sin necesidad de acometer acciones demasiado dr\u00e1sticas. O aprovechar al m\u00e1ximo los recursos actuales y su potencialidad de crecimiento antes de acometer cambios m\u00e1s disruptivos.<\/p>\n<p>Pero si se quiere impulsar un cambio realmente transformador, como por ejemplo <strong>afrontar un proceso de digitalizaci\u00f3n<\/strong>, el plan de acci\u00f3n estar\u00e1 configurado con una gran cantidad de medidas que requerir\u00e1n la incorporaci\u00f3n de nuevos procesos y una <strong>importante inversi\u00f3n en recursos y personal.<\/strong><\/p>\n<p>Teniendo en cuenta este enfoque, que a\u00f1ade un paso intermedio que suavizar\u00eda la evoluci\u00f3n, se producir\u00edan dos tipos de brecha: la <strong>estrat\u00e9gica,<\/strong> que ser\u00e1 el espacio entre la situaci\u00f3n \u00f3ptima actual y la deseable; y la brecha <strong>operativa,<\/strong> que tiene que ver con una optimizaci\u00f3n de los procesos menos ambiciosa.<\/p>\n<h2>\u00bfPara qu\u00e9 utilizar\u00edas un an\u00e1lisis GAP?<\/h2>\n<p>Es un buen m\u00e9todo para detectar prematuramente necesidades y carencias porque es capaz de <strong>identificar eficazmente las \u00e1reas de mejora<\/strong>. Pero tambi\u00e9n cu\u00e1les son las causas que <strong>impiden<\/strong> alcanzar las metas propuestas o qu\u00e9 condiciones <strong>impulsar\u00edan el logro<\/strong> de estos objetivos centrado en la optimizaci\u00f3n del desarrollo de cada proceso.<\/p>\n<p>Sin embargo, el an\u00e1lisis GAP est\u00e1 orientado al an\u00e1lisis de la empresa o de cualquiera de sus \u00e1reas, sub\u00e1reas o departamentos, pero <strong>no tiene demasiado en cuenta las condiciones externas<\/strong>. Si pensamos en un an\u00e1lisis DAFO (Debilidades, Amenazas, Fortalezas, Oportunidades) esta instant\u00e1nea se centra m\u00e1s en la parte de las debilidades y fortalezas, pero <strong>no tanto en las oportunidades o amenazas<\/strong> por lo que requerir\u00eda un an\u00e1lisis complementario sobre la situaci\u00f3n ajena a la empresa, aquella que analiza la situaci\u00f3n del mercado, la competencia, la coyuntura, etc.<\/p>\n","protected":false},"excerpt":{"rendered":"<p>Entre las t\u00e9cnicas de evaluaci\u00f3n y an\u00e1lisis sobre la situaci\u00f3n en la que se encuentra una empresa y<a class=\"moretag\" href=\"https:\/\/empresas.infoempleo.com\/hrtrends\/analisis-gap-o-analisis-de-brechas-para-medir-el-desempeno\/\"> Leer m\u00e1s<\/a><\/p>\n","protected":false},"author":29,"featured_media":39045,"comment_status":"closed","ping_status":"closed","sticky":false,"template":"","format":"standard","meta":{"footnotes":""},"categories":[3035],"tags":[3059,1052,2676],"class_list":["post-39042","post","type-post","status-publish","format-standard","has-post-thumbnail","hentry","category-consejos","tag-estrategias","tag-evaluacion","tag-optimizacion-de-recursos"],"yoast_head":"<!-- This site is optimized with the Yoast SEO plugin v26.1.1 - https:\/\/yoast.com\/wordpress\/plugins\/seo\/ -->\n<title>An\u00e1lisis GAP o an\u00e1lisis de brechas para medir el desempe\u00f1o | HRTRENDS<\/title>\n<meta name=\"description\" content=\"El an\u00e1lisis GAP en las empresas identifica la \u201cbrecha\u201d, es decir al espacio que queda entre lo deseable y la situaci\u00f3n real.\" \/>\n<meta name=\"robots\" content=\"index, follow, max-snippet:-1, max-image-preview:large, max-video-preview:-1\" \/>\n<link rel=\"canonical\" href=\"https:\/\/empresas.infoempleo.com\/hrtrends\/analisis-gap-o-analisis-de-brechas-para-medir-el-desempeno\/\" \/>\n<meta property=\"og:locale\" content=\"es_ES\" \/>\n<meta property=\"og:type\" content=\"article\" \/>\n<meta property=\"og:title\" content=\"An\u00e1lisis GAP o an\u00e1lisis de brechas para medir el desempe\u00f1o | HRTRENDS\" \/>\n<meta property=\"og:description\" content=\"El an\u00e1lisis GAP en las empresas identifica la \u201cbrecha\u201d, es decir al espacio que queda entre lo deseable y la situaci\u00f3n real.\" \/>\n<meta property=\"og:url\" content=\"https:\/\/empresas.infoempleo.com\/hrtrends\/analisis-gap-o-analisis-de-brechas-para-medir-el-desempeno\/\" \/>\n<meta property=\"og:site_name\" content=\"HRTRENDS\" \/>\n<meta property=\"article:publisher\" content=\"https:\/\/www.facebook.com\/Infoempleo\" \/>\n<meta property=\"article:published_time\" content=\"2021-08-31T05:30:32+00:00\" \/>\n<meta property=\"article:modified_time\" content=\"2023-03-13T17:03:20+00:00\" \/>\n<meta property=\"og:image\" content=\"https:\/\/empresas.infoempleo.com\/hrtrends\/media\/2021\/08\/HRTrends_medir-GAP.jpg\" \/>\n\t<meta property=\"og:image:width\" content=\"881\" \/>\n\t<meta property=\"og:image:height\" content=\"496\" \/>\n\t<meta property=\"og:image:type\" content=\"image\/jpeg\" \/>\n<meta name=\"author\" content=\"Luisa Carrasco\" \/>\n<meta name=\"twitter:card\" content=\"summary_large_image\" \/>\n<meta name=\"twitter:creator\" content=\"@infoempleo\" \/>\n<meta name=\"twitter:site\" content=\"@infoempleo\" \/>\n<meta name=\"twitter:label1\" content=\"Escrito por\" \/>\n\t<meta name=\"twitter:data1\" content=\"Luisa Carrasco\" \/>\n\t<meta name=\"twitter:label2\" content=\"Tiempo de lectura\" \/>\n\t<meta name=\"twitter:data2\" content=\"4 minutos\" \/>\n<script type=\"application\/ld+json\" class=\"yoast-schema-graph\">{\"@context\":\"https:\/\/schema.org\",\"@graph\":[{\"@type\":\"NewsArticle\",\"@id\":\"https:\/\/empresas.infoempleo.com\/hrtrends\/analisis-gap-o-analisis-de-brechas-para-medir-el-desempeno\/#article\",\"isPartOf\":{\"@id\":\"https:\/\/empresas.infoempleo.com\/hrtrends\/analisis-gap-o-analisis-de-brechas-para-medir-el-desempeno\/\"},\"author\":{\"name\":\"Luisa Carrasco\",\"@id\":\"https:\/\/empresas.infoempleo.com\/hrtrends\/#\/schema\/person\/32ca57975913668419d075627a98dafe\"},\"headline\":\"An\u00e1lisis GAP o an\u00e1lisis de brechas para medir el desempe\u00f1o\",\"datePublished\":\"2021-08-31T05:30:32+00:00\",\"dateModified\":\"2023-03-13T17:03:20+00:00\",\"mainEntityOfPage\":{\"@id\":\"https:\/\/empresas.infoempleo.com\/hrtrends\/analisis-gap-o-analisis-de-brechas-para-medir-el-desempeno\/\"},\"wordCount\":787,\"publisher\":{\"@id\":\"https:\/\/empresas.infoempleo.com\/hrtrends\/#organization\"},\"image\":{\"@id\":\"https:\/\/empresas.infoempleo.com\/hrtrends\/analisis-gap-o-analisis-de-brechas-para-medir-el-desempeno\/#primaryimage\"},\"thumbnailUrl\":\"https:\/\/empresas.infoempleo.com\/hrtrends\/media\/2021\/08\/HRTrends_medir-GAP.jpg\",\"keywords\":[\"estrategias\",\"evaluaci\u00f3n\",\"optimizaci\u00f3n de recursos\"],\"articleSection\":[\"Consejos\"],\"inLanguage\":\"es\",\"copyrightYear\":\"2021\",\"copyrightHolder\":{\"@id\":\"https:\/\/empresas.infoempleo.com\/hrtrends\/#organization\"}},{\"@type\":\"WebPage\",\"@id\":\"https:\/\/empresas.infoempleo.com\/hrtrends\/analisis-gap-o-analisis-de-brechas-para-medir-el-desempeno\/\",\"url\":\"https:\/\/empresas.infoempleo.com\/hrtrends\/analisis-gap-o-analisis-de-brechas-para-medir-el-desempeno\/\",\"name\":\"An\u00e1lisis GAP o an\u00e1lisis de brechas para medir el desempe\u00f1o | HRTRENDS\",\"isPartOf\":{\"@id\":\"https:\/\/empresas.infoempleo.com\/hrtrends\/#website\"},\"primaryImageOfPage\":{\"@id\":\"https:\/\/empresas.infoempleo.com\/hrtrends\/analisis-gap-o-analisis-de-brechas-para-medir-el-desempeno\/#primaryimage\"},\"image\":{\"@id\":\"https:\/\/empresas.infoempleo.com\/hrtrends\/analisis-gap-o-analisis-de-brechas-para-medir-el-desempeno\/#primaryimage\"},\"thumbnailUrl\":\"https:\/\/empresas.infoempleo.com\/hrtrends\/media\/2021\/08\/HRTrends_medir-GAP.jpg\",\"datePublished\":\"2021-08-31T05:30:32+00:00\",\"dateModified\":\"2023-03-13T17:03:20+00:00\",\"description\":\"El an\u00e1lisis GAP en las empresas identifica la \u201cbrecha\u201d, es decir al espacio que queda entre lo deseable y la situaci\u00f3n real.\",\"breadcrumb\":{\"@id\":\"https:\/\/empresas.infoempleo.com\/hrtrends\/analisis-gap-o-analisis-de-brechas-para-medir-el-desempeno\/#breadcrumb\"},\"inLanguage\":\"es\",\"potentialAction\":[{\"@type\":\"ReadAction\",\"target\":[\"https:\/\/empresas.infoempleo.com\/hrtrends\/analisis-gap-o-analisis-de-brechas-para-medir-el-desempeno\/\"]}]},{\"@type\":\"ImageObject\",\"inLanguage\":\"es\",\"@id\":\"https:\/\/empresas.infoempleo.com\/hrtrends\/analisis-gap-o-analisis-de-brechas-para-medir-el-desempeno\/#primaryimage\",\"url\":\"https:\/\/empresas.infoempleo.com\/hrtrends\/media\/2021\/08\/HRTrends_medir-GAP-150x150.jpg\",\"contentUrl\":\"https:\/\/empresas.infoempleo.com\/hrtrends\/media\/2021\/08\/HRTrends_medir-GAP-150x150.jpg\",\"width\":150,\"height\":150,\"caption\":\"An\u00e1lisis GAP o an\u00e1lisis de brechas para medir el desempe\u00f1o\"},{\"@type\":\"BreadcrumbList\",\"@id\":\"https:\/\/empresas.infoempleo.com\/hrtrends\/analisis-gap-o-analisis-de-brechas-para-medir-el-desempeno\/#breadcrumb\",\"itemListElement\":[{\"@type\":\"ListItem\",\"position\":1,\"name\":\"Portada\",\"item\":\"https:\/\/empresas.infoempleo.com\/hrtrends\/\"},{\"@type\":\"ListItem\",\"position\":2,\"name\":\"An\u00e1lisis GAP o an\u00e1lisis de brechas para medir el desempe\u00f1o\"}]},{\"@type\":\"WebSite\",\"@id\":\"https:\/\/empresas.infoempleo.com\/hrtrends\/#website\",\"url\":\"https:\/\/empresas.infoempleo.com\/hrtrends\",\"name\":\"HRTrends by Infoempleo\",\"description\":\"\",\"publisher\":{\"@id\":\"https:\/\/empresas.infoempleo.com\/hrtrends\/#organization\"},\"potentialAction\":{\"@type\":\"SearchAction\",\"target\":\"https:\/\/empresas.infoempleo.com\/hrtrends\/?s={search_term_string}\",\"query-input\":\"required name=search_term_string\"},\"inLanguage\":\"es\"},{\"@type\":\"Organization\",\"@id\":\"https:\/\/empresas.infoempleo.com\/hrtrends\/#organization\",\"name\":\"Infoempleo\",\"url\":\"https:\/\/www.infoempleo.com\/\",\"logo\":{\"@type\":\"ImageObject\",\"@id\":\"https:\/\/empresas.infoempleo.com\/hrtrends\/#logo\",\"inLanguage\":\"es\",\"url\":\"https:\/\/cdnazure.infoempleo.com\/infoempleo\/assets\/style\/gfx\/logo.svg\",\"contentUrl\":\"https:\/\/cdnazure.infoempleo.com\/infoempleo\/assets\/style\/gfx\/logo.svg\",\"width\":150,\"height\":40,\"caption\":\"Infoempleo\"},\"image\":{\"@id\":\"https:\/\/empresas.infoempleo.com\/hrtrends\/#logo\"},\"sameAs\":[\"https:\/\/www.facebook.com\/Infoempleo\",\"https:\/\/x.com\/infoempleo\",\"http:\/\/instagram.com\/infoempleo\/\",\"http:\/\/www.linkedin.com\/groups\/Empleo-Espa\u00f1a-Infoempleocom-111276\",\"http:\/\/pinterest.com\/infoempleo\/\"],\"address\":{\"@type\":\"PostalAddress\",\"addressLocality\":\"Madrid\",\"postalCode\":\"28050\",\"streetAddress\":\"Avenida de Burgos 114\"},\"brand\":[\"Infoempleo\"]},{\"@type\":\"Person\",\"@id\":\"https:\/\/empresas.infoempleo.com\/hrtrends\/#\/schema\/person\/32ca57975913668419d075627a98dafe\",\"name\":\"Luisa Carrasco\",\"image\":{\"@type\":\"ImageObject\",\"inLanguage\":\"es\",\"@id\":\"https:\/\/empresas.infoempleo.com\/hrtrends\/#\/schema\/person\/image\/\",\"url\":\"https:\/\/secure.gravatar.com\/avatar\/8cc7d7a784a8289007bbfddcef37ed7157c6ae70e89183748ddf5858d9133c86?s=96&d=mm&r=g\",\"contentUrl\":\"https:\/\/secure.gravatar.com\/avatar\/8cc7d7a784a8289007bbfddcef37ed7157c6ae70e89183748ddf5858d9133c86?s=96&d=mm&r=g\",\"caption\":\"Luisa Carrasco\"},\"description\":\"Licenciada en Sociolog\u00eda y posgrado en gesti\u00f3n de la comunicaci\u00f3n para organizaciones culturales. Me interesa todo lo que tiene que ver con la organizaci\u00f3n e integraci\u00f3n de los distintos agentes sociales. El \u00e1mbito laboral y el de la educaci\u00f3n y formaci\u00f3n es el punto de encuentro de gran parte de estos actores. Estoy al tanto de los temas de actualidad laboral, las tendencias en el mercado del trabajo, las nuevas iniciativas en el tejido empresarial y las propuestas de innovaci\u00f3n en materia de educaci\u00f3n y formaci\u00f3n. Por lo general, escribo en el blog de Infoempleo tres veces por semana.\",\"url\":\"https:\/\/empresas.infoempleo.com\/hrtrends\/author\/luisaagenciayerro\/\"}]}<\/script>\n<!-- \/ Yoast SEO plugin. -->","yoast_head_json":{"title":"An\u00e1lisis GAP o an\u00e1lisis de brechas para medir el desempe\u00f1o | HRTRENDS","description":"El an\u00e1lisis GAP en las empresas identifica la \u201cbrecha\u201d, es decir al espacio que queda entre lo deseable y la situaci\u00f3n real.","robots":{"index":"index","follow":"follow","max-snippet":"max-snippet:-1","max-image-preview":"max-image-preview:large","max-video-preview":"max-video-preview:-1"},"canonical":"https:\/\/empresas.infoempleo.com\/hrtrends\/analisis-gap-o-analisis-de-brechas-para-medir-el-desempeno\/","og_locale":"es_ES","og_type":"article","og_title":"An\u00e1lisis GAP o an\u00e1lisis de brechas para medir el desempe\u00f1o | HRTRENDS","og_description":"El an\u00e1lisis GAP en las empresas identifica la \u201cbrecha\u201d, es decir al espacio que queda entre lo deseable y la situaci\u00f3n real.","og_url":"https:\/\/empresas.infoempleo.com\/hrtrends\/analisis-gap-o-analisis-de-brechas-para-medir-el-desempeno\/","og_site_name":"HRTRENDS","article_publisher":"https:\/\/www.facebook.com\/Infoempleo","article_published_time":"2021-08-31T05:30:32+00:00","article_modified_time":"2023-03-13T17:03:20+00:00","og_image":[{"width":881,"height":496,"url":"https:\/\/empresas.infoempleo.com\/hrtrends\/media\/2021\/08\/HRTrends_medir-GAP.jpg","type":"image\/jpeg"}],"author":"Luisa Carrasco","twitter_card":"summary_large_image","twitter_creator":"@infoempleo","twitter_site":"@infoempleo","twitter_misc":{"Escrito por":"Luisa Carrasco","Tiempo de lectura":"4 minutos"},"schema":{"@context":"https:\/\/schema.org","@graph":[{"@type":"NewsArticle","@id":"https:\/\/empresas.infoempleo.com\/hrtrends\/analisis-gap-o-analisis-de-brechas-para-medir-el-desempeno\/#article","isPartOf":{"@id":"https:\/\/empresas.infoempleo.com\/hrtrends\/analisis-gap-o-analisis-de-brechas-para-medir-el-desempeno\/"},"author":{"name":"Luisa Carrasco","@id":"https:\/\/empresas.infoempleo.com\/hrtrends\/#\/schema\/person\/32ca57975913668419d075627a98dafe"},"headline":"An\u00e1lisis GAP o an\u00e1lisis de brechas para medir el desempe\u00f1o","datePublished":"2021-08-31T05:30:32+00:00","dateModified":"2023-03-13T17:03:20+00:00","mainEntityOfPage":{"@id":"https:\/\/empresas.infoempleo.com\/hrtrends\/analisis-gap-o-analisis-de-brechas-para-medir-el-desempeno\/"},"wordCount":787,"publisher":{"@id":"https:\/\/empresas.infoempleo.com\/hrtrends\/#organization"},"image":{"@id":"https:\/\/empresas.infoempleo.com\/hrtrends\/analisis-gap-o-analisis-de-brechas-para-medir-el-desempeno\/#primaryimage"},"thumbnailUrl":"https:\/\/empresas.infoempleo.com\/hrtrends\/media\/2021\/08\/HRTrends_medir-GAP.jpg","keywords":["estrategias","evaluaci\u00f3n","optimizaci\u00f3n de recursos"],"articleSection":["Consejos"],"inLanguage":"es","copyrightYear":"2021","copyrightHolder":{"@id":"https:\/\/empresas.infoempleo.com\/hrtrends\/#organization"}},{"@type":"WebPage","@id":"https:\/\/empresas.infoempleo.com\/hrtrends\/analisis-gap-o-analisis-de-brechas-para-medir-el-desempeno\/","url":"https:\/\/empresas.infoempleo.com\/hrtrends\/analisis-gap-o-analisis-de-brechas-para-medir-el-desempeno\/","name":"An\u00e1lisis GAP o an\u00e1lisis de brechas para medir el desempe\u00f1o | HRTRENDS","isPartOf":{"@id":"https:\/\/empresas.infoempleo.com\/hrtrends\/#website"},"primaryImageOfPage":{"@id":"https:\/\/empresas.infoempleo.com\/hrtrends\/analisis-gap-o-analisis-de-brechas-para-medir-el-desempeno\/#primaryimage"},"image":{"@id":"https:\/\/empresas.infoempleo.com\/hrtrends\/analisis-gap-o-analisis-de-brechas-para-medir-el-desempeno\/#primaryimage"},"thumbnailUrl":"https:\/\/empresas.infoempleo.com\/hrtrends\/media\/2021\/08\/HRTrends_medir-GAP.jpg","datePublished":"2021-08-31T05:30:32+00:00","dateModified":"2023-03-13T17:03:20+00:00","description":"El an\u00e1lisis GAP en las empresas identifica la \u201cbrecha\u201d, es decir al espacio que queda entre lo deseable y la situaci\u00f3n real.","breadcrumb":{"@id":"https:\/\/empresas.infoempleo.com\/hrtrends\/analisis-gap-o-analisis-de-brechas-para-medir-el-desempeno\/#breadcrumb"},"inLanguage":"es","potentialAction":[{"@type":"ReadAction","target":["https:\/\/empresas.infoempleo.com\/hrtrends\/analisis-gap-o-analisis-de-brechas-para-medir-el-desempeno\/"]}]},{"@type":"ImageObject","inLanguage":"es","@id":"https:\/\/empresas.infoempleo.com\/hrtrends\/analisis-gap-o-analisis-de-brechas-para-medir-el-desempeno\/#primaryimage","url":"https:\/\/empresas.infoempleo.com\/hrtrends\/media\/2021\/08\/HRTrends_medir-GAP-150x150.jpg","contentUrl":"https:\/\/empresas.infoempleo.com\/hrtrends\/media\/2021\/08\/HRTrends_medir-GAP-150x150.jpg","width":150,"height":150,"caption":"An\u00e1lisis GAP o an\u00e1lisis de brechas para medir el desempe\u00f1o"},{"@type":"BreadcrumbList","@id":"https:\/\/empresas.infoempleo.com\/hrtrends\/analisis-gap-o-analisis-de-brechas-para-medir-el-desempeno\/#breadcrumb","itemListElement":[{"@type":"ListItem","position":1,"name":"Portada","item":"https:\/\/empresas.infoempleo.com\/hrtrends\/"},{"@type":"ListItem","position":2,"name":"An\u00e1lisis GAP o an\u00e1lisis de brechas para medir el desempe\u00f1o"}]},{"@type":"WebSite","@id":"https:\/\/empresas.infoempleo.com\/hrtrends\/#website","url":"https:\/\/empresas.infoempleo.com\/hrtrends","name":"HRTrends by Infoempleo","description":"","publisher":{"@id":"https:\/\/empresas.infoempleo.com\/hrtrends\/#organization"},"potentialAction":{"@type":"SearchAction","target":"https:\/\/empresas.infoempleo.com\/hrtrends\/?s={search_term_string}","query-input":"required name=search_term_string"},"inLanguage":"es"},{"@type":"Organization","@id":"https:\/\/empresas.infoempleo.com\/hrtrends\/#organization","name":"Infoempleo","url":"https:\/\/www.infoempleo.com\/","logo":{"@type":"ImageObject","@id":"https:\/\/empresas.infoempleo.com\/hrtrends\/#logo","inLanguage":"es","url":"https:\/\/cdnazure.infoempleo.com\/infoempleo\/assets\/style\/gfx\/logo.svg","contentUrl":"https:\/\/cdnazure.infoempleo.com\/infoempleo\/assets\/style\/gfx\/logo.svg","width":150,"height":40,"caption":"Infoempleo"},"image":{"@id":"https:\/\/empresas.infoempleo.com\/hrtrends\/#logo"},"sameAs":["https:\/\/www.facebook.com\/Infoempleo","https:\/\/x.com\/infoempleo","http:\/\/instagram.com\/infoempleo\/","http:\/\/www.linkedin.com\/groups\/Empleo-Espa\u00f1a-Infoempleocom-111276","http:\/\/pinterest.com\/infoempleo\/"],"address":{"@type":"PostalAddress","addressLocality":"Madrid","postalCode":"28050","streetAddress":"Avenida de Burgos 114"},"brand":["Infoempleo"]},{"@type":"Person","@id":"https:\/\/empresas.infoempleo.com\/hrtrends\/#\/schema\/person\/32ca57975913668419d075627a98dafe","name":"Luisa Carrasco","image":{"@type":"ImageObject","inLanguage":"es","@id":"https:\/\/empresas.infoempleo.com\/hrtrends\/#\/schema\/person\/image\/","url":"https:\/\/secure.gravatar.com\/avatar\/8cc7d7a784a8289007bbfddcef37ed7157c6ae70e89183748ddf5858d9133c86?s=96&d=mm&r=g","contentUrl":"https:\/\/secure.gravatar.com\/avatar\/8cc7d7a784a8289007bbfddcef37ed7157c6ae70e89183748ddf5858d9133c86?s=96&d=mm&r=g","caption":"Luisa Carrasco"},"description":"Licenciada en Sociolog\u00eda y posgrado en gesti\u00f3n de la comunicaci\u00f3n para organizaciones culturales. Me interesa todo lo que tiene que ver con la organizaci\u00f3n e integraci\u00f3n de los distintos agentes sociales. El \u00e1mbito laboral y el de la educaci\u00f3n y formaci\u00f3n es el punto de encuentro de gran parte de estos actores. Estoy al tanto de los temas de actualidad laboral, las tendencias en el mercado del trabajo, las nuevas iniciativas en el tejido empresarial y las propuestas de innovaci\u00f3n en materia de educaci\u00f3n y formaci\u00f3n. Por lo general, escribo en el blog de Infoempleo tres veces por semana.","url":"https:\/\/empresas.infoempleo.com\/hrtrends\/author\/luisaagenciayerro\/"}]}},"amp_enabled":true,"_links":{"self":[{"href":"https:\/\/empresas.infoempleo.com\/hrtrends\/wp-json\/wp\/v2\/posts\/39042","targetHints":{"allow":["GET"]}}],"collection":[{"href":"https:\/\/empresas.infoempleo.com\/hrtrends\/wp-json\/wp\/v2\/posts"}],"about":[{"href":"https:\/\/empresas.infoempleo.com\/hrtrends\/wp-json\/wp\/v2\/types\/post"}],"author":[{"embeddable":true,"href":"https:\/\/empresas.infoempleo.com\/hrtrends\/wp-json\/wp\/v2\/users\/29"}],"replies":[{"embeddable":true,"href":"https:\/\/empresas.infoempleo.com\/hrtrends\/wp-json\/wp\/v2\/comments?post=39042"}],"version-history":[{"count":5,"href":"https:\/\/empresas.infoempleo.com\/hrtrends\/wp-json\/wp\/v2\/posts\/39042\/revisions"}],"predecessor-version":[{"id":42817,"href":"https:\/\/empresas.infoempleo.com\/hrtrends\/wp-json\/wp\/v2\/posts\/39042\/revisions\/42817"}],"wp:featuredmedia":[{"embeddable":true,"href":"https:\/\/empresas.infoempleo.com\/hrtrends\/wp-json\/wp\/v2\/media\/39045"}],"wp:attachment":[{"href":"https:\/\/empresas.infoempleo.com\/hrtrends\/wp-json\/wp\/v2\/media?parent=39042"}],"wp:term":[{"taxonomy":"category","embeddable":true,"href":"https:\/\/empresas.infoempleo.com\/hrtrends\/wp-json\/wp\/v2\/categories?post=39042"},{"taxonomy":"post_tag","embeddable":true,"href":"https:\/\/empresas.infoempleo.com\/hrtrends\/wp-json\/wp\/v2\/tags?post=39042"}],"curies":[{"name":"wp","href":"https:\/\/api.w.org\/{rel}","templated":true}]}}