{"id":39037,"date":"2021-08-25T07:30:34","date_gmt":"2021-08-25T05:30:34","guid":{"rendered":"https:\/\/empresas.infoempleo.com\/hrtrends\/?p=39037"},"modified":"2021-08-21T08:48:20","modified_gmt":"2021-08-21T06:48:20","slug":"aire-acondicionado-es-seguro-para-los-trabajadores","status":"publish","type":"post","link":"https:\/\/empresas.infoempleo.com\/hrtrends\/aire-acondicionado-es-seguro-para-los-trabajadores\/","title":{"rendered":"Aire acondicionado, \u00bfes seguro para los trabajadores?"},"content":{"rendered":"<p>Una palabra: <strong>ventilar<\/strong>. El contexto laboral que debe ser protegido por el plan de prevenci\u00f3n de riesgos laborales (<a href=\"https:\/\/empresas.infoempleo.com\/hrtrends\/apps-para-la-prevencion-de-riesgos-laborales\/\"><strong>PRL<\/strong><\/a>) implica la ventilaci\u00f3n. Las condiciones <strong>\u00f3ptimas<\/strong> permitir\u00edan la corriente <strong>natural<\/strong> entre ventanas o puertas. Sin embargo, por el calor o por la infraestructura de los espacios, en muchas ocasiones vas a recurrir al <strong>aire acondicionado<\/strong>. La clave, para que sea <strong>seguro<\/strong> para la plantilla, est\u00e1 en la <strong>renovaci\u00f3n<\/strong> del aire y no el enfriamiento circular del aire interior.<\/p>\n<p><!--more--><\/p>\n<h2>Ventilaci\u00f3n y aire acondicionado<\/h2>\n<p>La <strong>ventilaci\u00f3n<\/strong> es clave para evitar el contagio de enfermedades de <strong>transmisi\u00f3n a\u00e9rea <\/strong>como es el caso del <strong>coronavirus<\/strong>. La evidencia cient\u00edfica actual indica que el COVID-19 se propaga principalmente a trav\u00e9s de grandes gotas respiratorias, as\u00ed como peque\u00f1as part\u00edculas exhaladas llamadas <strong>aerosoles<\/strong>, que pueden permanecer en espacios interiores durante largos per\u00edodos de tiempo, particularmente si los espacios est\u00e1n cerrados y mal ventilados.<\/p>\n<p>Esto no significa que sea la \u00fanica medida a tomar. Ya sab\u00e9is que es <strong>necesario<\/strong> en interiores seguir usando <strong>mascarilla<\/strong>, limpiarse las manos y guardar la <strong>distancia<\/strong> de seguridad. Pero vigilar la contaminaci\u00f3n del aire en el lugar de trabajo es una de las condiciones fundamentales. Se suele comparar la experiencia como si alguien estuviera fumando en la habitaci\u00f3n. El humo se propaga y mientras que est\u00e1 en el aire otros pueden respirarlo. El caso es similar solo que el coronavirus es transparente a nuestros ojos.<\/p>\n<p>Ya desde junio de 2020, un grupo de expertos entreg\u00f3 a la OMS un informe que pon\u00eda \u00e9nfasis en <strong>tres medidas imprescindibles<\/strong> para garantizar la salud de las personas en espacios cerrados:<\/p>\n<ul>\n<li>Aumentar el <strong>flujo<\/strong> de aire, renov\u00e1ndolo.<\/li>\n<li>Asegurar tasas de <strong>filtraci\u00f3n<\/strong>, con revisi\u00f3n peri\u00f3dica.<\/li>\n<li>Visibilizar monitores que permitan ver los niveles de CO2, la calidad del aire y el aforo en cada momento.<\/li>\n<\/ul>\n<p><img loading=\"lazy\" decoding=\"async\" class=\"aligncenter size-full wp-image-39038\" src=\"https:\/\/empresas.infoempleo.com\/hrtrends\/media\/2021\/08\/HRTrends_Prevencion-en-climatizacion.jpg\" alt=\"Ventilaci\u00f3n y aire acondicionado\" width=\"800\" height=\"534\" srcset=\"https:\/\/empresas.infoempleo.com\/hrtrends\/media\/2021\/08\/HRTrends_Prevencion-en-climatizacion.jpg 800w, https:\/\/empresas.infoempleo.com\/hrtrends\/media\/2021\/08\/HRTrends_Prevencion-en-climatizacion-300x200.jpg 300w, https:\/\/empresas.infoempleo.com\/hrtrends\/media\/2021\/08\/HRTrends_Prevencion-en-climatizacion-768x513.jpg 768w\" sizes=\"auto, (max-width: 800px) 100vw, 800px\" \/><\/p>\n<h2>Plan de control del aire en interiores<\/h2>\n<p>Vigilar el estado del aire incluye, adem\u00e1s de los niveles de CO2, el olor, la temperatura y la humedad. Y en la actualidad, se han a\u00f1adido est\u00e1ndares para controlar los <strong>pat\u00f3genos<\/strong>. Parece haber acuerdo en <strong>no recomendar los sistemas de purificaci\u00f3n<\/strong> que realizan sobre el aire un tratamiento <strong>fisicoqu\u00edmico<\/strong>.<\/p>\n<p>En el caso de utilizar la ventilaci\u00f3n natural y colocar en el interior ventiladores, estos deben apuntar hacia puertas y ventanas, de tal manera que renueven el aire y no lo muevan entre las personas, aumentando el riesgo de contagio en el caso de que alguna est\u00e9 infectada.<\/p>\n<p>La <a href=\"https:\/\/empresas.infoempleo.com\/hrtrends\/que-implica-el-incumplimiento-de-las-normas-de-prevencion-de-riesgos-laborales\"><strong>normativa vigila<\/strong><\/a> que se cumplan estos requisitos, as\u00ed como la <strong>inspecci\u00f3n<\/strong> de los aparatos de aire acondicionado, asegur\u00e1ndose de que funcionan correctamente. Las empresas deben cumplir el<strong> Reglamento de Instalaciones T\u00e9rmicas de Edificios<\/strong> (RITE) y seguir las recomendaciones marcadas por el Ministerio de Sanidad para minimizar el riesgo de contagio asociado a la climatizaci\u00f3n. Idealmente, la eficiencia del <strong>filtro<\/strong> deber\u00eda ser <strong>MERV 13 o mayor<\/strong>. Se aconseja ampliar el horario de uso de los aparatos de aire acondicionado incluso antes y despu\u00e9s de que la plantilla est\u00e9 en el interior, de cara a limpiar posibles residuos pat\u00f3genos.<\/p>\n<p>Por \u00faltimo, puedes mejorar la PRL instalando filtros de aire port\u00e1tiles, com\u00fanmente llamados <strong>filtros HEPA<\/strong>, que al usarlos en espacios interiores, aumentan la eliminaci\u00f3n de peque\u00f1as part\u00edculas en el aire.<\/p>\n","protected":false},"excerpt":{"rendered":"<p>Una palabra: ventilar. El contexto laboral que debe ser protegido por el plan de prevenci\u00f3n de riesgos laborales<a class=\"moretag\" href=\"https:\/\/empresas.infoempleo.com\/hrtrends\/aire-acondicionado-es-seguro-para-los-trabajadores\/\"> Leer m\u00e1s<\/a><\/p>\n","protected":false},"author":136,"featured_media":39039,"comment_status":"closed","ping_status":"closed","sticky":false,"template":"","format":"standard","meta":{"footnotes":""},"categories":[3035],"tags":[540,1049,18],"class_list":["post-39037","post","type-post","status-publish","format-standard","has-post-thumbnail","hentry","category-consejos","tag-consejos-2","tag-empleados","tag-empresa"],"yoast_head":"<!-- This site is optimized with the Yoast SEO plugin v26.1.1 - https:\/\/yoast.com\/wordpress\/plugins\/seo\/ -->\n<title>Aire acondicionado, \u00bfes seguro para los trabajadores? | HRTRENDS<\/title>\n<meta name=\"description\" content=\"Aire acondicionado: la clave, para que sea seguro para la plantilla, est\u00e1 en la renovaci\u00f3n del aire y no el enfriamiento circular del aire interior.\" \/>\n<meta name=\"robots\" content=\"index, follow, max-snippet:-1, max-image-preview:large, max-video-preview:-1\" \/>\n<link rel=\"canonical\" href=\"https:\/\/empresas.infoempleo.com\/hrtrends\/aire-acondicionado-es-seguro-para-los-trabajadores\/\" \/>\n<meta property=\"og:locale\" content=\"es_ES\" \/>\n<meta property=\"og:type\" content=\"article\" \/>\n<meta property=\"og:title\" content=\"Aire acondicionado, \u00bfes seguro para los trabajadores? | HRTRENDS\" \/>\n<meta property=\"og:description\" content=\"Aire acondicionado: la clave, para que sea seguro para la plantilla, est\u00e1 en la renovaci\u00f3n del aire y no el enfriamiento circular del aire interior.\" \/>\n<meta property=\"og:url\" content=\"https:\/\/empresas.infoempleo.com\/hrtrends\/aire-acondicionado-es-seguro-para-los-trabajadores\/\" \/>\n<meta property=\"og:site_name\" content=\"HRTRENDS\" \/>\n<meta property=\"article:publisher\" content=\"https:\/\/www.facebook.com\/Infoempleo\" \/>\n<meta property=\"article:published_time\" content=\"2021-08-25T05:30:34+00:00\" \/>\n<meta property=\"og:image\" content=\"https:\/\/empresas.infoempleo.com\/hrtrends\/media\/2021\/08\/HRTrends_Aire-acondicionado.jpg\" \/>\n\t<meta property=\"og:image:width\" content=\"881\" \/>\n\t<meta property=\"og:image:height\" content=\"587\" \/>\n\t<meta property=\"og:image:type\" content=\"image\/jpeg\" \/>\n<meta name=\"author\" content=\"Raquel Hern\u00e1ndez\" \/>\n<meta name=\"twitter:card\" content=\"summary_large_image\" \/>\n<meta name=\"twitter:creator\" content=\"@infoempleo\" \/>\n<meta name=\"twitter:site\" content=\"@infoempleo\" \/>\n<meta name=\"twitter:label1\" content=\"Escrito por\" \/>\n\t<meta name=\"twitter:data1\" content=\"Raquel Hern\u00e1ndez\" \/>\n\t<meta name=\"twitter:label2\" content=\"Tiempo de lectura\" \/>\n\t<meta name=\"twitter:data2\" content=\"3 minutos\" \/>\n<script type=\"application\/ld+json\" class=\"yoast-schema-graph\">{\"@context\":\"https:\/\/schema.org\",\"@graph\":[{\"@type\":\"NewsArticle\",\"@id\":\"https:\/\/empresas.infoempleo.com\/hrtrends\/aire-acondicionado-es-seguro-para-los-trabajadores\/#article\",\"isPartOf\":{\"@id\":\"https:\/\/empresas.infoempleo.com\/hrtrends\/aire-acondicionado-es-seguro-para-los-trabajadores\/\"},\"author\":{\"name\":\"Raquel Hern\u00e1ndez\",\"@id\":\"https:\/\/empresas.infoempleo.com\/hrtrends\/#\/schema\/person\/fb2f949a1461ff0e9e15996d82d3a787\"},\"headline\":\"Aire acondicionado, \u00bfes seguro para los trabajadores?\",\"datePublished\":\"2021-08-25T05:30:34+00:00\",\"mainEntityOfPage\":{\"@id\":\"https:\/\/empresas.infoempleo.com\/hrtrends\/aire-acondicionado-es-seguro-para-los-trabajadores\/\"},\"wordCount\":572,\"publisher\":{\"@id\":\"https:\/\/empresas.infoempleo.com\/hrtrends\/#organization\"},\"image\":{\"@id\":\"https:\/\/empresas.infoempleo.com\/hrtrends\/aire-acondicionado-es-seguro-para-los-trabajadores\/#primaryimage\"},\"thumbnailUrl\":\"https:\/\/empresas.infoempleo.com\/hrtrends\/media\/2021\/08\/HRTrends_Aire-acondicionado.jpg\",\"keywords\":[\"consejos\",\"empleados\",\"empresa\"],\"articleSection\":[\"Consejos\"],\"inLanguage\":\"es\",\"copyrightYear\":\"2021\",\"copyrightHolder\":{\"@id\":\"https:\/\/empresas.infoempleo.com\/hrtrends\/#organization\"}},{\"@type\":\"WebPage\",\"@id\":\"https:\/\/empresas.infoempleo.com\/hrtrends\/aire-acondicionado-es-seguro-para-los-trabajadores\/\",\"url\":\"https:\/\/empresas.infoempleo.com\/hrtrends\/aire-acondicionado-es-seguro-para-los-trabajadores\/\",\"name\":\"Aire acondicionado, \u00bfes seguro para los trabajadores? | HRTRENDS\",\"isPartOf\":{\"@id\":\"https:\/\/empresas.infoempleo.com\/hrtrends\/#website\"},\"primaryImageOfPage\":{\"@id\":\"https:\/\/empresas.infoempleo.com\/hrtrends\/aire-acondicionado-es-seguro-para-los-trabajadores\/#primaryimage\"},\"image\":{\"@id\":\"https:\/\/empresas.infoempleo.com\/hrtrends\/aire-acondicionado-es-seguro-para-los-trabajadores\/#primaryimage\"},\"thumbnailUrl\":\"https:\/\/empresas.infoempleo.com\/hrtrends\/media\/2021\/08\/HRTrends_Aire-acondicionado.jpg\",\"datePublished\":\"2021-08-25T05:30:34+00:00\",\"description\":\"Aire acondicionado: la clave, para que sea seguro para la plantilla, est\u00e1 en la renovaci\u00f3n del aire y no el enfriamiento circular del aire interior.\",\"breadcrumb\":{\"@id\":\"https:\/\/empresas.infoempleo.com\/hrtrends\/aire-acondicionado-es-seguro-para-los-trabajadores\/#breadcrumb\"},\"inLanguage\":\"es\",\"potentialAction\":[{\"@type\":\"ReadAction\",\"target\":[\"https:\/\/empresas.infoempleo.com\/hrtrends\/aire-acondicionado-es-seguro-para-los-trabajadores\/\"]}]},{\"@type\":\"ImageObject\",\"inLanguage\":\"es\",\"@id\":\"https:\/\/empresas.infoempleo.com\/hrtrends\/aire-acondicionado-es-seguro-para-los-trabajadores\/#primaryimage\",\"url\":\"https:\/\/empresas.infoempleo.com\/hrtrends\/media\/2021\/08\/HRTrends_Aire-acondicionado-150x150.jpg\",\"contentUrl\":\"https:\/\/empresas.infoempleo.com\/hrtrends\/media\/2021\/08\/HRTrends_Aire-acondicionado-150x150.jpg\",\"width\":150,\"height\":150,\"caption\":\"Aire acondicionado, \u00bfes seguro para los trabajadores?\"},{\"@type\":\"BreadcrumbList\",\"@id\":\"https:\/\/empresas.infoempleo.com\/hrtrends\/aire-acondicionado-es-seguro-para-los-trabajadores\/#breadcrumb\",\"itemListElement\":[{\"@type\":\"ListItem\",\"position\":1,\"name\":\"Portada\",\"item\":\"https:\/\/empresas.infoempleo.com\/hrtrends\/\"},{\"@type\":\"ListItem\",\"position\":2,\"name\":\"Aire acondicionado, \u00bfes seguro para los trabajadores?\"}]},{\"@type\":\"WebSite\",\"@id\":\"https:\/\/empresas.infoempleo.com\/hrtrends\/#website\",\"url\":\"https:\/\/empresas.infoempleo.com\/hrtrends\",\"name\":\"HRTrends by Infoempleo\",\"description\":\"\",\"publisher\":{\"@id\":\"https:\/\/empresas.infoempleo.com\/hrtrends\/#organization\"},\"potentialAction\":{\"@type\":\"SearchAction\",\"target\":\"https:\/\/empresas.infoempleo.com\/hrtrends\/?s={search_term_string}\",\"query-input\":\"required name=search_term_string\"},\"inLanguage\":\"es\"},{\"@type\":\"Organization\",\"@id\":\"https:\/\/empresas.infoempleo.com\/hrtrends\/#organization\",\"name\":\"Infoempleo\",\"url\":\"https:\/\/www.infoempleo.com\/\",\"logo\":{\"@type\":\"ImageObject\",\"@id\":\"https:\/\/empresas.infoempleo.com\/hrtrends\/#logo\",\"inLanguage\":\"es\",\"url\":\"https:\/\/cdnazure.infoempleo.com\/infoempleo\/assets\/style\/gfx\/logo.svg\",\"contentUrl\":\"https:\/\/cdnazure.infoempleo.com\/infoempleo\/assets\/style\/gfx\/logo.svg\",\"width\":150,\"height\":40,\"caption\":\"Infoempleo\"},\"image\":{\"@id\":\"https:\/\/empresas.infoempleo.com\/hrtrends\/#logo\"},\"sameAs\":[\"https:\/\/www.facebook.com\/Infoempleo\",\"https:\/\/x.com\/infoempleo\",\"http:\/\/instagram.com\/infoempleo\/\",\"http:\/\/www.linkedin.com\/groups\/Empleo-Espa\u00f1a-Infoempleocom-111276\",\"http:\/\/pinterest.com\/infoempleo\/\"],\"address\":{\"@type\":\"PostalAddress\",\"addressLocality\":\"Madrid\",\"postalCode\":\"28050\",\"streetAddress\":\"Avenida de Burgos 114\"},\"brand\":[\"Infoempleo\"]},{\"@type\":\"Person\",\"@id\":\"https:\/\/empresas.infoempleo.com\/hrtrends\/#\/schema\/person\/fb2f949a1461ff0e9e15996d82d3a787\",\"name\":\"Raquel Hern\u00e1ndez\",\"image\":{\"@type\":\"ImageObject\",\"inLanguage\":\"es\",\"@id\":\"https:\/\/empresas.infoempleo.com\/hrtrends\/#\/schema\/person\/image\/\",\"url\":\"https:\/\/secure.gravatar.com\/avatar\/4ccd374b24ab5eefd1b7681d8be968df221a577fa3ffa9dc4bb4b537645dc6a2?s=96&d=mm&r=g\",\"contentUrl\":\"https:\/\/secure.gravatar.com\/avatar\/4ccd374b24ab5eefd1b7681d8be968df221a577fa3ffa9dc4bb4b537645dc6a2?s=96&d=mm&r=g\",\"caption\":\"Raquel Hern\u00e1ndez\"},\"description\":\"M\u00e1ster en Filosof\u00eda Contempor\u00e1nea y Diploma Experto en Salud y G\u00e9nero. Extensa experiencia profesional como directora y productora de eventos culturales, especializada en el sector editorial. Lectora profesional y redactora de contenidos relacionados con el empleo, la innovaci\u00f3n y la educaci\u00f3n.\",\"url\":\"https:\/\/empresas.infoempleo.com\/hrtrends\/author\/raquel-hernandez\/\"}]}<\/script>\n<!-- \/ Yoast SEO plugin. -->","yoast_head_json":{"title":"Aire acondicionado, \u00bfes seguro para los trabajadores? | HRTRENDS","description":"Aire acondicionado: la clave, para que sea seguro para la plantilla, est\u00e1 en la renovaci\u00f3n del aire y no el enfriamiento circular del aire interior.","robots":{"index":"index","follow":"follow","max-snippet":"max-snippet:-1","max-image-preview":"max-image-preview:large","max-video-preview":"max-video-preview:-1"},"canonical":"https:\/\/empresas.infoempleo.com\/hrtrends\/aire-acondicionado-es-seguro-para-los-trabajadores\/","og_locale":"es_ES","og_type":"article","og_title":"Aire acondicionado, \u00bfes seguro para los trabajadores? | HRTRENDS","og_description":"Aire acondicionado: la clave, para que sea seguro para la plantilla, est\u00e1 en la renovaci\u00f3n del aire y no el enfriamiento circular del aire interior.","og_url":"https:\/\/empresas.infoempleo.com\/hrtrends\/aire-acondicionado-es-seguro-para-los-trabajadores\/","og_site_name":"HRTRENDS","article_publisher":"https:\/\/www.facebook.com\/Infoempleo","article_published_time":"2021-08-25T05:30:34+00:00","og_image":[{"width":881,"height":587,"url":"https:\/\/empresas.infoempleo.com\/hrtrends\/media\/2021\/08\/HRTrends_Aire-acondicionado.jpg","type":"image\/jpeg"}],"author":"Raquel Hern\u00e1ndez","twitter_card":"summary_large_image","twitter_creator":"@infoempleo","twitter_site":"@infoempleo","twitter_misc":{"Escrito por":"Raquel Hern\u00e1ndez","Tiempo de lectura":"3 minutos"},"schema":{"@context":"https:\/\/schema.org","@graph":[{"@type":"NewsArticle","@id":"https:\/\/empresas.infoempleo.com\/hrtrends\/aire-acondicionado-es-seguro-para-los-trabajadores\/#article","isPartOf":{"@id":"https:\/\/empresas.infoempleo.com\/hrtrends\/aire-acondicionado-es-seguro-para-los-trabajadores\/"},"author":{"name":"Raquel Hern\u00e1ndez","@id":"https:\/\/empresas.infoempleo.com\/hrtrends\/#\/schema\/person\/fb2f949a1461ff0e9e15996d82d3a787"},"headline":"Aire acondicionado, \u00bfes seguro para los trabajadores?","datePublished":"2021-08-25T05:30:34+00:00","mainEntityOfPage":{"@id":"https:\/\/empresas.infoempleo.com\/hrtrends\/aire-acondicionado-es-seguro-para-los-trabajadores\/"},"wordCount":572,"publisher":{"@id":"https:\/\/empresas.infoempleo.com\/hrtrends\/#organization"},"image":{"@id":"https:\/\/empresas.infoempleo.com\/hrtrends\/aire-acondicionado-es-seguro-para-los-trabajadores\/#primaryimage"},"thumbnailUrl":"https:\/\/empresas.infoempleo.com\/hrtrends\/media\/2021\/08\/HRTrends_Aire-acondicionado.jpg","keywords":["consejos","empleados","empresa"],"articleSection":["Consejos"],"inLanguage":"es","copyrightYear":"2021","copyrightHolder":{"@id":"https:\/\/empresas.infoempleo.com\/hrtrends\/#organization"}},{"@type":"WebPage","@id":"https:\/\/empresas.infoempleo.com\/hrtrends\/aire-acondicionado-es-seguro-para-los-trabajadores\/","url":"https:\/\/empresas.infoempleo.com\/hrtrends\/aire-acondicionado-es-seguro-para-los-trabajadores\/","name":"Aire acondicionado, \u00bfes seguro para los trabajadores? | HRTRENDS","isPartOf":{"@id":"https:\/\/empresas.infoempleo.com\/hrtrends\/#website"},"primaryImageOfPage":{"@id":"https:\/\/empresas.infoempleo.com\/hrtrends\/aire-acondicionado-es-seguro-para-los-trabajadores\/#primaryimage"},"image":{"@id":"https:\/\/empresas.infoempleo.com\/hrtrends\/aire-acondicionado-es-seguro-para-los-trabajadores\/#primaryimage"},"thumbnailUrl":"https:\/\/empresas.infoempleo.com\/hrtrends\/media\/2021\/08\/HRTrends_Aire-acondicionado.jpg","datePublished":"2021-08-25T05:30:34+00:00","description":"Aire acondicionado: la clave, para que sea seguro para la plantilla, est\u00e1 en la renovaci\u00f3n del aire y no el enfriamiento circular del aire interior.","breadcrumb":{"@id":"https:\/\/empresas.infoempleo.com\/hrtrends\/aire-acondicionado-es-seguro-para-los-trabajadores\/#breadcrumb"},"inLanguage":"es","potentialAction":[{"@type":"ReadAction","target":["https:\/\/empresas.infoempleo.com\/hrtrends\/aire-acondicionado-es-seguro-para-los-trabajadores\/"]}]},{"@type":"ImageObject","inLanguage":"es","@id":"https:\/\/empresas.infoempleo.com\/hrtrends\/aire-acondicionado-es-seguro-para-los-trabajadores\/#primaryimage","url":"https:\/\/empresas.infoempleo.com\/hrtrends\/media\/2021\/08\/HRTrends_Aire-acondicionado-150x150.jpg","contentUrl":"https:\/\/empresas.infoempleo.com\/hrtrends\/media\/2021\/08\/HRTrends_Aire-acondicionado-150x150.jpg","width":150,"height":150,"caption":"Aire acondicionado, \u00bfes seguro para los trabajadores?"},{"@type":"BreadcrumbList","@id":"https:\/\/empresas.infoempleo.com\/hrtrends\/aire-acondicionado-es-seguro-para-los-trabajadores\/#breadcrumb","itemListElement":[{"@type":"ListItem","position":1,"name":"Portada","item":"https:\/\/empresas.infoempleo.com\/hrtrends\/"},{"@type":"ListItem","position":2,"name":"Aire acondicionado, \u00bfes seguro para los trabajadores?"}]},{"@type":"WebSite","@id":"https:\/\/empresas.infoempleo.com\/hrtrends\/#website","url":"https:\/\/empresas.infoempleo.com\/hrtrends","name":"HRTrends by Infoempleo","description":"","publisher":{"@id":"https:\/\/empresas.infoempleo.com\/hrtrends\/#organization"},"potentialAction":{"@type":"SearchAction","target":"https:\/\/empresas.infoempleo.com\/hrtrends\/?s={search_term_string}","query-input":"required name=search_term_string"},"inLanguage":"es"},{"@type":"Organization","@id":"https:\/\/empresas.infoempleo.com\/hrtrends\/#organization","name":"Infoempleo","url":"https:\/\/www.infoempleo.com\/","logo":{"@type":"ImageObject","@id":"https:\/\/empresas.infoempleo.com\/hrtrends\/#logo","inLanguage":"es","url":"https:\/\/cdnazure.infoempleo.com\/infoempleo\/assets\/style\/gfx\/logo.svg","contentUrl":"https:\/\/cdnazure.infoempleo.com\/infoempleo\/assets\/style\/gfx\/logo.svg","width":150,"height":40,"caption":"Infoempleo"},"image":{"@id":"https:\/\/empresas.infoempleo.com\/hrtrends\/#logo"},"sameAs":["https:\/\/www.facebook.com\/Infoempleo","https:\/\/x.com\/infoempleo","http:\/\/instagram.com\/infoempleo\/","http:\/\/www.linkedin.com\/groups\/Empleo-Espa\u00f1a-Infoempleocom-111276","http:\/\/pinterest.com\/infoempleo\/"],"address":{"@type":"PostalAddress","addressLocality":"Madrid","postalCode":"28050","streetAddress":"Avenida de Burgos 114"},"brand":["Infoempleo"]},{"@type":"Person","@id":"https:\/\/empresas.infoempleo.com\/hrtrends\/#\/schema\/person\/fb2f949a1461ff0e9e15996d82d3a787","name":"Raquel Hern\u00e1ndez","image":{"@type":"ImageObject","inLanguage":"es","@id":"https:\/\/empresas.infoempleo.com\/hrtrends\/#\/schema\/person\/image\/","url":"https:\/\/secure.gravatar.com\/avatar\/4ccd374b24ab5eefd1b7681d8be968df221a577fa3ffa9dc4bb4b537645dc6a2?s=96&d=mm&r=g","contentUrl":"https:\/\/secure.gravatar.com\/avatar\/4ccd374b24ab5eefd1b7681d8be968df221a577fa3ffa9dc4bb4b537645dc6a2?s=96&d=mm&r=g","caption":"Raquel Hern\u00e1ndez"},"description":"M\u00e1ster en Filosof\u00eda Contempor\u00e1nea y Diploma Experto en Salud y G\u00e9nero. Extensa experiencia profesional como directora y productora de eventos culturales, especializada en el sector editorial. Lectora profesional y redactora de contenidos relacionados con el empleo, la innovaci\u00f3n y la educaci\u00f3n.","url":"https:\/\/empresas.infoempleo.com\/hrtrends\/author\/raquel-hernandez\/"}]}},"amp_enabled":true,"_links":{"self":[{"href":"https:\/\/empresas.infoempleo.com\/hrtrends\/wp-json\/wp\/v2\/posts\/39037","targetHints":{"allow":["GET"]}}],"collection":[{"href":"https:\/\/empresas.infoempleo.com\/hrtrends\/wp-json\/wp\/v2\/posts"}],"about":[{"href":"https:\/\/empresas.infoempleo.com\/hrtrends\/wp-json\/wp\/v2\/types\/post"}],"author":[{"embeddable":true,"href":"https:\/\/empresas.infoempleo.com\/hrtrends\/wp-json\/wp\/v2\/users\/136"}],"replies":[{"embeddable":true,"href":"https:\/\/empresas.infoempleo.com\/hrtrends\/wp-json\/wp\/v2\/comments?post=39037"}],"version-history":[{"count":1,"href":"https:\/\/empresas.infoempleo.com\/hrtrends\/wp-json\/wp\/v2\/posts\/39037\/revisions"}],"predecessor-version":[{"id":39040,"href":"https:\/\/empresas.infoempleo.com\/hrtrends\/wp-json\/wp\/v2\/posts\/39037\/revisions\/39040"}],"wp:featuredmedia":[{"embeddable":true,"href":"https:\/\/empresas.infoempleo.com\/hrtrends\/wp-json\/wp\/v2\/media\/39039"}],"wp:attachment":[{"href":"https:\/\/empresas.infoempleo.com\/hrtrends\/wp-json\/wp\/v2\/media?parent=39037"}],"wp:term":[{"taxonomy":"category","embeddable":true,"href":"https:\/\/empresas.infoempleo.com\/hrtrends\/wp-json\/wp\/v2\/categories?post=39037"},{"taxonomy":"post_tag","embeddable":true,"href":"https:\/\/empresas.infoempleo.com\/hrtrends\/wp-json\/wp\/v2\/tags?post=39037"}],"curies":[{"name":"wp","href":"https:\/\/api.w.org\/{rel}","templated":true}]}}