{"id":39010,"date":"2021-08-20T07:30:31","date_gmt":"2021-08-20T05:30:31","guid":{"rendered":"https:\/\/empresas.infoempleo.com\/hrtrends\/?p=39010"},"modified":"2021-08-15T11:05:57","modified_gmt":"2021-08-15T09:05:57","slug":"mapas-de-wardley-te-ayudaran-a-idear-estrategias","status":"publish","type":"post","link":"https:\/\/empresas.infoempleo.com\/hrtrends\/mapas-de-wardley-te-ayudaran-a-idear-estrategias\/","title":{"rendered":"Mapas de Wardley, te ayudar\u00e1n a idear estrategias"},"content":{"rendered":"<p><strong>Simon Wardley<\/strong> sinti\u00f3 la necesidad de dise\u00f1ar una herramienta adecuada para definir <strong>estrategias en entornos complejos<\/strong> y con alto grado de incertidumbre. \u00bfTe suena? Los <strong>mapas<\/strong> de Wardley son instrumentos eficaces para aplicarlos tanto en tu proyecto personal o profesional como a nivel de empresa. Parte del an\u00e1lisis de los cinco <strong>elementos<\/strong> que ya se\u00f1al\u00f3 Sun Tzu en \u201cEl arte de la guerra\u201d: <strong>prop\u00f3sito, paisaje, clima, doctrina y liderazgo.<\/strong><\/p>\n<p><!--more--><\/p>\n<h2>Contexto de los mapas de Wardley<\/h2>\n<p>Todo el mundo siente la \u201cllamada de lo salvaje\u201d y piensa en lo rom\u00e1ntico y apasionado de dejarse llevar, vivir libre y conducirse a la deriva del azar. Como tarde de s\u00e1bado, ni tan mal, pero en los negocios y como proyecto vital, sueles encontrarte con sustos que poco ten\u00edan que ver con el escenario ideal. Encaminarse en el <strong>bosque sin mapa<\/strong> puede ser una experiencia gratificante siempre que el <strong>clima<\/strong> lo permita y la <strong>geograf\u00eda<\/strong> no nos juegue una mala pasada. Y ojo con el resto de habitantes o de caminantes a la deriva entre \u00e1rboles. En este contexto, es en el que <strong>Simon Wardley<\/strong> desarrolla su metodolog\u00eda de <strong><em>mapear<\/em><\/strong> la realidad para configurar una <a href=\"https:\/\/empresas.infoempleo.com\/hrtrends\/desarrollar-la-vision-estrategica-de-los-mandos-intermedios\/\"><strong>estrategia<\/strong><\/a>.<\/p>\n<p>Lo primero que tienes que distinguir en tu d\u00eda a d\u00eda es la t\u00e1ctica de la estrategia. La primera es poner el caf\u00e9 a calentar, lo cual es una <strong>acci\u00f3n directa<\/strong> con unos resultados. Ahora que cuando necesitas dise\u00f1ar la estrategia, ya tienes que pensar en ir a comprarlo, en contar con cierta log\u00edstica, como cafetera y electricidad o gas, en el presupuesto disponible as\u00ed como la cantidad de caf\u00e9 que vas a consumir y en cu\u00e1nto tiempo. En fin, si decides no preparar los pasos a seguir, probablemente a mitad del mes, tengas que pasarte al t\u00e9.<\/p>\n<p>Si has llegado ya a la conclusi\u00f3n de que necesitas una <strong>orientaci\u00f3n para planificar<\/strong> y obtener los <strong>mejores resultados<\/strong>, ya sea en el plano personal como en el profesional, los mapas de Wardley son una <strong>herramienta muy \u00fatil y aplicable<\/strong> a distintos niveles de complejidad.<\/p>\n<p><img loading=\"lazy\" decoding=\"async\" class=\"aligncenter size-full wp-image-39011\" src=\"https:\/\/empresas.infoempleo.com\/hrtrends\/media\/2021\/08\/HRTrends_Mapas-estrategias.jpg\" alt=\"Contexto de los mapas de Wardley\" width=\"800\" height=\"533\" srcset=\"https:\/\/empresas.infoempleo.com\/hrtrends\/media\/2021\/08\/HRTrends_Mapas-estrategias.jpg 800w, https:\/\/empresas.infoempleo.com\/hrtrends\/media\/2021\/08\/HRTrends_Mapas-estrategias-300x200.jpg 300w, https:\/\/empresas.infoempleo.com\/hrtrends\/media\/2021\/08\/HRTrends_Mapas-estrategias-768x512.jpg 768w\" sizes=\"auto, (max-width: 800px) 100vw, 800px\" \/><\/p>\n<h2>Dise\u00f1a estrategias con Wardley<\/h2>\n<p>Lo bueno de esta iniciativa es que Simon Wardley ofreci\u00f3 sus <strong>mapas con <em>creative commons<\/em><\/strong>, de tal manera que toda la informaci\u00f3n que necesitas para profundizar en esta <strong>metodolog\u00eda<\/strong> est\u00e1 disponible de manera libre. A priori puede sonar complejo porque puede que no est\u00e9s acostumbrado a trabajar con <a href=\"https:\/\/empresas.infoempleo.com\/hrtrends\/growth-mindset-como-desarrollar-una-mentalidad-de-crecimiento-en-la-empresa\/\"><strong>mapas mentales<\/strong><\/a>, sin embargo, precisamente por lo <strong>anal\u00edtico<\/strong> de la herramienta, una vez que te familiarices con los conceptos, ver\u00e1s lo sencillo que es optimizar su uso.<\/p>\n<p>Siguiendo a Sun Tzu y su libro <strong>El arte de la guerra<\/strong>, Wardley propone definir tu estrategia en <strong>5 pasos<\/strong>, que nombra de manera general pero que puedes traducir seg\u00fan tus necesidades actuales:<\/p>\n<ul>\n<li><strong>Prop\u00f3sito<\/strong> o meta a la que quieres llegar.<\/li>\n<li><strong>Paisaje<\/strong> o contexto-marco en el que se va a desarrollar tu proyecto.<\/li>\n<li><strong>Clima<\/strong> o condiciones ambientales, pero no pienses solo en meteorol\u00f3gicas.<\/li>\n<li><strong>Doctrina<\/strong> o creencias o procedimientos si es en el caso empresarial.<\/li>\n<li><strong>Liderazgo<\/strong> o habilidad de conducir un proyecto de manera proactiva tomando decisiones.<\/li>\n<\/ul>\n<p>Hay vida m\u00e1s all\u00e1 del DAFO. Este es el presupuesto de partida que como CEO le hizo dise\u00f1ar los mapas en funci\u00f3n a <strong>dos ejes<\/strong>. Uno vertical en funci\u00f3n de la <strong>visibilidad<\/strong> de los \u00edtems para el cliente o usuario, conocido como la <strong>cadena de valor<\/strong>, y otro horizontal vinculado a la <strong>evoluci\u00f3n<\/strong> del proyecto o producto, que puede encontrarse en fase de <strong>g\u00e9nesis<\/strong>, <strong>hecho a medida<\/strong>, listo como <strong>producto<\/strong> o bien totalmente acomodado, <strong>estandarizado<\/strong> y cercano a la industrializaci\u00f3n.<\/p>\n","protected":false},"excerpt":{"rendered":"<p>Simon Wardley sinti\u00f3 la necesidad de dise\u00f1ar una herramienta adecuada para definir estrategias en entornos complejos y con<a class=\"moretag\" href=\"https:\/\/empresas.infoempleo.com\/hrtrends\/mapas-de-wardley-te-ayudaran-a-idear-estrategias\/\"> Leer m\u00e1s<\/a><\/p>\n","protected":false},"author":136,"featured_media":39012,"comment_status":"closed","ping_status":"closed","sticky":false,"template":"","format":"standard","meta":{"footnotes":""},"categories":[3035],"tags":[409,3254,282],"class_list":["post-39010","post","type-post","status-publish","format-standard","has-post-thumbnail","hentry","category-consejos","tag-equipo","tag-gestion-de-equipos","tag-productividad"],"yoast_head":"<!-- This site is optimized with the Yoast SEO plugin v26.1.1 - https:\/\/yoast.com\/wordpress\/plugins\/seo\/ -->\n<title>Mapas de Wardley, te ayudar\u00e1n a idear estrategias | HRTRENDS<\/title>\n<meta name=\"description\" content=\"Simon Wardley sinti\u00f3 la necesidad de dise\u00f1ar una herramienta adecuada para definir estrategias en entornos complejos y con alto grado de incertidumbre.\" \/>\n<meta name=\"robots\" content=\"index, follow, max-snippet:-1, max-image-preview:large, max-video-preview:-1\" \/>\n<link rel=\"canonical\" href=\"https:\/\/empresas.infoempleo.com\/hrtrends\/mapas-de-wardley-te-ayudaran-a-idear-estrategias\/\" \/>\n<meta property=\"og:locale\" content=\"es_ES\" \/>\n<meta property=\"og:type\" content=\"article\" \/>\n<meta property=\"og:title\" content=\"Mapas de Wardley, te ayudar\u00e1n a idear estrategias | HRTRENDS\" \/>\n<meta property=\"og:description\" content=\"Simon Wardley sinti\u00f3 la necesidad de dise\u00f1ar una herramienta adecuada para definir estrategias en entornos complejos y con alto grado de incertidumbre.\" \/>\n<meta property=\"og:url\" content=\"https:\/\/empresas.infoempleo.com\/hrtrends\/mapas-de-wardley-te-ayudaran-a-idear-estrategias\/\" \/>\n<meta property=\"og:site_name\" content=\"HRTRENDS\" \/>\n<meta property=\"article:publisher\" content=\"https:\/\/www.facebook.com\/Infoempleo\" \/>\n<meta property=\"article:published_time\" content=\"2021-08-20T05:30:31+00:00\" \/>\n<meta property=\"og:image\" content=\"https:\/\/empresas.infoempleo.com\/hrtrends\/media\/2021\/08\/HRTrends_Mapas-de-Wardley.jpg\" \/>\n\t<meta property=\"og:image:width\" content=\"881\" \/>\n\t<meta property=\"og:image:height\" content=\"589\" \/>\n\t<meta property=\"og:image:type\" content=\"image\/jpeg\" \/>\n<meta name=\"author\" content=\"Raquel Hern\u00e1ndez\" \/>\n<meta name=\"twitter:card\" content=\"summary_large_image\" \/>\n<meta name=\"twitter:creator\" content=\"@infoempleo\" \/>\n<meta name=\"twitter:site\" content=\"@infoempleo\" \/>\n<meta name=\"twitter:label1\" content=\"Escrito por\" \/>\n\t<meta name=\"twitter:data1\" content=\"Raquel Hern\u00e1ndez\" \/>\n\t<meta name=\"twitter:label2\" content=\"Tiempo de lectura\" \/>\n\t<meta name=\"twitter:data2\" content=\"3 minutos\" \/>\n<script type=\"application\/ld+json\" class=\"yoast-schema-graph\">{\"@context\":\"https:\/\/schema.org\",\"@graph\":[{\"@type\":\"NewsArticle\",\"@id\":\"https:\/\/empresas.infoempleo.com\/hrtrends\/mapas-de-wardley-te-ayudaran-a-idear-estrategias\/#article\",\"isPartOf\":{\"@id\":\"https:\/\/empresas.infoempleo.com\/hrtrends\/mapas-de-wardley-te-ayudaran-a-idear-estrategias\/\"},\"author\":{\"name\":\"Raquel Hern\u00e1ndez\",\"@id\":\"https:\/\/empresas.infoempleo.com\/hrtrends\/#\/schema\/person\/fb2f949a1461ff0e9e15996d82d3a787\"},\"headline\":\"Mapas de Wardley, te ayudar\u00e1n a idear estrategias\",\"datePublished\":\"2021-08-20T05:30:31+00:00\",\"mainEntityOfPage\":{\"@id\":\"https:\/\/empresas.infoempleo.com\/hrtrends\/mapas-de-wardley-te-ayudaran-a-idear-estrategias\/\"},\"wordCount\":622,\"publisher\":{\"@id\":\"https:\/\/empresas.infoempleo.com\/hrtrends\/#organization\"},\"image\":{\"@id\":\"https:\/\/empresas.infoempleo.com\/hrtrends\/mapas-de-wardley-te-ayudaran-a-idear-estrategias\/#primaryimage\"},\"thumbnailUrl\":\"https:\/\/empresas.infoempleo.com\/hrtrends\/media\/2021\/08\/HRTrends_Mapas-de-Wardley.jpg\",\"keywords\":[\"equipo\",\"gesti\u00f3n de equipos\",\"productividad\"],\"articleSection\":[\"Consejos\"],\"inLanguage\":\"es\",\"copyrightYear\":\"2021\",\"copyrightHolder\":{\"@id\":\"https:\/\/empresas.infoempleo.com\/hrtrends\/#organization\"}},{\"@type\":\"WebPage\",\"@id\":\"https:\/\/empresas.infoempleo.com\/hrtrends\/mapas-de-wardley-te-ayudaran-a-idear-estrategias\/\",\"url\":\"https:\/\/empresas.infoempleo.com\/hrtrends\/mapas-de-wardley-te-ayudaran-a-idear-estrategias\/\",\"name\":\"Mapas de Wardley, te ayudar\u00e1n a idear estrategias | HRTRENDS\",\"isPartOf\":{\"@id\":\"https:\/\/empresas.infoempleo.com\/hrtrends\/#website\"},\"primaryImageOfPage\":{\"@id\":\"https:\/\/empresas.infoempleo.com\/hrtrends\/mapas-de-wardley-te-ayudaran-a-idear-estrategias\/#primaryimage\"},\"image\":{\"@id\":\"https:\/\/empresas.infoempleo.com\/hrtrends\/mapas-de-wardley-te-ayudaran-a-idear-estrategias\/#primaryimage\"},\"thumbnailUrl\":\"https:\/\/empresas.infoempleo.com\/hrtrends\/media\/2021\/08\/HRTrends_Mapas-de-Wardley.jpg\",\"datePublished\":\"2021-08-20T05:30:31+00:00\",\"description\":\"Simon Wardley sinti\u00f3 la necesidad de dise\u00f1ar una herramienta adecuada para definir estrategias en entornos complejos y con alto grado de incertidumbre.\",\"breadcrumb\":{\"@id\":\"https:\/\/empresas.infoempleo.com\/hrtrends\/mapas-de-wardley-te-ayudaran-a-idear-estrategias\/#breadcrumb\"},\"inLanguage\":\"es\",\"potentialAction\":[{\"@type\":\"ReadAction\",\"target\":[\"https:\/\/empresas.infoempleo.com\/hrtrends\/mapas-de-wardley-te-ayudaran-a-idear-estrategias\/\"]}]},{\"@type\":\"ImageObject\",\"inLanguage\":\"es\",\"@id\":\"https:\/\/empresas.infoempleo.com\/hrtrends\/mapas-de-wardley-te-ayudaran-a-idear-estrategias\/#primaryimage\",\"url\":\"https:\/\/empresas.infoempleo.com\/hrtrends\/media\/2021\/08\/HRTrends_Mapas-de-Wardley-150x150.jpg\",\"contentUrl\":\"https:\/\/empresas.infoempleo.com\/hrtrends\/media\/2021\/08\/HRTrends_Mapas-de-Wardley-150x150.jpg\",\"width\":150,\"height\":150},{\"@type\":\"BreadcrumbList\",\"@id\":\"https:\/\/empresas.infoempleo.com\/hrtrends\/mapas-de-wardley-te-ayudaran-a-idear-estrategias\/#breadcrumb\",\"itemListElement\":[{\"@type\":\"ListItem\",\"position\":1,\"name\":\"Portada\",\"item\":\"https:\/\/empresas.infoempleo.com\/hrtrends\/\"},{\"@type\":\"ListItem\",\"position\":2,\"name\":\"Mapas de Wardley, te ayudar\u00e1n a idear estrategias\"}]},{\"@type\":\"WebSite\",\"@id\":\"https:\/\/empresas.infoempleo.com\/hrtrends\/#website\",\"url\":\"https:\/\/empresas.infoempleo.com\/hrtrends\",\"name\":\"HRTrends by Infoempleo\",\"description\":\"\",\"publisher\":{\"@id\":\"https:\/\/empresas.infoempleo.com\/hrtrends\/#organization\"},\"potentialAction\":{\"@type\":\"SearchAction\",\"target\":\"https:\/\/empresas.infoempleo.com\/hrtrends\/?s={search_term_string}\",\"query-input\":\"required name=search_term_string\"},\"inLanguage\":\"es\"},{\"@type\":\"Organization\",\"@id\":\"https:\/\/empresas.infoempleo.com\/hrtrends\/#organization\",\"name\":\"Infoempleo\",\"url\":\"https:\/\/www.infoempleo.com\/\",\"logo\":{\"@type\":\"ImageObject\",\"@id\":\"https:\/\/empresas.infoempleo.com\/hrtrends\/#logo\",\"inLanguage\":\"es\",\"url\":\"https:\/\/cdnazure.infoempleo.com\/infoempleo\/assets\/style\/gfx\/logo.svg\",\"contentUrl\":\"https:\/\/cdnazure.infoempleo.com\/infoempleo\/assets\/style\/gfx\/logo.svg\",\"width\":150,\"height\":40,\"caption\":\"Infoempleo\"},\"image\":{\"@id\":\"https:\/\/empresas.infoempleo.com\/hrtrends\/#logo\"},\"sameAs\":[\"https:\/\/www.facebook.com\/Infoempleo\",\"https:\/\/x.com\/infoempleo\",\"http:\/\/instagram.com\/infoempleo\/\",\"http:\/\/www.linkedin.com\/groups\/Empleo-Espa\u00f1a-Infoempleocom-111276\",\"http:\/\/pinterest.com\/infoempleo\/\"],\"address\":{\"@type\":\"PostalAddress\",\"addressLocality\":\"Madrid\",\"postalCode\":\"28050\",\"streetAddress\":\"Avenida de Burgos 114\"},\"brand\":[\"Infoempleo\"]},{\"@type\":\"Person\",\"@id\":\"https:\/\/empresas.infoempleo.com\/hrtrends\/#\/schema\/person\/fb2f949a1461ff0e9e15996d82d3a787\",\"name\":\"Raquel Hern\u00e1ndez\",\"image\":{\"@type\":\"ImageObject\",\"inLanguage\":\"es\",\"@id\":\"https:\/\/empresas.infoempleo.com\/hrtrends\/#\/schema\/person\/image\/\",\"url\":\"https:\/\/secure.gravatar.com\/avatar\/4ccd374b24ab5eefd1b7681d8be968df221a577fa3ffa9dc4bb4b537645dc6a2?s=96&d=mm&r=g\",\"contentUrl\":\"https:\/\/secure.gravatar.com\/avatar\/4ccd374b24ab5eefd1b7681d8be968df221a577fa3ffa9dc4bb4b537645dc6a2?s=96&d=mm&r=g\",\"caption\":\"Raquel Hern\u00e1ndez\"},\"description\":\"M\u00e1ster en Filosof\u00eda Contempor\u00e1nea y Diploma Experto en Salud y G\u00e9nero. Extensa experiencia profesional como directora y productora de eventos culturales, especializada en el sector editorial. Lectora profesional y redactora de contenidos relacionados con el empleo, la innovaci\u00f3n y la educaci\u00f3n.\",\"url\":\"https:\/\/empresas.infoempleo.com\/hrtrends\/author\/raquel-hernandez\/\"}]}<\/script>\n<!-- \/ Yoast SEO plugin. -->","yoast_head_json":{"title":"Mapas de Wardley, te ayudar\u00e1n a idear estrategias | HRTRENDS","description":"Simon Wardley sinti\u00f3 la necesidad de dise\u00f1ar una herramienta adecuada para definir estrategias en entornos complejos y con alto grado de incertidumbre.","robots":{"index":"index","follow":"follow","max-snippet":"max-snippet:-1","max-image-preview":"max-image-preview:large","max-video-preview":"max-video-preview:-1"},"canonical":"https:\/\/empresas.infoempleo.com\/hrtrends\/mapas-de-wardley-te-ayudaran-a-idear-estrategias\/","og_locale":"es_ES","og_type":"article","og_title":"Mapas de Wardley, te ayudar\u00e1n a idear estrategias | HRTRENDS","og_description":"Simon Wardley sinti\u00f3 la necesidad de dise\u00f1ar una herramienta adecuada para definir estrategias en entornos complejos y con alto grado de incertidumbre.","og_url":"https:\/\/empresas.infoempleo.com\/hrtrends\/mapas-de-wardley-te-ayudaran-a-idear-estrategias\/","og_site_name":"HRTRENDS","article_publisher":"https:\/\/www.facebook.com\/Infoempleo","article_published_time":"2021-08-20T05:30:31+00:00","og_image":[{"width":881,"height":589,"url":"https:\/\/empresas.infoempleo.com\/hrtrends\/media\/2021\/08\/HRTrends_Mapas-de-Wardley.jpg","type":"image\/jpeg"}],"author":"Raquel Hern\u00e1ndez","twitter_card":"summary_large_image","twitter_creator":"@infoempleo","twitter_site":"@infoempleo","twitter_misc":{"Escrito por":"Raquel Hern\u00e1ndez","Tiempo de lectura":"3 minutos"},"schema":{"@context":"https:\/\/schema.org","@graph":[{"@type":"NewsArticle","@id":"https:\/\/empresas.infoempleo.com\/hrtrends\/mapas-de-wardley-te-ayudaran-a-idear-estrategias\/#article","isPartOf":{"@id":"https:\/\/empresas.infoempleo.com\/hrtrends\/mapas-de-wardley-te-ayudaran-a-idear-estrategias\/"},"author":{"name":"Raquel Hern\u00e1ndez","@id":"https:\/\/empresas.infoempleo.com\/hrtrends\/#\/schema\/person\/fb2f949a1461ff0e9e15996d82d3a787"},"headline":"Mapas de Wardley, te ayudar\u00e1n a idear estrategias","datePublished":"2021-08-20T05:30:31+00:00","mainEntityOfPage":{"@id":"https:\/\/empresas.infoempleo.com\/hrtrends\/mapas-de-wardley-te-ayudaran-a-idear-estrategias\/"},"wordCount":622,"publisher":{"@id":"https:\/\/empresas.infoempleo.com\/hrtrends\/#organization"},"image":{"@id":"https:\/\/empresas.infoempleo.com\/hrtrends\/mapas-de-wardley-te-ayudaran-a-idear-estrategias\/#primaryimage"},"thumbnailUrl":"https:\/\/empresas.infoempleo.com\/hrtrends\/media\/2021\/08\/HRTrends_Mapas-de-Wardley.jpg","keywords":["equipo","gesti\u00f3n de equipos","productividad"],"articleSection":["Consejos"],"inLanguage":"es","copyrightYear":"2021","copyrightHolder":{"@id":"https:\/\/empresas.infoempleo.com\/hrtrends\/#organization"}},{"@type":"WebPage","@id":"https:\/\/empresas.infoempleo.com\/hrtrends\/mapas-de-wardley-te-ayudaran-a-idear-estrategias\/","url":"https:\/\/empresas.infoempleo.com\/hrtrends\/mapas-de-wardley-te-ayudaran-a-idear-estrategias\/","name":"Mapas de Wardley, te ayudar\u00e1n a idear estrategias | HRTRENDS","isPartOf":{"@id":"https:\/\/empresas.infoempleo.com\/hrtrends\/#website"},"primaryImageOfPage":{"@id":"https:\/\/empresas.infoempleo.com\/hrtrends\/mapas-de-wardley-te-ayudaran-a-idear-estrategias\/#primaryimage"},"image":{"@id":"https:\/\/empresas.infoempleo.com\/hrtrends\/mapas-de-wardley-te-ayudaran-a-idear-estrategias\/#primaryimage"},"thumbnailUrl":"https:\/\/empresas.infoempleo.com\/hrtrends\/media\/2021\/08\/HRTrends_Mapas-de-Wardley.jpg","datePublished":"2021-08-20T05:30:31+00:00","description":"Simon Wardley sinti\u00f3 la necesidad de dise\u00f1ar una herramienta adecuada para definir estrategias en entornos complejos y con alto grado de incertidumbre.","breadcrumb":{"@id":"https:\/\/empresas.infoempleo.com\/hrtrends\/mapas-de-wardley-te-ayudaran-a-idear-estrategias\/#breadcrumb"},"inLanguage":"es","potentialAction":[{"@type":"ReadAction","target":["https:\/\/empresas.infoempleo.com\/hrtrends\/mapas-de-wardley-te-ayudaran-a-idear-estrategias\/"]}]},{"@type":"ImageObject","inLanguage":"es","@id":"https:\/\/empresas.infoempleo.com\/hrtrends\/mapas-de-wardley-te-ayudaran-a-idear-estrategias\/#primaryimage","url":"https:\/\/empresas.infoempleo.com\/hrtrends\/media\/2021\/08\/HRTrends_Mapas-de-Wardley-150x150.jpg","contentUrl":"https:\/\/empresas.infoempleo.com\/hrtrends\/media\/2021\/08\/HRTrends_Mapas-de-Wardley-150x150.jpg","width":150,"height":150},{"@type":"BreadcrumbList","@id":"https:\/\/empresas.infoempleo.com\/hrtrends\/mapas-de-wardley-te-ayudaran-a-idear-estrategias\/#breadcrumb","itemListElement":[{"@type":"ListItem","position":1,"name":"Portada","item":"https:\/\/empresas.infoempleo.com\/hrtrends\/"},{"@type":"ListItem","position":2,"name":"Mapas de Wardley, te ayudar\u00e1n a idear estrategias"}]},{"@type":"WebSite","@id":"https:\/\/empresas.infoempleo.com\/hrtrends\/#website","url":"https:\/\/empresas.infoempleo.com\/hrtrends","name":"HRTrends by Infoempleo","description":"","publisher":{"@id":"https:\/\/empresas.infoempleo.com\/hrtrends\/#organization"},"potentialAction":{"@type":"SearchAction","target":"https:\/\/empresas.infoempleo.com\/hrtrends\/?s={search_term_string}","query-input":"required name=search_term_string"},"inLanguage":"es"},{"@type":"Organization","@id":"https:\/\/empresas.infoempleo.com\/hrtrends\/#organization","name":"Infoempleo","url":"https:\/\/www.infoempleo.com\/","logo":{"@type":"ImageObject","@id":"https:\/\/empresas.infoempleo.com\/hrtrends\/#logo","inLanguage":"es","url":"https:\/\/cdnazure.infoempleo.com\/infoempleo\/assets\/style\/gfx\/logo.svg","contentUrl":"https:\/\/cdnazure.infoempleo.com\/infoempleo\/assets\/style\/gfx\/logo.svg","width":150,"height":40,"caption":"Infoempleo"},"image":{"@id":"https:\/\/empresas.infoempleo.com\/hrtrends\/#logo"},"sameAs":["https:\/\/www.facebook.com\/Infoempleo","https:\/\/x.com\/infoempleo","http:\/\/instagram.com\/infoempleo\/","http:\/\/www.linkedin.com\/groups\/Empleo-Espa\u00f1a-Infoempleocom-111276","http:\/\/pinterest.com\/infoempleo\/"],"address":{"@type":"PostalAddress","addressLocality":"Madrid","postalCode":"28050","streetAddress":"Avenida de Burgos 114"},"brand":["Infoempleo"]},{"@type":"Person","@id":"https:\/\/empresas.infoempleo.com\/hrtrends\/#\/schema\/person\/fb2f949a1461ff0e9e15996d82d3a787","name":"Raquel Hern\u00e1ndez","image":{"@type":"ImageObject","inLanguage":"es","@id":"https:\/\/empresas.infoempleo.com\/hrtrends\/#\/schema\/person\/image\/","url":"https:\/\/secure.gravatar.com\/avatar\/4ccd374b24ab5eefd1b7681d8be968df221a577fa3ffa9dc4bb4b537645dc6a2?s=96&d=mm&r=g","contentUrl":"https:\/\/secure.gravatar.com\/avatar\/4ccd374b24ab5eefd1b7681d8be968df221a577fa3ffa9dc4bb4b537645dc6a2?s=96&d=mm&r=g","caption":"Raquel Hern\u00e1ndez"},"description":"M\u00e1ster en Filosof\u00eda Contempor\u00e1nea y Diploma Experto en Salud y G\u00e9nero. Extensa experiencia profesional como directora y productora de eventos culturales, especializada en el sector editorial. Lectora profesional y redactora de contenidos relacionados con el empleo, la innovaci\u00f3n y la educaci\u00f3n.","url":"https:\/\/empresas.infoempleo.com\/hrtrends\/author\/raquel-hernandez\/"}]}},"amp_enabled":true,"_links":{"self":[{"href":"https:\/\/empresas.infoempleo.com\/hrtrends\/wp-json\/wp\/v2\/posts\/39010","targetHints":{"allow":["GET"]}}],"collection":[{"href":"https:\/\/empresas.infoempleo.com\/hrtrends\/wp-json\/wp\/v2\/posts"}],"about":[{"href":"https:\/\/empresas.infoempleo.com\/hrtrends\/wp-json\/wp\/v2\/types\/post"}],"author":[{"embeddable":true,"href":"https:\/\/empresas.infoempleo.com\/hrtrends\/wp-json\/wp\/v2\/users\/136"}],"replies":[{"embeddable":true,"href":"https:\/\/empresas.infoempleo.com\/hrtrends\/wp-json\/wp\/v2\/comments?post=39010"}],"version-history":[{"count":1,"href":"https:\/\/empresas.infoempleo.com\/hrtrends\/wp-json\/wp\/v2\/posts\/39010\/revisions"}],"predecessor-version":[{"id":39013,"href":"https:\/\/empresas.infoempleo.com\/hrtrends\/wp-json\/wp\/v2\/posts\/39010\/revisions\/39013"}],"wp:featuredmedia":[{"embeddable":true,"href":"https:\/\/empresas.infoempleo.com\/hrtrends\/wp-json\/wp\/v2\/media\/39012"}],"wp:attachment":[{"href":"https:\/\/empresas.infoempleo.com\/hrtrends\/wp-json\/wp\/v2\/media?parent=39010"}],"wp:term":[{"taxonomy":"category","embeddable":true,"href":"https:\/\/empresas.infoempleo.com\/hrtrends\/wp-json\/wp\/v2\/categories?post=39010"},{"taxonomy":"post_tag","embeddable":true,"href":"https:\/\/empresas.infoempleo.com\/hrtrends\/wp-json\/wp\/v2\/tags?post=39010"}],"curies":[{"name":"wp","href":"https:\/\/api.w.org\/{rel}","templated":true}]}}