{"id":38938,"date":"2021-07-28T07:30:23","date_gmt":"2021-07-28T05:30:23","guid":{"rendered":"https:\/\/empresas.infoempleo.com\/hrtrends\/?p=38938"},"modified":"2021-07-26T16:47:12","modified_gmt":"2021-07-26T14:47:12","slug":"practica-el-triangulo-de-hierro-en-la-gestion-de-proyectos","status":"publish","type":"post","link":"https:\/\/empresas.infoempleo.com\/hrtrends\/practica-el-triangulo-de-hierro-en-la-gestion-de-proyectos\/","title":{"rendered":"Practica el tri\u00e1ngulo de hierro en la gesti\u00f3n de proyectos"},"content":{"rendered":"<p>Cuando descubres la noci\u00f3n del <strong>tri\u00e1ngulo de hierro<\/strong> en la gesti\u00f3n de proyectos con <strong>calidad<\/strong>, ya no vuelves a trabajar igual. Muchas de las <strong>decisiones<\/strong> significativas que hay que tomar en los procesos estrat\u00e9gicos en el desarrollo de una actividad empresarial, aunque no solo, son m\u00e1s f\u00e1ciles si aplicas este concepto desarrollado bajo copyright. En pocas palabras, se trata de adaptar a los cambios tres conceptos: <strong>costes, tiempo y alcance<\/strong>.<\/p>\n<p><!--more--><\/p>\n<h2>\u00bfQu\u00e9 es el tri\u00e1ngulo de hierro?<\/h2>\n<p>Este concepto qued\u00f3 registrado con <strong>copyright<\/strong> en el PMI <em>Book<\/em> elaborado por el <strong><em>Project Management Institute<\/em> (PMI)<\/strong>. Con esta herramienta, puedes definir la calidad de un proyecto ajustando los tres ejes sobre los que se sostiene: tiempo, costes y alcance. Si no lo conoc\u00edas, puede sonarte muy te\u00f3rico, pero al contrario, es <strong>muy pr\u00e1ctico<\/strong>. Seguro que ya lo has usado sin ser consciente, cuando has tenido que ajustar la duraci\u00f3n de una fase de un proyecto para no sacrificar su calidad, por ejemplo en un proceso de selecci\u00f3n de talento cualificado.<\/p>\n<p><img loading=\"lazy\" decoding=\"async\" class=\"aligncenter size-full wp-image-38950\" src=\"https:\/\/empresas.infoempleo.com\/hrtrends\/media\/2021\/07\/HRTrends_Gestion-de-proyectos.jpg\" alt=\"\u00bfQu\u00e9 es el tri\u00e1ngulo de hierro?\" width=\"800\" height=\"533\" srcset=\"https:\/\/empresas.infoempleo.com\/hrtrends\/media\/2021\/07\/HRTrends_Gestion-de-proyectos.jpg 800w, https:\/\/empresas.infoempleo.com\/hrtrends\/media\/2021\/07\/HRTrends_Gestion-de-proyectos-300x200.jpg 300w, https:\/\/empresas.infoempleo.com\/hrtrends\/media\/2021\/07\/HRTrends_Gestion-de-proyectos-768x512.jpg 768w\" sizes=\"auto, (max-width: 800px) 100vw, 800px\" \/><\/p>\n<p>Cada experto ha puesto el acento en uno de los lados del tri\u00e1ngulo pero hay acuerdo en que, para mantener la calidad del proyecto, <strong>cuando se modifica uno, necesariamente hay que ajustar los otros<\/strong>. Si en el desarrollo del proyecto aparecen gastos imprevistos el lado de los costes crece, y para no da\u00f1ar la calidad final, tendr\u00e1s que redefinir el alcance, quiz\u00e1s siendo m\u00e1s humilde con las expectativas, o el tiempo, por ejemplo ampliando los plazos.<\/p>\n<p>Para definir con claridad estos conceptos en la gesti\u00f3n de proyectos es bueno recordar el <strong>criterio<\/strong> <a href=\"https:\/\/empresas.infoempleo.com\/hrtrends\/objetivos-smart-para-recursos-humanos\/\"><strong>SMART<\/strong><\/a>:<\/p>\n<p>S (<em>Specific<\/em>)<\/p>\n<p>M (<em>Measurable<\/em>)<\/p>\n<p>A (<em>Achievable<\/em>)<\/p>\n<p>R (<em>Realistic<\/em>)<\/p>\n<p>T (<em>Time-related<\/em>)<\/p>\n<p>&nbsp;<\/p>\n<h2>Alcance, tiempo y costes<\/h2>\n<p>Seguro que el <strong>tiempo<\/strong> y los <strong>costes<\/strong> son las variables que m\u00e1s tienes en cuenta, pues se <strong>concretan<\/strong> f\u00e1cilmente. Cuando pienses en el alcance de un proyecto, debes buscar respuesta a las preguntas: \u00bf<strong>qu\u00e9 forma parte del proyecto<\/strong> y qu\u00e9 no forma parte del proyecto? Sea un producto, un servicio o un cambio organizativo a implementar el <strong>alcance<\/strong> de un proyecto es <strong>definido y \u00fanico<\/strong>, es decir, est\u00e1n claros sus l\u00edmites y nunca se hab\u00eda hecho antes. Por ejemplo, los requisitos de certificaci\u00f3n de un producto se incorporan al alcance porque si no se cumplen pueden invalidar el proyecto.<\/p>\n<p>El <strong>tri\u00e1ngulo de hierro<\/strong> est\u00e1 muy relacionado con el <a href=\"https:\/\/empresas.infoempleo.com\/hrtrends\/circulo-de-deming\/\"><strong>Ciclo de Deming<\/strong><\/a> y las metodolog\u00edas Agile y Lean. Pone, a su vez, a las <strong>personas<\/strong> y a los recursos materiales en el centro. El equipo que se encargue del proyecto debe contar con estrategias de evaluaci\u00f3n y <strong><em>feedback<\/em> en tiempo real<\/strong>. La herramienta con la que controlas el elemento tiempo es el <strong>cronograma<\/strong> y para los costes se utiliza el <strong>presupuesto<\/strong>. <strong>TIP<\/strong>: registra cada proceso y archiva la documentaci\u00f3n para facilitar una estrategia \u00e1gil y la posterior fase de <strong>seguimiento y control<\/strong>. Uno de los cimientos del tri\u00e1ngulo del hierro es la vigilancia de la <strong>estructura documental<\/strong>. Pon especial cuidado en mantener ordenados estos archivos:<\/p>\n<ul>\n<li>Anteproyecto<\/li>\n<li>Plan estrat\u00e9gico<\/li>\n<li>Plan de comunicaci\u00f3n<\/li>\n<li>Presupuesto<\/li>\n<li>Acta de constituci\u00f3n<\/li>\n<li>Plan de sostenibilidad<\/li>\n<li>Cronograma con los hitos o entregables<\/li>\n<\/ul>\n","protected":false},"excerpt":{"rendered":"<p>Cuando descubres la noci\u00f3n del tri\u00e1ngulo de hierro en la gesti\u00f3n de proyectos con calidad, ya no vuelves<a class=\"moretag\" href=\"https:\/\/empresas.infoempleo.com\/hrtrends\/practica-el-triangulo-de-hierro-en-la-gestion-de-proyectos\/\"> Leer m\u00e1s<\/a><\/p>\n","protected":false},"author":136,"featured_media":38940,"comment_status":"closed","ping_status":"closed","sticky":false,"template":"","format":"standard","meta":{"footnotes":""},"categories":[3035],"tags":[957,2676,282],"class_list":["post-38938","post","type-post","status-publish","format-standard","has-post-thumbnail","hentry","category-consejos","tag-calidad","tag-optimizacion-de-recursos","tag-productividad"],"yoast_head":"<!-- This site is optimized with the Yoast SEO plugin v26.1.1 - https:\/\/yoast.com\/wordpress\/plugins\/seo\/ -->\n<title>Practica el tri\u00e1ngulo de hierro en la gesti\u00f3n de proyectos | HRTRENDS<\/title>\n<meta name=\"description\" content=\"Cuando descubres la noci\u00f3n del tri\u00e1ngulo de hierro en la gesti\u00f3n de proyectos con calidad, ya no vuelves a trabajar igual.\" \/>\n<meta name=\"robots\" content=\"index, follow, max-snippet:-1, max-image-preview:large, max-video-preview:-1\" \/>\n<link rel=\"canonical\" href=\"https:\/\/empresas.infoempleo.com\/hrtrends\/practica-el-triangulo-de-hierro-en-la-gestion-de-proyectos\/\" \/>\n<meta property=\"og:locale\" content=\"es_ES\" \/>\n<meta property=\"og:type\" content=\"article\" \/>\n<meta property=\"og:title\" content=\"Practica el tri\u00e1ngulo de hierro en la gesti\u00f3n de proyectos | HRTRENDS\" \/>\n<meta property=\"og:description\" content=\"Cuando descubres la noci\u00f3n del tri\u00e1ngulo de hierro en la gesti\u00f3n de proyectos con calidad, ya no vuelves a trabajar igual.\" \/>\n<meta property=\"og:url\" content=\"https:\/\/empresas.infoempleo.com\/hrtrends\/practica-el-triangulo-de-hierro-en-la-gestion-de-proyectos\/\" \/>\n<meta property=\"og:site_name\" content=\"HRTRENDS\" \/>\n<meta property=\"article:publisher\" content=\"https:\/\/www.facebook.com\/Infoempleo\" \/>\n<meta property=\"article:published_time\" content=\"2021-07-28T05:30:23+00:00\" \/>\n<meta property=\"og:image\" content=\"https:\/\/empresas.infoempleo.com\/hrtrends\/media\/2021\/07\/HRTrends_Triangulo-de-hierro.jpg\" \/>\n\t<meta property=\"og:image:width\" content=\"881\" \/>\n\t<meta property=\"og:image:height\" content=\"587\" \/>\n\t<meta property=\"og:image:type\" content=\"image\/jpeg\" \/>\n<meta name=\"author\" content=\"Raquel Hern\u00e1ndez\" \/>\n<meta name=\"twitter:card\" content=\"summary_large_image\" \/>\n<meta name=\"twitter:creator\" content=\"@infoempleo\" \/>\n<meta name=\"twitter:site\" content=\"@infoempleo\" \/>\n<meta name=\"twitter:label1\" content=\"Escrito por\" \/>\n\t<meta name=\"twitter:data1\" content=\"Raquel Hern\u00e1ndez\" \/>\n\t<meta name=\"twitter:label2\" content=\"Tiempo de lectura\" \/>\n\t<meta name=\"twitter:data2\" content=\"3 minutos\" \/>\n<script type=\"application\/ld+json\" class=\"yoast-schema-graph\">{\"@context\":\"https:\/\/schema.org\",\"@graph\":[{\"@type\":\"NewsArticle\",\"@id\":\"https:\/\/empresas.infoempleo.com\/hrtrends\/practica-el-triangulo-de-hierro-en-la-gestion-de-proyectos\/#article\",\"isPartOf\":{\"@id\":\"https:\/\/empresas.infoempleo.com\/hrtrends\/practica-el-triangulo-de-hierro-en-la-gestion-de-proyectos\/\"},\"author\":{\"name\":\"Raquel Hern\u00e1ndez\",\"@id\":\"https:\/\/empresas.infoempleo.com\/hrtrends\/#\/schema\/person\/fb2f949a1461ff0e9e15996d82d3a787\"},\"headline\":\"Practica el tri\u00e1ngulo de hierro en la gesti\u00f3n de proyectos\",\"datePublished\":\"2021-07-28T05:30:23+00:00\",\"mainEntityOfPage\":{\"@id\":\"https:\/\/empresas.infoempleo.com\/hrtrends\/practica-el-triangulo-de-hierro-en-la-gestion-de-proyectos\/\"},\"wordCount\":552,\"publisher\":{\"@id\":\"https:\/\/empresas.infoempleo.com\/hrtrends\/#organization\"},\"image\":{\"@id\":\"https:\/\/empresas.infoempleo.com\/hrtrends\/practica-el-triangulo-de-hierro-en-la-gestion-de-proyectos\/#primaryimage\"},\"thumbnailUrl\":\"https:\/\/empresas.infoempleo.com\/hrtrends\/media\/2021\/07\/HRTrends_Triangulo-de-hierro.jpg\",\"keywords\":[\"calidad\",\"optimizaci\u00f3n de recursos\",\"productividad\"],\"articleSection\":[\"Consejos\"],\"inLanguage\":\"es\",\"copyrightYear\":\"2021\",\"copyrightHolder\":{\"@id\":\"https:\/\/empresas.infoempleo.com\/hrtrends\/#organization\"}},{\"@type\":\"WebPage\",\"@id\":\"https:\/\/empresas.infoempleo.com\/hrtrends\/practica-el-triangulo-de-hierro-en-la-gestion-de-proyectos\/\",\"url\":\"https:\/\/empresas.infoempleo.com\/hrtrends\/practica-el-triangulo-de-hierro-en-la-gestion-de-proyectos\/\",\"name\":\"Practica el tri\u00e1ngulo de hierro en la gesti\u00f3n de proyectos | HRTRENDS\",\"isPartOf\":{\"@id\":\"https:\/\/empresas.infoempleo.com\/hrtrends\/#website\"},\"primaryImageOfPage\":{\"@id\":\"https:\/\/empresas.infoempleo.com\/hrtrends\/practica-el-triangulo-de-hierro-en-la-gestion-de-proyectos\/#primaryimage\"},\"image\":{\"@id\":\"https:\/\/empresas.infoempleo.com\/hrtrends\/practica-el-triangulo-de-hierro-en-la-gestion-de-proyectos\/#primaryimage\"},\"thumbnailUrl\":\"https:\/\/empresas.infoempleo.com\/hrtrends\/media\/2021\/07\/HRTrends_Triangulo-de-hierro.jpg\",\"datePublished\":\"2021-07-28T05:30:23+00:00\",\"description\":\"Cuando descubres la noci\u00f3n del tri\u00e1ngulo de hierro en la gesti\u00f3n de proyectos con calidad, ya no vuelves a trabajar igual.\",\"breadcrumb\":{\"@id\":\"https:\/\/empresas.infoempleo.com\/hrtrends\/practica-el-triangulo-de-hierro-en-la-gestion-de-proyectos\/#breadcrumb\"},\"inLanguage\":\"es\",\"potentialAction\":[{\"@type\":\"ReadAction\",\"target\":[\"https:\/\/empresas.infoempleo.com\/hrtrends\/practica-el-triangulo-de-hierro-en-la-gestion-de-proyectos\/\"]}]},{\"@type\":\"ImageObject\",\"inLanguage\":\"es\",\"@id\":\"https:\/\/empresas.infoempleo.com\/hrtrends\/practica-el-triangulo-de-hierro-en-la-gestion-de-proyectos\/#primaryimage\",\"url\":\"https:\/\/empresas.infoempleo.com\/hrtrends\/media\/2021\/07\/HRTrends_Triangulo-de-hierro-150x150.jpg\",\"contentUrl\":\"https:\/\/empresas.infoempleo.com\/hrtrends\/media\/2021\/07\/HRTrends_Triangulo-de-hierro-150x150.jpg\",\"width\":150,\"height\":150},{\"@type\":\"BreadcrumbList\",\"@id\":\"https:\/\/empresas.infoempleo.com\/hrtrends\/practica-el-triangulo-de-hierro-en-la-gestion-de-proyectos\/#breadcrumb\",\"itemListElement\":[{\"@type\":\"ListItem\",\"position\":1,\"name\":\"Portada\",\"item\":\"https:\/\/empresas.infoempleo.com\/hrtrends\/\"},{\"@type\":\"ListItem\",\"position\":2,\"name\":\"Practica el tri\u00e1ngulo de hierro en la gesti\u00f3n de proyectos\"}]},{\"@type\":\"WebSite\",\"@id\":\"https:\/\/empresas.infoempleo.com\/hrtrends\/#website\",\"url\":\"https:\/\/empresas.infoempleo.com\/hrtrends\",\"name\":\"HRTrends by Infoempleo\",\"description\":\"\",\"publisher\":{\"@id\":\"https:\/\/empresas.infoempleo.com\/hrtrends\/#organization\"},\"potentialAction\":{\"@type\":\"SearchAction\",\"target\":\"https:\/\/empresas.infoempleo.com\/hrtrends\/?s={search_term_string}\",\"query-input\":\"required name=search_term_string\"},\"inLanguage\":\"es\"},{\"@type\":\"Organization\",\"@id\":\"https:\/\/empresas.infoempleo.com\/hrtrends\/#organization\",\"name\":\"Infoempleo\",\"url\":\"https:\/\/www.infoempleo.com\/\",\"logo\":{\"@type\":\"ImageObject\",\"@id\":\"https:\/\/empresas.infoempleo.com\/hrtrends\/#logo\",\"inLanguage\":\"es\",\"url\":\"https:\/\/cdnazure.infoempleo.com\/infoempleo\/assets\/style\/gfx\/logo.svg\",\"contentUrl\":\"https:\/\/cdnazure.infoempleo.com\/infoempleo\/assets\/style\/gfx\/logo.svg\",\"width\":150,\"height\":40,\"caption\":\"Infoempleo\"},\"image\":{\"@id\":\"https:\/\/empresas.infoempleo.com\/hrtrends\/#logo\"},\"sameAs\":[\"https:\/\/www.facebook.com\/Infoempleo\",\"https:\/\/x.com\/infoempleo\",\"http:\/\/instagram.com\/infoempleo\/\",\"http:\/\/www.linkedin.com\/groups\/Empleo-Espa\u00f1a-Infoempleocom-111276\",\"http:\/\/pinterest.com\/infoempleo\/\"],\"address\":{\"@type\":\"PostalAddress\",\"addressLocality\":\"Madrid\",\"postalCode\":\"28050\",\"streetAddress\":\"Avenida de Burgos 114\"},\"brand\":[\"Infoempleo\"]},{\"@type\":\"Person\",\"@id\":\"https:\/\/empresas.infoempleo.com\/hrtrends\/#\/schema\/person\/fb2f949a1461ff0e9e15996d82d3a787\",\"name\":\"Raquel Hern\u00e1ndez\",\"image\":{\"@type\":\"ImageObject\",\"inLanguage\":\"es\",\"@id\":\"https:\/\/empresas.infoempleo.com\/hrtrends\/#\/schema\/person\/image\/\",\"url\":\"https:\/\/secure.gravatar.com\/avatar\/4ccd374b24ab5eefd1b7681d8be968df221a577fa3ffa9dc4bb4b537645dc6a2?s=96&d=mm&r=g\",\"contentUrl\":\"https:\/\/secure.gravatar.com\/avatar\/4ccd374b24ab5eefd1b7681d8be968df221a577fa3ffa9dc4bb4b537645dc6a2?s=96&d=mm&r=g\",\"caption\":\"Raquel Hern\u00e1ndez\"},\"description\":\"M\u00e1ster en Filosof\u00eda Contempor\u00e1nea y Diploma Experto en Salud y G\u00e9nero. Extensa experiencia profesional como directora y productora de eventos culturales, especializada en el sector editorial. Lectora profesional y redactora de contenidos relacionados con el empleo, la innovaci\u00f3n y la educaci\u00f3n.\",\"url\":\"https:\/\/empresas.infoempleo.com\/hrtrends\/author\/raquel-hernandez\/\"}]}<\/script>\n<!-- \/ Yoast SEO plugin. -->","yoast_head_json":{"title":"Practica el tri\u00e1ngulo de hierro en la gesti\u00f3n de proyectos | HRTRENDS","description":"Cuando descubres la noci\u00f3n del tri\u00e1ngulo de hierro en la gesti\u00f3n de proyectos con calidad, ya no vuelves a trabajar igual.","robots":{"index":"index","follow":"follow","max-snippet":"max-snippet:-1","max-image-preview":"max-image-preview:large","max-video-preview":"max-video-preview:-1"},"canonical":"https:\/\/empresas.infoempleo.com\/hrtrends\/practica-el-triangulo-de-hierro-en-la-gestion-de-proyectos\/","og_locale":"es_ES","og_type":"article","og_title":"Practica el tri\u00e1ngulo de hierro en la gesti\u00f3n de proyectos | HRTRENDS","og_description":"Cuando descubres la noci\u00f3n del tri\u00e1ngulo de hierro en la gesti\u00f3n de proyectos con calidad, ya no vuelves a trabajar igual.","og_url":"https:\/\/empresas.infoempleo.com\/hrtrends\/practica-el-triangulo-de-hierro-en-la-gestion-de-proyectos\/","og_site_name":"HRTRENDS","article_publisher":"https:\/\/www.facebook.com\/Infoempleo","article_published_time":"2021-07-28T05:30:23+00:00","og_image":[{"width":881,"height":587,"url":"https:\/\/empresas.infoempleo.com\/hrtrends\/media\/2021\/07\/HRTrends_Triangulo-de-hierro.jpg","type":"image\/jpeg"}],"author":"Raquel Hern\u00e1ndez","twitter_card":"summary_large_image","twitter_creator":"@infoempleo","twitter_site":"@infoempleo","twitter_misc":{"Escrito por":"Raquel Hern\u00e1ndez","Tiempo de lectura":"3 minutos"},"schema":{"@context":"https:\/\/schema.org","@graph":[{"@type":"NewsArticle","@id":"https:\/\/empresas.infoempleo.com\/hrtrends\/practica-el-triangulo-de-hierro-en-la-gestion-de-proyectos\/#article","isPartOf":{"@id":"https:\/\/empresas.infoempleo.com\/hrtrends\/practica-el-triangulo-de-hierro-en-la-gestion-de-proyectos\/"},"author":{"name":"Raquel Hern\u00e1ndez","@id":"https:\/\/empresas.infoempleo.com\/hrtrends\/#\/schema\/person\/fb2f949a1461ff0e9e15996d82d3a787"},"headline":"Practica el tri\u00e1ngulo de hierro en la gesti\u00f3n de proyectos","datePublished":"2021-07-28T05:30:23+00:00","mainEntityOfPage":{"@id":"https:\/\/empresas.infoempleo.com\/hrtrends\/practica-el-triangulo-de-hierro-en-la-gestion-de-proyectos\/"},"wordCount":552,"publisher":{"@id":"https:\/\/empresas.infoempleo.com\/hrtrends\/#organization"},"image":{"@id":"https:\/\/empresas.infoempleo.com\/hrtrends\/practica-el-triangulo-de-hierro-en-la-gestion-de-proyectos\/#primaryimage"},"thumbnailUrl":"https:\/\/empresas.infoempleo.com\/hrtrends\/media\/2021\/07\/HRTrends_Triangulo-de-hierro.jpg","keywords":["calidad","optimizaci\u00f3n de recursos","productividad"],"articleSection":["Consejos"],"inLanguage":"es","copyrightYear":"2021","copyrightHolder":{"@id":"https:\/\/empresas.infoempleo.com\/hrtrends\/#organization"}},{"@type":"WebPage","@id":"https:\/\/empresas.infoempleo.com\/hrtrends\/practica-el-triangulo-de-hierro-en-la-gestion-de-proyectos\/","url":"https:\/\/empresas.infoempleo.com\/hrtrends\/practica-el-triangulo-de-hierro-en-la-gestion-de-proyectos\/","name":"Practica el tri\u00e1ngulo de hierro en la gesti\u00f3n de proyectos | HRTRENDS","isPartOf":{"@id":"https:\/\/empresas.infoempleo.com\/hrtrends\/#website"},"primaryImageOfPage":{"@id":"https:\/\/empresas.infoempleo.com\/hrtrends\/practica-el-triangulo-de-hierro-en-la-gestion-de-proyectos\/#primaryimage"},"image":{"@id":"https:\/\/empresas.infoempleo.com\/hrtrends\/practica-el-triangulo-de-hierro-en-la-gestion-de-proyectos\/#primaryimage"},"thumbnailUrl":"https:\/\/empresas.infoempleo.com\/hrtrends\/media\/2021\/07\/HRTrends_Triangulo-de-hierro.jpg","datePublished":"2021-07-28T05:30:23+00:00","description":"Cuando descubres la noci\u00f3n del tri\u00e1ngulo de hierro en la gesti\u00f3n de proyectos con calidad, ya no vuelves a trabajar igual.","breadcrumb":{"@id":"https:\/\/empresas.infoempleo.com\/hrtrends\/practica-el-triangulo-de-hierro-en-la-gestion-de-proyectos\/#breadcrumb"},"inLanguage":"es","potentialAction":[{"@type":"ReadAction","target":["https:\/\/empresas.infoempleo.com\/hrtrends\/practica-el-triangulo-de-hierro-en-la-gestion-de-proyectos\/"]}]},{"@type":"ImageObject","inLanguage":"es","@id":"https:\/\/empresas.infoempleo.com\/hrtrends\/practica-el-triangulo-de-hierro-en-la-gestion-de-proyectos\/#primaryimage","url":"https:\/\/empresas.infoempleo.com\/hrtrends\/media\/2021\/07\/HRTrends_Triangulo-de-hierro-150x150.jpg","contentUrl":"https:\/\/empresas.infoempleo.com\/hrtrends\/media\/2021\/07\/HRTrends_Triangulo-de-hierro-150x150.jpg","width":150,"height":150},{"@type":"BreadcrumbList","@id":"https:\/\/empresas.infoempleo.com\/hrtrends\/practica-el-triangulo-de-hierro-en-la-gestion-de-proyectos\/#breadcrumb","itemListElement":[{"@type":"ListItem","position":1,"name":"Portada","item":"https:\/\/empresas.infoempleo.com\/hrtrends\/"},{"@type":"ListItem","position":2,"name":"Practica el tri\u00e1ngulo de hierro en la gesti\u00f3n de proyectos"}]},{"@type":"WebSite","@id":"https:\/\/empresas.infoempleo.com\/hrtrends\/#website","url":"https:\/\/empresas.infoempleo.com\/hrtrends","name":"HRTrends by Infoempleo","description":"","publisher":{"@id":"https:\/\/empresas.infoempleo.com\/hrtrends\/#organization"},"potentialAction":{"@type":"SearchAction","target":"https:\/\/empresas.infoempleo.com\/hrtrends\/?s={search_term_string}","query-input":"required name=search_term_string"},"inLanguage":"es"},{"@type":"Organization","@id":"https:\/\/empresas.infoempleo.com\/hrtrends\/#organization","name":"Infoempleo","url":"https:\/\/www.infoempleo.com\/","logo":{"@type":"ImageObject","@id":"https:\/\/empresas.infoempleo.com\/hrtrends\/#logo","inLanguage":"es","url":"https:\/\/cdnazure.infoempleo.com\/infoempleo\/assets\/style\/gfx\/logo.svg","contentUrl":"https:\/\/cdnazure.infoempleo.com\/infoempleo\/assets\/style\/gfx\/logo.svg","width":150,"height":40,"caption":"Infoempleo"},"image":{"@id":"https:\/\/empresas.infoempleo.com\/hrtrends\/#logo"},"sameAs":["https:\/\/www.facebook.com\/Infoempleo","https:\/\/x.com\/infoempleo","http:\/\/instagram.com\/infoempleo\/","http:\/\/www.linkedin.com\/groups\/Empleo-Espa\u00f1a-Infoempleocom-111276","http:\/\/pinterest.com\/infoempleo\/"],"address":{"@type":"PostalAddress","addressLocality":"Madrid","postalCode":"28050","streetAddress":"Avenida de Burgos 114"},"brand":["Infoempleo"]},{"@type":"Person","@id":"https:\/\/empresas.infoempleo.com\/hrtrends\/#\/schema\/person\/fb2f949a1461ff0e9e15996d82d3a787","name":"Raquel Hern\u00e1ndez","image":{"@type":"ImageObject","inLanguage":"es","@id":"https:\/\/empresas.infoempleo.com\/hrtrends\/#\/schema\/person\/image\/","url":"https:\/\/secure.gravatar.com\/avatar\/4ccd374b24ab5eefd1b7681d8be968df221a577fa3ffa9dc4bb4b537645dc6a2?s=96&d=mm&r=g","contentUrl":"https:\/\/secure.gravatar.com\/avatar\/4ccd374b24ab5eefd1b7681d8be968df221a577fa3ffa9dc4bb4b537645dc6a2?s=96&d=mm&r=g","caption":"Raquel Hern\u00e1ndez"},"description":"M\u00e1ster en Filosof\u00eda Contempor\u00e1nea y Diploma Experto en Salud y G\u00e9nero. Extensa experiencia profesional como directora y productora de eventos culturales, especializada en el sector editorial. Lectora profesional y redactora de contenidos relacionados con el empleo, la innovaci\u00f3n y la educaci\u00f3n.","url":"https:\/\/empresas.infoempleo.com\/hrtrends\/author\/raquel-hernandez\/"}]}},"amp_enabled":true,"_links":{"self":[{"href":"https:\/\/empresas.infoempleo.com\/hrtrends\/wp-json\/wp\/v2\/posts\/38938","targetHints":{"allow":["GET"]}}],"collection":[{"href":"https:\/\/empresas.infoempleo.com\/hrtrends\/wp-json\/wp\/v2\/posts"}],"about":[{"href":"https:\/\/empresas.infoempleo.com\/hrtrends\/wp-json\/wp\/v2\/types\/post"}],"author":[{"embeddable":true,"href":"https:\/\/empresas.infoempleo.com\/hrtrends\/wp-json\/wp\/v2\/users\/136"}],"replies":[{"embeddable":true,"href":"https:\/\/empresas.infoempleo.com\/hrtrends\/wp-json\/wp\/v2\/comments?post=38938"}],"version-history":[{"count":3,"href":"https:\/\/empresas.infoempleo.com\/hrtrends\/wp-json\/wp\/v2\/posts\/38938\/revisions"}],"predecessor-version":[{"id":38951,"href":"https:\/\/empresas.infoempleo.com\/hrtrends\/wp-json\/wp\/v2\/posts\/38938\/revisions\/38951"}],"wp:featuredmedia":[{"embeddable":true,"href":"https:\/\/empresas.infoempleo.com\/hrtrends\/wp-json\/wp\/v2\/media\/38940"}],"wp:attachment":[{"href":"https:\/\/empresas.infoempleo.com\/hrtrends\/wp-json\/wp\/v2\/media?parent=38938"}],"wp:term":[{"taxonomy":"category","embeddable":true,"href":"https:\/\/empresas.infoempleo.com\/hrtrends\/wp-json\/wp\/v2\/categories?post=38938"},{"taxonomy":"post_tag","embeddable":true,"href":"https:\/\/empresas.infoempleo.com\/hrtrends\/wp-json\/wp\/v2\/tags?post=38938"}],"curies":[{"name":"wp","href":"https:\/\/api.w.org\/{rel}","templated":true}]}}