{"id":38880,"date":"2021-07-05T07:30:08","date_gmt":"2021-07-05T05:30:08","guid":{"rendered":"https:\/\/empresas.infoempleo.com\/hrtrends\/?p=38880"},"modified":"2021-07-02T15:04:29","modified_gmt":"2021-07-02T13:04:29","slug":"como-mejorar-la-politica-de-despidos-para-que-sea-mas-etica","status":"publish","type":"post","link":"https:\/\/empresas.infoempleo.com\/hrtrends\/como-mejorar-la-politica-de-despidos-para-que-sea-mas-etica\/","title":{"rendered":"C\u00f3mo mejorar la pol\u00edtica de despidos para que sea m\u00e1s \u00e9tica"},"content":{"rendered":"<p>El <strong>despido<\/strong> de un trabajador es otro de los <strong>procesos<\/strong> que conforman la gesti\u00f3n de los recursos humanos. Un delicado tr\u00e1mite que es <strong>responsabilidad<\/strong> de quien lo asume, sea la direcci\u00f3n o sea el mismo departamento de gesti\u00f3n del personal. Tomar la decisi\u00f3n de la <strong>salida<\/strong> de alg\u00fan trabajador es un <strong>acontecimiento din\u00e1mico<\/strong>, afectado en la actualidad por la <strong>pandemia<\/strong> y que supone contemplar aspectos normativos que definen el <strong>car\u00e1cter \u00e9tico<\/strong> de una compa\u00f1\u00eda.<\/p>\n<p><!--more--><\/p>\n<h2>Mejorar la pol\u00edtica de despidos<\/h2>\n<p>Como en todo proceso de gesti\u00f3n empresarial la <strong>comunicaci\u00f3n<\/strong> es crucial. En el caso del despido de un trabajador, es contraproducente dilatar la notificaci\u00f3n, tanto desde el momento de la decisi\u00f3n desde el <em>management<\/em>, como en la <a href=\"https:\/\/empresas.infoempleo.com\/hrtrends\/elaborar-una-buena-entrevista-de-salida-tambien-es-importante\/\"><strong>entrevista de salida<\/strong><\/a>, pues solo puede generar rumores e interferencias en la correcta recepci\u00f3n del mensaje.<\/p>\n<p>En la <strong>pol\u00edtica de despidos<\/strong> debe estar prevista y <strong>planificada<\/strong> la disconformidad de algunos empleados ante la noticia. Sin embargo, tambi\u00e9n debe estar contemplada la <strong>comprensi\u00f3n y escucha<\/strong> de su respuesta por parte del departamento de recursos humanos, as\u00ed como la <strong>facilitaci\u00f3n<\/strong> de los tr\u00e1mites tras el fin del contrato laboral, es decir, que el trabajador pueda seguir siendo beneficiario de la Seguridad Social o acceder a la prestaci\u00f3n por desempleo.<\/p>\n<p><img loading=\"lazy\" decoding=\"async\" class=\"aligncenter size-full wp-image-38881\" src=\"https:\/\/empresas.infoempleo.com\/hrtrends\/media\/2021\/07\/HRTrends_Etica-en-los-despidos.jpg\" alt=\"Mejorar la pol\u00edtica de despidos\" width=\"800\" height=\"534\" srcset=\"https:\/\/empresas.infoempleo.com\/hrtrends\/media\/2021\/07\/HRTrends_Etica-en-los-despidos.jpg 800w, https:\/\/empresas.infoempleo.com\/hrtrends\/media\/2021\/07\/HRTrends_Etica-en-los-despidos-300x200.jpg 300w, https:\/\/empresas.infoempleo.com\/hrtrends\/media\/2021\/07\/HRTrends_Etica-en-los-despidos-768x513.jpg 768w\" sizes=\"auto, (max-width: 800px) 100vw, 800px\" \/><\/p>\n<p>Una de las <strong>consecuencias internas<\/strong> de la pol\u00edtica de despidos es revisar los procesos y criterios de selecci\u00f3n y contrataci\u00f3n del personal. Es el momento de la <strong>autocr\u00edtica<\/strong>. No obstante, tras la situaci\u00f3n econ\u00f3mica y pol\u00edtica provocada por la pandemia las empresas han visto reducidas las opciones de finalizar los contratos con sus trabajadores.<\/p>\n<p>El <strong>veto a los despidos<\/strong> ha sido aplazado m\u00e1s all\u00e1 del estado de alarma, pasado ya el <strong>30 de junio<\/strong>, que era el l\u00edmite previsto en primer t\u00e9rmino. Solo se consideran vigentes los despidos improcedentes, es decir, con 33 d\u00edas de finiquito, frente a los 20 del procedente. Los <strong>despidos objetivos<\/strong> deber\u00e1n ser justificados para que sean v\u00e1lidos.<\/p>\n<h2>Gesti\u00f3n \u00e9tica de las salidas<\/h2>\n<p>Saber c\u00f3mo desplegar el proceso del despido de un trabajador de manera correcta y <strong>\u00e9tica<\/strong>, dice mucho de los <strong>valores<\/strong> de la empresa. Todo el proceso debe preservar y <strong>garantizar la dignidad<\/strong> del empleado. Probablemente, este sienta cuestionada su capacidad y el desempe\u00f1o en su puesto de trabajo. Si lo ves necesario, contar con un <a href=\"https:\/\/empresas.infoempleo.com\/hrtrends\/cuando-se-necesita-un-gestor-etico-y-por-que\/\"><strong>gestor \u00e9tico<\/strong><\/a> en la empresa puede evitar a la compa\u00f1\u00eda futuras controversias.<\/p>\n<p>Pase lo que pase, sigue al menos estos 3 ejes que deben vertebrar y orientar la pol\u00edtica de despidos:<\/p>\n<ul>\n<li><strong>Confidencialidad<\/strong> para no generar sensaci\u00f3n de incertidumbre en el resto de la plantilla. Es clave mostrar una imagen de <strong>unidad corporativa<\/strong> en todo momento, facilitando la despedida de sus compa\u00f1eros<\/li>\n<li>Contar con <strong>testigos<\/strong> por dos razones: contener la expresi\u00f3n inapropiada de una posible frustraci\u00f3n por parte del empleado y demostrar, en caso de denuncia posterior, que la reuni\u00f3n, as\u00ed como el contenido de la notificaci\u00f3n, ha tenido lugar.<\/li>\n<li>Ajustarse a la <strong>legalidad vigente<\/strong> y <strong>justificar<\/strong> el despido v\u00e1lido. En la comunicaci\u00f3n escrita debe costar la raz\u00f3n de la extinci\u00f3n del contrato laboral, as\u00ed como las leyes que amparan la decisi\u00f3n y los datos que la legitiman. Por ejemplo, si la causa es bajo rendimiento laboral, ofrecer los datos claros al trabajador es una cuesti\u00f3n de <strong>transparencia<\/strong> y de <strong>\u00e9tica empresarial<\/strong>.<\/li>\n<\/ul>\n","protected":false},"excerpt":{"rendered":"<p>El despido de un trabajador es otro de los procesos que conforman la gesti\u00f3n de los recursos humanos.<a class=\"moretag\" href=\"https:\/\/empresas.infoempleo.com\/hrtrends\/como-mejorar-la-politica-de-despidos-para-que-sea-mas-etica\/\"> Leer m\u00e1s<\/a><\/p>\n","protected":false},"author":136,"featured_media":38882,"comment_status":"closed","ping_status":"closed","sticky":false,"template":"","format":"standard","meta":{"footnotes":""},"categories":[3035],"tags":[2314,540,1049],"class_list":["post-38880","post","type-post","status-publish","format-standard","has-post-thumbnail","hentry","category-consejos","tag-ambiente-laboral","tag-consejos-2","tag-empleados"],"yoast_head":"<!-- This site is optimized with the Yoast SEO plugin v26.1.1 - https:\/\/yoast.com\/wordpress\/plugins\/seo\/ -->\n<title>C\u00f3mo mejorar la pol\u00edtica de despidos para que sea m\u00e1s \u00e9tica | HRTRENDS<\/title>\n<meta name=\"description\" content=\"El despido de un trabajador es otro de los procesos que conforman la gesti\u00f3n de los recursos humanos. Aspectos normativos que definen el car\u00e1cter \u00e9tico.\" \/>\n<meta name=\"robots\" content=\"index, follow, max-snippet:-1, max-image-preview:large, max-video-preview:-1\" \/>\n<link rel=\"canonical\" href=\"https:\/\/empresas.infoempleo.com\/hrtrends\/como-mejorar-la-politica-de-despidos-para-que-sea-mas-etica\/\" \/>\n<meta property=\"og:locale\" content=\"es_ES\" \/>\n<meta property=\"og:type\" content=\"article\" \/>\n<meta property=\"og:title\" content=\"C\u00f3mo mejorar la pol\u00edtica de despidos para que sea m\u00e1s \u00e9tica | HRTRENDS\" \/>\n<meta property=\"og:description\" content=\"El despido de un trabajador es otro de los procesos que conforman la gesti\u00f3n de los recursos humanos. Aspectos normativos que definen el car\u00e1cter \u00e9tico.\" \/>\n<meta property=\"og:url\" content=\"https:\/\/empresas.infoempleo.com\/hrtrends\/como-mejorar-la-politica-de-despidos-para-que-sea-mas-etica\/\" \/>\n<meta property=\"og:site_name\" content=\"HRTRENDS\" \/>\n<meta property=\"article:publisher\" content=\"https:\/\/www.facebook.com\/Infoempleo\" \/>\n<meta property=\"article:published_time\" content=\"2021-07-05T05:30:08+00:00\" \/>\n<meta property=\"og:image\" content=\"https:\/\/empresas.infoempleo.com\/hrtrends\/media\/2021\/07\/HRTrends_Politica-de-despidos.jpg\" \/>\n\t<meta property=\"og:image:width\" content=\"881\" \/>\n\t<meta property=\"og:image:height\" content=\"587\" \/>\n\t<meta property=\"og:image:type\" content=\"image\/jpeg\" \/>\n<meta name=\"author\" content=\"Raquel Hern\u00e1ndez\" \/>\n<meta name=\"twitter:card\" content=\"summary_large_image\" \/>\n<meta name=\"twitter:creator\" content=\"@infoempleo\" \/>\n<meta name=\"twitter:site\" content=\"@infoempleo\" \/>\n<meta name=\"twitter:label1\" content=\"Escrito por\" \/>\n\t<meta name=\"twitter:data1\" content=\"Raquel Hern\u00e1ndez\" \/>\n\t<meta name=\"twitter:label2\" content=\"Tiempo de lectura\" \/>\n\t<meta name=\"twitter:data2\" content=\"3 minutos\" \/>\n<script type=\"application\/ld+json\" class=\"yoast-schema-graph\">{\"@context\":\"https:\/\/schema.org\",\"@graph\":[{\"@type\":\"NewsArticle\",\"@id\":\"https:\/\/empresas.infoempleo.com\/hrtrends\/como-mejorar-la-politica-de-despidos-para-que-sea-mas-etica\/#article\",\"isPartOf\":{\"@id\":\"https:\/\/empresas.infoempleo.com\/hrtrends\/como-mejorar-la-politica-de-despidos-para-que-sea-mas-etica\/\"},\"author\":{\"name\":\"Raquel Hern\u00e1ndez\",\"@id\":\"https:\/\/empresas.infoempleo.com\/hrtrends\/#\/schema\/person\/fb2f949a1461ff0e9e15996d82d3a787\"},\"headline\":\"C\u00f3mo mejorar la pol\u00edtica de despidos para que sea m\u00e1s \u00e9tica\",\"datePublished\":\"2021-07-05T05:30:08+00:00\",\"mainEntityOfPage\":{\"@id\":\"https:\/\/empresas.infoempleo.com\/hrtrends\/como-mejorar-la-politica-de-despidos-para-que-sea-mas-etica\/\"},\"wordCount\":597,\"publisher\":{\"@id\":\"https:\/\/empresas.infoempleo.com\/hrtrends\/#organization\"},\"image\":{\"@id\":\"https:\/\/empresas.infoempleo.com\/hrtrends\/como-mejorar-la-politica-de-despidos-para-que-sea-mas-etica\/#primaryimage\"},\"thumbnailUrl\":\"https:\/\/empresas.infoempleo.com\/hrtrends\/media\/2021\/07\/HRTrends_Politica-de-despidos.jpg\",\"keywords\":[\"ambiente laboral\",\"consejos\",\"empleados\"],\"articleSection\":[\"Consejos\"],\"inLanguage\":\"es\",\"copyrightYear\":\"2021\",\"copyrightHolder\":{\"@id\":\"https:\/\/empresas.infoempleo.com\/hrtrends\/#organization\"}},{\"@type\":\"WebPage\",\"@id\":\"https:\/\/empresas.infoempleo.com\/hrtrends\/como-mejorar-la-politica-de-despidos-para-que-sea-mas-etica\/\",\"url\":\"https:\/\/empresas.infoempleo.com\/hrtrends\/como-mejorar-la-politica-de-despidos-para-que-sea-mas-etica\/\",\"name\":\"C\u00f3mo mejorar la pol\u00edtica de despidos para que sea m\u00e1s \u00e9tica | HRTRENDS\",\"isPartOf\":{\"@id\":\"https:\/\/empresas.infoempleo.com\/hrtrends\/#website\"},\"primaryImageOfPage\":{\"@id\":\"https:\/\/empresas.infoempleo.com\/hrtrends\/como-mejorar-la-politica-de-despidos-para-que-sea-mas-etica\/#primaryimage\"},\"image\":{\"@id\":\"https:\/\/empresas.infoempleo.com\/hrtrends\/como-mejorar-la-politica-de-despidos-para-que-sea-mas-etica\/#primaryimage\"},\"thumbnailUrl\":\"https:\/\/empresas.infoempleo.com\/hrtrends\/media\/2021\/07\/HRTrends_Politica-de-despidos.jpg\",\"datePublished\":\"2021-07-05T05:30:08+00:00\",\"description\":\"El despido de un trabajador es otro de los procesos que conforman la gesti\u00f3n de los recursos humanos. Aspectos normativos que definen el car\u00e1cter \u00e9tico.\",\"breadcrumb\":{\"@id\":\"https:\/\/empresas.infoempleo.com\/hrtrends\/como-mejorar-la-politica-de-despidos-para-que-sea-mas-etica\/#breadcrumb\"},\"inLanguage\":\"es\",\"potentialAction\":[{\"@type\":\"ReadAction\",\"target\":[\"https:\/\/empresas.infoempleo.com\/hrtrends\/como-mejorar-la-politica-de-despidos-para-que-sea-mas-etica\/\"]}]},{\"@type\":\"ImageObject\",\"inLanguage\":\"es\",\"@id\":\"https:\/\/empresas.infoempleo.com\/hrtrends\/como-mejorar-la-politica-de-despidos-para-que-sea-mas-etica\/#primaryimage\",\"url\":\"https:\/\/empresas.infoempleo.com\/hrtrends\/media\/2021\/07\/HRTrends_Politica-de-despidos-150x150.jpg\",\"contentUrl\":\"https:\/\/empresas.infoempleo.com\/hrtrends\/media\/2021\/07\/HRTrends_Politica-de-despidos-150x150.jpg\",\"width\":150,\"height\":150,\"caption\":\"C\u00f3mo mejorar la pol\u00edtica de despidos para que sea m\u00e1s \u00e9tica\"},{\"@type\":\"BreadcrumbList\",\"@id\":\"https:\/\/empresas.infoempleo.com\/hrtrends\/como-mejorar-la-politica-de-despidos-para-que-sea-mas-etica\/#breadcrumb\",\"itemListElement\":[{\"@type\":\"ListItem\",\"position\":1,\"name\":\"Portada\",\"item\":\"https:\/\/empresas.infoempleo.com\/hrtrends\/\"},{\"@type\":\"ListItem\",\"position\":2,\"name\":\"C\u00f3mo mejorar la pol\u00edtica de despidos para que sea m\u00e1s \u00e9tica\"}]},{\"@type\":\"WebSite\",\"@id\":\"https:\/\/empresas.infoempleo.com\/hrtrends\/#website\",\"url\":\"https:\/\/empresas.infoempleo.com\/hrtrends\",\"name\":\"HRTrends by Infoempleo\",\"description\":\"\",\"publisher\":{\"@id\":\"https:\/\/empresas.infoempleo.com\/hrtrends\/#organization\"},\"potentialAction\":{\"@type\":\"SearchAction\",\"target\":\"https:\/\/empresas.infoempleo.com\/hrtrends\/?s={search_term_string}\",\"query-input\":\"required name=search_term_string\"},\"inLanguage\":\"es\"},{\"@type\":\"Organization\",\"@id\":\"https:\/\/empresas.infoempleo.com\/hrtrends\/#organization\",\"name\":\"Infoempleo\",\"url\":\"https:\/\/www.infoempleo.com\/\",\"logo\":{\"@type\":\"ImageObject\",\"@id\":\"https:\/\/empresas.infoempleo.com\/hrtrends\/#logo\",\"inLanguage\":\"es\",\"url\":\"https:\/\/cdnazure.infoempleo.com\/infoempleo\/assets\/style\/gfx\/logo.svg\",\"contentUrl\":\"https:\/\/cdnazure.infoempleo.com\/infoempleo\/assets\/style\/gfx\/logo.svg\",\"width\":150,\"height\":40,\"caption\":\"Infoempleo\"},\"image\":{\"@id\":\"https:\/\/empresas.infoempleo.com\/hrtrends\/#logo\"},\"sameAs\":[\"https:\/\/www.facebook.com\/Infoempleo\",\"https:\/\/x.com\/infoempleo\",\"http:\/\/instagram.com\/infoempleo\/\",\"http:\/\/www.linkedin.com\/groups\/Empleo-Espa\u00f1a-Infoempleocom-111276\",\"http:\/\/pinterest.com\/infoempleo\/\"],\"address\":{\"@type\":\"PostalAddress\",\"addressLocality\":\"Madrid\",\"postalCode\":\"28050\",\"streetAddress\":\"Avenida de Burgos 114\"},\"brand\":[\"Infoempleo\"]},{\"@type\":\"Person\",\"@id\":\"https:\/\/empresas.infoempleo.com\/hrtrends\/#\/schema\/person\/fb2f949a1461ff0e9e15996d82d3a787\",\"name\":\"Raquel Hern\u00e1ndez\",\"image\":{\"@type\":\"ImageObject\",\"inLanguage\":\"es\",\"@id\":\"https:\/\/empresas.infoempleo.com\/hrtrends\/#\/schema\/person\/image\/\",\"url\":\"https:\/\/secure.gravatar.com\/avatar\/4ccd374b24ab5eefd1b7681d8be968df221a577fa3ffa9dc4bb4b537645dc6a2?s=96&d=mm&r=g\",\"contentUrl\":\"https:\/\/secure.gravatar.com\/avatar\/4ccd374b24ab5eefd1b7681d8be968df221a577fa3ffa9dc4bb4b537645dc6a2?s=96&d=mm&r=g\",\"caption\":\"Raquel Hern\u00e1ndez\"},\"description\":\"M\u00e1ster en Filosof\u00eda Contempor\u00e1nea y Diploma Experto en Salud y G\u00e9nero. Extensa experiencia profesional como directora y productora de eventos culturales, especializada en el sector editorial. Lectora profesional y redactora de contenidos relacionados con el empleo, la innovaci\u00f3n y la educaci\u00f3n.\",\"url\":\"https:\/\/empresas.infoempleo.com\/hrtrends\/author\/raquel-hernandez\/\"}]}<\/script>\n<!-- \/ Yoast SEO plugin. -->","yoast_head_json":{"title":"C\u00f3mo mejorar la pol\u00edtica de despidos para que sea m\u00e1s \u00e9tica | HRTRENDS","description":"El despido de un trabajador es otro de los procesos que conforman la gesti\u00f3n de los recursos humanos. Aspectos normativos que definen el car\u00e1cter \u00e9tico.","robots":{"index":"index","follow":"follow","max-snippet":"max-snippet:-1","max-image-preview":"max-image-preview:large","max-video-preview":"max-video-preview:-1"},"canonical":"https:\/\/empresas.infoempleo.com\/hrtrends\/como-mejorar-la-politica-de-despidos-para-que-sea-mas-etica\/","og_locale":"es_ES","og_type":"article","og_title":"C\u00f3mo mejorar la pol\u00edtica de despidos para que sea m\u00e1s \u00e9tica | HRTRENDS","og_description":"El despido de un trabajador es otro de los procesos que conforman la gesti\u00f3n de los recursos humanos. Aspectos normativos que definen el car\u00e1cter \u00e9tico.","og_url":"https:\/\/empresas.infoempleo.com\/hrtrends\/como-mejorar-la-politica-de-despidos-para-que-sea-mas-etica\/","og_site_name":"HRTRENDS","article_publisher":"https:\/\/www.facebook.com\/Infoempleo","article_published_time":"2021-07-05T05:30:08+00:00","og_image":[{"width":881,"height":587,"url":"https:\/\/empresas.infoempleo.com\/hrtrends\/media\/2021\/07\/HRTrends_Politica-de-despidos.jpg","type":"image\/jpeg"}],"author":"Raquel Hern\u00e1ndez","twitter_card":"summary_large_image","twitter_creator":"@infoempleo","twitter_site":"@infoempleo","twitter_misc":{"Escrito por":"Raquel Hern\u00e1ndez","Tiempo de lectura":"3 minutos"},"schema":{"@context":"https:\/\/schema.org","@graph":[{"@type":"NewsArticle","@id":"https:\/\/empresas.infoempleo.com\/hrtrends\/como-mejorar-la-politica-de-despidos-para-que-sea-mas-etica\/#article","isPartOf":{"@id":"https:\/\/empresas.infoempleo.com\/hrtrends\/como-mejorar-la-politica-de-despidos-para-que-sea-mas-etica\/"},"author":{"name":"Raquel Hern\u00e1ndez","@id":"https:\/\/empresas.infoempleo.com\/hrtrends\/#\/schema\/person\/fb2f949a1461ff0e9e15996d82d3a787"},"headline":"C\u00f3mo mejorar la pol\u00edtica de despidos para que sea m\u00e1s \u00e9tica","datePublished":"2021-07-05T05:30:08+00:00","mainEntityOfPage":{"@id":"https:\/\/empresas.infoempleo.com\/hrtrends\/como-mejorar-la-politica-de-despidos-para-que-sea-mas-etica\/"},"wordCount":597,"publisher":{"@id":"https:\/\/empresas.infoempleo.com\/hrtrends\/#organization"},"image":{"@id":"https:\/\/empresas.infoempleo.com\/hrtrends\/como-mejorar-la-politica-de-despidos-para-que-sea-mas-etica\/#primaryimage"},"thumbnailUrl":"https:\/\/empresas.infoempleo.com\/hrtrends\/media\/2021\/07\/HRTrends_Politica-de-despidos.jpg","keywords":["ambiente laboral","consejos","empleados"],"articleSection":["Consejos"],"inLanguage":"es","copyrightYear":"2021","copyrightHolder":{"@id":"https:\/\/empresas.infoempleo.com\/hrtrends\/#organization"}},{"@type":"WebPage","@id":"https:\/\/empresas.infoempleo.com\/hrtrends\/como-mejorar-la-politica-de-despidos-para-que-sea-mas-etica\/","url":"https:\/\/empresas.infoempleo.com\/hrtrends\/como-mejorar-la-politica-de-despidos-para-que-sea-mas-etica\/","name":"C\u00f3mo mejorar la pol\u00edtica de despidos para que sea m\u00e1s \u00e9tica | HRTRENDS","isPartOf":{"@id":"https:\/\/empresas.infoempleo.com\/hrtrends\/#website"},"primaryImageOfPage":{"@id":"https:\/\/empresas.infoempleo.com\/hrtrends\/como-mejorar-la-politica-de-despidos-para-que-sea-mas-etica\/#primaryimage"},"image":{"@id":"https:\/\/empresas.infoempleo.com\/hrtrends\/como-mejorar-la-politica-de-despidos-para-que-sea-mas-etica\/#primaryimage"},"thumbnailUrl":"https:\/\/empresas.infoempleo.com\/hrtrends\/media\/2021\/07\/HRTrends_Politica-de-despidos.jpg","datePublished":"2021-07-05T05:30:08+00:00","description":"El despido de un trabajador es otro de los procesos que conforman la gesti\u00f3n de los recursos humanos. Aspectos normativos que definen el car\u00e1cter \u00e9tico.","breadcrumb":{"@id":"https:\/\/empresas.infoempleo.com\/hrtrends\/como-mejorar-la-politica-de-despidos-para-que-sea-mas-etica\/#breadcrumb"},"inLanguage":"es","potentialAction":[{"@type":"ReadAction","target":["https:\/\/empresas.infoempleo.com\/hrtrends\/como-mejorar-la-politica-de-despidos-para-que-sea-mas-etica\/"]}]},{"@type":"ImageObject","inLanguage":"es","@id":"https:\/\/empresas.infoempleo.com\/hrtrends\/como-mejorar-la-politica-de-despidos-para-que-sea-mas-etica\/#primaryimage","url":"https:\/\/empresas.infoempleo.com\/hrtrends\/media\/2021\/07\/HRTrends_Politica-de-despidos-150x150.jpg","contentUrl":"https:\/\/empresas.infoempleo.com\/hrtrends\/media\/2021\/07\/HRTrends_Politica-de-despidos-150x150.jpg","width":150,"height":150,"caption":"C\u00f3mo mejorar la pol\u00edtica de despidos para que sea m\u00e1s \u00e9tica"},{"@type":"BreadcrumbList","@id":"https:\/\/empresas.infoempleo.com\/hrtrends\/como-mejorar-la-politica-de-despidos-para-que-sea-mas-etica\/#breadcrumb","itemListElement":[{"@type":"ListItem","position":1,"name":"Portada","item":"https:\/\/empresas.infoempleo.com\/hrtrends\/"},{"@type":"ListItem","position":2,"name":"C\u00f3mo mejorar la pol\u00edtica de despidos para que sea m\u00e1s \u00e9tica"}]},{"@type":"WebSite","@id":"https:\/\/empresas.infoempleo.com\/hrtrends\/#website","url":"https:\/\/empresas.infoempleo.com\/hrtrends","name":"HRTrends by Infoempleo","description":"","publisher":{"@id":"https:\/\/empresas.infoempleo.com\/hrtrends\/#organization"},"potentialAction":{"@type":"SearchAction","target":"https:\/\/empresas.infoempleo.com\/hrtrends\/?s={search_term_string}","query-input":"required name=search_term_string"},"inLanguage":"es"},{"@type":"Organization","@id":"https:\/\/empresas.infoempleo.com\/hrtrends\/#organization","name":"Infoempleo","url":"https:\/\/www.infoempleo.com\/","logo":{"@type":"ImageObject","@id":"https:\/\/empresas.infoempleo.com\/hrtrends\/#logo","inLanguage":"es","url":"https:\/\/cdnazure.infoempleo.com\/infoempleo\/assets\/style\/gfx\/logo.svg","contentUrl":"https:\/\/cdnazure.infoempleo.com\/infoempleo\/assets\/style\/gfx\/logo.svg","width":150,"height":40,"caption":"Infoempleo"},"image":{"@id":"https:\/\/empresas.infoempleo.com\/hrtrends\/#logo"},"sameAs":["https:\/\/www.facebook.com\/Infoempleo","https:\/\/x.com\/infoempleo","http:\/\/instagram.com\/infoempleo\/","http:\/\/www.linkedin.com\/groups\/Empleo-Espa\u00f1a-Infoempleocom-111276","http:\/\/pinterest.com\/infoempleo\/"],"address":{"@type":"PostalAddress","addressLocality":"Madrid","postalCode":"28050","streetAddress":"Avenida de Burgos 114"},"brand":["Infoempleo"]},{"@type":"Person","@id":"https:\/\/empresas.infoempleo.com\/hrtrends\/#\/schema\/person\/fb2f949a1461ff0e9e15996d82d3a787","name":"Raquel Hern\u00e1ndez","image":{"@type":"ImageObject","inLanguage":"es","@id":"https:\/\/empresas.infoempleo.com\/hrtrends\/#\/schema\/person\/image\/","url":"https:\/\/secure.gravatar.com\/avatar\/4ccd374b24ab5eefd1b7681d8be968df221a577fa3ffa9dc4bb4b537645dc6a2?s=96&d=mm&r=g","contentUrl":"https:\/\/secure.gravatar.com\/avatar\/4ccd374b24ab5eefd1b7681d8be968df221a577fa3ffa9dc4bb4b537645dc6a2?s=96&d=mm&r=g","caption":"Raquel Hern\u00e1ndez"},"description":"M\u00e1ster en Filosof\u00eda Contempor\u00e1nea y Diploma Experto en Salud y G\u00e9nero. Extensa experiencia profesional como directora y productora de eventos culturales, especializada en el sector editorial. Lectora profesional y redactora de contenidos relacionados con el empleo, la innovaci\u00f3n y la educaci\u00f3n.","url":"https:\/\/empresas.infoempleo.com\/hrtrends\/author\/raquel-hernandez\/"}]}},"amp_enabled":true,"_links":{"self":[{"href":"https:\/\/empresas.infoempleo.com\/hrtrends\/wp-json\/wp\/v2\/posts\/38880","targetHints":{"allow":["GET"]}}],"collection":[{"href":"https:\/\/empresas.infoempleo.com\/hrtrends\/wp-json\/wp\/v2\/posts"}],"about":[{"href":"https:\/\/empresas.infoempleo.com\/hrtrends\/wp-json\/wp\/v2\/types\/post"}],"author":[{"embeddable":true,"href":"https:\/\/empresas.infoempleo.com\/hrtrends\/wp-json\/wp\/v2\/users\/136"}],"replies":[{"embeddable":true,"href":"https:\/\/empresas.infoempleo.com\/hrtrends\/wp-json\/wp\/v2\/comments?post=38880"}],"version-history":[{"count":1,"href":"https:\/\/empresas.infoempleo.com\/hrtrends\/wp-json\/wp\/v2\/posts\/38880\/revisions"}],"predecessor-version":[{"id":38883,"href":"https:\/\/empresas.infoempleo.com\/hrtrends\/wp-json\/wp\/v2\/posts\/38880\/revisions\/38883"}],"wp:featuredmedia":[{"embeddable":true,"href":"https:\/\/empresas.infoempleo.com\/hrtrends\/wp-json\/wp\/v2\/media\/38882"}],"wp:attachment":[{"href":"https:\/\/empresas.infoempleo.com\/hrtrends\/wp-json\/wp\/v2\/media?parent=38880"}],"wp:term":[{"taxonomy":"category","embeddable":true,"href":"https:\/\/empresas.infoempleo.com\/hrtrends\/wp-json\/wp\/v2\/categories?post=38880"},{"taxonomy":"post_tag","embeddable":true,"href":"https:\/\/empresas.infoempleo.com\/hrtrends\/wp-json\/wp\/v2\/tags?post=38880"}],"curies":[{"name":"wp","href":"https:\/\/api.w.org\/{rel}","templated":true}]}}