{"id":38828,"date":"2021-07-02T07:30:35","date_gmt":"2021-07-02T05:30:35","guid":{"rendered":"https:\/\/empresas.infoempleo.com\/hrtrends\/?p=38828"},"modified":"2021-06-25T15:47:40","modified_gmt":"2021-06-25T13:47:40","slug":"companerismo-y-trabajo-en-equipo-en-la-pandemia","status":"publish","type":"post","link":"https:\/\/empresas.infoempleo.com\/hrtrends\/companerismo-y-trabajo-en-equipo-en-la-pandemia\/","title":{"rendered":"Compa\u00f1erismo y trabajo en equipo en la pandemia"},"content":{"rendered":"<p>En determinados sectores, especialmente cuando en la plantilla trabajan muchos perfiles <a href=\"https:\/\/empresas.infoempleo.com\/hrtrends\/como-remontar-una-mala-valoracion-de-la-plantilla\/\"><strong><em>millennials<\/em><\/strong><\/a>, se ha llegado a <strong>valorar el trabajo en equipo y el bienestar <\/strong>m\u00e1s que el salario o las condiciones laborales, estrictamente hablando. Ahora m\u00e1s que nunca <strong>reforzar el compa\u00f1erismo<\/strong> y la gesti\u00f3n emocional de los equipos es fundamental para la supervivencia de la empresa. Lo vas a conseguir mejorando la <strong>comunicaci\u00f3n interna<\/strong> y proponiendo actividades presenciales y en remoto.<\/p>\n<p><!--more--><\/p>\n<h2>Reactiva el compa\u00f1erismo<\/h2>\n<p>El <strong>clima laboral<\/strong> es imprescindible para sentirse bien en el trabajo y eso solo se consigue <strong>entre todos<\/strong>, fomentando el compa\u00f1erismo. Las principales actitudes que lo caracterizan son: apoyo mutuo, bondad, respeto y la confianza entre los miembros de un grupo. Desde recursos humanos, un <strong><em>momentum<\/em><\/strong> que debes cuidar es el <strong>proceso de selecci\u00f3n<\/strong>, midiendo la capacidad de trabajar en equipo de las nuevas incorporaciones, as\u00ed como siendo transparente para evitar malestares en la plantilla.<\/p>\n<p><strong>Dedicar tiempo<\/strong> a los dem\u00e1s es clave para crear lazos de confianza con el resto de la plantilla. La buena noticia es que no son necesarias tantas horas como puedes imaginar. Se trata de pararse, mirar y preguntar: \u00bfte encuentras bien? Practicar la <strong>escucha activa<\/strong> es la condici\u00f3n de posibilidad del compa\u00f1erismo. Ponte en su lugar, s\u00e9 emp\u00e1tico, sin juicio. As\u00ed lograr\u00e1s un clima de <strong>colaboraci\u00f3n y cooperaci\u00f3n<\/strong> tan necesario para alcanzar los objetivos de productividad y ser felices.<\/p>\n<h2>En remoto y en h\u00edbrido, hay equipo<\/h2>\n<p>El reto ahora es compensar la ausencia de momentos presenciales mejorando los canales de <strong>comunicaci\u00f3n interna<\/strong> y proponiendo actividades para la plantilla. No solo de formaci\u00f3n o en horario laboral sino tambi\u00e9n como <a href=\"https:\/\/empresas.infoempleo.com\/hrtrends\/planes-de-fidelizacion-talento-estable\/\"><strong><em>afterwork<\/em><\/strong><\/a>. Sea en el entorno f\u00edsico o en el virtual, contar con la <strong>confianza mutua<\/strong> del resto de la plantilla, alivia el estr\u00e9s pues se tratan de relaciones <strong>saludables<\/strong>, que no deben confundirse con la amistad.<\/p>\n<p><img loading=\"lazy\" decoding=\"async\" class=\"aligncenter size-full wp-image-38829\" src=\"https:\/\/empresas.infoempleo.com\/hrtrends\/media\/2021\/06\/HRTrends_Buen-ambiente.jpg\" alt=\"Reactiva el compa\u00f1erismo\" width=\"800\" height=\"532\" srcset=\"https:\/\/empresas.infoempleo.com\/hrtrends\/media\/2021\/06\/HRTrends_Buen-ambiente.jpg 800w, https:\/\/empresas.infoempleo.com\/hrtrends\/media\/2021\/06\/HRTrends_Buen-ambiente-300x200.jpg 300w, https:\/\/empresas.infoempleo.com\/hrtrends\/media\/2021\/06\/HRTrends_Buen-ambiente-768x511.jpg 768w\" sizes=\"auto, (max-width: 800px) 100vw, 800px\" \/><\/p>\n<p>Sentirse solo es una emoci\u00f3n negativa con peores efectos si no se disminuye trabajando con otros. El <strong>aislamiento<\/strong> ha sido detectado como uno de los riesgos laborales m\u00e1s preocupantes derivados de la pandemia. Para ello, no es suficiente realizar videollamadas o compartir horario laboral, aunque sea virtual. Se trata de <strong>contar con el equipo,<\/strong> con quienes cada trabajador <strong>comparte objetivos<\/strong>.<\/p>\n<p>El compa\u00f1erismo mejora la experiencia laboral y nutre el <strong>sentido de pertenencia<\/strong>, a la par que fortalece la actitud positiva de la plantilla. Superar esa sensaci\u00f3n de aislamiento y transformarla en gesti\u00f3n de equipos pasa por activar las claves de la comunicaci\u00f3n interna, que como sabes, se caracteriza por compartir la <strong>informaci\u00f3n necesaria y estrat\u00e9gica<\/strong> dentro del contexto corporativo.<\/p>\n<p>Sigue estos <strong>tips para lograr mejorar la comunicaci\u00f3n<\/strong> y fomentar el compa\u00f1erismo:<\/p>\n<ul>\n<li>Aprovecha los recursos de la <strong>transformaci\u00f3n digital<\/strong>: apps, gamificaci\u00f3n o <em>daily meets<\/em>.<\/li>\n<li>Estimula la <strong>participaci\u00f3n<\/strong> recogiendo de manera ordenada y con <em>feedback<\/em> todas las propuestas de la plantilla. Todas es todas.<\/li>\n<li>Convierte a la plantilla en <strong>embajadores de la marca<\/strong>, tanto de puertas hacia fuera como hacia dentro. El uso de redes sociales propias puede ser tu soluci\u00f3n.<\/li>\n<li>La comunicaci\u00f3n debe estar unificada con un <strong>mensaje transparente, directo y \u00fanico<\/strong>.<\/li>\n<li>Las cuestiones importantes se comunican de <strong>manera eficaz y en tiempo real<\/strong>. Evita malentendidos y l\u00edneas de mensajes contradictorios. La transparencia es la base de la confianza y esta del compa\u00f1erismo.<\/li>\n<\/ul>\n","protected":false},"excerpt":{"rendered":"<p>En determinados sectores, especialmente cuando en la plantilla trabajan muchos perfiles millennials, se ha llegado a valorar el<a class=\"moretag\" href=\"https:\/\/empresas.infoempleo.com\/hrtrends\/companerismo-y-trabajo-en-equipo-en-la-pandemia\/\"> Leer m\u00e1s<\/a><\/p>\n","protected":false},"author":136,"featured_media":38830,"comment_status":"closed","ping_status":"closed","sticky":false,"template":"","format":"standard","meta":{"footnotes":""},"categories":[3035],"tags":[409,3254,274],"class_list":["post-38828","post","type-post","status-publish","format-standard","has-post-thumbnail","hentry","category-consejos","tag-equipo","tag-gestion-de-equipos","tag-motivacion"],"yoast_head":"<!-- This site is optimized with the Yoast SEO plugin v26.1.1 - https:\/\/yoast.com\/wordpress\/plugins\/seo\/ -->\n<title>Compa\u00f1erismo y trabajo en equipo en la pandemia | HRTRENDS<\/title>\n<meta name=\"description\" content=\"Ahora m\u00e1s que nunca reforzar el compa\u00f1erismo y la gesti\u00f3n emocional de los equipos es fundamental para la supervivencia de la empresa.\" \/>\n<meta name=\"robots\" content=\"index, follow, max-snippet:-1, max-image-preview:large, max-video-preview:-1\" \/>\n<link rel=\"canonical\" href=\"https:\/\/empresas.infoempleo.com\/hrtrends\/companerismo-y-trabajo-en-equipo-en-la-pandemia\/\" \/>\n<meta property=\"og:locale\" content=\"es_ES\" \/>\n<meta property=\"og:type\" content=\"article\" \/>\n<meta property=\"og:title\" content=\"Compa\u00f1erismo y trabajo en equipo en la pandemia | HRTRENDS\" \/>\n<meta property=\"og:description\" content=\"Ahora m\u00e1s que nunca reforzar el compa\u00f1erismo y la gesti\u00f3n emocional de los equipos es fundamental para la supervivencia de la empresa.\" \/>\n<meta property=\"og:url\" content=\"https:\/\/empresas.infoempleo.com\/hrtrends\/companerismo-y-trabajo-en-equipo-en-la-pandemia\/\" \/>\n<meta property=\"og:site_name\" content=\"HRTRENDS\" \/>\n<meta property=\"article:publisher\" content=\"https:\/\/www.facebook.com\/Infoempleo\" \/>\n<meta property=\"article:published_time\" content=\"2021-07-02T05:30:35+00:00\" \/>\n<meta property=\"og:image\" content=\"https:\/\/empresas.infoempleo.com\/hrtrends\/media\/2021\/06\/HRTrends_Companerismo.jpg\" \/>\n\t<meta property=\"og:image:width\" content=\"881\" \/>\n\t<meta property=\"og:image:height\" content=\"587\" \/>\n\t<meta property=\"og:image:type\" content=\"image\/jpeg\" \/>\n<meta name=\"author\" content=\"Raquel Hern\u00e1ndez\" \/>\n<meta name=\"twitter:card\" content=\"summary_large_image\" \/>\n<meta name=\"twitter:creator\" content=\"@infoempleo\" \/>\n<meta name=\"twitter:site\" content=\"@infoempleo\" \/>\n<meta name=\"twitter:label1\" content=\"Escrito por\" \/>\n\t<meta name=\"twitter:data1\" content=\"Raquel Hern\u00e1ndez\" \/>\n\t<meta name=\"twitter:label2\" content=\"Tiempo de lectura\" \/>\n\t<meta name=\"twitter:data2\" content=\"3 minutos\" \/>\n<script type=\"application\/ld+json\" class=\"yoast-schema-graph\">{\"@context\":\"https:\/\/schema.org\",\"@graph\":[{\"@type\":\"NewsArticle\",\"@id\":\"https:\/\/empresas.infoempleo.com\/hrtrends\/companerismo-y-trabajo-en-equipo-en-la-pandemia\/#article\",\"isPartOf\":{\"@id\":\"https:\/\/empresas.infoempleo.com\/hrtrends\/companerismo-y-trabajo-en-equipo-en-la-pandemia\/\"},\"author\":{\"name\":\"Raquel Hern\u00e1ndez\",\"@id\":\"https:\/\/empresas.infoempleo.com\/hrtrends\/#\/schema\/person\/fb2f949a1461ff0e9e15996d82d3a787\"},\"headline\":\"Compa\u00f1erismo y trabajo en equipo en la pandemia\",\"datePublished\":\"2021-07-02T05:30:35+00:00\",\"mainEntityOfPage\":{\"@id\":\"https:\/\/empresas.infoempleo.com\/hrtrends\/companerismo-y-trabajo-en-equipo-en-la-pandemia\/\"},\"wordCount\":583,\"publisher\":{\"@id\":\"https:\/\/empresas.infoempleo.com\/hrtrends\/#organization\"},\"image\":{\"@id\":\"https:\/\/empresas.infoempleo.com\/hrtrends\/companerismo-y-trabajo-en-equipo-en-la-pandemia\/#primaryimage\"},\"thumbnailUrl\":\"https:\/\/empresas.infoempleo.com\/hrtrends\/media\/2021\/06\/HRTrends_Companerismo.jpg\",\"keywords\":[\"equipo\",\"gesti\u00f3n de equipos\",\"motivaci\u00f3n\"],\"articleSection\":[\"Consejos\"],\"inLanguage\":\"es\",\"copyrightYear\":\"2021\",\"copyrightHolder\":{\"@id\":\"https:\/\/empresas.infoempleo.com\/hrtrends\/#organization\"}},{\"@type\":\"WebPage\",\"@id\":\"https:\/\/empresas.infoempleo.com\/hrtrends\/companerismo-y-trabajo-en-equipo-en-la-pandemia\/\",\"url\":\"https:\/\/empresas.infoempleo.com\/hrtrends\/companerismo-y-trabajo-en-equipo-en-la-pandemia\/\",\"name\":\"Compa\u00f1erismo y trabajo en equipo en la pandemia | HRTRENDS\",\"isPartOf\":{\"@id\":\"https:\/\/empresas.infoempleo.com\/hrtrends\/#website\"},\"primaryImageOfPage\":{\"@id\":\"https:\/\/empresas.infoempleo.com\/hrtrends\/companerismo-y-trabajo-en-equipo-en-la-pandemia\/#primaryimage\"},\"image\":{\"@id\":\"https:\/\/empresas.infoempleo.com\/hrtrends\/companerismo-y-trabajo-en-equipo-en-la-pandemia\/#primaryimage\"},\"thumbnailUrl\":\"https:\/\/empresas.infoempleo.com\/hrtrends\/media\/2021\/06\/HRTrends_Companerismo.jpg\",\"datePublished\":\"2021-07-02T05:30:35+00:00\",\"description\":\"Ahora m\u00e1s que nunca reforzar el compa\u00f1erismo y la gesti\u00f3n emocional de los equipos es fundamental para la supervivencia de la empresa.\",\"breadcrumb\":{\"@id\":\"https:\/\/empresas.infoempleo.com\/hrtrends\/companerismo-y-trabajo-en-equipo-en-la-pandemia\/#breadcrumb\"},\"inLanguage\":\"es\",\"potentialAction\":[{\"@type\":\"ReadAction\",\"target\":[\"https:\/\/empresas.infoempleo.com\/hrtrends\/companerismo-y-trabajo-en-equipo-en-la-pandemia\/\"]}]},{\"@type\":\"ImageObject\",\"inLanguage\":\"es\",\"@id\":\"https:\/\/empresas.infoempleo.com\/hrtrends\/companerismo-y-trabajo-en-equipo-en-la-pandemia\/#primaryimage\",\"url\":\"https:\/\/empresas.infoempleo.com\/hrtrends\/media\/2021\/06\/HRTrends_Companerismo-150x150.jpg\",\"contentUrl\":\"https:\/\/empresas.infoempleo.com\/hrtrends\/media\/2021\/06\/HRTrends_Companerismo-150x150.jpg\",\"width\":150,\"height\":150,\"caption\":\"Compa\u00f1erismo y trabajo en equipo en la pandemia\"},{\"@type\":\"BreadcrumbList\",\"@id\":\"https:\/\/empresas.infoempleo.com\/hrtrends\/companerismo-y-trabajo-en-equipo-en-la-pandemia\/#breadcrumb\",\"itemListElement\":[{\"@type\":\"ListItem\",\"position\":1,\"name\":\"Portada\",\"item\":\"https:\/\/empresas.infoempleo.com\/hrtrends\/\"},{\"@type\":\"ListItem\",\"position\":2,\"name\":\"Compa\u00f1erismo y trabajo en equipo en la pandemia\"}]},{\"@type\":\"WebSite\",\"@id\":\"https:\/\/empresas.infoempleo.com\/hrtrends\/#website\",\"url\":\"https:\/\/empresas.infoempleo.com\/hrtrends\",\"name\":\"HRTrends by Infoempleo\",\"description\":\"\",\"publisher\":{\"@id\":\"https:\/\/empresas.infoempleo.com\/hrtrends\/#organization\"},\"potentialAction\":{\"@type\":\"SearchAction\",\"target\":\"https:\/\/empresas.infoempleo.com\/hrtrends\/?s={search_term_string}\",\"query-input\":\"required name=search_term_string\"},\"inLanguage\":\"es\"},{\"@type\":\"Organization\",\"@id\":\"https:\/\/empresas.infoempleo.com\/hrtrends\/#organization\",\"name\":\"Infoempleo\",\"url\":\"https:\/\/www.infoempleo.com\/\",\"logo\":{\"@type\":\"ImageObject\",\"@id\":\"https:\/\/empresas.infoempleo.com\/hrtrends\/#logo\",\"inLanguage\":\"es\",\"url\":\"https:\/\/cdnazure.infoempleo.com\/infoempleo\/assets\/style\/gfx\/logo.svg\",\"contentUrl\":\"https:\/\/cdnazure.infoempleo.com\/infoempleo\/assets\/style\/gfx\/logo.svg\",\"width\":150,\"height\":40,\"caption\":\"Infoempleo\"},\"image\":{\"@id\":\"https:\/\/empresas.infoempleo.com\/hrtrends\/#logo\"},\"sameAs\":[\"https:\/\/www.facebook.com\/Infoempleo\",\"https:\/\/x.com\/infoempleo\",\"http:\/\/instagram.com\/infoempleo\/\",\"http:\/\/www.linkedin.com\/groups\/Empleo-Espa\u00f1a-Infoempleocom-111276\",\"http:\/\/pinterest.com\/infoempleo\/\"],\"address\":{\"@type\":\"PostalAddress\",\"addressLocality\":\"Madrid\",\"postalCode\":\"28050\",\"streetAddress\":\"Avenida de Burgos 114\"},\"brand\":[\"Infoempleo\"]},{\"@type\":\"Person\",\"@id\":\"https:\/\/empresas.infoempleo.com\/hrtrends\/#\/schema\/person\/fb2f949a1461ff0e9e15996d82d3a787\",\"name\":\"Raquel Hern\u00e1ndez\",\"image\":{\"@type\":\"ImageObject\",\"inLanguage\":\"es\",\"@id\":\"https:\/\/empresas.infoempleo.com\/hrtrends\/#\/schema\/person\/image\/\",\"url\":\"https:\/\/secure.gravatar.com\/avatar\/4ccd374b24ab5eefd1b7681d8be968df221a577fa3ffa9dc4bb4b537645dc6a2?s=96&d=mm&r=g\",\"contentUrl\":\"https:\/\/secure.gravatar.com\/avatar\/4ccd374b24ab5eefd1b7681d8be968df221a577fa3ffa9dc4bb4b537645dc6a2?s=96&d=mm&r=g\",\"caption\":\"Raquel Hern\u00e1ndez\"},\"description\":\"M\u00e1ster en Filosof\u00eda Contempor\u00e1nea y Diploma Experto en Salud y G\u00e9nero. Extensa experiencia profesional como directora y productora de eventos culturales, especializada en el sector editorial. Lectora profesional y redactora de contenidos relacionados con el empleo, la innovaci\u00f3n y la educaci\u00f3n.\",\"url\":\"https:\/\/empresas.infoempleo.com\/hrtrends\/author\/raquel-hernandez\/\"}]}<\/script>\n<!-- \/ Yoast SEO plugin. -->","yoast_head_json":{"title":"Compa\u00f1erismo y trabajo en equipo en la pandemia | HRTRENDS","description":"Ahora m\u00e1s que nunca reforzar el compa\u00f1erismo y la gesti\u00f3n emocional de los equipos es fundamental para la supervivencia de la empresa.","robots":{"index":"index","follow":"follow","max-snippet":"max-snippet:-1","max-image-preview":"max-image-preview:large","max-video-preview":"max-video-preview:-1"},"canonical":"https:\/\/empresas.infoempleo.com\/hrtrends\/companerismo-y-trabajo-en-equipo-en-la-pandemia\/","og_locale":"es_ES","og_type":"article","og_title":"Compa\u00f1erismo y trabajo en equipo en la pandemia | HRTRENDS","og_description":"Ahora m\u00e1s que nunca reforzar el compa\u00f1erismo y la gesti\u00f3n emocional de los equipos es fundamental para la supervivencia de la empresa.","og_url":"https:\/\/empresas.infoempleo.com\/hrtrends\/companerismo-y-trabajo-en-equipo-en-la-pandemia\/","og_site_name":"HRTRENDS","article_publisher":"https:\/\/www.facebook.com\/Infoempleo","article_published_time":"2021-07-02T05:30:35+00:00","og_image":[{"width":881,"height":587,"url":"https:\/\/empresas.infoempleo.com\/hrtrends\/media\/2021\/06\/HRTrends_Companerismo.jpg","type":"image\/jpeg"}],"author":"Raquel Hern\u00e1ndez","twitter_card":"summary_large_image","twitter_creator":"@infoempleo","twitter_site":"@infoempleo","twitter_misc":{"Escrito por":"Raquel Hern\u00e1ndez","Tiempo de lectura":"3 minutos"},"schema":{"@context":"https:\/\/schema.org","@graph":[{"@type":"NewsArticle","@id":"https:\/\/empresas.infoempleo.com\/hrtrends\/companerismo-y-trabajo-en-equipo-en-la-pandemia\/#article","isPartOf":{"@id":"https:\/\/empresas.infoempleo.com\/hrtrends\/companerismo-y-trabajo-en-equipo-en-la-pandemia\/"},"author":{"name":"Raquel Hern\u00e1ndez","@id":"https:\/\/empresas.infoempleo.com\/hrtrends\/#\/schema\/person\/fb2f949a1461ff0e9e15996d82d3a787"},"headline":"Compa\u00f1erismo y trabajo en equipo en la pandemia","datePublished":"2021-07-02T05:30:35+00:00","mainEntityOfPage":{"@id":"https:\/\/empresas.infoempleo.com\/hrtrends\/companerismo-y-trabajo-en-equipo-en-la-pandemia\/"},"wordCount":583,"publisher":{"@id":"https:\/\/empresas.infoempleo.com\/hrtrends\/#organization"},"image":{"@id":"https:\/\/empresas.infoempleo.com\/hrtrends\/companerismo-y-trabajo-en-equipo-en-la-pandemia\/#primaryimage"},"thumbnailUrl":"https:\/\/empresas.infoempleo.com\/hrtrends\/media\/2021\/06\/HRTrends_Companerismo.jpg","keywords":["equipo","gesti\u00f3n de equipos","motivaci\u00f3n"],"articleSection":["Consejos"],"inLanguage":"es","copyrightYear":"2021","copyrightHolder":{"@id":"https:\/\/empresas.infoempleo.com\/hrtrends\/#organization"}},{"@type":"WebPage","@id":"https:\/\/empresas.infoempleo.com\/hrtrends\/companerismo-y-trabajo-en-equipo-en-la-pandemia\/","url":"https:\/\/empresas.infoempleo.com\/hrtrends\/companerismo-y-trabajo-en-equipo-en-la-pandemia\/","name":"Compa\u00f1erismo y trabajo en equipo en la pandemia | HRTRENDS","isPartOf":{"@id":"https:\/\/empresas.infoempleo.com\/hrtrends\/#website"},"primaryImageOfPage":{"@id":"https:\/\/empresas.infoempleo.com\/hrtrends\/companerismo-y-trabajo-en-equipo-en-la-pandemia\/#primaryimage"},"image":{"@id":"https:\/\/empresas.infoempleo.com\/hrtrends\/companerismo-y-trabajo-en-equipo-en-la-pandemia\/#primaryimage"},"thumbnailUrl":"https:\/\/empresas.infoempleo.com\/hrtrends\/media\/2021\/06\/HRTrends_Companerismo.jpg","datePublished":"2021-07-02T05:30:35+00:00","description":"Ahora m\u00e1s que nunca reforzar el compa\u00f1erismo y la gesti\u00f3n emocional de los equipos es fundamental para la supervivencia de la empresa.","breadcrumb":{"@id":"https:\/\/empresas.infoempleo.com\/hrtrends\/companerismo-y-trabajo-en-equipo-en-la-pandemia\/#breadcrumb"},"inLanguage":"es","potentialAction":[{"@type":"ReadAction","target":["https:\/\/empresas.infoempleo.com\/hrtrends\/companerismo-y-trabajo-en-equipo-en-la-pandemia\/"]}]},{"@type":"ImageObject","inLanguage":"es","@id":"https:\/\/empresas.infoempleo.com\/hrtrends\/companerismo-y-trabajo-en-equipo-en-la-pandemia\/#primaryimage","url":"https:\/\/empresas.infoempleo.com\/hrtrends\/media\/2021\/06\/HRTrends_Companerismo-150x150.jpg","contentUrl":"https:\/\/empresas.infoempleo.com\/hrtrends\/media\/2021\/06\/HRTrends_Companerismo-150x150.jpg","width":150,"height":150,"caption":"Compa\u00f1erismo y trabajo en equipo en la pandemia"},{"@type":"BreadcrumbList","@id":"https:\/\/empresas.infoempleo.com\/hrtrends\/companerismo-y-trabajo-en-equipo-en-la-pandemia\/#breadcrumb","itemListElement":[{"@type":"ListItem","position":1,"name":"Portada","item":"https:\/\/empresas.infoempleo.com\/hrtrends\/"},{"@type":"ListItem","position":2,"name":"Compa\u00f1erismo y trabajo en equipo en la pandemia"}]},{"@type":"WebSite","@id":"https:\/\/empresas.infoempleo.com\/hrtrends\/#website","url":"https:\/\/empresas.infoempleo.com\/hrtrends","name":"HRTrends by Infoempleo","description":"","publisher":{"@id":"https:\/\/empresas.infoempleo.com\/hrtrends\/#organization"},"potentialAction":{"@type":"SearchAction","target":"https:\/\/empresas.infoempleo.com\/hrtrends\/?s={search_term_string}","query-input":"required name=search_term_string"},"inLanguage":"es"},{"@type":"Organization","@id":"https:\/\/empresas.infoempleo.com\/hrtrends\/#organization","name":"Infoempleo","url":"https:\/\/www.infoempleo.com\/","logo":{"@type":"ImageObject","@id":"https:\/\/empresas.infoempleo.com\/hrtrends\/#logo","inLanguage":"es","url":"https:\/\/cdnazure.infoempleo.com\/infoempleo\/assets\/style\/gfx\/logo.svg","contentUrl":"https:\/\/cdnazure.infoempleo.com\/infoempleo\/assets\/style\/gfx\/logo.svg","width":150,"height":40,"caption":"Infoempleo"},"image":{"@id":"https:\/\/empresas.infoempleo.com\/hrtrends\/#logo"},"sameAs":["https:\/\/www.facebook.com\/Infoempleo","https:\/\/x.com\/infoempleo","http:\/\/instagram.com\/infoempleo\/","http:\/\/www.linkedin.com\/groups\/Empleo-Espa\u00f1a-Infoempleocom-111276","http:\/\/pinterest.com\/infoempleo\/"],"address":{"@type":"PostalAddress","addressLocality":"Madrid","postalCode":"28050","streetAddress":"Avenida de Burgos 114"},"brand":["Infoempleo"]},{"@type":"Person","@id":"https:\/\/empresas.infoempleo.com\/hrtrends\/#\/schema\/person\/fb2f949a1461ff0e9e15996d82d3a787","name":"Raquel Hern\u00e1ndez","image":{"@type":"ImageObject","inLanguage":"es","@id":"https:\/\/empresas.infoempleo.com\/hrtrends\/#\/schema\/person\/image\/","url":"https:\/\/secure.gravatar.com\/avatar\/4ccd374b24ab5eefd1b7681d8be968df221a577fa3ffa9dc4bb4b537645dc6a2?s=96&d=mm&r=g","contentUrl":"https:\/\/secure.gravatar.com\/avatar\/4ccd374b24ab5eefd1b7681d8be968df221a577fa3ffa9dc4bb4b537645dc6a2?s=96&d=mm&r=g","caption":"Raquel Hern\u00e1ndez"},"description":"M\u00e1ster en Filosof\u00eda Contempor\u00e1nea y Diploma Experto en Salud y G\u00e9nero. Extensa experiencia profesional como directora y productora de eventos culturales, especializada en el sector editorial. Lectora profesional y redactora de contenidos relacionados con el empleo, la innovaci\u00f3n y la educaci\u00f3n.","url":"https:\/\/empresas.infoempleo.com\/hrtrends\/author\/raquel-hernandez\/"}]}},"amp_enabled":true,"_links":{"self":[{"href":"https:\/\/empresas.infoempleo.com\/hrtrends\/wp-json\/wp\/v2\/posts\/38828","targetHints":{"allow":["GET"]}}],"collection":[{"href":"https:\/\/empresas.infoempleo.com\/hrtrends\/wp-json\/wp\/v2\/posts"}],"about":[{"href":"https:\/\/empresas.infoempleo.com\/hrtrends\/wp-json\/wp\/v2\/types\/post"}],"author":[{"embeddable":true,"href":"https:\/\/empresas.infoempleo.com\/hrtrends\/wp-json\/wp\/v2\/users\/136"}],"replies":[{"embeddable":true,"href":"https:\/\/empresas.infoempleo.com\/hrtrends\/wp-json\/wp\/v2\/comments?post=38828"}],"version-history":[{"count":1,"href":"https:\/\/empresas.infoempleo.com\/hrtrends\/wp-json\/wp\/v2\/posts\/38828\/revisions"}],"predecessor-version":[{"id":38831,"href":"https:\/\/empresas.infoempleo.com\/hrtrends\/wp-json\/wp\/v2\/posts\/38828\/revisions\/38831"}],"wp:featuredmedia":[{"embeddable":true,"href":"https:\/\/empresas.infoempleo.com\/hrtrends\/wp-json\/wp\/v2\/media\/38830"}],"wp:attachment":[{"href":"https:\/\/empresas.infoempleo.com\/hrtrends\/wp-json\/wp\/v2\/media?parent=38828"}],"wp:term":[{"taxonomy":"category","embeddable":true,"href":"https:\/\/empresas.infoempleo.com\/hrtrends\/wp-json\/wp\/v2\/categories?post=38828"},{"taxonomy":"post_tag","embeddable":true,"href":"https:\/\/empresas.infoempleo.com\/hrtrends\/wp-json\/wp\/v2\/tags?post=38828"}],"curies":[{"name":"wp","href":"https:\/\/api.w.org\/{rel}","templated":true}]}}