{"id":38816,"date":"2021-06-29T07:30:45","date_gmt":"2021-06-29T05:30:45","guid":{"rendered":"https:\/\/empresas.infoempleo.com\/hrtrends\/?p=38816"},"modified":"2021-06-25T14:50:55","modified_gmt":"2021-06-25T12:50:55","slug":"como-afectara-el-nuevo-impuesto-minimo-global-de-sociedades","status":"publish","type":"post","link":"https:\/\/empresas.infoempleo.com\/hrtrends\/como-afectara-el-nuevo-impuesto-minimo-global-de-sociedades\/","title":{"rendered":"C\u00f3mo afectar\u00e1 el nuevo impuesto m\u00ednimo global de sociedades"},"content":{"rendered":"<p>Los para\u00edsos fiscales no pueden tolerarse en un mundo globalizado. Hay que acabar con la <strong>deslocalizaci\u00f3n fiscal<\/strong>. Este es la base del <strong>acuerdo actual del G7<\/strong> sobre un nuevo <strong>impuesto global de sociedades del 15%<\/strong> de los beneficios. Objetivo: evitar el <em>dumping<\/em> fiscal especialmente en pa\u00edses como Holanda, Irlanda y Luxemburgo. Aunque no tiene car\u00e1cter vinculante, se espera que lo ratifique el G20 y la Organizaci\u00f3n para la Cooperaci\u00f3n y el Desarrollo Econ\u00f3micos (OCDE).<\/p>\n<p><!--more--><\/p>\n<h2>Consecuencias del impuesto m\u00ednimo global<\/h2>\n<p>Los <strong>pa\u00edses miembro del G7<\/strong> &#8211; Alemania, Canad\u00e1, los Estados Unidos, Francia, Italia, Jap\u00f3n y el Reino Unido- consideran un logro hist\u00f3rico y un \u201cgran progreso\u201d la posibilidad de imponer una <strong>tasa a las grandes corporaciones<\/strong>. Esta medida propuesta era previa a la pandemia, sin embargo, alguno de los ministros de finanzas ha se\u00f1alado que ha habido claros \u201cganadores\u201d tras ella y que <strong>modificar el modelo impositivo de los \u201cgigantes\u201d<\/strong> orienta el progreso econ\u00f3mico hacia un <a href=\"https:\/\/empresas.infoempleo.com\/hrtrends\/cuando-se-necesita-un-gestor-etico-y-por-que\/\"><strong>panorama global equitativo<\/strong><\/a>. Por ejemplo, <em>Apple<\/em> vende sus productos por toda la Uni\u00f3n Europea, pero tributa gran parte de su facturaci\u00f3n en Irlanda, donde el tipo nominal del Impuesto de Sociedades se sit\u00faa en el 12,5%.<\/p>\n<p>Si el acuerdo se ratifica las compa\u00f1\u00edas pagar\u00edan <strong>al menos un 15%<\/strong> de impuestos de sociedades en todos aquellos <strong>pa\u00edses donde generan negocio<\/strong>, en lugar de tributar s\u00f3lo en los territorios donde tienen establecidas sus sedes. Por ejemplo, si una multinacional alemana tiene beneficios en Irlanda gravados a una tasa efectiva del 5%, Alemania ahora podr\u00e1 cobrar un impuesto adicional del 10% para llegar a una tasa del 15%.<\/p>\n<p><img loading=\"lazy\" decoding=\"async\" class=\"aligncenter size-full wp-image-38817\" src=\"https:\/\/empresas.infoempleo.com\/hrtrends\/media\/2021\/06\/HRTrends_Impuesto-global-de-empresas.jpg\" alt=\"Consecuencias del impuesto m\u00ednimo global\" width=\"800\" height=\"533\" srcset=\"https:\/\/empresas.infoempleo.com\/hrtrends\/media\/2021\/06\/HRTrends_Impuesto-global-de-empresas.jpg 800w, https:\/\/empresas.infoempleo.com\/hrtrends\/media\/2021\/06\/HRTrends_Impuesto-global-de-empresas-300x200.jpg 300w, https:\/\/empresas.infoempleo.com\/hrtrends\/media\/2021\/06\/HRTrends_Impuesto-global-de-empresas-768x512.jpg 768w\" sizes=\"auto, (max-width: 800px) 100vw, 800px\" \/><\/p>\n<p>Por tanto, el objetivo de la norma es que las <strong>empresas paguen en los pa\u00edses<\/strong> en los que venden sus productos y servicios y no donde declaren sus beneficios: \u00abLa presencia f\u00edsica ha sido la base hist\u00f3rica de nuestro sistema tributario. Esta base tiene que evolucionar con nuestras econom\u00edas <strong>transform\u00e1ndose en econom\u00edas digitales<\/strong>. Como cualquier otra empresa, deber\u00edan <strong>pagar su parte justa para financiar el bien p\u00fablico<\/strong>, a un nivel acorde con su \u00e9xito\u00bb, se\u00f1alan en la carta presentada Alemania, Italia, Francia y Espa\u00f1a.<\/p>\n<h2>Un poco de historia<\/h2>\n<p><strong>Adem\u00e1s<\/strong> de emitir las facturas por los servicios prestados desde el pa\u00eds que cuenta con baja fiscalidad, las <strong>multinacionales han deslocalizado sus beneficios<\/strong> hacia las zonas de <a href=\"https:\/\/empresas.infoempleo.com\/hrtrends\/priorizar-pago-tributos-frente-a-cotizaciones\"><strong>baja tributaci\u00f3n<\/strong><\/a> con otra medida: facturando en el pa\u00eds en el que operan realmente, pero reduciendo los beneficios a base de <strong>imputar costes<\/strong> por servicios ofrecidos a la <strong>matriz<\/strong> que se encuentra domiciliada en pa\u00edses de baja tributaci\u00f3n.<\/p>\n<p>Este acuerdo se ha alcanzado despu\u00e9s de varios a\u00f1os de negociaci\u00f3n. El <strong>principal escollo <\/strong>para alcanzar con anterioridad un pacto de estas caracter\u00edsticas ha sido <strong>Estados Unidos<\/strong>, cuyas empresas son las grandes beneficiadas de la deslocalizaci\u00f3n fiscal que se realiza en Europa, en especial las del sector tecnol\u00f3gico.<\/p>\n<p>Empresas globales como <strong>Amazon, Google o Facebook ser\u00e1n las m\u00e1s afectadas<\/strong>. La OCDE ha estado coordinando las negociaciones fiscales entre 140 pa\u00edses durante a\u00f1os sobre reglas fiscales para gravar servicios digitales y frenar la erosi\u00f3n de las bases impositivas, incluido un impuesto m\u00ednimo corporativo global. En este sentido, la conocida \u201ctasa Google\u201d, el impuesto a determinados servicios digitales, encontraba la oposici\u00f3n de EEUU, mientras que la UE lo ha visto como uno de los pilares del pr\u00f3ximo sistema tributario.<\/p>\n","protected":false},"excerpt":{"rendered":"<p>Los para\u00edsos fiscales no pueden tolerarse en un mundo globalizado. Hay que acabar con la deslocalizaci\u00f3n fiscal. Este<a class=\"moretag\" href=\"https:\/\/empresas.infoempleo.com\/hrtrends\/como-afectara-el-nuevo-impuesto-minimo-global-de-sociedades\/\"> Leer m\u00e1s<\/a><\/p>\n","protected":false},"author":136,"featured_media":38818,"comment_status":"closed","ping_status":"closed","sticky":false,"template":"","format":"standard","meta":{"footnotes":""},"categories":[3],"tags":[],"class_list":["post-38816","post","type-post","status-publish","format-standard","has-post-thumbnail","hentry","category-actualidad"],"yoast_head":"<!-- This site is optimized with the Yoast SEO plugin v26.1.1 - https:\/\/yoast.com\/wordpress\/plugins\/seo\/ -->\n<title>C\u00f3mo afectar\u00e1 el nuevo impuesto m\u00ednimo global de sociedades | HRTRENDS<\/title>\n<meta name=\"description\" content=\"Acuerdo actual del G7 sobre un nuevo impuesto global de sociedades del 15% de los beneficios. Objetivo: evitar el dumping fiscal\" \/>\n<meta name=\"robots\" content=\"index, follow, max-snippet:-1, max-image-preview:large, max-video-preview:-1\" \/>\n<link rel=\"canonical\" href=\"https:\/\/empresas.infoempleo.com\/hrtrends\/como-afectara-el-nuevo-impuesto-minimo-global-de-sociedades\/\" \/>\n<meta property=\"og:locale\" content=\"es_ES\" \/>\n<meta property=\"og:type\" content=\"article\" \/>\n<meta property=\"og:title\" content=\"C\u00f3mo afectar\u00e1 el nuevo impuesto m\u00ednimo global de sociedades | HRTRENDS\" \/>\n<meta property=\"og:description\" content=\"Acuerdo actual del G7 sobre un nuevo impuesto global de sociedades del 15% de los beneficios. Objetivo: evitar el dumping fiscal\" \/>\n<meta property=\"og:url\" content=\"https:\/\/empresas.infoempleo.com\/hrtrends\/como-afectara-el-nuevo-impuesto-minimo-global-de-sociedades\/\" \/>\n<meta property=\"og:site_name\" content=\"HRTRENDS\" \/>\n<meta property=\"article:publisher\" content=\"https:\/\/www.facebook.com\/Infoempleo\" \/>\n<meta property=\"article:published_time\" content=\"2021-06-29T05:30:45+00:00\" \/>\n<meta property=\"og:image\" content=\"https:\/\/empresas.infoempleo.com\/hrtrends\/media\/2021\/06\/HRTrends_Impuesto-minimo-global-de-sociedades.jpg\" \/>\n\t<meta property=\"og:image:width\" content=\"881\" \/>\n\t<meta property=\"og:image:height\" content=\"588\" \/>\n\t<meta property=\"og:image:type\" content=\"image\/jpeg\" \/>\n<meta name=\"author\" content=\"Raquel Hern\u00e1ndez\" \/>\n<meta name=\"twitter:card\" content=\"summary_large_image\" \/>\n<meta name=\"twitter:creator\" content=\"@infoempleo\" \/>\n<meta name=\"twitter:site\" content=\"@infoempleo\" \/>\n<meta name=\"twitter:label1\" content=\"Escrito por\" \/>\n\t<meta name=\"twitter:data1\" content=\"Raquel Hern\u00e1ndez\" \/>\n\t<meta name=\"twitter:label2\" content=\"Tiempo de lectura\" \/>\n\t<meta name=\"twitter:data2\" content=\"3 minutos\" \/>\n<script type=\"application\/ld+json\" class=\"yoast-schema-graph\">{\"@context\":\"https:\/\/schema.org\",\"@graph\":[{\"@type\":\"NewsArticle\",\"@id\":\"https:\/\/empresas.infoempleo.com\/hrtrends\/como-afectara-el-nuevo-impuesto-minimo-global-de-sociedades\/#article\",\"isPartOf\":{\"@id\":\"https:\/\/empresas.infoempleo.com\/hrtrends\/como-afectara-el-nuevo-impuesto-minimo-global-de-sociedades\/\"},\"author\":{\"name\":\"Raquel Hern\u00e1ndez\",\"@id\":\"https:\/\/empresas.infoempleo.com\/hrtrends\/#\/schema\/person\/fb2f949a1461ff0e9e15996d82d3a787\"},\"headline\":\"C\u00f3mo afectar\u00e1 el nuevo impuesto m\u00ednimo global de sociedades\",\"datePublished\":\"2021-06-29T05:30:45+00:00\",\"mainEntityOfPage\":{\"@id\":\"https:\/\/empresas.infoempleo.com\/hrtrends\/como-afectara-el-nuevo-impuesto-minimo-global-de-sociedades\/\"},\"wordCount\":594,\"publisher\":{\"@id\":\"https:\/\/empresas.infoempleo.com\/hrtrends\/#organization\"},\"image\":{\"@id\":\"https:\/\/empresas.infoempleo.com\/hrtrends\/como-afectara-el-nuevo-impuesto-minimo-global-de-sociedades\/#primaryimage\"},\"thumbnailUrl\":\"https:\/\/empresas.infoempleo.com\/hrtrends\/media\/2021\/06\/HRTrends_Impuesto-minimo-global-de-sociedades.jpg\",\"articleSection\":[\"Actualidad\"],\"inLanguage\":\"es\",\"copyrightYear\":\"2021\",\"copyrightHolder\":{\"@id\":\"https:\/\/empresas.infoempleo.com\/hrtrends\/#organization\"}},{\"@type\":\"WebPage\",\"@id\":\"https:\/\/empresas.infoempleo.com\/hrtrends\/como-afectara-el-nuevo-impuesto-minimo-global-de-sociedades\/\",\"url\":\"https:\/\/empresas.infoempleo.com\/hrtrends\/como-afectara-el-nuevo-impuesto-minimo-global-de-sociedades\/\",\"name\":\"C\u00f3mo afectar\u00e1 el nuevo impuesto m\u00ednimo global de sociedades | HRTRENDS\",\"isPartOf\":{\"@id\":\"https:\/\/empresas.infoempleo.com\/hrtrends\/#website\"},\"primaryImageOfPage\":{\"@id\":\"https:\/\/empresas.infoempleo.com\/hrtrends\/como-afectara-el-nuevo-impuesto-minimo-global-de-sociedades\/#primaryimage\"},\"image\":{\"@id\":\"https:\/\/empresas.infoempleo.com\/hrtrends\/como-afectara-el-nuevo-impuesto-minimo-global-de-sociedades\/#primaryimage\"},\"thumbnailUrl\":\"https:\/\/empresas.infoempleo.com\/hrtrends\/media\/2021\/06\/HRTrends_Impuesto-minimo-global-de-sociedades.jpg\",\"datePublished\":\"2021-06-29T05:30:45+00:00\",\"description\":\"Acuerdo actual del G7 sobre un nuevo impuesto global de sociedades del 15% de los beneficios. Objetivo: evitar el dumping fiscal\",\"breadcrumb\":{\"@id\":\"https:\/\/empresas.infoempleo.com\/hrtrends\/como-afectara-el-nuevo-impuesto-minimo-global-de-sociedades\/#breadcrumb\"},\"inLanguage\":\"es\",\"potentialAction\":[{\"@type\":\"ReadAction\",\"target\":[\"https:\/\/empresas.infoempleo.com\/hrtrends\/como-afectara-el-nuevo-impuesto-minimo-global-de-sociedades\/\"]}]},{\"@type\":\"ImageObject\",\"inLanguage\":\"es\",\"@id\":\"https:\/\/empresas.infoempleo.com\/hrtrends\/como-afectara-el-nuevo-impuesto-minimo-global-de-sociedades\/#primaryimage\",\"url\":\"https:\/\/empresas.infoempleo.com\/hrtrends\/media\/2021\/06\/HRTrends_Impuesto-minimo-global-de-sociedades-150x150.jpg\",\"contentUrl\":\"https:\/\/empresas.infoempleo.com\/hrtrends\/media\/2021\/06\/HRTrends_Impuesto-minimo-global-de-sociedades-150x150.jpg\",\"width\":150,\"height\":150,\"caption\":\"C\u00f3mo afectar\u00e1 el nuevo impuesto m\u00ednimo global de sociedades\"},{\"@type\":\"BreadcrumbList\",\"@id\":\"https:\/\/empresas.infoempleo.com\/hrtrends\/como-afectara-el-nuevo-impuesto-minimo-global-de-sociedades\/#breadcrumb\",\"itemListElement\":[{\"@type\":\"ListItem\",\"position\":1,\"name\":\"Portada\",\"item\":\"https:\/\/empresas.infoempleo.com\/hrtrends\/\"},{\"@type\":\"ListItem\",\"position\":2,\"name\":\"C\u00f3mo afectar\u00e1 el nuevo impuesto m\u00ednimo global de sociedades\"}]},{\"@type\":\"WebSite\",\"@id\":\"https:\/\/empresas.infoempleo.com\/hrtrends\/#website\",\"url\":\"https:\/\/empresas.infoempleo.com\/hrtrends\",\"name\":\"HRTrends by Infoempleo\",\"description\":\"\",\"publisher\":{\"@id\":\"https:\/\/empresas.infoempleo.com\/hrtrends\/#organization\"},\"potentialAction\":{\"@type\":\"SearchAction\",\"target\":\"https:\/\/empresas.infoempleo.com\/hrtrends\/?s={search_term_string}\",\"query-input\":\"required name=search_term_string\"},\"inLanguage\":\"es\"},{\"@type\":\"Organization\",\"@id\":\"https:\/\/empresas.infoempleo.com\/hrtrends\/#organization\",\"name\":\"Infoempleo\",\"url\":\"https:\/\/www.infoempleo.com\/\",\"logo\":{\"@type\":\"ImageObject\",\"@id\":\"https:\/\/empresas.infoempleo.com\/hrtrends\/#logo\",\"inLanguage\":\"es\",\"url\":\"https:\/\/cdnazure.infoempleo.com\/infoempleo\/assets\/style\/gfx\/logo.svg\",\"contentUrl\":\"https:\/\/cdnazure.infoempleo.com\/infoempleo\/assets\/style\/gfx\/logo.svg\",\"width\":150,\"height\":40,\"caption\":\"Infoempleo\"},\"image\":{\"@id\":\"https:\/\/empresas.infoempleo.com\/hrtrends\/#logo\"},\"sameAs\":[\"https:\/\/www.facebook.com\/Infoempleo\",\"https:\/\/x.com\/infoempleo\",\"http:\/\/instagram.com\/infoempleo\/\",\"http:\/\/www.linkedin.com\/groups\/Empleo-Espa\u00f1a-Infoempleocom-111276\",\"http:\/\/pinterest.com\/infoempleo\/\"],\"address\":{\"@type\":\"PostalAddress\",\"addressLocality\":\"Madrid\",\"postalCode\":\"28050\",\"streetAddress\":\"Avenida de Burgos 114\"},\"brand\":[\"Infoempleo\"]},{\"@type\":\"Person\",\"@id\":\"https:\/\/empresas.infoempleo.com\/hrtrends\/#\/schema\/person\/fb2f949a1461ff0e9e15996d82d3a787\",\"name\":\"Raquel Hern\u00e1ndez\",\"image\":{\"@type\":\"ImageObject\",\"inLanguage\":\"es\",\"@id\":\"https:\/\/empresas.infoempleo.com\/hrtrends\/#\/schema\/person\/image\/\",\"url\":\"https:\/\/secure.gravatar.com\/avatar\/4ccd374b24ab5eefd1b7681d8be968df221a577fa3ffa9dc4bb4b537645dc6a2?s=96&d=mm&r=g\",\"contentUrl\":\"https:\/\/secure.gravatar.com\/avatar\/4ccd374b24ab5eefd1b7681d8be968df221a577fa3ffa9dc4bb4b537645dc6a2?s=96&d=mm&r=g\",\"caption\":\"Raquel Hern\u00e1ndez\"},\"description\":\"M\u00e1ster en Filosof\u00eda Contempor\u00e1nea y Diploma Experto en Salud y G\u00e9nero. Extensa experiencia profesional como directora y productora de eventos culturales, especializada en el sector editorial. Lectora profesional y redactora de contenidos relacionados con el empleo, la innovaci\u00f3n y la educaci\u00f3n.\",\"url\":\"https:\/\/empresas.infoempleo.com\/hrtrends\/author\/raquel-hernandez\/\"}]}<\/script>\n<!-- \/ Yoast SEO plugin. -->","yoast_head_json":{"title":"C\u00f3mo afectar\u00e1 el nuevo impuesto m\u00ednimo global de sociedades | HRTRENDS","description":"Acuerdo actual del G7 sobre un nuevo impuesto global de sociedades del 15% de los beneficios. Objetivo: evitar el dumping fiscal","robots":{"index":"index","follow":"follow","max-snippet":"max-snippet:-1","max-image-preview":"max-image-preview:large","max-video-preview":"max-video-preview:-1"},"canonical":"https:\/\/empresas.infoempleo.com\/hrtrends\/como-afectara-el-nuevo-impuesto-minimo-global-de-sociedades\/","og_locale":"es_ES","og_type":"article","og_title":"C\u00f3mo afectar\u00e1 el nuevo impuesto m\u00ednimo global de sociedades | HRTRENDS","og_description":"Acuerdo actual del G7 sobre un nuevo impuesto global de sociedades del 15% de los beneficios. Objetivo: evitar el dumping fiscal","og_url":"https:\/\/empresas.infoempleo.com\/hrtrends\/como-afectara-el-nuevo-impuesto-minimo-global-de-sociedades\/","og_site_name":"HRTRENDS","article_publisher":"https:\/\/www.facebook.com\/Infoempleo","article_published_time":"2021-06-29T05:30:45+00:00","og_image":[{"width":881,"height":588,"url":"https:\/\/empresas.infoempleo.com\/hrtrends\/media\/2021\/06\/HRTrends_Impuesto-minimo-global-de-sociedades.jpg","type":"image\/jpeg"}],"author":"Raquel Hern\u00e1ndez","twitter_card":"summary_large_image","twitter_creator":"@infoempleo","twitter_site":"@infoempleo","twitter_misc":{"Escrito por":"Raquel Hern\u00e1ndez","Tiempo de lectura":"3 minutos"},"schema":{"@context":"https:\/\/schema.org","@graph":[{"@type":"NewsArticle","@id":"https:\/\/empresas.infoempleo.com\/hrtrends\/como-afectara-el-nuevo-impuesto-minimo-global-de-sociedades\/#article","isPartOf":{"@id":"https:\/\/empresas.infoempleo.com\/hrtrends\/como-afectara-el-nuevo-impuesto-minimo-global-de-sociedades\/"},"author":{"name":"Raquel Hern\u00e1ndez","@id":"https:\/\/empresas.infoempleo.com\/hrtrends\/#\/schema\/person\/fb2f949a1461ff0e9e15996d82d3a787"},"headline":"C\u00f3mo afectar\u00e1 el nuevo impuesto m\u00ednimo global de sociedades","datePublished":"2021-06-29T05:30:45+00:00","mainEntityOfPage":{"@id":"https:\/\/empresas.infoempleo.com\/hrtrends\/como-afectara-el-nuevo-impuesto-minimo-global-de-sociedades\/"},"wordCount":594,"publisher":{"@id":"https:\/\/empresas.infoempleo.com\/hrtrends\/#organization"},"image":{"@id":"https:\/\/empresas.infoempleo.com\/hrtrends\/como-afectara-el-nuevo-impuesto-minimo-global-de-sociedades\/#primaryimage"},"thumbnailUrl":"https:\/\/empresas.infoempleo.com\/hrtrends\/media\/2021\/06\/HRTrends_Impuesto-minimo-global-de-sociedades.jpg","articleSection":["Actualidad"],"inLanguage":"es","copyrightYear":"2021","copyrightHolder":{"@id":"https:\/\/empresas.infoempleo.com\/hrtrends\/#organization"}},{"@type":"WebPage","@id":"https:\/\/empresas.infoempleo.com\/hrtrends\/como-afectara-el-nuevo-impuesto-minimo-global-de-sociedades\/","url":"https:\/\/empresas.infoempleo.com\/hrtrends\/como-afectara-el-nuevo-impuesto-minimo-global-de-sociedades\/","name":"C\u00f3mo afectar\u00e1 el nuevo impuesto m\u00ednimo global de sociedades | HRTRENDS","isPartOf":{"@id":"https:\/\/empresas.infoempleo.com\/hrtrends\/#website"},"primaryImageOfPage":{"@id":"https:\/\/empresas.infoempleo.com\/hrtrends\/como-afectara-el-nuevo-impuesto-minimo-global-de-sociedades\/#primaryimage"},"image":{"@id":"https:\/\/empresas.infoempleo.com\/hrtrends\/como-afectara-el-nuevo-impuesto-minimo-global-de-sociedades\/#primaryimage"},"thumbnailUrl":"https:\/\/empresas.infoempleo.com\/hrtrends\/media\/2021\/06\/HRTrends_Impuesto-minimo-global-de-sociedades.jpg","datePublished":"2021-06-29T05:30:45+00:00","description":"Acuerdo actual del G7 sobre un nuevo impuesto global de sociedades del 15% de los beneficios. Objetivo: evitar el dumping fiscal","breadcrumb":{"@id":"https:\/\/empresas.infoempleo.com\/hrtrends\/como-afectara-el-nuevo-impuesto-minimo-global-de-sociedades\/#breadcrumb"},"inLanguage":"es","potentialAction":[{"@type":"ReadAction","target":["https:\/\/empresas.infoempleo.com\/hrtrends\/como-afectara-el-nuevo-impuesto-minimo-global-de-sociedades\/"]}]},{"@type":"ImageObject","inLanguage":"es","@id":"https:\/\/empresas.infoempleo.com\/hrtrends\/como-afectara-el-nuevo-impuesto-minimo-global-de-sociedades\/#primaryimage","url":"https:\/\/empresas.infoempleo.com\/hrtrends\/media\/2021\/06\/HRTrends_Impuesto-minimo-global-de-sociedades-150x150.jpg","contentUrl":"https:\/\/empresas.infoempleo.com\/hrtrends\/media\/2021\/06\/HRTrends_Impuesto-minimo-global-de-sociedades-150x150.jpg","width":150,"height":150,"caption":"C\u00f3mo afectar\u00e1 el nuevo impuesto m\u00ednimo global de sociedades"},{"@type":"BreadcrumbList","@id":"https:\/\/empresas.infoempleo.com\/hrtrends\/como-afectara-el-nuevo-impuesto-minimo-global-de-sociedades\/#breadcrumb","itemListElement":[{"@type":"ListItem","position":1,"name":"Portada","item":"https:\/\/empresas.infoempleo.com\/hrtrends\/"},{"@type":"ListItem","position":2,"name":"C\u00f3mo afectar\u00e1 el nuevo impuesto m\u00ednimo global de sociedades"}]},{"@type":"WebSite","@id":"https:\/\/empresas.infoempleo.com\/hrtrends\/#website","url":"https:\/\/empresas.infoempleo.com\/hrtrends","name":"HRTrends by Infoempleo","description":"","publisher":{"@id":"https:\/\/empresas.infoempleo.com\/hrtrends\/#organization"},"potentialAction":{"@type":"SearchAction","target":"https:\/\/empresas.infoempleo.com\/hrtrends\/?s={search_term_string}","query-input":"required name=search_term_string"},"inLanguage":"es"},{"@type":"Organization","@id":"https:\/\/empresas.infoempleo.com\/hrtrends\/#organization","name":"Infoempleo","url":"https:\/\/www.infoempleo.com\/","logo":{"@type":"ImageObject","@id":"https:\/\/empresas.infoempleo.com\/hrtrends\/#logo","inLanguage":"es","url":"https:\/\/cdnazure.infoempleo.com\/infoempleo\/assets\/style\/gfx\/logo.svg","contentUrl":"https:\/\/cdnazure.infoempleo.com\/infoempleo\/assets\/style\/gfx\/logo.svg","width":150,"height":40,"caption":"Infoempleo"},"image":{"@id":"https:\/\/empresas.infoempleo.com\/hrtrends\/#logo"},"sameAs":["https:\/\/www.facebook.com\/Infoempleo","https:\/\/x.com\/infoempleo","http:\/\/instagram.com\/infoempleo\/","http:\/\/www.linkedin.com\/groups\/Empleo-Espa\u00f1a-Infoempleocom-111276","http:\/\/pinterest.com\/infoempleo\/"],"address":{"@type":"PostalAddress","addressLocality":"Madrid","postalCode":"28050","streetAddress":"Avenida de Burgos 114"},"brand":["Infoempleo"]},{"@type":"Person","@id":"https:\/\/empresas.infoempleo.com\/hrtrends\/#\/schema\/person\/fb2f949a1461ff0e9e15996d82d3a787","name":"Raquel Hern\u00e1ndez","image":{"@type":"ImageObject","inLanguage":"es","@id":"https:\/\/empresas.infoempleo.com\/hrtrends\/#\/schema\/person\/image\/","url":"https:\/\/secure.gravatar.com\/avatar\/4ccd374b24ab5eefd1b7681d8be968df221a577fa3ffa9dc4bb4b537645dc6a2?s=96&d=mm&r=g","contentUrl":"https:\/\/secure.gravatar.com\/avatar\/4ccd374b24ab5eefd1b7681d8be968df221a577fa3ffa9dc4bb4b537645dc6a2?s=96&d=mm&r=g","caption":"Raquel Hern\u00e1ndez"},"description":"M\u00e1ster en Filosof\u00eda Contempor\u00e1nea y Diploma Experto en Salud y G\u00e9nero. Extensa experiencia profesional como directora y productora de eventos culturales, especializada en el sector editorial. Lectora profesional y redactora de contenidos relacionados con el empleo, la innovaci\u00f3n y la educaci\u00f3n.","url":"https:\/\/empresas.infoempleo.com\/hrtrends\/author\/raquel-hernandez\/"}]}},"amp_enabled":true,"_links":{"self":[{"href":"https:\/\/empresas.infoempleo.com\/hrtrends\/wp-json\/wp\/v2\/posts\/38816","targetHints":{"allow":["GET"]}}],"collection":[{"href":"https:\/\/empresas.infoempleo.com\/hrtrends\/wp-json\/wp\/v2\/posts"}],"about":[{"href":"https:\/\/empresas.infoempleo.com\/hrtrends\/wp-json\/wp\/v2\/types\/post"}],"author":[{"embeddable":true,"href":"https:\/\/empresas.infoempleo.com\/hrtrends\/wp-json\/wp\/v2\/users\/136"}],"replies":[{"embeddable":true,"href":"https:\/\/empresas.infoempleo.com\/hrtrends\/wp-json\/wp\/v2\/comments?post=38816"}],"version-history":[{"count":1,"href":"https:\/\/empresas.infoempleo.com\/hrtrends\/wp-json\/wp\/v2\/posts\/38816\/revisions"}],"predecessor-version":[{"id":38819,"href":"https:\/\/empresas.infoempleo.com\/hrtrends\/wp-json\/wp\/v2\/posts\/38816\/revisions\/38819"}],"wp:featuredmedia":[{"embeddable":true,"href":"https:\/\/empresas.infoempleo.com\/hrtrends\/wp-json\/wp\/v2\/media\/38818"}],"wp:attachment":[{"href":"https:\/\/empresas.infoempleo.com\/hrtrends\/wp-json\/wp\/v2\/media?parent=38816"}],"wp:term":[{"taxonomy":"category","embeddable":true,"href":"https:\/\/empresas.infoempleo.com\/hrtrends\/wp-json\/wp\/v2\/categories?post=38816"},{"taxonomy":"post_tag","embeddable":true,"href":"https:\/\/empresas.infoempleo.com\/hrtrends\/wp-json\/wp\/v2\/tags?post=38816"}],"curies":[{"name":"wp","href":"https:\/\/api.w.org\/{rel}","templated":true}]}}