{"id":38754,"date":"2021-06-09T07:30:14","date_gmt":"2021-06-09T05:30:14","guid":{"rendered":"https:\/\/empresas.infoempleo.com\/hrtrends\/?p=38754"},"modified":"2021-06-04T18:15:29","modified_gmt":"2021-06-04T16:15:29","slug":"ayudas-a-la-digitalizacion-de-pymes","status":"publish","type":"post","link":"https:\/\/empresas.infoempleo.com\/hrtrends\/ayudas-a-la-digitalizacion-de-pymes\/","title":{"rendered":"Ayudas a la digitalizaci\u00f3n de pymes"},"content":{"rendered":"<p>Del dicho al hecho hay mucho trecho y para hacer efectiva la digitalizaci\u00f3n de las peque\u00f1as y medianas empresas es necesario tomar medidas. Para ello, el gobierno ha redactado el <strong>Plan de Digitalizaci\u00f3n de Pymes<\/strong> con un apoyo presupuestario ordenado en base a cinco ejes que podr\u00e1s leer abajo. Adem\u00e1s vas a encontrar las <strong>medidas destacadas<\/strong> que van desde soluciones de ciberseguridad hasta bonos de conectividad para facilitar el trabajo en remoto.<\/p>\n<p><!--more--><\/p>\n<h2>Ejes del plan de ayudas a la digitalizaci\u00f3n<\/h2>\n<p>Ordenar un proyecto de esta envergadura necesita recursos como unos ejes de actuaci\u00f3n que detecten y estructuren las <a href=\"https:\/\/empresas.infoempleo.com\/hrtrends\/digital-readiness-evaluar-la-preparacion-digital\"><strong>necesidades de tu organizaci\u00f3n<\/strong><\/a>. Cada eje incluye unas medidas destacadas para satisfacer los objetivos concretos.<\/p>\n<ul>\n<li><strong>Digitalizaci\u00f3n b\u00e1sica para pymes<\/strong> para modernizar su gesti\u00f3n interna, el marketing digital, impulsando tambi\u00e9n la conectividad y la ciberseguridad.<\/li>\n<li><strong>Apoyo a la gesti\u00f3n del cambio <\/strong>para promover la formaci\u00f3n de directivos y personal en la gesti\u00f3n digital de la empresa. El objetivo es <a href=\"https:\/\/empresas.infoempleo.com\/hrtrends\/videojuegos-para-capacitar-al-personal\/\"><strong>recualificar<\/strong><\/a> y formar a las personas en competencias digitales.<\/li>\n<li>La <strong>innovaci\u00f3n<\/strong> disruptiva y el <strong>emprendimiento<\/strong> digital para que aprovechen las oportunidades de la econom\u00eda verde y digital basada en datos.<\/li>\n<li>El apoyo a la <strong>digitalizaci\u00f3n sectorial<\/strong> de los sectores de industria, comercio y turismo.<\/li>\n<li>La reforma de los instrumentos y <strong>redes de apoyo<\/strong> al emprendimiento, la innovaci\u00f3n y la digitalizaci\u00f3n de las pymes.<\/li>\n<\/ul>\n<p><img loading=\"lazy\" decoding=\"async\" class=\"aligncenter wp-image-38755 size-full\" src=\"https:\/\/empresas.infoempleo.com\/hrtrends\/media\/2021\/06\/HRTrends_Transformacion-digital.jpg\" alt=\"Ejes del Plan de Digitalizaci\u00f3n de Pymes\" width=\"800\" height=\"533\" srcset=\"https:\/\/empresas.infoempleo.com\/hrtrends\/media\/2021\/06\/HRTrends_Transformacion-digital.jpg 800w, https:\/\/empresas.infoempleo.com\/hrtrends\/media\/2021\/06\/HRTrends_Transformacion-digital-300x200.jpg 300w, https:\/\/empresas.infoempleo.com\/hrtrends\/media\/2021\/06\/HRTrends_Transformacion-digital-768x512.jpg 768w\" sizes=\"auto, (max-width: 800px) 100vw, 800px\" \/><\/p>\n<h2>Medidas destacadas del Plan de Digitalizaci\u00f3n de Pymes<\/h2>\n<p>El escenario despu\u00e9s de la declaraci\u00f3n del estado de alarma en Espa\u00f1a puso de relieve el \u201c<strong>darwinismo econ\u00f3mico<\/strong>\u201d, es decir, no sobreviven las pymes m\u00e1s fuertes, sino las que mejor se adapten. En esta l\u00ednea y dentro del <strong>primer eje<\/strong>, como medidas para la digitalizaci\u00f3n b\u00e1sica de las pymes, destacan los siguientes programas:<\/p>\n<ul>\n<li><strong>Digital Toolkit<\/strong> es el programa destinado a financiar la integraci\u00f3n en las pymes de un conjunto de <strong>paquetes b\u00e1sicos de digitalizaci\u00f3n<\/strong> (herramientas habilitadoras, formaci\u00f3n, p\u00e1gina web, sistema de gesti\u00f3n de recursos ERP, sistema de gesti\u00f3n de clientes CRM, venta por internet) que permitir\u00e1n impulsar de forma segura y confiable el <strong>comercio electr\u00f3nico<\/strong>, la digitalizaci\u00f3n de las relaciones con la Administraci\u00f3n y con los clientes, el desarrollo de procesos internos sin papeles, la implantaci\u00f3n de la <strong>factura electr\u00f3nica<\/strong> o el marketing digital.<\/li>\n<li><strong>Bonos Conectividad<\/strong> es el programa de ayudas a las PYMEs para que puedan disponer de conexi\u00f3n a internet y poder incorporar as\u00ed los paquetes b\u00e1sicos de digitalizaci\u00f3n y aumentar la productividad del trabajo a distancia.<\/li>\n<li><strong>Agentes del Cambio<\/strong> es un programa que busca promover la incorporaci\u00f3n de profesionales en transformaci\u00f3n digital en las pymes para desarrollar su plan de digitalizaci\u00f3n y acelerarla.<\/li>\n<li>Los <strong>Programas de Apoyo al Emprendimiento Empresarial<\/strong> recogen una serie de medidas como:\n<ul>\n<li>La creaci\u00f3n de la <strong>Oficina Nacional de Emprendimiento<\/strong> que actuar\u00e1 como plataforma virtual.<\/li>\n<li>El programa de apoyo a la creaci\u00f3n de <strong><em>startups<\/em> por mujeres<\/strong><\/li>\n<li>El <strong>portal web <em>startups<\/em><\/strong> que sirva de escaparate para el ecosistema espa\u00f1ol.<\/li>\n<li><strong>Red de centros de apoyo<\/strong> al emprendimiento que impulse <em>hubs<\/em> p\u00fablicos y privados de incubadoras, aceleradoras y centros promotores.<\/li>\n<\/ul>\n<\/li>\n<\/ul>\n<p>En resumen, las pymes, especialmente las <strong>micropymes y las personas aut\u00f3nomas<\/strong>, <strong>necesitan apoyo<\/strong> para desarrollar con \u00e9xito sus planes de transformaci\u00f3n digital. Han tenido que acelerar el proceso debido a la pandemia y con estos programas y medidas se busca <strong>consolidar<\/strong> la transformaci\u00f3n y minimizar las <strong>brechas<\/strong>.<\/p>\n","protected":false},"excerpt":{"rendered":"<p>Del dicho al hecho hay mucho trecho y para hacer efectiva la digitalizaci\u00f3n de las peque\u00f1as y medianas<a class=\"moretag\" href=\"https:\/\/empresas.infoempleo.com\/hrtrends\/ayudas-a-la-digitalizacion-de-pymes\/\"> Leer m\u00e1s<\/a><\/p>\n","protected":false},"author":136,"featured_media":38756,"comment_status":"closed","ping_status":"closed","sticky":false,"template":"","format":"standard","meta":{"footnotes":""},"categories":[3023],"tags":[198,510,282],"class_list":["post-38754","post","type-post","status-publish","format-standard","has-post-thumbnail","hentry","category-digitalizacion","tag-innovacion","tag-nuevas-tecnologias","tag-productividad"],"yoast_head":"<!-- This site is optimized with the Yoast SEO plugin v26.1.1 - https:\/\/yoast.com\/wordpress\/plugins\/seo\/ -->\n<title>Plan de ayudas a la digitalizaci\u00f3n de pymes | HRTRENDS<\/title>\n<meta name=\"description\" content=\"El gobierno ha redactado el Plan de ayudas a la digitalizaci\u00f3n de Pymes con un apoyo presupuestario ordenado en base a cinco ejes que podr\u00e1s leer abajo\" \/>\n<meta name=\"robots\" content=\"index, follow, max-snippet:-1, max-image-preview:large, max-video-preview:-1\" \/>\n<link rel=\"canonical\" href=\"https:\/\/empresas.infoempleo.com\/hrtrends\/ayudas-a-la-digitalizacion-de-pymes\/\" \/>\n<meta property=\"og:locale\" content=\"es_ES\" \/>\n<meta property=\"og:type\" content=\"article\" \/>\n<meta property=\"og:title\" content=\"Plan de ayudas a la digitalizaci\u00f3n de pymes | HRTRENDS\" \/>\n<meta property=\"og:description\" content=\"El gobierno ha redactado el Plan de ayudas a la digitalizaci\u00f3n de Pymes con un apoyo presupuestario ordenado en base a cinco ejes que podr\u00e1s leer abajo\" \/>\n<meta property=\"og:url\" content=\"https:\/\/empresas.infoempleo.com\/hrtrends\/ayudas-a-la-digitalizacion-de-pymes\/\" \/>\n<meta property=\"og:site_name\" content=\"HRTRENDS\" \/>\n<meta property=\"article:publisher\" content=\"https:\/\/www.facebook.com\/Infoempleo\" \/>\n<meta property=\"article:published_time\" content=\"2021-06-09T05:30:14+00:00\" \/>\n<meta property=\"og:image\" content=\"https:\/\/empresas.infoempleo.com\/hrtrends\/media\/2021\/06\/HRTrends_Digitalizacion-pymes.jpg\" \/>\n\t<meta property=\"og:image:width\" content=\"881\" \/>\n\t<meta property=\"og:image:height\" content=\"551\" \/>\n\t<meta property=\"og:image:type\" content=\"image\/jpeg\" \/>\n<meta name=\"author\" content=\"Raquel Hern\u00e1ndez\" \/>\n<meta name=\"twitter:card\" content=\"summary_large_image\" \/>\n<meta name=\"twitter:creator\" content=\"@infoempleo\" \/>\n<meta name=\"twitter:site\" content=\"@infoempleo\" \/>\n<meta name=\"twitter:label1\" content=\"Escrito por\" \/>\n\t<meta name=\"twitter:data1\" content=\"Raquel Hern\u00e1ndez\" \/>\n\t<meta name=\"twitter:label2\" content=\"Tiempo de lectura\" \/>\n\t<meta name=\"twitter:data2\" content=\"3 minutos\" \/>\n<script type=\"application\/ld+json\" class=\"yoast-schema-graph\">{\"@context\":\"https:\/\/schema.org\",\"@graph\":[{\"@type\":\"NewsArticle\",\"@id\":\"https:\/\/empresas.infoempleo.com\/hrtrends\/ayudas-a-la-digitalizacion-de-pymes\/#article\",\"isPartOf\":{\"@id\":\"https:\/\/empresas.infoempleo.com\/hrtrends\/ayudas-a-la-digitalizacion-de-pymes\/\"},\"author\":{\"name\":\"Raquel Hern\u00e1ndez\",\"@id\":\"https:\/\/empresas.infoempleo.com\/hrtrends\/#\/schema\/person\/fb2f949a1461ff0e9e15996d82d3a787\"},\"headline\":\"Ayudas a la digitalizaci\u00f3n de pymes\",\"datePublished\":\"2021-06-09T05:30:14+00:00\",\"mainEntityOfPage\":{\"@id\":\"https:\/\/empresas.infoempleo.com\/hrtrends\/ayudas-a-la-digitalizacion-de-pymes\/\"},\"wordCount\":600,\"publisher\":{\"@id\":\"https:\/\/empresas.infoempleo.com\/hrtrends\/#organization\"},\"image\":{\"@id\":\"https:\/\/empresas.infoempleo.com\/hrtrends\/ayudas-a-la-digitalizacion-de-pymes\/#primaryimage\"},\"thumbnailUrl\":\"https:\/\/empresas.infoempleo.com\/hrtrends\/media\/2021\/06\/HRTrends_Digitalizacion-pymes.jpg\",\"keywords\":[\"innovaci\u00f3n\",\"nuevas tecnolog\u00edas\",\"productividad\"],\"articleSection\":[\"Digitalizaci\u00f3n en RRHH\"],\"inLanguage\":\"es\",\"copyrightYear\":\"2021\",\"copyrightHolder\":{\"@id\":\"https:\/\/empresas.infoempleo.com\/hrtrends\/#organization\"}},{\"@type\":\"WebPage\",\"@id\":\"https:\/\/empresas.infoempleo.com\/hrtrends\/ayudas-a-la-digitalizacion-de-pymes\/\",\"url\":\"https:\/\/empresas.infoempleo.com\/hrtrends\/ayudas-a-la-digitalizacion-de-pymes\/\",\"name\":\"Plan de ayudas a la digitalizaci\u00f3n de pymes | HRTRENDS\",\"isPartOf\":{\"@id\":\"https:\/\/empresas.infoempleo.com\/hrtrends\/#website\"},\"primaryImageOfPage\":{\"@id\":\"https:\/\/empresas.infoempleo.com\/hrtrends\/ayudas-a-la-digitalizacion-de-pymes\/#primaryimage\"},\"image\":{\"@id\":\"https:\/\/empresas.infoempleo.com\/hrtrends\/ayudas-a-la-digitalizacion-de-pymes\/#primaryimage\"},\"thumbnailUrl\":\"https:\/\/empresas.infoempleo.com\/hrtrends\/media\/2021\/06\/HRTrends_Digitalizacion-pymes.jpg\",\"datePublished\":\"2021-06-09T05:30:14+00:00\",\"description\":\"El gobierno ha redactado el Plan de ayudas a la digitalizaci\u00f3n de Pymes con un apoyo presupuestario ordenado en base a cinco ejes que podr\u00e1s leer abajo\",\"breadcrumb\":{\"@id\":\"https:\/\/empresas.infoempleo.com\/hrtrends\/ayudas-a-la-digitalizacion-de-pymes\/#breadcrumb\"},\"inLanguage\":\"es\",\"potentialAction\":[{\"@type\":\"ReadAction\",\"target\":[\"https:\/\/empresas.infoempleo.com\/hrtrends\/ayudas-a-la-digitalizacion-de-pymes\/\"]}]},{\"@type\":\"ImageObject\",\"inLanguage\":\"es\",\"@id\":\"https:\/\/empresas.infoempleo.com\/hrtrends\/ayudas-a-la-digitalizacion-de-pymes\/#primaryimage\",\"url\":\"https:\/\/empresas.infoempleo.com\/hrtrends\/media\/2021\/06\/HRTrends_Digitalizacion-pymes-150x150.jpg\",\"contentUrl\":\"https:\/\/empresas.infoempleo.com\/hrtrends\/media\/2021\/06\/HRTrends_Digitalizacion-pymes-150x150.jpg\",\"width\":150,\"height\":150,\"caption\":\"Ayuda a la digitalizaci\u00f3n de pymes\"},{\"@type\":\"BreadcrumbList\",\"@id\":\"https:\/\/empresas.infoempleo.com\/hrtrends\/ayudas-a-la-digitalizacion-de-pymes\/#breadcrumb\",\"itemListElement\":[{\"@type\":\"ListItem\",\"position\":1,\"name\":\"Portada\",\"item\":\"https:\/\/empresas.infoempleo.com\/hrtrends\/\"},{\"@type\":\"ListItem\",\"position\":2,\"name\":\"Ayudas a la digitalizaci\u00f3n de pymes\"}]},{\"@type\":\"WebSite\",\"@id\":\"https:\/\/empresas.infoempleo.com\/hrtrends\/#website\",\"url\":\"https:\/\/empresas.infoempleo.com\/hrtrends\",\"name\":\"HRTrends by Infoempleo\",\"description\":\"\",\"publisher\":{\"@id\":\"https:\/\/empresas.infoempleo.com\/hrtrends\/#organization\"},\"potentialAction\":{\"@type\":\"SearchAction\",\"target\":\"https:\/\/empresas.infoempleo.com\/hrtrends\/?s={search_term_string}\",\"query-input\":\"required name=search_term_string\"},\"inLanguage\":\"es\"},{\"@type\":\"Organization\",\"@id\":\"https:\/\/empresas.infoempleo.com\/hrtrends\/#organization\",\"name\":\"Infoempleo\",\"url\":\"https:\/\/www.infoempleo.com\/\",\"logo\":{\"@type\":\"ImageObject\",\"@id\":\"https:\/\/empresas.infoempleo.com\/hrtrends\/#logo\",\"inLanguage\":\"es\",\"url\":\"https:\/\/cdnazure.infoempleo.com\/infoempleo\/assets\/style\/gfx\/logo.svg\",\"contentUrl\":\"https:\/\/cdnazure.infoempleo.com\/infoempleo\/assets\/style\/gfx\/logo.svg\",\"width\":150,\"height\":40,\"caption\":\"Infoempleo\"},\"image\":{\"@id\":\"https:\/\/empresas.infoempleo.com\/hrtrends\/#logo\"},\"sameAs\":[\"https:\/\/www.facebook.com\/Infoempleo\",\"https:\/\/x.com\/infoempleo\",\"http:\/\/instagram.com\/infoempleo\/\",\"http:\/\/www.linkedin.com\/groups\/Empleo-Espa\u00f1a-Infoempleocom-111276\",\"http:\/\/pinterest.com\/infoempleo\/\"],\"address\":{\"@type\":\"PostalAddress\",\"addressLocality\":\"Madrid\",\"postalCode\":\"28050\",\"streetAddress\":\"Avenida de Burgos 114\"},\"brand\":[\"Infoempleo\"]},{\"@type\":\"Person\",\"@id\":\"https:\/\/empresas.infoempleo.com\/hrtrends\/#\/schema\/person\/fb2f949a1461ff0e9e15996d82d3a787\",\"name\":\"Raquel Hern\u00e1ndez\",\"image\":{\"@type\":\"ImageObject\",\"inLanguage\":\"es\",\"@id\":\"https:\/\/empresas.infoempleo.com\/hrtrends\/#\/schema\/person\/image\/\",\"url\":\"https:\/\/secure.gravatar.com\/avatar\/4ccd374b24ab5eefd1b7681d8be968df221a577fa3ffa9dc4bb4b537645dc6a2?s=96&d=mm&r=g\",\"contentUrl\":\"https:\/\/secure.gravatar.com\/avatar\/4ccd374b24ab5eefd1b7681d8be968df221a577fa3ffa9dc4bb4b537645dc6a2?s=96&d=mm&r=g\",\"caption\":\"Raquel Hern\u00e1ndez\"},\"description\":\"M\u00e1ster en Filosof\u00eda Contempor\u00e1nea y Diploma Experto en Salud y G\u00e9nero. Extensa experiencia profesional como directora y productora de eventos culturales, especializada en el sector editorial. Lectora profesional y redactora de contenidos relacionados con el empleo, la innovaci\u00f3n y la educaci\u00f3n.\",\"url\":\"https:\/\/empresas.infoempleo.com\/hrtrends\/author\/raquel-hernandez\/\"}]}<\/script>\n<!-- \/ Yoast SEO plugin. -->","yoast_head_json":{"title":"Plan de ayudas a la digitalizaci\u00f3n de pymes | HRTRENDS","description":"El gobierno ha redactado el Plan de ayudas a la digitalizaci\u00f3n de Pymes con un apoyo presupuestario ordenado en base a cinco ejes que podr\u00e1s leer abajo","robots":{"index":"index","follow":"follow","max-snippet":"max-snippet:-1","max-image-preview":"max-image-preview:large","max-video-preview":"max-video-preview:-1"},"canonical":"https:\/\/empresas.infoempleo.com\/hrtrends\/ayudas-a-la-digitalizacion-de-pymes\/","og_locale":"es_ES","og_type":"article","og_title":"Plan de ayudas a la digitalizaci\u00f3n de pymes | HRTRENDS","og_description":"El gobierno ha redactado el Plan de ayudas a la digitalizaci\u00f3n de Pymes con un apoyo presupuestario ordenado en base a cinco ejes que podr\u00e1s leer abajo","og_url":"https:\/\/empresas.infoempleo.com\/hrtrends\/ayudas-a-la-digitalizacion-de-pymes\/","og_site_name":"HRTRENDS","article_publisher":"https:\/\/www.facebook.com\/Infoempleo","article_published_time":"2021-06-09T05:30:14+00:00","og_image":[{"width":881,"height":551,"url":"https:\/\/empresas.infoempleo.com\/hrtrends\/media\/2021\/06\/HRTrends_Digitalizacion-pymes.jpg","type":"image\/jpeg"}],"author":"Raquel Hern\u00e1ndez","twitter_card":"summary_large_image","twitter_creator":"@infoempleo","twitter_site":"@infoempleo","twitter_misc":{"Escrito por":"Raquel Hern\u00e1ndez","Tiempo de lectura":"3 minutos"},"schema":{"@context":"https:\/\/schema.org","@graph":[{"@type":"NewsArticle","@id":"https:\/\/empresas.infoempleo.com\/hrtrends\/ayudas-a-la-digitalizacion-de-pymes\/#article","isPartOf":{"@id":"https:\/\/empresas.infoempleo.com\/hrtrends\/ayudas-a-la-digitalizacion-de-pymes\/"},"author":{"name":"Raquel Hern\u00e1ndez","@id":"https:\/\/empresas.infoempleo.com\/hrtrends\/#\/schema\/person\/fb2f949a1461ff0e9e15996d82d3a787"},"headline":"Ayudas a la digitalizaci\u00f3n de pymes","datePublished":"2021-06-09T05:30:14+00:00","mainEntityOfPage":{"@id":"https:\/\/empresas.infoempleo.com\/hrtrends\/ayudas-a-la-digitalizacion-de-pymes\/"},"wordCount":600,"publisher":{"@id":"https:\/\/empresas.infoempleo.com\/hrtrends\/#organization"},"image":{"@id":"https:\/\/empresas.infoempleo.com\/hrtrends\/ayudas-a-la-digitalizacion-de-pymes\/#primaryimage"},"thumbnailUrl":"https:\/\/empresas.infoempleo.com\/hrtrends\/media\/2021\/06\/HRTrends_Digitalizacion-pymes.jpg","keywords":["innovaci\u00f3n","nuevas tecnolog\u00edas","productividad"],"articleSection":["Digitalizaci\u00f3n en RRHH"],"inLanguage":"es","copyrightYear":"2021","copyrightHolder":{"@id":"https:\/\/empresas.infoempleo.com\/hrtrends\/#organization"}},{"@type":"WebPage","@id":"https:\/\/empresas.infoempleo.com\/hrtrends\/ayudas-a-la-digitalizacion-de-pymes\/","url":"https:\/\/empresas.infoempleo.com\/hrtrends\/ayudas-a-la-digitalizacion-de-pymes\/","name":"Plan de ayudas a la digitalizaci\u00f3n de pymes | HRTRENDS","isPartOf":{"@id":"https:\/\/empresas.infoempleo.com\/hrtrends\/#website"},"primaryImageOfPage":{"@id":"https:\/\/empresas.infoempleo.com\/hrtrends\/ayudas-a-la-digitalizacion-de-pymes\/#primaryimage"},"image":{"@id":"https:\/\/empresas.infoempleo.com\/hrtrends\/ayudas-a-la-digitalizacion-de-pymes\/#primaryimage"},"thumbnailUrl":"https:\/\/empresas.infoempleo.com\/hrtrends\/media\/2021\/06\/HRTrends_Digitalizacion-pymes.jpg","datePublished":"2021-06-09T05:30:14+00:00","description":"El gobierno ha redactado el Plan de ayudas a la digitalizaci\u00f3n de Pymes con un apoyo presupuestario ordenado en base a cinco ejes que podr\u00e1s leer abajo","breadcrumb":{"@id":"https:\/\/empresas.infoempleo.com\/hrtrends\/ayudas-a-la-digitalizacion-de-pymes\/#breadcrumb"},"inLanguage":"es","potentialAction":[{"@type":"ReadAction","target":["https:\/\/empresas.infoempleo.com\/hrtrends\/ayudas-a-la-digitalizacion-de-pymes\/"]}]},{"@type":"ImageObject","inLanguage":"es","@id":"https:\/\/empresas.infoempleo.com\/hrtrends\/ayudas-a-la-digitalizacion-de-pymes\/#primaryimage","url":"https:\/\/empresas.infoempleo.com\/hrtrends\/media\/2021\/06\/HRTrends_Digitalizacion-pymes-150x150.jpg","contentUrl":"https:\/\/empresas.infoempleo.com\/hrtrends\/media\/2021\/06\/HRTrends_Digitalizacion-pymes-150x150.jpg","width":150,"height":150,"caption":"Ayuda a la digitalizaci\u00f3n de pymes"},{"@type":"BreadcrumbList","@id":"https:\/\/empresas.infoempleo.com\/hrtrends\/ayudas-a-la-digitalizacion-de-pymes\/#breadcrumb","itemListElement":[{"@type":"ListItem","position":1,"name":"Portada","item":"https:\/\/empresas.infoempleo.com\/hrtrends\/"},{"@type":"ListItem","position":2,"name":"Ayudas a la digitalizaci\u00f3n de pymes"}]},{"@type":"WebSite","@id":"https:\/\/empresas.infoempleo.com\/hrtrends\/#website","url":"https:\/\/empresas.infoempleo.com\/hrtrends","name":"HRTrends by Infoempleo","description":"","publisher":{"@id":"https:\/\/empresas.infoempleo.com\/hrtrends\/#organization"},"potentialAction":{"@type":"SearchAction","target":"https:\/\/empresas.infoempleo.com\/hrtrends\/?s={search_term_string}","query-input":"required name=search_term_string"},"inLanguage":"es"},{"@type":"Organization","@id":"https:\/\/empresas.infoempleo.com\/hrtrends\/#organization","name":"Infoempleo","url":"https:\/\/www.infoempleo.com\/","logo":{"@type":"ImageObject","@id":"https:\/\/empresas.infoempleo.com\/hrtrends\/#logo","inLanguage":"es","url":"https:\/\/cdnazure.infoempleo.com\/infoempleo\/assets\/style\/gfx\/logo.svg","contentUrl":"https:\/\/cdnazure.infoempleo.com\/infoempleo\/assets\/style\/gfx\/logo.svg","width":150,"height":40,"caption":"Infoempleo"},"image":{"@id":"https:\/\/empresas.infoempleo.com\/hrtrends\/#logo"},"sameAs":["https:\/\/www.facebook.com\/Infoempleo","https:\/\/x.com\/infoempleo","http:\/\/instagram.com\/infoempleo\/","http:\/\/www.linkedin.com\/groups\/Empleo-Espa\u00f1a-Infoempleocom-111276","http:\/\/pinterest.com\/infoempleo\/"],"address":{"@type":"PostalAddress","addressLocality":"Madrid","postalCode":"28050","streetAddress":"Avenida de Burgos 114"},"brand":["Infoempleo"]},{"@type":"Person","@id":"https:\/\/empresas.infoempleo.com\/hrtrends\/#\/schema\/person\/fb2f949a1461ff0e9e15996d82d3a787","name":"Raquel Hern\u00e1ndez","image":{"@type":"ImageObject","inLanguage":"es","@id":"https:\/\/empresas.infoempleo.com\/hrtrends\/#\/schema\/person\/image\/","url":"https:\/\/secure.gravatar.com\/avatar\/4ccd374b24ab5eefd1b7681d8be968df221a577fa3ffa9dc4bb4b537645dc6a2?s=96&d=mm&r=g","contentUrl":"https:\/\/secure.gravatar.com\/avatar\/4ccd374b24ab5eefd1b7681d8be968df221a577fa3ffa9dc4bb4b537645dc6a2?s=96&d=mm&r=g","caption":"Raquel Hern\u00e1ndez"},"description":"M\u00e1ster en Filosof\u00eda Contempor\u00e1nea y Diploma Experto en Salud y G\u00e9nero. Extensa experiencia profesional como directora y productora de eventos culturales, especializada en el sector editorial. Lectora profesional y redactora de contenidos relacionados con el empleo, la innovaci\u00f3n y la educaci\u00f3n.","url":"https:\/\/empresas.infoempleo.com\/hrtrends\/author\/raquel-hernandez\/"}]}},"amp_enabled":true,"_links":{"self":[{"href":"https:\/\/empresas.infoempleo.com\/hrtrends\/wp-json\/wp\/v2\/posts\/38754","targetHints":{"allow":["GET"]}}],"collection":[{"href":"https:\/\/empresas.infoempleo.com\/hrtrends\/wp-json\/wp\/v2\/posts"}],"about":[{"href":"https:\/\/empresas.infoempleo.com\/hrtrends\/wp-json\/wp\/v2\/types\/post"}],"author":[{"embeddable":true,"href":"https:\/\/empresas.infoempleo.com\/hrtrends\/wp-json\/wp\/v2\/users\/136"}],"replies":[{"embeddable":true,"href":"https:\/\/empresas.infoempleo.com\/hrtrends\/wp-json\/wp\/v2\/comments?post=38754"}],"version-history":[{"count":4,"href":"https:\/\/empresas.infoempleo.com\/hrtrends\/wp-json\/wp\/v2\/posts\/38754\/revisions"}],"predecessor-version":[{"id":38766,"href":"https:\/\/empresas.infoempleo.com\/hrtrends\/wp-json\/wp\/v2\/posts\/38754\/revisions\/38766"}],"wp:featuredmedia":[{"embeddable":true,"href":"https:\/\/empresas.infoempleo.com\/hrtrends\/wp-json\/wp\/v2\/media\/38756"}],"wp:attachment":[{"href":"https:\/\/empresas.infoempleo.com\/hrtrends\/wp-json\/wp\/v2\/media?parent=38754"}],"wp:term":[{"taxonomy":"category","embeddable":true,"href":"https:\/\/empresas.infoempleo.com\/hrtrends\/wp-json\/wp\/v2\/categories?post=38754"},{"taxonomy":"post_tag","embeddable":true,"href":"https:\/\/empresas.infoempleo.com\/hrtrends\/wp-json\/wp\/v2\/tags?post=38754"}],"curies":[{"name":"wp","href":"https:\/\/api.w.org\/{rel}","templated":true}]}}