{"id":38739,"date":"2021-06-01T15:00:16","date_gmt":"2021-06-01T13:00:16","guid":{"rendered":"https:\/\/empresas.infoempleo.com\/hrtrends\/?p=38739"},"modified":"2021-05-28T15:31:28","modified_gmt":"2021-05-28T13:31:28","slug":"como-elaborar-un-plan-de-sostenibilidad-para-la-empresa","status":"publish","type":"post","link":"https:\/\/empresas.infoempleo.com\/hrtrends\/como-elaborar-un-plan-de-sostenibilidad-para-la-empresa\/","title":{"rendered":"C\u00f3mo elaborar un plan de sostenibilidad para la empresa"},"content":{"rendered":"<p>Una empresa sostenible es aquella que aporta valor social, econ\u00f3mico y ecol\u00f3gico. El <strong>plan de sostenibilidad<\/strong> es un documento cada vez m\u00e1s reclamado por los <em>stakeholders<\/em>. Usuarios y consumidores valoran muy positivamente la <strong>reducci\u00f3n del impacto medioambiental<\/strong> y es que la sostenibilidad es una cuesti\u00f3n integral que afecta a toda la organizaci\u00f3n. Con unos sencillos pasos puedes contribuir a reducir las consecuencias del cambio clim\u00e1tico y minimizar el impacto de la <strong>huella de carbono<\/strong>.<\/p>\n<p><!--more--><\/p>\n<h2>Plan de sostenibilidad<\/h2>\n<p>Cuando una compa\u00f1\u00eda decide implementar un <a href=\"https:\/\/empresas.infoempleo.com\/hrtrends\/empresas-economia-verde-podrian-crear-millones-de-empleos-en-espana\/\"><strong>plan de sostenibilidad busca aportar valor<\/strong><\/a> y reducir riesgos. Al estar directamente relacionado con la estrategia corporativa es necesario el <strong>compromiso de la direcci\u00f3n<\/strong>. As\u00ed que desde el anteproyecto es muy recomendable que la <strong>comunicaci\u00f3n<\/strong> fluya de manera clara y eficaz. Dise\u00f1a un plan para seleccionar c\u00f3mo se mueve la informaci\u00f3n entre el personal y la direcci\u00f3n especialmente.<\/p>\n<p>Si existen dudas sobre c\u00f3mo llevar a cabo este proceso, es \u00fatil redactar una <strong>hoja de ruta<\/strong>, a modo de mapeo, que especifique los <strong>pasos a seguir<\/strong>, as\u00ed como en qu\u00e9 contribuye en la cadena de valor. Puedes empezar con el <strong>ahorro energ\u00e9tico<\/strong> con decisiones como aprovechar la luz solar evitando usar electricidad o aislar mejor los espacios para no encender la calefacci\u00f3n.<\/p>\n<p><img loading=\"lazy\" decoding=\"async\" class=\"aligncenter size-full wp-image-38740\" src=\"https:\/\/empresas.infoempleo.com\/hrtrends\/media\/2021\/05\/HRTrends_Empresa-sostenible.jpg\" alt=\"Plan de sostenibilidad\" width=\"800\" height=\"535\" srcset=\"https:\/\/empresas.infoempleo.com\/hrtrends\/media\/2021\/05\/HRTrends_Empresa-sostenible.jpg 800w, https:\/\/empresas.infoempleo.com\/hrtrends\/media\/2021\/05\/HRTrends_Empresa-sostenible-300x201.jpg 300w, https:\/\/empresas.infoempleo.com\/hrtrends\/media\/2021\/05\/HRTrends_Empresa-sostenible-768x514.jpg 768w\" sizes=\"auto, (max-width: 800px) 100vw, 800px\" \/><\/p>\n<p>Una vez m\u00e1s, la importancia de la <strong>medici\u00f3n<\/strong> ocupa un lugar destacado en el plan de sostenibilidad. Es clave identificar el impacto econ\u00f3mico, social y ambiental de cada una de las actividades de la empresa. Una vez claro, es el momento de desarrollar el plan de gesti\u00f3n para priorizar los esfuerzos.<\/p>\n<p>Por \u00faltimo, la gesti\u00f3n de equipos complementa el proceso pues ser\u00e1 implementado de manera transversal implicando a todos los <a href=\"https:\/\/empresas.infoempleo.com\/hrtrends\/los-stakeholders-y-su-influencia-sobre-la-empresa\/\"><strong><em>stakeholders<\/em><\/strong><\/a> y <strong>departamentos<\/strong>, tanto sus necesidades y expectativas, como su capacidad y funciones concretas. Una de las informaciones \u00fatiles, la puede proporcionar marketing transmitiendo qu\u00e9 competidores est\u00e1n incluyendo pr\u00e1cticas sostenibles en sus negocios.<\/p>\n<h2>Reduce la huella de carbono<\/h2>\n<p>Ya sabes que desde el <strong>protocolo de Kioto<\/strong>, hace m\u00e1s de un cuarto de siglo, las empresas se han ido involucrando progresivamente en <strong>reducir la huella de carbono<\/strong>. Este indicador ambiental mide la totalidad de los <strong>gases de efecto invernadero<\/strong> (GEI) y pretende contribuir a la reducci\u00f3n de temperatura. En las organizaciones, se mide frecuentemente con los <strong>est\u00e1ndares<\/strong> GHG Protocol e ISO 14064-1.<\/p>\n<p>La Uni\u00f3n Europea apuesta por perseguir en el periodo que comienza <strong>2021-2030<\/strong> unos compromisos vinculantes:<\/p>\n<ul>\n<li>Una reducci\u00f3n de la huella de carbono que tienda a un 55% menos en comparaci\u00f3n con 1990.<\/li>\n<li>El uso de al menos un 32% de <strong>energ\u00edas renovables<\/strong> o la mejora de al menos un 32,5% de eficiencia energ\u00e9tica.<\/li>\n<\/ul>\n<p>Seg\u00fan el estudio <em>Running hot: accelerating Europe\u2019s path to Paris<\/em>, elaborado por <em>Carbon Disclosure Project<\/em> (CDP) y la consultora Oliver Wyman, apenas una de cada diez empresas europeas tiene <a href=\"https:\/\/empresas.infoempleo.com\/hrtrends\/practicas-de-innovacion-que-haran-despegar-a-la-empresa\/\"><strong>objetivos de emisiones alineados<\/strong><\/a> con el Acuerdo de Par\u00eds. Para ser una de las mejores, establece un <strong>plan de un a\u00f1o<\/strong> en el que se definan las responsabilidades empresariales, fijando los <strong>objetivos<\/strong> que se pretenden alcanzar en esos doce meses.<\/p>\n","protected":false},"excerpt":{"rendered":"<p>Una empresa sostenible es aquella que aporta valor social, econ\u00f3mico y ecol\u00f3gico. El plan de sostenibilidad es un<a class=\"moretag\" href=\"https:\/\/empresas.infoempleo.com\/hrtrends\/como-elaborar-un-plan-de-sostenibilidad-para-la-empresa\/\"> Leer m\u00e1s<\/a><\/p>\n","protected":false},"author":136,"featured_media":38741,"comment_status":"closed","ping_status":"closed","sticky":false,"template":"","format":"standard","meta":{"footnotes":""},"categories":[3035],"tags":[18,3254,198],"class_list":["post-38739","post","type-post","status-publish","format-standard","has-post-thumbnail","hentry","category-consejos","tag-empresa","tag-gestion-de-equipos","tag-innovacion"],"yoast_head":"<!-- This site is optimized with the Yoast SEO plugin v26.1.1 - https:\/\/yoast.com\/wordpress\/plugins\/seo\/ -->\n<title>C\u00f3mo elaborar un plan de sostenibilidad para la empresa | HRTRENDS<\/title>\n<meta name=\"description\" content=\"El plan de sostenibilidad es un documento cada vez m\u00e1s reclamado por los stakeholders. Usuarios y consumidores lo valoran muy positivamente.\" \/>\n<meta name=\"robots\" content=\"index, follow, max-snippet:-1, max-image-preview:large, max-video-preview:-1\" \/>\n<link rel=\"canonical\" href=\"https:\/\/empresas.infoempleo.com\/hrtrends\/como-elaborar-un-plan-de-sostenibilidad-para-la-empresa\/\" \/>\n<meta property=\"og:locale\" content=\"es_ES\" \/>\n<meta property=\"og:type\" content=\"article\" \/>\n<meta property=\"og:title\" content=\"C\u00f3mo elaborar un plan de sostenibilidad para la empresa | HRTRENDS\" \/>\n<meta property=\"og:description\" content=\"El plan de sostenibilidad es un documento cada vez m\u00e1s reclamado por los stakeholders. Usuarios y consumidores lo valoran muy positivamente.\" \/>\n<meta property=\"og:url\" content=\"https:\/\/empresas.infoempleo.com\/hrtrends\/como-elaborar-un-plan-de-sostenibilidad-para-la-empresa\/\" \/>\n<meta property=\"og:site_name\" content=\"HRTRENDS\" \/>\n<meta property=\"article:publisher\" content=\"https:\/\/www.facebook.com\/Infoempleo\" \/>\n<meta property=\"article:published_time\" content=\"2021-06-01T13:00:16+00:00\" \/>\n<meta property=\"og:image\" content=\"https:\/\/empresas.infoempleo.com\/hrtrends\/media\/2021\/05\/HRTrends_Plan-de-sostenibilidad.jpg\" \/>\n\t<meta property=\"og:image:width\" content=\"881\" \/>\n\t<meta property=\"og:image:height\" content=\"587\" \/>\n\t<meta property=\"og:image:type\" content=\"image\/jpeg\" \/>\n<meta name=\"author\" content=\"Raquel Hern\u00e1ndez\" \/>\n<meta name=\"twitter:card\" content=\"summary_large_image\" \/>\n<meta name=\"twitter:creator\" content=\"@infoempleo\" \/>\n<meta name=\"twitter:site\" content=\"@infoempleo\" \/>\n<meta name=\"twitter:label1\" content=\"Escrito por\" \/>\n\t<meta name=\"twitter:data1\" content=\"Raquel Hern\u00e1ndez\" \/>\n\t<meta name=\"twitter:label2\" content=\"Tiempo de lectura\" \/>\n\t<meta name=\"twitter:data2\" content=\"3 minutos\" \/>\n<script type=\"application\/ld+json\" class=\"yoast-schema-graph\">{\"@context\":\"https:\/\/schema.org\",\"@graph\":[{\"@type\":\"NewsArticle\",\"@id\":\"https:\/\/empresas.infoempleo.com\/hrtrends\/como-elaborar-un-plan-de-sostenibilidad-para-la-empresa\/#article\",\"isPartOf\":{\"@id\":\"https:\/\/empresas.infoempleo.com\/hrtrends\/como-elaborar-un-plan-de-sostenibilidad-para-la-empresa\/\"},\"author\":{\"name\":\"Raquel Hern\u00e1ndez\",\"@id\":\"https:\/\/empresas.infoempleo.com\/hrtrends\/#\/schema\/person\/fb2f949a1461ff0e9e15996d82d3a787\"},\"headline\":\"C\u00f3mo elaborar un plan de sostenibilidad para la empresa\",\"datePublished\":\"2021-06-01T13:00:16+00:00\",\"mainEntityOfPage\":{\"@id\":\"https:\/\/empresas.infoempleo.com\/hrtrends\/como-elaborar-un-plan-de-sostenibilidad-para-la-empresa\/\"},\"wordCount\":539,\"publisher\":{\"@id\":\"https:\/\/empresas.infoempleo.com\/hrtrends\/#organization\"},\"image\":{\"@id\":\"https:\/\/empresas.infoempleo.com\/hrtrends\/como-elaborar-un-plan-de-sostenibilidad-para-la-empresa\/#primaryimage\"},\"thumbnailUrl\":\"https:\/\/empresas.infoempleo.com\/hrtrends\/media\/2021\/05\/HRTrends_Plan-de-sostenibilidad.jpg\",\"keywords\":[\"empresa\",\"gesti\u00f3n de equipos\",\"innovaci\u00f3n\"],\"articleSection\":[\"Consejos\"],\"inLanguage\":\"es\",\"copyrightYear\":\"2021\",\"copyrightHolder\":{\"@id\":\"https:\/\/empresas.infoempleo.com\/hrtrends\/#organization\"}},{\"@type\":\"WebPage\",\"@id\":\"https:\/\/empresas.infoempleo.com\/hrtrends\/como-elaborar-un-plan-de-sostenibilidad-para-la-empresa\/\",\"url\":\"https:\/\/empresas.infoempleo.com\/hrtrends\/como-elaborar-un-plan-de-sostenibilidad-para-la-empresa\/\",\"name\":\"C\u00f3mo elaborar un plan de sostenibilidad para la empresa | HRTRENDS\",\"isPartOf\":{\"@id\":\"https:\/\/empresas.infoempleo.com\/hrtrends\/#website\"},\"primaryImageOfPage\":{\"@id\":\"https:\/\/empresas.infoempleo.com\/hrtrends\/como-elaborar-un-plan-de-sostenibilidad-para-la-empresa\/#primaryimage\"},\"image\":{\"@id\":\"https:\/\/empresas.infoempleo.com\/hrtrends\/como-elaborar-un-plan-de-sostenibilidad-para-la-empresa\/#primaryimage\"},\"thumbnailUrl\":\"https:\/\/empresas.infoempleo.com\/hrtrends\/media\/2021\/05\/HRTrends_Plan-de-sostenibilidad.jpg\",\"datePublished\":\"2021-06-01T13:00:16+00:00\",\"description\":\"El plan de sostenibilidad es un documento cada vez m\u00e1s reclamado por los stakeholders. Usuarios y consumidores lo valoran muy positivamente.\",\"breadcrumb\":{\"@id\":\"https:\/\/empresas.infoempleo.com\/hrtrends\/como-elaborar-un-plan-de-sostenibilidad-para-la-empresa\/#breadcrumb\"},\"inLanguage\":\"es\",\"potentialAction\":[{\"@type\":\"ReadAction\",\"target\":[\"https:\/\/empresas.infoempleo.com\/hrtrends\/como-elaborar-un-plan-de-sostenibilidad-para-la-empresa\/\"]}]},{\"@type\":\"ImageObject\",\"inLanguage\":\"es\",\"@id\":\"https:\/\/empresas.infoempleo.com\/hrtrends\/como-elaborar-un-plan-de-sostenibilidad-para-la-empresa\/#primaryimage\",\"url\":\"https:\/\/empresas.infoempleo.com\/hrtrends\/media\/2021\/05\/HRTrends_Plan-de-sostenibilidad-150x150.jpg\",\"contentUrl\":\"https:\/\/empresas.infoempleo.com\/hrtrends\/media\/2021\/05\/HRTrends_Plan-de-sostenibilidad-150x150.jpg\",\"width\":150,\"height\":150,\"caption\":\"C\u00f3mo elaborar un plan de sostenibilidad para la empresa\"},{\"@type\":\"BreadcrumbList\",\"@id\":\"https:\/\/empresas.infoempleo.com\/hrtrends\/como-elaborar-un-plan-de-sostenibilidad-para-la-empresa\/#breadcrumb\",\"itemListElement\":[{\"@type\":\"ListItem\",\"position\":1,\"name\":\"Portada\",\"item\":\"https:\/\/empresas.infoempleo.com\/hrtrends\/\"},{\"@type\":\"ListItem\",\"position\":2,\"name\":\"C\u00f3mo elaborar un plan de sostenibilidad para la empresa\"}]},{\"@type\":\"WebSite\",\"@id\":\"https:\/\/empresas.infoempleo.com\/hrtrends\/#website\",\"url\":\"https:\/\/empresas.infoempleo.com\/hrtrends\",\"name\":\"HRTrends by Infoempleo\",\"description\":\"\",\"publisher\":{\"@id\":\"https:\/\/empresas.infoempleo.com\/hrtrends\/#organization\"},\"potentialAction\":{\"@type\":\"SearchAction\",\"target\":\"https:\/\/empresas.infoempleo.com\/hrtrends\/?s={search_term_string}\",\"query-input\":\"required name=search_term_string\"},\"inLanguage\":\"es\"},{\"@type\":\"Organization\",\"@id\":\"https:\/\/empresas.infoempleo.com\/hrtrends\/#organization\",\"name\":\"Infoempleo\",\"url\":\"https:\/\/www.infoempleo.com\/\",\"logo\":{\"@type\":\"ImageObject\",\"@id\":\"https:\/\/empresas.infoempleo.com\/hrtrends\/#logo\",\"inLanguage\":\"es\",\"url\":\"https:\/\/cdnazure.infoempleo.com\/infoempleo\/assets\/style\/gfx\/logo.svg\",\"contentUrl\":\"https:\/\/cdnazure.infoempleo.com\/infoempleo\/assets\/style\/gfx\/logo.svg\",\"width\":150,\"height\":40,\"caption\":\"Infoempleo\"},\"image\":{\"@id\":\"https:\/\/empresas.infoempleo.com\/hrtrends\/#logo\"},\"sameAs\":[\"https:\/\/www.facebook.com\/Infoempleo\",\"https:\/\/x.com\/infoempleo\",\"http:\/\/instagram.com\/infoempleo\/\",\"http:\/\/www.linkedin.com\/groups\/Empleo-Espa\u00f1a-Infoempleocom-111276\",\"http:\/\/pinterest.com\/infoempleo\/\"],\"address\":{\"@type\":\"PostalAddress\",\"addressLocality\":\"Madrid\",\"postalCode\":\"28050\",\"streetAddress\":\"Avenida de Burgos 114\"},\"brand\":[\"Infoempleo\"]},{\"@type\":\"Person\",\"@id\":\"https:\/\/empresas.infoempleo.com\/hrtrends\/#\/schema\/person\/fb2f949a1461ff0e9e15996d82d3a787\",\"name\":\"Raquel Hern\u00e1ndez\",\"image\":{\"@type\":\"ImageObject\",\"inLanguage\":\"es\",\"@id\":\"https:\/\/empresas.infoempleo.com\/hrtrends\/#\/schema\/person\/image\/\",\"url\":\"https:\/\/secure.gravatar.com\/avatar\/4ccd374b24ab5eefd1b7681d8be968df221a577fa3ffa9dc4bb4b537645dc6a2?s=96&d=mm&r=g\",\"contentUrl\":\"https:\/\/secure.gravatar.com\/avatar\/4ccd374b24ab5eefd1b7681d8be968df221a577fa3ffa9dc4bb4b537645dc6a2?s=96&d=mm&r=g\",\"caption\":\"Raquel Hern\u00e1ndez\"},\"description\":\"M\u00e1ster en Filosof\u00eda Contempor\u00e1nea y Diploma Experto en Salud y G\u00e9nero. Extensa experiencia profesional como directora y productora de eventos culturales, especializada en el sector editorial. Lectora profesional y redactora de contenidos relacionados con el empleo, la innovaci\u00f3n y la educaci\u00f3n.\",\"url\":\"https:\/\/empresas.infoempleo.com\/hrtrends\/author\/raquel-hernandez\/\"}]}<\/script>\n<!-- \/ Yoast SEO plugin. -->","yoast_head_json":{"title":"C\u00f3mo elaborar un plan de sostenibilidad para la empresa | HRTRENDS","description":"El plan de sostenibilidad es un documento cada vez m\u00e1s reclamado por los stakeholders. Usuarios y consumidores lo valoran muy positivamente.","robots":{"index":"index","follow":"follow","max-snippet":"max-snippet:-1","max-image-preview":"max-image-preview:large","max-video-preview":"max-video-preview:-1"},"canonical":"https:\/\/empresas.infoempleo.com\/hrtrends\/como-elaborar-un-plan-de-sostenibilidad-para-la-empresa\/","og_locale":"es_ES","og_type":"article","og_title":"C\u00f3mo elaborar un plan de sostenibilidad para la empresa | HRTRENDS","og_description":"El plan de sostenibilidad es un documento cada vez m\u00e1s reclamado por los stakeholders. Usuarios y consumidores lo valoran muy positivamente.","og_url":"https:\/\/empresas.infoempleo.com\/hrtrends\/como-elaborar-un-plan-de-sostenibilidad-para-la-empresa\/","og_site_name":"HRTRENDS","article_publisher":"https:\/\/www.facebook.com\/Infoempleo","article_published_time":"2021-06-01T13:00:16+00:00","og_image":[{"width":881,"height":587,"url":"https:\/\/empresas.infoempleo.com\/hrtrends\/media\/2021\/05\/HRTrends_Plan-de-sostenibilidad.jpg","type":"image\/jpeg"}],"author":"Raquel Hern\u00e1ndez","twitter_card":"summary_large_image","twitter_creator":"@infoempleo","twitter_site":"@infoempleo","twitter_misc":{"Escrito por":"Raquel Hern\u00e1ndez","Tiempo de lectura":"3 minutos"},"schema":{"@context":"https:\/\/schema.org","@graph":[{"@type":"NewsArticle","@id":"https:\/\/empresas.infoempleo.com\/hrtrends\/como-elaborar-un-plan-de-sostenibilidad-para-la-empresa\/#article","isPartOf":{"@id":"https:\/\/empresas.infoempleo.com\/hrtrends\/como-elaborar-un-plan-de-sostenibilidad-para-la-empresa\/"},"author":{"name":"Raquel Hern\u00e1ndez","@id":"https:\/\/empresas.infoempleo.com\/hrtrends\/#\/schema\/person\/fb2f949a1461ff0e9e15996d82d3a787"},"headline":"C\u00f3mo elaborar un plan de sostenibilidad para la empresa","datePublished":"2021-06-01T13:00:16+00:00","mainEntityOfPage":{"@id":"https:\/\/empresas.infoempleo.com\/hrtrends\/como-elaborar-un-plan-de-sostenibilidad-para-la-empresa\/"},"wordCount":539,"publisher":{"@id":"https:\/\/empresas.infoempleo.com\/hrtrends\/#organization"},"image":{"@id":"https:\/\/empresas.infoempleo.com\/hrtrends\/como-elaborar-un-plan-de-sostenibilidad-para-la-empresa\/#primaryimage"},"thumbnailUrl":"https:\/\/empresas.infoempleo.com\/hrtrends\/media\/2021\/05\/HRTrends_Plan-de-sostenibilidad.jpg","keywords":["empresa","gesti\u00f3n de equipos","innovaci\u00f3n"],"articleSection":["Consejos"],"inLanguage":"es","copyrightYear":"2021","copyrightHolder":{"@id":"https:\/\/empresas.infoempleo.com\/hrtrends\/#organization"}},{"@type":"WebPage","@id":"https:\/\/empresas.infoempleo.com\/hrtrends\/como-elaborar-un-plan-de-sostenibilidad-para-la-empresa\/","url":"https:\/\/empresas.infoempleo.com\/hrtrends\/como-elaborar-un-plan-de-sostenibilidad-para-la-empresa\/","name":"C\u00f3mo elaborar un plan de sostenibilidad para la empresa | HRTRENDS","isPartOf":{"@id":"https:\/\/empresas.infoempleo.com\/hrtrends\/#website"},"primaryImageOfPage":{"@id":"https:\/\/empresas.infoempleo.com\/hrtrends\/como-elaborar-un-plan-de-sostenibilidad-para-la-empresa\/#primaryimage"},"image":{"@id":"https:\/\/empresas.infoempleo.com\/hrtrends\/como-elaborar-un-plan-de-sostenibilidad-para-la-empresa\/#primaryimage"},"thumbnailUrl":"https:\/\/empresas.infoempleo.com\/hrtrends\/media\/2021\/05\/HRTrends_Plan-de-sostenibilidad.jpg","datePublished":"2021-06-01T13:00:16+00:00","description":"El plan de sostenibilidad es un documento cada vez m\u00e1s reclamado por los stakeholders. Usuarios y consumidores lo valoran muy positivamente.","breadcrumb":{"@id":"https:\/\/empresas.infoempleo.com\/hrtrends\/como-elaborar-un-plan-de-sostenibilidad-para-la-empresa\/#breadcrumb"},"inLanguage":"es","potentialAction":[{"@type":"ReadAction","target":["https:\/\/empresas.infoempleo.com\/hrtrends\/como-elaborar-un-plan-de-sostenibilidad-para-la-empresa\/"]}]},{"@type":"ImageObject","inLanguage":"es","@id":"https:\/\/empresas.infoempleo.com\/hrtrends\/como-elaborar-un-plan-de-sostenibilidad-para-la-empresa\/#primaryimage","url":"https:\/\/empresas.infoempleo.com\/hrtrends\/media\/2021\/05\/HRTrends_Plan-de-sostenibilidad-150x150.jpg","contentUrl":"https:\/\/empresas.infoempleo.com\/hrtrends\/media\/2021\/05\/HRTrends_Plan-de-sostenibilidad-150x150.jpg","width":150,"height":150,"caption":"C\u00f3mo elaborar un plan de sostenibilidad para la empresa"},{"@type":"BreadcrumbList","@id":"https:\/\/empresas.infoempleo.com\/hrtrends\/como-elaborar-un-plan-de-sostenibilidad-para-la-empresa\/#breadcrumb","itemListElement":[{"@type":"ListItem","position":1,"name":"Portada","item":"https:\/\/empresas.infoempleo.com\/hrtrends\/"},{"@type":"ListItem","position":2,"name":"C\u00f3mo elaborar un plan de sostenibilidad para la empresa"}]},{"@type":"WebSite","@id":"https:\/\/empresas.infoempleo.com\/hrtrends\/#website","url":"https:\/\/empresas.infoempleo.com\/hrtrends","name":"HRTrends by Infoempleo","description":"","publisher":{"@id":"https:\/\/empresas.infoempleo.com\/hrtrends\/#organization"},"potentialAction":{"@type":"SearchAction","target":"https:\/\/empresas.infoempleo.com\/hrtrends\/?s={search_term_string}","query-input":"required name=search_term_string"},"inLanguage":"es"},{"@type":"Organization","@id":"https:\/\/empresas.infoempleo.com\/hrtrends\/#organization","name":"Infoempleo","url":"https:\/\/www.infoempleo.com\/","logo":{"@type":"ImageObject","@id":"https:\/\/empresas.infoempleo.com\/hrtrends\/#logo","inLanguage":"es","url":"https:\/\/cdnazure.infoempleo.com\/infoempleo\/assets\/style\/gfx\/logo.svg","contentUrl":"https:\/\/cdnazure.infoempleo.com\/infoempleo\/assets\/style\/gfx\/logo.svg","width":150,"height":40,"caption":"Infoempleo"},"image":{"@id":"https:\/\/empresas.infoempleo.com\/hrtrends\/#logo"},"sameAs":["https:\/\/www.facebook.com\/Infoempleo","https:\/\/x.com\/infoempleo","http:\/\/instagram.com\/infoempleo\/","http:\/\/www.linkedin.com\/groups\/Empleo-Espa\u00f1a-Infoempleocom-111276","http:\/\/pinterest.com\/infoempleo\/"],"address":{"@type":"PostalAddress","addressLocality":"Madrid","postalCode":"28050","streetAddress":"Avenida de Burgos 114"},"brand":["Infoempleo"]},{"@type":"Person","@id":"https:\/\/empresas.infoempleo.com\/hrtrends\/#\/schema\/person\/fb2f949a1461ff0e9e15996d82d3a787","name":"Raquel Hern\u00e1ndez","image":{"@type":"ImageObject","inLanguage":"es","@id":"https:\/\/empresas.infoempleo.com\/hrtrends\/#\/schema\/person\/image\/","url":"https:\/\/secure.gravatar.com\/avatar\/4ccd374b24ab5eefd1b7681d8be968df221a577fa3ffa9dc4bb4b537645dc6a2?s=96&d=mm&r=g","contentUrl":"https:\/\/secure.gravatar.com\/avatar\/4ccd374b24ab5eefd1b7681d8be968df221a577fa3ffa9dc4bb4b537645dc6a2?s=96&d=mm&r=g","caption":"Raquel Hern\u00e1ndez"},"description":"M\u00e1ster en Filosof\u00eda Contempor\u00e1nea y Diploma Experto en Salud y G\u00e9nero. Extensa experiencia profesional como directora y productora de eventos culturales, especializada en el sector editorial. Lectora profesional y redactora de contenidos relacionados con el empleo, la innovaci\u00f3n y la educaci\u00f3n.","url":"https:\/\/empresas.infoempleo.com\/hrtrends\/author\/raquel-hernandez\/"}]}},"amp_enabled":true,"_links":{"self":[{"href":"https:\/\/empresas.infoempleo.com\/hrtrends\/wp-json\/wp\/v2\/posts\/38739","targetHints":{"allow":["GET"]}}],"collection":[{"href":"https:\/\/empresas.infoempleo.com\/hrtrends\/wp-json\/wp\/v2\/posts"}],"about":[{"href":"https:\/\/empresas.infoempleo.com\/hrtrends\/wp-json\/wp\/v2\/types\/post"}],"author":[{"embeddable":true,"href":"https:\/\/empresas.infoempleo.com\/hrtrends\/wp-json\/wp\/v2\/users\/136"}],"replies":[{"embeddable":true,"href":"https:\/\/empresas.infoempleo.com\/hrtrends\/wp-json\/wp\/v2\/comments?post=38739"}],"version-history":[{"count":1,"href":"https:\/\/empresas.infoempleo.com\/hrtrends\/wp-json\/wp\/v2\/posts\/38739\/revisions"}],"predecessor-version":[{"id":38742,"href":"https:\/\/empresas.infoempleo.com\/hrtrends\/wp-json\/wp\/v2\/posts\/38739\/revisions\/38742"}],"wp:featuredmedia":[{"embeddable":true,"href":"https:\/\/empresas.infoempleo.com\/hrtrends\/wp-json\/wp\/v2\/media\/38741"}],"wp:attachment":[{"href":"https:\/\/empresas.infoempleo.com\/hrtrends\/wp-json\/wp\/v2\/media?parent=38739"}],"wp:term":[{"taxonomy":"category","embeddable":true,"href":"https:\/\/empresas.infoempleo.com\/hrtrends\/wp-json\/wp\/v2\/categories?post=38739"},{"taxonomy":"post_tag","embeddable":true,"href":"https:\/\/empresas.infoempleo.com\/hrtrends\/wp-json\/wp\/v2\/tags?post=38739"}],"curies":[{"name":"wp","href":"https:\/\/api.w.org\/{rel}","templated":true}]}}