{"id":38682,"date":"2021-05-19T07:30:44","date_gmt":"2021-05-19T05:30:44","guid":{"rendered":"https:\/\/empresas.infoempleo.com\/hrtrends\/?p=38682"},"modified":"2021-05-14T20:19:04","modified_gmt":"2021-05-14T18:19:04","slug":"byod-ventajas-e-inconvenientes","status":"publish","type":"post","link":"https:\/\/empresas.infoempleo.com\/hrtrends\/byod-ventajas-e-inconvenientes\/","title":{"rendered":"BYOD: ventajas e inconvenientes del \u201ctrae tu propio dispositivo\u201d"},"content":{"rendered":"<p>Trabajar con el dispositivo propio presenta tanto <strong>ventajas<\/strong> como <strong>inconvenientes<\/strong>. Desde hace una d\u00e9cada principalmente, pero con mayor fuerza desde la pandemia, la <strong>pol\u00edtica empresarial BYOD<\/strong> se ha ido implantando progresivamente <strong>cada vez en m\u00e1s<\/strong> compa\u00f1\u00edas. Las siglas corresponden al ingl\u00e9s <em>Bring Your Own Device<\/em>, lo que significa, que ya sea en la oficina o en remoto, las tareas se desarrollan desde el ordenador, tablet o tel\u00e9fono inteligente del empleado.<\/p>\n<p><!--more--><\/p>\n<h2>Ventajas del BYOD<\/h2>\n<p>Seg\u00fan se\u00f1alan los estudios, un empleado que puede usar su propia tecnolog\u00eda, as\u00ed como sus dispositivos, se siente m\u00e1s comprometido con la empresa. Es decir, <strong>aumenta su <em>engagement<\/em><\/strong>. Entre otras razones, porque siente que <strong>conf\u00edan<\/strong> en su criterio y responsabilidad. Adem\u00e1s les permite una <strong>flexibilidad<\/strong> que, complementada con una seguridad reforzada, va a facilitar que aumente su productividad.<\/p>\n<p>Al instalarse el teletrabajo, muchas empresas han tenido que proveer de ordenadores o tabletas a su plantilla para <strong>habilitar una fuerza de trabajo en remoto<\/strong>. Una manera de afrontar econ\u00f3micamente esta dificultad, especialmente, para las pymes, es ofrecer la pol\u00edtica BYOD.<\/p>\n<p>Al mismo tiempo, trabajar en la <a href=\"https:\/\/empresas.infoempleo.com\/hrtrends\/ventajas-del-cloud-computing-en-recursos-humanos\/\"><strong>nube<\/strong><\/a> ha sido la soluci\u00f3n que muchas organizaciones han implementado para compaginar con el BYOD sin comprometer demasiado la seguridad propia. Sin embargo, muchas de ellas reconocen que sus <strong>herramientas de protecci\u00f3n<\/strong> no son compatibles con trabajar en <em>cloud<\/em>.<\/p>\n<p><img loading=\"lazy\" decoding=\"async\" class=\"aligncenter size-full wp-image-38697\" src=\"https:\/\/empresas.infoempleo.com\/hrtrends\/media\/2021\/05\/HRTrends_Trae-tu-dispositivo.jpg\" alt=\"Ventajas del BYOD\" width=\"800\" height=\"800\" srcset=\"https:\/\/empresas.infoempleo.com\/hrtrends\/media\/2021\/05\/HRTrends_Trae-tu-dispositivo.jpg 800w, https:\/\/empresas.infoempleo.com\/hrtrends\/media\/2021\/05\/HRTrends_Trae-tu-dispositivo-300x300.jpg 300w, https:\/\/empresas.infoempleo.com\/hrtrends\/media\/2021\/05\/HRTrends_Trae-tu-dispositivo-150x150.jpg 150w, https:\/\/empresas.infoempleo.com\/hrtrends\/media\/2021\/05\/HRTrends_Trae-tu-dispositivo-768x768.jpg 768w\" sizes=\"auto, (max-width: 800px) 100vw, 800px\" \/><\/p>\n<h2>Inconvenientes del BYOD<\/h2>\n<p>El <strong>riesgo m\u00e1s visible<\/strong> de que cada trabajador use sus dispositivos es que aumenta exponencialmente la posibilidad de una <strong>quiebra de seguridad<\/strong>. Tanto en los contenidos, como en el acceso a la red de la compa\u00f1\u00eda. Seg\u00fan el informe que public\u00f3 Bitglass sobre BYOD 2020, las principales preocupaciones van de la <strong>fuga de datos<\/strong> hasta las infecciones por <strong>malware<\/strong>, pasando por los <strong>accesos no autorizados<\/strong> a datos y sistemas.<\/p>\n<p>La <strong>seguridad en un entorno de BYOD debe aumentar<\/strong>. Es decir, al estar m\u00e1s dispositivos personales conectados, a los que no tiene acceso la empresa como punto final de la red de la compa\u00f1\u00eda, se incrementan las probabilidades de <strong>filtrados<\/strong>. As\u00ed, se compromete la <strong>privacidad<\/strong> de los colaboradores.<\/p>\n<p>En este sentido, tambi\u00e9n te puedes encontrar con <strong>problemas legales<\/strong> en la protecci\u00f3n de datos. Estos, tanto de clientes, como de empleados y empresas, quedan almacenados en dispositivos que no se pueden controlar totalmente. Para evitar posibles conflictos, o incluso demandas, la <strong>pol\u00edtica BYOD debe ser p\u00fablica y transparente<\/strong>. Adem\u00e1s, ha de contestar de manera clara a preguntas del tipo: \u00bfpuede un familiar o tercera persona acceder al dispositivo del empleado?<\/p>\n<p>Ahora bien, hay que ser conscientes de que con estrategias BYOD se compromete la <strong>seguridad en ambas direcciones<\/strong>. Es decir, la empresa queda descubierta al no manejar su departamento de TI los soportes inform\u00e1ticos. Pero, a su vez, la informaci\u00f3n privada de cada empleado se vuelve vulnerable. De hecho, los <strong>ciberataques<\/strong> se han <strong>incrementado<\/strong> un 50% en este 2021 y se vuelven cada vez m\u00e1s <strong>sofisticados<\/strong>.<\/p>\n<p>En relaci\u00f3n a esto, al usar los ordenadores propios y teletrabajar desde un entorno dom\u00e9stico se <strong>diluye la l\u00ednea que separa<\/strong> el \u00e1mbito profesional del personal. Se dificulta el <strong>derecho a la desconexi\u00f3n<\/strong>, recogido en la reciente <strong>Ley del Teletrabajo<\/strong>. Por tanto, las prioridades han cambiado al pasar al modelo h\u00edbrido o de teletrabajo poniendo en el centro de las estrategias de <a href=\"https:\/\/empresas.infoempleo.com\/hrtrends\/digital-readiness-evaluar-la-preparacion-digital\"><strong>transformaci\u00f3n digital<\/strong><\/a> la <strong>ciberseguridad<\/strong>.<\/p>\n","protected":false},"excerpt":{"rendered":"<p>Trabajar con el dispositivo propio presenta tanto ventajas como inconvenientes. Desde hace una d\u00e9cada principalmente, pero con mayor<a class=\"moretag\" href=\"https:\/\/empresas.infoempleo.com\/hrtrends\/byod-ventajas-e-inconvenientes\/\"> Leer m\u00e1s<\/a><\/p>\n","protected":false},"author":136,"featured_media":38698,"comment_status":"closed","ping_status":"closed","sticky":false,"template":"","format":"standard","meta":{"footnotes":""},"categories":[3035],"tags":[3254,282,323],"class_list":["post-38682","post","type-post","status-publish","format-standard","has-post-thumbnail","hentry","category-consejos","tag-gestion-de-equipos","tag-productividad","tag-teletrabajo"],"yoast_head":"<!-- This site is optimized with the Yoast SEO plugin v26.1.1 - https:\/\/yoast.com\/wordpress\/plugins\/seo\/ -->\n<title>BYOD: ventajas e inconvenientes del \u201ctrae tu propio dispositivo\u201d | HRTRENDS<\/title>\n<meta name=\"description\" content=\"La pol\u00edtica empresarial BYOD se ha ido implantando progresivamente cada vez en m\u00e1s compa\u00f1\u00edas. Las siglas corresponden al ingl\u00e9s Bring Your Own Device\" \/>\n<meta name=\"robots\" content=\"index, follow, max-snippet:-1, max-image-preview:large, max-video-preview:-1\" \/>\n<link rel=\"canonical\" href=\"https:\/\/empresas.infoempleo.com\/hrtrends\/byod-ventajas-e-inconvenientes\/\" \/>\n<meta property=\"og:locale\" content=\"es_ES\" \/>\n<meta property=\"og:type\" content=\"article\" \/>\n<meta property=\"og:title\" content=\"BYOD: ventajas e inconvenientes del \u201ctrae tu propio dispositivo\u201d | HRTRENDS\" \/>\n<meta property=\"og:description\" content=\"La pol\u00edtica empresarial BYOD se ha ido implantando progresivamente cada vez en m\u00e1s compa\u00f1\u00edas. Las siglas corresponden al ingl\u00e9s Bring Your Own Device\" \/>\n<meta property=\"og:url\" content=\"https:\/\/empresas.infoempleo.com\/hrtrends\/byod-ventajas-e-inconvenientes\/\" \/>\n<meta property=\"og:site_name\" content=\"HRTRENDS\" \/>\n<meta property=\"article:publisher\" content=\"https:\/\/www.facebook.com\/Infoempleo\" \/>\n<meta property=\"article:published_time\" content=\"2021-05-19T05:30:44+00:00\" \/>\n<meta property=\"og:image\" content=\"https:\/\/empresas.infoempleo.com\/hrtrends\/media\/2021\/05\/HRTrends_BYOD.jpg\" \/>\n\t<meta property=\"og:image:width\" content=\"881\" \/>\n\t<meta property=\"og:image:height\" content=\"588\" \/>\n\t<meta property=\"og:image:type\" content=\"image\/jpeg\" \/>\n<meta name=\"author\" content=\"Raquel Hern\u00e1ndez\" \/>\n<meta name=\"twitter:card\" content=\"summary_large_image\" \/>\n<meta name=\"twitter:creator\" content=\"@infoempleo\" \/>\n<meta name=\"twitter:site\" content=\"@infoempleo\" \/>\n<meta name=\"twitter:label1\" content=\"Escrito por\" \/>\n\t<meta name=\"twitter:data1\" content=\"Raquel Hern\u00e1ndez\" \/>\n\t<meta name=\"twitter:label2\" content=\"Tiempo de lectura\" \/>\n\t<meta name=\"twitter:data2\" content=\"3 minutos\" \/>\n<script type=\"application\/ld+json\" class=\"yoast-schema-graph\">{\"@context\":\"https:\/\/schema.org\",\"@graph\":[{\"@type\":\"NewsArticle\",\"@id\":\"https:\/\/empresas.infoempleo.com\/hrtrends\/byod-ventajas-e-inconvenientes\/#article\",\"isPartOf\":{\"@id\":\"https:\/\/empresas.infoempleo.com\/hrtrends\/byod-ventajas-e-inconvenientes\/\"},\"author\":{\"name\":\"Raquel Hern\u00e1ndez\",\"@id\":\"https:\/\/empresas.infoempleo.com\/hrtrends\/#\/schema\/person\/fb2f949a1461ff0e9e15996d82d3a787\"},\"headline\":\"BYOD: ventajas e inconvenientes del \u201ctrae tu propio dispositivo\u201d\",\"datePublished\":\"2021-05-19T05:30:44+00:00\",\"mainEntityOfPage\":{\"@id\":\"https:\/\/empresas.infoempleo.com\/hrtrends\/byod-ventajas-e-inconvenientes\/\"},\"wordCount\":581,\"publisher\":{\"@id\":\"https:\/\/empresas.infoempleo.com\/hrtrends\/#organization\"},\"image\":{\"@id\":\"https:\/\/empresas.infoempleo.com\/hrtrends\/byod-ventajas-e-inconvenientes\/#primaryimage\"},\"thumbnailUrl\":\"https:\/\/empresas.infoempleo.com\/hrtrends\/media\/2021\/05\/HRTrends_BYOD.jpg\",\"keywords\":[\"gesti\u00f3n de equipos\",\"productividad\",\"Teletrabajo\"],\"articleSection\":[\"Consejos\"],\"inLanguage\":\"es\",\"copyrightYear\":\"2021\",\"copyrightHolder\":{\"@id\":\"https:\/\/empresas.infoempleo.com\/hrtrends\/#organization\"}},{\"@type\":\"WebPage\",\"@id\":\"https:\/\/empresas.infoempleo.com\/hrtrends\/byod-ventajas-e-inconvenientes\/\",\"url\":\"https:\/\/empresas.infoempleo.com\/hrtrends\/byod-ventajas-e-inconvenientes\/\",\"name\":\"BYOD: ventajas e inconvenientes del \u201ctrae tu propio dispositivo\u201d | HRTRENDS\",\"isPartOf\":{\"@id\":\"https:\/\/empresas.infoempleo.com\/hrtrends\/#website\"},\"primaryImageOfPage\":{\"@id\":\"https:\/\/empresas.infoempleo.com\/hrtrends\/byod-ventajas-e-inconvenientes\/#primaryimage\"},\"image\":{\"@id\":\"https:\/\/empresas.infoempleo.com\/hrtrends\/byod-ventajas-e-inconvenientes\/#primaryimage\"},\"thumbnailUrl\":\"https:\/\/empresas.infoempleo.com\/hrtrends\/media\/2021\/05\/HRTrends_BYOD.jpg\",\"datePublished\":\"2021-05-19T05:30:44+00:00\",\"description\":\"La pol\u00edtica empresarial BYOD se ha ido implantando progresivamente cada vez en m\u00e1s compa\u00f1\u00edas. Las siglas corresponden al ingl\u00e9s Bring Your Own Device\",\"breadcrumb\":{\"@id\":\"https:\/\/empresas.infoempleo.com\/hrtrends\/byod-ventajas-e-inconvenientes\/#breadcrumb\"},\"inLanguage\":\"es\",\"potentialAction\":[{\"@type\":\"ReadAction\",\"target\":[\"https:\/\/empresas.infoempleo.com\/hrtrends\/byod-ventajas-e-inconvenientes\/\"]}]},{\"@type\":\"ImageObject\",\"inLanguage\":\"es\",\"@id\":\"https:\/\/empresas.infoempleo.com\/hrtrends\/byod-ventajas-e-inconvenientes\/#primaryimage\",\"url\":\"https:\/\/empresas.infoempleo.com\/hrtrends\/media\/2021\/05\/HRTrends_BYOD-150x150.jpg\",\"contentUrl\":\"https:\/\/empresas.infoempleo.com\/hrtrends\/media\/2021\/05\/HRTrends_BYOD-150x150.jpg\",\"width\":150,\"height\":150},{\"@type\":\"BreadcrumbList\",\"@id\":\"https:\/\/empresas.infoempleo.com\/hrtrends\/byod-ventajas-e-inconvenientes\/#breadcrumb\",\"itemListElement\":[{\"@type\":\"ListItem\",\"position\":1,\"name\":\"Portada\",\"item\":\"https:\/\/empresas.infoempleo.com\/hrtrends\/\"},{\"@type\":\"ListItem\",\"position\":2,\"name\":\"BYOD: ventajas e inconvenientes del \u201ctrae tu propio dispositivo\u201d\"}]},{\"@type\":\"WebSite\",\"@id\":\"https:\/\/empresas.infoempleo.com\/hrtrends\/#website\",\"url\":\"https:\/\/empresas.infoempleo.com\/hrtrends\",\"name\":\"HRTrends by Infoempleo\",\"description\":\"\",\"publisher\":{\"@id\":\"https:\/\/empresas.infoempleo.com\/hrtrends\/#organization\"},\"potentialAction\":{\"@type\":\"SearchAction\",\"target\":\"https:\/\/empresas.infoempleo.com\/hrtrends\/?s={search_term_string}\",\"query-input\":\"required name=search_term_string\"},\"inLanguage\":\"es\"},{\"@type\":\"Organization\",\"@id\":\"https:\/\/empresas.infoempleo.com\/hrtrends\/#organization\",\"name\":\"Infoempleo\",\"url\":\"https:\/\/www.infoempleo.com\/\",\"logo\":{\"@type\":\"ImageObject\",\"@id\":\"https:\/\/empresas.infoempleo.com\/hrtrends\/#logo\",\"inLanguage\":\"es\",\"url\":\"https:\/\/cdnazure.infoempleo.com\/infoempleo\/assets\/style\/gfx\/logo.svg\",\"contentUrl\":\"https:\/\/cdnazure.infoempleo.com\/infoempleo\/assets\/style\/gfx\/logo.svg\",\"width\":150,\"height\":40,\"caption\":\"Infoempleo\"},\"image\":{\"@id\":\"https:\/\/empresas.infoempleo.com\/hrtrends\/#logo\"},\"sameAs\":[\"https:\/\/www.facebook.com\/Infoempleo\",\"https:\/\/x.com\/infoempleo\",\"http:\/\/instagram.com\/infoempleo\/\",\"http:\/\/www.linkedin.com\/groups\/Empleo-Espa\u00f1a-Infoempleocom-111276\",\"http:\/\/pinterest.com\/infoempleo\/\"],\"address\":{\"@type\":\"PostalAddress\",\"addressLocality\":\"Madrid\",\"postalCode\":\"28050\",\"streetAddress\":\"Avenida de Burgos 114\"},\"brand\":[\"Infoempleo\"]},{\"@type\":\"Person\",\"@id\":\"https:\/\/empresas.infoempleo.com\/hrtrends\/#\/schema\/person\/fb2f949a1461ff0e9e15996d82d3a787\",\"name\":\"Raquel Hern\u00e1ndez\",\"image\":{\"@type\":\"ImageObject\",\"inLanguage\":\"es\",\"@id\":\"https:\/\/empresas.infoempleo.com\/hrtrends\/#\/schema\/person\/image\/\",\"url\":\"https:\/\/secure.gravatar.com\/avatar\/4ccd374b24ab5eefd1b7681d8be968df221a577fa3ffa9dc4bb4b537645dc6a2?s=96&d=mm&r=g\",\"contentUrl\":\"https:\/\/secure.gravatar.com\/avatar\/4ccd374b24ab5eefd1b7681d8be968df221a577fa3ffa9dc4bb4b537645dc6a2?s=96&d=mm&r=g\",\"caption\":\"Raquel Hern\u00e1ndez\"},\"description\":\"M\u00e1ster en Filosof\u00eda Contempor\u00e1nea y Diploma Experto en Salud y G\u00e9nero. Extensa experiencia profesional como directora y productora de eventos culturales, especializada en el sector editorial. Lectora profesional y redactora de contenidos relacionados con el empleo, la innovaci\u00f3n y la educaci\u00f3n.\",\"url\":\"https:\/\/empresas.infoempleo.com\/hrtrends\/author\/raquel-hernandez\/\"}]}<\/script>\n<!-- \/ Yoast SEO plugin. -->","yoast_head_json":{"title":"BYOD: ventajas e inconvenientes del \u201ctrae tu propio dispositivo\u201d | HRTRENDS","description":"La pol\u00edtica empresarial BYOD se ha ido implantando progresivamente cada vez en m\u00e1s compa\u00f1\u00edas. Las siglas corresponden al ingl\u00e9s Bring Your Own Device","robots":{"index":"index","follow":"follow","max-snippet":"max-snippet:-1","max-image-preview":"max-image-preview:large","max-video-preview":"max-video-preview:-1"},"canonical":"https:\/\/empresas.infoempleo.com\/hrtrends\/byod-ventajas-e-inconvenientes\/","og_locale":"es_ES","og_type":"article","og_title":"BYOD: ventajas e inconvenientes del \u201ctrae tu propio dispositivo\u201d | HRTRENDS","og_description":"La pol\u00edtica empresarial BYOD se ha ido implantando progresivamente cada vez en m\u00e1s compa\u00f1\u00edas. Las siglas corresponden al ingl\u00e9s Bring Your Own Device","og_url":"https:\/\/empresas.infoempleo.com\/hrtrends\/byod-ventajas-e-inconvenientes\/","og_site_name":"HRTRENDS","article_publisher":"https:\/\/www.facebook.com\/Infoempleo","article_published_time":"2021-05-19T05:30:44+00:00","og_image":[{"width":881,"height":588,"url":"https:\/\/empresas.infoempleo.com\/hrtrends\/media\/2021\/05\/HRTrends_BYOD.jpg","type":"image\/jpeg"}],"author":"Raquel Hern\u00e1ndez","twitter_card":"summary_large_image","twitter_creator":"@infoempleo","twitter_site":"@infoempleo","twitter_misc":{"Escrito por":"Raquel Hern\u00e1ndez","Tiempo de lectura":"3 minutos"},"schema":{"@context":"https:\/\/schema.org","@graph":[{"@type":"NewsArticle","@id":"https:\/\/empresas.infoempleo.com\/hrtrends\/byod-ventajas-e-inconvenientes\/#article","isPartOf":{"@id":"https:\/\/empresas.infoempleo.com\/hrtrends\/byod-ventajas-e-inconvenientes\/"},"author":{"name":"Raquel Hern\u00e1ndez","@id":"https:\/\/empresas.infoempleo.com\/hrtrends\/#\/schema\/person\/fb2f949a1461ff0e9e15996d82d3a787"},"headline":"BYOD: ventajas e inconvenientes del \u201ctrae tu propio dispositivo\u201d","datePublished":"2021-05-19T05:30:44+00:00","mainEntityOfPage":{"@id":"https:\/\/empresas.infoempleo.com\/hrtrends\/byod-ventajas-e-inconvenientes\/"},"wordCount":581,"publisher":{"@id":"https:\/\/empresas.infoempleo.com\/hrtrends\/#organization"},"image":{"@id":"https:\/\/empresas.infoempleo.com\/hrtrends\/byod-ventajas-e-inconvenientes\/#primaryimage"},"thumbnailUrl":"https:\/\/empresas.infoempleo.com\/hrtrends\/media\/2021\/05\/HRTrends_BYOD.jpg","keywords":["gesti\u00f3n de equipos","productividad","Teletrabajo"],"articleSection":["Consejos"],"inLanguage":"es","copyrightYear":"2021","copyrightHolder":{"@id":"https:\/\/empresas.infoempleo.com\/hrtrends\/#organization"}},{"@type":"WebPage","@id":"https:\/\/empresas.infoempleo.com\/hrtrends\/byod-ventajas-e-inconvenientes\/","url":"https:\/\/empresas.infoempleo.com\/hrtrends\/byod-ventajas-e-inconvenientes\/","name":"BYOD: ventajas e inconvenientes del \u201ctrae tu propio dispositivo\u201d | HRTRENDS","isPartOf":{"@id":"https:\/\/empresas.infoempleo.com\/hrtrends\/#website"},"primaryImageOfPage":{"@id":"https:\/\/empresas.infoempleo.com\/hrtrends\/byod-ventajas-e-inconvenientes\/#primaryimage"},"image":{"@id":"https:\/\/empresas.infoempleo.com\/hrtrends\/byod-ventajas-e-inconvenientes\/#primaryimage"},"thumbnailUrl":"https:\/\/empresas.infoempleo.com\/hrtrends\/media\/2021\/05\/HRTrends_BYOD.jpg","datePublished":"2021-05-19T05:30:44+00:00","description":"La pol\u00edtica empresarial BYOD se ha ido implantando progresivamente cada vez en m\u00e1s compa\u00f1\u00edas. Las siglas corresponden al ingl\u00e9s Bring Your Own Device","breadcrumb":{"@id":"https:\/\/empresas.infoempleo.com\/hrtrends\/byod-ventajas-e-inconvenientes\/#breadcrumb"},"inLanguage":"es","potentialAction":[{"@type":"ReadAction","target":["https:\/\/empresas.infoempleo.com\/hrtrends\/byod-ventajas-e-inconvenientes\/"]}]},{"@type":"ImageObject","inLanguage":"es","@id":"https:\/\/empresas.infoempleo.com\/hrtrends\/byod-ventajas-e-inconvenientes\/#primaryimage","url":"https:\/\/empresas.infoempleo.com\/hrtrends\/media\/2021\/05\/HRTrends_BYOD-150x150.jpg","contentUrl":"https:\/\/empresas.infoempleo.com\/hrtrends\/media\/2021\/05\/HRTrends_BYOD-150x150.jpg","width":150,"height":150},{"@type":"BreadcrumbList","@id":"https:\/\/empresas.infoempleo.com\/hrtrends\/byod-ventajas-e-inconvenientes\/#breadcrumb","itemListElement":[{"@type":"ListItem","position":1,"name":"Portada","item":"https:\/\/empresas.infoempleo.com\/hrtrends\/"},{"@type":"ListItem","position":2,"name":"BYOD: ventajas e inconvenientes del \u201ctrae tu propio dispositivo\u201d"}]},{"@type":"WebSite","@id":"https:\/\/empresas.infoempleo.com\/hrtrends\/#website","url":"https:\/\/empresas.infoempleo.com\/hrtrends","name":"HRTrends by Infoempleo","description":"","publisher":{"@id":"https:\/\/empresas.infoempleo.com\/hrtrends\/#organization"},"potentialAction":{"@type":"SearchAction","target":"https:\/\/empresas.infoempleo.com\/hrtrends\/?s={search_term_string}","query-input":"required name=search_term_string"},"inLanguage":"es"},{"@type":"Organization","@id":"https:\/\/empresas.infoempleo.com\/hrtrends\/#organization","name":"Infoempleo","url":"https:\/\/www.infoempleo.com\/","logo":{"@type":"ImageObject","@id":"https:\/\/empresas.infoempleo.com\/hrtrends\/#logo","inLanguage":"es","url":"https:\/\/cdnazure.infoempleo.com\/infoempleo\/assets\/style\/gfx\/logo.svg","contentUrl":"https:\/\/cdnazure.infoempleo.com\/infoempleo\/assets\/style\/gfx\/logo.svg","width":150,"height":40,"caption":"Infoempleo"},"image":{"@id":"https:\/\/empresas.infoempleo.com\/hrtrends\/#logo"},"sameAs":["https:\/\/www.facebook.com\/Infoempleo","https:\/\/x.com\/infoempleo","http:\/\/instagram.com\/infoempleo\/","http:\/\/www.linkedin.com\/groups\/Empleo-Espa\u00f1a-Infoempleocom-111276","http:\/\/pinterest.com\/infoempleo\/"],"address":{"@type":"PostalAddress","addressLocality":"Madrid","postalCode":"28050","streetAddress":"Avenida de Burgos 114"},"brand":["Infoempleo"]},{"@type":"Person","@id":"https:\/\/empresas.infoempleo.com\/hrtrends\/#\/schema\/person\/fb2f949a1461ff0e9e15996d82d3a787","name":"Raquel Hern\u00e1ndez","image":{"@type":"ImageObject","inLanguage":"es","@id":"https:\/\/empresas.infoempleo.com\/hrtrends\/#\/schema\/person\/image\/","url":"https:\/\/secure.gravatar.com\/avatar\/4ccd374b24ab5eefd1b7681d8be968df221a577fa3ffa9dc4bb4b537645dc6a2?s=96&d=mm&r=g","contentUrl":"https:\/\/secure.gravatar.com\/avatar\/4ccd374b24ab5eefd1b7681d8be968df221a577fa3ffa9dc4bb4b537645dc6a2?s=96&d=mm&r=g","caption":"Raquel Hern\u00e1ndez"},"description":"M\u00e1ster en Filosof\u00eda Contempor\u00e1nea y Diploma Experto en Salud y G\u00e9nero. Extensa experiencia profesional como directora y productora de eventos culturales, especializada en el sector editorial. Lectora profesional y redactora de contenidos relacionados con el empleo, la innovaci\u00f3n y la educaci\u00f3n.","url":"https:\/\/empresas.infoempleo.com\/hrtrends\/author\/raquel-hernandez\/"}]}},"amp_enabled":true,"_links":{"self":[{"href":"https:\/\/empresas.infoempleo.com\/hrtrends\/wp-json\/wp\/v2\/posts\/38682","targetHints":{"allow":["GET"]}}],"collection":[{"href":"https:\/\/empresas.infoempleo.com\/hrtrends\/wp-json\/wp\/v2\/posts"}],"about":[{"href":"https:\/\/empresas.infoempleo.com\/hrtrends\/wp-json\/wp\/v2\/types\/post"}],"author":[{"embeddable":true,"href":"https:\/\/empresas.infoempleo.com\/hrtrends\/wp-json\/wp\/v2\/users\/136"}],"replies":[{"embeddable":true,"href":"https:\/\/empresas.infoempleo.com\/hrtrends\/wp-json\/wp\/v2\/comments?post=38682"}],"version-history":[{"count":2,"href":"https:\/\/empresas.infoempleo.com\/hrtrends\/wp-json\/wp\/v2\/posts\/38682\/revisions"}],"predecessor-version":[{"id":38699,"href":"https:\/\/empresas.infoempleo.com\/hrtrends\/wp-json\/wp\/v2\/posts\/38682\/revisions\/38699"}],"wp:featuredmedia":[{"embeddable":true,"href":"https:\/\/empresas.infoempleo.com\/hrtrends\/wp-json\/wp\/v2\/media\/38698"}],"wp:attachment":[{"href":"https:\/\/empresas.infoempleo.com\/hrtrends\/wp-json\/wp\/v2\/media?parent=38682"}],"wp:term":[{"taxonomy":"category","embeddable":true,"href":"https:\/\/empresas.infoempleo.com\/hrtrends\/wp-json\/wp\/v2\/categories?post=38682"},{"taxonomy":"post_tag","embeddable":true,"href":"https:\/\/empresas.infoempleo.com\/hrtrends\/wp-json\/wp\/v2\/tags?post=38682"}],"curies":[{"name":"wp","href":"https:\/\/api.w.org\/{rel}","templated":true}]}}