{"id":38674,"date":"2021-05-20T07:30:30","date_gmt":"2021-05-20T05:30:30","guid":{"rendered":"https:\/\/empresas.infoempleo.com\/hrtrends\/?p=38674"},"modified":"2024-09-13T16:09:24","modified_gmt":"2024-09-13T14:09:24","slug":"deportista-profesional-o-amateur-relaciones-laborales","status":"publish","type":"post","link":"https:\/\/empresas.infoempleo.com\/hrtrends\/deportista-profesional-o-amateur-relaciones-laborales\/","title":{"rendered":"Deportista profesional o amateur: \u00bfC\u00f3mo se regulan sus relaciones laborales?"},"content":{"rendered":"<p>En el deporte profesional, <strong>hasta llegar a ser considerado deportista profesional hay un largo camino<\/strong> que, como es l\u00f3gico, empieza con la incursi\u00f3n como amateur, periodo en el que en algunos casos se le abonan a estos los gastos en los que incurren o incluso se les da una beca para que puedan compaginar los estudios, y su desarrollo como deportistas para llegar a ser profesionales.<\/p>\n<p>No obstante lo anterior, se cuestiona en innumerables ocasiones si realmente nos encontramos ante un <strong>deportista amateur o un deportista profesional<\/strong>, en base a las <strong>obligaciones asumidas<\/strong>, inclusi\u00f3n en el \u00e1mbito de organizaci\u00f3n y direcci\u00f3n de una entidad deportiva, <strong>retribuci\u00f3n<\/strong> percibida, <strong>gastos<\/strong> incurridos y que le son abonados, etc.<\/p>\n<h2>Compromisos entre los deportistas y los clubes<\/h2>\n<p>En tal sentido, hemos de destacar la <strong>distinci\u00f3n entre deportista aficionado y deportista profesional<\/strong> que se recoge en el art. 1 del <strong>Real Decreto 1006\/1985, de 26 de junio<\/strong>, y que<strong> regula la relaci\u00f3n laboral especial de los deportistas profesionales<\/strong> en sus apartados segundo y tercero.<\/p>\n<p>Dichos preceptos establecen que son <strong>deportistas profesionales<\/strong> aquellos que, por mor de una relaci\u00f3n establecida con car\u00e1cter regular, <strong>se dedican de forma voluntaria a la pr\u00e1ctica del deporte<\/strong>, dentro del \u00e1mbito de organizaci\u00f3n y direcci\u00f3n de una entidad deportiva o club, y <strong>percibiendo por ello una<\/strong> <strong>retribuci\u00f3n<\/strong>. En el mismo precepto se indica que quedan excluidos de la norma aquellos que se dediquen a la pr\u00e1ctica del deporte dentro del \u00e1mbito de un club, percibiendo \u00fanicamente compensaci\u00f3n por los gastos derivados de su pr\u00e1ctica deportiva.<\/p>\n<p>A este respecto, la Sentencia del Tribunal Supremo, Sala Cuarta de lo Social, Sentencia de 2 abril de 2009, Recurso 4391\/2007 Ponente: Luis Fernando Castro Fern\u00e1ndez (LA LEY 49598\/2009) fij\u00f3 los <strong>requisitos necesarios para la consideraci\u00f3n o no de un deportista como amateur\/aficionado o profesional<\/strong>.<\/p>\n<p>Dicha ley establece que es irrelevante la denominaci\u00f3n que hagan las partes ni la calificaci\u00f3n federativa que se haga. Ya que tal calificaci\u00f3n no produce efectos en la esfera jur\u00eddica-laboral. Y que la laboralidad de una relaci\u00f3n <strong>no requiere que la actividad prestada sea de absoluta dedicaci\u00f3n<\/strong> y constituya el exclusivo o fundamental medio de vida, siendo lo relevante a efectos de determinar la profesionalidad o no, la existencia de una retribuci\u00f3n a cambio de los servicios prestados, pues<strong> la ausencia de salario determina la cualidad de deportista aficionado<\/strong>.<\/p>\n<p>Con base a la doctrina y requisitos establecidos en la mencionada Sentencia del Tribunal Supremo, y otras sentencias m\u00e1s recientes de Tribunales Superiores de Justicia que hac\u00edan menci\u00f3n a dicha Sentencia, se establecen las siguientes premisas para determinar la existencia de una relaci\u00f3n laboral o no de un deportista.<\/p>\n<h2>\u00bfQu\u00e9 diferencia a un deportista profesional de un amateur?<\/h2>\n<p><strong>1.Recae sobre la entidad deportiva la carga de la prueba sobre la naturaleza compensatoria<\/strong> de las cantidades que se abonan por los gastos en los que el deportista tiene que incurrir por la pr\u00e1ctica de la actividad deportiva.<\/p>\n<p><strong>2. Es irrelevante la calificaci\u00f3n jur\u00eddica<\/strong> -como deportista profesional o aficionado- que al efecto pudieran haber hecho las partes, puesto que los contratos tienen la naturaleza que se deriva de su real contenido obligacional. Igualmente, es irrelevante la calificaci\u00f3n que otorguen las partes a las cantidades percibidas (compensaci\u00f3n o retribuci\u00f3n), no determina la naturaleza jur\u00eddica de las mismas.<\/p>\n<p><strong>3. La periodicidad y uniformidad en el devengo de dichas cantidades<\/strong> puede ser un indicio de su naturaleza retributiva, frente a la irregularidad y variabilidad que son propias de las compensaciones de gastos.<\/p>\n<p><strong>4. El hecho de que premie el trabajo o los estudios<\/strong> podr\u00eda ser un indicio de que no nos encontramos ante una relaci\u00f3n laboral.<\/p>\n<p><strong>5. Para el supuesto de que las partes hayan firmado un documento contractual<\/strong> o de condiciones en el que se regule la relaci\u00f3n entre las partes, es importante para determinar la laboralidad o no si se pactan indemnizaciones en caso de extinci\u00f3n del contrato, libertad de marcharse a otro club o si el jugador es cedido a otro Club y si por dicha cesi\u00f3n es retribuido.<\/p>\n<h2>Retribuci\u00f3n fija mensual<\/h2>\n<p>En conclusi\u00f3n, siempre que la <strong>prestaci\u00f3n del servicio deportivo<\/strong> se preste en las condiciones previstas en el art. 1 RD 1006\/1985. Es decir, con <strong>sometimiento a la direcci\u00f3n<\/strong> y disciplina del Club, percibiendo una <strong>retribuci\u00f3n fija mensual<\/strong>, sin que se acredite que las cantidades abonadas sufragaran los <strong>gastos derivados de desplazamientos, dietas, vestimenta<\/strong>, etc.. Todo ello constituye un indicio m\u00e1s que suficiente de la naturaleza retributiva salarial (seg\u00fan art\u00edculo 26.1 del Estatuto de los Trabajadores), y consecuente relaci\u00f3n laboral de car\u00e1cter especial.<\/p>\n<p><strong>Si quieres ampliar informaci\u00f3n en esta materia consulta en <\/strong><strong>este enlace<\/strong><strong> el art\u00edculo \u00ab<\/strong> <strong>\u00bfAmateur o deportista profesional?\u00bb de Jaime Y\u00e9lamos \u00a0(<\/strong><a href=\"https:\/\/maabogados.com\/\" target=\"_blank\" rel=\"noopener noreferrer\"><strong>MA ABOGADOS<\/strong><\/a><strong>) que te ofrece <\/strong><strong>Capital Humano,<\/strong><strong> la publicaci\u00f3n de referencia en gesti\u00f3n de RRHH: direcci\u00f3n, organizaci\u00f3n, selecci\u00f3n, formaci\u00f3n, gesti\u00f3n del talento, motivaci\u00f3n\u2026<\/strong><\/p>\n","protected":false},"excerpt":{"rendered":"<p>En el deporte profesional, hasta llegar a ser considerado deportista profesional hay un largo camino que, como es<a class=\"moretag\" href=\"https:\/\/empresas.infoempleo.com\/hrtrends\/deportista-profesional-o-amateur-relaciones-laborales\/\"> Leer m\u00e1s<\/a><\/p>\n","protected":false},"author":126,"featured_media":38688,"comment_status":"closed","ping_status":"closed","sticky":false,"template":"","format":"standard","meta":{"footnotes":""},"categories":[3],"tags":[3467,3159,3468],"class_list":["post-38674","post","type-post","status-publish","format-standard","has-post-thumbnail","hentry","category-actualidad","tag-deportista-profesional","tag-legal","tag-servicios-deportivos"],"yoast_head":"<!-- This site is optimized with the Yoast SEO plugin v26.1.1 - https:\/\/yoast.com\/wordpress\/plugins\/seo\/ -->\n<title>Deportista profesional o amateur: \u00bfC\u00f3mo se regulan sus relaciones laborales? | HRTRENDS<\/title>\n<meta name=\"description\" content=\"Qu\u00e9 dice la legislaci\u00f3n laboral espa\u00f1ola acerca de las obligaciones y derechos que diferencian a un deportista profesional de un deportista amateur\" \/>\n<meta name=\"robots\" content=\"index, follow, max-snippet:-1, max-image-preview:large, max-video-preview:-1\" \/>\n<link rel=\"canonical\" href=\"https:\/\/empresas.infoempleo.com\/hrtrends\/deportista-profesional-o-amateur-relaciones-laborales\/\" \/>\n<meta property=\"og:locale\" content=\"es_ES\" \/>\n<meta property=\"og:type\" content=\"article\" \/>\n<meta property=\"og:title\" content=\"Deportista profesional o amateur: \u00bfC\u00f3mo se regulan sus relaciones laborales? | HRTRENDS\" \/>\n<meta property=\"og:description\" content=\"Qu\u00e9 dice la legislaci\u00f3n laboral espa\u00f1ola acerca de las obligaciones y derechos que diferencian a un deportista profesional de un deportista amateur\" \/>\n<meta property=\"og:url\" content=\"https:\/\/empresas.infoempleo.com\/hrtrends\/deportista-profesional-o-amateur-relaciones-laborales\/\" \/>\n<meta property=\"og:site_name\" content=\"HRTRENDS\" \/>\n<meta property=\"article:publisher\" content=\"https:\/\/www.facebook.com\/Infoempleo\" \/>\n<meta property=\"article:published_time\" content=\"2021-05-20T05:30:30+00:00\" \/>\n<meta property=\"article:modified_time\" content=\"2024-09-13T14:09:24+00:00\" \/>\n<meta property=\"og:image\" content=\"https:\/\/empresas.infoempleo.com\/hrtrends\/media\/2021\/05\/HRTrends-deportista-profesional.jpg\" \/>\n\t<meta property=\"og:image:width\" content=\"980\" \/>\n\t<meta property=\"og:image:height\" content=\"600\" \/>\n\t<meta property=\"og:image:type\" content=\"image\/jpeg\" \/>\n<meta name=\"author\" content=\"Capital Humano\" \/>\n<meta name=\"twitter:card\" content=\"summary_large_image\" \/>\n<meta name=\"twitter:creator\" content=\"@infoempleo\" \/>\n<meta name=\"twitter:site\" content=\"@infoempleo\" \/>\n<meta name=\"twitter:label1\" content=\"Escrito por\" \/>\n\t<meta name=\"twitter:data1\" content=\"Capital Humano\" \/>\n\t<meta name=\"twitter:label2\" content=\"Tiempo de lectura\" \/>\n\t<meta name=\"twitter:data2\" content=\"4 minutos\" \/>\n<script type=\"application\/ld+json\" class=\"yoast-schema-graph\">{\"@context\":\"https:\/\/schema.org\",\"@graph\":[{\"@type\":\"NewsArticle\",\"@id\":\"https:\/\/empresas.infoempleo.com\/hrtrends\/deportista-profesional-o-amateur-relaciones-laborales\/#article\",\"isPartOf\":{\"@id\":\"https:\/\/empresas.infoempleo.com\/hrtrends\/deportista-profesional-o-amateur-relaciones-laborales\/\"},\"author\":{\"name\":\"Capital Humano\",\"@id\":\"https:\/\/empresas.infoempleo.com\/hrtrends\/#\/schema\/person\/45866f6223ec1e02c0d4dfb7f502354d\"},\"headline\":\"Deportista profesional o amateur: \u00bfC\u00f3mo se regulan sus relaciones laborales?\",\"datePublished\":\"2021-05-20T05:30:30+00:00\",\"dateModified\":\"2024-09-13T14:09:24+00:00\",\"mainEntityOfPage\":{\"@id\":\"https:\/\/empresas.infoempleo.com\/hrtrends\/deportista-profesional-o-amateur-relaciones-laborales\/\"},\"wordCount\":853,\"publisher\":{\"@id\":\"https:\/\/empresas.infoempleo.com\/hrtrends\/#organization\"},\"image\":{\"@id\":\"https:\/\/empresas.infoempleo.com\/hrtrends\/deportista-profesional-o-amateur-relaciones-laborales\/#primaryimage\"},\"thumbnailUrl\":\"https:\/\/empresas.infoempleo.com\/hrtrends\/media\/2021\/05\/HRTrends-deportista-profesional.jpg\",\"keywords\":[\"deportista profesional\",\"legal\",\"servicios deportivos\"],\"articleSection\":[\"Actualidad\"],\"inLanguage\":\"es\",\"copyrightYear\":\"2021\",\"copyrightHolder\":{\"@id\":\"https:\/\/empresas.infoempleo.com\/hrtrends\/#organization\"}},{\"@type\":\"WebPage\",\"@id\":\"https:\/\/empresas.infoempleo.com\/hrtrends\/deportista-profesional-o-amateur-relaciones-laborales\/\",\"url\":\"https:\/\/empresas.infoempleo.com\/hrtrends\/deportista-profesional-o-amateur-relaciones-laborales\/\",\"name\":\"Deportista profesional o amateur: \u00bfC\u00f3mo se regulan sus relaciones laborales? | HRTRENDS\",\"isPartOf\":{\"@id\":\"https:\/\/empresas.infoempleo.com\/hrtrends\/#website\"},\"primaryImageOfPage\":{\"@id\":\"https:\/\/empresas.infoempleo.com\/hrtrends\/deportista-profesional-o-amateur-relaciones-laborales\/#primaryimage\"},\"image\":{\"@id\":\"https:\/\/empresas.infoempleo.com\/hrtrends\/deportista-profesional-o-amateur-relaciones-laborales\/#primaryimage\"},\"thumbnailUrl\":\"https:\/\/empresas.infoempleo.com\/hrtrends\/media\/2021\/05\/HRTrends-deportista-profesional.jpg\",\"datePublished\":\"2021-05-20T05:30:30+00:00\",\"dateModified\":\"2024-09-13T14:09:24+00:00\",\"description\":\"Qu\u00e9 dice la legislaci\u00f3n laboral espa\u00f1ola acerca de las obligaciones y derechos que diferencian a un deportista profesional de un deportista amateur\",\"breadcrumb\":{\"@id\":\"https:\/\/empresas.infoempleo.com\/hrtrends\/deportista-profesional-o-amateur-relaciones-laborales\/#breadcrumb\"},\"inLanguage\":\"es\",\"potentialAction\":[{\"@type\":\"ReadAction\",\"target\":[\"https:\/\/empresas.infoempleo.com\/hrtrends\/deportista-profesional-o-amateur-relaciones-laborales\/\"]}]},{\"@type\":\"ImageObject\",\"inLanguage\":\"es\",\"@id\":\"https:\/\/empresas.infoempleo.com\/hrtrends\/deportista-profesional-o-amateur-relaciones-laborales\/#primaryimage\",\"url\":\"https:\/\/empresas.infoempleo.com\/hrtrends\/media\/2021\/05\/HRTrends-deportista-profesional-150x150.jpg\",\"contentUrl\":\"https:\/\/empresas.infoempleo.com\/hrtrends\/media\/2021\/05\/HRTrends-deportista-profesional-150x150.jpg\",\"width\":150,\"height\":150,\"caption\":\"Nadadores en un entrenamiento propio de deportista profesional\"},{\"@type\":\"BreadcrumbList\",\"@id\":\"https:\/\/empresas.infoempleo.com\/hrtrends\/deportista-profesional-o-amateur-relaciones-laborales\/#breadcrumb\",\"itemListElement\":[{\"@type\":\"ListItem\",\"position\":1,\"name\":\"Portada\",\"item\":\"https:\/\/empresas.infoempleo.com\/hrtrends\/\"},{\"@type\":\"ListItem\",\"position\":2,\"name\":\"Deportista profesional o amateur: \u00bfC\u00f3mo se regulan sus relaciones laborales?\"}]},{\"@type\":\"WebSite\",\"@id\":\"https:\/\/empresas.infoempleo.com\/hrtrends\/#website\",\"url\":\"https:\/\/empresas.infoempleo.com\/hrtrends\",\"name\":\"HRTrends by Infoempleo\",\"description\":\"\",\"publisher\":{\"@id\":\"https:\/\/empresas.infoempleo.com\/hrtrends\/#organization\"},\"potentialAction\":{\"@type\":\"SearchAction\",\"target\":\"https:\/\/empresas.infoempleo.com\/hrtrends\/?s={search_term_string}\",\"query-input\":\"required name=search_term_string\"},\"inLanguage\":\"es\"},{\"@type\":\"Organization\",\"@id\":\"https:\/\/empresas.infoempleo.com\/hrtrends\/#organization\",\"name\":\"Infoempleo\",\"url\":\"https:\/\/www.infoempleo.com\/\",\"logo\":{\"@type\":\"ImageObject\",\"@id\":\"https:\/\/empresas.infoempleo.com\/hrtrends\/#logo\",\"inLanguage\":\"es\",\"url\":\"https:\/\/cdnazure.infoempleo.com\/infoempleo\/assets\/style\/gfx\/logo.svg\",\"contentUrl\":\"https:\/\/cdnazure.infoempleo.com\/infoempleo\/assets\/style\/gfx\/logo.svg\",\"width\":150,\"height\":40,\"caption\":\"Infoempleo\"},\"image\":{\"@id\":\"https:\/\/empresas.infoempleo.com\/hrtrends\/#logo\"},\"sameAs\":[\"https:\/\/www.facebook.com\/Infoempleo\",\"https:\/\/x.com\/infoempleo\",\"http:\/\/instagram.com\/infoempleo\/\",\"http:\/\/www.linkedin.com\/groups\/Empleo-Espa\u00f1a-Infoempleocom-111276\",\"http:\/\/pinterest.com\/infoempleo\/\"],\"address\":{\"@type\":\"PostalAddress\",\"addressLocality\":\"Madrid\",\"postalCode\":\"28050\",\"streetAddress\":\"Avenida de Burgos 114\"},\"brand\":[\"Infoempleo\"]},{\"@type\":\"Person\",\"@id\":\"https:\/\/empresas.infoempleo.com\/hrtrends\/#\/schema\/person\/45866f6223ec1e02c0d4dfb7f502354d\",\"name\":\"Capital Humano\",\"image\":{\"@type\":\"ImageObject\",\"inLanguage\":\"es\",\"@id\":\"https:\/\/empresas.infoempleo.com\/hrtrends\/#\/schema\/person\/image\/\",\"url\":\"https:\/\/secure.gravatar.com\/avatar\/6b5b4c3d2e920ab7e4962ad63accd57728c2092bf0383a312748e472e61c6be4?s=96&d=mm&r=g\",\"contentUrl\":\"https:\/\/secure.gravatar.com\/avatar\/6b5b4c3d2e920ab7e4962ad63accd57728c2092bf0383a312748e472e61c6be4?s=96&d=mm&r=g\",\"caption\":\"Capital Humano\"},\"description\":\"La publicaci\u00f3n de referencia en gesti\u00f3n de RRHH: direcci\u00f3n, organizaci\u00f3n, selecci\u00f3n, formaci\u00f3n, gesti\u00f3n del talento, motivaci\u00f3n... con 30 a\u00f1os de trayectoria, tiene en enfoque de m\u00e1xima utilidad con numerosos casos pr\u00e1cticos de empresas y administraciones p\u00fablicas para contribuir a la modernizaci\u00f3n y mejora de las t\u00e9cnicas de los RRHH. http:\/\/capitalhumano.wolterskluwer.es\/Content\/Inicio.aspx\",\"sameAs\":[\"http:\/\/capitalhumano.wolterskluwer.es\/Content\/Inicio.aspx\"],\"url\":\"https:\/\/empresas.infoempleo.com\/hrtrends\/author\/wketrends\/\"}]}<\/script>\n<!-- \/ Yoast SEO plugin. -->","yoast_head_json":{"title":"Deportista profesional o amateur: \u00bfC\u00f3mo se regulan sus relaciones laborales? | HRTRENDS","description":"Qu\u00e9 dice la legislaci\u00f3n laboral espa\u00f1ola acerca de las obligaciones y derechos que diferencian a un deportista profesional de un deportista amateur","robots":{"index":"index","follow":"follow","max-snippet":"max-snippet:-1","max-image-preview":"max-image-preview:large","max-video-preview":"max-video-preview:-1"},"canonical":"https:\/\/empresas.infoempleo.com\/hrtrends\/deportista-profesional-o-amateur-relaciones-laborales\/","og_locale":"es_ES","og_type":"article","og_title":"Deportista profesional o amateur: \u00bfC\u00f3mo se regulan sus relaciones laborales? | HRTRENDS","og_description":"Qu\u00e9 dice la legislaci\u00f3n laboral espa\u00f1ola acerca de las obligaciones y derechos que diferencian a un deportista profesional de un deportista amateur","og_url":"https:\/\/empresas.infoempleo.com\/hrtrends\/deportista-profesional-o-amateur-relaciones-laborales\/","og_site_name":"HRTRENDS","article_publisher":"https:\/\/www.facebook.com\/Infoempleo","article_published_time":"2021-05-20T05:30:30+00:00","article_modified_time":"2024-09-13T14:09:24+00:00","og_image":[{"width":980,"height":600,"url":"https:\/\/empresas.infoempleo.com\/hrtrends\/media\/2021\/05\/HRTrends-deportista-profesional.jpg","type":"image\/jpeg"}],"author":"Capital Humano","twitter_card":"summary_large_image","twitter_creator":"@infoempleo","twitter_site":"@infoempleo","twitter_misc":{"Escrito por":"Capital Humano","Tiempo de lectura":"4 minutos"},"schema":{"@context":"https:\/\/schema.org","@graph":[{"@type":"NewsArticle","@id":"https:\/\/empresas.infoempleo.com\/hrtrends\/deportista-profesional-o-amateur-relaciones-laborales\/#article","isPartOf":{"@id":"https:\/\/empresas.infoempleo.com\/hrtrends\/deportista-profesional-o-amateur-relaciones-laborales\/"},"author":{"name":"Capital Humano","@id":"https:\/\/empresas.infoempleo.com\/hrtrends\/#\/schema\/person\/45866f6223ec1e02c0d4dfb7f502354d"},"headline":"Deportista profesional o amateur: \u00bfC\u00f3mo se regulan sus relaciones laborales?","datePublished":"2021-05-20T05:30:30+00:00","dateModified":"2024-09-13T14:09:24+00:00","mainEntityOfPage":{"@id":"https:\/\/empresas.infoempleo.com\/hrtrends\/deportista-profesional-o-amateur-relaciones-laborales\/"},"wordCount":853,"publisher":{"@id":"https:\/\/empresas.infoempleo.com\/hrtrends\/#organization"},"image":{"@id":"https:\/\/empresas.infoempleo.com\/hrtrends\/deportista-profesional-o-amateur-relaciones-laborales\/#primaryimage"},"thumbnailUrl":"https:\/\/empresas.infoempleo.com\/hrtrends\/media\/2021\/05\/HRTrends-deportista-profesional.jpg","keywords":["deportista profesional","legal","servicios deportivos"],"articleSection":["Actualidad"],"inLanguage":"es","copyrightYear":"2021","copyrightHolder":{"@id":"https:\/\/empresas.infoempleo.com\/hrtrends\/#organization"}},{"@type":"WebPage","@id":"https:\/\/empresas.infoempleo.com\/hrtrends\/deportista-profesional-o-amateur-relaciones-laborales\/","url":"https:\/\/empresas.infoempleo.com\/hrtrends\/deportista-profesional-o-amateur-relaciones-laborales\/","name":"Deportista profesional o amateur: \u00bfC\u00f3mo se regulan sus relaciones laborales? | HRTRENDS","isPartOf":{"@id":"https:\/\/empresas.infoempleo.com\/hrtrends\/#website"},"primaryImageOfPage":{"@id":"https:\/\/empresas.infoempleo.com\/hrtrends\/deportista-profesional-o-amateur-relaciones-laborales\/#primaryimage"},"image":{"@id":"https:\/\/empresas.infoempleo.com\/hrtrends\/deportista-profesional-o-amateur-relaciones-laborales\/#primaryimage"},"thumbnailUrl":"https:\/\/empresas.infoempleo.com\/hrtrends\/media\/2021\/05\/HRTrends-deportista-profesional.jpg","datePublished":"2021-05-20T05:30:30+00:00","dateModified":"2024-09-13T14:09:24+00:00","description":"Qu\u00e9 dice la legislaci\u00f3n laboral espa\u00f1ola acerca de las obligaciones y derechos que diferencian a un deportista profesional de un deportista amateur","breadcrumb":{"@id":"https:\/\/empresas.infoempleo.com\/hrtrends\/deportista-profesional-o-amateur-relaciones-laborales\/#breadcrumb"},"inLanguage":"es","potentialAction":[{"@type":"ReadAction","target":["https:\/\/empresas.infoempleo.com\/hrtrends\/deportista-profesional-o-amateur-relaciones-laborales\/"]}]},{"@type":"ImageObject","inLanguage":"es","@id":"https:\/\/empresas.infoempleo.com\/hrtrends\/deportista-profesional-o-amateur-relaciones-laborales\/#primaryimage","url":"https:\/\/empresas.infoempleo.com\/hrtrends\/media\/2021\/05\/HRTrends-deportista-profesional-150x150.jpg","contentUrl":"https:\/\/empresas.infoempleo.com\/hrtrends\/media\/2021\/05\/HRTrends-deportista-profesional-150x150.jpg","width":150,"height":150,"caption":"Nadadores en un entrenamiento propio de deportista profesional"},{"@type":"BreadcrumbList","@id":"https:\/\/empresas.infoempleo.com\/hrtrends\/deportista-profesional-o-amateur-relaciones-laborales\/#breadcrumb","itemListElement":[{"@type":"ListItem","position":1,"name":"Portada","item":"https:\/\/empresas.infoempleo.com\/hrtrends\/"},{"@type":"ListItem","position":2,"name":"Deportista profesional o amateur: \u00bfC\u00f3mo se regulan sus relaciones laborales?"}]},{"@type":"WebSite","@id":"https:\/\/empresas.infoempleo.com\/hrtrends\/#website","url":"https:\/\/empresas.infoempleo.com\/hrtrends","name":"HRTrends by Infoempleo","description":"","publisher":{"@id":"https:\/\/empresas.infoempleo.com\/hrtrends\/#organization"},"potentialAction":{"@type":"SearchAction","target":"https:\/\/empresas.infoempleo.com\/hrtrends\/?s={search_term_string}","query-input":"required name=search_term_string"},"inLanguage":"es"},{"@type":"Organization","@id":"https:\/\/empresas.infoempleo.com\/hrtrends\/#organization","name":"Infoempleo","url":"https:\/\/www.infoempleo.com\/","logo":{"@type":"ImageObject","@id":"https:\/\/empresas.infoempleo.com\/hrtrends\/#logo","inLanguage":"es","url":"https:\/\/cdnazure.infoempleo.com\/infoempleo\/assets\/style\/gfx\/logo.svg","contentUrl":"https:\/\/cdnazure.infoempleo.com\/infoempleo\/assets\/style\/gfx\/logo.svg","width":150,"height":40,"caption":"Infoempleo"},"image":{"@id":"https:\/\/empresas.infoempleo.com\/hrtrends\/#logo"},"sameAs":["https:\/\/www.facebook.com\/Infoempleo","https:\/\/x.com\/infoempleo","http:\/\/instagram.com\/infoempleo\/","http:\/\/www.linkedin.com\/groups\/Empleo-Espa\u00f1a-Infoempleocom-111276","http:\/\/pinterest.com\/infoempleo\/"],"address":{"@type":"PostalAddress","addressLocality":"Madrid","postalCode":"28050","streetAddress":"Avenida de Burgos 114"},"brand":["Infoempleo"]},{"@type":"Person","@id":"https:\/\/empresas.infoempleo.com\/hrtrends\/#\/schema\/person\/45866f6223ec1e02c0d4dfb7f502354d","name":"Capital Humano","image":{"@type":"ImageObject","inLanguage":"es","@id":"https:\/\/empresas.infoempleo.com\/hrtrends\/#\/schema\/person\/image\/","url":"https:\/\/secure.gravatar.com\/avatar\/6b5b4c3d2e920ab7e4962ad63accd57728c2092bf0383a312748e472e61c6be4?s=96&d=mm&r=g","contentUrl":"https:\/\/secure.gravatar.com\/avatar\/6b5b4c3d2e920ab7e4962ad63accd57728c2092bf0383a312748e472e61c6be4?s=96&d=mm&r=g","caption":"Capital Humano"},"description":"La publicaci\u00f3n de referencia en gesti\u00f3n de RRHH: direcci\u00f3n, organizaci\u00f3n, selecci\u00f3n, formaci\u00f3n, gesti\u00f3n del talento, motivaci\u00f3n... con 30 a\u00f1os de trayectoria, tiene en enfoque de m\u00e1xima utilidad con numerosos casos pr\u00e1cticos de empresas y administraciones p\u00fablicas para contribuir a la modernizaci\u00f3n y mejora de las t\u00e9cnicas de los RRHH. http:\/\/capitalhumano.wolterskluwer.es\/Content\/Inicio.aspx","sameAs":["http:\/\/capitalhumano.wolterskluwer.es\/Content\/Inicio.aspx"],"url":"https:\/\/empresas.infoempleo.com\/hrtrends\/author\/wketrends\/"}]}},"amp_enabled":true,"_links":{"self":[{"href":"https:\/\/empresas.infoempleo.com\/hrtrends\/wp-json\/wp\/v2\/posts\/38674","targetHints":{"allow":["GET"]}}],"collection":[{"href":"https:\/\/empresas.infoempleo.com\/hrtrends\/wp-json\/wp\/v2\/posts"}],"about":[{"href":"https:\/\/empresas.infoempleo.com\/hrtrends\/wp-json\/wp\/v2\/types\/post"}],"author":[{"embeddable":true,"href":"https:\/\/empresas.infoempleo.com\/hrtrends\/wp-json\/wp\/v2\/users\/126"}],"replies":[{"embeddable":true,"href":"https:\/\/empresas.infoempleo.com\/hrtrends\/wp-json\/wp\/v2\/comments?post=38674"}],"version-history":[{"count":11,"href":"https:\/\/empresas.infoempleo.com\/hrtrends\/wp-json\/wp\/v2\/posts\/38674\/revisions"}],"predecessor-version":[{"id":45731,"href":"https:\/\/empresas.infoempleo.com\/hrtrends\/wp-json\/wp\/v2\/posts\/38674\/revisions\/45731"}],"wp:featuredmedia":[{"embeddable":true,"href":"https:\/\/empresas.infoempleo.com\/hrtrends\/wp-json\/wp\/v2\/media\/38688"}],"wp:attachment":[{"href":"https:\/\/empresas.infoempleo.com\/hrtrends\/wp-json\/wp\/v2\/media?parent=38674"}],"wp:term":[{"taxonomy":"category","embeddable":true,"href":"https:\/\/empresas.infoempleo.com\/hrtrends\/wp-json\/wp\/v2\/categories?post=38674"},{"taxonomy":"post_tag","embeddable":true,"href":"https:\/\/empresas.infoempleo.com\/hrtrends\/wp-json\/wp\/v2\/tags?post=38674"}],"curies":[{"name":"wp","href":"https:\/\/api.w.org\/{rel}","templated":true}]}}