{"id":38655,"date":"2021-05-10T07:30:11","date_gmt":"2021-05-10T05:30:11","guid":{"rendered":"https:\/\/empresas.infoempleo.com\/hrtrends\/?p=38655"},"modified":"2021-05-07T20:08:39","modified_gmt":"2021-05-07T18:08:39","slug":"estrategias-seo-que-potenciaran-tu-marca-empleadora","status":"publish","type":"post","link":"https:\/\/empresas.infoempleo.com\/hrtrends\/estrategias-seo-que-potenciaran-tu-marca-empleadora\/","title":{"rendered":"Estrategias SEO que potenciar\u00e1n tu marca empleadora"},"content":{"rendered":"<p>Dominar el <strong>SEO<\/strong> se ha convertido en una actividad <strong>profesional<\/strong>, pues avanza y cambia a gran velocidad. Sin embargo, aqu\u00ed puedes encontrar algunas <strong>claves<\/strong> para potenciar la marca. En concreto, <strong>integrando<\/strong> las estrategias SEO a tu <strong>plan de comunicaci\u00f3n<\/strong>, obtendr\u00e1s beneficios tras aumentar la visibilidad y el tr\u00e1fico de tu web porque incrementar\u00e1n de manera proporcional las posibilidades de <strong>atraer el talento cualificado<\/strong> que necesitas.<\/p>\n<p><!--more--><\/p>\n<h2>Estrategias SEO para integrar en tu comunicaci\u00f3n<\/h2>\n<p>A estas alturas ya sabr\u00e1s que el <strong>SEO <em>branding<\/em><\/strong> es la <strong>capacidad<\/strong> que tiene una marca para ser <strong>visible<\/strong> en los <strong>buscadores<\/strong> y, en tu caso, atraer el talento como marca empleadora. Integrar el SEO en tu estrategia de comunicaci\u00f3n aumentar\u00e1 el n\u00famero de visitas a tu web, con mayores posibilidades de conversiones y, por tanto, te <strong>ahorrar\u00e1 inversi\u00f3n<\/strong> en publicidad.<\/p>\n<p>Es fundamental que distingas desde el principio de la integraci\u00f3n del SEO como herramienta en tu estrategia de comunicaci\u00f3n. El <strong>algoritmo distingue<\/strong> entre marcas con <strong>competidores<\/strong> del sector posicionados y las que aparecen en un momento en el que a\u00fan no existe otra empresa relevante o famosa.<\/p>\n<p>Para obtener resultados debes combinar las estrategias <em>onpage<\/em> y adem\u00e1s las <em>offpage<\/em>, centr\u00e1ndote en la <strong>arquitectura web<\/strong>, en <strong>contenidos originales<\/strong> y obteniendo <strong>enlaces de calidad<\/strong>. Una de las claves es el <strong><em>blogging<\/em> corporativo<\/strong> para atraer y <a href=\"https:\/\/empresas.infoempleo.com\/hrtrends\/planes-de-fidelizacion-talento-estable\/\"><strong>fidelizar<\/strong><\/a> a tu audiencia. Los l\u00edmites en la generaci\u00f3n de contenidos los pones t\u00fa: v\u00eddeos propios, infograf\u00edas o podcast son bienvenidos.<\/p>\n<p><img loading=\"lazy\" decoding=\"async\" class=\"aligncenter size-full wp-image-38661\" src=\"https:\/\/empresas.infoempleo.com\/hrtrends\/media\/2021\/05\/HRTrends_Estrategia-SEO.jpg\" alt=\"Estrategias SEO para integrar en tu comunicaci\u00f3n\" width=\"800\" height=\"329\" srcset=\"https:\/\/empresas.infoempleo.com\/hrtrends\/media\/2021\/05\/HRTrends_Estrategia-SEO.jpg 800w, https:\/\/empresas.infoempleo.com\/hrtrends\/media\/2021\/05\/HRTrends_Estrategia-SEO-300x123.jpg 300w, https:\/\/empresas.infoempleo.com\/hrtrends\/media\/2021\/05\/HRTrends_Estrategia-SEO-768x316.jpg 768w\" sizes=\"auto, (max-width: 800px) 100vw, 800px\" \/><\/p>\n<h2>Apl\u00edcalo para tu <em>employer branding<\/em><\/h2>\n<p>Una vez claros los <strong>beneficios y ventajas<\/strong> de trabajar el SEO para potenciar la marca, atraer y retener talento cualificado y mejorar el rendimiento y la imagen de la empresa, toca ponerse manos a la obra. Como toda teor\u00eda es muy \u00fatil, pero ahora es el momento de ponerla en pr\u00e1ctica y para ello solo tienes que seguir estos <strong><em>tips<\/em><\/strong>:<\/p>\n<ul>\n<li>Encuentra las <strong>palabras clave<\/strong> que definen a una buena marca empleadora y postea centr\u00e1ndote en ellas. Por ejemplo: \u201c<a href=\"https:\/\/empresas.infoempleo.com\/hrtrends\/como-reconocer-la-valia-profesional\/\"><strong>salario emocional<\/strong><\/a>\u201d, \u201cbuen ambiente laboral\u201d, \u201cexperiencia del empleado\u201d o \u201c<em>smart working<\/em>\u201d.<\/li>\n<li>Genera <strong>contenido<\/strong> que resulte <strong>atractivo<\/strong> para los posibles candidatos a partir de palabras clave que est\u00e9n dentro del \u00e1mbito de la <strong>actualidad del sector<\/strong>. Ahora, por ejemplo, ser\u00eda \u201cteletrabajo\u201d.<\/li>\n<li><strong>Optimiza la descripci\u00f3n<\/strong> de tu p\u00e1gina de identidad corporativa. Deja claro que lo ofrece tu compa\u00f1\u00eda, hace que sea la mejor opci\u00f3n para buscar empleo.<\/li>\n<li>Optimiza los textos de todas las <strong>p\u00e1ginas de servicios<\/strong>. Describe con coherencia cu\u00e1les son las ventajas que ofreces al talento cualificado.<\/li>\n<li>Recuerda que las <strong>redes sociales<\/strong> tambi\u00e9n posicionan, as\u00ed que elige bien el nombre de la marca y trabaja en paralelo la imagen y los contenidos de cada canal.<\/li>\n<li>Crea un <strong><em>guest blogging<\/em><\/strong>, donde con cierta periodicidad un autor invitado y reconocido en el sector escriba sobre un tema de actualidad.<\/li>\n<li>Produce <strong>documentos propios<\/strong>: gu\u00edas, tutoriales o manuales con consejos. Cuanto m\u00e1s \u00fatil sea la informaci\u00f3n, m\u00e1s se va a compartir y mayor tr\u00e1fico entrar\u00e1 en la web de tu compa\u00f1\u00eda.<\/li>\n<li>Participa en <strong>foros especializados<\/strong>, comentando en hilos que indexen en el sector laboral.<\/li>\n<\/ul>\n","protected":false},"excerpt":{"rendered":"<p>Dominar el SEO se ha convertido en una actividad profesional, pues avanza y cambia a gran velocidad. Sin<a class=\"moretag\" href=\"https:\/\/empresas.infoempleo.com\/hrtrends\/estrategias-seo-que-potenciaran-tu-marca-empleadora\/\"> Leer m\u00e1s<\/a><\/p>\n","protected":false},"author":136,"featured_media":38662,"comment_status":"closed","ping_status":"closed","sticky":false,"template":"","format":"standard","meta":{"footnotes":""},"categories":[3015],"tags":[2442,171,89],"class_list":["post-38655","post","type-post","status-publish","format-standard","has-post-thumbnail","hentry","category-recruiter-branding","tag-reclutamiento","tag-seleccion","tag-talento"],"yoast_head":"<!-- This site is optimized with the Yoast SEO plugin v26.1.1 - https:\/\/yoast.com\/wordpress\/plugins\/seo\/ -->\n<title>Estrategias SEO que potenciar\u00e1n tu marca empleadora | HRTRENDS<\/title>\n<meta name=\"description\" content=\"Dominar el SEO se ha convertido en una actividad profesional. Sin embargo, aqu\u00ed puedes encontrar algunas claves para potenciar la marca.\" \/>\n<meta name=\"robots\" content=\"index, follow, max-snippet:-1, max-image-preview:large, max-video-preview:-1\" \/>\n<link rel=\"canonical\" href=\"https:\/\/empresas.infoempleo.com\/hrtrends\/estrategias-seo-que-potenciaran-tu-marca-empleadora\/\" \/>\n<meta property=\"og:locale\" content=\"es_ES\" \/>\n<meta property=\"og:type\" content=\"article\" \/>\n<meta property=\"og:title\" content=\"Estrategias SEO que potenciar\u00e1n tu marca empleadora | HRTRENDS\" \/>\n<meta property=\"og:description\" content=\"Dominar el SEO se ha convertido en una actividad profesional. Sin embargo, aqu\u00ed puedes encontrar algunas claves para potenciar la marca.\" \/>\n<meta property=\"og:url\" content=\"https:\/\/empresas.infoempleo.com\/hrtrends\/estrategias-seo-que-potenciaran-tu-marca-empleadora\/\" \/>\n<meta property=\"og:site_name\" content=\"HRTRENDS\" \/>\n<meta property=\"article:publisher\" content=\"https:\/\/www.facebook.com\/Infoempleo\" \/>\n<meta property=\"article:published_time\" content=\"2021-05-10T05:30:11+00:00\" \/>\n<meta property=\"og:image\" content=\"https:\/\/empresas.infoempleo.com\/hrtrends\/media\/2021\/05\/HRTrends_Consejos-SEO-empresa.jpg\" \/>\n\t<meta property=\"og:image:width\" content=\"881\" \/>\n\t<meta property=\"og:image:height\" content=\"496\" \/>\n\t<meta property=\"og:image:type\" content=\"image\/jpeg\" \/>\n<meta name=\"author\" content=\"Raquel Hern\u00e1ndez\" \/>\n<meta name=\"twitter:card\" content=\"summary_large_image\" \/>\n<meta name=\"twitter:creator\" content=\"@infoempleo\" \/>\n<meta name=\"twitter:site\" content=\"@infoempleo\" \/>\n<meta name=\"twitter:label1\" content=\"Escrito por\" \/>\n\t<meta name=\"twitter:data1\" content=\"Raquel Hern\u00e1ndez\" \/>\n\t<meta name=\"twitter:label2\" content=\"Tiempo de lectura\" \/>\n\t<meta name=\"twitter:data2\" content=\"3 minutos\" \/>\n<script type=\"application\/ld+json\" class=\"yoast-schema-graph\">{\"@context\":\"https:\/\/schema.org\",\"@graph\":[{\"@type\":\"NewsArticle\",\"@id\":\"https:\/\/empresas.infoempleo.com\/hrtrends\/estrategias-seo-que-potenciaran-tu-marca-empleadora\/#article\",\"isPartOf\":{\"@id\":\"https:\/\/empresas.infoempleo.com\/hrtrends\/estrategias-seo-que-potenciaran-tu-marca-empleadora\/\"},\"author\":{\"name\":\"Raquel Hern\u00e1ndez\",\"@id\":\"https:\/\/empresas.infoempleo.com\/hrtrends\/#\/schema\/person\/fb2f949a1461ff0e9e15996d82d3a787\"},\"headline\":\"Estrategias SEO que potenciar\u00e1n tu marca empleadora\",\"datePublished\":\"2021-05-10T05:30:11+00:00\",\"mainEntityOfPage\":{\"@id\":\"https:\/\/empresas.infoempleo.com\/hrtrends\/estrategias-seo-que-potenciaran-tu-marca-empleadora\/\"},\"wordCount\":544,\"publisher\":{\"@id\":\"https:\/\/empresas.infoempleo.com\/hrtrends\/#organization\"},\"image\":{\"@id\":\"https:\/\/empresas.infoempleo.com\/hrtrends\/estrategias-seo-que-potenciaran-tu-marca-empleadora\/#primaryimage\"},\"thumbnailUrl\":\"https:\/\/empresas.infoempleo.com\/hrtrends\/media\/2021\/05\/HRTrends_Consejos-SEO-empresa.jpg\",\"keywords\":[\"reclutamiento\",\"selecci\u00f3n\",\"talento\"],\"articleSection\":[\"Recruiter branding\"],\"inLanguage\":\"es\",\"copyrightYear\":\"2021\",\"copyrightHolder\":{\"@id\":\"https:\/\/empresas.infoempleo.com\/hrtrends\/#organization\"}},{\"@type\":\"WebPage\",\"@id\":\"https:\/\/empresas.infoempleo.com\/hrtrends\/estrategias-seo-que-potenciaran-tu-marca-empleadora\/\",\"url\":\"https:\/\/empresas.infoempleo.com\/hrtrends\/estrategias-seo-que-potenciaran-tu-marca-empleadora\/\",\"name\":\"Estrategias SEO que potenciar\u00e1n tu marca empleadora | HRTRENDS\",\"isPartOf\":{\"@id\":\"https:\/\/empresas.infoempleo.com\/hrtrends\/#website\"},\"primaryImageOfPage\":{\"@id\":\"https:\/\/empresas.infoempleo.com\/hrtrends\/estrategias-seo-que-potenciaran-tu-marca-empleadora\/#primaryimage\"},\"image\":{\"@id\":\"https:\/\/empresas.infoempleo.com\/hrtrends\/estrategias-seo-que-potenciaran-tu-marca-empleadora\/#primaryimage\"},\"thumbnailUrl\":\"https:\/\/empresas.infoempleo.com\/hrtrends\/media\/2021\/05\/HRTrends_Consejos-SEO-empresa.jpg\",\"datePublished\":\"2021-05-10T05:30:11+00:00\",\"description\":\"Dominar el SEO se ha convertido en una actividad profesional. Sin embargo, aqu\u00ed puedes encontrar algunas claves para potenciar la marca.\",\"breadcrumb\":{\"@id\":\"https:\/\/empresas.infoempleo.com\/hrtrends\/estrategias-seo-que-potenciaran-tu-marca-empleadora\/#breadcrumb\"},\"inLanguage\":\"es\",\"potentialAction\":[{\"@type\":\"ReadAction\",\"target\":[\"https:\/\/empresas.infoempleo.com\/hrtrends\/estrategias-seo-que-potenciaran-tu-marca-empleadora\/\"]}]},{\"@type\":\"ImageObject\",\"inLanguage\":\"es\",\"@id\":\"https:\/\/empresas.infoempleo.com\/hrtrends\/estrategias-seo-que-potenciaran-tu-marca-empleadora\/#primaryimage\",\"url\":\"https:\/\/empresas.infoempleo.com\/hrtrends\/media\/2021\/05\/HRTrends_Consejos-SEO-empresa-150x150.jpg\",\"contentUrl\":\"https:\/\/empresas.infoempleo.com\/hrtrends\/media\/2021\/05\/HRTrends_Consejos-SEO-empresa-150x150.jpg\",\"width\":150,\"height\":150},{\"@type\":\"BreadcrumbList\",\"@id\":\"https:\/\/empresas.infoempleo.com\/hrtrends\/estrategias-seo-que-potenciaran-tu-marca-empleadora\/#breadcrumb\",\"itemListElement\":[{\"@type\":\"ListItem\",\"position\":1,\"name\":\"Portada\",\"item\":\"https:\/\/empresas.infoempleo.com\/hrtrends\/\"},{\"@type\":\"ListItem\",\"position\":2,\"name\":\"Estrategias SEO que potenciar\u00e1n tu marca empleadora\"}]},{\"@type\":\"WebSite\",\"@id\":\"https:\/\/empresas.infoempleo.com\/hrtrends\/#website\",\"url\":\"https:\/\/empresas.infoempleo.com\/hrtrends\",\"name\":\"HRTrends by Infoempleo\",\"description\":\"\",\"publisher\":{\"@id\":\"https:\/\/empresas.infoempleo.com\/hrtrends\/#organization\"},\"potentialAction\":{\"@type\":\"SearchAction\",\"target\":\"https:\/\/empresas.infoempleo.com\/hrtrends\/?s={search_term_string}\",\"query-input\":\"required name=search_term_string\"},\"inLanguage\":\"es\"},{\"@type\":\"Organization\",\"@id\":\"https:\/\/empresas.infoempleo.com\/hrtrends\/#organization\",\"name\":\"Infoempleo\",\"url\":\"https:\/\/www.infoempleo.com\/\",\"logo\":{\"@type\":\"ImageObject\",\"@id\":\"https:\/\/empresas.infoempleo.com\/hrtrends\/#logo\",\"inLanguage\":\"es\",\"url\":\"https:\/\/cdnazure.infoempleo.com\/infoempleo\/assets\/style\/gfx\/logo.svg\",\"contentUrl\":\"https:\/\/cdnazure.infoempleo.com\/infoempleo\/assets\/style\/gfx\/logo.svg\",\"width\":150,\"height\":40,\"caption\":\"Infoempleo\"},\"image\":{\"@id\":\"https:\/\/empresas.infoempleo.com\/hrtrends\/#logo\"},\"sameAs\":[\"https:\/\/www.facebook.com\/Infoempleo\",\"https:\/\/x.com\/infoempleo\",\"http:\/\/instagram.com\/infoempleo\/\",\"http:\/\/www.linkedin.com\/groups\/Empleo-Espa\u00f1a-Infoempleocom-111276\",\"http:\/\/pinterest.com\/infoempleo\/\"],\"address\":{\"@type\":\"PostalAddress\",\"addressLocality\":\"Madrid\",\"postalCode\":\"28050\",\"streetAddress\":\"Avenida de Burgos 114\"},\"brand\":[\"Infoempleo\"]},{\"@type\":\"Person\",\"@id\":\"https:\/\/empresas.infoempleo.com\/hrtrends\/#\/schema\/person\/fb2f949a1461ff0e9e15996d82d3a787\",\"name\":\"Raquel Hern\u00e1ndez\",\"image\":{\"@type\":\"ImageObject\",\"inLanguage\":\"es\",\"@id\":\"https:\/\/empresas.infoempleo.com\/hrtrends\/#\/schema\/person\/image\/\",\"url\":\"https:\/\/secure.gravatar.com\/avatar\/4ccd374b24ab5eefd1b7681d8be968df221a577fa3ffa9dc4bb4b537645dc6a2?s=96&d=mm&r=g\",\"contentUrl\":\"https:\/\/secure.gravatar.com\/avatar\/4ccd374b24ab5eefd1b7681d8be968df221a577fa3ffa9dc4bb4b537645dc6a2?s=96&d=mm&r=g\",\"caption\":\"Raquel Hern\u00e1ndez\"},\"description\":\"M\u00e1ster en Filosof\u00eda Contempor\u00e1nea y Diploma Experto en Salud y G\u00e9nero. Extensa experiencia profesional como directora y productora de eventos culturales, especializada en el sector editorial. Lectora profesional y redactora de contenidos relacionados con el empleo, la innovaci\u00f3n y la educaci\u00f3n.\",\"url\":\"https:\/\/empresas.infoempleo.com\/hrtrends\/author\/raquel-hernandez\/\"}]}<\/script>\n<!-- \/ Yoast SEO plugin. -->","yoast_head_json":{"title":"Estrategias SEO que potenciar\u00e1n tu marca empleadora | HRTRENDS","description":"Dominar el SEO se ha convertido en una actividad profesional. Sin embargo, aqu\u00ed puedes encontrar algunas claves para potenciar la marca.","robots":{"index":"index","follow":"follow","max-snippet":"max-snippet:-1","max-image-preview":"max-image-preview:large","max-video-preview":"max-video-preview:-1"},"canonical":"https:\/\/empresas.infoempleo.com\/hrtrends\/estrategias-seo-que-potenciaran-tu-marca-empleadora\/","og_locale":"es_ES","og_type":"article","og_title":"Estrategias SEO que potenciar\u00e1n tu marca empleadora | HRTRENDS","og_description":"Dominar el SEO se ha convertido en una actividad profesional. Sin embargo, aqu\u00ed puedes encontrar algunas claves para potenciar la marca.","og_url":"https:\/\/empresas.infoempleo.com\/hrtrends\/estrategias-seo-que-potenciaran-tu-marca-empleadora\/","og_site_name":"HRTRENDS","article_publisher":"https:\/\/www.facebook.com\/Infoempleo","article_published_time":"2021-05-10T05:30:11+00:00","og_image":[{"width":881,"height":496,"url":"https:\/\/empresas.infoempleo.com\/hrtrends\/media\/2021\/05\/HRTrends_Consejos-SEO-empresa.jpg","type":"image\/jpeg"}],"author":"Raquel Hern\u00e1ndez","twitter_card":"summary_large_image","twitter_creator":"@infoempleo","twitter_site":"@infoempleo","twitter_misc":{"Escrito por":"Raquel Hern\u00e1ndez","Tiempo de lectura":"3 minutos"},"schema":{"@context":"https:\/\/schema.org","@graph":[{"@type":"NewsArticle","@id":"https:\/\/empresas.infoempleo.com\/hrtrends\/estrategias-seo-que-potenciaran-tu-marca-empleadora\/#article","isPartOf":{"@id":"https:\/\/empresas.infoempleo.com\/hrtrends\/estrategias-seo-que-potenciaran-tu-marca-empleadora\/"},"author":{"name":"Raquel Hern\u00e1ndez","@id":"https:\/\/empresas.infoempleo.com\/hrtrends\/#\/schema\/person\/fb2f949a1461ff0e9e15996d82d3a787"},"headline":"Estrategias SEO que potenciar\u00e1n tu marca empleadora","datePublished":"2021-05-10T05:30:11+00:00","mainEntityOfPage":{"@id":"https:\/\/empresas.infoempleo.com\/hrtrends\/estrategias-seo-que-potenciaran-tu-marca-empleadora\/"},"wordCount":544,"publisher":{"@id":"https:\/\/empresas.infoempleo.com\/hrtrends\/#organization"},"image":{"@id":"https:\/\/empresas.infoempleo.com\/hrtrends\/estrategias-seo-que-potenciaran-tu-marca-empleadora\/#primaryimage"},"thumbnailUrl":"https:\/\/empresas.infoempleo.com\/hrtrends\/media\/2021\/05\/HRTrends_Consejos-SEO-empresa.jpg","keywords":["reclutamiento","selecci\u00f3n","talento"],"articleSection":["Recruiter branding"],"inLanguage":"es","copyrightYear":"2021","copyrightHolder":{"@id":"https:\/\/empresas.infoempleo.com\/hrtrends\/#organization"}},{"@type":"WebPage","@id":"https:\/\/empresas.infoempleo.com\/hrtrends\/estrategias-seo-que-potenciaran-tu-marca-empleadora\/","url":"https:\/\/empresas.infoempleo.com\/hrtrends\/estrategias-seo-que-potenciaran-tu-marca-empleadora\/","name":"Estrategias SEO que potenciar\u00e1n tu marca empleadora | HRTRENDS","isPartOf":{"@id":"https:\/\/empresas.infoempleo.com\/hrtrends\/#website"},"primaryImageOfPage":{"@id":"https:\/\/empresas.infoempleo.com\/hrtrends\/estrategias-seo-que-potenciaran-tu-marca-empleadora\/#primaryimage"},"image":{"@id":"https:\/\/empresas.infoempleo.com\/hrtrends\/estrategias-seo-que-potenciaran-tu-marca-empleadora\/#primaryimage"},"thumbnailUrl":"https:\/\/empresas.infoempleo.com\/hrtrends\/media\/2021\/05\/HRTrends_Consejos-SEO-empresa.jpg","datePublished":"2021-05-10T05:30:11+00:00","description":"Dominar el SEO se ha convertido en una actividad profesional. Sin embargo, aqu\u00ed puedes encontrar algunas claves para potenciar la marca.","breadcrumb":{"@id":"https:\/\/empresas.infoempleo.com\/hrtrends\/estrategias-seo-que-potenciaran-tu-marca-empleadora\/#breadcrumb"},"inLanguage":"es","potentialAction":[{"@type":"ReadAction","target":["https:\/\/empresas.infoempleo.com\/hrtrends\/estrategias-seo-que-potenciaran-tu-marca-empleadora\/"]}]},{"@type":"ImageObject","inLanguage":"es","@id":"https:\/\/empresas.infoempleo.com\/hrtrends\/estrategias-seo-que-potenciaran-tu-marca-empleadora\/#primaryimage","url":"https:\/\/empresas.infoempleo.com\/hrtrends\/media\/2021\/05\/HRTrends_Consejos-SEO-empresa-150x150.jpg","contentUrl":"https:\/\/empresas.infoempleo.com\/hrtrends\/media\/2021\/05\/HRTrends_Consejos-SEO-empresa-150x150.jpg","width":150,"height":150},{"@type":"BreadcrumbList","@id":"https:\/\/empresas.infoempleo.com\/hrtrends\/estrategias-seo-que-potenciaran-tu-marca-empleadora\/#breadcrumb","itemListElement":[{"@type":"ListItem","position":1,"name":"Portada","item":"https:\/\/empresas.infoempleo.com\/hrtrends\/"},{"@type":"ListItem","position":2,"name":"Estrategias SEO que potenciar\u00e1n tu marca empleadora"}]},{"@type":"WebSite","@id":"https:\/\/empresas.infoempleo.com\/hrtrends\/#website","url":"https:\/\/empresas.infoempleo.com\/hrtrends","name":"HRTrends by Infoempleo","description":"","publisher":{"@id":"https:\/\/empresas.infoempleo.com\/hrtrends\/#organization"},"potentialAction":{"@type":"SearchAction","target":"https:\/\/empresas.infoempleo.com\/hrtrends\/?s={search_term_string}","query-input":"required name=search_term_string"},"inLanguage":"es"},{"@type":"Organization","@id":"https:\/\/empresas.infoempleo.com\/hrtrends\/#organization","name":"Infoempleo","url":"https:\/\/www.infoempleo.com\/","logo":{"@type":"ImageObject","@id":"https:\/\/empresas.infoempleo.com\/hrtrends\/#logo","inLanguage":"es","url":"https:\/\/cdnazure.infoempleo.com\/infoempleo\/assets\/style\/gfx\/logo.svg","contentUrl":"https:\/\/cdnazure.infoempleo.com\/infoempleo\/assets\/style\/gfx\/logo.svg","width":150,"height":40,"caption":"Infoempleo"},"image":{"@id":"https:\/\/empresas.infoempleo.com\/hrtrends\/#logo"},"sameAs":["https:\/\/www.facebook.com\/Infoempleo","https:\/\/x.com\/infoempleo","http:\/\/instagram.com\/infoempleo\/","http:\/\/www.linkedin.com\/groups\/Empleo-Espa\u00f1a-Infoempleocom-111276","http:\/\/pinterest.com\/infoempleo\/"],"address":{"@type":"PostalAddress","addressLocality":"Madrid","postalCode":"28050","streetAddress":"Avenida de Burgos 114"},"brand":["Infoempleo"]},{"@type":"Person","@id":"https:\/\/empresas.infoempleo.com\/hrtrends\/#\/schema\/person\/fb2f949a1461ff0e9e15996d82d3a787","name":"Raquel Hern\u00e1ndez","image":{"@type":"ImageObject","inLanguage":"es","@id":"https:\/\/empresas.infoempleo.com\/hrtrends\/#\/schema\/person\/image\/","url":"https:\/\/secure.gravatar.com\/avatar\/4ccd374b24ab5eefd1b7681d8be968df221a577fa3ffa9dc4bb4b537645dc6a2?s=96&d=mm&r=g","contentUrl":"https:\/\/secure.gravatar.com\/avatar\/4ccd374b24ab5eefd1b7681d8be968df221a577fa3ffa9dc4bb4b537645dc6a2?s=96&d=mm&r=g","caption":"Raquel Hern\u00e1ndez"},"description":"M\u00e1ster en Filosof\u00eda Contempor\u00e1nea y Diploma Experto en Salud y G\u00e9nero. Extensa experiencia profesional como directora y productora de eventos culturales, especializada en el sector editorial. Lectora profesional y redactora de contenidos relacionados con el empleo, la innovaci\u00f3n y la educaci\u00f3n.","url":"https:\/\/empresas.infoempleo.com\/hrtrends\/author\/raquel-hernandez\/"}]}},"amp_enabled":true,"_links":{"self":[{"href":"https:\/\/empresas.infoempleo.com\/hrtrends\/wp-json\/wp\/v2\/posts\/38655","targetHints":{"allow":["GET"]}}],"collection":[{"href":"https:\/\/empresas.infoempleo.com\/hrtrends\/wp-json\/wp\/v2\/posts"}],"about":[{"href":"https:\/\/empresas.infoempleo.com\/hrtrends\/wp-json\/wp\/v2\/types\/post"}],"author":[{"embeddable":true,"href":"https:\/\/empresas.infoempleo.com\/hrtrends\/wp-json\/wp\/v2\/users\/136"}],"replies":[{"embeddable":true,"href":"https:\/\/empresas.infoempleo.com\/hrtrends\/wp-json\/wp\/v2\/comments?post=38655"}],"version-history":[{"count":2,"href":"https:\/\/empresas.infoempleo.com\/hrtrends\/wp-json\/wp\/v2\/posts\/38655\/revisions"}],"predecessor-version":[{"id":38663,"href":"https:\/\/empresas.infoempleo.com\/hrtrends\/wp-json\/wp\/v2\/posts\/38655\/revisions\/38663"}],"wp:featuredmedia":[{"embeddable":true,"href":"https:\/\/empresas.infoempleo.com\/hrtrends\/wp-json\/wp\/v2\/media\/38662"}],"wp:attachment":[{"href":"https:\/\/empresas.infoempleo.com\/hrtrends\/wp-json\/wp\/v2\/media?parent=38655"}],"wp:term":[{"taxonomy":"category","embeddable":true,"href":"https:\/\/empresas.infoempleo.com\/hrtrends\/wp-json\/wp\/v2\/categories?post=38655"},{"taxonomy":"post_tag","embeddable":true,"href":"https:\/\/empresas.infoempleo.com\/hrtrends\/wp-json\/wp\/v2\/tags?post=38655"}],"curies":[{"name":"wp","href":"https:\/\/api.w.org\/{rel}","templated":true}]}}