{"id":38553,"date":"2021-04-15T07:30:51","date_gmt":"2021-04-15T05:30:51","guid":{"rendered":"https:\/\/empresas.infoempleo.com\/hrtrends\/?p=38553"},"modified":"2024-09-13T16:09:19","modified_gmt":"2024-09-13T14:09:19","slug":"que-pasa-con-el-bonus-en-caso-de-baja","status":"publish","type":"post","link":"https:\/\/empresas.infoempleo.com\/hrtrends\/que-pasa-con-el-bonus-en-caso-de-baja\/","title":{"rendered":"\u00bfQu\u00e9 pasa con el Bonus en caso de baja?"},"content":{"rendered":"<p>Una reciente sentencia de la Sala de lo Social del Tribunal Supremo de 22 de octubre de 2020 aborda la cuesti\u00f3n del abono del <strong>Bonus en el caso de baja voluntaria del trabajador<\/strong>, pero tambi\u00e9n cita otras sentencias que tratan de distintos supuestos relativos al pago de citado incentivo.<\/p>\n<h2>Concepto y naturaleza del Bonus<\/h2>\n<p>El bonus o incentivo es una retribuci\u00f3n <strong>vinculada a la situaci\u00f3n y resultados de la empresa<\/strong>, dependiendo de la <strong>productividad<\/strong>, beneficios o cumplimiento de unos objetivos previamente establecidos. Su naturaleza es salarial.<\/p>\n<p>La existencia del Bonus, su cuant\u00eda, condiciones y m\u00e9todo de evaluaci\u00f3n depende de la voluntad del empresario, de un pacto entre las partes o de la negociaci\u00f3n colectiva.<\/p>\n<p>Habitualmente el bonus se devenga por a\u00f1os naturales.<\/p>\n<h2>El Bonus y la condici\u00f3n de permanencia<\/h2>\n<h3>Sin condici\u00f3n de permanencia<\/h3>\n<p>En algunas empresas no se exige, para percibir el incentivo, que el trabajador est\u00e9 de alta en la empresa en el momento del devengo del bonus, es decir el 31 de diciembre.<\/p>\n<p>La STS de 5 de mayo de 2009, concluye \u00abuna interpretaci\u00f3n l\u00f3gica y literal de la cl\u00e1usula contractual interpretada [&#8230;] nos muestra que la intenci\u00f3n de las partes fue establecer un complemento salarial de cuant\u00eda variable en funci\u00f3n de los objetivos conseguidos, lo que supone su devengo en proporci\u00f3n marcada.\u00bb Por tanto, se percibe en proporci\u00f3n al tiempo trabajado ese a\u00f1o.<\/p>\n<h3>Con condici\u00f3n de permanencia<\/h3>\n<p style=\"padding-left: 40px;\"><strong>\u00a0<\/strong><strong>a) Permanencia en el momento del devengo o del pago<\/strong><\/p>\n<p>El TS se ha pronunciado sobre este supuesto en su Sentencia de 2 de diciembre de 2015. El complemento se devengaba durante el a\u00f1o natural y se abonaba en el primer cuatrimestre del a\u00f1o siguiente. Esta condici\u00f3n es ilegal porque el salario ya devengado debe ser abonado en el lugar, y la fecha convenidos y su cobro no puede quedar condicionado a ninguna circunstancia que acontezca despu\u00e9s de su devengo.<\/p>\n<p style=\"padding-left: 40px;\"><strong>b) No permanencia a 31 de diciembre por despido disciplinario<\/strong><\/p>\n<p>La STS de 11 de febrero de 2020 interpret\u00f3 la condici\u00f3n de estar en alta en la empresa el d\u00eda 31 de diciembre para cobrar el incentivo, en relaci\u00f3n con un trabajador que hab\u00eda sido despedido disciplinariamente. El Tribunal consider\u00f3 que no abonar el bonus era una condici\u00f3n claramente abusiva.<\/p>\n<p style=\"padding-left: 40px;\"><strong>c) Incumplimiento de permanencia por despido objetivo<\/strong><\/p>\n<p>En la sentencia del TS de 27 de marzo de 2019, recurso 1196\/2017, se reconoce el derecho del trabajador a percibir un bonus por cumplimiento de objetivos sometido a una condici\u00f3n de permanencia, cuando los objetivos se han cumplido pero el trabajador es despedido por causas objetivas antes de la fecha de permanencia fijada por la empresa.<\/p>\n<p style=\"padding-left: 40px;\"><strong>d) No permanencia por baja voluntaria<\/strong><\/p>\n<p>El TS en su sentencia de 22 de octubre de 2020 expone que la cl\u00e1usula enjuiciada exige que el trabajador contin\u00fae en la empresa hasta el final del periodo temporal de devengo del bonus. El trabajador es libre de abandonar la empresa voluntariamente antes de dicha fecha. Pero por el pacto entre el empleador y las secciones sindicales impide el devengo del plus.<\/p>\n<p>Un principio general del derecho proh\u00edbe el enriquecimiento injusto. En el caso de baja voluntaria, no puede este principio porque la prestaci\u00f3n de servicios laborales por el trabajador tuvo su justificaci\u00f3n en un acuerdo, condicionando su devengo a la permanencia del trabajador.<\/p>\n<p>No abonar el incentivo por baja voluntaria anterior no infringe el art. 4.2.f) del ET.<\/p>\n<p style=\"padding-left: 40px;\"><strong>e) No permanencia por otros supuestos<\/strong><\/p>\n<p>Cuando el trabajador no permanece en la empresa hasta el fin del a\u00f1o por causas ajenas a su voluntad (el fallecimiento, la jubilaci\u00f3n o incapacidad permanente) hay obligaci\u00f3n de abonar el incentivo.<\/p>\n<p><strong>Si quieres ampliar informaci\u00f3n en esta materia consulta en <\/strong><strong>este enlace<\/strong><strong> el art\u00edculo \u00ab<\/strong> <strong>El bonus y la cl\u00e1usula de permanencia\u00bb de Carlos R\u00edos Izquierdo (<\/strong><a href=\"https:\/\/maabogados.com\/\" target=\"_blank\" rel=\"noopener noreferrer\"><strong>MA ABOGADOS<\/strong><\/a><strong>) que te ofrece <\/strong><strong>Capital Humano,<\/strong><strong> la publicaci\u00f3n de referencia en gesti\u00f3n de RRHH: direcci\u00f3n, organizaci\u00f3n, selecci\u00f3n, formaci\u00f3n, gesti\u00f3n del talento, motivaci\u00f3n\u2026<\/strong><\/p>\n","protected":false},"excerpt":{"rendered":"<p>Una reciente sentencia de la Sala de lo Social del Tribunal Supremo de 22 de octubre de 2020<a class=\"moretag\" href=\"https:\/\/empresas.infoempleo.com\/hrtrends\/que-pasa-con-el-bonus-en-caso-de-baja\/\"> Leer m\u00e1s<\/a><\/p>\n","protected":false},"author":126,"featured_media":38567,"comment_status":"closed","ping_status":"closed","sticky":false,"template":"","format":"standard","meta":{"footnotes":""},"categories":[3035],"tags":[],"class_list":["post-38553","post","type-post","status-publish","format-standard","has-post-thumbnail","hentry","category-consejos"],"yoast_head":"<!-- This site is optimized with the Yoast SEO plugin v26.1.1 - https:\/\/yoast.com\/wordpress\/plugins\/seo\/ -->\n<title>\u00bfQu\u00e9 pasa con el Bonus en caso de baja? | HRTRENDS<\/title>\n<meta name=\"description\" content=\"Una reciente sentencia del Tribunal Supremo aborda el abono del Bonus en el caso de baja voluntaria del trabajador y algunos supuestos relativos a su pago\" \/>\n<meta name=\"robots\" content=\"index, follow, max-snippet:-1, max-image-preview:large, max-video-preview:-1\" \/>\n<link rel=\"canonical\" href=\"https:\/\/empresas.infoempleo.com\/hrtrends\/que-pasa-con-el-bonus-en-caso-de-baja\/\" \/>\n<meta property=\"og:locale\" content=\"es_ES\" \/>\n<meta property=\"og:type\" content=\"article\" \/>\n<meta property=\"og:title\" content=\"\u00bfQu\u00e9 pasa con el Bonus en caso de baja? | HRTRENDS\" \/>\n<meta property=\"og:description\" content=\"Una reciente sentencia del Tribunal Supremo aborda el abono del Bonus en el caso de baja voluntaria del trabajador y algunos supuestos relativos a su pago\" \/>\n<meta property=\"og:url\" content=\"https:\/\/empresas.infoempleo.com\/hrtrends\/que-pasa-con-el-bonus-en-caso-de-baja\/\" \/>\n<meta property=\"og:site_name\" content=\"HRTRENDS\" \/>\n<meta property=\"article:publisher\" content=\"https:\/\/www.facebook.com\/Infoempleo\" \/>\n<meta property=\"article:published_time\" content=\"2021-04-15T05:30:51+00:00\" \/>\n<meta property=\"article:modified_time\" content=\"2024-09-13T14:09:19+00:00\" \/>\n<meta property=\"og:image\" content=\"https:\/\/empresas.infoempleo.com\/hrtrends\/media\/2021\/04\/HRTrends-bonus.jpg\" \/>\n\t<meta property=\"og:image:width\" content=\"980\" \/>\n\t<meta property=\"og:image:height\" content=\"600\" \/>\n\t<meta property=\"og:image:type\" content=\"image\/jpeg\" \/>\n<meta name=\"author\" content=\"Capital Humano\" \/>\n<meta name=\"twitter:card\" content=\"summary_large_image\" \/>\n<meta name=\"twitter:creator\" content=\"@infoempleo\" \/>\n<meta name=\"twitter:site\" content=\"@infoempleo\" \/>\n<meta name=\"twitter:label1\" content=\"Escrito por\" \/>\n\t<meta name=\"twitter:data1\" content=\"Capital Humano\" \/>\n\t<meta name=\"twitter:label2\" content=\"Tiempo de lectura\" \/>\n\t<meta name=\"twitter:data2\" content=\"3 minutos\" \/>\n<script type=\"application\/ld+json\" class=\"yoast-schema-graph\">{\"@context\":\"https:\/\/schema.org\",\"@graph\":[{\"@type\":\"NewsArticle\",\"@id\":\"https:\/\/empresas.infoempleo.com\/hrtrends\/que-pasa-con-el-bonus-en-caso-de-baja\/#article\",\"isPartOf\":{\"@id\":\"https:\/\/empresas.infoempleo.com\/hrtrends\/que-pasa-con-el-bonus-en-caso-de-baja\/\"},\"author\":{\"name\":\"Capital Humano\",\"@id\":\"https:\/\/empresas.infoempleo.com\/hrtrends\/#\/schema\/person\/45866f6223ec1e02c0d4dfb7f502354d\"},\"headline\":\"\u00bfQu\u00e9 pasa con el Bonus en caso de baja?\",\"datePublished\":\"2021-04-15T05:30:51+00:00\",\"dateModified\":\"2024-09-13T14:09:19+00:00\",\"mainEntityOfPage\":{\"@id\":\"https:\/\/empresas.infoempleo.com\/hrtrends\/que-pasa-con-el-bonus-en-caso-de-baja\/\"},\"wordCount\":688,\"publisher\":{\"@id\":\"https:\/\/empresas.infoempleo.com\/hrtrends\/#organization\"},\"image\":{\"@id\":\"https:\/\/empresas.infoempleo.com\/hrtrends\/que-pasa-con-el-bonus-en-caso-de-baja\/#primaryimage\"},\"thumbnailUrl\":\"https:\/\/empresas.infoempleo.com\/hrtrends\/media\/2021\/04\/HRTrends-bonus.jpg\",\"articleSection\":[\"Consejos\"],\"inLanguage\":\"es\",\"copyrightYear\":\"2021\",\"copyrightHolder\":{\"@id\":\"https:\/\/empresas.infoempleo.com\/hrtrends\/#organization\"}},{\"@type\":\"WebPage\",\"@id\":\"https:\/\/empresas.infoempleo.com\/hrtrends\/que-pasa-con-el-bonus-en-caso-de-baja\/\",\"url\":\"https:\/\/empresas.infoempleo.com\/hrtrends\/que-pasa-con-el-bonus-en-caso-de-baja\/\",\"name\":\"\u00bfQu\u00e9 pasa con el Bonus en caso de baja? | HRTRENDS\",\"isPartOf\":{\"@id\":\"https:\/\/empresas.infoempleo.com\/hrtrends\/#website\"},\"primaryImageOfPage\":{\"@id\":\"https:\/\/empresas.infoempleo.com\/hrtrends\/que-pasa-con-el-bonus-en-caso-de-baja\/#primaryimage\"},\"image\":{\"@id\":\"https:\/\/empresas.infoempleo.com\/hrtrends\/que-pasa-con-el-bonus-en-caso-de-baja\/#primaryimage\"},\"thumbnailUrl\":\"https:\/\/empresas.infoempleo.com\/hrtrends\/media\/2021\/04\/HRTrends-bonus.jpg\",\"datePublished\":\"2021-04-15T05:30:51+00:00\",\"dateModified\":\"2024-09-13T14:09:19+00:00\",\"description\":\"Una reciente sentencia del Tribunal Supremo aborda el abono del Bonus en el caso de baja voluntaria del trabajador y algunos supuestos relativos a su pago\",\"breadcrumb\":{\"@id\":\"https:\/\/empresas.infoempleo.com\/hrtrends\/que-pasa-con-el-bonus-en-caso-de-baja\/#breadcrumb\"},\"inLanguage\":\"es\",\"potentialAction\":[{\"@type\":\"ReadAction\",\"target\":[\"https:\/\/empresas.infoempleo.com\/hrtrends\/que-pasa-con-el-bonus-en-caso-de-baja\/\"]}]},{\"@type\":\"ImageObject\",\"inLanguage\":\"es\",\"@id\":\"https:\/\/empresas.infoempleo.com\/hrtrends\/que-pasa-con-el-bonus-en-caso-de-baja\/#primaryimage\",\"url\":\"https:\/\/empresas.infoempleo.com\/hrtrends\/media\/2021\/04\/HRTrends-bonus-150x150.jpg\",\"contentUrl\":\"https:\/\/empresas.infoempleo.com\/hrtrends\/media\/2021\/04\/HRTrends-bonus-150x150.jpg\",\"width\":150,\"height\":150},{\"@type\":\"BreadcrumbList\",\"@id\":\"https:\/\/empresas.infoempleo.com\/hrtrends\/que-pasa-con-el-bonus-en-caso-de-baja\/#breadcrumb\",\"itemListElement\":[{\"@type\":\"ListItem\",\"position\":1,\"name\":\"Portada\",\"item\":\"https:\/\/empresas.infoempleo.com\/hrtrends\/\"},{\"@type\":\"ListItem\",\"position\":2,\"name\":\"\u00bfQu\u00e9 pasa con el Bonus en caso de baja?\"}]},{\"@type\":\"WebSite\",\"@id\":\"https:\/\/empresas.infoempleo.com\/hrtrends\/#website\",\"url\":\"https:\/\/empresas.infoempleo.com\/hrtrends\",\"name\":\"HRTrends by Infoempleo\",\"description\":\"\",\"publisher\":{\"@id\":\"https:\/\/empresas.infoempleo.com\/hrtrends\/#organization\"},\"potentialAction\":{\"@type\":\"SearchAction\",\"target\":\"https:\/\/empresas.infoempleo.com\/hrtrends\/?s={search_term_string}\",\"query-input\":\"required name=search_term_string\"},\"inLanguage\":\"es\"},{\"@type\":\"Organization\",\"@id\":\"https:\/\/empresas.infoempleo.com\/hrtrends\/#organization\",\"name\":\"Infoempleo\",\"url\":\"https:\/\/www.infoempleo.com\/\",\"logo\":{\"@type\":\"ImageObject\",\"@id\":\"https:\/\/empresas.infoempleo.com\/hrtrends\/#logo\",\"inLanguage\":\"es\",\"url\":\"https:\/\/cdnazure.infoempleo.com\/infoempleo\/assets\/style\/gfx\/logo.svg\",\"contentUrl\":\"https:\/\/cdnazure.infoempleo.com\/infoempleo\/assets\/style\/gfx\/logo.svg\",\"width\":150,\"height\":40,\"caption\":\"Infoempleo\"},\"image\":{\"@id\":\"https:\/\/empresas.infoempleo.com\/hrtrends\/#logo\"},\"sameAs\":[\"https:\/\/www.facebook.com\/Infoempleo\",\"https:\/\/x.com\/infoempleo\",\"http:\/\/instagram.com\/infoempleo\/\",\"http:\/\/www.linkedin.com\/groups\/Empleo-Espa\u00f1a-Infoempleocom-111276\",\"http:\/\/pinterest.com\/infoempleo\/\"],\"address\":{\"@type\":\"PostalAddress\",\"addressLocality\":\"Madrid\",\"postalCode\":\"28050\",\"streetAddress\":\"Avenida de Burgos 114\"},\"brand\":[\"Infoempleo\"]},{\"@type\":\"Person\",\"@id\":\"https:\/\/empresas.infoempleo.com\/hrtrends\/#\/schema\/person\/45866f6223ec1e02c0d4dfb7f502354d\",\"name\":\"Capital Humano\",\"image\":{\"@type\":\"ImageObject\",\"inLanguage\":\"es\",\"@id\":\"https:\/\/empresas.infoempleo.com\/hrtrends\/#\/schema\/person\/image\/\",\"url\":\"https:\/\/secure.gravatar.com\/avatar\/6b5b4c3d2e920ab7e4962ad63accd57728c2092bf0383a312748e472e61c6be4?s=96&d=mm&r=g\",\"contentUrl\":\"https:\/\/secure.gravatar.com\/avatar\/6b5b4c3d2e920ab7e4962ad63accd57728c2092bf0383a312748e472e61c6be4?s=96&d=mm&r=g\",\"caption\":\"Capital Humano\"},\"description\":\"La publicaci\u00f3n de referencia en gesti\u00f3n de RRHH: direcci\u00f3n, organizaci\u00f3n, selecci\u00f3n, formaci\u00f3n, gesti\u00f3n del talento, motivaci\u00f3n... con 30 a\u00f1os de trayectoria, tiene en enfoque de m\u00e1xima utilidad con numerosos casos pr\u00e1cticos de empresas y administraciones p\u00fablicas para contribuir a la modernizaci\u00f3n y mejora de las t\u00e9cnicas de los RRHH. http:\/\/capitalhumano.wolterskluwer.es\/Content\/Inicio.aspx\",\"sameAs\":[\"http:\/\/capitalhumano.wolterskluwer.es\/Content\/Inicio.aspx\"],\"url\":\"https:\/\/empresas.infoempleo.com\/hrtrends\/author\/wketrends\/\"}]}<\/script>\n<!-- \/ Yoast SEO plugin. -->","yoast_head_json":{"title":"\u00bfQu\u00e9 pasa con el Bonus en caso de baja? | HRTRENDS","description":"Una reciente sentencia del Tribunal Supremo aborda el abono del Bonus en el caso de baja voluntaria del trabajador y algunos supuestos relativos a su pago","robots":{"index":"index","follow":"follow","max-snippet":"max-snippet:-1","max-image-preview":"max-image-preview:large","max-video-preview":"max-video-preview:-1"},"canonical":"https:\/\/empresas.infoempleo.com\/hrtrends\/que-pasa-con-el-bonus-en-caso-de-baja\/","og_locale":"es_ES","og_type":"article","og_title":"\u00bfQu\u00e9 pasa con el Bonus en caso de baja? | HRTRENDS","og_description":"Una reciente sentencia del Tribunal Supremo aborda el abono del Bonus en el caso de baja voluntaria del trabajador y algunos supuestos relativos a su pago","og_url":"https:\/\/empresas.infoempleo.com\/hrtrends\/que-pasa-con-el-bonus-en-caso-de-baja\/","og_site_name":"HRTRENDS","article_publisher":"https:\/\/www.facebook.com\/Infoempleo","article_published_time":"2021-04-15T05:30:51+00:00","article_modified_time":"2024-09-13T14:09:19+00:00","og_image":[{"width":980,"height":600,"url":"https:\/\/empresas.infoempleo.com\/hrtrends\/media\/2021\/04\/HRTrends-bonus.jpg","type":"image\/jpeg"}],"author":"Capital Humano","twitter_card":"summary_large_image","twitter_creator":"@infoempleo","twitter_site":"@infoempleo","twitter_misc":{"Escrito por":"Capital Humano","Tiempo de lectura":"3 minutos"},"schema":{"@context":"https:\/\/schema.org","@graph":[{"@type":"NewsArticle","@id":"https:\/\/empresas.infoempleo.com\/hrtrends\/que-pasa-con-el-bonus-en-caso-de-baja\/#article","isPartOf":{"@id":"https:\/\/empresas.infoempleo.com\/hrtrends\/que-pasa-con-el-bonus-en-caso-de-baja\/"},"author":{"name":"Capital Humano","@id":"https:\/\/empresas.infoempleo.com\/hrtrends\/#\/schema\/person\/45866f6223ec1e02c0d4dfb7f502354d"},"headline":"\u00bfQu\u00e9 pasa con el Bonus en caso de baja?","datePublished":"2021-04-15T05:30:51+00:00","dateModified":"2024-09-13T14:09:19+00:00","mainEntityOfPage":{"@id":"https:\/\/empresas.infoempleo.com\/hrtrends\/que-pasa-con-el-bonus-en-caso-de-baja\/"},"wordCount":688,"publisher":{"@id":"https:\/\/empresas.infoempleo.com\/hrtrends\/#organization"},"image":{"@id":"https:\/\/empresas.infoempleo.com\/hrtrends\/que-pasa-con-el-bonus-en-caso-de-baja\/#primaryimage"},"thumbnailUrl":"https:\/\/empresas.infoempleo.com\/hrtrends\/media\/2021\/04\/HRTrends-bonus.jpg","articleSection":["Consejos"],"inLanguage":"es","copyrightYear":"2021","copyrightHolder":{"@id":"https:\/\/empresas.infoempleo.com\/hrtrends\/#organization"}},{"@type":"WebPage","@id":"https:\/\/empresas.infoempleo.com\/hrtrends\/que-pasa-con-el-bonus-en-caso-de-baja\/","url":"https:\/\/empresas.infoempleo.com\/hrtrends\/que-pasa-con-el-bonus-en-caso-de-baja\/","name":"\u00bfQu\u00e9 pasa con el Bonus en caso de baja? | HRTRENDS","isPartOf":{"@id":"https:\/\/empresas.infoempleo.com\/hrtrends\/#website"},"primaryImageOfPage":{"@id":"https:\/\/empresas.infoempleo.com\/hrtrends\/que-pasa-con-el-bonus-en-caso-de-baja\/#primaryimage"},"image":{"@id":"https:\/\/empresas.infoempleo.com\/hrtrends\/que-pasa-con-el-bonus-en-caso-de-baja\/#primaryimage"},"thumbnailUrl":"https:\/\/empresas.infoempleo.com\/hrtrends\/media\/2021\/04\/HRTrends-bonus.jpg","datePublished":"2021-04-15T05:30:51+00:00","dateModified":"2024-09-13T14:09:19+00:00","description":"Una reciente sentencia del Tribunal Supremo aborda el abono del Bonus en el caso de baja voluntaria del trabajador y algunos supuestos relativos a su pago","breadcrumb":{"@id":"https:\/\/empresas.infoempleo.com\/hrtrends\/que-pasa-con-el-bonus-en-caso-de-baja\/#breadcrumb"},"inLanguage":"es","potentialAction":[{"@type":"ReadAction","target":["https:\/\/empresas.infoempleo.com\/hrtrends\/que-pasa-con-el-bonus-en-caso-de-baja\/"]}]},{"@type":"ImageObject","inLanguage":"es","@id":"https:\/\/empresas.infoempleo.com\/hrtrends\/que-pasa-con-el-bonus-en-caso-de-baja\/#primaryimage","url":"https:\/\/empresas.infoempleo.com\/hrtrends\/media\/2021\/04\/HRTrends-bonus-150x150.jpg","contentUrl":"https:\/\/empresas.infoempleo.com\/hrtrends\/media\/2021\/04\/HRTrends-bonus-150x150.jpg","width":150,"height":150},{"@type":"BreadcrumbList","@id":"https:\/\/empresas.infoempleo.com\/hrtrends\/que-pasa-con-el-bonus-en-caso-de-baja\/#breadcrumb","itemListElement":[{"@type":"ListItem","position":1,"name":"Portada","item":"https:\/\/empresas.infoempleo.com\/hrtrends\/"},{"@type":"ListItem","position":2,"name":"\u00bfQu\u00e9 pasa con el Bonus en caso de baja?"}]},{"@type":"WebSite","@id":"https:\/\/empresas.infoempleo.com\/hrtrends\/#website","url":"https:\/\/empresas.infoempleo.com\/hrtrends","name":"HRTrends by Infoempleo","description":"","publisher":{"@id":"https:\/\/empresas.infoempleo.com\/hrtrends\/#organization"},"potentialAction":{"@type":"SearchAction","target":"https:\/\/empresas.infoempleo.com\/hrtrends\/?s={search_term_string}","query-input":"required name=search_term_string"},"inLanguage":"es"},{"@type":"Organization","@id":"https:\/\/empresas.infoempleo.com\/hrtrends\/#organization","name":"Infoempleo","url":"https:\/\/www.infoempleo.com\/","logo":{"@type":"ImageObject","@id":"https:\/\/empresas.infoempleo.com\/hrtrends\/#logo","inLanguage":"es","url":"https:\/\/cdnazure.infoempleo.com\/infoempleo\/assets\/style\/gfx\/logo.svg","contentUrl":"https:\/\/cdnazure.infoempleo.com\/infoempleo\/assets\/style\/gfx\/logo.svg","width":150,"height":40,"caption":"Infoempleo"},"image":{"@id":"https:\/\/empresas.infoempleo.com\/hrtrends\/#logo"},"sameAs":["https:\/\/www.facebook.com\/Infoempleo","https:\/\/x.com\/infoempleo","http:\/\/instagram.com\/infoempleo\/","http:\/\/www.linkedin.com\/groups\/Empleo-Espa\u00f1a-Infoempleocom-111276","http:\/\/pinterest.com\/infoempleo\/"],"address":{"@type":"PostalAddress","addressLocality":"Madrid","postalCode":"28050","streetAddress":"Avenida de Burgos 114"},"brand":["Infoempleo"]},{"@type":"Person","@id":"https:\/\/empresas.infoempleo.com\/hrtrends\/#\/schema\/person\/45866f6223ec1e02c0d4dfb7f502354d","name":"Capital Humano","image":{"@type":"ImageObject","inLanguage":"es","@id":"https:\/\/empresas.infoempleo.com\/hrtrends\/#\/schema\/person\/image\/","url":"https:\/\/secure.gravatar.com\/avatar\/6b5b4c3d2e920ab7e4962ad63accd57728c2092bf0383a312748e472e61c6be4?s=96&d=mm&r=g","contentUrl":"https:\/\/secure.gravatar.com\/avatar\/6b5b4c3d2e920ab7e4962ad63accd57728c2092bf0383a312748e472e61c6be4?s=96&d=mm&r=g","caption":"Capital Humano"},"description":"La publicaci\u00f3n de referencia en gesti\u00f3n de RRHH: direcci\u00f3n, organizaci\u00f3n, selecci\u00f3n, formaci\u00f3n, gesti\u00f3n del talento, motivaci\u00f3n... con 30 a\u00f1os de trayectoria, tiene en enfoque de m\u00e1xima utilidad con numerosos casos pr\u00e1cticos de empresas y administraciones p\u00fablicas para contribuir a la modernizaci\u00f3n y mejora de las t\u00e9cnicas de los RRHH. http:\/\/capitalhumano.wolterskluwer.es\/Content\/Inicio.aspx","sameAs":["http:\/\/capitalhumano.wolterskluwer.es\/Content\/Inicio.aspx"],"url":"https:\/\/empresas.infoempleo.com\/hrtrends\/author\/wketrends\/"}]}},"amp_enabled":true,"_links":{"self":[{"href":"https:\/\/empresas.infoempleo.com\/hrtrends\/wp-json\/wp\/v2\/posts\/38553","targetHints":{"allow":["GET"]}}],"collection":[{"href":"https:\/\/empresas.infoempleo.com\/hrtrends\/wp-json\/wp\/v2\/posts"}],"about":[{"href":"https:\/\/empresas.infoempleo.com\/hrtrends\/wp-json\/wp\/v2\/types\/post"}],"author":[{"embeddable":true,"href":"https:\/\/empresas.infoempleo.com\/hrtrends\/wp-json\/wp\/v2\/users\/126"}],"replies":[{"embeddable":true,"href":"https:\/\/empresas.infoempleo.com\/hrtrends\/wp-json\/wp\/v2\/comments?post=38553"}],"version-history":[{"count":11,"href":"https:\/\/empresas.infoempleo.com\/hrtrends\/wp-json\/wp\/v2\/posts\/38553\/revisions"}],"predecessor-version":[{"id":45727,"href":"https:\/\/empresas.infoempleo.com\/hrtrends\/wp-json\/wp\/v2\/posts\/38553\/revisions\/45727"}],"wp:featuredmedia":[{"embeddable":true,"href":"https:\/\/empresas.infoempleo.com\/hrtrends\/wp-json\/wp\/v2\/media\/38567"}],"wp:attachment":[{"href":"https:\/\/empresas.infoempleo.com\/hrtrends\/wp-json\/wp\/v2\/media?parent=38553"}],"wp:term":[{"taxonomy":"category","embeddable":true,"href":"https:\/\/empresas.infoempleo.com\/hrtrends\/wp-json\/wp\/v2\/categories?post=38553"},{"taxonomy":"post_tag","embeddable":true,"href":"https:\/\/empresas.infoempleo.com\/hrtrends\/wp-json\/wp\/v2\/tags?post=38553"}],"curies":[{"name":"wp","href":"https:\/\/api.w.org\/{rel}","templated":true}]}}