{"id":38410,"date":"2021-02-24T07:30:50","date_gmt":"2021-02-24T05:30:50","guid":{"rendered":"https:\/\/empresas.infoempleo.com\/hrtrends\/?p=38410"},"modified":"2021-02-23T08:26:03","modified_gmt":"2021-02-23T06:26:03","slug":"reputacion-corporativa-quienes-estan-en-el-top","status":"publish","type":"post","link":"https:\/\/empresas.infoempleo.com\/hrtrends\/reputacion-corporativa-quienes-estan-en-el-top\/","title":{"rendered":"Reputaci\u00f3n corporativa, \u00bfqui\u00e9nes est\u00e1n en el top?"},"content":{"rendered":"<p><strong>Esencia <em>vs<\/em> apariencia<\/strong>. Para comprender lo que significa la reputaci\u00f3n corporativa, tienes que fijarte, no tanto en lo que \u201ces\u201d una empresa como en lo que \u201cparece ser\u201d, es decir, en lo que otros valoran de su actividad. En este sentido, la <strong>identidad corporativa<\/strong> requiere una interpretaci\u00f3n din\u00e1mica. Hay que a\u00f1adir, seg\u00fan la tesis de Justo Villafa\u00f1e, que la reputaci\u00f3n corporativa es la nueva condici\u00f3n para un <a href=\"https:\/\/empresas.infoempleo.com\/hrtrends\/practicas-de-innovacion-que-haran-despegar-a-la-empresa\/\"><strong>liderazgo<\/strong><\/a><strong> exitoso<\/strong>. Valga la <strong>definici\u00f3n de reputaci\u00f3n corporativa de la RAE<\/strong> para arrancar el post: \u201cOpini\u00f3n acerca de la excelencia de un sujeto en su profesi\u00f3n o arte\u201d.<\/p>\n<p><!--more--><\/p>\n<h2>\u00bfC\u00f3mo medir la reputaci\u00f3n corporativa?<\/h2>\n<p>Justo Villafa\u00f1e vuelve a darnos la clave para contestar a esta pregunta: \u201c<strong>Construir una s\u00f3lida reputaci\u00f3n exige<\/strong> a las organizaciones cumplir con tres condiciones: sensibilidad organizativa, una gesti\u00f3n proactiva de la reputaci\u00f3n y, por \u00faltimo, un comportamiento corporativo comprometido\u201d. Siguiendo con la revisi\u00f3n de autoridades, para Antonio L\u00f3pez, director de comunicaci\u00f3n e imagen de BBVA, la reputaci\u00f3n ser\u00eda el resultado de <strong>combinar la identidad con la imagen corporativa<\/strong>, es decir, la consolidaci\u00f3n de la imagen.<\/p>\n<p>Alcanzar una <strong>buena reputaci\u00f3n corporativa<\/strong> tiene muchas ventajas, entre las que se encuentra aumentar el valor comercial y <strong>evitar la indiferenciaci\u00f3n<\/strong>, es decir, permite posicionarse en el mercado. Este <strong>intangible fundamental<\/strong> puede alcanzar <strong>hasta el 80%<\/strong> del valor de la empresa, por lo que necesitas gestionarla con una buena monitorizaci\u00f3n. Los <a href=\"https:\/\/empresas.infoempleo.com\/hrtrends\/como-establecer-unos-kpi-adaptados-a-las-necesidades-de-la-empresa\/\"><strong>KPI<\/strong><\/a> atienden al reconocimiento de los <em>skateholders<\/em>, tanto internos como externos, alrededor de tres ejes, que puedes simplificar en lo que la empresa:<\/p>\n<ul>\n<li>ES<\/li>\n<li>HACE<\/li>\n<li>COMUNICA<\/li>\n<\/ul>\n<p>La evaluaci\u00f3n segmentada por <em>stakeholders<\/em> aparece como la v\u00eda m\u00e1s recomendable para posteriormente comparar percepciones y emprender estrategias diferenciadas para cada grupo de inter\u00e9s. Algunas de las <strong>metodolog\u00edas<\/strong> m\u00e1s frecuentes para <strong>medir la reputaci\u00f3n corporativa<\/strong> son:<\/p>\n<ul>\n<li>Mediante preguntas directas y diferentes escalas de valoraci\u00f3n.<\/li>\n<li>En funci\u00f3n de su operatividad (Boshoff, C.).<\/li>\n<\/ul>\n<p><img loading=\"lazy\" decoding=\"async\" class=\"aligncenter wp-image-38411 size-full\" src=\"https:\/\/empresas.infoempleo.com\/hrtrends\/media\/2021\/02\/HRTrends_Top-empresas.jpg\" alt=\"\u00bfC\u00f3mo medir la reputaci\u00f3n corporativa?\" width=\"800\" height=\"533\" srcset=\"https:\/\/empresas.infoempleo.com\/hrtrends\/media\/2021\/02\/HRTrends_Top-empresas.jpg 800w, https:\/\/empresas.infoempleo.com\/hrtrends\/media\/2021\/02\/HRTrends_Top-empresas-300x200.jpg 300w, https:\/\/empresas.infoempleo.com\/hrtrends\/media\/2021\/02\/HRTrends_Top-empresas-768x512.jpg 768w\" sizes=\"auto, (max-width: 800px) 100vw, 800px\" \/><\/p>\n<h2><em>Rankings<\/em> que miden la reputaci\u00f3n<\/h2>\n<p>Algunos de estos \u00edndices se enfocan a aspectos concretos como los est\u00e1ndares de pr\u00e1cticas \u00e9ticas. El <strong>Instituto Ethisfhere<\/strong> es el m\u00e1s reconocido y publica anualmente el ranking <em>Ethics Quotient<\/em> (EQ) de las empresas mundiales \u2014Iberdrola es la \u00fanica espa\u00f1ola\u2014 que mejor han cumplido con un criterio \u00e9tico en cinco categor\u00edas:<\/p>\n<ul>\n<li>Calidad de los programas \u00e9ticos y de cumplimiento normativo.<\/li>\n<li>Cultura institucional.<\/li>\n<li>Ciudadan\u00eda corporativa y responsabilidad.<\/li>\n<li>Gesti\u00f3n y liderazgo.<\/li>\n<li>Capacidad y nivel de sostenibilidad.<\/li>\n<\/ul>\n<p>Los \u00edndices de evaluaciones de la reputaci\u00f3n corporativa m\u00e1s mencionados por las publicaciones especializadas son: Foro de Reputaci\u00f3n Corporativa (<strong>RepTrak<\/strong>), el Monitor Empresarial de Reputaci\u00f3n Corporativa (<strong>MERCO<\/strong>) o el \u00cdndice de Reputaci\u00f3n de Marcas (IRMA).<\/p>\n<p>MERCO, consolidada desde 1999 y con amplia presencia en el mercado latinoamericano, cuenta con una metodolog\u00eda \u201cmultiskateholder compuesta por seis evaluaciones y m\u00e1s de veinte fuentes de informaci\u00f3n\u201d. Adem\u00e1s, el resultado es revisado de manera independiente por KPMG, seg\u00fan la norma ISAE 3000. Analiza encuestas a miles de distintos agentes: comit\u00e9s de direcci\u00f3n, analistas financieros, ONG, sindicatos, <em>social media managers<\/em>, asociaciones de consumidores o evaluando m\u00e9ritos (<a href=\"https:\/\/empresas.infoempleo.com\/hrtrends\/es-el-benchmarking-una-herramienta-realmente-util\"><strong>benchmarking<\/strong><\/a>).<\/p>\n<h2>Empresas top 2020 por su reputaci\u00f3n<\/h2>\n<p>La <strong>confianza<\/strong> es clave para la reputaci\u00f3n corporativa. Esta se basa en las acciones de la empresa. Si no cumple con las expectativas de los <em>skateholders<\/em>, perder\u00e1 su confianza. Siguiendo lo dicho y seg\u00fan MERCO, las primeras cinco empresas espa\u00f1olas top del a\u00f1o pand\u00e9mico han sido las siguientes:<\/p>\n<ul>\n<li>Inditex<\/li>\n<li>Telef\u00f3nica<\/li>\n<li>El Corte Ingl\u00e9s<\/li>\n<li>Repsol<\/li>\n<li>Santander<\/li>\n<\/ul>\n","protected":false},"excerpt":{"rendered":"<p>Esencia vs apariencia. Para comprender lo que significa la reputaci\u00f3n corporativa, tienes que fijarte, no tanto en lo<a class=\"moretag\" href=\"https:\/\/empresas.infoempleo.com\/hrtrends\/reputacion-corporativa-quienes-estan-en-el-top\/\"> Leer m\u00e1s<\/a><\/p>\n","protected":false},"author":136,"featured_media":38412,"comment_status":"closed","ping_status":"closed","sticky":false,"template":"","format":"standard","meta":{"footnotes":""},"categories":[3],"tags":[18,21,169],"class_list":["post-38410","post","type-post","status-publish","format-standard","has-post-thumbnail","hentry","category-actualidad","tag-empresa","tag-liderazgo","tag-mercado-laboral"],"yoast_head":"<!-- This site is optimized with the Yoast SEO plugin v26.1.1 - https:\/\/yoast.com\/wordpress\/plugins\/seo\/ -->\n<title>Reputaci\u00f3n corporativa, \u00bfqui\u00e9nes est\u00e1n en el top? | HRTRENDS<\/title>\n<meta name=\"description\" content=\"La definici\u00f3n de reputaci\u00f3n corporativa es la nueva condici\u00f3n para un liderazgo exitoso, seg\u00fan la tesis de Justo Villafa\u00f1e.\" \/>\n<meta name=\"robots\" content=\"index, follow, max-snippet:-1, max-image-preview:large, max-video-preview:-1\" \/>\n<link rel=\"canonical\" href=\"https:\/\/empresas.infoempleo.com\/hrtrends\/reputacion-corporativa-quienes-estan-en-el-top\/\" \/>\n<meta property=\"og:locale\" content=\"es_ES\" \/>\n<meta property=\"og:type\" content=\"article\" \/>\n<meta property=\"og:title\" content=\"Reputaci\u00f3n corporativa, \u00bfqui\u00e9nes est\u00e1n en el top? | HRTRENDS\" \/>\n<meta property=\"og:description\" content=\"La definici\u00f3n de reputaci\u00f3n corporativa es la nueva condici\u00f3n para un liderazgo exitoso, seg\u00fan la tesis de Justo Villafa\u00f1e.\" \/>\n<meta property=\"og:url\" content=\"https:\/\/empresas.infoempleo.com\/hrtrends\/reputacion-corporativa-quienes-estan-en-el-top\/\" \/>\n<meta property=\"og:site_name\" content=\"HRTRENDS\" \/>\n<meta property=\"article:publisher\" content=\"https:\/\/www.facebook.com\/Infoempleo\" \/>\n<meta property=\"article:published_time\" content=\"2021-02-24T05:30:50+00:00\" \/>\n<meta property=\"og:image\" content=\"https:\/\/empresas.infoempleo.com\/hrtrends\/media\/2021\/02\/HRTrends_Reputacion-corporativa.jpg\" \/>\n\t<meta property=\"og:image:width\" content=\"881\" \/>\n\t<meta property=\"og:image:height\" content=\"587\" \/>\n\t<meta property=\"og:image:type\" content=\"image\/jpeg\" \/>\n<meta name=\"author\" content=\"Raquel Hern\u00e1ndez\" \/>\n<meta name=\"twitter:card\" content=\"summary_large_image\" \/>\n<meta name=\"twitter:creator\" content=\"@infoempleo\" \/>\n<meta name=\"twitter:site\" content=\"@infoempleo\" \/>\n<meta name=\"twitter:label1\" content=\"Escrito por\" \/>\n\t<meta name=\"twitter:data1\" content=\"Raquel Hern\u00e1ndez\" \/>\n\t<meta name=\"twitter:label2\" content=\"Tiempo de lectura\" \/>\n\t<meta name=\"twitter:data2\" content=\"3 minutos\" \/>\n<script type=\"application\/ld+json\" class=\"yoast-schema-graph\">{\"@context\":\"https:\/\/schema.org\",\"@graph\":[{\"@type\":\"NewsArticle\",\"@id\":\"https:\/\/empresas.infoempleo.com\/hrtrends\/reputacion-corporativa-quienes-estan-en-el-top\/#article\",\"isPartOf\":{\"@id\":\"https:\/\/empresas.infoempleo.com\/hrtrends\/reputacion-corporativa-quienes-estan-en-el-top\/\"},\"author\":{\"name\":\"Raquel Hern\u00e1ndez\",\"@id\":\"https:\/\/empresas.infoempleo.com\/hrtrends\/#\/schema\/person\/fb2f949a1461ff0e9e15996d82d3a787\"},\"headline\":\"Reputaci\u00f3n corporativa, \u00bfqui\u00e9nes est\u00e1n en el top?\",\"datePublished\":\"2021-02-24T05:30:50+00:00\",\"mainEntityOfPage\":{\"@id\":\"https:\/\/empresas.infoempleo.com\/hrtrends\/reputacion-corporativa-quienes-estan-en-el-top\/\"},\"wordCount\":616,\"publisher\":{\"@id\":\"https:\/\/empresas.infoempleo.com\/hrtrends\/#organization\"},\"image\":{\"@id\":\"https:\/\/empresas.infoempleo.com\/hrtrends\/reputacion-corporativa-quienes-estan-en-el-top\/#primaryimage\"},\"thumbnailUrl\":\"https:\/\/empresas.infoempleo.com\/hrtrends\/media\/2021\/02\/HRTrends_Reputacion-corporativa.jpg\",\"keywords\":[\"empresa\",\"liderazgo\",\"mercado laboral\"],\"articleSection\":[\"Actualidad\"],\"inLanguage\":\"es\",\"copyrightYear\":\"2021\",\"copyrightHolder\":{\"@id\":\"https:\/\/empresas.infoempleo.com\/hrtrends\/#organization\"}},{\"@type\":\"WebPage\",\"@id\":\"https:\/\/empresas.infoempleo.com\/hrtrends\/reputacion-corporativa-quienes-estan-en-el-top\/\",\"url\":\"https:\/\/empresas.infoempleo.com\/hrtrends\/reputacion-corporativa-quienes-estan-en-el-top\/\",\"name\":\"Reputaci\u00f3n corporativa, \u00bfqui\u00e9nes est\u00e1n en el top? | HRTRENDS\",\"isPartOf\":{\"@id\":\"https:\/\/empresas.infoempleo.com\/hrtrends\/#website\"},\"primaryImageOfPage\":{\"@id\":\"https:\/\/empresas.infoempleo.com\/hrtrends\/reputacion-corporativa-quienes-estan-en-el-top\/#primaryimage\"},\"image\":{\"@id\":\"https:\/\/empresas.infoempleo.com\/hrtrends\/reputacion-corporativa-quienes-estan-en-el-top\/#primaryimage\"},\"thumbnailUrl\":\"https:\/\/empresas.infoempleo.com\/hrtrends\/media\/2021\/02\/HRTrends_Reputacion-corporativa.jpg\",\"datePublished\":\"2021-02-24T05:30:50+00:00\",\"description\":\"La definici\u00f3n de reputaci\u00f3n corporativa es la nueva condici\u00f3n para un liderazgo exitoso, seg\u00fan la tesis de Justo Villafa\u00f1e.\",\"breadcrumb\":{\"@id\":\"https:\/\/empresas.infoempleo.com\/hrtrends\/reputacion-corporativa-quienes-estan-en-el-top\/#breadcrumb\"},\"inLanguage\":\"es\",\"potentialAction\":[{\"@type\":\"ReadAction\",\"target\":[\"https:\/\/empresas.infoempleo.com\/hrtrends\/reputacion-corporativa-quienes-estan-en-el-top\/\"]}]},{\"@type\":\"ImageObject\",\"inLanguage\":\"es\",\"@id\":\"https:\/\/empresas.infoempleo.com\/hrtrends\/reputacion-corporativa-quienes-estan-en-el-top\/#primaryimage\",\"url\":\"https:\/\/empresas.infoempleo.com\/hrtrends\/media\/2021\/02\/HRTrends_Reputacion-corporativa-150x150.jpg\",\"contentUrl\":\"https:\/\/empresas.infoempleo.com\/hrtrends\/media\/2021\/02\/HRTrends_Reputacion-corporativa-150x150.jpg\",\"width\":150,\"height\":150,\"caption\":\"Rankings que miden la reputaci\u00f3n corporativa\"},{\"@type\":\"BreadcrumbList\",\"@id\":\"https:\/\/empresas.infoempleo.com\/hrtrends\/reputacion-corporativa-quienes-estan-en-el-top\/#breadcrumb\",\"itemListElement\":[{\"@type\":\"ListItem\",\"position\":1,\"name\":\"Portada\",\"item\":\"https:\/\/empresas.infoempleo.com\/hrtrends\/\"},{\"@type\":\"ListItem\",\"position\":2,\"name\":\"Reputaci\u00f3n corporativa, \u00bfqui\u00e9nes est\u00e1n en el top?\"}]},{\"@type\":\"WebSite\",\"@id\":\"https:\/\/empresas.infoempleo.com\/hrtrends\/#website\",\"url\":\"https:\/\/empresas.infoempleo.com\/hrtrends\",\"name\":\"HRTrends by Infoempleo\",\"description\":\"\",\"publisher\":{\"@id\":\"https:\/\/empresas.infoempleo.com\/hrtrends\/#organization\"},\"potentialAction\":{\"@type\":\"SearchAction\",\"target\":\"https:\/\/empresas.infoempleo.com\/hrtrends\/?s={search_term_string}\",\"query-input\":\"required name=search_term_string\"},\"inLanguage\":\"es\"},{\"@type\":\"Organization\",\"@id\":\"https:\/\/empresas.infoempleo.com\/hrtrends\/#organization\",\"name\":\"Infoempleo\",\"url\":\"https:\/\/www.infoempleo.com\/\",\"logo\":{\"@type\":\"ImageObject\",\"@id\":\"https:\/\/empresas.infoempleo.com\/hrtrends\/#logo\",\"inLanguage\":\"es\",\"url\":\"https:\/\/cdnazure.infoempleo.com\/infoempleo\/assets\/style\/gfx\/logo.svg\",\"contentUrl\":\"https:\/\/cdnazure.infoempleo.com\/infoempleo\/assets\/style\/gfx\/logo.svg\",\"width\":150,\"height\":40,\"caption\":\"Infoempleo\"},\"image\":{\"@id\":\"https:\/\/empresas.infoempleo.com\/hrtrends\/#logo\"},\"sameAs\":[\"https:\/\/www.facebook.com\/Infoempleo\",\"https:\/\/x.com\/infoempleo\",\"http:\/\/instagram.com\/infoempleo\/\",\"http:\/\/www.linkedin.com\/groups\/Empleo-Espa\u00f1a-Infoempleocom-111276\",\"http:\/\/pinterest.com\/infoempleo\/\"],\"address\":{\"@type\":\"PostalAddress\",\"addressLocality\":\"Madrid\",\"postalCode\":\"28050\",\"streetAddress\":\"Avenida de Burgos 114\"},\"brand\":[\"Infoempleo\"]},{\"@type\":\"Person\",\"@id\":\"https:\/\/empresas.infoempleo.com\/hrtrends\/#\/schema\/person\/fb2f949a1461ff0e9e15996d82d3a787\",\"name\":\"Raquel Hern\u00e1ndez\",\"image\":{\"@type\":\"ImageObject\",\"inLanguage\":\"es\",\"@id\":\"https:\/\/empresas.infoempleo.com\/hrtrends\/#\/schema\/person\/image\/\",\"url\":\"https:\/\/secure.gravatar.com\/avatar\/4ccd374b24ab5eefd1b7681d8be968df221a577fa3ffa9dc4bb4b537645dc6a2?s=96&d=mm&r=g\",\"contentUrl\":\"https:\/\/secure.gravatar.com\/avatar\/4ccd374b24ab5eefd1b7681d8be968df221a577fa3ffa9dc4bb4b537645dc6a2?s=96&d=mm&r=g\",\"caption\":\"Raquel Hern\u00e1ndez\"},\"description\":\"M\u00e1ster en Filosof\u00eda Contempor\u00e1nea y Diploma Experto en Salud y G\u00e9nero. Extensa experiencia profesional como directora y productora de eventos culturales, especializada en el sector editorial. Lectora profesional y redactora de contenidos relacionados con el empleo, la innovaci\u00f3n y la educaci\u00f3n.\",\"url\":\"https:\/\/empresas.infoempleo.com\/hrtrends\/author\/raquel-hernandez\/\"}]}<\/script>\n<!-- \/ Yoast SEO plugin. -->","yoast_head_json":{"title":"Reputaci\u00f3n corporativa, \u00bfqui\u00e9nes est\u00e1n en el top? | HRTRENDS","description":"La definici\u00f3n de reputaci\u00f3n corporativa es la nueva condici\u00f3n para un liderazgo exitoso, seg\u00fan la tesis de Justo Villafa\u00f1e.","robots":{"index":"index","follow":"follow","max-snippet":"max-snippet:-1","max-image-preview":"max-image-preview:large","max-video-preview":"max-video-preview:-1"},"canonical":"https:\/\/empresas.infoempleo.com\/hrtrends\/reputacion-corporativa-quienes-estan-en-el-top\/","og_locale":"es_ES","og_type":"article","og_title":"Reputaci\u00f3n corporativa, \u00bfqui\u00e9nes est\u00e1n en el top? | HRTRENDS","og_description":"La definici\u00f3n de reputaci\u00f3n corporativa es la nueva condici\u00f3n para un liderazgo exitoso, seg\u00fan la tesis de Justo Villafa\u00f1e.","og_url":"https:\/\/empresas.infoempleo.com\/hrtrends\/reputacion-corporativa-quienes-estan-en-el-top\/","og_site_name":"HRTRENDS","article_publisher":"https:\/\/www.facebook.com\/Infoempleo","article_published_time":"2021-02-24T05:30:50+00:00","og_image":[{"width":881,"height":587,"url":"https:\/\/empresas.infoempleo.com\/hrtrends\/media\/2021\/02\/HRTrends_Reputacion-corporativa.jpg","type":"image\/jpeg"}],"author":"Raquel Hern\u00e1ndez","twitter_card":"summary_large_image","twitter_creator":"@infoempleo","twitter_site":"@infoempleo","twitter_misc":{"Escrito por":"Raquel Hern\u00e1ndez","Tiempo de lectura":"3 minutos"},"schema":{"@context":"https:\/\/schema.org","@graph":[{"@type":"NewsArticle","@id":"https:\/\/empresas.infoempleo.com\/hrtrends\/reputacion-corporativa-quienes-estan-en-el-top\/#article","isPartOf":{"@id":"https:\/\/empresas.infoempleo.com\/hrtrends\/reputacion-corporativa-quienes-estan-en-el-top\/"},"author":{"name":"Raquel Hern\u00e1ndez","@id":"https:\/\/empresas.infoempleo.com\/hrtrends\/#\/schema\/person\/fb2f949a1461ff0e9e15996d82d3a787"},"headline":"Reputaci\u00f3n corporativa, \u00bfqui\u00e9nes est\u00e1n en el top?","datePublished":"2021-02-24T05:30:50+00:00","mainEntityOfPage":{"@id":"https:\/\/empresas.infoempleo.com\/hrtrends\/reputacion-corporativa-quienes-estan-en-el-top\/"},"wordCount":616,"publisher":{"@id":"https:\/\/empresas.infoempleo.com\/hrtrends\/#organization"},"image":{"@id":"https:\/\/empresas.infoempleo.com\/hrtrends\/reputacion-corporativa-quienes-estan-en-el-top\/#primaryimage"},"thumbnailUrl":"https:\/\/empresas.infoempleo.com\/hrtrends\/media\/2021\/02\/HRTrends_Reputacion-corporativa.jpg","keywords":["empresa","liderazgo","mercado laboral"],"articleSection":["Actualidad"],"inLanguage":"es","copyrightYear":"2021","copyrightHolder":{"@id":"https:\/\/empresas.infoempleo.com\/hrtrends\/#organization"}},{"@type":"WebPage","@id":"https:\/\/empresas.infoempleo.com\/hrtrends\/reputacion-corporativa-quienes-estan-en-el-top\/","url":"https:\/\/empresas.infoempleo.com\/hrtrends\/reputacion-corporativa-quienes-estan-en-el-top\/","name":"Reputaci\u00f3n corporativa, \u00bfqui\u00e9nes est\u00e1n en el top? | HRTRENDS","isPartOf":{"@id":"https:\/\/empresas.infoempleo.com\/hrtrends\/#website"},"primaryImageOfPage":{"@id":"https:\/\/empresas.infoempleo.com\/hrtrends\/reputacion-corporativa-quienes-estan-en-el-top\/#primaryimage"},"image":{"@id":"https:\/\/empresas.infoempleo.com\/hrtrends\/reputacion-corporativa-quienes-estan-en-el-top\/#primaryimage"},"thumbnailUrl":"https:\/\/empresas.infoempleo.com\/hrtrends\/media\/2021\/02\/HRTrends_Reputacion-corporativa.jpg","datePublished":"2021-02-24T05:30:50+00:00","description":"La definici\u00f3n de reputaci\u00f3n corporativa es la nueva condici\u00f3n para un liderazgo exitoso, seg\u00fan la tesis de Justo Villafa\u00f1e.","breadcrumb":{"@id":"https:\/\/empresas.infoempleo.com\/hrtrends\/reputacion-corporativa-quienes-estan-en-el-top\/#breadcrumb"},"inLanguage":"es","potentialAction":[{"@type":"ReadAction","target":["https:\/\/empresas.infoempleo.com\/hrtrends\/reputacion-corporativa-quienes-estan-en-el-top\/"]}]},{"@type":"ImageObject","inLanguage":"es","@id":"https:\/\/empresas.infoempleo.com\/hrtrends\/reputacion-corporativa-quienes-estan-en-el-top\/#primaryimage","url":"https:\/\/empresas.infoempleo.com\/hrtrends\/media\/2021\/02\/HRTrends_Reputacion-corporativa-150x150.jpg","contentUrl":"https:\/\/empresas.infoempleo.com\/hrtrends\/media\/2021\/02\/HRTrends_Reputacion-corporativa-150x150.jpg","width":150,"height":150,"caption":"Rankings que miden la reputaci\u00f3n corporativa"},{"@type":"BreadcrumbList","@id":"https:\/\/empresas.infoempleo.com\/hrtrends\/reputacion-corporativa-quienes-estan-en-el-top\/#breadcrumb","itemListElement":[{"@type":"ListItem","position":1,"name":"Portada","item":"https:\/\/empresas.infoempleo.com\/hrtrends\/"},{"@type":"ListItem","position":2,"name":"Reputaci\u00f3n corporativa, \u00bfqui\u00e9nes est\u00e1n en el top?"}]},{"@type":"WebSite","@id":"https:\/\/empresas.infoempleo.com\/hrtrends\/#website","url":"https:\/\/empresas.infoempleo.com\/hrtrends","name":"HRTrends by Infoempleo","description":"","publisher":{"@id":"https:\/\/empresas.infoempleo.com\/hrtrends\/#organization"},"potentialAction":{"@type":"SearchAction","target":"https:\/\/empresas.infoempleo.com\/hrtrends\/?s={search_term_string}","query-input":"required name=search_term_string"},"inLanguage":"es"},{"@type":"Organization","@id":"https:\/\/empresas.infoempleo.com\/hrtrends\/#organization","name":"Infoempleo","url":"https:\/\/www.infoempleo.com\/","logo":{"@type":"ImageObject","@id":"https:\/\/empresas.infoempleo.com\/hrtrends\/#logo","inLanguage":"es","url":"https:\/\/cdnazure.infoempleo.com\/infoempleo\/assets\/style\/gfx\/logo.svg","contentUrl":"https:\/\/cdnazure.infoempleo.com\/infoempleo\/assets\/style\/gfx\/logo.svg","width":150,"height":40,"caption":"Infoempleo"},"image":{"@id":"https:\/\/empresas.infoempleo.com\/hrtrends\/#logo"},"sameAs":["https:\/\/www.facebook.com\/Infoempleo","https:\/\/x.com\/infoempleo","http:\/\/instagram.com\/infoempleo\/","http:\/\/www.linkedin.com\/groups\/Empleo-Espa\u00f1a-Infoempleocom-111276","http:\/\/pinterest.com\/infoempleo\/"],"address":{"@type":"PostalAddress","addressLocality":"Madrid","postalCode":"28050","streetAddress":"Avenida de Burgos 114"},"brand":["Infoempleo"]},{"@type":"Person","@id":"https:\/\/empresas.infoempleo.com\/hrtrends\/#\/schema\/person\/fb2f949a1461ff0e9e15996d82d3a787","name":"Raquel Hern\u00e1ndez","image":{"@type":"ImageObject","inLanguage":"es","@id":"https:\/\/empresas.infoempleo.com\/hrtrends\/#\/schema\/person\/image\/","url":"https:\/\/secure.gravatar.com\/avatar\/4ccd374b24ab5eefd1b7681d8be968df221a577fa3ffa9dc4bb4b537645dc6a2?s=96&d=mm&r=g","contentUrl":"https:\/\/secure.gravatar.com\/avatar\/4ccd374b24ab5eefd1b7681d8be968df221a577fa3ffa9dc4bb4b537645dc6a2?s=96&d=mm&r=g","caption":"Raquel Hern\u00e1ndez"},"description":"M\u00e1ster en Filosof\u00eda Contempor\u00e1nea y Diploma Experto en Salud y G\u00e9nero. Extensa experiencia profesional como directora y productora de eventos culturales, especializada en el sector editorial. Lectora profesional y redactora de contenidos relacionados con el empleo, la innovaci\u00f3n y la educaci\u00f3n.","url":"https:\/\/empresas.infoempleo.com\/hrtrends\/author\/raquel-hernandez\/"}]}},"amp_enabled":true,"_links":{"self":[{"href":"https:\/\/empresas.infoempleo.com\/hrtrends\/wp-json\/wp\/v2\/posts\/38410","targetHints":{"allow":["GET"]}}],"collection":[{"href":"https:\/\/empresas.infoempleo.com\/hrtrends\/wp-json\/wp\/v2\/posts"}],"about":[{"href":"https:\/\/empresas.infoempleo.com\/hrtrends\/wp-json\/wp\/v2\/types\/post"}],"author":[{"embeddable":true,"href":"https:\/\/empresas.infoempleo.com\/hrtrends\/wp-json\/wp\/v2\/users\/136"}],"replies":[{"embeddable":true,"href":"https:\/\/empresas.infoempleo.com\/hrtrends\/wp-json\/wp\/v2\/comments?post=38410"}],"version-history":[{"count":2,"href":"https:\/\/empresas.infoempleo.com\/hrtrends\/wp-json\/wp\/v2\/posts\/38410\/revisions"}],"predecessor-version":[{"id":38414,"href":"https:\/\/empresas.infoempleo.com\/hrtrends\/wp-json\/wp\/v2\/posts\/38410\/revisions\/38414"}],"wp:featuredmedia":[{"embeddable":true,"href":"https:\/\/empresas.infoempleo.com\/hrtrends\/wp-json\/wp\/v2\/media\/38412"}],"wp:attachment":[{"href":"https:\/\/empresas.infoempleo.com\/hrtrends\/wp-json\/wp\/v2\/media?parent=38410"}],"wp:term":[{"taxonomy":"category","embeddable":true,"href":"https:\/\/empresas.infoempleo.com\/hrtrends\/wp-json\/wp\/v2\/categories?post=38410"},{"taxonomy":"post_tag","embeddable":true,"href":"https:\/\/empresas.infoempleo.com\/hrtrends\/wp-json\/wp\/v2\/tags?post=38410"}],"curies":[{"name":"wp","href":"https:\/\/api.w.org\/{rel}","templated":true}]}}