{"id":38405,"date":"2021-02-23T07:30:40","date_gmt":"2021-02-23T05:30:40","guid":{"rendered":"https:\/\/empresas.infoempleo.com\/hrtrends\/?p=38405"},"modified":"2021-02-23T08:16:15","modified_gmt":"2021-02-23T06:16:15","slug":"roadmap-para-mantener-el-talento-cualificado-en-la-empresa","status":"publish","type":"post","link":"https:\/\/empresas.infoempleo.com\/hrtrends\/roadmap-para-mantener-el-talento-cualificado-en-la-empresa\/","title":{"rendered":"<i>Roadmap<\/i> para mantener el talento cualificado en la empresa"},"content":{"rendered":"<p>La famosa frase \u201clo urgente impide atender lo importante\u201d recoge la idea esencial de este post: evitar que el trabajo diario y los cambios continuos quiten tiempo y espacio para el <strong>dise\u00f1o de un buen plan estrat\u00e9gico<\/strong>. En particular, en lo que a mantener el talento cualificado y comprometido con la compa\u00f1\u00eda se refiere. Y para ello, una soluci\u00f3n f\u00e1cil es elaborar un <strong><em>roadmap<\/em> temporal<\/strong> que, a modo de <em>Instrucciones para subir una escalera<\/em> citando a Cort\u00e1zar, permita que cada medida implementada sea un paso hacia la consecuci\u00f3n de objetivos.<\/p>\n<p><!--more--><\/p>\n<h2>Objetivo: mantener el talento cualificado<\/h2>\n<p>Y para ello \u00bfqu\u00e9 mejor manera que dedicar dos o tres d\u00edas a la elaboraci\u00f3n del plan en equipo? En esta <strong>definici\u00f3n de objetivos y metas<\/strong> es clave aportar <strong>autoexigencia<\/strong> y <strong>sentido com\u00fan<\/strong>. El proceso de construcci\u00f3n del <strong><em>roadmap<\/em><\/strong> genera un <em>momentum<\/em> entre sus participantes, inyectando mucha energ\u00eda y fuerte motivaci\u00f3n. Estas se traducen en la mejora del <em>engagement<\/em> y, por tanto, la <a href=\"https:\/\/empresas.infoempleo.com\/hrtrends\/tendencias-2021-en-gestion-del-talento\/\"><strong>continuidad del talento<\/strong><\/a> en la empresa.<\/p>\n<p>Sin embargo, el <strong>talento cualificado<\/strong> tiende a estar en <a href=\"https:\/\/empresas.infoempleo.com\/hrtrends\/como-reducir-la-alta-rotacion-en-una-empresa\/\"><strong>b\u00fasqueda permanente<\/strong><\/a> de mejores condiciones laborales. Algunas de las <strong>estrategias para atraer y retener<\/strong> talento humano ya las conoces: ofrecer programas de formaci\u00f3n, buenas condiciones salariales, proporcionar beneficios atractivos, incentivar, crear un buen ambiente laboral o dise\u00f1ar un plan de carrera para promoci\u00f3n interna del talento.<\/p>\n<h2>\u00bfQu\u00e9 es un <em>roadmap<\/em> estrat\u00e9gico?<\/h2>\n<p>Seguro que has escuchado a menudo la expresi\u00f3n <strong><em>hoja de ruta<\/em><\/strong> en temas de actualidad pol\u00edtica, es decir, una metodolog\u00eda que te lleva del punto A al punto B. Bien, esto es un <em>roadmap<\/em> estrat\u00e9gico cuando le a\u00f1ades una secuencia progresiva de decisiones y actuaciones para lograr ciertos objetivos. Tambi\u00e9n se podr\u00eda definir como <em>situar el norte<\/em>.<\/p>\n<p>Lo habitual era establecer un <em>planning<\/em> a 3 o 5 a\u00f1os. \u201cEra\u201d porque la pandemia ha obligado a desarrollar <em>roadmaps<\/em> estrat\u00e9gicos con una <strong>orientaci\u00f3n variable<\/strong>. Si antes se pod\u00eda prever el desarrollo de implementar ciertas medidas en este periodo, ahora la tendencia es <strong>establecer hitos manejando diferentes criterios<\/strong> y opciones de adaptaci\u00f3n a distintos escenarios.<\/p>\n<p>En este caso, <strong>tu <em>norte<\/em> es mantener el talento cualificado<\/strong> en la plantilla y, para ello, sigue siendo necesario establecer unos <strong>b\u00e1sicos<\/strong>. Tambi\u00e9n ser\u00e1 \u00fatil para <strong>unificar y orientar las decisiones<\/strong> de manera transversal y medir posteriormente el impacto. Por \u00faltimo, facilitar\u00e1 la <strong>comunicaci\u00f3n<\/strong> vertical y horizontal, lo cual es clave para reforzar el <em>engagement<\/em>.<\/p>\n<p><img loading=\"lazy\" decoding=\"async\" class=\"aligncenter wp-image-38406 size-full\" src=\"https:\/\/empresas.infoempleo.com\/hrtrends\/media\/2021\/02\/HRTrends_Retener-talento.jpg\" alt=\"\" width=\"800\" height=\"533\" srcset=\"https:\/\/empresas.infoempleo.com\/hrtrends\/media\/2021\/02\/HRTrends_Retener-talento.jpg 800w, https:\/\/empresas.infoempleo.com\/hrtrends\/media\/2021\/02\/HRTrends_Retener-talento-300x200.jpg 300w, https:\/\/empresas.infoempleo.com\/hrtrends\/media\/2021\/02\/HRTrends_Retener-talento-768x512.jpg 768w\" sizes=\"auto, (max-width: 800px) 100vw, 800px\" \/><\/p>\n<h2>L\u00ednea temporal: pasos<\/h2>\n<p>La tecnolog\u00eda aporta soluciones pr\u00e1cticas en muchos aspectos de la gesti\u00f3n empresarial hoy d\u00eda, y este es uno de ellos. La creaci\u00f3n del <em>roadmap<\/em> puede apoyarse en numerosas apps, como Asana, Jira o Monday, que faciliten el trabajo colaborativo y la visualizaci\u00f3n del progreso. El valor que aporta a la compa\u00f1\u00eda el <strong>talento cualificado es el fruto de un largo recorrido<\/strong>. Reconocer ese esfuerzo llena de <strong>orgullo<\/strong> a quien sabe lo que cuesta el \u00e9xito. Y se traduce en la alegr\u00eda de pertenecer al equipo que logr\u00f3 la victoria.<\/p>\n<p>Para elaborar este <em>roadmap<\/em> enfocado a la retenci\u00f3n del talento cualificado puedes seguir estos pasos:<\/p>\n<ul>\n<li>Define los <a href=\"https:\/\/empresas.infoempleo.com\/hrtrends\/valoracion-de-puestos-de-trabajo\"><strong>puestos de trabajo<\/strong><\/a> y sus competencias.<\/li>\n<li>Marca <strong>objetivos<\/strong><\/li>\n<li>Dise\u00f1a un programa de <strong>formaci\u00f3n<\/strong> ajustado a las necesidades de la plantilla.<\/li>\n<li>Establece un plan de <strong>comunicaci\u00f3n<\/strong> que incluya la evaluaci\u00f3n del desempe\u00f1o.<\/li>\n<li>Fortalece el <strong><em>teambuilding<\/em><\/strong>: actividades de ocio, <em>coaching<\/em> o retos compartidos.<\/li>\n<li>Planifica el reconocimiento con <strong>beneficios sociales<\/strong>: transporte, comida o conciliaci\u00f3n.<\/li>\n<\/ul>\n","protected":false},"excerpt":{"rendered":"<p>La famosa frase \u201clo urgente impide atender lo importante\u201d recoge la idea esencial de este post: evitar que<a class=\"moretag\" href=\"https:\/\/empresas.infoempleo.com\/hrtrends\/roadmap-para-mantener-el-talento-cualificado-en-la-empresa\/\"> Leer m\u00e1s<\/a><\/p>\n","protected":false},"author":136,"featured_media":38407,"comment_status":"closed","ping_status":"closed","sticky":false,"template":"","format":"standard","meta":{"footnotes":""},"categories":[3015],"tags":[3254,274,89],"class_list":["post-38405","post","type-post","status-publish","format-standard","has-post-thumbnail","hentry","category-recruiter-branding","tag-gestion-de-equipos","tag-motivacion","tag-talento"],"yoast_head":"<!-- This site is optimized with the Yoast SEO plugin v26.1.1 - https:\/\/yoast.com\/wordpress\/plugins\/seo\/ -->\n<title>Roadmap para mantener el talento cualificado en la empresa | HRTRENDS<\/title>\n<meta name=\"description\" content=\"El dise\u00f1o de un buen plan estrat\u00e9gico es f\u00e1cil con un roadmap temporal que gu\u00ede los pasos para incorporar talento cualificado en la empresa.\" \/>\n<meta name=\"robots\" content=\"index, follow, max-snippet:-1, max-image-preview:large, max-video-preview:-1\" \/>\n<link rel=\"canonical\" href=\"https:\/\/empresas.infoempleo.com\/hrtrends\/roadmap-para-mantener-el-talento-cualificado-en-la-empresa\/\" \/>\n<meta property=\"og:locale\" content=\"es_ES\" \/>\n<meta property=\"og:type\" content=\"article\" \/>\n<meta property=\"og:title\" content=\"Roadmap para mantener el talento cualificado en la empresa | HRTRENDS\" \/>\n<meta property=\"og:description\" content=\"El dise\u00f1o de un buen plan estrat\u00e9gico es f\u00e1cil con un roadmap temporal que gu\u00ede los pasos para incorporar talento cualificado en la empresa.\" \/>\n<meta property=\"og:url\" content=\"https:\/\/empresas.infoempleo.com\/hrtrends\/roadmap-para-mantener-el-talento-cualificado-en-la-empresa\/\" \/>\n<meta property=\"og:site_name\" content=\"HRTRENDS\" \/>\n<meta property=\"article:publisher\" content=\"https:\/\/www.facebook.com\/Infoempleo\" \/>\n<meta property=\"article:published_time\" content=\"2021-02-23T05:30:40+00:00\" \/>\n<meta property=\"article:modified_time\" content=\"2021-02-23T06:16:15+00:00\" \/>\n<meta property=\"og:image\" content=\"https:\/\/empresas.infoempleo.com\/hrtrends\/media\/2021\/02\/HRTrends_Roadmap-talento.jpg\" \/>\n\t<meta property=\"og:image:width\" content=\"881\" \/>\n\t<meta property=\"og:image:height\" content=\"595\" \/>\n\t<meta property=\"og:image:type\" content=\"image\/jpeg\" \/>\n<meta name=\"author\" content=\"Raquel Hern\u00e1ndez\" \/>\n<meta name=\"twitter:card\" content=\"summary_large_image\" \/>\n<meta name=\"twitter:creator\" content=\"@infoempleo\" \/>\n<meta name=\"twitter:site\" content=\"@infoempleo\" \/>\n<meta name=\"twitter:label1\" content=\"Escrito por\" \/>\n\t<meta name=\"twitter:data1\" content=\"Raquel Hern\u00e1ndez\" \/>\n\t<meta name=\"twitter:label2\" content=\"Tiempo de lectura\" \/>\n\t<meta name=\"twitter:data2\" content=\"3 minutos\" \/>\n<script type=\"application\/ld+json\" class=\"yoast-schema-graph\">{\"@context\":\"https:\/\/schema.org\",\"@graph\":[{\"@type\":\"NewsArticle\",\"@id\":\"https:\/\/empresas.infoempleo.com\/hrtrends\/roadmap-para-mantener-el-talento-cualificado-en-la-empresa\/#article\",\"isPartOf\":{\"@id\":\"https:\/\/empresas.infoempleo.com\/hrtrends\/roadmap-para-mantener-el-talento-cualificado-en-la-empresa\/\"},\"author\":{\"name\":\"Raquel Hern\u00e1ndez\",\"@id\":\"https:\/\/empresas.infoempleo.com\/hrtrends\/#\/schema\/person\/fb2f949a1461ff0e9e15996d82d3a787\"},\"headline\":\"Roadmap para mantener el talento cualificado en la empresa\",\"datePublished\":\"2021-02-23T05:30:40+00:00\",\"dateModified\":\"2021-02-23T06:16:15+00:00\",\"mainEntityOfPage\":{\"@id\":\"https:\/\/empresas.infoempleo.com\/hrtrends\/roadmap-para-mantener-el-talento-cualificado-en-la-empresa\/\"},\"wordCount\":608,\"publisher\":{\"@id\":\"https:\/\/empresas.infoempleo.com\/hrtrends\/#organization\"},\"image\":{\"@id\":\"https:\/\/empresas.infoempleo.com\/hrtrends\/roadmap-para-mantener-el-talento-cualificado-en-la-empresa\/#primaryimage\"},\"thumbnailUrl\":\"https:\/\/empresas.infoempleo.com\/hrtrends\/media\/2021\/02\/HRTrends_Roadmap-talento.jpg\",\"keywords\":[\"gesti\u00f3n de equipos\",\"motivaci\u00f3n\",\"talento\"],\"articleSection\":[\"Recruiter branding\"],\"inLanguage\":\"es\",\"copyrightYear\":\"2021\",\"copyrightHolder\":{\"@id\":\"https:\/\/empresas.infoempleo.com\/hrtrends\/#organization\"}},{\"@type\":\"WebPage\",\"@id\":\"https:\/\/empresas.infoempleo.com\/hrtrends\/roadmap-para-mantener-el-talento-cualificado-en-la-empresa\/\",\"url\":\"https:\/\/empresas.infoempleo.com\/hrtrends\/roadmap-para-mantener-el-talento-cualificado-en-la-empresa\/\",\"name\":\"Roadmap para mantener el talento cualificado en la empresa | HRTRENDS\",\"isPartOf\":{\"@id\":\"https:\/\/empresas.infoempleo.com\/hrtrends\/#website\"},\"primaryImageOfPage\":{\"@id\":\"https:\/\/empresas.infoempleo.com\/hrtrends\/roadmap-para-mantener-el-talento-cualificado-en-la-empresa\/#primaryimage\"},\"image\":{\"@id\":\"https:\/\/empresas.infoempleo.com\/hrtrends\/roadmap-para-mantener-el-talento-cualificado-en-la-empresa\/#primaryimage\"},\"thumbnailUrl\":\"https:\/\/empresas.infoempleo.com\/hrtrends\/media\/2021\/02\/HRTrends_Roadmap-talento.jpg\",\"datePublished\":\"2021-02-23T05:30:40+00:00\",\"dateModified\":\"2021-02-23T06:16:15+00:00\",\"description\":\"El dise\u00f1o de un buen plan estrat\u00e9gico es f\u00e1cil con un roadmap temporal que gu\u00ede los pasos para incorporar talento cualificado en la empresa.\",\"breadcrumb\":{\"@id\":\"https:\/\/empresas.infoempleo.com\/hrtrends\/roadmap-para-mantener-el-talento-cualificado-en-la-empresa\/#breadcrumb\"},\"inLanguage\":\"es\",\"potentialAction\":[{\"@type\":\"ReadAction\",\"target\":[\"https:\/\/empresas.infoempleo.com\/hrtrends\/roadmap-para-mantener-el-talento-cualificado-en-la-empresa\/\"]}]},{\"@type\":\"ImageObject\",\"inLanguage\":\"es\",\"@id\":\"https:\/\/empresas.infoempleo.com\/hrtrends\/roadmap-para-mantener-el-talento-cualificado-en-la-empresa\/#primaryimage\",\"url\":\"https:\/\/empresas.infoempleo.com\/hrtrends\/media\/2021\/02\/HRTrends_Roadmap-talento-150x150.jpg\",\"contentUrl\":\"https:\/\/empresas.infoempleo.com\/hrtrends\/media\/2021\/02\/HRTrends_Roadmap-talento-150x150.jpg\",\"width\":150,\"height\":150},{\"@type\":\"BreadcrumbList\",\"@id\":\"https:\/\/empresas.infoempleo.com\/hrtrends\/roadmap-para-mantener-el-talento-cualificado-en-la-empresa\/#breadcrumb\",\"itemListElement\":[{\"@type\":\"ListItem\",\"position\":1,\"name\":\"Portada\",\"item\":\"https:\/\/empresas.infoempleo.com\/hrtrends\/\"},{\"@type\":\"ListItem\",\"position\":2,\"name\":\"Roadmap para mantener el talento cualificado en la empresa\"}]},{\"@type\":\"WebSite\",\"@id\":\"https:\/\/empresas.infoempleo.com\/hrtrends\/#website\",\"url\":\"https:\/\/empresas.infoempleo.com\/hrtrends\",\"name\":\"HRTrends by Infoempleo\",\"description\":\"\",\"publisher\":{\"@id\":\"https:\/\/empresas.infoempleo.com\/hrtrends\/#organization\"},\"potentialAction\":{\"@type\":\"SearchAction\",\"target\":\"https:\/\/empresas.infoempleo.com\/hrtrends\/?s={search_term_string}\",\"query-input\":\"required name=search_term_string\"},\"inLanguage\":\"es\"},{\"@type\":\"Organization\",\"@id\":\"https:\/\/empresas.infoempleo.com\/hrtrends\/#organization\",\"name\":\"Infoempleo\",\"url\":\"https:\/\/www.infoempleo.com\/\",\"logo\":{\"@type\":\"ImageObject\",\"@id\":\"https:\/\/empresas.infoempleo.com\/hrtrends\/#logo\",\"inLanguage\":\"es\",\"url\":\"https:\/\/cdnazure.infoempleo.com\/infoempleo\/assets\/style\/gfx\/logo.svg\",\"contentUrl\":\"https:\/\/cdnazure.infoempleo.com\/infoempleo\/assets\/style\/gfx\/logo.svg\",\"width\":150,\"height\":40,\"caption\":\"Infoempleo\"},\"image\":{\"@id\":\"https:\/\/empresas.infoempleo.com\/hrtrends\/#logo\"},\"sameAs\":[\"https:\/\/www.facebook.com\/Infoempleo\",\"https:\/\/x.com\/infoempleo\",\"http:\/\/instagram.com\/infoempleo\/\",\"http:\/\/www.linkedin.com\/groups\/Empleo-Espa\u00f1a-Infoempleocom-111276\",\"http:\/\/pinterest.com\/infoempleo\/\"],\"address\":{\"@type\":\"PostalAddress\",\"addressLocality\":\"Madrid\",\"postalCode\":\"28050\",\"streetAddress\":\"Avenida de Burgos 114\"},\"brand\":[\"Infoempleo\"]},{\"@type\":\"Person\",\"@id\":\"https:\/\/empresas.infoempleo.com\/hrtrends\/#\/schema\/person\/fb2f949a1461ff0e9e15996d82d3a787\",\"name\":\"Raquel Hern\u00e1ndez\",\"image\":{\"@type\":\"ImageObject\",\"inLanguage\":\"es\",\"@id\":\"https:\/\/empresas.infoempleo.com\/hrtrends\/#\/schema\/person\/image\/\",\"url\":\"https:\/\/secure.gravatar.com\/avatar\/4ccd374b24ab5eefd1b7681d8be968df221a577fa3ffa9dc4bb4b537645dc6a2?s=96&d=mm&r=g\",\"contentUrl\":\"https:\/\/secure.gravatar.com\/avatar\/4ccd374b24ab5eefd1b7681d8be968df221a577fa3ffa9dc4bb4b537645dc6a2?s=96&d=mm&r=g\",\"caption\":\"Raquel Hern\u00e1ndez\"},\"description\":\"M\u00e1ster en Filosof\u00eda Contempor\u00e1nea y Diploma Experto en Salud y G\u00e9nero. Extensa experiencia profesional como directora y productora de eventos culturales, especializada en el sector editorial. Lectora profesional y redactora de contenidos relacionados con el empleo, la innovaci\u00f3n y la educaci\u00f3n.\",\"url\":\"https:\/\/empresas.infoempleo.com\/hrtrends\/author\/raquel-hernandez\/\"}]}<\/script>\n<!-- \/ Yoast SEO plugin. -->","yoast_head_json":{"title":"Roadmap para mantener el talento cualificado en la empresa | HRTRENDS","description":"El dise\u00f1o de un buen plan estrat\u00e9gico es f\u00e1cil con un roadmap temporal que gu\u00ede los pasos para incorporar talento cualificado en la empresa.","robots":{"index":"index","follow":"follow","max-snippet":"max-snippet:-1","max-image-preview":"max-image-preview:large","max-video-preview":"max-video-preview:-1"},"canonical":"https:\/\/empresas.infoempleo.com\/hrtrends\/roadmap-para-mantener-el-talento-cualificado-en-la-empresa\/","og_locale":"es_ES","og_type":"article","og_title":"Roadmap para mantener el talento cualificado en la empresa | HRTRENDS","og_description":"El dise\u00f1o de un buen plan estrat\u00e9gico es f\u00e1cil con un roadmap temporal que gu\u00ede los pasos para incorporar talento cualificado en la empresa.","og_url":"https:\/\/empresas.infoempleo.com\/hrtrends\/roadmap-para-mantener-el-talento-cualificado-en-la-empresa\/","og_site_name":"HRTRENDS","article_publisher":"https:\/\/www.facebook.com\/Infoempleo","article_published_time":"2021-02-23T05:30:40+00:00","article_modified_time":"2021-02-23T06:16:15+00:00","og_image":[{"width":881,"height":595,"url":"https:\/\/empresas.infoempleo.com\/hrtrends\/media\/2021\/02\/HRTrends_Roadmap-talento.jpg","type":"image\/jpeg"}],"author":"Raquel Hern\u00e1ndez","twitter_card":"summary_large_image","twitter_creator":"@infoempleo","twitter_site":"@infoempleo","twitter_misc":{"Escrito por":"Raquel Hern\u00e1ndez","Tiempo de lectura":"3 minutos"},"schema":{"@context":"https:\/\/schema.org","@graph":[{"@type":"NewsArticle","@id":"https:\/\/empresas.infoempleo.com\/hrtrends\/roadmap-para-mantener-el-talento-cualificado-en-la-empresa\/#article","isPartOf":{"@id":"https:\/\/empresas.infoempleo.com\/hrtrends\/roadmap-para-mantener-el-talento-cualificado-en-la-empresa\/"},"author":{"name":"Raquel Hern\u00e1ndez","@id":"https:\/\/empresas.infoempleo.com\/hrtrends\/#\/schema\/person\/fb2f949a1461ff0e9e15996d82d3a787"},"headline":"Roadmap para mantener el talento cualificado en la empresa","datePublished":"2021-02-23T05:30:40+00:00","dateModified":"2021-02-23T06:16:15+00:00","mainEntityOfPage":{"@id":"https:\/\/empresas.infoempleo.com\/hrtrends\/roadmap-para-mantener-el-talento-cualificado-en-la-empresa\/"},"wordCount":608,"publisher":{"@id":"https:\/\/empresas.infoempleo.com\/hrtrends\/#organization"},"image":{"@id":"https:\/\/empresas.infoempleo.com\/hrtrends\/roadmap-para-mantener-el-talento-cualificado-en-la-empresa\/#primaryimage"},"thumbnailUrl":"https:\/\/empresas.infoempleo.com\/hrtrends\/media\/2021\/02\/HRTrends_Roadmap-talento.jpg","keywords":["gesti\u00f3n de equipos","motivaci\u00f3n","talento"],"articleSection":["Recruiter branding"],"inLanguage":"es","copyrightYear":"2021","copyrightHolder":{"@id":"https:\/\/empresas.infoempleo.com\/hrtrends\/#organization"}},{"@type":"WebPage","@id":"https:\/\/empresas.infoempleo.com\/hrtrends\/roadmap-para-mantener-el-talento-cualificado-en-la-empresa\/","url":"https:\/\/empresas.infoempleo.com\/hrtrends\/roadmap-para-mantener-el-talento-cualificado-en-la-empresa\/","name":"Roadmap para mantener el talento cualificado en la empresa | HRTRENDS","isPartOf":{"@id":"https:\/\/empresas.infoempleo.com\/hrtrends\/#website"},"primaryImageOfPage":{"@id":"https:\/\/empresas.infoempleo.com\/hrtrends\/roadmap-para-mantener-el-talento-cualificado-en-la-empresa\/#primaryimage"},"image":{"@id":"https:\/\/empresas.infoempleo.com\/hrtrends\/roadmap-para-mantener-el-talento-cualificado-en-la-empresa\/#primaryimage"},"thumbnailUrl":"https:\/\/empresas.infoempleo.com\/hrtrends\/media\/2021\/02\/HRTrends_Roadmap-talento.jpg","datePublished":"2021-02-23T05:30:40+00:00","dateModified":"2021-02-23T06:16:15+00:00","description":"El dise\u00f1o de un buen plan estrat\u00e9gico es f\u00e1cil con un roadmap temporal que gu\u00ede los pasos para incorporar talento cualificado en la empresa.","breadcrumb":{"@id":"https:\/\/empresas.infoempleo.com\/hrtrends\/roadmap-para-mantener-el-talento-cualificado-en-la-empresa\/#breadcrumb"},"inLanguage":"es","potentialAction":[{"@type":"ReadAction","target":["https:\/\/empresas.infoempleo.com\/hrtrends\/roadmap-para-mantener-el-talento-cualificado-en-la-empresa\/"]}]},{"@type":"ImageObject","inLanguage":"es","@id":"https:\/\/empresas.infoempleo.com\/hrtrends\/roadmap-para-mantener-el-talento-cualificado-en-la-empresa\/#primaryimage","url":"https:\/\/empresas.infoempleo.com\/hrtrends\/media\/2021\/02\/HRTrends_Roadmap-talento-150x150.jpg","contentUrl":"https:\/\/empresas.infoempleo.com\/hrtrends\/media\/2021\/02\/HRTrends_Roadmap-talento-150x150.jpg","width":150,"height":150},{"@type":"BreadcrumbList","@id":"https:\/\/empresas.infoempleo.com\/hrtrends\/roadmap-para-mantener-el-talento-cualificado-en-la-empresa\/#breadcrumb","itemListElement":[{"@type":"ListItem","position":1,"name":"Portada","item":"https:\/\/empresas.infoempleo.com\/hrtrends\/"},{"@type":"ListItem","position":2,"name":"Roadmap para mantener el talento cualificado en la empresa"}]},{"@type":"WebSite","@id":"https:\/\/empresas.infoempleo.com\/hrtrends\/#website","url":"https:\/\/empresas.infoempleo.com\/hrtrends","name":"HRTrends by Infoempleo","description":"","publisher":{"@id":"https:\/\/empresas.infoempleo.com\/hrtrends\/#organization"},"potentialAction":{"@type":"SearchAction","target":"https:\/\/empresas.infoempleo.com\/hrtrends\/?s={search_term_string}","query-input":"required name=search_term_string"},"inLanguage":"es"},{"@type":"Organization","@id":"https:\/\/empresas.infoempleo.com\/hrtrends\/#organization","name":"Infoempleo","url":"https:\/\/www.infoempleo.com\/","logo":{"@type":"ImageObject","@id":"https:\/\/empresas.infoempleo.com\/hrtrends\/#logo","inLanguage":"es","url":"https:\/\/cdnazure.infoempleo.com\/infoempleo\/assets\/style\/gfx\/logo.svg","contentUrl":"https:\/\/cdnazure.infoempleo.com\/infoempleo\/assets\/style\/gfx\/logo.svg","width":150,"height":40,"caption":"Infoempleo"},"image":{"@id":"https:\/\/empresas.infoempleo.com\/hrtrends\/#logo"},"sameAs":["https:\/\/www.facebook.com\/Infoempleo","https:\/\/x.com\/infoempleo","http:\/\/instagram.com\/infoempleo\/","http:\/\/www.linkedin.com\/groups\/Empleo-Espa\u00f1a-Infoempleocom-111276","http:\/\/pinterest.com\/infoempleo\/"],"address":{"@type":"PostalAddress","addressLocality":"Madrid","postalCode":"28050","streetAddress":"Avenida de Burgos 114"},"brand":["Infoempleo"]},{"@type":"Person","@id":"https:\/\/empresas.infoempleo.com\/hrtrends\/#\/schema\/person\/fb2f949a1461ff0e9e15996d82d3a787","name":"Raquel Hern\u00e1ndez","image":{"@type":"ImageObject","inLanguage":"es","@id":"https:\/\/empresas.infoempleo.com\/hrtrends\/#\/schema\/person\/image\/","url":"https:\/\/secure.gravatar.com\/avatar\/4ccd374b24ab5eefd1b7681d8be968df221a577fa3ffa9dc4bb4b537645dc6a2?s=96&d=mm&r=g","contentUrl":"https:\/\/secure.gravatar.com\/avatar\/4ccd374b24ab5eefd1b7681d8be968df221a577fa3ffa9dc4bb4b537645dc6a2?s=96&d=mm&r=g","caption":"Raquel Hern\u00e1ndez"},"description":"M\u00e1ster en Filosof\u00eda Contempor\u00e1nea y Diploma Experto en Salud y G\u00e9nero. Extensa experiencia profesional como directora y productora de eventos culturales, especializada en el sector editorial. Lectora profesional y redactora de contenidos relacionados con el empleo, la innovaci\u00f3n y la educaci\u00f3n.","url":"https:\/\/empresas.infoempleo.com\/hrtrends\/author\/raquel-hernandez\/"}]}},"amp_enabled":true,"_links":{"self":[{"href":"https:\/\/empresas.infoempleo.com\/hrtrends\/wp-json\/wp\/v2\/posts\/38405","targetHints":{"allow":["GET"]}}],"collection":[{"href":"https:\/\/empresas.infoempleo.com\/hrtrends\/wp-json\/wp\/v2\/posts"}],"about":[{"href":"https:\/\/empresas.infoempleo.com\/hrtrends\/wp-json\/wp\/v2\/types\/post"}],"author":[{"embeddable":true,"href":"https:\/\/empresas.infoempleo.com\/hrtrends\/wp-json\/wp\/v2\/users\/136"}],"replies":[{"embeddable":true,"href":"https:\/\/empresas.infoempleo.com\/hrtrends\/wp-json\/wp\/v2\/comments?post=38405"}],"version-history":[{"count":2,"href":"https:\/\/empresas.infoempleo.com\/hrtrends\/wp-json\/wp\/v2\/posts\/38405\/revisions"}],"predecessor-version":[{"id":38409,"href":"https:\/\/empresas.infoempleo.com\/hrtrends\/wp-json\/wp\/v2\/posts\/38405\/revisions\/38409"}],"wp:featuredmedia":[{"embeddable":true,"href":"https:\/\/empresas.infoempleo.com\/hrtrends\/wp-json\/wp\/v2\/media\/38407"}],"wp:attachment":[{"href":"https:\/\/empresas.infoempleo.com\/hrtrends\/wp-json\/wp\/v2\/media?parent=38405"}],"wp:term":[{"taxonomy":"category","embeddable":true,"href":"https:\/\/empresas.infoempleo.com\/hrtrends\/wp-json\/wp\/v2\/categories?post=38405"},{"taxonomy":"post_tag","embeddable":true,"href":"https:\/\/empresas.infoempleo.com\/hrtrends\/wp-json\/wp\/v2\/tags?post=38405"}],"curies":[{"name":"wp","href":"https:\/\/api.w.org\/{rel}","templated":true}]}}