{"id":38152,"date":"2020-12-17T07:30:51","date_gmt":"2020-12-17T05:30:51","guid":{"rendered":"https:\/\/empresas.infoempleo.com\/hrtrends\/?p=38152"},"modified":"2025-01-24T13:19:08","modified_gmt":"2025-01-24T11:19:08","slug":"que-no-hacer-con-los-empleados-dificiles","status":"publish","type":"post","link":"https:\/\/empresas.infoempleo.com\/hrtrends\/que-no-hacer-con-los-empleados-dificiles\/","title":{"rendered":"Qu\u00e9 no hacer con los empleados dif\u00edciles"},"content":{"rendered":"<p>Empezaremos diciendo que <strong>no hay empleados dif\u00edciles si no actitudes poco emp\u00e1ticas<\/strong> o aspectos individualistas o poco colaborativos en las personas en mayor o menor grado. De esta manera se obtiene un marco m\u00e1s amplio desde el que poder <strong>abordar un problema sin caer en la personalizaci\u00f3n<\/strong>. As\u00ed, adem\u00e1s, <strong>se tiene margen de mejora<\/strong> cuando la explicaci\u00f3n a determinados comportamientos tiene su origen en cuestiones que competen a la empresa.<\/p>\n<p><!--more--><\/p>\n<h2>Dar perspectiva para tener mayores garant\u00edas de \u00e9xito<\/h2>\n<p>La actitud de un empleado dif\u00edcil puede ser muy lesiva por s\u00ed misma. Pero es habitual que <strong>quien adopta una postura negativa la vea reforzada<\/strong> por otras personas que, aunque no llevan la voz cantante, se alinean con esa actitud. Esto contribuye a multiplicar y propagar un mal ambiente. Por tanto, ampliar el \u00e1ngulo de visi\u00f3n para abordarlo con mayor perspectiva ayudar\u00e1 a que la respuesta tenga mayor solidez y sea sostenible en el tiempo.<\/p>\n<p>La causa puede ser la expresi\u00f3n de un problema estructural en una cultura empresarial donde <strong>se premie la competencia frente a la colaboraci\u00f3n<\/strong> y se f<strong>omenten actitudes arribistas<\/strong> mediante sistemas de ascensos poco transparentes, favoritismos o discriminaci\u00f3n. Fomentarlas es tan sencillo como permitirlas.<\/p>\n<p>Estas son las actuaciones que <strong>no ayudan a atajar el problema<\/strong> o, lejos de esto, lo perpet\u00faan.<\/p>\n<p><img loading=\"lazy\" decoding=\"async\" class=\"aligncenter wp-image-38155 size-full\" src=\"https:\/\/empresas.infoempleo.com\/hrtrends\/media\/2020\/12\/HRTrends_Mejorar-clima-laboral.jpg\" alt=\"Tratar con empleados dif\u00edciles\" width=\"800\" height=\"533\" srcset=\"https:\/\/empresas.infoempleo.com\/hrtrends\/media\/2020\/12\/HRTrends_Mejorar-clima-laboral.jpg 800w, https:\/\/empresas.infoempleo.com\/hrtrends\/media\/2020\/12\/HRTrends_Mejorar-clima-laboral-300x200.jpg 300w, https:\/\/empresas.infoempleo.com\/hrtrends\/media\/2020\/12\/HRTrends_Mejorar-clima-laboral-768x512.jpg 768w\" sizes=\"auto, (max-width: 800px) 100vw, 800px\" \/><\/p>\n<h2>No identificar d\u00f3nde est\u00e1 el problema<\/h2>\n<p>Implantar medidas para todo el mundo por igual sin antes delimitar donde est\u00e1 el problema puede provocar el efecto contrario al que se desea. Establecer un buen sistema de comunicaci\u00f3n interna multidireccional para favorecer la expresi\u00f3n de malestar es garantizar que se identificar\u00e1n y acotar\u00e1n los problemas a tiempo. Cuando se localiza d\u00f3nde est\u00e1 el problema <strong>escuchar a quien o quienes lo generan <\/strong>es fundamental para poder dar con una soluci\u00f3n satisfactoria. En este sentido, frente a determinados comportamientos es recomendable que se trate en privado con la persona y no de forma p\u00fablica.<\/p>\n<h2>Minimizar el impacto de una mala actitud<\/h2>\n<p>O generar tolerancia respecto al mal ambiente. Hay <a href=\"https:\/\/empresas.infoempleo.com\/hrtrends\/tratar-con-empleados-dificiles\">personas a las que se les perdona tener actitudes negativas<\/a> porque \u201cson as\u00ed\u201d o en <strong>beneficio de su gran desempe\u00f1o en el trabajo.<\/strong> Lo cierto es que si ese empleado est\u00e1 construyendo un clima de desapego o de rechazo irrespirable y no se ataja el peligro est\u00e1 en que sea el resto quien abandone la empresa.<\/p>\n<h2>No actuar con rapidez y contundencia<\/h2>\n<p>Tras un an\u00e1lisis de lo que puede estar pasando es importante <strong>actuar lo antes posible para que no se enquiste<\/strong>. Esperar a que se solucione por si solo puede provocar que el mal ambiente se extienda y perder talento y la motivaci\u00f3n de otros trabajadores.<\/p>\n<h2>Negar lo que est\u00e1 ocurriendo<\/h2>\n<p>Restar credibilidad a las personas que denuncian determinadas actitudes, maquillarlas o pensar que se est\u00e1 exagerando porque resulta inc\u00f3modo, o directamente problem\u00e1tico. Ocurre en el <strong>acoso sexual en el trabajo que sufren las mujeres<\/strong>, fundamentalmente. Se le quita importancia a actitudes sexistas o machistas por parte de algunos trabajadores o superiores por tener interiorizadas determinadas pr\u00e1cticas y comentarios al ser comunes en otros \u00e1mbitos o la sociedad en general. Tambi\u00e9n ocurre con la expresi\u00f3n del colectivo LGTBIQ, las personas racializadas o con personas con discapacidad. Talleres que ayuden a identificar estas actitudes, a veces, incluso inconscientes, servir\u00e1n tanto para <strong>visibilizar la postura de la empresa respecto a este tema<\/strong> como para ayudar a identificar y erradicar determinadas actitudes que pueden crear un ambiente asfixiante en los trabajos.<\/p>\n<h2>Ser equidistante<\/h2>\n<p>Cuando hay un problema entre dos trabajadores que <a href=\"https:\/\/blog.infoempleo.com\/a\/mobbing-acoso-laboral\/\" target=\"_blank\" rel=\"noopener\"><strong>est\u00e1 atentando contra la dignidad de uno de ellos<\/strong> <\/a>es importante tomar partido y evitar la equidistancia. Si se est\u00e1n vulnerando los derechos de un empleado es fundamental posicionarse, si no personalmente, s\u00ed apelando al c\u00f3digo \u00e9tico y de conducta de la compa\u00f1\u00eda. Pensar que son simplemente diferentes formas de pensar que tienen cabida por igual es <strong>permitir conductas de hostigamiento contra las personas y sus derechos laborales<\/strong>.<\/p>\n<h2>No ser trasparente<\/h2>\n<p>Sobre todo, en los itinerarios de ascenso y dejar que se instale la sensaci\u00f3n de que en la empresa <strong>se progresa gracias a criterios ajenos a lo laboral<\/strong> (enchufismo, etc). Hay jefes que pueden utilizar estas estrategias para <strong>imponer el silencio frente a comportamientos lesivos <\/strong>para la convivencia de m\u00e1s personas gracias a los favores que otorga por su posici\u00f3n dentro del organigrama. No tener un sistema claro de redenci\u00f3n de cuentas y dejarlo al estilo de cada cual puede ser fuente de conflictividad.<\/p>\n","protected":false},"excerpt":{"rendered":"<p>Empezaremos diciendo que no hay empleados dif\u00edciles si no actitudes poco emp\u00e1ticas o aspectos individualistas o poco colaborativos<a class=\"moretag\" href=\"https:\/\/empresas.infoempleo.com\/hrtrends\/que-no-hacer-con-los-empleados-dificiles\/\"> Leer m\u00e1s<\/a><\/p>\n","protected":false},"author":29,"featured_media":38156,"comment_status":"closed","ping_status":"closed","sticky":false,"template":"","format":"standard","meta":{"footnotes":""},"categories":[3,3035],"tags":[2314,21,274],"class_list":["post-38152","post","type-post","status-publish","format-standard","has-post-thumbnail","hentry","category-actualidad","category-consejos","tag-ambiente-laboral","tag-liderazgo","tag-motivacion"],"yoast_head":"<!-- This site is optimized with the Yoast SEO plugin v26.1.1 - https:\/\/yoast.com\/wordpress\/plugins\/seo\/ -->\n<title>Qu\u00e9 no hacer con los empleados dif\u00edciles | HRTRENDS<\/title>\n<meta name=\"description\" content=\"No hay empleados dif\u00edciles si no actitudes poco emp\u00e1ticas o aspectos individualistas o poco colaborativos en mayor o menor grado.\" \/>\n<meta name=\"robots\" content=\"index, follow, max-snippet:-1, max-image-preview:large, max-video-preview:-1\" \/>\n<link rel=\"canonical\" href=\"https:\/\/empresas.infoempleo.com\/hrtrends\/que-no-hacer-con-los-empleados-dificiles\/\" \/>\n<meta property=\"og:locale\" content=\"es_ES\" \/>\n<meta property=\"og:type\" content=\"article\" \/>\n<meta property=\"og:title\" content=\"Qu\u00e9 no hacer con los empleados dif\u00edciles | HRTRENDS\" \/>\n<meta property=\"og:description\" content=\"No hay empleados dif\u00edciles si no actitudes poco emp\u00e1ticas o aspectos individualistas o poco colaborativos en mayor o menor grado.\" \/>\n<meta property=\"og:url\" content=\"https:\/\/empresas.infoempleo.com\/hrtrends\/que-no-hacer-con-los-empleados-dificiles\/\" \/>\n<meta property=\"og:site_name\" content=\"HRTRENDS\" \/>\n<meta property=\"article:publisher\" content=\"https:\/\/www.facebook.com\/Infoempleo\" \/>\n<meta property=\"article:published_time\" content=\"2020-12-17T05:30:51+00:00\" \/>\n<meta property=\"article:modified_time\" content=\"2025-01-24T11:19:08+00:00\" \/>\n<meta property=\"og:image\" content=\"https:\/\/empresas.infoempleo.com\/hrtrends\/media\/2020\/12\/HRTrends_empleados-dificiles.jpg\" \/>\n\t<meta property=\"og:image:width\" content=\"881\" \/>\n\t<meta property=\"og:image:height\" content=\"588\" \/>\n\t<meta property=\"og:image:type\" content=\"image\/jpeg\" \/>\n<meta name=\"author\" content=\"Luisa Carrasco\" \/>\n<meta name=\"twitter:card\" content=\"summary_large_image\" \/>\n<meta name=\"twitter:creator\" content=\"@infoempleo\" \/>\n<meta name=\"twitter:site\" content=\"@infoempleo\" \/>\n<meta name=\"twitter:label1\" content=\"Escrito por\" \/>\n\t<meta name=\"twitter:data1\" content=\"Luisa Carrasco\" \/>\n\t<meta name=\"twitter:label2\" content=\"Tiempo de lectura\" \/>\n\t<meta name=\"twitter:data2\" content=\"4 minutos\" \/>\n<script type=\"application\/ld+json\" class=\"yoast-schema-graph\">{\"@context\":\"https:\/\/schema.org\",\"@graph\":[{\"@type\":\"NewsArticle\",\"@id\":\"https:\/\/empresas.infoempleo.com\/hrtrends\/que-no-hacer-con-los-empleados-dificiles\/#article\",\"isPartOf\":{\"@id\":\"https:\/\/empresas.infoempleo.com\/hrtrends\/que-no-hacer-con-los-empleados-dificiles\/\"},\"author\":{\"name\":\"Luisa Carrasco\",\"@id\":\"https:\/\/empresas.infoempleo.com\/hrtrends\/#\/schema\/person\/32ca57975913668419d075627a98dafe\"},\"headline\":\"Qu\u00e9 no hacer con los empleados dif\u00edciles\",\"datePublished\":\"2020-12-17T05:30:51+00:00\",\"dateModified\":\"2025-01-24T11:19:08+00:00\",\"mainEntityOfPage\":{\"@id\":\"https:\/\/empresas.infoempleo.com\/hrtrends\/que-no-hacer-con-los-empleados-dificiles\/\"},\"wordCount\":777,\"publisher\":{\"@id\":\"https:\/\/empresas.infoempleo.com\/hrtrends\/#organization\"},\"image\":{\"@id\":\"https:\/\/empresas.infoempleo.com\/hrtrends\/que-no-hacer-con-los-empleados-dificiles\/#primaryimage\"},\"thumbnailUrl\":\"https:\/\/empresas.infoempleo.com\/hrtrends\/media\/2020\/12\/HRTrends_empleados-dificiles.jpg\",\"keywords\":[\"ambiente laboral\",\"liderazgo\",\"motivaci\u00f3n\"],\"articleSection\":[\"Actualidad\",\"Consejos\"],\"inLanguage\":\"es\",\"copyrightYear\":\"2020\",\"copyrightHolder\":{\"@id\":\"https:\/\/empresas.infoempleo.com\/hrtrends\/#organization\"}},{\"@type\":\"WebPage\",\"@id\":\"https:\/\/empresas.infoempleo.com\/hrtrends\/que-no-hacer-con-los-empleados-dificiles\/\",\"url\":\"https:\/\/empresas.infoempleo.com\/hrtrends\/que-no-hacer-con-los-empleados-dificiles\/\",\"name\":\"Qu\u00e9 no hacer con los empleados dif\u00edciles | HRTRENDS\",\"isPartOf\":{\"@id\":\"https:\/\/empresas.infoempleo.com\/hrtrends\/#website\"},\"primaryImageOfPage\":{\"@id\":\"https:\/\/empresas.infoempleo.com\/hrtrends\/que-no-hacer-con-los-empleados-dificiles\/#primaryimage\"},\"image\":{\"@id\":\"https:\/\/empresas.infoempleo.com\/hrtrends\/que-no-hacer-con-los-empleados-dificiles\/#primaryimage\"},\"thumbnailUrl\":\"https:\/\/empresas.infoempleo.com\/hrtrends\/media\/2020\/12\/HRTrends_empleados-dificiles.jpg\",\"datePublished\":\"2020-12-17T05:30:51+00:00\",\"dateModified\":\"2025-01-24T11:19:08+00:00\",\"description\":\"No hay empleados dif\u00edciles si no actitudes poco emp\u00e1ticas o aspectos individualistas o poco colaborativos en mayor o menor grado.\",\"breadcrumb\":{\"@id\":\"https:\/\/empresas.infoempleo.com\/hrtrends\/que-no-hacer-con-los-empleados-dificiles\/#breadcrumb\"},\"inLanguage\":\"es\",\"potentialAction\":[{\"@type\":\"ReadAction\",\"target\":[\"https:\/\/empresas.infoempleo.com\/hrtrends\/que-no-hacer-con-los-empleados-dificiles\/\"]}]},{\"@type\":\"ImageObject\",\"inLanguage\":\"es\",\"@id\":\"https:\/\/empresas.infoempleo.com\/hrtrends\/que-no-hacer-con-los-empleados-dificiles\/#primaryimage\",\"url\":\"https:\/\/empresas.infoempleo.com\/hrtrends\/media\/2020\/12\/HRTrends_empleados-dificiles-150x150.jpg\",\"contentUrl\":\"https:\/\/empresas.infoempleo.com\/hrtrends\/media\/2020\/12\/HRTrends_empleados-dificiles-150x150.jpg\",\"width\":150,\"height\":150},{\"@type\":\"BreadcrumbList\",\"@id\":\"https:\/\/empresas.infoempleo.com\/hrtrends\/que-no-hacer-con-los-empleados-dificiles\/#breadcrumb\",\"itemListElement\":[{\"@type\":\"ListItem\",\"position\":1,\"name\":\"Portada\",\"item\":\"https:\/\/empresas.infoempleo.com\/hrtrends\/\"},{\"@type\":\"ListItem\",\"position\":2,\"name\":\"Qu\u00e9 no hacer con los empleados dif\u00edciles\"}]},{\"@type\":\"WebSite\",\"@id\":\"https:\/\/empresas.infoempleo.com\/hrtrends\/#website\",\"url\":\"https:\/\/empresas.infoempleo.com\/hrtrends\",\"name\":\"HRTrends by Infoempleo\",\"description\":\"\",\"publisher\":{\"@id\":\"https:\/\/empresas.infoempleo.com\/hrtrends\/#organization\"},\"potentialAction\":{\"@type\":\"SearchAction\",\"target\":\"https:\/\/empresas.infoempleo.com\/hrtrends\/?s={search_term_string}\",\"query-input\":\"required name=search_term_string\"},\"inLanguage\":\"es\"},{\"@type\":\"Organization\",\"@id\":\"https:\/\/empresas.infoempleo.com\/hrtrends\/#organization\",\"name\":\"Infoempleo\",\"url\":\"https:\/\/www.infoempleo.com\/\",\"logo\":{\"@type\":\"ImageObject\",\"@id\":\"https:\/\/empresas.infoempleo.com\/hrtrends\/#logo\",\"inLanguage\":\"es\",\"url\":\"https:\/\/cdnazure.infoempleo.com\/infoempleo\/assets\/style\/gfx\/logo.svg\",\"contentUrl\":\"https:\/\/cdnazure.infoempleo.com\/infoempleo\/assets\/style\/gfx\/logo.svg\",\"width\":150,\"height\":40,\"caption\":\"Infoempleo\"},\"image\":{\"@id\":\"https:\/\/empresas.infoempleo.com\/hrtrends\/#logo\"},\"sameAs\":[\"https:\/\/www.facebook.com\/Infoempleo\",\"https:\/\/x.com\/infoempleo\",\"http:\/\/instagram.com\/infoempleo\/\",\"http:\/\/www.linkedin.com\/groups\/Empleo-Espa\u00f1a-Infoempleocom-111276\",\"http:\/\/pinterest.com\/infoempleo\/\"],\"address\":{\"@type\":\"PostalAddress\",\"addressLocality\":\"Madrid\",\"postalCode\":\"28050\",\"streetAddress\":\"Avenida de Burgos 114\"},\"brand\":[\"Infoempleo\"]},{\"@type\":\"Person\",\"@id\":\"https:\/\/empresas.infoempleo.com\/hrtrends\/#\/schema\/person\/32ca57975913668419d075627a98dafe\",\"name\":\"Luisa Carrasco\",\"image\":{\"@type\":\"ImageObject\",\"inLanguage\":\"es\",\"@id\":\"https:\/\/empresas.infoempleo.com\/hrtrends\/#\/schema\/person\/image\/\",\"url\":\"https:\/\/secure.gravatar.com\/avatar\/8cc7d7a784a8289007bbfddcef37ed7157c6ae70e89183748ddf5858d9133c86?s=96&d=mm&r=g\",\"contentUrl\":\"https:\/\/secure.gravatar.com\/avatar\/8cc7d7a784a8289007bbfddcef37ed7157c6ae70e89183748ddf5858d9133c86?s=96&d=mm&r=g\",\"caption\":\"Luisa Carrasco\"},\"description\":\"Licenciada en Sociolog\u00eda y posgrado en gesti\u00f3n de la comunicaci\u00f3n para organizaciones culturales. Me interesa todo lo que tiene que ver con la organizaci\u00f3n e integraci\u00f3n de los distintos agentes sociales. El \u00e1mbito laboral y el de la educaci\u00f3n y formaci\u00f3n es el punto de encuentro de gran parte de estos actores. Estoy al tanto de los temas de actualidad laboral, las tendencias en el mercado del trabajo, las nuevas iniciativas en el tejido empresarial y las propuestas de innovaci\u00f3n en materia de educaci\u00f3n y formaci\u00f3n. Por lo general, escribo en el blog de Infoempleo tres veces por semana.\",\"url\":\"https:\/\/empresas.infoempleo.com\/hrtrends\/author\/luisaagenciayerro\/\"}]}<\/script>\n<!-- \/ Yoast SEO plugin. -->","yoast_head_json":{"title":"Qu\u00e9 no hacer con los empleados dif\u00edciles | HRTRENDS","description":"No hay empleados dif\u00edciles si no actitudes poco emp\u00e1ticas o aspectos individualistas o poco colaborativos en mayor o menor grado.","robots":{"index":"index","follow":"follow","max-snippet":"max-snippet:-1","max-image-preview":"max-image-preview:large","max-video-preview":"max-video-preview:-1"},"canonical":"https:\/\/empresas.infoempleo.com\/hrtrends\/que-no-hacer-con-los-empleados-dificiles\/","og_locale":"es_ES","og_type":"article","og_title":"Qu\u00e9 no hacer con los empleados dif\u00edciles | HRTRENDS","og_description":"No hay empleados dif\u00edciles si no actitudes poco emp\u00e1ticas o aspectos individualistas o poco colaborativos en mayor o menor grado.","og_url":"https:\/\/empresas.infoempleo.com\/hrtrends\/que-no-hacer-con-los-empleados-dificiles\/","og_site_name":"HRTRENDS","article_publisher":"https:\/\/www.facebook.com\/Infoempleo","article_published_time":"2020-12-17T05:30:51+00:00","article_modified_time":"2025-01-24T11:19:08+00:00","og_image":[{"width":881,"height":588,"url":"https:\/\/empresas.infoempleo.com\/hrtrends\/media\/2020\/12\/HRTrends_empleados-dificiles.jpg","type":"image\/jpeg"}],"author":"Luisa Carrasco","twitter_card":"summary_large_image","twitter_creator":"@infoempleo","twitter_site":"@infoempleo","twitter_misc":{"Escrito por":"Luisa Carrasco","Tiempo de lectura":"4 minutos"},"schema":{"@context":"https:\/\/schema.org","@graph":[{"@type":"NewsArticle","@id":"https:\/\/empresas.infoempleo.com\/hrtrends\/que-no-hacer-con-los-empleados-dificiles\/#article","isPartOf":{"@id":"https:\/\/empresas.infoempleo.com\/hrtrends\/que-no-hacer-con-los-empleados-dificiles\/"},"author":{"name":"Luisa Carrasco","@id":"https:\/\/empresas.infoempleo.com\/hrtrends\/#\/schema\/person\/32ca57975913668419d075627a98dafe"},"headline":"Qu\u00e9 no hacer con los empleados dif\u00edciles","datePublished":"2020-12-17T05:30:51+00:00","dateModified":"2025-01-24T11:19:08+00:00","mainEntityOfPage":{"@id":"https:\/\/empresas.infoempleo.com\/hrtrends\/que-no-hacer-con-los-empleados-dificiles\/"},"wordCount":777,"publisher":{"@id":"https:\/\/empresas.infoempleo.com\/hrtrends\/#organization"},"image":{"@id":"https:\/\/empresas.infoempleo.com\/hrtrends\/que-no-hacer-con-los-empleados-dificiles\/#primaryimage"},"thumbnailUrl":"https:\/\/empresas.infoempleo.com\/hrtrends\/media\/2020\/12\/HRTrends_empleados-dificiles.jpg","keywords":["ambiente laboral","liderazgo","motivaci\u00f3n"],"articleSection":["Actualidad","Consejos"],"inLanguage":"es","copyrightYear":"2020","copyrightHolder":{"@id":"https:\/\/empresas.infoempleo.com\/hrtrends\/#organization"}},{"@type":"WebPage","@id":"https:\/\/empresas.infoempleo.com\/hrtrends\/que-no-hacer-con-los-empleados-dificiles\/","url":"https:\/\/empresas.infoempleo.com\/hrtrends\/que-no-hacer-con-los-empleados-dificiles\/","name":"Qu\u00e9 no hacer con los empleados dif\u00edciles | HRTRENDS","isPartOf":{"@id":"https:\/\/empresas.infoempleo.com\/hrtrends\/#website"},"primaryImageOfPage":{"@id":"https:\/\/empresas.infoempleo.com\/hrtrends\/que-no-hacer-con-los-empleados-dificiles\/#primaryimage"},"image":{"@id":"https:\/\/empresas.infoempleo.com\/hrtrends\/que-no-hacer-con-los-empleados-dificiles\/#primaryimage"},"thumbnailUrl":"https:\/\/empresas.infoempleo.com\/hrtrends\/media\/2020\/12\/HRTrends_empleados-dificiles.jpg","datePublished":"2020-12-17T05:30:51+00:00","dateModified":"2025-01-24T11:19:08+00:00","description":"No hay empleados dif\u00edciles si no actitudes poco emp\u00e1ticas o aspectos individualistas o poco colaborativos en mayor o menor grado.","breadcrumb":{"@id":"https:\/\/empresas.infoempleo.com\/hrtrends\/que-no-hacer-con-los-empleados-dificiles\/#breadcrumb"},"inLanguage":"es","potentialAction":[{"@type":"ReadAction","target":["https:\/\/empresas.infoempleo.com\/hrtrends\/que-no-hacer-con-los-empleados-dificiles\/"]}]},{"@type":"ImageObject","inLanguage":"es","@id":"https:\/\/empresas.infoempleo.com\/hrtrends\/que-no-hacer-con-los-empleados-dificiles\/#primaryimage","url":"https:\/\/empresas.infoempleo.com\/hrtrends\/media\/2020\/12\/HRTrends_empleados-dificiles-150x150.jpg","contentUrl":"https:\/\/empresas.infoempleo.com\/hrtrends\/media\/2020\/12\/HRTrends_empleados-dificiles-150x150.jpg","width":150,"height":150},{"@type":"BreadcrumbList","@id":"https:\/\/empresas.infoempleo.com\/hrtrends\/que-no-hacer-con-los-empleados-dificiles\/#breadcrumb","itemListElement":[{"@type":"ListItem","position":1,"name":"Portada","item":"https:\/\/empresas.infoempleo.com\/hrtrends\/"},{"@type":"ListItem","position":2,"name":"Qu\u00e9 no hacer con los empleados dif\u00edciles"}]},{"@type":"WebSite","@id":"https:\/\/empresas.infoempleo.com\/hrtrends\/#website","url":"https:\/\/empresas.infoempleo.com\/hrtrends","name":"HRTrends by Infoempleo","description":"","publisher":{"@id":"https:\/\/empresas.infoempleo.com\/hrtrends\/#organization"},"potentialAction":{"@type":"SearchAction","target":"https:\/\/empresas.infoempleo.com\/hrtrends\/?s={search_term_string}","query-input":"required name=search_term_string"},"inLanguage":"es"},{"@type":"Organization","@id":"https:\/\/empresas.infoempleo.com\/hrtrends\/#organization","name":"Infoempleo","url":"https:\/\/www.infoempleo.com\/","logo":{"@type":"ImageObject","@id":"https:\/\/empresas.infoempleo.com\/hrtrends\/#logo","inLanguage":"es","url":"https:\/\/cdnazure.infoempleo.com\/infoempleo\/assets\/style\/gfx\/logo.svg","contentUrl":"https:\/\/cdnazure.infoempleo.com\/infoempleo\/assets\/style\/gfx\/logo.svg","width":150,"height":40,"caption":"Infoempleo"},"image":{"@id":"https:\/\/empresas.infoempleo.com\/hrtrends\/#logo"},"sameAs":["https:\/\/www.facebook.com\/Infoempleo","https:\/\/x.com\/infoempleo","http:\/\/instagram.com\/infoempleo\/","http:\/\/www.linkedin.com\/groups\/Empleo-Espa\u00f1a-Infoempleocom-111276","http:\/\/pinterest.com\/infoempleo\/"],"address":{"@type":"PostalAddress","addressLocality":"Madrid","postalCode":"28050","streetAddress":"Avenida de Burgos 114"},"brand":["Infoempleo"]},{"@type":"Person","@id":"https:\/\/empresas.infoempleo.com\/hrtrends\/#\/schema\/person\/32ca57975913668419d075627a98dafe","name":"Luisa Carrasco","image":{"@type":"ImageObject","inLanguage":"es","@id":"https:\/\/empresas.infoempleo.com\/hrtrends\/#\/schema\/person\/image\/","url":"https:\/\/secure.gravatar.com\/avatar\/8cc7d7a784a8289007bbfddcef37ed7157c6ae70e89183748ddf5858d9133c86?s=96&d=mm&r=g","contentUrl":"https:\/\/secure.gravatar.com\/avatar\/8cc7d7a784a8289007bbfddcef37ed7157c6ae70e89183748ddf5858d9133c86?s=96&d=mm&r=g","caption":"Luisa Carrasco"},"description":"Licenciada en Sociolog\u00eda y posgrado en gesti\u00f3n de la comunicaci\u00f3n para organizaciones culturales. Me interesa todo lo que tiene que ver con la organizaci\u00f3n e integraci\u00f3n de los distintos agentes sociales. El \u00e1mbito laboral y el de la educaci\u00f3n y formaci\u00f3n es el punto de encuentro de gran parte de estos actores. Estoy al tanto de los temas de actualidad laboral, las tendencias en el mercado del trabajo, las nuevas iniciativas en el tejido empresarial y las propuestas de innovaci\u00f3n en materia de educaci\u00f3n y formaci\u00f3n. Por lo general, escribo en el blog de Infoempleo tres veces por semana.","url":"https:\/\/empresas.infoempleo.com\/hrtrends\/author\/luisaagenciayerro\/"}]}},"amp_enabled":true,"_links":{"self":[{"href":"https:\/\/empresas.infoempleo.com\/hrtrends\/wp-json\/wp\/v2\/posts\/38152","targetHints":{"allow":["GET"]}}],"collection":[{"href":"https:\/\/empresas.infoempleo.com\/hrtrends\/wp-json\/wp\/v2\/posts"}],"about":[{"href":"https:\/\/empresas.infoempleo.com\/hrtrends\/wp-json\/wp\/v2\/types\/post"}],"author":[{"embeddable":true,"href":"https:\/\/empresas.infoempleo.com\/hrtrends\/wp-json\/wp\/v2\/users\/29"}],"replies":[{"embeddable":true,"href":"https:\/\/empresas.infoempleo.com\/hrtrends\/wp-json\/wp\/v2\/comments?post=38152"}],"version-history":[{"count":3,"href":"https:\/\/empresas.infoempleo.com\/hrtrends\/wp-json\/wp\/v2\/posts\/38152\/revisions"}],"predecessor-version":[{"id":46295,"href":"https:\/\/empresas.infoempleo.com\/hrtrends\/wp-json\/wp\/v2\/posts\/38152\/revisions\/46295"}],"wp:featuredmedia":[{"embeddable":true,"href":"https:\/\/empresas.infoempleo.com\/hrtrends\/wp-json\/wp\/v2\/media\/38156"}],"wp:attachment":[{"href":"https:\/\/empresas.infoempleo.com\/hrtrends\/wp-json\/wp\/v2\/media?parent=38152"}],"wp:term":[{"taxonomy":"category","embeddable":true,"href":"https:\/\/empresas.infoempleo.com\/hrtrends\/wp-json\/wp\/v2\/categories?post=38152"},{"taxonomy":"post_tag","embeddable":true,"href":"https:\/\/empresas.infoempleo.com\/hrtrends\/wp-json\/wp\/v2\/tags?post=38152"}],"curies":[{"name":"wp","href":"https:\/\/api.w.org\/{rel}","templated":true}]}}