{"id":38132,"date":"2020-12-09T07:30:46","date_gmt":"2020-12-09T05:30:46","guid":{"rendered":"https:\/\/empresas.infoempleo.com\/hrtrends\/?p=38132"},"modified":"2023-03-13T19:17:24","modified_gmt":"2023-03-13T17:17:24","slug":"jornada-intensiva-todo-el-ano-que-beneficios-puede-reportar","status":"publish","type":"post","link":"https:\/\/empresas.infoempleo.com\/hrtrends\/jornada-intensiva-todo-el-ano-que-beneficios-puede-reportar\/","title":{"rendered":"Jornada intensiva todo el a\u00f1o, qu\u00e9 beneficios puede reportar"},"content":{"rendered":"<p>En Espa\u00f1a lo tenemos claro: \u201cdonde se ponga una empresa que concilia, que se quiten las dem\u00e1s\u201d. La encuestas hablan de mayor valor a un buen paquete de medidas de corresponsabilidad que al ambiente laboral o al salario. Mayor flexibilidad a la hora de entrar y de salir son medidas de coste cero para la empresa. Aplicar la <a href=\"https:\/\/empresas.infoempleo.com\/hrtrends\/jornada-intensiva-verano\">jornada intensiva<\/a> todo el a\u00f1o es una de ellas. Aunque determinados negocios por su actividad no pueden aplicarla, las ventajas para los que s\u00ed pueden y lo implementan son numerosas.<\/p>\n<p><!--more--><\/p>\n<h2>La jornada intensiva reduce el estr\u00e9s<\/h2>\n<p>Este tipo de jornada est\u00e1 directamente relacionada con la propuesta de <strong>racionalizaci\u00f3n de los horarios<\/strong>. Objetivo: se mantiene la intensidad en el trabajo, con un breve descanso para comer, y as\u00ed se garantiza el derecho a la desconexi\u00f3n. De esta manera, mejorar\u00e1 la salud mental de los empleados y rebajar\u00e1 los niveles de estr\u00e9s.<\/p>\n<p>Si el personal de tu empresa tiene m\u00e1s <strong>flexibilidad<\/strong> con la entrada y la salida o puede coordinarse estrat\u00e9gicamente, entre los componentes, van a estar <strong>m\u00e1s motivados<\/strong> y, por tanto, va a aumentar la productividad. <strong>Ventajas econ\u00f3micas a coste cero<\/strong>.<\/p>\n<h2>Favorecer la corresponsabilidad<\/h2>\n<p>Hace a\u00f1os que los <a href=\"https:\/\/media.iese.edu\/research\/pdfs\/ESTUDIO-37.pdf\">estudios<\/a> argumentan razones para cambiar los horarios y ajustarlos a las necesidades familiares y, de paso, coordinarlos con directivos y empleados internacionales. Con las ma\u00f1anas o las tardes libres, seg\u00fan el turno, se es m\u00e1s feliz. Y quien es m\u00e1s feliz trabaja mejor.<\/p>\n<p>Adem\u00e1s se soluciona el problema del <strong>absentismo<\/strong>. Con horarios flexibles para conciliar se reducen las faltas en el trabajo. El tiempo es un recurso limitado y aprovecharlo al m\u00e1ximo tambi\u00e9n mejora la autoestima y el <em>engagement<\/em>.<\/p>\n<p><img loading=\"lazy\" decoding=\"async\" class=\"aligncenter wp-image-38133 size-full\" src=\"https:\/\/empresas.infoempleo.com\/hrtrends\/media\/2020\/12\/HRTrends_jornada-laboral-intensiva.jpg\" alt=\"Favorecer la corresponsabilidad\" width=\"800\" height=\"480\" srcset=\"https:\/\/empresas.infoempleo.com\/hrtrends\/media\/2020\/12\/HRTrends_jornada-laboral-intensiva.jpg 800w, https:\/\/empresas.infoempleo.com\/hrtrends\/media\/2020\/12\/HRTrends_jornada-laboral-intensiva-300x180.jpg 300w, https:\/\/empresas.infoempleo.com\/hrtrends\/media\/2020\/12\/HRTrends_jornada-laboral-intensiva-768x461.jpg 768w\" sizes=\"auto, (max-width: 800px) 100vw, 800px\" \/><\/p>\n<h2>Aumentar la productividad<\/h2>\n<p>El sector servicios, que supone el 60% en Espa\u00f1a, poco a poco va adoptando la jornada intensiva. Ofrece <strong>horarios ininterrumpidos<\/strong> (si es comercial, por ejemplo) y se ha registrado un aumento del 9% en su productividad. El presentismo no implica mayor rendimiento. La productividad por hora en Espa\u00f1a est\u00e1 muy lejos del 100%, un 32%. Noruegos rozan el 80% y trabajan 270 horas menos. Con la jornada intensiva <strong>se rinde m\u00e1s<\/strong> porque <strong>te organizas mejor<\/strong>.<\/p>\n<p>Ya est\u00e1n descritos algunos <strong>m\u00e9todos<\/strong> <strong>para combatir<\/strong> el miedo a la escasa rentabilidad de la jornada intensiva por <strong>falta de concentraci\u00f3n<\/strong> o atenci\u00f3n prolongada. Las t\u00e9cnicas m\u00e1s se\u00f1aladas son:<\/p>\n<ul>\n<li>Podomo: divide la rutina de trabajo en lapsos de 25 minutos y descansa entre 3 y 5 minutos entra cada uno.<\/li>\n<li>Eisenhower: distribuye las tareas entre urgentes e importantes.<\/li>\n<li>Kahban: coloca las tareas en un cuadro y asigna diversos estatus.<\/li>\n<li>Seinfield: establecer las tareas diarias y el \u201cpaso a paso\u201d para cumplirlas.<\/li>\n<li>Esquema Getting This Done: elabora una lista de tareas con estas cinco categor\u00edas: recopilar, procesar, organizar, revisar y ejecutar.<\/li>\n<\/ul>\n<h2>Ahorro energ\u00e9tico para la empresa<\/h2>\n<p>Menos horas en oficina implica <strong>menor impacto medioambiental<\/strong>. <strong>Menos gasto<\/strong> para la plantilla en transporte. Algunos ejemplos de empresas que llevan a\u00f1os aplicando la jornada intensiva con \u00e9xito son Iberdrola, Paradigma Digital o MRW.<\/p>\n<h2>Atraer y retener talento<\/h2>\n<p>Para el 44% de los trabajadores, seg\u00fan Randstad, las pol\u00edticas de conciliaci\u00f3n son fundamentales para no cambiar de trabajo. En Espa\u00f1a hay demanda de <strong>\u201cexpertos digitales\u201d que est\u00e1n dispuestos a migrar<\/strong> siempre que se respete el equilibrio entre la vida laboral y la profesional. La jornada intensiva es una buena respuesta.<\/p>\n","protected":false},"excerpt":{"rendered":"<p>En Espa\u00f1a lo tenemos claro: \u201cdonde se ponga una empresa que concilia, que se quiten las dem\u00e1s\u201d. La<a class=\"moretag\" href=\"https:\/\/empresas.infoempleo.com\/hrtrends\/jornada-intensiva-todo-el-ano-que-beneficios-puede-reportar\/\"> Leer m\u00e1s<\/a><\/p>\n","protected":false},"author":136,"featured_media":38134,"comment_status":"closed","ping_status":"closed","sticky":false,"template":"","format":"standard","meta":{"footnotes":""},"categories":[3015],"tags":[76,274,282],"class_list":["post-38132","post","type-post","status-publish","format-standard","has-post-thumbnail","hentry","category-recruiter-branding","tag-conciliacion","tag-motivacion","tag-productividad"],"yoast_head":"<!-- This site is optimized with the Yoast SEO plugin v26.1.1 - https:\/\/yoast.com\/wordpress\/plugins\/seo\/ -->\n<title>Jornada intensiva todo el a\u00f1o, qu\u00e9 beneficios puede reportar | HRTRENDS<\/title>\n<meta name=\"description\" content=\"Mayor flexibilidad a la hora de entrar y de salir son medidas de coste cero para la empresa. Aplicar la jornada intensiva todo el a\u00f1o es una de ellas.\" \/>\n<meta name=\"robots\" content=\"index, follow, max-snippet:-1, max-image-preview:large, max-video-preview:-1\" \/>\n<link rel=\"canonical\" href=\"https:\/\/empresas.infoempleo.com\/hrtrends\/jornada-intensiva-todo-el-ano-que-beneficios-puede-reportar\/\" \/>\n<meta property=\"og:locale\" content=\"es_ES\" \/>\n<meta property=\"og:type\" content=\"article\" \/>\n<meta property=\"og:title\" content=\"Jornada intensiva todo el a\u00f1o, qu\u00e9 beneficios puede reportar | HRTRENDS\" \/>\n<meta property=\"og:description\" content=\"Mayor flexibilidad a la hora de entrar y de salir son medidas de coste cero para la empresa. Aplicar la jornada intensiva todo el a\u00f1o es una de ellas.\" \/>\n<meta property=\"og:url\" content=\"https:\/\/empresas.infoempleo.com\/hrtrends\/jornada-intensiva-todo-el-ano-que-beneficios-puede-reportar\/\" \/>\n<meta property=\"og:site_name\" content=\"HRTRENDS\" \/>\n<meta property=\"article:publisher\" content=\"https:\/\/www.facebook.com\/Infoempleo\" \/>\n<meta property=\"article:published_time\" content=\"2020-12-09T05:30:46+00:00\" \/>\n<meta property=\"article:modified_time\" content=\"2023-03-13T17:17:24+00:00\" \/>\n<meta property=\"og:image\" content=\"https:\/\/empresas.infoempleo.com\/hrtrends\/media\/2020\/12\/HRTrends_jornada-intensiva.jpg\" \/>\n\t<meta property=\"og:image:width\" content=\"881\" \/>\n\t<meta property=\"og:image:height\" content=\"588\" \/>\n\t<meta property=\"og:image:type\" content=\"image\/jpeg\" \/>\n<meta name=\"author\" content=\"Raquel Hern\u00e1ndez\" \/>\n<meta name=\"twitter:card\" content=\"summary_large_image\" \/>\n<meta name=\"twitter:creator\" content=\"@infoempleo\" \/>\n<meta name=\"twitter:site\" content=\"@infoempleo\" \/>\n<meta name=\"twitter:label1\" content=\"Escrito por\" \/>\n\t<meta name=\"twitter:data1\" content=\"Raquel Hern\u00e1ndez\" \/>\n\t<meta name=\"twitter:label2\" content=\"Tiempo de lectura\" \/>\n\t<meta name=\"twitter:data2\" content=\"3 minutos\" \/>\n<script type=\"application\/ld+json\" class=\"yoast-schema-graph\">{\"@context\":\"https:\/\/schema.org\",\"@graph\":[{\"@type\":\"NewsArticle\",\"@id\":\"https:\/\/empresas.infoempleo.com\/hrtrends\/jornada-intensiva-todo-el-ano-que-beneficios-puede-reportar\/#article\",\"isPartOf\":{\"@id\":\"https:\/\/empresas.infoempleo.com\/hrtrends\/jornada-intensiva-todo-el-ano-que-beneficios-puede-reportar\/\"},\"author\":{\"name\":\"Raquel Hern\u00e1ndez\",\"@id\":\"https:\/\/empresas.infoempleo.com\/hrtrends\/#\/schema\/person\/fb2f949a1461ff0e9e15996d82d3a787\"},\"headline\":\"Jornada intensiva todo el a\u00f1o, qu\u00e9 beneficios puede reportar\",\"datePublished\":\"2020-12-09T05:30:46+00:00\",\"dateModified\":\"2023-03-13T17:17:24+00:00\",\"mainEntityOfPage\":{\"@id\":\"https:\/\/empresas.infoempleo.com\/hrtrends\/jornada-intensiva-todo-el-ano-que-beneficios-puede-reportar\/\"},\"wordCount\":583,\"publisher\":{\"@id\":\"https:\/\/empresas.infoempleo.com\/hrtrends\/#organization\"},\"image\":{\"@id\":\"https:\/\/empresas.infoempleo.com\/hrtrends\/jornada-intensiva-todo-el-ano-que-beneficios-puede-reportar\/#primaryimage\"},\"thumbnailUrl\":\"https:\/\/empresas.infoempleo.com\/hrtrends\/media\/2020\/12\/HRTrends_jornada-intensiva.jpg\",\"keywords\":[\"conciliaci\u00f3n\",\"motivaci\u00f3n\",\"productividad\"],\"articleSection\":[\"Recruiter branding\"],\"inLanguage\":\"es\",\"copyrightYear\":\"2020\",\"copyrightHolder\":{\"@id\":\"https:\/\/empresas.infoempleo.com\/hrtrends\/#organization\"}},{\"@type\":\"WebPage\",\"@id\":\"https:\/\/empresas.infoempleo.com\/hrtrends\/jornada-intensiva-todo-el-ano-que-beneficios-puede-reportar\/\",\"url\":\"https:\/\/empresas.infoempleo.com\/hrtrends\/jornada-intensiva-todo-el-ano-que-beneficios-puede-reportar\/\",\"name\":\"Jornada intensiva todo el a\u00f1o, qu\u00e9 beneficios puede reportar | HRTRENDS\",\"isPartOf\":{\"@id\":\"https:\/\/empresas.infoempleo.com\/hrtrends\/#website\"},\"primaryImageOfPage\":{\"@id\":\"https:\/\/empresas.infoempleo.com\/hrtrends\/jornada-intensiva-todo-el-ano-que-beneficios-puede-reportar\/#primaryimage\"},\"image\":{\"@id\":\"https:\/\/empresas.infoempleo.com\/hrtrends\/jornada-intensiva-todo-el-ano-que-beneficios-puede-reportar\/#primaryimage\"},\"thumbnailUrl\":\"https:\/\/empresas.infoempleo.com\/hrtrends\/media\/2020\/12\/HRTrends_jornada-intensiva.jpg\",\"datePublished\":\"2020-12-09T05:30:46+00:00\",\"dateModified\":\"2023-03-13T17:17:24+00:00\",\"description\":\"Mayor flexibilidad a la hora de entrar y de salir son medidas de coste cero para la empresa. Aplicar la jornada intensiva todo el a\u00f1o es una de ellas.\",\"breadcrumb\":{\"@id\":\"https:\/\/empresas.infoempleo.com\/hrtrends\/jornada-intensiva-todo-el-ano-que-beneficios-puede-reportar\/#breadcrumb\"},\"inLanguage\":\"es\",\"potentialAction\":[{\"@type\":\"ReadAction\",\"target\":[\"https:\/\/empresas.infoempleo.com\/hrtrends\/jornada-intensiva-todo-el-ano-que-beneficios-puede-reportar\/\"]}]},{\"@type\":\"ImageObject\",\"inLanguage\":\"es\",\"@id\":\"https:\/\/empresas.infoempleo.com\/hrtrends\/jornada-intensiva-todo-el-ano-que-beneficios-puede-reportar\/#primaryimage\",\"url\":\"https:\/\/empresas.infoempleo.com\/hrtrends\/media\/2020\/12\/HRTrends_jornada-intensiva-150x150.jpg\",\"contentUrl\":\"https:\/\/empresas.infoempleo.com\/hrtrends\/media\/2020\/12\/HRTrends_jornada-intensiva-150x150.jpg\",\"width\":150,\"height\":150,\"caption\":\"La jornada intensiva reduce el estr\u00e9s\"},{\"@type\":\"BreadcrumbList\",\"@id\":\"https:\/\/empresas.infoempleo.com\/hrtrends\/jornada-intensiva-todo-el-ano-que-beneficios-puede-reportar\/#breadcrumb\",\"itemListElement\":[{\"@type\":\"ListItem\",\"position\":1,\"name\":\"Portada\",\"item\":\"https:\/\/empresas.infoempleo.com\/hrtrends\/\"},{\"@type\":\"ListItem\",\"position\":2,\"name\":\"Jornada intensiva todo el a\u00f1o, qu\u00e9 beneficios puede reportar\"}]},{\"@type\":\"WebSite\",\"@id\":\"https:\/\/empresas.infoempleo.com\/hrtrends\/#website\",\"url\":\"https:\/\/empresas.infoempleo.com\/hrtrends\",\"name\":\"HRTrends by Infoempleo\",\"description\":\"\",\"publisher\":{\"@id\":\"https:\/\/empresas.infoempleo.com\/hrtrends\/#organization\"},\"potentialAction\":{\"@type\":\"SearchAction\",\"target\":\"https:\/\/empresas.infoempleo.com\/hrtrends\/?s={search_term_string}\",\"query-input\":\"required name=search_term_string\"},\"inLanguage\":\"es\"},{\"@type\":\"Organization\",\"@id\":\"https:\/\/empresas.infoempleo.com\/hrtrends\/#organization\",\"name\":\"Infoempleo\",\"url\":\"https:\/\/www.infoempleo.com\/\",\"logo\":{\"@type\":\"ImageObject\",\"@id\":\"https:\/\/empresas.infoempleo.com\/hrtrends\/#logo\",\"inLanguage\":\"es\",\"url\":\"https:\/\/cdnazure.infoempleo.com\/infoempleo\/assets\/style\/gfx\/logo.svg\",\"contentUrl\":\"https:\/\/cdnazure.infoempleo.com\/infoempleo\/assets\/style\/gfx\/logo.svg\",\"width\":150,\"height\":40,\"caption\":\"Infoempleo\"},\"image\":{\"@id\":\"https:\/\/empresas.infoempleo.com\/hrtrends\/#logo\"},\"sameAs\":[\"https:\/\/www.facebook.com\/Infoempleo\",\"https:\/\/x.com\/infoempleo\",\"http:\/\/instagram.com\/infoempleo\/\",\"http:\/\/www.linkedin.com\/groups\/Empleo-Espa\u00f1a-Infoempleocom-111276\",\"http:\/\/pinterest.com\/infoempleo\/\"],\"address\":{\"@type\":\"PostalAddress\",\"addressLocality\":\"Madrid\",\"postalCode\":\"28050\",\"streetAddress\":\"Avenida de Burgos 114\"},\"brand\":[\"Infoempleo\"]},{\"@type\":\"Person\",\"@id\":\"https:\/\/empresas.infoempleo.com\/hrtrends\/#\/schema\/person\/fb2f949a1461ff0e9e15996d82d3a787\",\"name\":\"Raquel Hern\u00e1ndez\",\"image\":{\"@type\":\"ImageObject\",\"inLanguage\":\"es\",\"@id\":\"https:\/\/empresas.infoempleo.com\/hrtrends\/#\/schema\/person\/image\/\",\"url\":\"https:\/\/secure.gravatar.com\/avatar\/4ccd374b24ab5eefd1b7681d8be968df221a577fa3ffa9dc4bb4b537645dc6a2?s=96&d=mm&r=g\",\"contentUrl\":\"https:\/\/secure.gravatar.com\/avatar\/4ccd374b24ab5eefd1b7681d8be968df221a577fa3ffa9dc4bb4b537645dc6a2?s=96&d=mm&r=g\",\"caption\":\"Raquel Hern\u00e1ndez\"},\"description\":\"M\u00e1ster en Filosof\u00eda Contempor\u00e1nea y Diploma Experto en Salud y G\u00e9nero. Extensa experiencia profesional como directora y productora de eventos culturales, especializada en el sector editorial. Lectora profesional y redactora de contenidos relacionados con el empleo, la innovaci\u00f3n y la educaci\u00f3n.\",\"url\":\"https:\/\/empresas.infoempleo.com\/hrtrends\/author\/raquel-hernandez\/\"}]}<\/script>\n<!-- \/ Yoast SEO plugin. -->","yoast_head_json":{"title":"Jornada intensiva todo el a\u00f1o, qu\u00e9 beneficios puede reportar | HRTRENDS","description":"Mayor flexibilidad a la hora de entrar y de salir son medidas de coste cero para la empresa. Aplicar la jornada intensiva todo el a\u00f1o es una de ellas.","robots":{"index":"index","follow":"follow","max-snippet":"max-snippet:-1","max-image-preview":"max-image-preview:large","max-video-preview":"max-video-preview:-1"},"canonical":"https:\/\/empresas.infoempleo.com\/hrtrends\/jornada-intensiva-todo-el-ano-que-beneficios-puede-reportar\/","og_locale":"es_ES","og_type":"article","og_title":"Jornada intensiva todo el a\u00f1o, qu\u00e9 beneficios puede reportar | HRTRENDS","og_description":"Mayor flexibilidad a la hora de entrar y de salir son medidas de coste cero para la empresa. Aplicar la jornada intensiva todo el a\u00f1o es una de ellas.","og_url":"https:\/\/empresas.infoempleo.com\/hrtrends\/jornada-intensiva-todo-el-ano-que-beneficios-puede-reportar\/","og_site_name":"HRTRENDS","article_publisher":"https:\/\/www.facebook.com\/Infoempleo","article_published_time":"2020-12-09T05:30:46+00:00","article_modified_time":"2023-03-13T17:17:24+00:00","og_image":[{"width":881,"height":588,"url":"https:\/\/empresas.infoempleo.com\/hrtrends\/media\/2020\/12\/HRTrends_jornada-intensiva.jpg","type":"image\/jpeg"}],"author":"Raquel Hern\u00e1ndez","twitter_card":"summary_large_image","twitter_creator":"@infoempleo","twitter_site":"@infoempleo","twitter_misc":{"Escrito por":"Raquel Hern\u00e1ndez","Tiempo de lectura":"3 minutos"},"schema":{"@context":"https:\/\/schema.org","@graph":[{"@type":"NewsArticle","@id":"https:\/\/empresas.infoempleo.com\/hrtrends\/jornada-intensiva-todo-el-ano-que-beneficios-puede-reportar\/#article","isPartOf":{"@id":"https:\/\/empresas.infoempleo.com\/hrtrends\/jornada-intensiva-todo-el-ano-que-beneficios-puede-reportar\/"},"author":{"name":"Raquel Hern\u00e1ndez","@id":"https:\/\/empresas.infoempleo.com\/hrtrends\/#\/schema\/person\/fb2f949a1461ff0e9e15996d82d3a787"},"headline":"Jornada intensiva todo el a\u00f1o, qu\u00e9 beneficios puede reportar","datePublished":"2020-12-09T05:30:46+00:00","dateModified":"2023-03-13T17:17:24+00:00","mainEntityOfPage":{"@id":"https:\/\/empresas.infoempleo.com\/hrtrends\/jornada-intensiva-todo-el-ano-que-beneficios-puede-reportar\/"},"wordCount":583,"publisher":{"@id":"https:\/\/empresas.infoempleo.com\/hrtrends\/#organization"},"image":{"@id":"https:\/\/empresas.infoempleo.com\/hrtrends\/jornada-intensiva-todo-el-ano-que-beneficios-puede-reportar\/#primaryimage"},"thumbnailUrl":"https:\/\/empresas.infoempleo.com\/hrtrends\/media\/2020\/12\/HRTrends_jornada-intensiva.jpg","keywords":["conciliaci\u00f3n","motivaci\u00f3n","productividad"],"articleSection":["Recruiter branding"],"inLanguage":"es","copyrightYear":"2020","copyrightHolder":{"@id":"https:\/\/empresas.infoempleo.com\/hrtrends\/#organization"}},{"@type":"WebPage","@id":"https:\/\/empresas.infoempleo.com\/hrtrends\/jornada-intensiva-todo-el-ano-que-beneficios-puede-reportar\/","url":"https:\/\/empresas.infoempleo.com\/hrtrends\/jornada-intensiva-todo-el-ano-que-beneficios-puede-reportar\/","name":"Jornada intensiva todo el a\u00f1o, qu\u00e9 beneficios puede reportar | HRTRENDS","isPartOf":{"@id":"https:\/\/empresas.infoempleo.com\/hrtrends\/#website"},"primaryImageOfPage":{"@id":"https:\/\/empresas.infoempleo.com\/hrtrends\/jornada-intensiva-todo-el-ano-que-beneficios-puede-reportar\/#primaryimage"},"image":{"@id":"https:\/\/empresas.infoempleo.com\/hrtrends\/jornada-intensiva-todo-el-ano-que-beneficios-puede-reportar\/#primaryimage"},"thumbnailUrl":"https:\/\/empresas.infoempleo.com\/hrtrends\/media\/2020\/12\/HRTrends_jornada-intensiva.jpg","datePublished":"2020-12-09T05:30:46+00:00","dateModified":"2023-03-13T17:17:24+00:00","description":"Mayor flexibilidad a la hora de entrar y de salir son medidas de coste cero para la empresa. Aplicar la jornada intensiva todo el a\u00f1o es una de ellas.","breadcrumb":{"@id":"https:\/\/empresas.infoempleo.com\/hrtrends\/jornada-intensiva-todo-el-ano-que-beneficios-puede-reportar\/#breadcrumb"},"inLanguage":"es","potentialAction":[{"@type":"ReadAction","target":["https:\/\/empresas.infoempleo.com\/hrtrends\/jornada-intensiva-todo-el-ano-que-beneficios-puede-reportar\/"]}]},{"@type":"ImageObject","inLanguage":"es","@id":"https:\/\/empresas.infoempleo.com\/hrtrends\/jornada-intensiva-todo-el-ano-que-beneficios-puede-reportar\/#primaryimage","url":"https:\/\/empresas.infoempleo.com\/hrtrends\/media\/2020\/12\/HRTrends_jornada-intensiva-150x150.jpg","contentUrl":"https:\/\/empresas.infoempleo.com\/hrtrends\/media\/2020\/12\/HRTrends_jornada-intensiva-150x150.jpg","width":150,"height":150,"caption":"La jornada intensiva reduce el estr\u00e9s"},{"@type":"BreadcrumbList","@id":"https:\/\/empresas.infoempleo.com\/hrtrends\/jornada-intensiva-todo-el-ano-que-beneficios-puede-reportar\/#breadcrumb","itemListElement":[{"@type":"ListItem","position":1,"name":"Portada","item":"https:\/\/empresas.infoempleo.com\/hrtrends\/"},{"@type":"ListItem","position":2,"name":"Jornada intensiva todo el a\u00f1o, qu\u00e9 beneficios puede reportar"}]},{"@type":"WebSite","@id":"https:\/\/empresas.infoempleo.com\/hrtrends\/#website","url":"https:\/\/empresas.infoempleo.com\/hrtrends","name":"HRTrends by Infoempleo","description":"","publisher":{"@id":"https:\/\/empresas.infoempleo.com\/hrtrends\/#organization"},"potentialAction":{"@type":"SearchAction","target":"https:\/\/empresas.infoempleo.com\/hrtrends\/?s={search_term_string}","query-input":"required name=search_term_string"},"inLanguage":"es"},{"@type":"Organization","@id":"https:\/\/empresas.infoempleo.com\/hrtrends\/#organization","name":"Infoempleo","url":"https:\/\/www.infoempleo.com\/","logo":{"@type":"ImageObject","@id":"https:\/\/empresas.infoempleo.com\/hrtrends\/#logo","inLanguage":"es","url":"https:\/\/cdnazure.infoempleo.com\/infoempleo\/assets\/style\/gfx\/logo.svg","contentUrl":"https:\/\/cdnazure.infoempleo.com\/infoempleo\/assets\/style\/gfx\/logo.svg","width":150,"height":40,"caption":"Infoempleo"},"image":{"@id":"https:\/\/empresas.infoempleo.com\/hrtrends\/#logo"},"sameAs":["https:\/\/www.facebook.com\/Infoempleo","https:\/\/x.com\/infoempleo","http:\/\/instagram.com\/infoempleo\/","http:\/\/www.linkedin.com\/groups\/Empleo-Espa\u00f1a-Infoempleocom-111276","http:\/\/pinterest.com\/infoempleo\/"],"address":{"@type":"PostalAddress","addressLocality":"Madrid","postalCode":"28050","streetAddress":"Avenida de Burgos 114"},"brand":["Infoempleo"]},{"@type":"Person","@id":"https:\/\/empresas.infoempleo.com\/hrtrends\/#\/schema\/person\/fb2f949a1461ff0e9e15996d82d3a787","name":"Raquel Hern\u00e1ndez","image":{"@type":"ImageObject","inLanguage":"es","@id":"https:\/\/empresas.infoempleo.com\/hrtrends\/#\/schema\/person\/image\/","url":"https:\/\/secure.gravatar.com\/avatar\/4ccd374b24ab5eefd1b7681d8be968df221a577fa3ffa9dc4bb4b537645dc6a2?s=96&d=mm&r=g","contentUrl":"https:\/\/secure.gravatar.com\/avatar\/4ccd374b24ab5eefd1b7681d8be968df221a577fa3ffa9dc4bb4b537645dc6a2?s=96&d=mm&r=g","caption":"Raquel Hern\u00e1ndez"},"description":"M\u00e1ster en Filosof\u00eda Contempor\u00e1nea y Diploma Experto en Salud y G\u00e9nero. Extensa experiencia profesional como directora y productora de eventos culturales, especializada en el sector editorial. Lectora profesional y redactora de contenidos relacionados con el empleo, la innovaci\u00f3n y la educaci\u00f3n.","url":"https:\/\/empresas.infoempleo.com\/hrtrends\/author\/raquel-hernandez\/"}]}},"amp_enabled":true,"_links":{"self":[{"href":"https:\/\/empresas.infoempleo.com\/hrtrends\/wp-json\/wp\/v2\/posts\/38132","targetHints":{"allow":["GET"]}}],"collection":[{"href":"https:\/\/empresas.infoempleo.com\/hrtrends\/wp-json\/wp\/v2\/posts"}],"about":[{"href":"https:\/\/empresas.infoempleo.com\/hrtrends\/wp-json\/wp\/v2\/types\/post"}],"author":[{"embeddable":true,"href":"https:\/\/empresas.infoempleo.com\/hrtrends\/wp-json\/wp\/v2\/users\/136"}],"replies":[{"embeddable":true,"href":"https:\/\/empresas.infoempleo.com\/hrtrends\/wp-json\/wp\/v2\/comments?post=38132"}],"version-history":[{"count":3,"href":"https:\/\/empresas.infoempleo.com\/hrtrends\/wp-json\/wp\/v2\/posts\/38132\/revisions"}],"predecessor-version":[{"id":43117,"href":"https:\/\/empresas.infoempleo.com\/hrtrends\/wp-json\/wp\/v2\/posts\/38132\/revisions\/43117"}],"wp:featuredmedia":[{"embeddable":true,"href":"https:\/\/empresas.infoempleo.com\/hrtrends\/wp-json\/wp\/v2\/media\/38134"}],"wp:attachment":[{"href":"https:\/\/empresas.infoempleo.com\/hrtrends\/wp-json\/wp\/v2\/media?parent=38132"}],"wp:term":[{"taxonomy":"category","embeddable":true,"href":"https:\/\/empresas.infoempleo.com\/hrtrends\/wp-json\/wp\/v2\/categories?post=38132"},{"taxonomy":"post_tag","embeddable":true,"href":"https:\/\/empresas.infoempleo.com\/hrtrends\/wp-json\/wp\/v2\/tags?post=38132"}],"curies":[{"name":"wp","href":"https:\/\/api.w.org\/{rel}","templated":true}]}}