{"id":38053,"date":"2020-11-12T07:30:36","date_gmt":"2020-11-12T05:30:36","guid":{"rendered":"https:\/\/empresas.infoempleo.com\/hrtrends\/?p=38053"},"modified":"2024-09-13T16:09:19","modified_gmt":"2024-09-13T14:09:19","slug":"legal-prorroga-de-los-erte-y-proteccion-por-desempleo","status":"publish","type":"post","link":"https:\/\/empresas.infoempleo.com\/hrtrends\/legal-prorroga-de-los-erte-y-proteccion-por-desempleo\/","title":{"rendered":"[Legal] Pr\u00f3rroga de los ERTE y Protecci\u00f3n por Desempleo"},"content":{"rendered":"<p>La pandemia internacional ocasionada por la COVID-19 sigue afectando a la vida social y econ\u00f3mica. Desde marzo, el Gobierno ha ido promulgando distintos Reales Decretos-Leyes, para aminorar estos efectos. El \u00faltimo publicado es el <strong>Real Decreto-Ley 30\/2020, de 29 de septiembre, de \u201cmedidas sociales en defensa del empleo\u201d<\/strong> (BOE de 30 de septiembre de 2020). Carlos R\u00edos, de MA Abogados, analiza cu\u00e1les son los <strong>puntos m\u00e1s importantes de este texto<\/strong> <strong>que deber\u00edan tener en cuenta las empresas.<\/strong><\/p>\n<h2>El Real Decreto-Ley 30\/2020 y los ERTE<\/h2>\n<p>El Real Decreto-Ley 30\/020 prorroga y mantiene medidas reguladas en la legislaci\u00f3n anterior, como las de los RD-L 8\/2020 y RD-L 9\/2020.<\/p>\n<p>En cuanto a la regulaci\u00f3n de los ERTE, me remito a las notas publicadas por mi compa\u00f1ero, Jos\u00e9 Mar\u00eda Fern\u00e1ndez Mota (para ver los comentarios completos: <a href=\"https:\/\/maabogados.com\/2020\/09\/30\/los-erte-y-el-real-decreto-ley-30-2020-de-30-sept\/\" target=\"_blank\" rel=\"noopener noreferrer\">https:\/\/maabogados.com\/2020\/09\/30\/los-erte-y-el-real-decreto-ley-30-2020-de-30-sept\/<\/a>):<\/p>\n<p>\u201c<em>Los <strong>ERTE FM \u00a0vigentes se<\/strong> <strong>prorrogar\u00e1n autom\u00e1ticamente<\/strong> hasta el 31 de enero de 2021<\/em>\u201d.<\/p>\n<p><strong>Para las empresas que NO tienen un ERTE FM vigente y tienen, o no, un ERTE ETOP<\/strong> se regulan nuevos ERTEs:<\/p>\n<ul>\n<li><strong>ERTE por impedimento<\/strong>: para empresas que vean impedido el desarrollo de su actividad en alguno de sus centros de trabajo.<\/li>\n<li><strong>ERTE por limitaciones:<\/strong> para empresas que vean limitado el desarrollo normalizado de su actividad.<\/li>\n<li><strong>ERTE ETOP:<\/strong> sigue vigente el procedimiento del Art. 23 RDL 8\/2020, pero incorporando la posibilidad de pr\u00f3rroga.<\/li>\n<\/ul>\n<h2>El Real Decreto-Ley 30\/2020 y la protecci\u00f3n por desempleo<\/h2>\n<p>El Cap\u00edtulo II del RD-L regula medidas en materia de protecci\u00f3n por desempleo.<\/p>\n<p>El art. 8.1 dispone que las <strong>personas afectadas por los ERTE regulados anteriormente<\/strong> y las que se hayan visto <strong>afectadas a partir del d\u00eda 1 de julio<\/strong>, o lo sean <strong>a partir del d\u00eda 1 de octubre de 2020<\/strong> por ERTEs por causa de fuerza mayor, <strong>podr\u00e1n percibir o continuar percibiendo hasta el 31 de enero de 2021 la prestaci\u00f3n por desempleo<\/strong>.<\/p>\n<p>Las empresas que, en los procedimientos de ERTE por las causas previstas en el art\u00edculo 23 del RD-L 8\/2020, comunicaron a la autoridad laboral su decisi\u00f3n a partir del 30 de marzo de 2020, deber\u00e1n formular solicitud colectiva de prestaciones por desempleo en el plazo de los quince d\u00edas h\u00e1biles siguientes a la fecha de la situaci\u00f3n legal de desempleo. A estas personas trabajadoras tambi\u00e9n se les reconocer\u00e1 la prestaci\u00f3n prevista en el art\u00edculo 25.1 del RD-L 8\/2020, como m\u00e1ximo hasta el 30 de enero de 2021, <strong>aunque carezcan de cotizaci\u00f3n suficiente para ello<\/strong>.<\/p>\n<p>A las personas trabajadoras afectadas por ERTE, los d\u00edas que perciban la prestaci\u00f3n contributiva a partir del d\u00eda 1 de octubre de 2020 y hasta el 31 de enero de 2021, se les restar\u00e1n de la duraci\u00f3n de las prestaciones que se les reconozcan posteriormente cuya fecha de inicio sea anterior al 1 de octubre de 2026.<\/p>\n<p>Es importante tener en cuenta lo siguiente: <strong>de conformidad con los art\u00edculos 8.1 y 8.7 de este RD-L, desde el 1 de octubre de 2020 los trabajadores en ERTE consumen desempleo.<\/strong><\/p>\n<p>No se realizar\u00e1 ese consumo a quienes accedan a una nueva prestaci\u00f3n antes del 1 de enero de 2022 por haber finalizado un contrato de duraci\u00f3n determinada o por haber sido despedidos por causas econ\u00f3micas, t\u00e9cnicas, organizativas o de producci\u00f3n, o por cualquier otro motivo si el despido es improcedente. Pero esta <strong>improcedencia no puede ser reconocida en la carta de despido<\/strong>, ya que <strong>la empresa no puede reconocer la improcedencia directamente. <\/strong>Solo se puede reconocer en el acto de conciliaci\u00f3n laboral o en sede judicial.<\/p>\n<p>Si la empresa reconociese directamente la improcedencia del despido, a la indemnizaci\u00f3n se le tendr\u00eda que realizar la retenci\u00f3n correspondiente, porque se puede entender que es una extinci\u00f3n por mutuo acuerdo.<\/p>\n<p><strong>Si quieres ampliar informaci\u00f3n en esta materia consulta en este enlace el art\u00edculo \u00ab El Real Decreto Ley 30\/2020 y la Protecci\u00f3n por Desempleo\u00bb de Carlos R\u00edos. (<\/strong><a href=\"https:\/\/maabogados.com\/\" target=\"_blank\" rel=\"noopener noreferrer\"><strong>MA ABOGADOS<\/strong><\/a><strong>) que te ofrece <\/strong><strong>Capital Humano,<\/strong><strong> la publicaci\u00f3n de referencia en gesti\u00f3n de RRHH: direcci\u00f3n, organizaci\u00f3n, selecci\u00f3n, formaci\u00f3n, gesti\u00f3n del talento, motivaci\u00f3n\u2026<\/strong><\/p>\n","protected":false},"excerpt":{"rendered":"<p>La pandemia internacional ocasionada por la COVID-19 sigue afectando a la vida social y econ\u00f3mica. Desde marzo, el<a class=\"moretag\" href=\"https:\/\/empresas.infoempleo.com\/hrtrends\/legal-prorroga-de-los-erte-y-proteccion-por-desempleo\/\"> Leer m\u00e1s<\/a><\/p>\n","protected":false},"author":126,"featured_media":38061,"comment_status":"closed","ping_status":"closed","sticky":false,"template":"","format":"standard","meta":{"footnotes":""},"categories":[3],"tags":[3361,33,3394,3289],"class_list":["post-38053","post","type-post","status-publish","format-standard","has-post-thumbnail","hentry","category-actualidad","tag-covid-19","tag-desempleo","tag-ertes","tag-legislacion"],"yoast_head":"<!-- This site is optimized with the Yoast SEO plugin v26.1.1 - https:\/\/yoast.com\/wordpress\/plugins\/seo\/ -->\n<title>Pr\u00f3rroga de ERTE y Desempleo: Real Decreto-Ley 30\/2020 | HRTRENDS<\/title>\n<meta name=\"description\" content=\"El Real Decreto-Ley 30\/2020 es la \u00faltima medida lanzada por el Gobierno.Carlos R\u00edos, de MA Abogados, analiza los puntos a tener en cuenta por las empresas\" \/>\n<meta name=\"robots\" content=\"index, follow, max-snippet:-1, max-image-preview:large, max-video-preview:-1\" \/>\n<link rel=\"canonical\" href=\"https:\/\/empresas.infoempleo.com\/hrtrends\/legal-prorroga-de-los-erte-y-proteccion-por-desempleo\/\" \/>\n<meta property=\"og:locale\" content=\"es_ES\" \/>\n<meta property=\"og:type\" content=\"article\" \/>\n<meta property=\"og:title\" content=\"Pr\u00f3rroga de ERTE y Desempleo: Real Decreto-Ley 30\/2020 | HRTRENDS\" \/>\n<meta property=\"og:description\" content=\"El Real Decreto-Ley 30\/2020 es la \u00faltima medida lanzada por el Gobierno.Carlos R\u00edos, de MA Abogados, analiza los puntos a tener en cuenta por las empresas\" \/>\n<meta property=\"og:url\" content=\"https:\/\/empresas.infoempleo.com\/hrtrends\/legal-prorroga-de-los-erte-y-proteccion-por-desempleo\/\" \/>\n<meta property=\"og:site_name\" content=\"HRTRENDS\" \/>\n<meta property=\"article:publisher\" content=\"https:\/\/www.facebook.com\/Infoempleo\" \/>\n<meta property=\"article:published_time\" content=\"2020-11-12T05:30:36+00:00\" \/>\n<meta property=\"article:modified_time\" content=\"2024-09-13T14:09:19+00:00\" \/>\n<meta property=\"og:image\" content=\"https:\/\/empresas.infoempleo.com\/hrtrends\/media\/2020\/11\/HRTrends-ERTE-y-desempleo.jpg\" \/>\n\t<meta property=\"og:image:width\" content=\"980\" \/>\n\t<meta property=\"og:image:height\" content=\"652\" \/>\n\t<meta property=\"og:image:type\" content=\"image\/jpeg\" \/>\n<meta name=\"author\" content=\"Capital Humano\" \/>\n<meta name=\"twitter:card\" content=\"summary_large_image\" \/>\n<meta name=\"twitter:creator\" content=\"@infoempleo\" \/>\n<meta name=\"twitter:site\" content=\"@infoempleo\" \/>\n<meta name=\"twitter:label1\" content=\"Escrito por\" \/>\n\t<meta name=\"twitter:data1\" content=\"Capital Humano\" \/>\n\t<meta name=\"twitter:label2\" content=\"Tiempo de lectura\" \/>\n\t<meta name=\"twitter:data2\" content=\"3 minutos\" \/>\n<script type=\"application\/ld+json\" class=\"yoast-schema-graph\">{\"@context\":\"https:\/\/schema.org\",\"@graph\":[{\"@type\":\"NewsArticle\",\"@id\":\"https:\/\/empresas.infoempleo.com\/hrtrends\/legal-prorroga-de-los-erte-y-proteccion-por-desempleo\/#article\",\"isPartOf\":{\"@id\":\"https:\/\/empresas.infoempleo.com\/hrtrends\/legal-prorroga-de-los-erte-y-proteccion-por-desempleo\/\"},\"author\":{\"name\":\"Capital Humano\",\"@id\":\"https:\/\/empresas.infoempleo.com\/hrtrends\/#\/schema\/person\/45866f6223ec1e02c0d4dfb7f502354d\"},\"headline\":\"[Legal] Pr\u00f3rroga de los ERTE y Protecci\u00f3n por Desempleo\",\"datePublished\":\"2020-11-12T05:30:36+00:00\",\"dateModified\":\"2024-09-13T14:09:19+00:00\",\"mainEntityOfPage\":{\"@id\":\"https:\/\/empresas.infoempleo.com\/hrtrends\/legal-prorroga-de-los-erte-y-proteccion-por-desempleo\/\"},\"wordCount\":687,\"publisher\":{\"@id\":\"https:\/\/empresas.infoempleo.com\/hrtrends\/#organization\"},\"image\":{\"@id\":\"https:\/\/empresas.infoempleo.com\/hrtrends\/legal-prorroga-de-los-erte-y-proteccion-por-desempleo\/#primaryimage\"},\"thumbnailUrl\":\"https:\/\/empresas.infoempleo.com\/hrtrends\/media\/2020\/11\/HRTrends-ERTE-y-desempleo.jpg\",\"keywords\":[\"COVID-19\",\"desempleo\",\"ERTES\",\"legislaci\u00f3n\"],\"articleSection\":[\"Actualidad\"],\"inLanguage\":\"es\",\"copyrightYear\":\"2020\",\"copyrightHolder\":{\"@id\":\"https:\/\/empresas.infoempleo.com\/hrtrends\/#organization\"}},{\"@type\":\"WebPage\",\"@id\":\"https:\/\/empresas.infoempleo.com\/hrtrends\/legal-prorroga-de-los-erte-y-proteccion-por-desempleo\/\",\"url\":\"https:\/\/empresas.infoempleo.com\/hrtrends\/legal-prorroga-de-los-erte-y-proteccion-por-desempleo\/\",\"name\":\"Pr\u00f3rroga de ERTE y Desempleo: Real Decreto-Ley 30\/2020 | HRTRENDS\",\"isPartOf\":{\"@id\":\"https:\/\/empresas.infoempleo.com\/hrtrends\/#website\"},\"primaryImageOfPage\":{\"@id\":\"https:\/\/empresas.infoempleo.com\/hrtrends\/legal-prorroga-de-los-erte-y-proteccion-por-desempleo\/#primaryimage\"},\"image\":{\"@id\":\"https:\/\/empresas.infoempleo.com\/hrtrends\/legal-prorroga-de-los-erte-y-proteccion-por-desempleo\/#primaryimage\"},\"thumbnailUrl\":\"https:\/\/empresas.infoempleo.com\/hrtrends\/media\/2020\/11\/HRTrends-ERTE-y-desempleo.jpg\",\"datePublished\":\"2020-11-12T05:30:36+00:00\",\"dateModified\":\"2024-09-13T14:09:19+00:00\",\"description\":\"El Real Decreto-Ley 30\/2020 es la \u00faltima medida lanzada por el Gobierno.Carlos R\u00edos, de MA Abogados, analiza los puntos a tener en cuenta por las empresas\",\"breadcrumb\":{\"@id\":\"https:\/\/empresas.infoempleo.com\/hrtrends\/legal-prorroga-de-los-erte-y-proteccion-por-desempleo\/#breadcrumb\"},\"inLanguage\":\"es\",\"potentialAction\":[{\"@type\":\"ReadAction\",\"target\":[\"https:\/\/empresas.infoempleo.com\/hrtrends\/legal-prorroga-de-los-erte-y-proteccion-por-desempleo\/\"]}]},{\"@type\":\"ImageObject\",\"inLanguage\":\"es\",\"@id\":\"https:\/\/empresas.infoempleo.com\/hrtrends\/legal-prorroga-de-los-erte-y-proteccion-por-desempleo\/#primaryimage\",\"url\":\"https:\/\/empresas.infoempleo.com\/hrtrends\/media\/2020\/11\/HRTrends-ERTE-y-desempleo-150x150.jpg\",\"contentUrl\":\"https:\/\/empresas.infoempleo.com\/hrtrends\/media\/2020\/11\/HRTrends-ERTE-y-desempleo-150x150.jpg\",\"width\":150,\"height\":150,\"caption\":\"Real Decreto-Ley 30\/2020 ERTE y protecci\u00f3n por desempleo\"},{\"@type\":\"BreadcrumbList\",\"@id\":\"https:\/\/empresas.infoempleo.com\/hrtrends\/legal-prorroga-de-los-erte-y-proteccion-por-desempleo\/#breadcrumb\",\"itemListElement\":[{\"@type\":\"ListItem\",\"position\":1,\"name\":\"Portada\",\"item\":\"https:\/\/empresas.infoempleo.com\/hrtrends\/\"},{\"@type\":\"ListItem\",\"position\":2,\"name\":\"[Legal] Pr\u00f3rroga de los ERTE y Protecci\u00f3n por Desempleo\"}]},{\"@type\":\"WebSite\",\"@id\":\"https:\/\/empresas.infoempleo.com\/hrtrends\/#website\",\"url\":\"https:\/\/empresas.infoempleo.com\/hrtrends\",\"name\":\"HRTrends by Infoempleo\",\"description\":\"\",\"publisher\":{\"@id\":\"https:\/\/empresas.infoempleo.com\/hrtrends\/#organization\"},\"potentialAction\":{\"@type\":\"SearchAction\",\"target\":\"https:\/\/empresas.infoempleo.com\/hrtrends\/?s={search_term_string}\",\"query-input\":\"required name=search_term_string\"},\"inLanguage\":\"es\"},{\"@type\":\"Organization\",\"@id\":\"https:\/\/empresas.infoempleo.com\/hrtrends\/#organization\",\"name\":\"Infoempleo\",\"url\":\"https:\/\/www.infoempleo.com\/\",\"logo\":{\"@type\":\"ImageObject\",\"@id\":\"https:\/\/empresas.infoempleo.com\/hrtrends\/#logo\",\"inLanguage\":\"es\",\"url\":\"https:\/\/cdnazure.infoempleo.com\/infoempleo\/assets\/style\/gfx\/logo.svg\",\"contentUrl\":\"https:\/\/cdnazure.infoempleo.com\/infoempleo\/assets\/style\/gfx\/logo.svg\",\"width\":150,\"height\":40,\"caption\":\"Infoempleo\"},\"image\":{\"@id\":\"https:\/\/empresas.infoempleo.com\/hrtrends\/#logo\"},\"sameAs\":[\"https:\/\/www.facebook.com\/Infoempleo\",\"https:\/\/x.com\/infoempleo\",\"http:\/\/instagram.com\/infoempleo\/\",\"http:\/\/www.linkedin.com\/groups\/Empleo-Espa\u00f1a-Infoempleocom-111276\",\"http:\/\/pinterest.com\/infoempleo\/\"],\"address\":{\"@type\":\"PostalAddress\",\"addressLocality\":\"Madrid\",\"postalCode\":\"28050\",\"streetAddress\":\"Avenida de Burgos 114\"},\"brand\":[\"Infoempleo\"]},{\"@type\":\"Person\",\"@id\":\"https:\/\/empresas.infoempleo.com\/hrtrends\/#\/schema\/person\/45866f6223ec1e02c0d4dfb7f502354d\",\"name\":\"Capital Humano\",\"image\":{\"@type\":\"ImageObject\",\"inLanguage\":\"es\",\"@id\":\"https:\/\/empresas.infoempleo.com\/hrtrends\/#\/schema\/person\/image\/\",\"url\":\"https:\/\/secure.gravatar.com\/avatar\/6b5b4c3d2e920ab7e4962ad63accd57728c2092bf0383a312748e472e61c6be4?s=96&d=mm&r=g\",\"contentUrl\":\"https:\/\/secure.gravatar.com\/avatar\/6b5b4c3d2e920ab7e4962ad63accd57728c2092bf0383a312748e472e61c6be4?s=96&d=mm&r=g\",\"caption\":\"Capital Humano\"},\"description\":\"La publicaci\u00f3n de referencia en gesti\u00f3n de RRHH: direcci\u00f3n, organizaci\u00f3n, selecci\u00f3n, formaci\u00f3n, gesti\u00f3n del talento, motivaci\u00f3n... con 30 a\u00f1os de trayectoria, tiene en enfoque de m\u00e1xima utilidad con numerosos casos pr\u00e1cticos de empresas y administraciones p\u00fablicas para contribuir a la modernizaci\u00f3n y mejora de las t\u00e9cnicas de los RRHH. http:\/\/capitalhumano.wolterskluwer.es\/Content\/Inicio.aspx\",\"sameAs\":[\"http:\/\/capitalhumano.wolterskluwer.es\/Content\/Inicio.aspx\"],\"url\":\"https:\/\/empresas.infoempleo.com\/hrtrends\/author\/wketrends\/\"}]}<\/script>\n<!-- \/ Yoast SEO plugin. -->","yoast_head_json":{"title":"Pr\u00f3rroga de ERTE y Desempleo: Real Decreto-Ley 30\/2020 | HRTRENDS","description":"El Real Decreto-Ley 30\/2020 es la \u00faltima medida lanzada por el Gobierno.Carlos R\u00edos, de MA Abogados, analiza los puntos a tener en cuenta por las empresas","robots":{"index":"index","follow":"follow","max-snippet":"max-snippet:-1","max-image-preview":"max-image-preview:large","max-video-preview":"max-video-preview:-1"},"canonical":"https:\/\/empresas.infoempleo.com\/hrtrends\/legal-prorroga-de-los-erte-y-proteccion-por-desempleo\/","og_locale":"es_ES","og_type":"article","og_title":"Pr\u00f3rroga de ERTE y Desempleo: Real Decreto-Ley 30\/2020 | HRTRENDS","og_description":"El Real Decreto-Ley 30\/2020 es la \u00faltima medida lanzada por el Gobierno.Carlos R\u00edos, de MA Abogados, analiza los puntos a tener en cuenta por las empresas","og_url":"https:\/\/empresas.infoempleo.com\/hrtrends\/legal-prorroga-de-los-erte-y-proteccion-por-desempleo\/","og_site_name":"HRTRENDS","article_publisher":"https:\/\/www.facebook.com\/Infoempleo","article_published_time":"2020-11-12T05:30:36+00:00","article_modified_time":"2024-09-13T14:09:19+00:00","og_image":[{"width":980,"height":652,"url":"https:\/\/empresas.infoempleo.com\/hrtrends\/media\/2020\/11\/HRTrends-ERTE-y-desempleo.jpg","type":"image\/jpeg"}],"author":"Capital Humano","twitter_card":"summary_large_image","twitter_creator":"@infoempleo","twitter_site":"@infoempleo","twitter_misc":{"Escrito por":"Capital Humano","Tiempo de lectura":"3 minutos"},"schema":{"@context":"https:\/\/schema.org","@graph":[{"@type":"NewsArticle","@id":"https:\/\/empresas.infoempleo.com\/hrtrends\/legal-prorroga-de-los-erte-y-proteccion-por-desempleo\/#article","isPartOf":{"@id":"https:\/\/empresas.infoempleo.com\/hrtrends\/legal-prorroga-de-los-erte-y-proteccion-por-desempleo\/"},"author":{"name":"Capital Humano","@id":"https:\/\/empresas.infoempleo.com\/hrtrends\/#\/schema\/person\/45866f6223ec1e02c0d4dfb7f502354d"},"headline":"[Legal] Pr\u00f3rroga de los ERTE y Protecci\u00f3n por Desempleo","datePublished":"2020-11-12T05:30:36+00:00","dateModified":"2024-09-13T14:09:19+00:00","mainEntityOfPage":{"@id":"https:\/\/empresas.infoempleo.com\/hrtrends\/legal-prorroga-de-los-erte-y-proteccion-por-desempleo\/"},"wordCount":687,"publisher":{"@id":"https:\/\/empresas.infoempleo.com\/hrtrends\/#organization"},"image":{"@id":"https:\/\/empresas.infoempleo.com\/hrtrends\/legal-prorroga-de-los-erte-y-proteccion-por-desempleo\/#primaryimage"},"thumbnailUrl":"https:\/\/empresas.infoempleo.com\/hrtrends\/media\/2020\/11\/HRTrends-ERTE-y-desempleo.jpg","keywords":["COVID-19","desempleo","ERTES","legislaci\u00f3n"],"articleSection":["Actualidad"],"inLanguage":"es","copyrightYear":"2020","copyrightHolder":{"@id":"https:\/\/empresas.infoempleo.com\/hrtrends\/#organization"}},{"@type":"WebPage","@id":"https:\/\/empresas.infoempleo.com\/hrtrends\/legal-prorroga-de-los-erte-y-proteccion-por-desempleo\/","url":"https:\/\/empresas.infoempleo.com\/hrtrends\/legal-prorroga-de-los-erte-y-proteccion-por-desempleo\/","name":"Pr\u00f3rroga de ERTE y Desempleo: Real Decreto-Ley 30\/2020 | HRTRENDS","isPartOf":{"@id":"https:\/\/empresas.infoempleo.com\/hrtrends\/#website"},"primaryImageOfPage":{"@id":"https:\/\/empresas.infoempleo.com\/hrtrends\/legal-prorroga-de-los-erte-y-proteccion-por-desempleo\/#primaryimage"},"image":{"@id":"https:\/\/empresas.infoempleo.com\/hrtrends\/legal-prorroga-de-los-erte-y-proteccion-por-desempleo\/#primaryimage"},"thumbnailUrl":"https:\/\/empresas.infoempleo.com\/hrtrends\/media\/2020\/11\/HRTrends-ERTE-y-desempleo.jpg","datePublished":"2020-11-12T05:30:36+00:00","dateModified":"2024-09-13T14:09:19+00:00","description":"El Real Decreto-Ley 30\/2020 es la \u00faltima medida lanzada por el Gobierno.Carlos R\u00edos, de MA Abogados, analiza los puntos a tener en cuenta por las empresas","breadcrumb":{"@id":"https:\/\/empresas.infoempleo.com\/hrtrends\/legal-prorroga-de-los-erte-y-proteccion-por-desempleo\/#breadcrumb"},"inLanguage":"es","potentialAction":[{"@type":"ReadAction","target":["https:\/\/empresas.infoempleo.com\/hrtrends\/legal-prorroga-de-los-erte-y-proteccion-por-desempleo\/"]}]},{"@type":"ImageObject","inLanguage":"es","@id":"https:\/\/empresas.infoempleo.com\/hrtrends\/legal-prorroga-de-los-erte-y-proteccion-por-desempleo\/#primaryimage","url":"https:\/\/empresas.infoempleo.com\/hrtrends\/media\/2020\/11\/HRTrends-ERTE-y-desempleo-150x150.jpg","contentUrl":"https:\/\/empresas.infoempleo.com\/hrtrends\/media\/2020\/11\/HRTrends-ERTE-y-desempleo-150x150.jpg","width":150,"height":150,"caption":"Real Decreto-Ley 30\/2020 ERTE y protecci\u00f3n por desempleo"},{"@type":"BreadcrumbList","@id":"https:\/\/empresas.infoempleo.com\/hrtrends\/legal-prorroga-de-los-erte-y-proteccion-por-desempleo\/#breadcrumb","itemListElement":[{"@type":"ListItem","position":1,"name":"Portada","item":"https:\/\/empresas.infoempleo.com\/hrtrends\/"},{"@type":"ListItem","position":2,"name":"[Legal] Pr\u00f3rroga de los ERTE y Protecci\u00f3n por Desempleo"}]},{"@type":"WebSite","@id":"https:\/\/empresas.infoempleo.com\/hrtrends\/#website","url":"https:\/\/empresas.infoempleo.com\/hrtrends","name":"HRTrends by Infoempleo","description":"","publisher":{"@id":"https:\/\/empresas.infoempleo.com\/hrtrends\/#organization"},"potentialAction":{"@type":"SearchAction","target":"https:\/\/empresas.infoempleo.com\/hrtrends\/?s={search_term_string}","query-input":"required name=search_term_string"},"inLanguage":"es"},{"@type":"Organization","@id":"https:\/\/empresas.infoempleo.com\/hrtrends\/#organization","name":"Infoempleo","url":"https:\/\/www.infoempleo.com\/","logo":{"@type":"ImageObject","@id":"https:\/\/empresas.infoempleo.com\/hrtrends\/#logo","inLanguage":"es","url":"https:\/\/cdnazure.infoempleo.com\/infoempleo\/assets\/style\/gfx\/logo.svg","contentUrl":"https:\/\/cdnazure.infoempleo.com\/infoempleo\/assets\/style\/gfx\/logo.svg","width":150,"height":40,"caption":"Infoempleo"},"image":{"@id":"https:\/\/empresas.infoempleo.com\/hrtrends\/#logo"},"sameAs":["https:\/\/www.facebook.com\/Infoempleo","https:\/\/x.com\/infoempleo","http:\/\/instagram.com\/infoempleo\/","http:\/\/www.linkedin.com\/groups\/Empleo-Espa\u00f1a-Infoempleocom-111276","http:\/\/pinterest.com\/infoempleo\/"],"address":{"@type":"PostalAddress","addressLocality":"Madrid","postalCode":"28050","streetAddress":"Avenida de Burgos 114"},"brand":["Infoempleo"]},{"@type":"Person","@id":"https:\/\/empresas.infoempleo.com\/hrtrends\/#\/schema\/person\/45866f6223ec1e02c0d4dfb7f502354d","name":"Capital Humano","image":{"@type":"ImageObject","inLanguage":"es","@id":"https:\/\/empresas.infoempleo.com\/hrtrends\/#\/schema\/person\/image\/","url":"https:\/\/secure.gravatar.com\/avatar\/6b5b4c3d2e920ab7e4962ad63accd57728c2092bf0383a312748e472e61c6be4?s=96&d=mm&r=g","contentUrl":"https:\/\/secure.gravatar.com\/avatar\/6b5b4c3d2e920ab7e4962ad63accd57728c2092bf0383a312748e472e61c6be4?s=96&d=mm&r=g","caption":"Capital Humano"},"description":"La publicaci\u00f3n de referencia en gesti\u00f3n de RRHH: direcci\u00f3n, organizaci\u00f3n, selecci\u00f3n, formaci\u00f3n, gesti\u00f3n del talento, motivaci\u00f3n... con 30 a\u00f1os de trayectoria, tiene en enfoque de m\u00e1xima utilidad con numerosos casos pr\u00e1cticos de empresas y administraciones p\u00fablicas para contribuir a la modernizaci\u00f3n y mejora de las t\u00e9cnicas de los RRHH. http:\/\/capitalhumano.wolterskluwer.es\/Content\/Inicio.aspx","sameAs":["http:\/\/capitalhumano.wolterskluwer.es\/Content\/Inicio.aspx"],"url":"https:\/\/empresas.infoempleo.com\/hrtrends\/author\/wketrends\/"}]}},"amp_enabled":true,"_links":{"self":[{"href":"https:\/\/empresas.infoempleo.com\/hrtrends\/wp-json\/wp\/v2\/posts\/38053","targetHints":{"allow":["GET"]}}],"collection":[{"href":"https:\/\/empresas.infoempleo.com\/hrtrends\/wp-json\/wp\/v2\/posts"}],"about":[{"href":"https:\/\/empresas.infoempleo.com\/hrtrends\/wp-json\/wp\/v2\/types\/post"}],"author":[{"embeddable":true,"href":"https:\/\/empresas.infoempleo.com\/hrtrends\/wp-json\/wp\/v2\/users\/126"}],"replies":[{"embeddable":true,"href":"https:\/\/empresas.infoempleo.com\/hrtrends\/wp-json\/wp\/v2\/comments?post=38053"}],"version-history":[{"count":7,"href":"https:\/\/empresas.infoempleo.com\/hrtrends\/wp-json\/wp\/v2\/posts\/38053\/revisions"}],"predecessor-version":[{"id":45721,"href":"https:\/\/empresas.infoempleo.com\/hrtrends\/wp-json\/wp\/v2\/posts\/38053\/revisions\/45721"}],"wp:featuredmedia":[{"embeddable":true,"href":"https:\/\/empresas.infoempleo.com\/hrtrends\/wp-json\/wp\/v2\/media\/38061"}],"wp:attachment":[{"href":"https:\/\/empresas.infoempleo.com\/hrtrends\/wp-json\/wp\/v2\/media?parent=38053"}],"wp:term":[{"taxonomy":"category","embeddable":true,"href":"https:\/\/empresas.infoempleo.com\/hrtrends\/wp-json\/wp\/v2\/categories?post=38053"},{"taxonomy":"post_tag","embeddable":true,"href":"https:\/\/empresas.infoempleo.com\/hrtrends\/wp-json\/wp\/v2\/tags?post=38053"}],"curies":[{"name":"wp","href":"https:\/\/api.w.org\/{rel}","templated":true}]}}