{"id":37934,"date":"2020-09-29T07:30:40","date_gmt":"2020-09-29T05:30:40","guid":{"rendered":"https:\/\/empresas.infoempleo.com\/hrtrends\/?p=37934"},"modified":"2020-09-28T06:49:39","modified_gmt":"2020-09-28T04:49:39","slug":"conversacion-entre-generaciones-que-puede-aportar-el-talento-senior-al-junior-y-viceversa","status":"publish","type":"post","link":"https:\/\/empresas.infoempleo.com\/hrtrends\/conversacion-entre-generaciones-que-puede-aportar-el-talento-senior-al-junior-y-viceversa\/","title":{"rendered":"Conversaci\u00f3n entre generaciones: qu\u00e9 puede aportar el talento senior al junior y viceversa"},"content":{"rendered":"<p>El progresivo envejecimiento de las poblaciones requiere de una reflexi\u00f3n sobre el impacto que tiene este fen\u00f3meno en el mercado laboral. Hasta <a href=\"https:\/\/empresas.infoempleo.com\/hrtrends\/como-gestionar-una-oficina-con-empleados-de-distintas-generaciones\"><strong>cinco generaciones conviven actualmente en las oficinas<\/strong><\/a>. Unos llegaron antes, otras m\u00e1s tarde y los \u00faltimos en llegar <strong>necesitan construir canales de comunicaci\u00f3n para colaborar<\/strong>, tambi\u00e9n en las empresas. \u00bfQu\u00e9 tienen que decirse los senior y los junior?<\/p>\n<p><!--more--><\/p>\n<p><strong>Facilitar el di\u00e1logo y la transferencia de conocimientos ser\u00e1 la estrategia ganadora<\/strong> en un mundo donde la esperanza de vida se ha ampliado 10 a\u00f1os desde los a\u00f1os 70 (de los 73 de media a los 83) y las jubilaciones cada vez tardar\u00e1n m\u00e1s en llegar.<\/p>\n<h2>De los tradicionales a los <em>centennials: <\/em>cinco generaciones coinciden en la m\u00e1quina de caf\u00e9<\/h2>\n<p>Estas son las cinco generaciones que est\u00e1n condenadas a entenderse en los entornos laborales porque la cosa va para largo.<\/p>\n<p>Todav\u00eda forman parte de las empresas <strong>esas personas que empezaron a trabajar cuando todav\u00eda no eran mayores de edad<\/strong>. Son los llamados <strong>tradicionales<\/strong>, los m\u00e1s mayores dentro de los seniors, la memoria de las empresas. Han vivido crisis, hitos y <strong>han soportado las mil y una trasformaciones del sector<\/strong>. Su conocimiento tiene un valor incalculable. Es interesante escuchar c\u00f3mo se repite la historia y de qu\u00e9 manera <strong>un an\u00e1lisis basado en la experiencia salva una crisis<\/strong>.<\/p>\n<p>Los <em>boomers<\/em> fueron los <strong>j\u00f3venes adultos que construyeron un pa\u00eds que sal\u00eda de una dictadura<\/strong>. Innovaron, apostaron y se esforzaron. La <em>generaci\u00f3n X<\/em>, los sobradamente preparados, fue la primera generaci\u00f3n que obtuvo estudios universitarios en masa, inauguraron los Erasmus y volvieron chapurreando ingl\u00e9s. Los <em>millennials<\/em> son los protagonistas de los tiempos que vivimos. No se han ahorrado disgustos laborales y han salido a estudiar al extranjero m\u00e1s que ninguna de las generaciones anteriores: para vivir una aventura y para escapar de la crisis.<\/p>\n<p>Los <strong>m\u00e1s j\u00f3venes<\/strong> han llegado a un mundo con internet. Necesitan respuestas \u00e1giles, huyen de la perfecci\u00f3n y prefieren salir con una versi\u00f3n beta e ir mejor\u00e1ndola. No hay tiempo para madurar ideas o para estar haciendo una sola tarea a la vez. Y la asistencia de la tecnolog\u00eda lo permite. Y las dominan.<\/p>\n<p><img loading=\"lazy\" decoding=\"async\" class=\"aligncenter wp-image-37937 size-full\" src=\"https:\/\/empresas.infoempleo.com\/hrtrends\/media\/2020\/09\/HRTrends_plantillas-intergeneracionales.jpg\" alt=\"HRTrends_cinco-generaciones\" width=\"800\" height=\"534\" srcset=\"https:\/\/empresas.infoempleo.com\/hrtrends\/media\/2020\/09\/HRTrends_plantillas-intergeneracionales.jpg 800w, https:\/\/empresas.infoempleo.com\/hrtrends\/media\/2020\/09\/HRTrends_plantillas-intergeneracionales-300x200.jpg 300w, https:\/\/empresas.infoempleo.com\/hrtrends\/media\/2020\/09\/HRTrends_plantillas-intergeneracionales-768x513.jpg 768w\" sizes=\"auto, (max-width: 800px) 100vw, 800px\" \/><\/p>\n<h2>Las beneficios y retos de cada talento senior o junior<\/h2>\n<p>La diversidad y el trabajo intergeneracional en las plantillas <strong>favorece el sentimiento de pertenencia<\/strong>, aumenta la creatividad y aprovecha al m\u00e1ximo el talento. As\u00ed que es interesante <strong>identificar qu\u00e9 retos se presentan para trabajar sobre ellos<\/strong> y optimizar ese entendimiento.<\/p>\n<p>En primer lugar, es <strong>importante construir una cultura corporativa donde se de valor a lo que cada generaci\u00f3n aporta<\/strong>. En los m\u00e1s mayores la experiencia y el conocimiento profundo de la din\u00e1mica de la empresa, as\u00ed como su historia, aporta una <strong>perspectiva fundamental para adelantarse a los problemas<\/strong>. La formaci\u00f3n y el talento de los m\u00e1s j\u00f3venes ser\u00e1 el ingrediente principal para la innovaci\u00f3n. La <strong>experiencia internacional<\/strong> que aportan quienes cuentan con edades intermedias es muy apreciado en un mundo global donde el conocimiento de idiomas se suma a una dilatada experiencia en este grupo.<\/p>\n<p>Por el lado de los desaf\u00edos, algunas cuestiones <strong>requieren de un limado de asperezas<\/strong>. Quienes ya estaban cuando pusieron la puerta t<strong>ienden a subestimar la formaci\u00f3n de los m\u00e1s j\u00f3venes por debajo de su experiencia<\/strong>. Los de mediana edad, por su parte, presionan para hacer el relevo generacional.<\/p>\n<p>Los mayores <strong>cuentan con habilidades que no se encuentran en el mercado laboral<\/strong>, pero, al mismo tiempo, deben \u201caprender a desaprender\u201d. Muchos de sus conocimientos necesitan actualizaci\u00f3n o definitivamente, ya no sirven para los nuevos tiempos. Y eso es algo que <strong>conlleva mayores costes laborales<\/strong> en su formaci\u00f3n.<\/p>\n<h2>Algunos consejos para que se produzca la conversaci\u00f3n entre generaciones<\/h2>\n<p>Para crear una empresa donde la colaboraci\u00f3n entre los diferentes grupos de edad fluya se debe apostar por la <strong>transferencia de conocimiento intergeneracional<\/strong> mediante la creaci\u00f3n de espacios donde puedan confluir para lograr objetivos comunes. Lugares informales y seguros en los que sentirse libres para aportar con lo m\u00e1s valioso que cada grupo proporciona.<\/p>\n<p>Un dise\u00f1o de carreras donde <strong>se contemple el tramo final de la vida en la empresa como algo igualmente beneficioso<\/strong>. Integrar modelos de trabajo adaptados a cada generaci\u00f3n mediante los que se pueda extraer el m\u00e1ximo de talento y evitar el estr\u00e9s y la frustraci\u00f3n que puede suponer una <strong><a href=\"https:\/\/blog.infoempleo.com\/a\/metodologia-agile-trabajo\/\">metodolog\u00eda agile<\/a> en una persona de 65 a\u00f1os<\/strong> o la <strong>negociaci\u00f3n con el cliente de un reci\u00e9n llegado<\/strong>.<\/p>\n<p>El <strong>equilibrio en las edades entre los altos mandos tambi\u00e9n contribuye a que la conversaci\u00f3n intergeneracional<\/strong> sea la marca de la casa, predicando con el ejemplo.<\/p>\n<p>Todo ello ser\u00e1 posible si se <strong>favorece una cultura integradora<\/strong> y se eliminan prejuicios sobre las diferentes generaciones.<\/p>\n","protected":false},"excerpt":{"rendered":"<p>El progresivo envejecimiento de las poblaciones requiere de una reflexi\u00f3n sobre el impacto que tiene este fen\u00f3meno en<a class=\"moretag\" href=\"https:\/\/empresas.infoempleo.com\/hrtrends\/conversacion-entre-generaciones-que-puede-aportar-el-talento-senior-al-junior-y-viceversa\/\"> Leer m\u00e1s<\/a><\/p>\n","protected":false},"author":29,"featured_media":37936,"comment_status":"closed","ping_status":"closed","sticky":false,"template":"","format":"standard","meta":{"footnotes":""},"categories":[3035],"tags":[2314,3254,89],"class_list":["post-37934","post","type-post","status-publish","format-standard","has-post-thumbnail","hentry","category-consejos","tag-ambiente-laboral","tag-gestion-de-equipos","tag-talento"],"yoast_head":"<!-- This site is optimized with the Yoast SEO plugin v26.1.1 - https:\/\/yoast.com\/wordpress\/plugins\/seo\/ -->\n<title>Conversaci\u00f3n entre generaciones: qu\u00e9 puede aportar el talento senior al junior y viceversa | HRTRENDS<\/title>\n<meta name=\"description\" content=\"Las diferentes generaciones deben construir canales de comunicaci\u00f3n para colaborar en las empresas. \u00bfQu\u00e9 tienen que decirse senior y junior?\" \/>\n<meta name=\"robots\" content=\"index, follow, max-snippet:-1, max-image-preview:large, max-video-preview:-1\" \/>\n<link rel=\"canonical\" href=\"https:\/\/empresas.infoempleo.com\/hrtrends\/conversacion-entre-generaciones-que-puede-aportar-el-talento-senior-al-junior-y-viceversa\/\" \/>\n<meta property=\"og:locale\" content=\"es_ES\" \/>\n<meta property=\"og:type\" content=\"article\" \/>\n<meta property=\"og:title\" content=\"Conversaci\u00f3n entre generaciones: qu\u00e9 puede aportar el talento senior al junior y viceversa | HRTRENDS\" \/>\n<meta property=\"og:description\" content=\"Las diferentes generaciones deben construir canales de comunicaci\u00f3n para colaborar en las empresas. \u00bfQu\u00e9 tienen que decirse senior y junior?\" \/>\n<meta property=\"og:url\" content=\"https:\/\/empresas.infoempleo.com\/hrtrends\/conversacion-entre-generaciones-que-puede-aportar-el-talento-senior-al-junior-y-viceversa\/\" \/>\n<meta property=\"og:site_name\" content=\"HRTRENDS\" \/>\n<meta property=\"article:publisher\" content=\"https:\/\/www.facebook.com\/Infoempleo\" \/>\n<meta property=\"article:published_time\" content=\"2020-09-29T05:30:40+00:00\" \/>\n<meta property=\"og:image\" content=\"https:\/\/empresas.infoempleo.com\/hrtrends\/media\/2020\/09\/HRTrends_senior.jpg\" \/>\n\t<meta property=\"og:image:width\" content=\"881\" \/>\n\t<meta property=\"og:image:height\" content=\"587\" \/>\n\t<meta property=\"og:image:type\" content=\"image\/jpeg\" \/>\n<meta name=\"author\" content=\"Luisa Carrasco\" \/>\n<meta name=\"twitter:card\" content=\"summary_large_image\" \/>\n<meta name=\"twitter:creator\" content=\"@infoempleo\" \/>\n<meta name=\"twitter:site\" content=\"@infoempleo\" \/>\n<meta name=\"twitter:label1\" content=\"Escrito por\" \/>\n\t<meta name=\"twitter:data1\" content=\"Luisa Carrasco\" \/>\n\t<meta name=\"twitter:label2\" content=\"Tiempo de lectura\" \/>\n\t<meta name=\"twitter:data2\" content=\"4 minutos\" \/>\n<script type=\"application\/ld+json\" class=\"yoast-schema-graph\">{\"@context\":\"https:\/\/schema.org\",\"@graph\":[{\"@type\":\"NewsArticle\",\"@id\":\"https:\/\/empresas.infoempleo.com\/hrtrends\/conversacion-entre-generaciones-que-puede-aportar-el-talento-senior-al-junior-y-viceversa\/#article\",\"isPartOf\":{\"@id\":\"https:\/\/empresas.infoempleo.com\/hrtrends\/conversacion-entre-generaciones-que-puede-aportar-el-talento-senior-al-junior-y-viceversa\/\"},\"author\":{\"name\":\"Luisa Carrasco\",\"@id\":\"https:\/\/empresas.infoempleo.com\/hrtrends\/#\/schema\/person\/32ca57975913668419d075627a98dafe\"},\"headline\":\"Conversaci\u00f3n entre generaciones: qu\u00e9 puede aportar el talento senior al junior y viceversa\",\"datePublished\":\"2020-09-29T05:30:40+00:00\",\"mainEntityOfPage\":{\"@id\":\"https:\/\/empresas.infoempleo.com\/hrtrends\/conversacion-entre-generaciones-que-puede-aportar-el-talento-senior-al-junior-y-viceversa\/\"},\"wordCount\":837,\"publisher\":{\"@id\":\"https:\/\/empresas.infoempleo.com\/hrtrends\/#organization\"},\"image\":{\"@id\":\"https:\/\/empresas.infoempleo.com\/hrtrends\/conversacion-entre-generaciones-que-puede-aportar-el-talento-senior-al-junior-y-viceversa\/#primaryimage\"},\"thumbnailUrl\":\"https:\/\/empresas.infoempleo.com\/hrtrends\/media\/2020\/09\/HRTrends_senior.jpg\",\"keywords\":[\"ambiente laboral\",\"gesti\u00f3n de equipos\",\"talento\"],\"articleSection\":[\"Consejos\"],\"inLanguage\":\"es\",\"copyrightYear\":\"2020\",\"copyrightHolder\":{\"@id\":\"https:\/\/empresas.infoempleo.com\/hrtrends\/#organization\"}},{\"@type\":\"WebPage\",\"@id\":\"https:\/\/empresas.infoempleo.com\/hrtrends\/conversacion-entre-generaciones-que-puede-aportar-el-talento-senior-al-junior-y-viceversa\/\",\"url\":\"https:\/\/empresas.infoempleo.com\/hrtrends\/conversacion-entre-generaciones-que-puede-aportar-el-talento-senior-al-junior-y-viceversa\/\",\"name\":\"Conversaci\u00f3n entre generaciones: qu\u00e9 puede aportar el talento senior al junior y viceversa | HRTRENDS\",\"isPartOf\":{\"@id\":\"https:\/\/empresas.infoempleo.com\/hrtrends\/#website\"},\"primaryImageOfPage\":{\"@id\":\"https:\/\/empresas.infoempleo.com\/hrtrends\/conversacion-entre-generaciones-que-puede-aportar-el-talento-senior-al-junior-y-viceversa\/#primaryimage\"},\"image\":{\"@id\":\"https:\/\/empresas.infoempleo.com\/hrtrends\/conversacion-entre-generaciones-que-puede-aportar-el-talento-senior-al-junior-y-viceversa\/#primaryimage\"},\"thumbnailUrl\":\"https:\/\/empresas.infoempleo.com\/hrtrends\/media\/2020\/09\/HRTrends_senior.jpg\",\"datePublished\":\"2020-09-29T05:30:40+00:00\",\"description\":\"Las diferentes generaciones deben construir canales de comunicaci\u00f3n para colaborar en las empresas. \u00bfQu\u00e9 tienen que decirse senior y junior?\",\"breadcrumb\":{\"@id\":\"https:\/\/empresas.infoempleo.com\/hrtrends\/conversacion-entre-generaciones-que-puede-aportar-el-talento-senior-al-junior-y-viceversa\/#breadcrumb\"},\"inLanguage\":\"es\",\"potentialAction\":[{\"@type\":\"ReadAction\",\"target\":[\"https:\/\/empresas.infoempleo.com\/hrtrends\/conversacion-entre-generaciones-que-puede-aportar-el-talento-senior-al-junior-y-viceversa\/\"]}]},{\"@type\":\"ImageObject\",\"inLanguage\":\"es\",\"@id\":\"https:\/\/empresas.infoempleo.com\/hrtrends\/conversacion-entre-generaciones-que-puede-aportar-el-talento-senior-al-junior-y-viceversa\/#primaryimage\",\"url\":\"https:\/\/empresas.infoempleo.com\/hrtrends\/media\/2020\/09\/HRTrends_senior-150x150.jpg\",\"contentUrl\":\"https:\/\/empresas.infoempleo.com\/hrtrends\/media\/2020\/09\/HRTrends_senior-150x150.jpg\",\"width\":150,\"height\":150},{\"@type\":\"BreadcrumbList\",\"@id\":\"https:\/\/empresas.infoempleo.com\/hrtrends\/conversacion-entre-generaciones-que-puede-aportar-el-talento-senior-al-junior-y-viceversa\/#breadcrumb\",\"itemListElement\":[{\"@type\":\"ListItem\",\"position\":1,\"name\":\"Portada\",\"item\":\"https:\/\/empresas.infoempleo.com\/hrtrends\/\"},{\"@type\":\"ListItem\",\"position\":2,\"name\":\"Conversaci\u00f3n entre generaciones: qu\u00e9 puede aportar el talento senior al junior y viceversa\"}]},{\"@type\":\"WebSite\",\"@id\":\"https:\/\/empresas.infoempleo.com\/hrtrends\/#website\",\"url\":\"https:\/\/empresas.infoempleo.com\/hrtrends\",\"name\":\"HRTrends by Infoempleo\",\"description\":\"\",\"publisher\":{\"@id\":\"https:\/\/empresas.infoempleo.com\/hrtrends\/#organization\"},\"potentialAction\":{\"@type\":\"SearchAction\",\"target\":\"https:\/\/empresas.infoempleo.com\/hrtrends\/?s={search_term_string}\",\"query-input\":\"required name=search_term_string\"},\"inLanguage\":\"es\"},{\"@type\":\"Organization\",\"@id\":\"https:\/\/empresas.infoempleo.com\/hrtrends\/#organization\",\"name\":\"Infoempleo\",\"url\":\"https:\/\/www.infoempleo.com\/\",\"logo\":{\"@type\":\"ImageObject\",\"@id\":\"https:\/\/empresas.infoempleo.com\/hrtrends\/#logo\",\"inLanguage\":\"es\",\"url\":\"https:\/\/cdnazure.infoempleo.com\/infoempleo\/assets\/style\/gfx\/logo.svg\",\"contentUrl\":\"https:\/\/cdnazure.infoempleo.com\/infoempleo\/assets\/style\/gfx\/logo.svg\",\"width\":150,\"height\":40,\"caption\":\"Infoempleo\"},\"image\":{\"@id\":\"https:\/\/empresas.infoempleo.com\/hrtrends\/#logo\"},\"sameAs\":[\"https:\/\/www.facebook.com\/Infoempleo\",\"https:\/\/x.com\/infoempleo\",\"http:\/\/instagram.com\/infoempleo\/\",\"http:\/\/www.linkedin.com\/groups\/Empleo-Espa\u00f1a-Infoempleocom-111276\",\"http:\/\/pinterest.com\/infoempleo\/\"],\"address\":{\"@type\":\"PostalAddress\",\"addressLocality\":\"Madrid\",\"postalCode\":\"28050\",\"streetAddress\":\"Avenida de Burgos 114\"},\"brand\":[\"Infoempleo\"]},{\"@type\":\"Person\",\"@id\":\"https:\/\/empresas.infoempleo.com\/hrtrends\/#\/schema\/person\/32ca57975913668419d075627a98dafe\",\"name\":\"Luisa Carrasco\",\"image\":{\"@type\":\"ImageObject\",\"inLanguage\":\"es\",\"@id\":\"https:\/\/empresas.infoempleo.com\/hrtrends\/#\/schema\/person\/image\/\",\"url\":\"https:\/\/secure.gravatar.com\/avatar\/8cc7d7a784a8289007bbfddcef37ed7157c6ae70e89183748ddf5858d9133c86?s=96&d=mm&r=g\",\"contentUrl\":\"https:\/\/secure.gravatar.com\/avatar\/8cc7d7a784a8289007bbfddcef37ed7157c6ae70e89183748ddf5858d9133c86?s=96&d=mm&r=g\",\"caption\":\"Luisa Carrasco\"},\"description\":\"Licenciada en Sociolog\u00eda y posgrado en gesti\u00f3n de la comunicaci\u00f3n para organizaciones culturales. Me interesa todo lo que tiene que ver con la organizaci\u00f3n e integraci\u00f3n de los distintos agentes sociales. El \u00e1mbito laboral y el de la educaci\u00f3n y formaci\u00f3n es el punto de encuentro de gran parte de estos actores. Estoy al tanto de los temas de actualidad laboral, las tendencias en el mercado del trabajo, las nuevas iniciativas en el tejido empresarial y las propuestas de innovaci\u00f3n en materia de educaci\u00f3n y formaci\u00f3n. Por lo general, escribo en el blog de Infoempleo tres veces por semana.\",\"url\":\"https:\/\/empresas.infoempleo.com\/hrtrends\/author\/luisaagenciayerro\/\"}]}<\/script>\n<!-- \/ Yoast SEO plugin. -->","yoast_head_json":{"title":"Conversaci\u00f3n entre generaciones: qu\u00e9 puede aportar el talento senior al junior y viceversa | HRTRENDS","description":"Las diferentes generaciones deben construir canales de comunicaci\u00f3n para colaborar en las empresas. \u00bfQu\u00e9 tienen que decirse senior y junior?","robots":{"index":"index","follow":"follow","max-snippet":"max-snippet:-1","max-image-preview":"max-image-preview:large","max-video-preview":"max-video-preview:-1"},"canonical":"https:\/\/empresas.infoempleo.com\/hrtrends\/conversacion-entre-generaciones-que-puede-aportar-el-talento-senior-al-junior-y-viceversa\/","og_locale":"es_ES","og_type":"article","og_title":"Conversaci\u00f3n entre generaciones: qu\u00e9 puede aportar el talento senior al junior y viceversa | HRTRENDS","og_description":"Las diferentes generaciones deben construir canales de comunicaci\u00f3n para colaborar en las empresas. \u00bfQu\u00e9 tienen que decirse senior y junior?","og_url":"https:\/\/empresas.infoempleo.com\/hrtrends\/conversacion-entre-generaciones-que-puede-aportar-el-talento-senior-al-junior-y-viceversa\/","og_site_name":"HRTRENDS","article_publisher":"https:\/\/www.facebook.com\/Infoempleo","article_published_time":"2020-09-29T05:30:40+00:00","og_image":[{"width":881,"height":587,"url":"https:\/\/empresas.infoempleo.com\/hrtrends\/media\/2020\/09\/HRTrends_senior.jpg","type":"image\/jpeg"}],"author":"Luisa Carrasco","twitter_card":"summary_large_image","twitter_creator":"@infoempleo","twitter_site":"@infoempleo","twitter_misc":{"Escrito por":"Luisa Carrasco","Tiempo de lectura":"4 minutos"},"schema":{"@context":"https:\/\/schema.org","@graph":[{"@type":"NewsArticle","@id":"https:\/\/empresas.infoempleo.com\/hrtrends\/conversacion-entre-generaciones-que-puede-aportar-el-talento-senior-al-junior-y-viceversa\/#article","isPartOf":{"@id":"https:\/\/empresas.infoempleo.com\/hrtrends\/conversacion-entre-generaciones-que-puede-aportar-el-talento-senior-al-junior-y-viceversa\/"},"author":{"name":"Luisa Carrasco","@id":"https:\/\/empresas.infoempleo.com\/hrtrends\/#\/schema\/person\/32ca57975913668419d075627a98dafe"},"headline":"Conversaci\u00f3n entre generaciones: qu\u00e9 puede aportar el talento senior al junior y viceversa","datePublished":"2020-09-29T05:30:40+00:00","mainEntityOfPage":{"@id":"https:\/\/empresas.infoempleo.com\/hrtrends\/conversacion-entre-generaciones-que-puede-aportar-el-talento-senior-al-junior-y-viceversa\/"},"wordCount":837,"publisher":{"@id":"https:\/\/empresas.infoempleo.com\/hrtrends\/#organization"},"image":{"@id":"https:\/\/empresas.infoempleo.com\/hrtrends\/conversacion-entre-generaciones-que-puede-aportar-el-talento-senior-al-junior-y-viceversa\/#primaryimage"},"thumbnailUrl":"https:\/\/empresas.infoempleo.com\/hrtrends\/media\/2020\/09\/HRTrends_senior.jpg","keywords":["ambiente laboral","gesti\u00f3n de equipos","talento"],"articleSection":["Consejos"],"inLanguage":"es","copyrightYear":"2020","copyrightHolder":{"@id":"https:\/\/empresas.infoempleo.com\/hrtrends\/#organization"}},{"@type":"WebPage","@id":"https:\/\/empresas.infoempleo.com\/hrtrends\/conversacion-entre-generaciones-que-puede-aportar-el-talento-senior-al-junior-y-viceversa\/","url":"https:\/\/empresas.infoempleo.com\/hrtrends\/conversacion-entre-generaciones-que-puede-aportar-el-talento-senior-al-junior-y-viceversa\/","name":"Conversaci\u00f3n entre generaciones: qu\u00e9 puede aportar el talento senior al junior y viceversa | HRTRENDS","isPartOf":{"@id":"https:\/\/empresas.infoempleo.com\/hrtrends\/#website"},"primaryImageOfPage":{"@id":"https:\/\/empresas.infoempleo.com\/hrtrends\/conversacion-entre-generaciones-que-puede-aportar-el-talento-senior-al-junior-y-viceversa\/#primaryimage"},"image":{"@id":"https:\/\/empresas.infoempleo.com\/hrtrends\/conversacion-entre-generaciones-que-puede-aportar-el-talento-senior-al-junior-y-viceversa\/#primaryimage"},"thumbnailUrl":"https:\/\/empresas.infoempleo.com\/hrtrends\/media\/2020\/09\/HRTrends_senior.jpg","datePublished":"2020-09-29T05:30:40+00:00","description":"Las diferentes generaciones deben construir canales de comunicaci\u00f3n para colaborar en las empresas. \u00bfQu\u00e9 tienen que decirse senior y junior?","breadcrumb":{"@id":"https:\/\/empresas.infoempleo.com\/hrtrends\/conversacion-entre-generaciones-que-puede-aportar-el-talento-senior-al-junior-y-viceversa\/#breadcrumb"},"inLanguage":"es","potentialAction":[{"@type":"ReadAction","target":["https:\/\/empresas.infoempleo.com\/hrtrends\/conversacion-entre-generaciones-que-puede-aportar-el-talento-senior-al-junior-y-viceversa\/"]}]},{"@type":"ImageObject","inLanguage":"es","@id":"https:\/\/empresas.infoempleo.com\/hrtrends\/conversacion-entre-generaciones-que-puede-aportar-el-talento-senior-al-junior-y-viceversa\/#primaryimage","url":"https:\/\/empresas.infoempleo.com\/hrtrends\/media\/2020\/09\/HRTrends_senior-150x150.jpg","contentUrl":"https:\/\/empresas.infoempleo.com\/hrtrends\/media\/2020\/09\/HRTrends_senior-150x150.jpg","width":150,"height":150},{"@type":"BreadcrumbList","@id":"https:\/\/empresas.infoempleo.com\/hrtrends\/conversacion-entre-generaciones-que-puede-aportar-el-talento-senior-al-junior-y-viceversa\/#breadcrumb","itemListElement":[{"@type":"ListItem","position":1,"name":"Portada","item":"https:\/\/empresas.infoempleo.com\/hrtrends\/"},{"@type":"ListItem","position":2,"name":"Conversaci\u00f3n entre generaciones: qu\u00e9 puede aportar el talento senior al junior y viceversa"}]},{"@type":"WebSite","@id":"https:\/\/empresas.infoempleo.com\/hrtrends\/#website","url":"https:\/\/empresas.infoempleo.com\/hrtrends","name":"HRTrends by Infoempleo","description":"","publisher":{"@id":"https:\/\/empresas.infoempleo.com\/hrtrends\/#organization"},"potentialAction":{"@type":"SearchAction","target":"https:\/\/empresas.infoempleo.com\/hrtrends\/?s={search_term_string}","query-input":"required name=search_term_string"},"inLanguage":"es"},{"@type":"Organization","@id":"https:\/\/empresas.infoempleo.com\/hrtrends\/#organization","name":"Infoempleo","url":"https:\/\/www.infoempleo.com\/","logo":{"@type":"ImageObject","@id":"https:\/\/empresas.infoempleo.com\/hrtrends\/#logo","inLanguage":"es","url":"https:\/\/cdnazure.infoempleo.com\/infoempleo\/assets\/style\/gfx\/logo.svg","contentUrl":"https:\/\/cdnazure.infoempleo.com\/infoempleo\/assets\/style\/gfx\/logo.svg","width":150,"height":40,"caption":"Infoempleo"},"image":{"@id":"https:\/\/empresas.infoempleo.com\/hrtrends\/#logo"},"sameAs":["https:\/\/www.facebook.com\/Infoempleo","https:\/\/x.com\/infoempleo","http:\/\/instagram.com\/infoempleo\/","http:\/\/www.linkedin.com\/groups\/Empleo-Espa\u00f1a-Infoempleocom-111276","http:\/\/pinterest.com\/infoempleo\/"],"address":{"@type":"PostalAddress","addressLocality":"Madrid","postalCode":"28050","streetAddress":"Avenida de Burgos 114"},"brand":["Infoempleo"]},{"@type":"Person","@id":"https:\/\/empresas.infoempleo.com\/hrtrends\/#\/schema\/person\/32ca57975913668419d075627a98dafe","name":"Luisa Carrasco","image":{"@type":"ImageObject","inLanguage":"es","@id":"https:\/\/empresas.infoempleo.com\/hrtrends\/#\/schema\/person\/image\/","url":"https:\/\/secure.gravatar.com\/avatar\/8cc7d7a784a8289007bbfddcef37ed7157c6ae70e89183748ddf5858d9133c86?s=96&d=mm&r=g","contentUrl":"https:\/\/secure.gravatar.com\/avatar\/8cc7d7a784a8289007bbfddcef37ed7157c6ae70e89183748ddf5858d9133c86?s=96&d=mm&r=g","caption":"Luisa Carrasco"},"description":"Licenciada en Sociolog\u00eda y posgrado en gesti\u00f3n de la comunicaci\u00f3n para organizaciones culturales. Me interesa todo lo que tiene que ver con la organizaci\u00f3n e integraci\u00f3n de los distintos agentes sociales. El \u00e1mbito laboral y el de la educaci\u00f3n y formaci\u00f3n es el punto de encuentro de gran parte de estos actores. Estoy al tanto de los temas de actualidad laboral, las tendencias en el mercado del trabajo, las nuevas iniciativas en el tejido empresarial y las propuestas de innovaci\u00f3n en materia de educaci\u00f3n y formaci\u00f3n. Por lo general, escribo en el blog de Infoempleo tres veces por semana.","url":"https:\/\/empresas.infoempleo.com\/hrtrends\/author\/luisaagenciayerro\/"}]}},"amp_enabled":true,"_links":{"self":[{"href":"https:\/\/empresas.infoempleo.com\/hrtrends\/wp-json\/wp\/v2\/posts\/37934","targetHints":{"allow":["GET"]}}],"collection":[{"href":"https:\/\/empresas.infoempleo.com\/hrtrends\/wp-json\/wp\/v2\/posts"}],"about":[{"href":"https:\/\/empresas.infoempleo.com\/hrtrends\/wp-json\/wp\/v2\/types\/post"}],"author":[{"embeddable":true,"href":"https:\/\/empresas.infoempleo.com\/hrtrends\/wp-json\/wp\/v2\/users\/29"}],"replies":[{"embeddable":true,"href":"https:\/\/empresas.infoempleo.com\/hrtrends\/wp-json\/wp\/v2\/comments?post=37934"}],"version-history":[{"count":5,"href":"https:\/\/empresas.infoempleo.com\/hrtrends\/wp-json\/wp\/v2\/posts\/37934\/revisions"}],"predecessor-version":[{"id":37941,"href":"https:\/\/empresas.infoempleo.com\/hrtrends\/wp-json\/wp\/v2\/posts\/37934\/revisions\/37941"}],"wp:featuredmedia":[{"embeddable":true,"href":"https:\/\/empresas.infoempleo.com\/hrtrends\/wp-json\/wp\/v2\/media\/37936"}],"wp:attachment":[{"href":"https:\/\/empresas.infoempleo.com\/hrtrends\/wp-json\/wp\/v2\/media?parent=37934"}],"wp:term":[{"taxonomy":"category","embeddable":true,"href":"https:\/\/empresas.infoempleo.com\/hrtrends\/wp-json\/wp\/v2\/categories?post=37934"},{"taxonomy":"post_tag","embeddable":true,"href":"https:\/\/empresas.infoempleo.com\/hrtrends\/wp-json\/wp\/v2\/tags?post=37934"}],"curies":[{"name":"wp","href":"https:\/\/api.w.org\/{rel}","templated":true}]}}