{"id":37917,"date":"2020-09-22T07:30:35","date_gmt":"2020-09-22T05:30:35","guid":{"rendered":"https:\/\/empresas.infoempleo.com\/hrtrends\/?p=37917"},"modified":"2025-04-14T15:31:16","modified_gmt":"2025-04-14T13:31:16","slug":"seguridad-y-proteccion-de-datos-con-el-teletrabajo","status":"publish","type":"post","link":"https:\/\/empresas.infoempleo.com\/hrtrends\/seguridad-y-proteccion-de-datos-con-el-teletrabajo\/","title":{"rendered":"Apuntes sobre seguridad y protecci\u00f3n de datos con el teletrabajo"},"content":{"rendered":"<p>Por la rapidez con la que se extendi\u00f3 la pandemia la pasada primavera y <strong>ante los nuevos brotes de contagio <\/strong>gran cantidad de<strong> empresas se han visto obligadas a <a href=\"https:\/\/empresas.infoempleo.com\/hrtrends\/teletrabajo-como-dirigir-a-un-equipo-que-trabaja-desde-casa\/\">implantar y mantener el teletrabajo<\/a><\/strong>. En muchos casos, ha tenido que ser un proceso improvisado en el que la <strong>protecci\u00f3n de datos se ha visto comprometida<\/strong>. Te hablamos sobre <strong>qu\u00e9 medidas se pueden tomar<\/strong> para <strong>proteger esta informaci\u00f3n<\/strong>.<\/p>\n<p><!--more--><\/p>\n<h2>Por qu\u00e9 teletrabajar es un riesgo para la protecci\u00f3n de datos<\/h2>\n<p>Para poder desempe\u00f1ar multitud de actividades se necesita acceder a datos protegidos. Hablamos de direcciones, tel\u00e9fonos, nombres, n\u00fameros de seguridad social, entre otros muchos, tanto de clientes y proveedores como del personal de la empresa o usuarios de los servicios que proporciona. La cuesti\u00f3n es <strong>c\u00f3mo se traslada toda la informaci\u00f3n que se necesita para trabajar <\/strong>si ha de hacerse en remoto.<\/p>\n<p>Por un lado est\u00e1 <strong>el dispositivo que se emplea<\/strong>, que lo puede haber proporcionado la compa\u00f1\u00eda o bien haberlo puesto a disposici\u00f3n la persona trabajadora. En este \u00faltimo caso, la protecci\u00f3n est\u00e1 a\u00fan menos controlada. Por otro, <strong>d\u00f3nde se guarda la informaci\u00f3n protegida y c\u00f3mo se accede a ella<\/strong>. Puede ser a trav\u00e9s de una <strong>red privada o VPN (Virtual Private Network)<\/strong> o bien mediante <strong>almacenamiento en la nube<\/strong>. La primera opci\u00f3n suele ser la m\u00e1s segura, aunque ya se ofrecen <strong>servicios de <em>cloud<\/em><\/strong> que protegen con bastante eficacia los datos almacenados.<\/p>\n<p>La forma improvisada de implantar el teletrabajo es una circunstancia que est\u00e1n aprovechando los delincuentes inform\u00e1ticos. <strong>Los ciberataques se han multiplicado<\/strong>, especialmente los robos de informaci\u00f3n confidencial. Por este motivo es fundamental implantar una serie de pr\u00e1cticas seguras en la empresa.<\/p>\n<p><img loading=\"lazy\" decoding=\"async\" class=\"aligncenter wp-image-37918 size-full\" title=\"HRTRends-Como proteger la seguridad de la empresa teletrabajando\" src=\"https:\/\/empresas.infoempleo.com\/hrtrends\/media\/2020\/09\/HRTrends_seguridad-teletrabajando.jpg\" alt=\"HRTRends-Como proteger la seguridad teletrabajando\" width=\"800\" height=\"450\" srcset=\"https:\/\/empresas.infoempleo.com\/hrtrends\/media\/2020\/09\/HRTrends_seguridad-teletrabajando.jpg 800w, https:\/\/empresas.infoempleo.com\/hrtrends\/media\/2020\/09\/HRTrends_seguridad-teletrabajando-300x169.jpg 300w, https:\/\/empresas.infoempleo.com\/hrtrends\/media\/2020\/09\/HRTrends_seguridad-teletrabajando-768x432.jpg 768w\" sizes=\"auto, (max-width: 800px) 100vw, 800px\" \/><\/p>\n<h2>Medidas para proteger los datos cuando se teletrabaja<\/h2>\n<p>Entre las <strong>medidas que se pueden tomar para conseguir una adecuada protecci\u00f3n de datos<\/strong>, se encuentran las que se llevan a cabo desde la empresa y las que debe seguir la plantilla que teletrabaja. Hemos dividido las medidas recopiladas teniendo en cuenta qui\u00e9n las debe poner en pr\u00e1ctica. Algunas de ellas son las que recomienda la <a href=\"https:\/\/www.aepd.es\/sites\/default\/files\/2020-04\/nota-tecnica-proteger-datos-teletrabajo.pdf\" target=\"_blank\" rel=\"noopener noreferrer\">Agencia Espa\u00f1ola de Protecci\u00f3n de Datos<\/a> y el Centro Criptol\u00f3gico Nacional.<\/p>\n<h3>Qu\u00e9 se puede hacer desde la empresa<\/h3>\n<ul>\n<li><strong>Ha de elegir proveedores de servicios en la nube y<\/strong> <strong>soluciones que sean confiables<\/strong> y den garant\u00edas.<\/li>\n<li><strong>El acceso a la informaci\u00f3n ha de ser restringido<\/strong> en funci\u00f3n de la actividad que se vaya a realizar en remoto.<\/li>\n<li><strong>Los<\/strong> <strong>datos de alto riesgo deben encriptarse<\/strong> para que no accedan a ellos terceros.<\/li>\n<li><strong>Conviene<\/strong> <strong>monitorizar los accesos desde el exterior<\/strong> que se realizan a la red corporativa<\/li>\n<li>Se definir\u00e1 un <strong>sistema eficiente de copias de seguridad<\/strong>.<\/li>\n<li>Han de <strong>garantizarse los derechos que establece la LOPDGDD<\/strong> sobre el personal, como el derecho a la desconexi\u00f3n y el derecho a la intimidad del trabajador. Conviene mencionar expresamente que se monitorizar\u00e1 la actividad laboral para poder llevar un seguimiento.<\/li>\n<li>Puede ser muy pr\u00e1ctico realizar un <strong>inventario de equipos y soportes<\/strong> que se proporcionan para teletrabajar. Estos dispositivos deber\u00edan configurarse peri\u00f3dicamente.<\/li>\n<li>Los dispositivos que se conecten a la informaci\u00f3n protegida de la empresa han de tener <strong>instalado un <em>software<\/em> antivirus y <em>antimalware<\/em><\/strong>.<\/li>\n<li>Es recomendable entregar una <strong>gu\u00eda con las medidas que deben guardar<\/strong> las personas que est\u00e1n teletrabajando.<\/li>\n<\/ul>\n<h3>Medidas que debe cumplir el personal<\/h3>\n<ul>\n<li><strong>No deben conectarse a redes WIFI p\u00fablicas<\/strong>. La conexi\u00f3n ha de estar protegida.<\/li>\n<li>El <strong>acceso al dispositivo de trabajo<\/strong> tambi\u00e9n debe protegerse. Ha de contar <strong>con una<\/strong> <strong>clave cifrada<\/strong>.<\/li>\n<li>Se ha de <strong>establecer un<\/strong> <strong>protocolo de aviso<\/strong> en caso de que la persona trabajadora sospeche que ha habido una brecha de seguridad y pueden haberse robado datos.<\/li>\n<li>Conviene manifestar expresamente que <strong>la copia de archivos al equipo personal est\u00e1 prohibida<\/strong>.<\/li>\n<li>Tambi\u00e9n es aconsejable que la persona que trabaje en remoto se comprometa expresamente a <strong>no revelar contrase\u00f1as a terceros<\/strong>, entre los que se incluyen los miembros de su familia.<\/li>\n<\/ul>\n","protected":false},"excerpt":{"rendered":"<p>Por la rapidez con la que se extendi\u00f3 la pandemia la pasada primavera y ante los nuevos brotes<a class=\"moretag\" href=\"https:\/\/empresas.infoempleo.com\/hrtrends\/seguridad-y-proteccion-de-datos-con-el-teletrabajo\/\"> Leer m\u00e1s<\/a><\/p>\n","protected":false},"author":28,"featured_media":37919,"comment_status":"closed","ping_status":"closed","sticky":false,"template":"","format":"standard","meta":{"footnotes":""},"categories":[3035],"tags":[540,3254,323],"class_list":["post-37917","post","type-post","status-publish","format-standard","has-post-thumbnail","hentry","category-consejos","tag-consejos-2","tag-gestion-de-equipos","tag-teletrabajo"],"yoast_head":"<!-- This site is optimized with the Yoast SEO plugin v26.1.1 - https:\/\/yoast.com\/wordpress\/plugins\/seo\/ -->\n<title>Seguridad y protecci\u00f3n de datos con el teletrabajo | HRTRENDS<\/title>\n<meta name=\"description\" content=\"Con el teletrabajo la protecci\u00f3n de datos se ha visto comprometida. Te hablamos sobre qu\u00e9 medidas se pueden tomar para proteger esta informaci\u00f3n.\" \/>\n<meta name=\"robots\" content=\"index, follow, max-snippet:-1, max-image-preview:large, max-video-preview:-1\" \/>\n<link rel=\"canonical\" href=\"https:\/\/empresas.infoempleo.com\/hrtrends\/seguridad-y-proteccion-de-datos-con-el-teletrabajo\/\" \/>\n<meta property=\"og:locale\" content=\"es_ES\" \/>\n<meta property=\"og:type\" content=\"article\" \/>\n<meta property=\"og:title\" content=\"Seguridad y protecci\u00f3n de datos con el teletrabajo | HRTRENDS\" \/>\n<meta property=\"og:description\" content=\"Con el teletrabajo la protecci\u00f3n de datos se ha visto comprometida. Te hablamos sobre qu\u00e9 medidas se pueden tomar para proteger esta informaci\u00f3n.\" \/>\n<meta property=\"og:url\" content=\"https:\/\/empresas.infoempleo.com\/hrtrends\/seguridad-y-proteccion-de-datos-con-el-teletrabajo\/\" \/>\n<meta property=\"og:site_name\" content=\"HRTRENDS\" \/>\n<meta property=\"article:publisher\" content=\"https:\/\/www.facebook.com\/Infoempleo\" \/>\n<meta property=\"article:published_time\" content=\"2020-09-22T05:30:35+00:00\" \/>\n<meta property=\"article:modified_time\" content=\"2025-04-14T13:31:16+00:00\" \/>\n<meta property=\"og:image\" content=\"https:\/\/empresas.infoempleo.com\/hrtrends\/media\/2020\/09\/HRTrends_proteccion-de-datos.jpg\" \/>\n\t<meta property=\"og:image:width\" content=\"881\" \/>\n\t<meta property=\"og:image:height\" content=\"424\" \/>\n\t<meta property=\"og:image:type\" content=\"image\/jpeg\" \/>\n<meta name=\"author\" content=\"Ester Carrasco\" \/>\n<meta name=\"twitter:card\" content=\"summary_large_image\" \/>\n<meta name=\"twitter:creator\" content=\"@infoempleo\" \/>\n<meta name=\"twitter:site\" content=\"@infoempleo\" \/>\n<meta name=\"twitter:label1\" content=\"Escrito por\" \/>\n\t<meta name=\"twitter:data1\" content=\"Ester Carrasco\" \/>\n\t<meta name=\"twitter:label2\" content=\"Tiempo de lectura\" \/>\n\t<meta name=\"twitter:data2\" content=\"3 minutos\" \/>\n<script type=\"application\/ld+json\" class=\"yoast-schema-graph\">{\"@context\":\"https:\/\/schema.org\",\"@graph\":[{\"@type\":\"NewsArticle\",\"@id\":\"https:\/\/empresas.infoempleo.com\/hrtrends\/seguridad-y-proteccion-de-datos-con-el-teletrabajo\/#article\",\"isPartOf\":{\"@id\":\"https:\/\/empresas.infoempleo.com\/hrtrends\/seguridad-y-proteccion-de-datos-con-el-teletrabajo\/\"},\"author\":{\"name\":\"Ester Carrasco\",\"@id\":\"https:\/\/empresas.infoempleo.com\/hrtrends\/#\/schema\/person\/b5f470bbbcd4f7f0a6b8e4a99fd663a1\"},\"headline\":\"Apuntes sobre seguridad y protecci\u00f3n de datos con el teletrabajo\",\"datePublished\":\"2020-09-22T05:30:35+00:00\",\"dateModified\":\"2025-04-14T13:31:16+00:00\",\"mainEntityOfPage\":{\"@id\":\"https:\/\/empresas.infoempleo.com\/hrtrends\/seguridad-y-proteccion-de-datos-con-el-teletrabajo\/\"},\"wordCount\":688,\"publisher\":{\"@id\":\"https:\/\/empresas.infoempleo.com\/hrtrends\/#organization\"},\"image\":{\"@id\":\"https:\/\/empresas.infoempleo.com\/hrtrends\/seguridad-y-proteccion-de-datos-con-el-teletrabajo\/#primaryimage\"},\"thumbnailUrl\":\"https:\/\/empresas.infoempleo.com\/hrtrends\/media\/2020\/09\/HRTrends_proteccion-de-datos.jpg\",\"keywords\":[\"consejos\",\"gesti\u00f3n de equipos\",\"Teletrabajo\"],\"articleSection\":[\"Consejos\"],\"inLanguage\":\"es\",\"copyrightYear\":\"2020\",\"copyrightHolder\":{\"@id\":\"https:\/\/empresas.infoempleo.com\/hrtrends\/#organization\"}},{\"@type\":\"WebPage\",\"@id\":\"https:\/\/empresas.infoempleo.com\/hrtrends\/seguridad-y-proteccion-de-datos-con-el-teletrabajo\/\",\"url\":\"https:\/\/empresas.infoempleo.com\/hrtrends\/seguridad-y-proteccion-de-datos-con-el-teletrabajo\/\",\"name\":\"Seguridad y protecci\u00f3n de datos con el teletrabajo | HRTRENDS\",\"isPartOf\":{\"@id\":\"https:\/\/empresas.infoempleo.com\/hrtrends\/#website\"},\"primaryImageOfPage\":{\"@id\":\"https:\/\/empresas.infoempleo.com\/hrtrends\/seguridad-y-proteccion-de-datos-con-el-teletrabajo\/#primaryimage\"},\"image\":{\"@id\":\"https:\/\/empresas.infoempleo.com\/hrtrends\/seguridad-y-proteccion-de-datos-con-el-teletrabajo\/#primaryimage\"},\"thumbnailUrl\":\"https:\/\/empresas.infoempleo.com\/hrtrends\/media\/2020\/09\/HRTrends_proteccion-de-datos.jpg\",\"datePublished\":\"2020-09-22T05:30:35+00:00\",\"dateModified\":\"2025-04-14T13:31:16+00:00\",\"description\":\"Con el teletrabajo la protecci\u00f3n de datos se ha visto comprometida. Te hablamos sobre qu\u00e9 medidas se pueden tomar para proteger esta informaci\u00f3n.\",\"breadcrumb\":{\"@id\":\"https:\/\/empresas.infoempleo.com\/hrtrends\/seguridad-y-proteccion-de-datos-con-el-teletrabajo\/#breadcrumb\"},\"inLanguage\":\"es\",\"potentialAction\":[{\"@type\":\"ReadAction\",\"target\":[\"https:\/\/empresas.infoempleo.com\/hrtrends\/seguridad-y-proteccion-de-datos-con-el-teletrabajo\/\"]}]},{\"@type\":\"ImageObject\",\"inLanguage\":\"es\",\"@id\":\"https:\/\/empresas.infoempleo.com\/hrtrends\/seguridad-y-proteccion-de-datos-con-el-teletrabajo\/#primaryimage\",\"url\":\"https:\/\/empresas.infoempleo.com\/hrtrends\/media\/2020\/09\/HRTrends_proteccion-de-datos-150x150.jpg\",\"contentUrl\":\"https:\/\/empresas.infoempleo.com\/hrtrends\/media\/2020\/09\/HRTrends_proteccion-de-datos-150x150.jpg\",\"width\":150,\"height\":150},{\"@type\":\"BreadcrumbList\",\"@id\":\"https:\/\/empresas.infoempleo.com\/hrtrends\/seguridad-y-proteccion-de-datos-con-el-teletrabajo\/#breadcrumb\",\"itemListElement\":[{\"@type\":\"ListItem\",\"position\":1,\"name\":\"Portada\",\"item\":\"https:\/\/empresas.infoempleo.com\/hrtrends\/\"},{\"@type\":\"ListItem\",\"position\":2,\"name\":\"Apuntes sobre seguridad y protecci\u00f3n de datos con el teletrabajo\"}]},{\"@type\":\"WebSite\",\"@id\":\"https:\/\/empresas.infoempleo.com\/hrtrends\/#website\",\"url\":\"https:\/\/empresas.infoempleo.com\/hrtrends\",\"name\":\"HRTrends by Infoempleo\",\"description\":\"\",\"publisher\":{\"@id\":\"https:\/\/empresas.infoempleo.com\/hrtrends\/#organization\"},\"potentialAction\":{\"@type\":\"SearchAction\",\"target\":\"https:\/\/empresas.infoempleo.com\/hrtrends\/?s={search_term_string}\",\"query-input\":\"required name=search_term_string\"},\"inLanguage\":\"es\"},{\"@type\":\"Organization\",\"@id\":\"https:\/\/empresas.infoempleo.com\/hrtrends\/#organization\",\"name\":\"Infoempleo\",\"url\":\"https:\/\/www.infoempleo.com\/\",\"logo\":{\"@type\":\"ImageObject\",\"@id\":\"https:\/\/empresas.infoempleo.com\/hrtrends\/#logo\",\"inLanguage\":\"es\",\"url\":\"https:\/\/cdnazure.infoempleo.com\/infoempleo\/assets\/style\/gfx\/logo.svg\",\"contentUrl\":\"https:\/\/cdnazure.infoempleo.com\/infoempleo\/assets\/style\/gfx\/logo.svg\",\"width\":150,\"height\":40,\"caption\":\"Infoempleo\"},\"image\":{\"@id\":\"https:\/\/empresas.infoempleo.com\/hrtrends\/#logo\"},\"sameAs\":[\"https:\/\/www.facebook.com\/Infoempleo\",\"https:\/\/x.com\/infoempleo\",\"http:\/\/instagram.com\/infoempleo\/\",\"http:\/\/www.linkedin.com\/groups\/Empleo-Espa\u00f1a-Infoempleocom-111276\",\"http:\/\/pinterest.com\/infoempleo\/\"],\"address\":{\"@type\":\"PostalAddress\",\"addressLocality\":\"Madrid\",\"postalCode\":\"28050\",\"streetAddress\":\"Avenida de Burgos 114\"},\"brand\":[\"Infoempleo\"]},{\"@type\":\"Person\",\"@id\":\"https:\/\/empresas.infoempleo.com\/hrtrends\/#\/schema\/person\/b5f470bbbcd4f7f0a6b8e4a99fd663a1\",\"name\":\"Ester Carrasco\",\"image\":{\"@type\":\"ImageObject\",\"inLanguage\":\"es\",\"@id\":\"https:\/\/empresas.infoempleo.com\/hrtrends\/#\/schema\/person\/image\/\",\"url\":\"https:\/\/secure.gravatar.com\/avatar\/faf8039f7480ebcd5f937fefead903a7965a3f0af255f45f22a6bfbcbf6f16cf?s=96&d=mm&r=g\",\"contentUrl\":\"https:\/\/secure.gravatar.com\/avatar\/faf8039f7480ebcd5f937fefead903a7965a3f0af255f45f22a6bfbcbf6f16cf?s=96&d=mm&r=g\",\"caption\":\"Ester Carrasco\"},\"description\":\"Licenciada en Filosof\u00eda, cuento con una amplia experiencia en el mundo editorial, en el que he tenido oportunidad de desarrollar mi perfil como editora, redactora y correctora. Me mantengo al d\u00eda de las noticias y novedades relacionadas con el empleo y el \u00e1mbito laboral. Tambi\u00e9n me interesan los temas de orientaci\u00f3n acad\u00e9mica y profesional para el desarrollo y construcci\u00f3n de perfiles laborales, as\u00ed como las formas de reclutar talento y de demostrarlo.\",\"url\":\"https:\/\/empresas.infoempleo.com\/hrtrends\/author\/ecarrascoagenciayerro\/\"}]}<\/script>\n<!-- \/ Yoast SEO plugin. -->","yoast_head_json":{"title":"Seguridad y protecci\u00f3n de datos con el teletrabajo | HRTRENDS","description":"Con el teletrabajo la protecci\u00f3n de datos se ha visto comprometida. Te hablamos sobre qu\u00e9 medidas se pueden tomar para proteger esta informaci\u00f3n.","robots":{"index":"index","follow":"follow","max-snippet":"max-snippet:-1","max-image-preview":"max-image-preview:large","max-video-preview":"max-video-preview:-1"},"canonical":"https:\/\/empresas.infoempleo.com\/hrtrends\/seguridad-y-proteccion-de-datos-con-el-teletrabajo\/","og_locale":"es_ES","og_type":"article","og_title":"Seguridad y protecci\u00f3n de datos con el teletrabajo | HRTRENDS","og_description":"Con el teletrabajo la protecci\u00f3n de datos se ha visto comprometida. Te hablamos sobre qu\u00e9 medidas se pueden tomar para proteger esta informaci\u00f3n.","og_url":"https:\/\/empresas.infoempleo.com\/hrtrends\/seguridad-y-proteccion-de-datos-con-el-teletrabajo\/","og_site_name":"HRTRENDS","article_publisher":"https:\/\/www.facebook.com\/Infoempleo","article_published_time":"2020-09-22T05:30:35+00:00","article_modified_time":"2025-04-14T13:31:16+00:00","og_image":[{"width":881,"height":424,"url":"https:\/\/empresas.infoempleo.com\/hrtrends\/media\/2020\/09\/HRTrends_proteccion-de-datos.jpg","type":"image\/jpeg"}],"author":"Ester Carrasco","twitter_card":"summary_large_image","twitter_creator":"@infoempleo","twitter_site":"@infoempleo","twitter_misc":{"Escrito por":"Ester Carrasco","Tiempo de lectura":"3 minutos"},"schema":{"@context":"https:\/\/schema.org","@graph":[{"@type":"NewsArticle","@id":"https:\/\/empresas.infoempleo.com\/hrtrends\/seguridad-y-proteccion-de-datos-con-el-teletrabajo\/#article","isPartOf":{"@id":"https:\/\/empresas.infoempleo.com\/hrtrends\/seguridad-y-proteccion-de-datos-con-el-teletrabajo\/"},"author":{"name":"Ester Carrasco","@id":"https:\/\/empresas.infoempleo.com\/hrtrends\/#\/schema\/person\/b5f470bbbcd4f7f0a6b8e4a99fd663a1"},"headline":"Apuntes sobre seguridad y protecci\u00f3n de datos con el teletrabajo","datePublished":"2020-09-22T05:30:35+00:00","dateModified":"2025-04-14T13:31:16+00:00","mainEntityOfPage":{"@id":"https:\/\/empresas.infoempleo.com\/hrtrends\/seguridad-y-proteccion-de-datos-con-el-teletrabajo\/"},"wordCount":688,"publisher":{"@id":"https:\/\/empresas.infoempleo.com\/hrtrends\/#organization"},"image":{"@id":"https:\/\/empresas.infoempleo.com\/hrtrends\/seguridad-y-proteccion-de-datos-con-el-teletrabajo\/#primaryimage"},"thumbnailUrl":"https:\/\/empresas.infoempleo.com\/hrtrends\/media\/2020\/09\/HRTrends_proteccion-de-datos.jpg","keywords":["consejos","gesti\u00f3n de equipos","Teletrabajo"],"articleSection":["Consejos"],"inLanguage":"es","copyrightYear":"2020","copyrightHolder":{"@id":"https:\/\/empresas.infoempleo.com\/hrtrends\/#organization"}},{"@type":"WebPage","@id":"https:\/\/empresas.infoempleo.com\/hrtrends\/seguridad-y-proteccion-de-datos-con-el-teletrabajo\/","url":"https:\/\/empresas.infoempleo.com\/hrtrends\/seguridad-y-proteccion-de-datos-con-el-teletrabajo\/","name":"Seguridad y protecci\u00f3n de datos con el teletrabajo | HRTRENDS","isPartOf":{"@id":"https:\/\/empresas.infoempleo.com\/hrtrends\/#website"},"primaryImageOfPage":{"@id":"https:\/\/empresas.infoempleo.com\/hrtrends\/seguridad-y-proteccion-de-datos-con-el-teletrabajo\/#primaryimage"},"image":{"@id":"https:\/\/empresas.infoempleo.com\/hrtrends\/seguridad-y-proteccion-de-datos-con-el-teletrabajo\/#primaryimage"},"thumbnailUrl":"https:\/\/empresas.infoempleo.com\/hrtrends\/media\/2020\/09\/HRTrends_proteccion-de-datos.jpg","datePublished":"2020-09-22T05:30:35+00:00","dateModified":"2025-04-14T13:31:16+00:00","description":"Con el teletrabajo la protecci\u00f3n de datos se ha visto comprometida. Te hablamos sobre qu\u00e9 medidas se pueden tomar para proteger esta informaci\u00f3n.","breadcrumb":{"@id":"https:\/\/empresas.infoempleo.com\/hrtrends\/seguridad-y-proteccion-de-datos-con-el-teletrabajo\/#breadcrumb"},"inLanguage":"es","potentialAction":[{"@type":"ReadAction","target":["https:\/\/empresas.infoempleo.com\/hrtrends\/seguridad-y-proteccion-de-datos-con-el-teletrabajo\/"]}]},{"@type":"ImageObject","inLanguage":"es","@id":"https:\/\/empresas.infoempleo.com\/hrtrends\/seguridad-y-proteccion-de-datos-con-el-teletrabajo\/#primaryimage","url":"https:\/\/empresas.infoempleo.com\/hrtrends\/media\/2020\/09\/HRTrends_proteccion-de-datos-150x150.jpg","contentUrl":"https:\/\/empresas.infoempleo.com\/hrtrends\/media\/2020\/09\/HRTrends_proteccion-de-datos-150x150.jpg","width":150,"height":150},{"@type":"BreadcrumbList","@id":"https:\/\/empresas.infoempleo.com\/hrtrends\/seguridad-y-proteccion-de-datos-con-el-teletrabajo\/#breadcrumb","itemListElement":[{"@type":"ListItem","position":1,"name":"Portada","item":"https:\/\/empresas.infoempleo.com\/hrtrends\/"},{"@type":"ListItem","position":2,"name":"Apuntes sobre seguridad y protecci\u00f3n de datos con el teletrabajo"}]},{"@type":"WebSite","@id":"https:\/\/empresas.infoempleo.com\/hrtrends\/#website","url":"https:\/\/empresas.infoempleo.com\/hrtrends","name":"HRTrends by Infoempleo","description":"","publisher":{"@id":"https:\/\/empresas.infoempleo.com\/hrtrends\/#organization"},"potentialAction":{"@type":"SearchAction","target":"https:\/\/empresas.infoempleo.com\/hrtrends\/?s={search_term_string}","query-input":"required name=search_term_string"},"inLanguage":"es"},{"@type":"Organization","@id":"https:\/\/empresas.infoempleo.com\/hrtrends\/#organization","name":"Infoempleo","url":"https:\/\/www.infoempleo.com\/","logo":{"@type":"ImageObject","@id":"https:\/\/empresas.infoempleo.com\/hrtrends\/#logo","inLanguage":"es","url":"https:\/\/cdnazure.infoempleo.com\/infoempleo\/assets\/style\/gfx\/logo.svg","contentUrl":"https:\/\/cdnazure.infoempleo.com\/infoempleo\/assets\/style\/gfx\/logo.svg","width":150,"height":40,"caption":"Infoempleo"},"image":{"@id":"https:\/\/empresas.infoempleo.com\/hrtrends\/#logo"},"sameAs":["https:\/\/www.facebook.com\/Infoempleo","https:\/\/x.com\/infoempleo","http:\/\/instagram.com\/infoempleo\/","http:\/\/www.linkedin.com\/groups\/Empleo-Espa\u00f1a-Infoempleocom-111276","http:\/\/pinterest.com\/infoempleo\/"],"address":{"@type":"PostalAddress","addressLocality":"Madrid","postalCode":"28050","streetAddress":"Avenida de Burgos 114"},"brand":["Infoempleo"]},{"@type":"Person","@id":"https:\/\/empresas.infoempleo.com\/hrtrends\/#\/schema\/person\/b5f470bbbcd4f7f0a6b8e4a99fd663a1","name":"Ester Carrasco","image":{"@type":"ImageObject","inLanguage":"es","@id":"https:\/\/empresas.infoempleo.com\/hrtrends\/#\/schema\/person\/image\/","url":"https:\/\/secure.gravatar.com\/avatar\/faf8039f7480ebcd5f937fefead903a7965a3f0af255f45f22a6bfbcbf6f16cf?s=96&d=mm&r=g","contentUrl":"https:\/\/secure.gravatar.com\/avatar\/faf8039f7480ebcd5f937fefead903a7965a3f0af255f45f22a6bfbcbf6f16cf?s=96&d=mm&r=g","caption":"Ester Carrasco"},"description":"Licenciada en Filosof\u00eda, cuento con una amplia experiencia en el mundo editorial, en el que he tenido oportunidad de desarrollar mi perfil como editora, redactora y correctora. Me mantengo al d\u00eda de las noticias y novedades relacionadas con el empleo y el \u00e1mbito laboral. Tambi\u00e9n me interesan los temas de orientaci\u00f3n acad\u00e9mica y profesional para el desarrollo y construcci\u00f3n de perfiles laborales, as\u00ed como las formas de reclutar talento y de demostrarlo.","url":"https:\/\/empresas.infoempleo.com\/hrtrends\/author\/ecarrascoagenciayerro\/"}]}},"amp_enabled":true,"_links":{"self":[{"href":"https:\/\/empresas.infoempleo.com\/hrtrends\/wp-json\/wp\/v2\/posts\/37917","targetHints":{"allow":["GET"]}}],"collection":[{"href":"https:\/\/empresas.infoempleo.com\/hrtrends\/wp-json\/wp\/v2\/posts"}],"about":[{"href":"https:\/\/empresas.infoempleo.com\/hrtrends\/wp-json\/wp\/v2\/types\/post"}],"author":[{"embeddable":true,"href":"https:\/\/empresas.infoempleo.com\/hrtrends\/wp-json\/wp\/v2\/users\/28"}],"replies":[{"embeddable":true,"href":"https:\/\/empresas.infoempleo.com\/hrtrends\/wp-json\/wp\/v2\/comments?post=37917"}],"version-history":[{"count":8,"href":"https:\/\/empresas.infoempleo.com\/hrtrends\/wp-json\/wp\/v2\/posts\/37917\/revisions"}],"predecessor-version":[{"id":46693,"href":"https:\/\/empresas.infoempleo.com\/hrtrends\/wp-json\/wp\/v2\/posts\/37917\/revisions\/46693"}],"wp:featuredmedia":[{"embeddable":true,"href":"https:\/\/empresas.infoempleo.com\/hrtrends\/wp-json\/wp\/v2\/media\/37919"}],"wp:attachment":[{"href":"https:\/\/empresas.infoempleo.com\/hrtrends\/wp-json\/wp\/v2\/media?parent=37917"}],"wp:term":[{"taxonomy":"category","embeddable":true,"href":"https:\/\/empresas.infoempleo.com\/hrtrends\/wp-json\/wp\/v2\/categories?post=37917"},{"taxonomy":"post_tag","embeddable":true,"href":"https:\/\/empresas.infoempleo.com\/hrtrends\/wp-json\/wp\/v2\/tags?post=37917"}],"curies":[{"name":"wp","href":"https:\/\/api.w.org\/{rel}","templated":true}]}}