{"id":37893,"date":"2020-10-16T07:30:48","date_gmt":"2020-10-16T05:30:48","guid":{"rendered":"https:\/\/empresas.infoempleo.com\/hrtrends\/?p=37893"},"modified":"2020-09-11T17:00:55","modified_gmt":"2020-09-11T15:00:55","slug":"preguntas-comprometidas-en-una-entrevista-de-trabajo-cuestiones-a-evitar","status":"publish","type":"post","link":"https:\/\/empresas.infoempleo.com\/hrtrends\/preguntas-comprometidas-en-una-entrevista-de-trabajo-cuestiones-a-evitar\/","title":{"rendered":"Preguntas comprometidas en una entrevista de trabajo: cuestiones a evitar"},"content":{"rendered":"<p><span style=\"font-weight: 400;\">Las entrevistas de trabajo son uno de los m\u00e9todos m\u00e1s efectivos para llevar a cabo un proceso de selecci\u00f3n de personal<\/span><b>. El objetivo es saber si el candidato es un profesional id\u00f3neo para ocupar el puesto ofertado<\/b><span style=\"font-weight: 400;\">, por lo que las cuestiones que se plantean al interesado deben estar muy bien escogidas. Sin embargo, <\/span><b>existen preguntas comprometidas en una entrevista de trabajo que conviene evitar<\/b><span style=\"font-weight: 400;\">, ya que pueden ser consideradas discriminatorias o ser incluso objeto de demanda.<\/span><\/p>\n<h2>Por qu\u00e9 hay preguntas que conviene evitar<\/h2>\n<p><span style=\"font-weight: 400;\">El art\u00edculo 14 de la Constituci\u00f3n Espa\u00f1ola establece que \u201clos espa\u00f1oles son iguales ante la ley, sin que pueda prevalecer discriminaci\u00f3n alguna por raz\u00f3n de nacimiento, raza, sexo, religi\u00f3n, opini\u00f3n o cualquier otra condici\u00f3n o circunstancia personal o social\u201d. Por tanto, <\/span><b>preguntar sobre la salud, la edad, el sexo, la vida familiar, las preferencias pol\u00edticas o las creencias religiosas<\/b> <b>no solo es discriminatorio, sino tambi\u00e9n ilegal<\/b><span style=\"font-weight: 400;\">.<\/span><\/p>\n<p><span style=\"font-weight: 400;\">De igual manera, <\/span><b>el Estatuto de los Trabajadores tambi\u00e9n ampara en alguno de sus art\u00edculos que el candidato decida no contestar<\/b><span style=\"font-weight: 400;\"> a cualquier cuesti\u00f3n relacionada con estos temas en una entrevista de trabajo.\u00a0<\/span><\/p>\n<h2>Preguntas comprometidas en una entrevista de trabajo<\/h2>\n<p><span style=\"font-weight: 400;\">Al realizar una entrevista de trabajo, conviene evitar determinadas cuestiones que pueden ser consideradas discriminatorias o\u00a0 incluso ilegales. Estas son algunas de las preguntas que no se recomienda hacer en una entrevista de trabajo:<\/span><\/p>\n<h3>\u00bfEst\u00e1 casada, le gustar\u00eda quedarse embarazada o se plantea tener un hijo?<\/h3>\n<p><span style=\"font-weight: 400;\">Esta cuesti\u00f3n se suele realizar, principalmente, a las mujeres. Sin embargo, es una informaci\u00f3n que <\/span><b>pertenece a la intimidad de la candidata<\/b><span style=\"font-weight: 400;\"> y no es relevante para evaluar sus aptitudes y capacidad para ocupar el puesto. De igual manera, <\/span><b>preguntar a un candidato qu\u00e9 ha estado haciendo en los \u00faltimos a\u00f1os<\/b><span style=\"font-weight: 400;\">, especialmente cuando se tienen sospechas de que la persona ha estado al cuidado de sus hijos o de familiares dependientes, puede hacerle sentir inc\u00f3modo.\u00a0<\/span><\/p>\n<h3>\u00bfQu\u00e9 edad tiene?<\/h3>\n<p><span style=\"font-weight: 400;\">Salvo determinados casos muy concretos, <\/span><b>la edad no es un dato que se considere relevante para realizar un trabajo, ya que no est\u00e1 relacionado con la capacidad de rendimiento<\/b><span style=\"font-weight: 400;\"> de la persona interesada en el puesto. Si la empresa busca, por alguna raz\u00f3n, a un profesional de una determinada franja de edad, hay que indicarlo claramente en la oferta de trabajo, preferiblemente argumentando por qu\u00e9 solo una persona de esa edad puede ocupar el puesto.\u00a0<\/span><\/p>\n<h3>\u00bfSe sentir\u00eda c\u00f3moda trabajando solo con hombres?<\/h3>\n<p><span style=\"font-weight: 400;\">Esta pregunta <\/span><b>se considera discriminatoria en cuesti\u00f3n de g\u00e9nero<\/b><span style=\"font-weight: 400;\">. El candidato puede negarse a contestar, o incluso presentar una demanda contra la empresa, por el simple hecho de haberse planteado en una entrevista de trabajo.\u00a0<\/span><\/p>\n<h3>\u00bfCu\u00e1l es su nacionalidad? \u00bfQu\u00e9 religi\u00f3n practica?<\/h3>\n<p><span style=\"font-weight: 400;\">Cualquier persona que resida en Espa\u00f1a de forma legal tiene derecho a trabajar en el pa\u00eds. Asimismo<\/span><b>, la pr\u00e1ctica de una religi\u00f3n no influye en el rendimiento laboral<\/b><span style=\"font-weight: 400;\"> de un candidato. Ambas preguntas, y todas las variantes orientadas a obtener este tipo de informaci\u00f3n, como \u201c\u00bfcu\u00e1l es su lengua materna?\u201d, son discriminatorias.\u00a0<\/span><\/p>\n<h3>Cuestiones relacionadas con la salud o las simpat\u00edas pol\u00edticas<\/h3>\n<p><span style=\"font-weight: 400;\">La opini\u00f3n pol\u00edtica de un profesional es irrelevante para el puesto. De igual manera, <\/span><b>una empresa nunca debe preguntar en una entrevista de trabajo cu\u00e1nto mide o pesa el candidato, o si goza de buena salud<\/b><span style=\"font-weight: 400;\">. En este sentido, tambi\u00e9n se considera discriminatorio pretender saber si el candidato ha superado o no el Covid-19.\u00a0<\/span><\/p>\n<h3>\u00bfLe han multado o arrestado alguna vez?<\/h3>\n<p><span style=\"font-weight: 400;\">Nadie tiene el derecho a conocer los antecedentes penales ni a discriminar a un profesional por los mismos. <\/span><b>Esta pregunta vulnera el art\u00edculo 4.2 del Estatuto de los Trabajadores.<\/b><span style=\"font-weight: 400;\">\u00a0<\/span><\/p>\n<p><span style=\"font-weight: 400;\">En algunos pa\u00edses de la UE, como Francia o Reino Unido, <\/span><b>se est\u00e1n imponiendo cada vez m\u00e1s los denominados \u201ccurr\u00edculums ciegos\u201d<\/b><span style=\"font-weight: 400;\">, en donde no se incluyen los datos personales ni la fotograf\u00eda del candidato. En cualquier caso, la organizaci\u00f3n debe saber cu\u00e1les son las preguntas comprometidas en una entrevista de trabajo que no deber\u00edan hacerse nunca al candidato. No solo por no hacerle sentir inc\u00f3modo, sino tambi\u00e9n que se incurre en una discriminaci\u00f3n que podr\u00eda ser objeto de denuncia.<\/span><\/p>\n","protected":false},"excerpt":{"rendered":"<p>Las entrevistas de trabajo son uno de los m\u00e9todos m\u00e1s efectivos para llevar a cabo un proceso de<a class=\"moretag\" href=\"https:\/\/empresas.infoempleo.com\/hrtrends\/preguntas-comprometidas-en-una-entrevista-de-trabajo-cuestiones-a-evitar\/\"> Leer m\u00e1s<\/a><\/p>\n","protected":false},"author":122,"featured_media":37898,"comment_status":"closed","ping_status":"closed","sticky":false,"template":"","format":"standard","meta":{"footnotes":""},"categories":[3030],"tags":[508,3437,2442],"class_list":["post-37893","post","type-post","status-publish","format-standard","has-post-thumbnail","hentry","category-reclutamiento","tag-entrevista-de-trabajo","tag-preguntas-comprometidas","tag-reclutamiento"],"yoast_head":"<!-- This site is optimized with the Yoast SEO plugin v26.1.1 - https:\/\/yoast.com\/wordpress\/plugins\/seo\/ -->\n<title>Preguntas comprometidas en una entrevista de trabajo | HRTRENDS<\/title>\n<meta name=\"description\" content=\"Por qu\u00e9 evitar preguntas comprometidas en una entrevista de trabajo. Descubre cu\u00e1les son y qu\u00e9 consecuencias tiene para la empresa formularlas.\" \/>\n<meta name=\"robots\" content=\"index, follow, max-snippet:-1, max-image-preview:large, max-video-preview:-1\" \/>\n<link rel=\"canonical\" href=\"https:\/\/empresas.infoempleo.com\/hrtrends\/preguntas-comprometidas-en-una-entrevista-de-trabajo-cuestiones-a-evitar\/\" \/>\n<meta property=\"og:locale\" content=\"es_ES\" \/>\n<meta property=\"og:type\" content=\"article\" \/>\n<meta property=\"og:title\" content=\"Preguntas comprometidas en una entrevista de trabajo | HRTRENDS\" \/>\n<meta property=\"og:description\" content=\"Por qu\u00e9 evitar preguntas comprometidas en una entrevista de trabajo. Descubre cu\u00e1les son y qu\u00e9 consecuencias tiene para la empresa formularlas.\" \/>\n<meta property=\"og:url\" content=\"https:\/\/empresas.infoempleo.com\/hrtrends\/preguntas-comprometidas-en-una-entrevista-de-trabajo-cuestiones-a-evitar\/\" \/>\n<meta property=\"og:site_name\" content=\"HRTRENDS\" \/>\n<meta property=\"article:publisher\" content=\"https:\/\/www.facebook.com\/Infoempleo\" \/>\n<meta property=\"article:published_time\" content=\"2020-10-16T05:30:48+00:00\" \/>\n<meta property=\"og:image\" content=\"https:\/\/empresas.infoempleo.com\/hrtrends\/media\/2020\/09\/HRTrends-preguntas-mas-comprometidas-entrevista-de-trabajo.jpg\" \/>\n\t<meta property=\"og:image:width\" content=\"980\" \/>\n\t<meta property=\"og:image:height\" content=\"600\" \/>\n\t<meta property=\"og:image:type\" content=\"image\/jpeg\" \/>\n<meta name=\"author\" content=\"Adriana M.\" \/>\n<meta name=\"twitter:card\" content=\"summary_large_image\" \/>\n<meta name=\"twitter:creator\" content=\"@infoempleo\" \/>\n<meta name=\"twitter:site\" content=\"@infoempleo\" \/>\n<meta name=\"twitter:label1\" content=\"Escrito por\" \/>\n\t<meta name=\"twitter:data1\" content=\"Adriana M.\" \/>\n\t<meta name=\"twitter:label2\" content=\"Tiempo de lectura\" \/>\n\t<meta name=\"twitter:data2\" content=\"4 minutos\" \/>\n<script type=\"application\/ld+json\" class=\"yoast-schema-graph\">{\"@context\":\"https:\/\/schema.org\",\"@graph\":[{\"@type\":\"NewsArticle\",\"@id\":\"https:\/\/empresas.infoempleo.com\/hrtrends\/preguntas-comprometidas-en-una-entrevista-de-trabajo-cuestiones-a-evitar\/#article\",\"isPartOf\":{\"@id\":\"https:\/\/empresas.infoempleo.com\/hrtrends\/preguntas-comprometidas-en-una-entrevista-de-trabajo-cuestiones-a-evitar\/\"},\"author\":{\"name\":\"Adriana M.\",\"@id\":\"https:\/\/empresas.infoempleo.com\/hrtrends\/#\/schema\/person\/b1dd51edbb566a47cd8f7513fa73d223\"},\"headline\":\"Preguntas comprometidas en una entrevista de trabajo: cuestiones a evitar\",\"datePublished\":\"2020-10-16T05:30:48+00:00\",\"mainEntityOfPage\":{\"@id\":\"https:\/\/empresas.infoempleo.com\/hrtrends\/preguntas-comprometidas-en-una-entrevista-de-trabajo-cuestiones-a-evitar\/\"},\"wordCount\":731,\"publisher\":{\"@id\":\"https:\/\/empresas.infoempleo.com\/hrtrends\/#organization\"},\"image\":{\"@id\":\"https:\/\/empresas.infoempleo.com\/hrtrends\/preguntas-comprometidas-en-una-entrevista-de-trabajo-cuestiones-a-evitar\/#primaryimage\"},\"thumbnailUrl\":\"https:\/\/empresas.infoempleo.com\/hrtrends\/media\/2020\/09\/HRTrends-preguntas-mas-comprometidas-entrevista-de-trabajo.jpg\",\"keywords\":[\"entrevista de trabajo\",\"preguntas comprometidas\",\"reclutamiento\"],\"articleSection\":[\"Reclutamiento\"],\"inLanguage\":\"es\",\"copyrightYear\":\"2020\",\"copyrightHolder\":{\"@id\":\"https:\/\/empresas.infoempleo.com\/hrtrends\/#organization\"}},{\"@type\":\"WebPage\",\"@id\":\"https:\/\/empresas.infoempleo.com\/hrtrends\/preguntas-comprometidas-en-una-entrevista-de-trabajo-cuestiones-a-evitar\/\",\"url\":\"https:\/\/empresas.infoempleo.com\/hrtrends\/preguntas-comprometidas-en-una-entrevista-de-trabajo-cuestiones-a-evitar\/\",\"name\":\"Preguntas comprometidas en una entrevista de trabajo | HRTRENDS\",\"isPartOf\":{\"@id\":\"https:\/\/empresas.infoempleo.com\/hrtrends\/#website\"},\"primaryImageOfPage\":{\"@id\":\"https:\/\/empresas.infoempleo.com\/hrtrends\/preguntas-comprometidas-en-una-entrevista-de-trabajo-cuestiones-a-evitar\/#primaryimage\"},\"image\":{\"@id\":\"https:\/\/empresas.infoempleo.com\/hrtrends\/preguntas-comprometidas-en-una-entrevista-de-trabajo-cuestiones-a-evitar\/#primaryimage\"},\"thumbnailUrl\":\"https:\/\/empresas.infoempleo.com\/hrtrends\/media\/2020\/09\/HRTrends-preguntas-mas-comprometidas-entrevista-de-trabajo.jpg\",\"datePublished\":\"2020-10-16T05:30:48+00:00\",\"description\":\"Por qu\u00e9 evitar preguntas comprometidas en una entrevista de trabajo. Descubre cu\u00e1les son y qu\u00e9 consecuencias tiene para la empresa formularlas.\",\"breadcrumb\":{\"@id\":\"https:\/\/empresas.infoempleo.com\/hrtrends\/preguntas-comprometidas-en-una-entrevista-de-trabajo-cuestiones-a-evitar\/#breadcrumb\"},\"inLanguage\":\"es\",\"potentialAction\":[{\"@type\":\"ReadAction\",\"target\":[\"https:\/\/empresas.infoempleo.com\/hrtrends\/preguntas-comprometidas-en-una-entrevista-de-trabajo-cuestiones-a-evitar\/\"]}]},{\"@type\":\"ImageObject\",\"inLanguage\":\"es\",\"@id\":\"https:\/\/empresas.infoempleo.com\/hrtrends\/preguntas-comprometidas-en-una-entrevista-de-trabajo-cuestiones-a-evitar\/#primaryimage\",\"url\":\"https:\/\/empresas.infoempleo.com\/hrtrends\/media\/2020\/09\/HRTrends-preguntas-mas-comprometidas-entrevista-de-trabajo-150x150.jpg\",\"contentUrl\":\"https:\/\/empresas.infoempleo.com\/hrtrends\/media\/2020\/09\/HRTrends-preguntas-mas-comprometidas-entrevista-de-trabajo-150x150.jpg\",\"width\":150,\"height\":150},{\"@type\":\"BreadcrumbList\",\"@id\":\"https:\/\/empresas.infoempleo.com\/hrtrends\/preguntas-comprometidas-en-una-entrevista-de-trabajo-cuestiones-a-evitar\/#breadcrumb\",\"itemListElement\":[{\"@type\":\"ListItem\",\"position\":1,\"name\":\"Portada\",\"item\":\"https:\/\/empresas.infoempleo.com\/hrtrends\/\"},{\"@type\":\"ListItem\",\"position\":2,\"name\":\"Preguntas comprometidas en una entrevista de trabajo: cuestiones a evitar\"}]},{\"@type\":\"WebSite\",\"@id\":\"https:\/\/empresas.infoempleo.com\/hrtrends\/#website\",\"url\":\"https:\/\/empresas.infoempleo.com\/hrtrends\",\"name\":\"HRTrends by Infoempleo\",\"description\":\"\",\"publisher\":{\"@id\":\"https:\/\/empresas.infoempleo.com\/hrtrends\/#organization\"},\"potentialAction\":{\"@type\":\"SearchAction\",\"target\":\"https:\/\/empresas.infoempleo.com\/hrtrends\/?s={search_term_string}\",\"query-input\":\"required name=search_term_string\"},\"inLanguage\":\"es\"},{\"@type\":\"Organization\",\"@id\":\"https:\/\/empresas.infoempleo.com\/hrtrends\/#organization\",\"name\":\"Infoempleo\",\"url\":\"https:\/\/www.infoempleo.com\/\",\"logo\":{\"@type\":\"ImageObject\",\"@id\":\"https:\/\/empresas.infoempleo.com\/hrtrends\/#logo\",\"inLanguage\":\"es\",\"url\":\"https:\/\/cdnazure.infoempleo.com\/infoempleo\/assets\/style\/gfx\/logo.svg\",\"contentUrl\":\"https:\/\/cdnazure.infoempleo.com\/infoempleo\/assets\/style\/gfx\/logo.svg\",\"width\":150,\"height\":40,\"caption\":\"Infoempleo\"},\"image\":{\"@id\":\"https:\/\/empresas.infoempleo.com\/hrtrends\/#logo\"},\"sameAs\":[\"https:\/\/www.facebook.com\/Infoempleo\",\"https:\/\/x.com\/infoempleo\",\"http:\/\/instagram.com\/infoempleo\/\",\"http:\/\/www.linkedin.com\/groups\/Empleo-Espa\u00f1a-Infoempleocom-111276\",\"http:\/\/pinterest.com\/infoempleo\/\"],\"address\":{\"@type\":\"PostalAddress\",\"addressLocality\":\"Madrid\",\"postalCode\":\"28050\",\"streetAddress\":\"Avenida de Burgos 114\"},\"brand\":[\"Infoempleo\"]},{\"@type\":\"Person\",\"@id\":\"https:\/\/empresas.infoempleo.com\/hrtrends\/#\/schema\/person\/b1dd51edbb566a47cd8f7513fa73d223\",\"name\":\"Adriana M.\",\"image\":{\"@type\":\"ImageObject\",\"inLanguage\":\"es\",\"@id\":\"https:\/\/empresas.infoempleo.com\/hrtrends\/#\/schema\/person\/image\/\",\"url\":\"https:\/\/secure.gravatar.com\/avatar\/243f7dd7e1db0ad0e9791be05df7d72ba5c8bf338408591753bae2fe87dae18d?s=96&d=mm&r=g\",\"contentUrl\":\"https:\/\/secure.gravatar.com\/avatar\/243f7dd7e1db0ad0e9791be05df7d72ba5c8bf338408591753bae2fe87dae18d?s=96&d=mm&r=g\",\"caption\":\"Adriana M.\"},\"description\":\"Periodista y experta en Comunicaci\u00f3n Audiovisual y Narrativa. Me encanta escribir y narrar lo que pasa a mi alrededor es mi pasi\u00f3n.\",\"url\":\"https:\/\/empresas.infoempleo.com\/hrtrends\/author\/adriana-kanvas\/\"}]}<\/script>\n<!-- \/ Yoast SEO plugin. -->","yoast_head_json":{"title":"Preguntas comprometidas en una entrevista de trabajo | HRTRENDS","description":"Por qu\u00e9 evitar preguntas comprometidas en una entrevista de trabajo. Descubre cu\u00e1les son y qu\u00e9 consecuencias tiene para la empresa formularlas.","robots":{"index":"index","follow":"follow","max-snippet":"max-snippet:-1","max-image-preview":"max-image-preview:large","max-video-preview":"max-video-preview:-1"},"canonical":"https:\/\/empresas.infoempleo.com\/hrtrends\/preguntas-comprometidas-en-una-entrevista-de-trabajo-cuestiones-a-evitar\/","og_locale":"es_ES","og_type":"article","og_title":"Preguntas comprometidas en una entrevista de trabajo | HRTRENDS","og_description":"Por qu\u00e9 evitar preguntas comprometidas en una entrevista de trabajo. Descubre cu\u00e1les son y qu\u00e9 consecuencias tiene para la empresa formularlas.","og_url":"https:\/\/empresas.infoempleo.com\/hrtrends\/preguntas-comprometidas-en-una-entrevista-de-trabajo-cuestiones-a-evitar\/","og_site_name":"HRTRENDS","article_publisher":"https:\/\/www.facebook.com\/Infoempleo","article_published_time":"2020-10-16T05:30:48+00:00","og_image":[{"width":980,"height":600,"url":"https:\/\/empresas.infoempleo.com\/hrtrends\/media\/2020\/09\/HRTrends-preguntas-mas-comprometidas-entrevista-de-trabajo.jpg","type":"image\/jpeg"}],"author":"Adriana M.","twitter_card":"summary_large_image","twitter_creator":"@infoempleo","twitter_site":"@infoempleo","twitter_misc":{"Escrito por":"Adriana M.","Tiempo de lectura":"4 minutos"},"schema":{"@context":"https:\/\/schema.org","@graph":[{"@type":"NewsArticle","@id":"https:\/\/empresas.infoempleo.com\/hrtrends\/preguntas-comprometidas-en-una-entrevista-de-trabajo-cuestiones-a-evitar\/#article","isPartOf":{"@id":"https:\/\/empresas.infoempleo.com\/hrtrends\/preguntas-comprometidas-en-una-entrevista-de-trabajo-cuestiones-a-evitar\/"},"author":{"name":"Adriana M.","@id":"https:\/\/empresas.infoempleo.com\/hrtrends\/#\/schema\/person\/b1dd51edbb566a47cd8f7513fa73d223"},"headline":"Preguntas comprometidas en una entrevista de trabajo: cuestiones a evitar","datePublished":"2020-10-16T05:30:48+00:00","mainEntityOfPage":{"@id":"https:\/\/empresas.infoempleo.com\/hrtrends\/preguntas-comprometidas-en-una-entrevista-de-trabajo-cuestiones-a-evitar\/"},"wordCount":731,"publisher":{"@id":"https:\/\/empresas.infoempleo.com\/hrtrends\/#organization"},"image":{"@id":"https:\/\/empresas.infoempleo.com\/hrtrends\/preguntas-comprometidas-en-una-entrevista-de-trabajo-cuestiones-a-evitar\/#primaryimage"},"thumbnailUrl":"https:\/\/empresas.infoempleo.com\/hrtrends\/media\/2020\/09\/HRTrends-preguntas-mas-comprometidas-entrevista-de-trabajo.jpg","keywords":["entrevista de trabajo","preguntas comprometidas","reclutamiento"],"articleSection":["Reclutamiento"],"inLanguage":"es","copyrightYear":"2020","copyrightHolder":{"@id":"https:\/\/empresas.infoempleo.com\/hrtrends\/#organization"}},{"@type":"WebPage","@id":"https:\/\/empresas.infoempleo.com\/hrtrends\/preguntas-comprometidas-en-una-entrevista-de-trabajo-cuestiones-a-evitar\/","url":"https:\/\/empresas.infoempleo.com\/hrtrends\/preguntas-comprometidas-en-una-entrevista-de-trabajo-cuestiones-a-evitar\/","name":"Preguntas comprometidas en una entrevista de trabajo | HRTRENDS","isPartOf":{"@id":"https:\/\/empresas.infoempleo.com\/hrtrends\/#website"},"primaryImageOfPage":{"@id":"https:\/\/empresas.infoempleo.com\/hrtrends\/preguntas-comprometidas-en-una-entrevista-de-trabajo-cuestiones-a-evitar\/#primaryimage"},"image":{"@id":"https:\/\/empresas.infoempleo.com\/hrtrends\/preguntas-comprometidas-en-una-entrevista-de-trabajo-cuestiones-a-evitar\/#primaryimage"},"thumbnailUrl":"https:\/\/empresas.infoempleo.com\/hrtrends\/media\/2020\/09\/HRTrends-preguntas-mas-comprometidas-entrevista-de-trabajo.jpg","datePublished":"2020-10-16T05:30:48+00:00","description":"Por qu\u00e9 evitar preguntas comprometidas en una entrevista de trabajo. Descubre cu\u00e1les son y qu\u00e9 consecuencias tiene para la empresa formularlas.","breadcrumb":{"@id":"https:\/\/empresas.infoempleo.com\/hrtrends\/preguntas-comprometidas-en-una-entrevista-de-trabajo-cuestiones-a-evitar\/#breadcrumb"},"inLanguage":"es","potentialAction":[{"@type":"ReadAction","target":["https:\/\/empresas.infoempleo.com\/hrtrends\/preguntas-comprometidas-en-una-entrevista-de-trabajo-cuestiones-a-evitar\/"]}]},{"@type":"ImageObject","inLanguage":"es","@id":"https:\/\/empresas.infoempleo.com\/hrtrends\/preguntas-comprometidas-en-una-entrevista-de-trabajo-cuestiones-a-evitar\/#primaryimage","url":"https:\/\/empresas.infoempleo.com\/hrtrends\/media\/2020\/09\/HRTrends-preguntas-mas-comprometidas-entrevista-de-trabajo-150x150.jpg","contentUrl":"https:\/\/empresas.infoempleo.com\/hrtrends\/media\/2020\/09\/HRTrends-preguntas-mas-comprometidas-entrevista-de-trabajo-150x150.jpg","width":150,"height":150},{"@type":"BreadcrumbList","@id":"https:\/\/empresas.infoempleo.com\/hrtrends\/preguntas-comprometidas-en-una-entrevista-de-trabajo-cuestiones-a-evitar\/#breadcrumb","itemListElement":[{"@type":"ListItem","position":1,"name":"Portada","item":"https:\/\/empresas.infoempleo.com\/hrtrends\/"},{"@type":"ListItem","position":2,"name":"Preguntas comprometidas en una entrevista de trabajo: cuestiones a evitar"}]},{"@type":"WebSite","@id":"https:\/\/empresas.infoempleo.com\/hrtrends\/#website","url":"https:\/\/empresas.infoempleo.com\/hrtrends","name":"HRTrends by Infoempleo","description":"","publisher":{"@id":"https:\/\/empresas.infoempleo.com\/hrtrends\/#organization"},"potentialAction":{"@type":"SearchAction","target":"https:\/\/empresas.infoempleo.com\/hrtrends\/?s={search_term_string}","query-input":"required name=search_term_string"},"inLanguage":"es"},{"@type":"Organization","@id":"https:\/\/empresas.infoempleo.com\/hrtrends\/#organization","name":"Infoempleo","url":"https:\/\/www.infoempleo.com\/","logo":{"@type":"ImageObject","@id":"https:\/\/empresas.infoempleo.com\/hrtrends\/#logo","inLanguage":"es","url":"https:\/\/cdnazure.infoempleo.com\/infoempleo\/assets\/style\/gfx\/logo.svg","contentUrl":"https:\/\/cdnazure.infoempleo.com\/infoempleo\/assets\/style\/gfx\/logo.svg","width":150,"height":40,"caption":"Infoempleo"},"image":{"@id":"https:\/\/empresas.infoempleo.com\/hrtrends\/#logo"},"sameAs":["https:\/\/www.facebook.com\/Infoempleo","https:\/\/x.com\/infoempleo","http:\/\/instagram.com\/infoempleo\/","http:\/\/www.linkedin.com\/groups\/Empleo-Espa\u00f1a-Infoempleocom-111276","http:\/\/pinterest.com\/infoempleo\/"],"address":{"@type":"PostalAddress","addressLocality":"Madrid","postalCode":"28050","streetAddress":"Avenida de Burgos 114"},"brand":["Infoempleo"]},{"@type":"Person","@id":"https:\/\/empresas.infoempleo.com\/hrtrends\/#\/schema\/person\/b1dd51edbb566a47cd8f7513fa73d223","name":"Adriana M.","image":{"@type":"ImageObject","inLanguage":"es","@id":"https:\/\/empresas.infoempleo.com\/hrtrends\/#\/schema\/person\/image\/","url":"https:\/\/secure.gravatar.com\/avatar\/243f7dd7e1db0ad0e9791be05df7d72ba5c8bf338408591753bae2fe87dae18d?s=96&d=mm&r=g","contentUrl":"https:\/\/secure.gravatar.com\/avatar\/243f7dd7e1db0ad0e9791be05df7d72ba5c8bf338408591753bae2fe87dae18d?s=96&d=mm&r=g","caption":"Adriana M."},"description":"Periodista y experta en Comunicaci\u00f3n Audiovisual y Narrativa. Me encanta escribir y narrar lo que pasa a mi alrededor es mi pasi\u00f3n.","url":"https:\/\/empresas.infoempleo.com\/hrtrends\/author\/adriana-kanvas\/"}]}},"amp_enabled":true,"_links":{"self":[{"href":"https:\/\/empresas.infoempleo.com\/hrtrends\/wp-json\/wp\/v2\/posts\/37893","targetHints":{"allow":["GET"]}}],"collection":[{"href":"https:\/\/empresas.infoempleo.com\/hrtrends\/wp-json\/wp\/v2\/posts"}],"about":[{"href":"https:\/\/empresas.infoempleo.com\/hrtrends\/wp-json\/wp\/v2\/types\/post"}],"author":[{"embeddable":true,"href":"https:\/\/empresas.infoempleo.com\/hrtrends\/wp-json\/wp\/v2\/users\/122"}],"replies":[{"embeddable":true,"href":"https:\/\/empresas.infoempleo.com\/hrtrends\/wp-json\/wp\/v2\/comments?post=37893"}],"version-history":[{"count":7,"href":"https:\/\/empresas.infoempleo.com\/hrtrends\/wp-json\/wp\/v2\/posts\/37893\/revisions"}],"predecessor-version":[{"id":37901,"href":"https:\/\/empresas.infoempleo.com\/hrtrends\/wp-json\/wp\/v2\/posts\/37893\/revisions\/37901"}],"wp:featuredmedia":[{"embeddable":true,"href":"https:\/\/empresas.infoempleo.com\/hrtrends\/wp-json\/wp\/v2\/media\/37898"}],"wp:attachment":[{"href":"https:\/\/empresas.infoempleo.com\/hrtrends\/wp-json\/wp\/v2\/media?parent=37893"}],"wp:term":[{"taxonomy":"category","embeddable":true,"href":"https:\/\/empresas.infoempleo.com\/hrtrends\/wp-json\/wp\/v2\/categories?post=37893"},{"taxonomy":"post_tag","embeddable":true,"href":"https:\/\/empresas.infoempleo.com\/hrtrends\/wp-json\/wp\/v2\/tags?post=37893"}],"curies":[{"name":"wp","href":"https:\/\/api.w.org\/{rel}","templated":true}]}}