{"id":37854,"date":"2020-09-30T07:30:05","date_gmt":"2020-09-30T05:30:05","guid":{"rendered":"https:\/\/empresas.infoempleo.com\/hrtrends\/?p=37854"},"modified":"2020-09-09T18:47:27","modified_gmt":"2020-09-09T16:47:27","slug":"como-sera-la-tecnologia-en-las-oficinas-5-0-del-futuro","status":"publish","type":"post","link":"https:\/\/empresas.infoempleo.com\/hrtrends\/como-sera-la-tecnologia-en-las-oficinas-5-0-del-futuro\/","title":{"rendered":"\u00bfC\u00f3mo ser\u00e1 la tecnolog\u00eda en las oficinas 5.0 del futuro?"},"content":{"rendered":"<p><span style=\"font-weight: 400;\">La <strong>tecnolog\u00eda en las oficinas 5.0 del futuro<\/strong> <strong>estar\u00e1 basada en el Big Data<\/strong>, la <strong>inteligencia artificial<\/strong>, el <strong>Internet de las Cosas<\/strong> (IoT) y la <strong>realidad virtual<\/strong> (RV), ofreciendo una inmejorable experiencia laboral a los profesionales que acuden cada d\u00eda a trabajar.<\/span><\/p>\n<p><span style=\"font-weight: 400;\">Al igual que la tecnolog\u00eda marca el d\u00eda a d\u00eda actualmente, tambi\u00e9n lo har\u00e1 en un futuro con los lugares de trabajo, convirti\u00e9ndolo en un <\/span><b>entorno capaz de extraer el m\u00e1ximo el talento de los profesionales<\/b><span style=\"font-weight: 400;\">. Los espacios se adaptar\u00e1n a las necesidades individuales y permitir\u00e1n al trabajador optimizar su tiempo y su rendimiento.\u00a0<\/span><\/p>\n<h2>Claves de la tecnolog\u00eda en las oficinas 5.0<\/h2>\n<p><span style=\"font-weight: 400;\">En la <\/span><a href=\"https:\/\/empresas.infoempleo.com\/hrtrends\/oficinas-flexibles-adaptadas-la-transformacion-digital-casos-exito\/\"><span style=\"font-weight: 400;\">oficina inteligente<\/span><\/a><span style=\"font-weight: 400;\"> del futuro <\/span><b>los asistentes personales virtuales tomar\u00e1n m\u00e1s protagonismo, ocup\u00e1ndose de las labores administrativas y las tareas m\u00e1s rutinarias<\/b><span style=\"font-weight: 400;\">. Estos dispositivos podr\u00e1n desde reservar una sala de reuniones a responder a los correos electr\u00f3nicos cotidianos. Tendr\u00e1n la capacidad de transcribir reuniones, programar conferencias o encontrar documentos en cuesti\u00f3n de segundos.\u00a0<\/span><\/p>\n<p><span style=\"font-weight: 400;\">En las reuniones, la tecnolog\u00eda 5.0 alentar\u00e1 a la participaci\u00f3n equitativa de todos los miembros del equipo. Adem\u00e1s, gracias a sensores inteligentes y un software de reconocimiento de voz podr\u00e1 anticiparse a las necesidades de cada uno de los trabajadores.<\/span><\/p>\n<h2>Oficinas inteligentes m\u00e1s humanizadas<\/h2>\n<p><span style=\"font-weight: 400;\">Las oficinas <strong>podr\u00e1n registrar los comportamientos de los trabajadores<\/strong> en funci\u00f3n de los datos que depositen en sus dispositivos, lo que permitir\u00e1 <strong>ajustar autom\u00e1ticamente variables como la iluminaci\u00f3n<\/strong>, la privacidad visual o <strong>la temperatura<\/strong> de acuerdo con las preferencias del profesional.\u00a0<\/span><\/p>\n<p><span style=\"font-weight: 400;\">Por otro lado, <\/span><b>la tecnolog\u00eda 5.0 permitir\u00e1 un mobiliario inteligente<\/b><span style=\"font-weight: 400;\">. Gracias a algoritmos y biosensores <strong>conocer\u00e1n el estado de \u00e1nimo de los trabajadores. <\/strong>Si est\u00e1n aburridos o desconcentrados, les <strong>propondr\u00e1n un descanso o un cambio de postura<\/strong> para mantener una \u00f3ptima capacidad de atenci\u00f3n. Adem\u00e1s, ayudar\u00e1 a encontrar la mejor postura corporal. <strong>Mejorando as\u00ed las bajas relacionadas con las tensiones musculares<\/strong>, y a mejorar la estad\u00eda en el trabajo, con el fin de evitar el sedentarismo.<\/span><\/p>\n<h2>Realidad extendida y espacios virtuales<\/h2>\n<p><span style=\"font-weight: 400;\">M\u00e1s all\u00e1 de la realidad virtual o aumentada, <\/span><b>la tecnolog\u00eda en las oficinas 5.0 se centrar\u00e1 en la realidad extendida<\/b><span style=\"font-weight: 400;\">. Los datos aparecer\u00e1n ante los ojos de los trabajadores de nuevas formas inmersivas que casi ser\u00e1n capaces de tocar. Un solo gesto de la cabeza o del brazo, o bien un movimiento del mobiliario, actuar\u00e1 a modo de joystick, y permitir\u00e1 el movimiento entre las visualizaciones volum\u00e9tricas.<\/span><\/p>\n<p><span style=\"font-weight: 400;\">De igual manera, <\/span>l<span style=\"font-weight: 400;\">os <strong>espacios sociales virtuales permitir\u00e1n el trabajo entre compa\u00f1eros situados en otras partes del mundo<\/strong> como si estuvieran en el mismo espacio, gracias a los escenarios de realidad aumentada, lo que permitir\u00e1 una comunicaci\u00f3n m\u00e1s fluida.<\/span><\/p>\n<p><span style=\"font-weight: 400;\">La tecnolog\u00eda en las oficinas 5.0, que <strong>combinar\u00e1 dispositivos <\/strong><\/span><strong><i>wereables<\/i><\/strong><span style=\"font-weight: 400;\"><strong>, espacios virtuales, robots y sensores bioinformados<\/strong>, ofrecer\u00e1 a los trabajadores una experiencia laboral inigualable. Una nueva dimensi\u00f3n del trabajo en la que cada trabajador sacar\u00e1 a la luz su m\u00e1ximo potencial al sentirse totalmente a gusto. <\/span><\/p>\n<p><span style=\"font-weight: 400;\">La oficina <strong>se convertir\u00e1 as\u00ed en el mejor entorno para colaborar.\u00a0 C<\/strong>onseguir\u00e1 mantener al trabajador alineado con los objetivos de la compa\u00f1\u00eda y conectado a sus compa\u00f1eros. Convirti\u00e9ndose, as\u00ed, en un aut\u00e9ntico motor de innovaci\u00f3n.\u00a0<\/span><\/p>\n","protected":false},"excerpt":{"rendered":"<p>La tecnolog\u00eda en las oficinas 5.0 del futuro estar\u00e1 basada en el Big Data, la inteligencia artificial, el<a class=\"moretag\" href=\"https:\/\/empresas.infoempleo.com\/hrtrends\/como-sera-la-tecnologia-en-las-oficinas-5-0-del-futuro\/\"> Leer m\u00e1s<\/a><\/p>\n","protected":false},"author":122,"featured_media":37855,"comment_status":"closed","ping_status":"closed","sticky":false,"template":"","format":"standard","meta":{"footnotes":""},"categories":[3023],"tags":[3024,3431,3432],"class_list":["post-37854","post","type-post","status-publish","format-standard","has-post-thumbnail","hentry","category-digitalizacion","tag-digitalizacion","tag-oficinas-5-0","tag-oficinas-inteligentes"],"yoast_head":"<!-- This site is optimized with the Yoast SEO plugin v26.1.1 - https:\/\/yoast.com\/wordpress\/plugins\/seo\/ -->\n<title>Tecnolog\u00eda en las oficinas 5.0: un gran salto hacia el futuro | HRTRENDS<\/title>\n<meta name=\"description\" content=\"La tecnolog\u00eda en las oficinas 5.0 estar\u00e1 basada en la inteligencia artificial y la realidad virtual. Descubre c\u00f3mo ser\u00e1 la oficina inteligente\" \/>\n<meta name=\"robots\" content=\"index, follow, max-snippet:-1, max-image-preview:large, max-video-preview:-1\" \/>\n<link rel=\"canonical\" href=\"https:\/\/empresas.infoempleo.com\/hrtrends\/como-sera-la-tecnologia-en-las-oficinas-5-0-del-futuro\/\" \/>\n<meta property=\"og:locale\" content=\"es_ES\" \/>\n<meta property=\"og:type\" content=\"article\" \/>\n<meta property=\"og:title\" content=\"Tecnolog\u00eda en las oficinas 5.0: un gran salto hacia el futuro | HRTRENDS\" \/>\n<meta property=\"og:description\" content=\"La tecnolog\u00eda en las oficinas 5.0 estar\u00e1 basada en la inteligencia artificial y la realidad virtual. Descubre c\u00f3mo ser\u00e1 la oficina inteligente\" \/>\n<meta property=\"og:url\" content=\"https:\/\/empresas.infoempleo.com\/hrtrends\/como-sera-la-tecnologia-en-las-oficinas-5-0-del-futuro\/\" \/>\n<meta property=\"og:site_name\" content=\"HRTRENDS\" \/>\n<meta property=\"article:publisher\" content=\"https:\/\/www.facebook.com\/Infoempleo\" \/>\n<meta property=\"article:published_time\" content=\"2020-09-30T05:30:05+00:00\" \/>\n<meta property=\"og:image\" content=\"https:\/\/empresas.infoempleo.com\/hrtrends\/media\/2020\/09\/HRTrends-tecnologia-en-las-oficinas-5.0.jpg\" \/>\n\t<meta property=\"og:image:width\" content=\"2521\" \/>\n\t<meta property=\"og:image:height\" content=\"1189\" \/>\n\t<meta property=\"og:image:type\" content=\"image\/jpeg\" \/>\n<meta name=\"author\" content=\"Adriana M.\" \/>\n<meta name=\"twitter:card\" content=\"summary_large_image\" \/>\n<meta name=\"twitter:creator\" content=\"@infoempleo\" \/>\n<meta name=\"twitter:site\" content=\"@infoempleo\" \/>\n<meta name=\"twitter:label1\" content=\"Escrito por\" \/>\n\t<meta name=\"twitter:data1\" content=\"Adriana M.\" \/>\n\t<meta name=\"twitter:label2\" content=\"Tiempo de lectura\" \/>\n\t<meta name=\"twitter:data2\" content=\"3 minutos\" \/>\n<script type=\"application\/ld+json\" class=\"yoast-schema-graph\">{\"@context\":\"https:\/\/schema.org\",\"@graph\":[{\"@type\":\"NewsArticle\",\"@id\":\"https:\/\/empresas.infoempleo.com\/hrtrends\/como-sera-la-tecnologia-en-las-oficinas-5-0-del-futuro\/#article\",\"isPartOf\":{\"@id\":\"https:\/\/empresas.infoempleo.com\/hrtrends\/como-sera-la-tecnologia-en-las-oficinas-5-0-del-futuro\/\"},\"author\":{\"name\":\"Adriana M.\",\"@id\":\"https:\/\/empresas.infoempleo.com\/hrtrends\/#\/schema\/person\/b1dd51edbb566a47cd8f7513fa73d223\"},\"headline\":\"\u00bfC\u00f3mo ser\u00e1 la tecnolog\u00eda en las oficinas 5.0 del futuro?\",\"datePublished\":\"2020-09-30T05:30:05+00:00\",\"mainEntityOfPage\":{\"@id\":\"https:\/\/empresas.infoempleo.com\/hrtrends\/como-sera-la-tecnologia-en-las-oficinas-5-0-del-futuro\/\"},\"wordCount\":567,\"publisher\":{\"@id\":\"https:\/\/empresas.infoempleo.com\/hrtrends\/#organization\"},\"image\":{\"@id\":\"https:\/\/empresas.infoempleo.com\/hrtrends\/como-sera-la-tecnologia-en-las-oficinas-5-0-del-futuro\/#primaryimage\"},\"thumbnailUrl\":\"https:\/\/empresas.infoempleo.com\/hrtrends\/media\/2020\/09\/HRTrends-tecnologia-en-las-oficinas-5.0.jpg\",\"keywords\":[\"digitalizaci\u00f3n\",\"oficinas 5.0\",\"oficinas inteligentes\"],\"articleSection\":[\"Digitalizaci\u00f3n en RRHH\"],\"inLanguage\":\"es\",\"copyrightYear\":\"2020\",\"copyrightHolder\":{\"@id\":\"https:\/\/empresas.infoempleo.com\/hrtrends\/#organization\"}},{\"@type\":\"WebPage\",\"@id\":\"https:\/\/empresas.infoempleo.com\/hrtrends\/como-sera-la-tecnologia-en-las-oficinas-5-0-del-futuro\/\",\"url\":\"https:\/\/empresas.infoempleo.com\/hrtrends\/como-sera-la-tecnologia-en-las-oficinas-5-0-del-futuro\/\",\"name\":\"Tecnolog\u00eda en las oficinas 5.0: un gran salto hacia el futuro | HRTRENDS\",\"isPartOf\":{\"@id\":\"https:\/\/empresas.infoempleo.com\/hrtrends\/#website\"},\"primaryImageOfPage\":{\"@id\":\"https:\/\/empresas.infoempleo.com\/hrtrends\/como-sera-la-tecnologia-en-las-oficinas-5-0-del-futuro\/#primaryimage\"},\"image\":{\"@id\":\"https:\/\/empresas.infoempleo.com\/hrtrends\/como-sera-la-tecnologia-en-las-oficinas-5-0-del-futuro\/#primaryimage\"},\"thumbnailUrl\":\"https:\/\/empresas.infoempleo.com\/hrtrends\/media\/2020\/09\/HRTrends-tecnologia-en-las-oficinas-5.0.jpg\",\"datePublished\":\"2020-09-30T05:30:05+00:00\",\"description\":\"La tecnolog\u00eda en las oficinas 5.0 estar\u00e1 basada en la inteligencia artificial y la realidad virtual. Descubre c\u00f3mo ser\u00e1 la oficina inteligente\",\"breadcrumb\":{\"@id\":\"https:\/\/empresas.infoempleo.com\/hrtrends\/como-sera-la-tecnologia-en-las-oficinas-5-0-del-futuro\/#breadcrumb\"},\"inLanguage\":\"es\",\"potentialAction\":[{\"@type\":\"ReadAction\",\"target\":[\"https:\/\/empresas.infoempleo.com\/hrtrends\/como-sera-la-tecnologia-en-las-oficinas-5-0-del-futuro\/\"]}]},{\"@type\":\"ImageObject\",\"inLanguage\":\"es\",\"@id\":\"https:\/\/empresas.infoempleo.com\/hrtrends\/como-sera-la-tecnologia-en-las-oficinas-5-0-del-futuro\/#primaryimage\",\"url\":\"https:\/\/empresas.infoempleo.com\/hrtrends\/media\/2020\/09\/HRTrends-tecnologia-en-las-oficinas-5.0-150x150.jpg\",\"contentUrl\":\"https:\/\/empresas.infoempleo.com\/hrtrends\/media\/2020\/09\/HRTrends-tecnologia-en-las-oficinas-5.0-150x150.jpg\",\"width\":150,\"height\":150},{\"@type\":\"BreadcrumbList\",\"@id\":\"https:\/\/empresas.infoempleo.com\/hrtrends\/como-sera-la-tecnologia-en-las-oficinas-5-0-del-futuro\/#breadcrumb\",\"itemListElement\":[{\"@type\":\"ListItem\",\"position\":1,\"name\":\"Portada\",\"item\":\"https:\/\/empresas.infoempleo.com\/hrtrends\/\"},{\"@type\":\"ListItem\",\"position\":2,\"name\":\"\u00bfC\u00f3mo ser\u00e1 la tecnolog\u00eda en las oficinas 5.0 del futuro?\"}]},{\"@type\":\"WebSite\",\"@id\":\"https:\/\/empresas.infoempleo.com\/hrtrends\/#website\",\"url\":\"https:\/\/empresas.infoempleo.com\/hrtrends\",\"name\":\"HRTrends by Infoempleo\",\"description\":\"\",\"publisher\":{\"@id\":\"https:\/\/empresas.infoempleo.com\/hrtrends\/#organization\"},\"potentialAction\":{\"@type\":\"SearchAction\",\"target\":\"https:\/\/empresas.infoempleo.com\/hrtrends\/?s={search_term_string}\",\"query-input\":\"required name=search_term_string\"},\"inLanguage\":\"es\"},{\"@type\":\"Organization\",\"@id\":\"https:\/\/empresas.infoempleo.com\/hrtrends\/#organization\",\"name\":\"Infoempleo\",\"url\":\"https:\/\/www.infoempleo.com\/\",\"logo\":{\"@type\":\"ImageObject\",\"@id\":\"https:\/\/empresas.infoempleo.com\/hrtrends\/#logo\",\"inLanguage\":\"es\",\"url\":\"https:\/\/cdnazure.infoempleo.com\/infoempleo\/assets\/style\/gfx\/logo.svg\",\"contentUrl\":\"https:\/\/cdnazure.infoempleo.com\/infoempleo\/assets\/style\/gfx\/logo.svg\",\"width\":150,\"height\":40,\"caption\":\"Infoempleo\"},\"image\":{\"@id\":\"https:\/\/empresas.infoempleo.com\/hrtrends\/#logo\"},\"sameAs\":[\"https:\/\/www.facebook.com\/Infoempleo\",\"https:\/\/x.com\/infoempleo\",\"http:\/\/instagram.com\/infoempleo\/\",\"http:\/\/www.linkedin.com\/groups\/Empleo-Espa\u00f1a-Infoempleocom-111276\",\"http:\/\/pinterest.com\/infoempleo\/\"],\"address\":{\"@type\":\"PostalAddress\",\"addressLocality\":\"Madrid\",\"postalCode\":\"28050\",\"streetAddress\":\"Avenida de Burgos 114\"},\"brand\":[\"Infoempleo\"]},{\"@type\":\"Person\",\"@id\":\"https:\/\/empresas.infoempleo.com\/hrtrends\/#\/schema\/person\/b1dd51edbb566a47cd8f7513fa73d223\",\"name\":\"Adriana M.\",\"image\":{\"@type\":\"ImageObject\",\"inLanguage\":\"es\",\"@id\":\"https:\/\/empresas.infoempleo.com\/hrtrends\/#\/schema\/person\/image\/\",\"url\":\"https:\/\/secure.gravatar.com\/avatar\/243f7dd7e1db0ad0e9791be05df7d72ba5c8bf338408591753bae2fe87dae18d?s=96&d=mm&r=g\",\"contentUrl\":\"https:\/\/secure.gravatar.com\/avatar\/243f7dd7e1db0ad0e9791be05df7d72ba5c8bf338408591753bae2fe87dae18d?s=96&d=mm&r=g\",\"caption\":\"Adriana M.\"},\"description\":\"Periodista y experta en Comunicaci\u00f3n Audiovisual y Narrativa. Me encanta escribir y narrar lo que pasa a mi alrededor es mi pasi\u00f3n.\",\"url\":\"https:\/\/empresas.infoempleo.com\/hrtrends\/author\/adriana-kanvas\/\"}]}<\/script>\n<!-- \/ Yoast SEO plugin. -->","yoast_head_json":{"title":"Tecnolog\u00eda en las oficinas 5.0: un gran salto hacia el futuro | HRTRENDS","description":"La tecnolog\u00eda en las oficinas 5.0 estar\u00e1 basada en la inteligencia artificial y la realidad virtual. Descubre c\u00f3mo ser\u00e1 la oficina inteligente","robots":{"index":"index","follow":"follow","max-snippet":"max-snippet:-1","max-image-preview":"max-image-preview:large","max-video-preview":"max-video-preview:-1"},"canonical":"https:\/\/empresas.infoempleo.com\/hrtrends\/como-sera-la-tecnologia-en-las-oficinas-5-0-del-futuro\/","og_locale":"es_ES","og_type":"article","og_title":"Tecnolog\u00eda en las oficinas 5.0: un gran salto hacia el futuro | HRTRENDS","og_description":"La tecnolog\u00eda en las oficinas 5.0 estar\u00e1 basada en la inteligencia artificial y la realidad virtual. Descubre c\u00f3mo ser\u00e1 la oficina inteligente","og_url":"https:\/\/empresas.infoempleo.com\/hrtrends\/como-sera-la-tecnologia-en-las-oficinas-5-0-del-futuro\/","og_site_name":"HRTRENDS","article_publisher":"https:\/\/www.facebook.com\/Infoempleo","article_published_time":"2020-09-30T05:30:05+00:00","og_image":[{"width":2521,"height":1189,"url":"https:\/\/empresas.infoempleo.com\/hrtrends\/media\/2020\/09\/HRTrends-tecnologia-en-las-oficinas-5.0.jpg","type":"image\/jpeg"}],"author":"Adriana M.","twitter_card":"summary_large_image","twitter_creator":"@infoempleo","twitter_site":"@infoempleo","twitter_misc":{"Escrito por":"Adriana M.","Tiempo de lectura":"3 minutos"},"schema":{"@context":"https:\/\/schema.org","@graph":[{"@type":"NewsArticle","@id":"https:\/\/empresas.infoempleo.com\/hrtrends\/como-sera-la-tecnologia-en-las-oficinas-5-0-del-futuro\/#article","isPartOf":{"@id":"https:\/\/empresas.infoempleo.com\/hrtrends\/como-sera-la-tecnologia-en-las-oficinas-5-0-del-futuro\/"},"author":{"name":"Adriana M.","@id":"https:\/\/empresas.infoempleo.com\/hrtrends\/#\/schema\/person\/b1dd51edbb566a47cd8f7513fa73d223"},"headline":"\u00bfC\u00f3mo ser\u00e1 la tecnolog\u00eda en las oficinas 5.0 del futuro?","datePublished":"2020-09-30T05:30:05+00:00","mainEntityOfPage":{"@id":"https:\/\/empresas.infoempleo.com\/hrtrends\/como-sera-la-tecnologia-en-las-oficinas-5-0-del-futuro\/"},"wordCount":567,"publisher":{"@id":"https:\/\/empresas.infoempleo.com\/hrtrends\/#organization"},"image":{"@id":"https:\/\/empresas.infoempleo.com\/hrtrends\/como-sera-la-tecnologia-en-las-oficinas-5-0-del-futuro\/#primaryimage"},"thumbnailUrl":"https:\/\/empresas.infoempleo.com\/hrtrends\/media\/2020\/09\/HRTrends-tecnologia-en-las-oficinas-5.0.jpg","keywords":["digitalizaci\u00f3n","oficinas 5.0","oficinas inteligentes"],"articleSection":["Digitalizaci\u00f3n en RRHH"],"inLanguage":"es","copyrightYear":"2020","copyrightHolder":{"@id":"https:\/\/empresas.infoempleo.com\/hrtrends\/#organization"}},{"@type":"WebPage","@id":"https:\/\/empresas.infoempleo.com\/hrtrends\/como-sera-la-tecnologia-en-las-oficinas-5-0-del-futuro\/","url":"https:\/\/empresas.infoempleo.com\/hrtrends\/como-sera-la-tecnologia-en-las-oficinas-5-0-del-futuro\/","name":"Tecnolog\u00eda en las oficinas 5.0: un gran salto hacia el futuro | HRTRENDS","isPartOf":{"@id":"https:\/\/empresas.infoempleo.com\/hrtrends\/#website"},"primaryImageOfPage":{"@id":"https:\/\/empresas.infoempleo.com\/hrtrends\/como-sera-la-tecnologia-en-las-oficinas-5-0-del-futuro\/#primaryimage"},"image":{"@id":"https:\/\/empresas.infoempleo.com\/hrtrends\/como-sera-la-tecnologia-en-las-oficinas-5-0-del-futuro\/#primaryimage"},"thumbnailUrl":"https:\/\/empresas.infoempleo.com\/hrtrends\/media\/2020\/09\/HRTrends-tecnologia-en-las-oficinas-5.0.jpg","datePublished":"2020-09-30T05:30:05+00:00","description":"La tecnolog\u00eda en las oficinas 5.0 estar\u00e1 basada en la inteligencia artificial y la realidad virtual. Descubre c\u00f3mo ser\u00e1 la oficina inteligente","breadcrumb":{"@id":"https:\/\/empresas.infoempleo.com\/hrtrends\/como-sera-la-tecnologia-en-las-oficinas-5-0-del-futuro\/#breadcrumb"},"inLanguage":"es","potentialAction":[{"@type":"ReadAction","target":["https:\/\/empresas.infoempleo.com\/hrtrends\/como-sera-la-tecnologia-en-las-oficinas-5-0-del-futuro\/"]}]},{"@type":"ImageObject","inLanguage":"es","@id":"https:\/\/empresas.infoempleo.com\/hrtrends\/como-sera-la-tecnologia-en-las-oficinas-5-0-del-futuro\/#primaryimage","url":"https:\/\/empresas.infoempleo.com\/hrtrends\/media\/2020\/09\/HRTrends-tecnologia-en-las-oficinas-5.0-150x150.jpg","contentUrl":"https:\/\/empresas.infoempleo.com\/hrtrends\/media\/2020\/09\/HRTrends-tecnologia-en-las-oficinas-5.0-150x150.jpg","width":150,"height":150},{"@type":"BreadcrumbList","@id":"https:\/\/empresas.infoempleo.com\/hrtrends\/como-sera-la-tecnologia-en-las-oficinas-5-0-del-futuro\/#breadcrumb","itemListElement":[{"@type":"ListItem","position":1,"name":"Portada","item":"https:\/\/empresas.infoempleo.com\/hrtrends\/"},{"@type":"ListItem","position":2,"name":"\u00bfC\u00f3mo ser\u00e1 la tecnolog\u00eda en las oficinas 5.0 del futuro?"}]},{"@type":"WebSite","@id":"https:\/\/empresas.infoempleo.com\/hrtrends\/#website","url":"https:\/\/empresas.infoempleo.com\/hrtrends","name":"HRTrends by Infoempleo","description":"","publisher":{"@id":"https:\/\/empresas.infoempleo.com\/hrtrends\/#organization"},"potentialAction":{"@type":"SearchAction","target":"https:\/\/empresas.infoempleo.com\/hrtrends\/?s={search_term_string}","query-input":"required name=search_term_string"},"inLanguage":"es"},{"@type":"Organization","@id":"https:\/\/empresas.infoempleo.com\/hrtrends\/#organization","name":"Infoempleo","url":"https:\/\/www.infoempleo.com\/","logo":{"@type":"ImageObject","@id":"https:\/\/empresas.infoempleo.com\/hrtrends\/#logo","inLanguage":"es","url":"https:\/\/cdnazure.infoempleo.com\/infoempleo\/assets\/style\/gfx\/logo.svg","contentUrl":"https:\/\/cdnazure.infoempleo.com\/infoempleo\/assets\/style\/gfx\/logo.svg","width":150,"height":40,"caption":"Infoempleo"},"image":{"@id":"https:\/\/empresas.infoempleo.com\/hrtrends\/#logo"},"sameAs":["https:\/\/www.facebook.com\/Infoempleo","https:\/\/x.com\/infoempleo","http:\/\/instagram.com\/infoempleo\/","http:\/\/www.linkedin.com\/groups\/Empleo-Espa\u00f1a-Infoempleocom-111276","http:\/\/pinterest.com\/infoempleo\/"],"address":{"@type":"PostalAddress","addressLocality":"Madrid","postalCode":"28050","streetAddress":"Avenida de Burgos 114"},"brand":["Infoempleo"]},{"@type":"Person","@id":"https:\/\/empresas.infoempleo.com\/hrtrends\/#\/schema\/person\/b1dd51edbb566a47cd8f7513fa73d223","name":"Adriana M.","image":{"@type":"ImageObject","inLanguage":"es","@id":"https:\/\/empresas.infoempleo.com\/hrtrends\/#\/schema\/person\/image\/","url":"https:\/\/secure.gravatar.com\/avatar\/243f7dd7e1db0ad0e9791be05df7d72ba5c8bf338408591753bae2fe87dae18d?s=96&d=mm&r=g","contentUrl":"https:\/\/secure.gravatar.com\/avatar\/243f7dd7e1db0ad0e9791be05df7d72ba5c8bf338408591753bae2fe87dae18d?s=96&d=mm&r=g","caption":"Adriana M."},"description":"Periodista y experta en Comunicaci\u00f3n Audiovisual y Narrativa. Me encanta escribir y narrar lo que pasa a mi alrededor es mi pasi\u00f3n.","url":"https:\/\/empresas.infoempleo.com\/hrtrends\/author\/adriana-kanvas\/"}]}},"amp_enabled":true,"_links":{"self":[{"href":"https:\/\/empresas.infoempleo.com\/hrtrends\/wp-json\/wp\/v2\/posts\/37854","targetHints":{"allow":["GET"]}}],"collection":[{"href":"https:\/\/empresas.infoempleo.com\/hrtrends\/wp-json\/wp\/v2\/posts"}],"about":[{"href":"https:\/\/empresas.infoempleo.com\/hrtrends\/wp-json\/wp\/v2\/types\/post"}],"author":[{"embeddable":true,"href":"https:\/\/empresas.infoempleo.com\/hrtrends\/wp-json\/wp\/v2\/users\/122"}],"replies":[{"embeddable":true,"href":"https:\/\/empresas.infoempleo.com\/hrtrends\/wp-json\/wp\/v2\/comments?post=37854"}],"version-history":[{"count":3,"href":"https:\/\/empresas.infoempleo.com\/hrtrends\/wp-json\/wp\/v2\/posts\/37854\/revisions"}],"predecessor-version":[{"id":37858,"href":"https:\/\/empresas.infoempleo.com\/hrtrends\/wp-json\/wp\/v2\/posts\/37854\/revisions\/37858"}],"wp:featuredmedia":[{"embeddable":true,"href":"https:\/\/empresas.infoempleo.com\/hrtrends\/wp-json\/wp\/v2\/media\/37855"}],"wp:attachment":[{"href":"https:\/\/empresas.infoempleo.com\/hrtrends\/wp-json\/wp\/v2\/media?parent=37854"}],"wp:term":[{"taxonomy":"category","embeddable":true,"href":"https:\/\/empresas.infoempleo.com\/hrtrends\/wp-json\/wp\/v2\/categories?post=37854"},{"taxonomy":"post_tag","embeddable":true,"href":"https:\/\/empresas.infoempleo.com\/hrtrends\/wp-json\/wp\/v2\/tags?post=37854"}],"curies":[{"name":"wp","href":"https:\/\/api.w.org\/{rel}","templated":true}]}}