{"id":37844,"date":"2020-09-23T07:30:58","date_gmt":"2020-09-23T05:30:58","guid":{"rendered":"https:\/\/empresas.infoempleo.com\/hrtrends\/?p=37844"},"modified":"2020-09-09T17:32:56","modified_gmt":"2020-09-09T15:32:56","slug":"marketing-y-coronavirus-como-adaptar-la-estrategia-en-medio-de-la-crisis","status":"publish","type":"post","link":"https:\/\/empresas.infoempleo.com\/hrtrends\/marketing-y-coronavirus-como-adaptar-la-estrategia-en-medio-de-la-crisis\/","title":{"rendered":"Marketing y coronavirus: c\u00f3mo adaptar la estrategia en medio de la crisis"},"content":{"rendered":"<p><span style=\"font-weight: 400;\">En los tiempos actuales, <strong>es posible que el marketing y el coronavirus puedan ir de la mano<\/strong>. La pandemia del Covid-19 ha cambiado el comportamiento de los consumidores y <strong>ha planteado <\/strong><\/span><b>nuevos retos para los negocios<\/b><span style=\"font-weight: 400;\">.\u00a0<\/span><\/p>\n<p><span style=\"font-weight: 400;\">Ante una alerta sanitaria grave e inesperada como la que estamos viviendo, las <strong>empresas se enfrentan a un momento crucial<\/strong>, en el que <strong>est\u00e1 en juego<\/strong> no solo <strong>su reputaci\u00f3n<\/strong>, sino <strong>su propia continuidad<\/strong>. Ofrecer una respuesta inmediata y adecuada es fundamental. Seg\u00fan los expertos, <strong>el secreto est\u00e1 en adaptar las estrategias<\/strong> con el fin de mantener el posicionamiento de marca y generar una adecuada experiencia al cliente<\/span><b>, sin dejar de pensar en nuevas oportunidades de negocio.<\/b><span style=\"font-weight: 400;\">\u00a0<\/span><\/p>\n<h2>Consejos para enfocar el marketing durante el coronavirus<\/h2>\n<p><span style=\"font-weight: 400;\">En una crisis como la provocada por el coronavirus <\/span><b>hace falta una capacidad de reacci\u00f3n y contar con una buena estrategia de marketing<\/b><span style=\"font-weight: 400;\"> que permita salir beneficiado ante la nueva situaci\u00f3n. Uno de los factores m\u00e1s importantes es <\/span><b>tener permanentemente informados a los clientes<\/b><span style=\"font-weight: 400;\">, transmitiendoles el mensaje deseado a trav\u00e9s de la web, las redes sociales, la publicidad o jugando con otras posibilidades como el mailing.\u00a0<\/span><\/p>\n<p><span style=\"font-weight: 400;\">En estos tiempos donde las personas permanecen m\u00e1s tiempo en el hogar, la estrategia fundamental es <strong>apostar por lo digital.<\/strong> Es fundamental tener actualizada la p\u00e1gina web y, en caso de que el objetivo del negocio sea la venta de productos, tambi\u00e9n es importante <\/span><b>contar con un ecommerce a la altura del aumento de demanda<\/b><span style=\"font-weight: 400;\">.\u00a0<\/span><\/p>\n<p><span style=\"font-weight: 400;\">Asimismo, las reglas b\u00e1sicas del marketing en el coronavirus establecen que <\/span><b>la atenci\u00f3n al cliente tiene que ser prioritaria, a trav\u00e9s de m\u00faltiples v\u00edas de contacto<\/b><span style=\"font-weight: 400;\">. Por \u00faltimo, se puede contribuir con el\u00a0 valor de la empresa a la hora de mejorar la calidad de vida de los clientes y contribuir al bien com\u00fan. <\/span><\/p>\n<p><span style=\"font-weight: 400;\">Y todo ello sin perder de vista una <\/span><b>monitorizaci\u00f3n online que permita saber en qu\u00e9 punto est\u00e1 la imagen de marca<\/b><span style=\"font-weight: 400;\">, con el fin de subsanar errores en caso necesario. Mostrando un correcto liderazgo y generando confianza, los negocios podr\u00e1n optar a una correcta posici\u00f3n de salida de cara a los tiempos post Covid-19.<\/span><\/p>\n<h2>La importancia del marketing digital<\/h2>\n<p><span style=\"font-weight: 400;\">El <\/span><a href=\"https:\/\/empresas.infoempleo.com\/hrtrends\/tag\/coronavirus\/\"><span style=\"font-weight: 400;\">coronavirus<\/span><\/a><span style=\"font-weight: 400;\"> ha puesto de manifiesto la importancia del marketing digital para cualquier empresa o negocio. La crisis provocada por la pandemia <strong>ha obligado a adaptar las estrategias de medios.<\/strong> M\u00e1s <strong>enfocadas en resaltar lo m\u00e1s valioso para los clientes<\/strong> en el momento actual.\u00a0<\/span><\/p>\n<p><b>Evaluar la madurez digital de la propia empresa<\/b><span style=\"font-weight: 400;\"> se considera fundamental, con el fin de ofrecer soluciones a las brechas que pueda tener el plan de marketing digital. Adem\u00e1s, antes de la publicaci\u00f3n se debe<\/span><b> tener muy en cuenta el mensaje que se intenta transmitir<\/b><span style=\"font-weight: 400;\">, con el fin de responder a la sensibilidad del momento. <\/span><\/p>\n<p><span style=\"font-weight: 400;\">Las marcas deben <strong>esforzarse en dise\u00f1ar un plan de marketing inteligente y sensible<\/strong>, con el tono adecuado. Existen m\u00faltiples posibilidades: desde publicidad online a un aumento de presencia en redes sociales, atenci\u00f3n al cliente a trav\u00e9s de canales digitales, establecer nuevos canales de venta, b\u00fasqueda de clientes potenciales o gesti\u00f3n de reservas o citas a trav\u00e9s de las redes sociales, entre otras opciones.\u00a0<\/span><\/p>\n<p><span style=\"font-weight: 400;\">Por \u00faltimo, algo imprescindible en la estrategia de marketing y coronavirus es <strong>estar preparado para actuar cuando el mercado se recupere<\/strong>, con el fin de reaccionar r\u00e1pidamente ante cualquier se\u00f1al de movimiento en el sector. Tener un plan de atracci\u00f3n de clientes post-covid19 permitir\u00e1 actuar en la direcci\u00f3n adecuada y a la mayor brevedad.\u00a0<\/span><\/p>\n","protected":false},"excerpt":{"rendered":"<p>En los tiempos actuales, es posible que el marketing y el coronavirus puedan ir de la mano. La<a class=\"moretag\" href=\"https:\/\/empresas.infoempleo.com\/hrtrends\/marketing-y-coronavirus-como-adaptar-la-estrategia-en-medio-de-la-crisis\/\"> Leer m\u00e1s<\/a><\/p>\n","protected":false},"author":72,"featured_media":37847,"comment_status":"closed","ping_status":"closed","sticky":false,"template":"","format":"standard","meta":{"footnotes":""},"categories":[3],"tags":[3360,3059,137],"class_list":["post-37844","post","type-post","status-publish","format-standard","has-post-thumbnail","hentry","category-actualidad","tag-coronavirus","tag-estrategias","tag-marca"],"yoast_head":"<!-- This site is optimized with the Yoast SEO plugin v26.1.1 - https:\/\/yoast.com\/wordpress\/plugins\/seo\/ -->\n<title>Marketing y coronavirus: c\u00f3mo adaptar la estrategia | HRTRENDS<\/title>\n<meta name=\"description\" content=\"Marketing y coronavirus: descubre c\u00f3mo adaptar tu estrategia a la crisis para convertirla en una oportunidad para mejorar\" \/>\n<meta name=\"robots\" content=\"index, follow, max-snippet:-1, max-image-preview:large, max-video-preview:-1\" \/>\n<link rel=\"canonical\" href=\"https:\/\/empresas.infoempleo.com\/hrtrends\/marketing-y-coronavirus-como-adaptar-la-estrategia-en-medio-de-la-crisis\/\" \/>\n<meta property=\"og:locale\" content=\"es_ES\" \/>\n<meta property=\"og:type\" content=\"article\" \/>\n<meta property=\"og:title\" content=\"Marketing y coronavirus: c\u00f3mo adaptar la estrategia | HRTRENDS\" \/>\n<meta property=\"og:description\" content=\"Marketing y coronavirus: descubre c\u00f3mo adaptar tu estrategia a la crisis para convertirla en una oportunidad para mejorar\" \/>\n<meta property=\"og:url\" content=\"https:\/\/empresas.infoempleo.com\/hrtrends\/marketing-y-coronavirus-como-adaptar-la-estrategia-en-medio-de-la-crisis\/\" \/>\n<meta property=\"og:site_name\" content=\"HRTRENDS\" \/>\n<meta property=\"article:publisher\" content=\"https:\/\/www.facebook.com\/Infoempleo\" \/>\n<meta property=\"article:published_time\" content=\"2020-09-23T05:30:58+00:00\" \/>\n<meta property=\"og:image\" content=\"https:\/\/empresas.infoempleo.com\/hrtrends\/media\/2020\/09\/HRTrends-marketing-y-coronavirus.jpg\" \/>\n\t<meta property=\"og:image:width\" content=\"980\" \/>\n\t<meta property=\"og:image:height\" content=\"602\" \/>\n\t<meta property=\"og:image:type\" content=\"image\/jpeg\" \/>\n<meta name=\"author\" content=\"infoempleo\" \/>\n<meta name=\"twitter:card\" content=\"summary_large_image\" \/>\n<meta name=\"twitter:creator\" content=\"@infoempleo\" \/>\n<meta name=\"twitter:site\" content=\"@infoempleo\" \/>\n<meta name=\"twitter:label1\" content=\"Escrito por\" \/>\n\t<meta name=\"twitter:data1\" content=\"infoempleo\" \/>\n\t<meta name=\"twitter:label2\" content=\"Tiempo de lectura\" \/>\n\t<meta name=\"twitter:data2\" content=\"3 minutos\" \/>\n<script type=\"application\/ld+json\" class=\"yoast-schema-graph\">{\"@context\":\"https:\/\/schema.org\",\"@graph\":[{\"@type\":\"NewsArticle\",\"@id\":\"https:\/\/empresas.infoempleo.com\/hrtrends\/marketing-y-coronavirus-como-adaptar-la-estrategia-en-medio-de-la-crisis\/#article\",\"isPartOf\":{\"@id\":\"https:\/\/empresas.infoempleo.com\/hrtrends\/marketing-y-coronavirus-como-adaptar-la-estrategia-en-medio-de-la-crisis\/\"},\"author\":{\"name\":\"infoempleo\",\"@id\":\"https:\/\/empresas.infoempleo.com\/hrtrends\/#\/schema\/person\/67d3e276ffcc8b3ae0ebec816daf775a\"},\"headline\":\"Marketing y coronavirus: c\u00f3mo adaptar la estrategia en medio de la crisis\",\"datePublished\":\"2020-09-23T05:30:58+00:00\",\"mainEntityOfPage\":{\"@id\":\"https:\/\/empresas.infoempleo.com\/hrtrends\/marketing-y-coronavirus-como-adaptar-la-estrategia-en-medio-de-la-crisis\/\"},\"wordCount\":617,\"publisher\":{\"@id\":\"https:\/\/empresas.infoempleo.com\/hrtrends\/#organization\"},\"image\":{\"@id\":\"https:\/\/empresas.infoempleo.com\/hrtrends\/marketing-y-coronavirus-como-adaptar-la-estrategia-en-medio-de-la-crisis\/#primaryimage\"},\"thumbnailUrl\":\"https:\/\/empresas.infoempleo.com\/hrtrends\/media\/2020\/09\/HRTrends-marketing-y-coronavirus.jpg\",\"keywords\":[\"coronavirus\",\"estrategias\",\"marca\"],\"articleSection\":[\"Actualidad\"],\"inLanguage\":\"es\",\"copyrightYear\":\"2020\",\"copyrightHolder\":{\"@id\":\"https:\/\/empresas.infoempleo.com\/hrtrends\/#organization\"}},{\"@type\":\"WebPage\",\"@id\":\"https:\/\/empresas.infoempleo.com\/hrtrends\/marketing-y-coronavirus-como-adaptar-la-estrategia-en-medio-de-la-crisis\/\",\"url\":\"https:\/\/empresas.infoempleo.com\/hrtrends\/marketing-y-coronavirus-como-adaptar-la-estrategia-en-medio-de-la-crisis\/\",\"name\":\"Marketing y coronavirus: c\u00f3mo adaptar la estrategia | HRTRENDS\",\"isPartOf\":{\"@id\":\"https:\/\/empresas.infoempleo.com\/hrtrends\/#website\"},\"primaryImageOfPage\":{\"@id\":\"https:\/\/empresas.infoempleo.com\/hrtrends\/marketing-y-coronavirus-como-adaptar-la-estrategia-en-medio-de-la-crisis\/#primaryimage\"},\"image\":{\"@id\":\"https:\/\/empresas.infoempleo.com\/hrtrends\/marketing-y-coronavirus-como-adaptar-la-estrategia-en-medio-de-la-crisis\/#primaryimage\"},\"thumbnailUrl\":\"https:\/\/empresas.infoempleo.com\/hrtrends\/media\/2020\/09\/HRTrends-marketing-y-coronavirus.jpg\",\"datePublished\":\"2020-09-23T05:30:58+00:00\",\"description\":\"Marketing y coronavirus: descubre c\u00f3mo adaptar tu estrategia a la crisis para convertirla en una oportunidad para mejorar\",\"breadcrumb\":{\"@id\":\"https:\/\/empresas.infoempleo.com\/hrtrends\/marketing-y-coronavirus-como-adaptar-la-estrategia-en-medio-de-la-crisis\/#breadcrumb\"},\"inLanguage\":\"es\",\"potentialAction\":[{\"@type\":\"ReadAction\",\"target\":[\"https:\/\/empresas.infoempleo.com\/hrtrends\/marketing-y-coronavirus-como-adaptar-la-estrategia-en-medio-de-la-crisis\/\"]}]},{\"@type\":\"ImageObject\",\"inLanguage\":\"es\",\"@id\":\"https:\/\/empresas.infoempleo.com\/hrtrends\/marketing-y-coronavirus-como-adaptar-la-estrategia-en-medio-de-la-crisis\/#primaryimage\",\"url\":\"https:\/\/empresas.infoempleo.com\/hrtrends\/media\/2020\/09\/HRTrends-marketing-y-coronavirus-150x150.jpg\",\"contentUrl\":\"https:\/\/empresas.infoempleo.com\/hrtrends\/media\/2020\/09\/HRTrends-marketing-y-coronavirus-150x150.jpg\",\"width\":150,\"height\":150},{\"@type\":\"BreadcrumbList\",\"@id\":\"https:\/\/empresas.infoempleo.com\/hrtrends\/marketing-y-coronavirus-como-adaptar-la-estrategia-en-medio-de-la-crisis\/#breadcrumb\",\"itemListElement\":[{\"@type\":\"ListItem\",\"position\":1,\"name\":\"Portada\",\"item\":\"https:\/\/empresas.infoempleo.com\/hrtrends\/\"},{\"@type\":\"ListItem\",\"position\":2,\"name\":\"Marketing y coronavirus: c\u00f3mo adaptar la estrategia en medio de la crisis\"}]},{\"@type\":\"WebSite\",\"@id\":\"https:\/\/empresas.infoempleo.com\/hrtrends\/#website\",\"url\":\"https:\/\/empresas.infoempleo.com\/hrtrends\",\"name\":\"HRTrends by Infoempleo\",\"description\":\"\",\"publisher\":{\"@id\":\"https:\/\/empresas.infoempleo.com\/hrtrends\/#organization\"},\"potentialAction\":{\"@type\":\"SearchAction\",\"target\":\"https:\/\/empresas.infoempleo.com\/hrtrends\/?s={search_term_string}\",\"query-input\":\"required name=search_term_string\"},\"inLanguage\":\"es\"},{\"@type\":\"Organization\",\"@id\":\"https:\/\/empresas.infoempleo.com\/hrtrends\/#organization\",\"name\":\"Infoempleo\",\"url\":\"https:\/\/www.infoempleo.com\/\",\"logo\":{\"@type\":\"ImageObject\",\"@id\":\"https:\/\/empresas.infoempleo.com\/hrtrends\/#logo\",\"inLanguage\":\"es\",\"url\":\"https:\/\/cdnazure.infoempleo.com\/infoempleo\/assets\/style\/gfx\/logo.svg\",\"contentUrl\":\"https:\/\/cdnazure.infoempleo.com\/infoempleo\/assets\/style\/gfx\/logo.svg\",\"width\":150,\"height\":40,\"caption\":\"Infoempleo\"},\"image\":{\"@id\":\"https:\/\/empresas.infoempleo.com\/hrtrends\/#logo\"},\"sameAs\":[\"https:\/\/www.facebook.com\/Infoempleo\",\"https:\/\/x.com\/infoempleo\",\"http:\/\/instagram.com\/infoempleo\/\",\"http:\/\/www.linkedin.com\/groups\/Empleo-Espa\u00f1a-Infoempleocom-111276\",\"http:\/\/pinterest.com\/infoempleo\/\"],\"address\":{\"@type\":\"PostalAddress\",\"addressLocality\":\"Madrid\",\"postalCode\":\"28050\",\"streetAddress\":\"Avenida de Burgos 114\"},\"brand\":[\"Infoempleo\"]},{\"@type\":\"Person\",\"@id\":\"https:\/\/empresas.infoempleo.com\/hrtrends\/#\/schema\/person\/67d3e276ffcc8b3ae0ebec816daf775a\",\"name\":\"infoempleo\",\"image\":{\"@type\":\"ImageObject\",\"inLanguage\":\"es\",\"@id\":\"https:\/\/empresas.infoempleo.com\/hrtrends\/#\/schema\/person\/image\/\",\"url\":\"https:\/\/secure.gravatar.com\/avatar\/7b437777242fe67d2473c2a818da2344692d1ee91e91080ccffbd97bcd4a0975?s=96&d=mm&r=g\",\"contentUrl\":\"https:\/\/secure.gravatar.com\/avatar\/7b437777242fe67d2473c2a818da2344692d1ee91e91080ccffbd97bcd4a0975?s=96&d=mm&r=g\",\"caption\":\"infoempleo\"},\"url\":\"https:\/\/empresas.infoempleo.com\/hrtrends\/author\/infoempleo\/\"}]}<\/script>\n<!-- \/ Yoast SEO plugin. -->","yoast_head_json":{"title":"Marketing y coronavirus: c\u00f3mo adaptar la estrategia | HRTRENDS","description":"Marketing y coronavirus: descubre c\u00f3mo adaptar tu estrategia a la crisis para convertirla en una oportunidad para mejorar","robots":{"index":"index","follow":"follow","max-snippet":"max-snippet:-1","max-image-preview":"max-image-preview:large","max-video-preview":"max-video-preview:-1"},"canonical":"https:\/\/empresas.infoempleo.com\/hrtrends\/marketing-y-coronavirus-como-adaptar-la-estrategia-en-medio-de-la-crisis\/","og_locale":"es_ES","og_type":"article","og_title":"Marketing y coronavirus: c\u00f3mo adaptar la estrategia | HRTRENDS","og_description":"Marketing y coronavirus: descubre c\u00f3mo adaptar tu estrategia a la crisis para convertirla en una oportunidad para mejorar","og_url":"https:\/\/empresas.infoempleo.com\/hrtrends\/marketing-y-coronavirus-como-adaptar-la-estrategia-en-medio-de-la-crisis\/","og_site_name":"HRTRENDS","article_publisher":"https:\/\/www.facebook.com\/Infoempleo","article_published_time":"2020-09-23T05:30:58+00:00","og_image":[{"width":980,"height":602,"url":"https:\/\/empresas.infoempleo.com\/hrtrends\/media\/2020\/09\/HRTrends-marketing-y-coronavirus.jpg","type":"image\/jpeg"}],"author":"infoempleo","twitter_card":"summary_large_image","twitter_creator":"@infoempleo","twitter_site":"@infoempleo","twitter_misc":{"Escrito por":"infoempleo","Tiempo de lectura":"3 minutos"},"schema":{"@context":"https:\/\/schema.org","@graph":[{"@type":"NewsArticle","@id":"https:\/\/empresas.infoempleo.com\/hrtrends\/marketing-y-coronavirus-como-adaptar-la-estrategia-en-medio-de-la-crisis\/#article","isPartOf":{"@id":"https:\/\/empresas.infoempleo.com\/hrtrends\/marketing-y-coronavirus-como-adaptar-la-estrategia-en-medio-de-la-crisis\/"},"author":{"name":"infoempleo","@id":"https:\/\/empresas.infoempleo.com\/hrtrends\/#\/schema\/person\/67d3e276ffcc8b3ae0ebec816daf775a"},"headline":"Marketing y coronavirus: c\u00f3mo adaptar la estrategia en medio de la crisis","datePublished":"2020-09-23T05:30:58+00:00","mainEntityOfPage":{"@id":"https:\/\/empresas.infoempleo.com\/hrtrends\/marketing-y-coronavirus-como-adaptar-la-estrategia-en-medio-de-la-crisis\/"},"wordCount":617,"publisher":{"@id":"https:\/\/empresas.infoempleo.com\/hrtrends\/#organization"},"image":{"@id":"https:\/\/empresas.infoempleo.com\/hrtrends\/marketing-y-coronavirus-como-adaptar-la-estrategia-en-medio-de-la-crisis\/#primaryimage"},"thumbnailUrl":"https:\/\/empresas.infoempleo.com\/hrtrends\/media\/2020\/09\/HRTrends-marketing-y-coronavirus.jpg","keywords":["coronavirus","estrategias","marca"],"articleSection":["Actualidad"],"inLanguage":"es","copyrightYear":"2020","copyrightHolder":{"@id":"https:\/\/empresas.infoempleo.com\/hrtrends\/#organization"}},{"@type":"WebPage","@id":"https:\/\/empresas.infoempleo.com\/hrtrends\/marketing-y-coronavirus-como-adaptar-la-estrategia-en-medio-de-la-crisis\/","url":"https:\/\/empresas.infoempleo.com\/hrtrends\/marketing-y-coronavirus-como-adaptar-la-estrategia-en-medio-de-la-crisis\/","name":"Marketing y coronavirus: c\u00f3mo adaptar la estrategia | HRTRENDS","isPartOf":{"@id":"https:\/\/empresas.infoempleo.com\/hrtrends\/#website"},"primaryImageOfPage":{"@id":"https:\/\/empresas.infoempleo.com\/hrtrends\/marketing-y-coronavirus-como-adaptar-la-estrategia-en-medio-de-la-crisis\/#primaryimage"},"image":{"@id":"https:\/\/empresas.infoempleo.com\/hrtrends\/marketing-y-coronavirus-como-adaptar-la-estrategia-en-medio-de-la-crisis\/#primaryimage"},"thumbnailUrl":"https:\/\/empresas.infoempleo.com\/hrtrends\/media\/2020\/09\/HRTrends-marketing-y-coronavirus.jpg","datePublished":"2020-09-23T05:30:58+00:00","description":"Marketing y coronavirus: descubre c\u00f3mo adaptar tu estrategia a la crisis para convertirla en una oportunidad para mejorar","breadcrumb":{"@id":"https:\/\/empresas.infoempleo.com\/hrtrends\/marketing-y-coronavirus-como-adaptar-la-estrategia-en-medio-de-la-crisis\/#breadcrumb"},"inLanguage":"es","potentialAction":[{"@type":"ReadAction","target":["https:\/\/empresas.infoempleo.com\/hrtrends\/marketing-y-coronavirus-como-adaptar-la-estrategia-en-medio-de-la-crisis\/"]}]},{"@type":"ImageObject","inLanguage":"es","@id":"https:\/\/empresas.infoempleo.com\/hrtrends\/marketing-y-coronavirus-como-adaptar-la-estrategia-en-medio-de-la-crisis\/#primaryimage","url":"https:\/\/empresas.infoempleo.com\/hrtrends\/media\/2020\/09\/HRTrends-marketing-y-coronavirus-150x150.jpg","contentUrl":"https:\/\/empresas.infoempleo.com\/hrtrends\/media\/2020\/09\/HRTrends-marketing-y-coronavirus-150x150.jpg","width":150,"height":150},{"@type":"BreadcrumbList","@id":"https:\/\/empresas.infoempleo.com\/hrtrends\/marketing-y-coronavirus-como-adaptar-la-estrategia-en-medio-de-la-crisis\/#breadcrumb","itemListElement":[{"@type":"ListItem","position":1,"name":"Portada","item":"https:\/\/empresas.infoempleo.com\/hrtrends\/"},{"@type":"ListItem","position":2,"name":"Marketing y coronavirus: c\u00f3mo adaptar la estrategia en medio de la crisis"}]},{"@type":"WebSite","@id":"https:\/\/empresas.infoempleo.com\/hrtrends\/#website","url":"https:\/\/empresas.infoempleo.com\/hrtrends","name":"HRTrends by Infoempleo","description":"","publisher":{"@id":"https:\/\/empresas.infoempleo.com\/hrtrends\/#organization"},"potentialAction":{"@type":"SearchAction","target":"https:\/\/empresas.infoempleo.com\/hrtrends\/?s={search_term_string}","query-input":"required name=search_term_string"},"inLanguage":"es"},{"@type":"Organization","@id":"https:\/\/empresas.infoempleo.com\/hrtrends\/#organization","name":"Infoempleo","url":"https:\/\/www.infoempleo.com\/","logo":{"@type":"ImageObject","@id":"https:\/\/empresas.infoempleo.com\/hrtrends\/#logo","inLanguage":"es","url":"https:\/\/cdnazure.infoempleo.com\/infoempleo\/assets\/style\/gfx\/logo.svg","contentUrl":"https:\/\/cdnazure.infoempleo.com\/infoempleo\/assets\/style\/gfx\/logo.svg","width":150,"height":40,"caption":"Infoempleo"},"image":{"@id":"https:\/\/empresas.infoempleo.com\/hrtrends\/#logo"},"sameAs":["https:\/\/www.facebook.com\/Infoempleo","https:\/\/x.com\/infoempleo","http:\/\/instagram.com\/infoempleo\/","http:\/\/www.linkedin.com\/groups\/Empleo-Espa\u00f1a-Infoempleocom-111276","http:\/\/pinterest.com\/infoempleo\/"],"address":{"@type":"PostalAddress","addressLocality":"Madrid","postalCode":"28050","streetAddress":"Avenida de Burgos 114"},"brand":["Infoempleo"]},{"@type":"Person","@id":"https:\/\/empresas.infoempleo.com\/hrtrends\/#\/schema\/person\/67d3e276ffcc8b3ae0ebec816daf775a","name":"infoempleo","image":{"@type":"ImageObject","inLanguage":"es","@id":"https:\/\/empresas.infoempleo.com\/hrtrends\/#\/schema\/person\/image\/","url":"https:\/\/secure.gravatar.com\/avatar\/7b437777242fe67d2473c2a818da2344692d1ee91e91080ccffbd97bcd4a0975?s=96&d=mm&r=g","contentUrl":"https:\/\/secure.gravatar.com\/avatar\/7b437777242fe67d2473c2a818da2344692d1ee91e91080ccffbd97bcd4a0975?s=96&d=mm&r=g","caption":"infoempleo"},"url":"https:\/\/empresas.infoempleo.com\/hrtrends\/author\/infoempleo\/"}]}},"amp_enabled":true,"_links":{"self":[{"href":"https:\/\/empresas.infoempleo.com\/hrtrends\/wp-json\/wp\/v2\/posts\/37844","targetHints":{"allow":["GET"]}}],"collection":[{"href":"https:\/\/empresas.infoempleo.com\/hrtrends\/wp-json\/wp\/v2\/posts"}],"about":[{"href":"https:\/\/empresas.infoempleo.com\/hrtrends\/wp-json\/wp\/v2\/types\/post"}],"author":[{"embeddable":true,"href":"https:\/\/empresas.infoempleo.com\/hrtrends\/wp-json\/wp\/v2\/users\/72"}],"replies":[{"embeddable":true,"href":"https:\/\/empresas.infoempleo.com\/hrtrends\/wp-json\/wp\/v2\/comments?post=37844"}],"version-history":[{"count":1,"href":"https:\/\/empresas.infoempleo.com\/hrtrends\/wp-json\/wp\/v2\/posts\/37844\/revisions"}],"predecessor-version":[{"id":37845,"href":"https:\/\/empresas.infoempleo.com\/hrtrends\/wp-json\/wp\/v2\/posts\/37844\/revisions\/37845"}],"wp:featuredmedia":[{"embeddable":true,"href":"https:\/\/empresas.infoempleo.com\/hrtrends\/wp-json\/wp\/v2\/media\/37847"}],"wp:attachment":[{"href":"https:\/\/empresas.infoempleo.com\/hrtrends\/wp-json\/wp\/v2\/media?parent=37844"}],"wp:term":[{"taxonomy":"category","embeddable":true,"href":"https:\/\/empresas.infoempleo.com\/hrtrends\/wp-json\/wp\/v2\/categories?post=37844"},{"taxonomy":"post_tag","embeddable":true,"href":"https:\/\/empresas.infoempleo.com\/hrtrends\/wp-json\/wp\/v2\/tags?post=37844"}],"curies":[{"name":"wp","href":"https:\/\/api.w.org\/{rel}","templated":true}]}}