{"id":37770,"date":"2020-09-07T07:30:33","date_gmt":"2020-09-07T05:30:33","guid":{"rendered":"https:\/\/empresas.infoempleo.com\/hrtrends\/?p=37770"},"modified":"2020-08-21T13:06:12","modified_gmt":"2020-08-21T11:06:12","slug":"uso-de-mascarillas-y-mamparas-en-el-trabajo","status":"publish","type":"post","link":"https:\/\/empresas.infoempleo.com\/hrtrends\/uso-de-mascarillas-y-mamparas-en-el-trabajo\/","title":{"rendered":"\u00bfEs obligatorio el uso de mascarillas e instalar mamparas en el trabajo?"},"content":{"rendered":"<p><span style=\"font-weight: 400;\">La<\/span><b> alerta sanitaria <\/b><span style=\"font-weight: 400;\">provocada por el<\/span><b> Covid-19<\/b><span style=\"font-weight: 400;\"> ha obligado a <\/span>aumentar las <b>medidas de prevenci\u00f3n <\/b><span style=\"font-weight: 400;\"><strong>en el<\/strong> <\/span><b>trabajo<\/b><span style=\"font-weight: 400;\"> para asegurar la salud de los trabajadores. La nueva normalidad ha tra\u00eddo consigo medidas que garantizan <\/span>la<b> protecci\u00f3n de los trabajadores<\/b><span style=\"font-weight: 400;\">. Sin embargo, son muchos los profesionales que todav\u00eda tienen dudas acerca de si <\/span><b>es obligatorio el uso de mascarillas <\/b>durante la jornada laboral<span style=\"font-weight: 400;\">, si las tiene que proporcionar la empresa, o si la compa\u00f1\u00eda est\u00e1 obligada a <\/span><b>instalar mamparas en el trabajo<\/b><span style=\"font-weight: 400;\">.<\/span><\/p>\n<p><span style=\"font-weight: 400;\">Las<\/span><b> empresas <\/b><strong>est\u00e1n obligadas a<\/strong> <a href=\"https:\/\/empresas.infoempleo.com\/hrtrends\/la-salud-laboral\"><b>velar por la salud de sus trabajadores<\/b><\/a><span style=\"font-weight: 400;\">, algo que adquiere su m\u00e1xima expresi\u00f3n en tiempos de pandemia. En este caso, y para evitar los contagios hasta que aparezca una cura o un remedio efectivo para hacer frente al coronavirus, el <\/span><b>distanciamiento interpersonal<\/b><span style=\"font-weight: 400;\"> y <\/span><b>la constante higiene<\/b><span style=\"font-weight: 400;\">\u00a0se confirman como las<\/span><b> f\u00f3rmulas m\u00e1s efectivas <\/b><span style=\"font-weight: 400;\">para protegerse contra el Covid-19.<\/span><\/p>\n<h2>Instalar mamparas en el trabajo<\/h2>\n<p><b>Instalar mamparas en el trabajo <\/b><span style=\"font-weight: 400;\">es una de las medidas que han comenzado a tomar algunas empresas. Habitualmente se realiza cuando el espacio disponible, pese a los turnos rotatorios, no puede garantizar los <\/span><b>dos metros como m\u00ednimo <\/b><span style=\"font-weight: 400;\">que se consideran necesarios para<\/span><b> trabajar con seguridad<\/b><span style=\"font-weight: 400;\">.\u00a0<\/span><\/p>\n<p><span style=\"font-weight: 400;\">Asimismo, instalar mamparas en el trabajo es cada vez<\/span><b> m\u00e1s habitual <\/b><span style=\"font-weight: 400;\">cuando los<\/span><b> trabajadores <\/b><span style=\"font-weight: 400;\">realizan su <\/span><b>jornada de cara al p\u00fablico<\/b><span style=\"font-weight: 400;\">. En estos casos, las mamparas, que suelen ser de <\/span><b>metacrilato o de cristal<\/b><span style=\"font-weight: 400;\">, act\u00faan de barrera intermedia, <\/span><b>disminuyendo el riesgo de contagio.<\/b><\/p>\n<p><span style=\"font-weight: 400;\">Algunas de las <\/span><b>ventajas<\/b><span style=\"font-weight: 400;\"> que tienen las mamparas es la<\/span><b> r\u00e1pida instalaci\u00f3n<\/b><span style=\"font-weight: 400;\">, la <\/span><b>sensaci\u00f3n<\/b><span style=\"font-weight: 400;\"> de mantener los <\/span><b>espacios di\u00e1fanos<\/b><span style=\"font-weight: 400;\"> al ser transparentes, la <\/span><b>flexibilidad<\/b><span style=\"font-weight: 400;\"> de realizarse a la medida de cada necesidad y la capacidad de <\/span><b>aprovechar la luz natural.<\/b><\/p>\n<h2>\u00bfEs obligatorio el uso de mascarillas?<\/h2>\n<p><span style=\"font-weight: 400;\">En la nueva normalidad tambi\u00e9n est\u00e1 <\/span><b>generalizado<\/b><span style=\"font-weight: 400;\"> el <\/span><b>uso de mascarillas <\/b><span style=\"font-weight: 400;\">para<\/span><b> protegerse y evitar<\/b><span style=\"font-weight: 400;\"> la <\/span><b>propagaci\u00f3n del coronavirus<\/b><span style=\"font-weight: 400;\">. Esta medida es <\/span><b>necesaria<\/b><span style=\"font-weight: 400;\"> especialmente en<\/span><b> espacios interiores,<\/b><span style=\"font-weight: 400;\"> y en donde haya una <\/span><b>concentraci\u00f3n elevada de personas.<\/b><\/p>\n<p><span style=\"font-weight: 400;\">En aquellos centros de trabajo donde <\/span><b>no se pueda garantizar la distancia de seguridad<\/b><span style=\"font-weight: 400;\"> de dos metros es <\/span><b>obligatorio el uso de mascarillas<\/b><span style=\"font-weight: 400;\">. En estos casos, la<\/span><b> empresa tiene que proporcionar los equipos de protecci\u00f3n<\/b> <b>a sus trabajadores.<\/b><\/p>\n<p><span style=\"font-weight: 400;\">La normativa establece que la compa\u00f1\u00eda debe tener permanentemente a disposici\u00f3n de todos los trabajadores \u00ab<\/span><b>geles hidroalcoh\u00f3licos<\/b><span style=\"font-weight: 400;\"> o <\/span><b>desinfectantes con actividad virucida <\/b><span style=\"font-weight: 400;\">autorizados y registrados por el Ministerio de Sanidad para la limpieza de manos, o por \u00faltimo la disposici\u00f3n de <\/span><b>jab\u00f3n l\u00edquido\u00bb<\/b><span style=\"font-weight: 400;\">.\u00a0<\/span><\/p>\n<p><span style=\"font-weight: 400;\">Adem\u00e1s, se\u00f1ala que \u201ccuando no pueda garantizarse la distancia de seguridad interpersonal de aproximadamente dos metros se asegurar\u00e1 que los trabajadores dispongan de <\/span><b>equipos de protecci\u00f3n adecuados al nivel de riesgo<\/b><span style=\"font-weight: 400;\">\u201d. El Ministerio <\/span><b>recomienda <\/b><span style=\"font-weight: 400;\">utilizar<\/span><b> mascarillas desechables <\/b><span style=\"font-weight: 400;\">y, en el caso de que la<\/span><b> distancia sea inferior a un metro, mascarilla FFP2<\/b><span style=\"font-weight: 400;\">. Si hay <\/span><b>contacto entre el personal<\/b><span style=\"font-weight: 400;\">, la <\/span><b>mascarilla<\/b><span style=\"font-weight: 400;\"> m\u00e1s recomendable ser\u00eda una <\/span><b>FFP3<\/b><span style=\"font-weight: 400;\">.\u00a0<\/span><\/p>\n","protected":false},"excerpt":{"rendered":"<p>La alerta sanitaria provocada por el Covid-19 ha obligado a aumentar las medidas de prevenci\u00f3n en el trabajo<a class=\"moretag\" href=\"https:\/\/empresas.infoempleo.com\/hrtrends\/uso-de-mascarillas-y-mamparas-en-el-trabajo\/\"> Leer m\u00e1s<\/a><\/p>\n","protected":false},"author":122,"featured_media":37774,"comment_status":"closed","ping_status":"closed","sticky":false,"template":"","format":"standard","meta":{"footnotes":""},"categories":[3],"tags":[3361,995,1931],"class_list":["post-37770","post","type-post","status-publish","format-standard","has-post-thumbnail","hentry","category-actualidad","tag-covid-19","tag-prevencion","tag-seguridad-en-el-trabajo"],"yoast_head":"<!-- This site is optimized with the Yoast SEO plugin v26.1.1 - https:\/\/yoast.com\/wordpress\/plugins\/seo\/ -->\n<title>\u00bfEs obligatorio usar mascarillas y mamparas en la oficina? | HRTRENDS<\/title>\n<meta name=\"description\" content=\"Es normal que muchas personas se pregunten si es obligatorio el uso de mascarillas e instalar mamparas en el trabajo. \u00a1Descubre qu\u00e9 dice la ley!\" \/>\n<meta name=\"robots\" content=\"index, follow, max-snippet:-1, max-image-preview:large, max-video-preview:-1\" \/>\n<link rel=\"canonical\" href=\"https:\/\/empresas.infoempleo.com\/hrtrends\/uso-de-mascarillas-y-mamparas-en-el-trabajo\/\" \/>\n<meta property=\"og:locale\" content=\"es_ES\" \/>\n<meta property=\"og:type\" content=\"article\" \/>\n<meta property=\"og:title\" content=\"\u00bfEs obligatorio usar mascarillas y mamparas en la oficina? | HRTRENDS\" \/>\n<meta property=\"og:description\" content=\"Es normal que muchas personas se pregunten si es obligatorio el uso de mascarillas e instalar mamparas en el trabajo. \u00a1Descubre qu\u00e9 dice la ley!\" \/>\n<meta property=\"og:url\" content=\"https:\/\/empresas.infoempleo.com\/hrtrends\/uso-de-mascarillas-y-mamparas-en-el-trabajo\/\" \/>\n<meta property=\"og:site_name\" content=\"HRTRENDS\" \/>\n<meta property=\"article:publisher\" content=\"https:\/\/www.facebook.com\/Infoempleo\" \/>\n<meta property=\"article:published_time\" content=\"2020-09-07T05:30:33+00:00\" \/>\n<meta property=\"og:image\" content=\"https:\/\/empresas.infoempleo.com\/hrtrends\/media\/2020\/08\/HRTrends-cuando-es-obligatorio-el-uso-de-mascarillas-e-instalar-mamparas-en-el-trabajo.jpg\" \/>\n\t<meta property=\"og:image:width\" content=\"980\" \/>\n\t<meta property=\"og:image:height\" content=\"600\" \/>\n\t<meta property=\"og:image:type\" content=\"image\/jpeg\" \/>\n<meta name=\"author\" content=\"Adriana M.\" \/>\n<meta name=\"twitter:card\" content=\"summary_large_image\" \/>\n<meta name=\"twitter:creator\" content=\"@infoempleo\" \/>\n<meta name=\"twitter:site\" content=\"@infoempleo\" \/>\n<meta name=\"twitter:label1\" content=\"Escrito por\" \/>\n\t<meta name=\"twitter:data1\" content=\"Adriana M.\" \/>\n\t<meta name=\"twitter:label2\" content=\"Tiempo de lectura\" \/>\n\t<meta name=\"twitter:data2\" content=\"2 minutos\" \/>\n<script type=\"application\/ld+json\" class=\"yoast-schema-graph\">{\"@context\":\"https:\/\/schema.org\",\"@graph\":[{\"@type\":\"NewsArticle\",\"@id\":\"https:\/\/empresas.infoempleo.com\/hrtrends\/uso-de-mascarillas-y-mamparas-en-el-trabajo\/#article\",\"isPartOf\":{\"@id\":\"https:\/\/empresas.infoempleo.com\/hrtrends\/uso-de-mascarillas-y-mamparas-en-el-trabajo\/\"},\"author\":{\"name\":\"Adriana M.\",\"@id\":\"https:\/\/empresas.infoempleo.com\/hrtrends\/#\/schema\/person\/b1dd51edbb566a47cd8f7513fa73d223\"},\"headline\":\"\u00bfEs obligatorio el uso de mascarillas e instalar mamparas en el trabajo?\",\"datePublished\":\"2020-09-07T05:30:33+00:00\",\"mainEntityOfPage\":{\"@id\":\"https:\/\/empresas.infoempleo.com\/hrtrends\/uso-de-mascarillas-y-mamparas-en-el-trabajo\/\"},\"wordCount\":510,\"publisher\":{\"@id\":\"https:\/\/empresas.infoempleo.com\/hrtrends\/#organization\"},\"image\":{\"@id\":\"https:\/\/empresas.infoempleo.com\/hrtrends\/uso-de-mascarillas-y-mamparas-en-el-trabajo\/#primaryimage\"},\"thumbnailUrl\":\"https:\/\/empresas.infoempleo.com\/hrtrends\/media\/2020\/08\/HRTrends-cuando-es-obligatorio-el-uso-de-mascarillas-e-instalar-mamparas-en-el-trabajo.jpg\",\"keywords\":[\"COVID-19\",\"prevenci\u00f3n\",\"seguridad en el trabajo\"],\"articleSection\":[\"Actualidad\"],\"inLanguage\":\"es\",\"copyrightYear\":\"2020\",\"copyrightHolder\":{\"@id\":\"https:\/\/empresas.infoempleo.com\/hrtrends\/#organization\"}},{\"@type\":\"WebPage\",\"@id\":\"https:\/\/empresas.infoempleo.com\/hrtrends\/uso-de-mascarillas-y-mamparas-en-el-trabajo\/\",\"url\":\"https:\/\/empresas.infoempleo.com\/hrtrends\/uso-de-mascarillas-y-mamparas-en-el-trabajo\/\",\"name\":\"\u00bfEs obligatorio usar mascarillas y mamparas en la oficina? | HRTRENDS\",\"isPartOf\":{\"@id\":\"https:\/\/empresas.infoempleo.com\/hrtrends\/#website\"},\"primaryImageOfPage\":{\"@id\":\"https:\/\/empresas.infoempleo.com\/hrtrends\/uso-de-mascarillas-y-mamparas-en-el-trabajo\/#primaryimage\"},\"image\":{\"@id\":\"https:\/\/empresas.infoempleo.com\/hrtrends\/uso-de-mascarillas-y-mamparas-en-el-trabajo\/#primaryimage\"},\"thumbnailUrl\":\"https:\/\/empresas.infoempleo.com\/hrtrends\/media\/2020\/08\/HRTrends-cuando-es-obligatorio-el-uso-de-mascarillas-e-instalar-mamparas-en-el-trabajo.jpg\",\"datePublished\":\"2020-09-07T05:30:33+00:00\",\"description\":\"Es normal que muchas personas se pregunten si es obligatorio el uso de mascarillas e instalar mamparas en el trabajo. \u00a1Descubre qu\u00e9 dice la ley!\",\"breadcrumb\":{\"@id\":\"https:\/\/empresas.infoempleo.com\/hrtrends\/uso-de-mascarillas-y-mamparas-en-el-trabajo\/#breadcrumb\"},\"inLanguage\":\"es\",\"potentialAction\":[{\"@type\":\"ReadAction\",\"target\":[\"https:\/\/empresas.infoempleo.com\/hrtrends\/uso-de-mascarillas-y-mamparas-en-el-trabajo\/\"]}]},{\"@type\":\"ImageObject\",\"inLanguage\":\"es\",\"@id\":\"https:\/\/empresas.infoempleo.com\/hrtrends\/uso-de-mascarillas-y-mamparas-en-el-trabajo\/#primaryimage\",\"url\":\"https:\/\/empresas.infoempleo.com\/hrtrends\/media\/2020\/08\/HRTrends-cuando-es-obligatorio-el-uso-de-mascarillas-e-instalar-mamparas-en-el-trabajo-150x150.jpg\",\"contentUrl\":\"https:\/\/empresas.infoempleo.com\/hrtrends\/media\/2020\/08\/HRTrends-cuando-es-obligatorio-el-uso-de-mascarillas-e-instalar-mamparas-en-el-trabajo-150x150.jpg\",\"width\":150,\"height\":150},{\"@type\":\"BreadcrumbList\",\"@id\":\"https:\/\/empresas.infoempleo.com\/hrtrends\/uso-de-mascarillas-y-mamparas-en-el-trabajo\/#breadcrumb\",\"itemListElement\":[{\"@type\":\"ListItem\",\"position\":1,\"name\":\"Portada\",\"item\":\"https:\/\/empresas.infoempleo.com\/hrtrends\/\"},{\"@type\":\"ListItem\",\"position\":2,\"name\":\"\u00bfEs obligatorio el uso de mascarillas e instalar mamparas en el trabajo?\"}]},{\"@type\":\"WebSite\",\"@id\":\"https:\/\/empresas.infoempleo.com\/hrtrends\/#website\",\"url\":\"https:\/\/empresas.infoempleo.com\/hrtrends\",\"name\":\"HRTrends by Infoempleo\",\"description\":\"\",\"publisher\":{\"@id\":\"https:\/\/empresas.infoempleo.com\/hrtrends\/#organization\"},\"potentialAction\":{\"@type\":\"SearchAction\",\"target\":\"https:\/\/empresas.infoempleo.com\/hrtrends\/?s={search_term_string}\",\"query-input\":\"required name=search_term_string\"},\"inLanguage\":\"es\"},{\"@type\":\"Organization\",\"@id\":\"https:\/\/empresas.infoempleo.com\/hrtrends\/#organization\",\"name\":\"Infoempleo\",\"url\":\"https:\/\/www.infoempleo.com\/\",\"logo\":{\"@type\":\"ImageObject\",\"@id\":\"https:\/\/empresas.infoempleo.com\/hrtrends\/#logo\",\"inLanguage\":\"es\",\"url\":\"https:\/\/cdnazure.infoempleo.com\/infoempleo\/assets\/style\/gfx\/logo.svg\",\"contentUrl\":\"https:\/\/cdnazure.infoempleo.com\/infoempleo\/assets\/style\/gfx\/logo.svg\",\"width\":150,\"height\":40,\"caption\":\"Infoempleo\"},\"image\":{\"@id\":\"https:\/\/empresas.infoempleo.com\/hrtrends\/#logo\"},\"sameAs\":[\"https:\/\/www.facebook.com\/Infoempleo\",\"https:\/\/x.com\/infoempleo\",\"http:\/\/instagram.com\/infoempleo\/\",\"http:\/\/www.linkedin.com\/groups\/Empleo-Espa\u00f1a-Infoempleocom-111276\",\"http:\/\/pinterest.com\/infoempleo\/\"],\"address\":{\"@type\":\"PostalAddress\",\"addressLocality\":\"Madrid\",\"postalCode\":\"28050\",\"streetAddress\":\"Avenida de Burgos 114\"},\"brand\":[\"Infoempleo\"]},{\"@type\":\"Person\",\"@id\":\"https:\/\/empresas.infoempleo.com\/hrtrends\/#\/schema\/person\/b1dd51edbb566a47cd8f7513fa73d223\",\"name\":\"Adriana M.\",\"image\":{\"@type\":\"ImageObject\",\"inLanguage\":\"es\",\"@id\":\"https:\/\/empresas.infoempleo.com\/hrtrends\/#\/schema\/person\/image\/\",\"url\":\"https:\/\/secure.gravatar.com\/avatar\/243f7dd7e1db0ad0e9791be05df7d72ba5c8bf338408591753bae2fe87dae18d?s=96&d=mm&r=g\",\"contentUrl\":\"https:\/\/secure.gravatar.com\/avatar\/243f7dd7e1db0ad0e9791be05df7d72ba5c8bf338408591753bae2fe87dae18d?s=96&d=mm&r=g\",\"caption\":\"Adriana M.\"},\"description\":\"Periodista y experta en Comunicaci\u00f3n Audiovisual y Narrativa. Me encanta escribir y narrar lo que pasa a mi alrededor es mi pasi\u00f3n.\",\"url\":\"https:\/\/empresas.infoempleo.com\/hrtrends\/author\/adriana-kanvas\/\"}]}<\/script>\n<!-- \/ Yoast SEO plugin. -->","yoast_head_json":{"title":"\u00bfEs obligatorio usar mascarillas y mamparas en la oficina? | HRTRENDS","description":"Es normal que muchas personas se pregunten si es obligatorio el uso de mascarillas e instalar mamparas en el trabajo. \u00a1Descubre qu\u00e9 dice la ley!","robots":{"index":"index","follow":"follow","max-snippet":"max-snippet:-1","max-image-preview":"max-image-preview:large","max-video-preview":"max-video-preview:-1"},"canonical":"https:\/\/empresas.infoempleo.com\/hrtrends\/uso-de-mascarillas-y-mamparas-en-el-trabajo\/","og_locale":"es_ES","og_type":"article","og_title":"\u00bfEs obligatorio usar mascarillas y mamparas en la oficina? | HRTRENDS","og_description":"Es normal que muchas personas se pregunten si es obligatorio el uso de mascarillas e instalar mamparas en el trabajo. \u00a1Descubre qu\u00e9 dice la ley!","og_url":"https:\/\/empresas.infoempleo.com\/hrtrends\/uso-de-mascarillas-y-mamparas-en-el-trabajo\/","og_site_name":"HRTRENDS","article_publisher":"https:\/\/www.facebook.com\/Infoempleo","article_published_time":"2020-09-07T05:30:33+00:00","og_image":[{"width":980,"height":600,"url":"https:\/\/empresas.infoempleo.com\/hrtrends\/media\/2020\/08\/HRTrends-cuando-es-obligatorio-el-uso-de-mascarillas-e-instalar-mamparas-en-el-trabajo.jpg","type":"image\/jpeg"}],"author":"Adriana M.","twitter_card":"summary_large_image","twitter_creator":"@infoempleo","twitter_site":"@infoempleo","twitter_misc":{"Escrito por":"Adriana M.","Tiempo de lectura":"2 minutos"},"schema":{"@context":"https:\/\/schema.org","@graph":[{"@type":"NewsArticle","@id":"https:\/\/empresas.infoempleo.com\/hrtrends\/uso-de-mascarillas-y-mamparas-en-el-trabajo\/#article","isPartOf":{"@id":"https:\/\/empresas.infoempleo.com\/hrtrends\/uso-de-mascarillas-y-mamparas-en-el-trabajo\/"},"author":{"name":"Adriana M.","@id":"https:\/\/empresas.infoempleo.com\/hrtrends\/#\/schema\/person\/b1dd51edbb566a47cd8f7513fa73d223"},"headline":"\u00bfEs obligatorio el uso de mascarillas e instalar mamparas en el trabajo?","datePublished":"2020-09-07T05:30:33+00:00","mainEntityOfPage":{"@id":"https:\/\/empresas.infoempleo.com\/hrtrends\/uso-de-mascarillas-y-mamparas-en-el-trabajo\/"},"wordCount":510,"publisher":{"@id":"https:\/\/empresas.infoempleo.com\/hrtrends\/#organization"},"image":{"@id":"https:\/\/empresas.infoempleo.com\/hrtrends\/uso-de-mascarillas-y-mamparas-en-el-trabajo\/#primaryimage"},"thumbnailUrl":"https:\/\/empresas.infoempleo.com\/hrtrends\/media\/2020\/08\/HRTrends-cuando-es-obligatorio-el-uso-de-mascarillas-e-instalar-mamparas-en-el-trabajo.jpg","keywords":["COVID-19","prevenci\u00f3n","seguridad en el trabajo"],"articleSection":["Actualidad"],"inLanguage":"es","copyrightYear":"2020","copyrightHolder":{"@id":"https:\/\/empresas.infoempleo.com\/hrtrends\/#organization"}},{"@type":"WebPage","@id":"https:\/\/empresas.infoempleo.com\/hrtrends\/uso-de-mascarillas-y-mamparas-en-el-trabajo\/","url":"https:\/\/empresas.infoempleo.com\/hrtrends\/uso-de-mascarillas-y-mamparas-en-el-trabajo\/","name":"\u00bfEs obligatorio usar mascarillas y mamparas en la oficina? | HRTRENDS","isPartOf":{"@id":"https:\/\/empresas.infoempleo.com\/hrtrends\/#website"},"primaryImageOfPage":{"@id":"https:\/\/empresas.infoempleo.com\/hrtrends\/uso-de-mascarillas-y-mamparas-en-el-trabajo\/#primaryimage"},"image":{"@id":"https:\/\/empresas.infoempleo.com\/hrtrends\/uso-de-mascarillas-y-mamparas-en-el-trabajo\/#primaryimage"},"thumbnailUrl":"https:\/\/empresas.infoempleo.com\/hrtrends\/media\/2020\/08\/HRTrends-cuando-es-obligatorio-el-uso-de-mascarillas-e-instalar-mamparas-en-el-trabajo.jpg","datePublished":"2020-09-07T05:30:33+00:00","description":"Es normal que muchas personas se pregunten si es obligatorio el uso de mascarillas e instalar mamparas en el trabajo. \u00a1Descubre qu\u00e9 dice la ley!","breadcrumb":{"@id":"https:\/\/empresas.infoempleo.com\/hrtrends\/uso-de-mascarillas-y-mamparas-en-el-trabajo\/#breadcrumb"},"inLanguage":"es","potentialAction":[{"@type":"ReadAction","target":["https:\/\/empresas.infoempleo.com\/hrtrends\/uso-de-mascarillas-y-mamparas-en-el-trabajo\/"]}]},{"@type":"ImageObject","inLanguage":"es","@id":"https:\/\/empresas.infoempleo.com\/hrtrends\/uso-de-mascarillas-y-mamparas-en-el-trabajo\/#primaryimage","url":"https:\/\/empresas.infoempleo.com\/hrtrends\/media\/2020\/08\/HRTrends-cuando-es-obligatorio-el-uso-de-mascarillas-e-instalar-mamparas-en-el-trabajo-150x150.jpg","contentUrl":"https:\/\/empresas.infoempleo.com\/hrtrends\/media\/2020\/08\/HRTrends-cuando-es-obligatorio-el-uso-de-mascarillas-e-instalar-mamparas-en-el-trabajo-150x150.jpg","width":150,"height":150},{"@type":"BreadcrumbList","@id":"https:\/\/empresas.infoempleo.com\/hrtrends\/uso-de-mascarillas-y-mamparas-en-el-trabajo\/#breadcrumb","itemListElement":[{"@type":"ListItem","position":1,"name":"Portada","item":"https:\/\/empresas.infoempleo.com\/hrtrends\/"},{"@type":"ListItem","position":2,"name":"\u00bfEs obligatorio el uso de mascarillas e instalar mamparas en el trabajo?"}]},{"@type":"WebSite","@id":"https:\/\/empresas.infoempleo.com\/hrtrends\/#website","url":"https:\/\/empresas.infoempleo.com\/hrtrends","name":"HRTrends by Infoempleo","description":"","publisher":{"@id":"https:\/\/empresas.infoempleo.com\/hrtrends\/#organization"},"potentialAction":{"@type":"SearchAction","target":"https:\/\/empresas.infoempleo.com\/hrtrends\/?s={search_term_string}","query-input":"required name=search_term_string"},"inLanguage":"es"},{"@type":"Organization","@id":"https:\/\/empresas.infoempleo.com\/hrtrends\/#organization","name":"Infoempleo","url":"https:\/\/www.infoempleo.com\/","logo":{"@type":"ImageObject","@id":"https:\/\/empresas.infoempleo.com\/hrtrends\/#logo","inLanguage":"es","url":"https:\/\/cdnazure.infoempleo.com\/infoempleo\/assets\/style\/gfx\/logo.svg","contentUrl":"https:\/\/cdnazure.infoempleo.com\/infoempleo\/assets\/style\/gfx\/logo.svg","width":150,"height":40,"caption":"Infoempleo"},"image":{"@id":"https:\/\/empresas.infoempleo.com\/hrtrends\/#logo"},"sameAs":["https:\/\/www.facebook.com\/Infoempleo","https:\/\/x.com\/infoempleo","http:\/\/instagram.com\/infoempleo\/","http:\/\/www.linkedin.com\/groups\/Empleo-Espa\u00f1a-Infoempleocom-111276","http:\/\/pinterest.com\/infoempleo\/"],"address":{"@type":"PostalAddress","addressLocality":"Madrid","postalCode":"28050","streetAddress":"Avenida de Burgos 114"},"brand":["Infoempleo"]},{"@type":"Person","@id":"https:\/\/empresas.infoempleo.com\/hrtrends\/#\/schema\/person\/b1dd51edbb566a47cd8f7513fa73d223","name":"Adriana M.","image":{"@type":"ImageObject","inLanguage":"es","@id":"https:\/\/empresas.infoempleo.com\/hrtrends\/#\/schema\/person\/image\/","url":"https:\/\/secure.gravatar.com\/avatar\/243f7dd7e1db0ad0e9791be05df7d72ba5c8bf338408591753bae2fe87dae18d?s=96&d=mm&r=g","contentUrl":"https:\/\/secure.gravatar.com\/avatar\/243f7dd7e1db0ad0e9791be05df7d72ba5c8bf338408591753bae2fe87dae18d?s=96&d=mm&r=g","caption":"Adriana M."},"description":"Periodista y experta en Comunicaci\u00f3n Audiovisual y Narrativa. Me encanta escribir y narrar lo que pasa a mi alrededor es mi pasi\u00f3n.","url":"https:\/\/empresas.infoempleo.com\/hrtrends\/author\/adriana-kanvas\/"}]}},"amp_enabled":true,"_links":{"self":[{"href":"https:\/\/empresas.infoempleo.com\/hrtrends\/wp-json\/wp\/v2\/posts\/37770","targetHints":{"allow":["GET"]}}],"collection":[{"href":"https:\/\/empresas.infoempleo.com\/hrtrends\/wp-json\/wp\/v2\/posts"}],"about":[{"href":"https:\/\/empresas.infoempleo.com\/hrtrends\/wp-json\/wp\/v2\/types\/post"}],"author":[{"embeddable":true,"href":"https:\/\/empresas.infoempleo.com\/hrtrends\/wp-json\/wp\/v2\/users\/122"}],"replies":[{"embeddable":true,"href":"https:\/\/empresas.infoempleo.com\/hrtrends\/wp-json\/wp\/v2\/comments?post=37770"}],"version-history":[{"count":2,"href":"https:\/\/empresas.infoempleo.com\/hrtrends\/wp-json\/wp\/v2\/posts\/37770\/revisions"}],"predecessor-version":[{"id":37775,"href":"https:\/\/empresas.infoempleo.com\/hrtrends\/wp-json\/wp\/v2\/posts\/37770\/revisions\/37775"}],"wp:featuredmedia":[{"embeddable":true,"href":"https:\/\/empresas.infoempleo.com\/hrtrends\/wp-json\/wp\/v2\/media\/37774"}],"wp:attachment":[{"href":"https:\/\/empresas.infoempleo.com\/hrtrends\/wp-json\/wp\/v2\/media?parent=37770"}],"wp:term":[{"taxonomy":"category","embeddable":true,"href":"https:\/\/empresas.infoempleo.com\/hrtrends\/wp-json\/wp\/v2\/categories?post=37770"},{"taxonomy":"post_tag","embeddable":true,"href":"https:\/\/empresas.infoempleo.com\/hrtrends\/wp-json\/wp\/v2\/tags?post=37770"}],"curies":[{"name":"wp","href":"https:\/\/api.w.org\/{rel}","templated":true}]}}