{"id":37756,"date":"2020-09-02T07:30:19","date_gmt":"2020-09-02T05:30:19","guid":{"rendered":"https:\/\/empresas.infoempleo.com\/hrtrends\/?p=37756"},"modified":"2020-08-20T14:23:02","modified_gmt":"2020-08-20T12:23:02","slug":"colores-para-aumentar-la-productividad-en-el-entorno-laboral","status":"publish","type":"post","link":"https:\/\/empresas.infoempleo.com\/hrtrends\/colores-para-aumentar-la-productividad-en-el-entorno-laboral\/","title":{"rendered":"Colores para aumentar la productividad en el entorno laboral"},"content":{"rendered":"<p><span style=\"font-weight: 400;\">Numerosos estudios han constatado el poder de los <\/span><b>colores <\/b><span style=\"font-weight: 400;\">para<\/span> <a href=\"https:\/\/empresas.infoempleo.com\/hrtrends\/temperatura-oficina\/\"><b>aumentar la productividad<\/b><\/a><b>, el rendimiento y la <\/b><a href=\"https:\/\/empresas.infoempleo.com\/hrtrends\/como-potenciar-la-concentracion-en-el-trabajo\/\"><b>concentraci\u00f3n<\/b><\/a><span style=\"font-weight: 400;\">. El simple hecho de encontrarnos en una estancia con las <\/span><b>paredes pintadas en una u otra tonalidad<\/b><span style=\"font-weight: 400;\"> puede tener <\/span><b>efectos sobre nuestro estado de \u00e1nimo<\/b><span style=\"font-weight: 400;\">.<\/span><\/p>\n<p><span style=\"font-weight: 400;\">Las personas pasan muchas horas en el \u00e1rea de trabajo. En muchas ocasiones, las <\/span><b>funciones<\/b><span style=\"font-weight: 400;\"> que realizan los <\/span><b>trabajadores<\/b><span style=\"font-weight: 400;\"> son <\/span><b>sedentarias<\/b><span style=\"font-weight: 400;\">, lo que implica no moverse de una mesa durante la jornada laboral. En estos casos, cobra <\/span><b>mucha importancia los colores<\/b><span style=\"font-weight: 400;\"> que el empleado puede observar mientras trabaja, ya que podr\u00eda afectar directamente su <\/span><b>estado de \u00e1nimo.<\/b><\/p>\n<h2>Mejores colores para aumentar la productividad<\/h2>\n<p><span style=\"font-weight: 400;\">La <\/span><b>gama de tonalidades<\/b><span style=\"font-weight: 400;\"> es infinita y cada una de ellas puede<\/span><b> influir en la forma de trabajar<\/b><span style=\"font-weight: 400;\">, haciendo la <\/span><b>jornada m\u00e1s fruct\u00edfera, creativa o relajada<\/b><span style=\"font-weight: 400;\">. La elecci\u00f3n de colores en el entorno laboral deber\u00eda estar motivada <\/span><b>en funci\u00f3n del puesto que se ocupa<\/b><span style=\"font-weight: 400;\">, la <\/span><b>actividad<\/b><span style=\"font-weight: 400;\"> que se realiza o el <\/span><b>sector<\/b><span style=\"font-weight: 400;\"> al que se pertenece.<\/span><\/p>\n<p><span style=\"font-weight: 400;\">Estos son algunos de los <\/span><b>colores que llevan asociados estados de \u00e1nimo<\/b><span style=\"font-weight: 400;\">, lo que deber\u00eda tenerse en cuenta por la empresa:<\/span><\/p>\n<h3>Naranja: ideal para puestos que exigen actividad<\/h3>\n<p><span style=\"font-weight: 400;\">El <\/span><b>color naranja <\/b><span style=\"font-weight: 400;\">es una <\/span><b>tonalidad que estimula la energ\u00eda<\/b><span style=\"font-weight: 400;\">. Es ideal para lugares de trabajo donde la <\/span><b>actividad es intensa<\/b><span style=\"font-weight: 400;\"> y se necesitan <\/span><b>grandes picos de productividad<\/b><span style=\"font-weight: 400;\">. Tambi\u00e9n es un color ideal para estimular la <\/span><b>creatividad<\/b><span style=\"font-weight: 400;\">. Si pintar la pared de naranja resulta demasiado atrevido, existe la posibilidad de decorar con vinilos en este color o poner alg\u00fan detalle en naranja, como las puertas de los departamentos o las sillas de cada puesto.<\/span><\/p>\n<h3>Amarillo: perfecto para trabajo en equipo<\/h3>\n<p><span style=\"font-weight: 400;\">El <\/span><b>color amarillo<\/b><span style=\"font-weight: 400;\"> es <\/span><b>ideal para despertar el optimismo<\/b><span style=\"font-weight: 400;\">, por lo que es muy utilizado en ambientes laborales que exijan un <\/span><b>continuo trabajo en equipo<\/b><span style=\"font-weight: 400;\">. Es una tonalidad que, seg\u00fan los expertos, <\/span><b>contribuye a <\/b><a href=\"https:\/\/empresas.infoempleo.com\/hrtrends\/7-acciones-mejorar-clima-laboral-empresa-rapidamente\/\"><b>crear un buen ambiente laboral<\/b><\/a><span style=\"font-weight: 400;\">. Y tambi\u00e9n resulta ideal para lugares con <\/span><b>poca luz natural, <\/b><span style=\"font-weight: 400;\">ya que en caso contrario puede causar fatiga ocular por la gran cantidad de luz que refleja.<\/span><\/p>\n<h3>Blanco: c\u00f3mo conseguir un ambiente distendido<\/h3>\n<p><span style=\"font-weight: 400;\">Si una empresa est\u00e1 buscando <\/span><b>colores para aumentar la productividad<\/b><span style=\"font-weight: 400;\"> quiz\u00e1 el <\/span><b>blanco<\/b><span style=\"font-weight: 400;\"> puede ser una buena opci\u00f3n. Este color aporta sensaci\u00f3n de <\/span><b>amplitud<\/b><span style=\"font-weight: 400;\">, especialmente en estancias con grandes ventanales. Con el blanco, la<\/span><b> mente <\/b><span style=\"font-weight: 400;\">de los trabajadores estar\u00e1 <\/span><b>m\u00e1s relajada <\/b><span style=\"font-weight: 400;\">y, por tanto, <\/span><b>abierta a cualquier idea<\/b><span style=\"font-weight: 400;\">, lo que hace <\/span><b>aumentar la creatividad<\/b><span style=\"font-weight: 400;\">. Sin embargo, este color tambi\u00e9n tiene un riesgo: puede causar tanto nivel de relajaci\u00f3n que <\/span><b>adormezca al personal.\u00a0<\/b><\/p>\n<h3>Verde: el color de la creatividad<\/h3>\n<p><span style=\"font-weight: 400;\">Dentro de los <\/span><b>colores para aumentar la productividad<\/b><span style=\"font-weight: 400;\"> se encuentra toda la <\/span><b>gama de los verde<\/b><span style=\"font-weight: 400;\">s. Desde la tonalidad esmeralda a la jade, el verde estimula el proceso creativo, por lo que resulta muy conveniente para sectores relacionados con el <\/span><b>marketing<\/b><span style=\"font-weight: 400;\"> o la <\/span><b>publicidad<\/b><span style=\"font-weight: 400;\"> entre otros. Tanto en tonos intensos como en otros m\u00e1s suaves resulta <\/span><b>muy inspirador<\/b><span style=\"font-weight: 400;\"> y <\/span><b>ayuda a la secuencia l\u00f3gica de las ideas.<\/b><\/p>\n<h3>Azul: cuesti\u00f3n de confianza<\/h3>\n<p><span style=\"font-weight: 400;\">El <\/span><b>color azul<\/b><span style=\"font-weight: 400;\">, en cualquiera de sus tonalidades, proporciona una <\/span><b>sensaci\u00f3n de calma, tranquilidad y confianza<\/b><span style=\"font-weight: 400;\">. Es ideal para <\/span><b>aplacar<\/b><span style=\"font-weight: 400;\"> la energ\u00eda de <\/span><b>equipos demasiado activos<\/b><span style=\"font-weight: 400;\">, tanto si se opta como color principal de las paredes como si se elige como tonalidad para ciertos detalles de las salas de trabajo. Un cuadro en tonos azules o una sala de reuniones con gui\u00f1os decorativos en este color contribuir\u00e1 a hacer <\/span><b>m\u00e1s productivo el tiempo de trabajo.<\/b><\/p>\n<h3>Rojo: para estimular la actividad<\/h3>\n<p><span style=\"font-weight: 400;\">El <\/span><b>rojo<\/b> <b>estimula la actividad f\u00edsica <\/b><span style=\"font-weight: 400;\">y hace que las pulsaciones se aceleran. Este es un color adecuado para los <\/span><b>gimnasios<\/b><span style=\"font-weight: 400;\"> de las empresas o para aquellas <\/span><b>salas de esparcimiento<\/b><span style=\"font-weight: 400;\">, que son cada vez m\u00e1s comunes en las compa\u00f1\u00edas, especialmente aquellas que propongan una actividad f\u00edsica, como una mesa de ping pong. Contribuir\u00e1 a que el <\/span><b>trabajador se desfogue para volver m\u00e1s concentrado<\/b><span style=\"font-weight: 400;\"> a su puesto de trabajo. De igual manera, poner peque\u00f1os detalles en color rojo en las mesas puede hacer que los empleados se mantengan <\/span><b>activos<\/b> <b>y enfocados<\/b><span style=\"font-weight: 400;\"> en sus tareas hasta la finalizaci\u00f3n de la jornada laboral.\u00a0\u00a0<\/span><\/p>\n<p><span style=\"font-weight: 400;\">Existen <\/span><b>numerosos colores para aumentar la productividad<\/b> <b>y el rendimiento de los trabajadores<\/b><span style=\"font-weight: 400;\">, pero lo ideal es <\/span><b>saber qu\u00e9 necesita cada equipo de trabajo <\/b><span style=\"font-weight: 400;\">para escoger la tonalidad m\u00e1s adecuada, seg\u00fan sus actividades o funciones. Un punto importante es resaltar que la implementaci\u00f3n de estos colores en el centro de trabajo, logre <\/span><b>prevenir la aparici\u00f3n de<\/b> <a href=\"https:\/\/empresas.infoempleo.com\/hrtrends\/sintomas-de-trabajadores-desmotivados-aprende-a-reconocerlos\/\"><b>trabajadores desmotivados<\/b><\/a><span style=\"font-weight: 400;\">, y por ende <\/span><b>maximice la productividad<\/b><span style=\"font-weight: 400;\">, el <\/span><b>estado de \u00e1nimo<\/b><span style=\"font-weight: 400;\"> y un <\/span><b>buen ambiente laboral.\u00a0\u00a0<\/b><\/p>\n","protected":false},"excerpt":{"rendered":"<p>Numerosos estudios han constatado el poder de los colores para aumentar la productividad, el rendimiento y la concentraci\u00f3n.<a class=\"moretag\" href=\"https:\/\/empresas.infoempleo.com\/hrtrends\/colores-para-aumentar-la-productividad-en-el-entorno-laboral\/\"> Leer m\u00e1s<\/a><\/p>\n","protected":false},"author":122,"featured_media":37758,"comment_status":"closed","ping_status":"closed","sticky":false,"template":"","format":"standard","meta":{"footnotes":""},"categories":[3035],"tags":[3424,3254,282],"class_list":["post-37756","post","type-post","status-publish","format-standard","has-post-thumbnail","hentry","category-consejos","tag-concentracion","tag-gestion-de-equipos","tag-productividad"],"yoast_head":"<!-- This site is optimized with the Yoast SEO plugin v26.1.1 - https:\/\/yoast.com\/wordpress\/plugins\/seo\/ -->\n<title>Colores para aumentar la productividad en el entorno laboral | HRTRENDS<\/title>\n<meta name=\"description\" content=\"Sab\u00edas que existen diferentes colores para aumentar la productividad, el rendimiento y la concentraci\u00f3n en el trabajo. \u00a1Descubre cu\u00e1les son!\" \/>\n<meta name=\"robots\" content=\"index, follow, max-snippet:-1, max-image-preview:large, max-video-preview:-1\" \/>\n<link rel=\"canonical\" href=\"https:\/\/empresas.infoempleo.com\/hrtrends\/colores-para-aumentar-la-productividad-en-el-entorno-laboral\/\" \/>\n<meta property=\"og:locale\" content=\"es_ES\" \/>\n<meta property=\"og:type\" content=\"article\" \/>\n<meta property=\"og:title\" content=\"Colores para aumentar la productividad en el entorno laboral | HRTRENDS\" \/>\n<meta property=\"og:description\" content=\"Sab\u00edas que existen diferentes colores para aumentar la productividad, el rendimiento y la concentraci\u00f3n en el trabajo. \u00a1Descubre cu\u00e1les son!\" \/>\n<meta property=\"og:url\" content=\"https:\/\/empresas.infoempleo.com\/hrtrends\/colores-para-aumentar-la-productividad-en-el-entorno-laboral\/\" \/>\n<meta property=\"og:site_name\" content=\"HRTRENDS\" \/>\n<meta property=\"article:publisher\" content=\"https:\/\/www.facebook.com\/Infoempleo\" \/>\n<meta property=\"article:published_time\" content=\"2020-09-02T05:30:19+00:00\" \/>\n<meta property=\"og:image\" content=\"https:\/\/empresas.infoempleo.com\/hrtrends\/media\/2020\/08\/HRTrends-colores-para-aumentar-la-productividad.jpg\" \/>\n\t<meta property=\"og:image:width\" content=\"980\" \/>\n\t<meta property=\"og:image:height\" content=\"600\" \/>\n\t<meta property=\"og:image:type\" content=\"image\/jpeg\" \/>\n<meta name=\"author\" content=\"Adriana M.\" \/>\n<meta name=\"twitter:card\" content=\"summary_large_image\" \/>\n<meta name=\"twitter:creator\" content=\"@infoempleo\" \/>\n<meta name=\"twitter:site\" content=\"@infoempleo\" \/>\n<meta name=\"twitter:label1\" content=\"Escrito por\" \/>\n\t<meta name=\"twitter:data1\" content=\"Adriana M.\" \/>\n\t<meta name=\"twitter:label2\" content=\"Tiempo de lectura\" \/>\n\t<meta name=\"twitter:data2\" content=\"4 minutos\" \/>\n<script type=\"application\/ld+json\" class=\"yoast-schema-graph\">{\"@context\":\"https:\/\/schema.org\",\"@graph\":[{\"@type\":\"NewsArticle\",\"@id\":\"https:\/\/empresas.infoempleo.com\/hrtrends\/colores-para-aumentar-la-productividad-en-el-entorno-laboral\/#article\",\"isPartOf\":{\"@id\":\"https:\/\/empresas.infoempleo.com\/hrtrends\/colores-para-aumentar-la-productividad-en-el-entorno-laboral\/\"},\"author\":{\"name\":\"Adriana M.\",\"@id\":\"https:\/\/empresas.infoempleo.com\/hrtrends\/#\/schema\/person\/b1dd51edbb566a47cd8f7513fa73d223\"},\"headline\":\"Colores para aumentar la productividad en el entorno laboral\",\"datePublished\":\"2020-09-02T05:30:19+00:00\",\"mainEntityOfPage\":{\"@id\":\"https:\/\/empresas.infoempleo.com\/hrtrends\/colores-para-aumentar-la-productividad-en-el-entorno-laboral\/\"},\"wordCount\":791,\"publisher\":{\"@id\":\"https:\/\/empresas.infoempleo.com\/hrtrends\/#organization\"},\"image\":{\"@id\":\"https:\/\/empresas.infoempleo.com\/hrtrends\/colores-para-aumentar-la-productividad-en-el-entorno-laboral\/#primaryimage\"},\"thumbnailUrl\":\"https:\/\/empresas.infoempleo.com\/hrtrends\/media\/2020\/08\/HRTrends-colores-para-aumentar-la-productividad.jpg\",\"keywords\":[\"concentraci\u00f3n\",\"gesti\u00f3n de equipos\",\"productividad\"],\"articleSection\":[\"Consejos\"],\"inLanguage\":\"es\",\"copyrightYear\":\"2020\",\"copyrightHolder\":{\"@id\":\"https:\/\/empresas.infoempleo.com\/hrtrends\/#organization\"}},{\"@type\":\"WebPage\",\"@id\":\"https:\/\/empresas.infoempleo.com\/hrtrends\/colores-para-aumentar-la-productividad-en-el-entorno-laboral\/\",\"url\":\"https:\/\/empresas.infoempleo.com\/hrtrends\/colores-para-aumentar-la-productividad-en-el-entorno-laboral\/\",\"name\":\"Colores para aumentar la productividad en el entorno laboral | HRTRENDS\",\"isPartOf\":{\"@id\":\"https:\/\/empresas.infoempleo.com\/hrtrends\/#website\"},\"primaryImageOfPage\":{\"@id\":\"https:\/\/empresas.infoempleo.com\/hrtrends\/colores-para-aumentar-la-productividad-en-el-entorno-laboral\/#primaryimage\"},\"image\":{\"@id\":\"https:\/\/empresas.infoempleo.com\/hrtrends\/colores-para-aumentar-la-productividad-en-el-entorno-laboral\/#primaryimage\"},\"thumbnailUrl\":\"https:\/\/empresas.infoempleo.com\/hrtrends\/media\/2020\/08\/HRTrends-colores-para-aumentar-la-productividad.jpg\",\"datePublished\":\"2020-09-02T05:30:19+00:00\",\"description\":\"Sab\u00edas que existen diferentes colores para aumentar la productividad, el rendimiento y la concentraci\u00f3n en el trabajo. \u00a1Descubre cu\u00e1les son!\",\"breadcrumb\":{\"@id\":\"https:\/\/empresas.infoempleo.com\/hrtrends\/colores-para-aumentar-la-productividad-en-el-entorno-laboral\/#breadcrumb\"},\"inLanguage\":\"es\",\"potentialAction\":[{\"@type\":\"ReadAction\",\"target\":[\"https:\/\/empresas.infoempleo.com\/hrtrends\/colores-para-aumentar-la-productividad-en-el-entorno-laboral\/\"]}]},{\"@type\":\"ImageObject\",\"inLanguage\":\"es\",\"@id\":\"https:\/\/empresas.infoempleo.com\/hrtrends\/colores-para-aumentar-la-productividad-en-el-entorno-laboral\/#primaryimage\",\"url\":\"https:\/\/empresas.infoempleo.com\/hrtrends\/media\/2020\/08\/HRTrends-colores-para-aumentar-la-productividad-150x150.jpg\",\"contentUrl\":\"https:\/\/empresas.infoempleo.com\/hrtrends\/media\/2020\/08\/HRTrends-colores-para-aumentar-la-productividad-150x150.jpg\",\"width\":150,\"height\":150},{\"@type\":\"BreadcrumbList\",\"@id\":\"https:\/\/empresas.infoempleo.com\/hrtrends\/colores-para-aumentar-la-productividad-en-el-entorno-laboral\/#breadcrumb\",\"itemListElement\":[{\"@type\":\"ListItem\",\"position\":1,\"name\":\"Portada\",\"item\":\"https:\/\/empresas.infoempleo.com\/hrtrends\/\"},{\"@type\":\"ListItem\",\"position\":2,\"name\":\"Colores para aumentar la productividad en el entorno laboral\"}]},{\"@type\":\"WebSite\",\"@id\":\"https:\/\/empresas.infoempleo.com\/hrtrends\/#website\",\"url\":\"https:\/\/empresas.infoempleo.com\/hrtrends\",\"name\":\"HRTrends by Infoempleo\",\"description\":\"\",\"publisher\":{\"@id\":\"https:\/\/empresas.infoempleo.com\/hrtrends\/#organization\"},\"potentialAction\":{\"@type\":\"SearchAction\",\"target\":\"https:\/\/empresas.infoempleo.com\/hrtrends\/?s={search_term_string}\",\"query-input\":\"required name=search_term_string\"},\"inLanguage\":\"es\"},{\"@type\":\"Organization\",\"@id\":\"https:\/\/empresas.infoempleo.com\/hrtrends\/#organization\",\"name\":\"Infoempleo\",\"url\":\"https:\/\/www.infoempleo.com\/\",\"logo\":{\"@type\":\"ImageObject\",\"@id\":\"https:\/\/empresas.infoempleo.com\/hrtrends\/#logo\",\"inLanguage\":\"es\",\"url\":\"https:\/\/cdnazure.infoempleo.com\/infoempleo\/assets\/style\/gfx\/logo.svg\",\"contentUrl\":\"https:\/\/cdnazure.infoempleo.com\/infoempleo\/assets\/style\/gfx\/logo.svg\",\"width\":150,\"height\":40,\"caption\":\"Infoempleo\"},\"image\":{\"@id\":\"https:\/\/empresas.infoempleo.com\/hrtrends\/#logo\"},\"sameAs\":[\"https:\/\/www.facebook.com\/Infoempleo\",\"https:\/\/x.com\/infoempleo\",\"http:\/\/instagram.com\/infoempleo\/\",\"http:\/\/www.linkedin.com\/groups\/Empleo-Espa\u00f1a-Infoempleocom-111276\",\"http:\/\/pinterest.com\/infoempleo\/\"],\"address\":{\"@type\":\"PostalAddress\",\"addressLocality\":\"Madrid\",\"postalCode\":\"28050\",\"streetAddress\":\"Avenida de Burgos 114\"},\"brand\":[\"Infoempleo\"]},{\"@type\":\"Person\",\"@id\":\"https:\/\/empresas.infoempleo.com\/hrtrends\/#\/schema\/person\/b1dd51edbb566a47cd8f7513fa73d223\",\"name\":\"Adriana M.\",\"image\":{\"@type\":\"ImageObject\",\"inLanguage\":\"es\",\"@id\":\"https:\/\/empresas.infoempleo.com\/hrtrends\/#\/schema\/person\/image\/\",\"url\":\"https:\/\/secure.gravatar.com\/avatar\/243f7dd7e1db0ad0e9791be05df7d72ba5c8bf338408591753bae2fe87dae18d?s=96&d=mm&r=g\",\"contentUrl\":\"https:\/\/secure.gravatar.com\/avatar\/243f7dd7e1db0ad0e9791be05df7d72ba5c8bf338408591753bae2fe87dae18d?s=96&d=mm&r=g\",\"caption\":\"Adriana M.\"},\"description\":\"Periodista y experta en Comunicaci\u00f3n Audiovisual y Narrativa. Me encanta escribir y narrar lo que pasa a mi alrededor es mi pasi\u00f3n.\",\"url\":\"https:\/\/empresas.infoempleo.com\/hrtrends\/author\/adriana-kanvas\/\"}]}<\/script>\n<!-- \/ Yoast SEO plugin. -->","yoast_head_json":{"title":"Colores para aumentar la productividad en el entorno laboral | HRTRENDS","description":"Sab\u00edas que existen diferentes colores para aumentar la productividad, el rendimiento y la concentraci\u00f3n en el trabajo. \u00a1Descubre cu\u00e1les son!","robots":{"index":"index","follow":"follow","max-snippet":"max-snippet:-1","max-image-preview":"max-image-preview:large","max-video-preview":"max-video-preview:-1"},"canonical":"https:\/\/empresas.infoempleo.com\/hrtrends\/colores-para-aumentar-la-productividad-en-el-entorno-laboral\/","og_locale":"es_ES","og_type":"article","og_title":"Colores para aumentar la productividad en el entorno laboral | HRTRENDS","og_description":"Sab\u00edas que existen diferentes colores para aumentar la productividad, el rendimiento y la concentraci\u00f3n en el trabajo. \u00a1Descubre cu\u00e1les son!","og_url":"https:\/\/empresas.infoempleo.com\/hrtrends\/colores-para-aumentar-la-productividad-en-el-entorno-laboral\/","og_site_name":"HRTRENDS","article_publisher":"https:\/\/www.facebook.com\/Infoempleo","article_published_time":"2020-09-02T05:30:19+00:00","og_image":[{"width":980,"height":600,"url":"https:\/\/empresas.infoempleo.com\/hrtrends\/media\/2020\/08\/HRTrends-colores-para-aumentar-la-productividad.jpg","type":"image\/jpeg"}],"author":"Adriana M.","twitter_card":"summary_large_image","twitter_creator":"@infoempleo","twitter_site":"@infoempleo","twitter_misc":{"Escrito por":"Adriana M.","Tiempo de lectura":"4 minutos"},"schema":{"@context":"https:\/\/schema.org","@graph":[{"@type":"NewsArticle","@id":"https:\/\/empresas.infoempleo.com\/hrtrends\/colores-para-aumentar-la-productividad-en-el-entorno-laboral\/#article","isPartOf":{"@id":"https:\/\/empresas.infoempleo.com\/hrtrends\/colores-para-aumentar-la-productividad-en-el-entorno-laboral\/"},"author":{"name":"Adriana M.","@id":"https:\/\/empresas.infoempleo.com\/hrtrends\/#\/schema\/person\/b1dd51edbb566a47cd8f7513fa73d223"},"headline":"Colores para aumentar la productividad en el entorno laboral","datePublished":"2020-09-02T05:30:19+00:00","mainEntityOfPage":{"@id":"https:\/\/empresas.infoempleo.com\/hrtrends\/colores-para-aumentar-la-productividad-en-el-entorno-laboral\/"},"wordCount":791,"publisher":{"@id":"https:\/\/empresas.infoempleo.com\/hrtrends\/#organization"},"image":{"@id":"https:\/\/empresas.infoempleo.com\/hrtrends\/colores-para-aumentar-la-productividad-en-el-entorno-laboral\/#primaryimage"},"thumbnailUrl":"https:\/\/empresas.infoempleo.com\/hrtrends\/media\/2020\/08\/HRTrends-colores-para-aumentar-la-productividad.jpg","keywords":["concentraci\u00f3n","gesti\u00f3n de equipos","productividad"],"articleSection":["Consejos"],"inLanguage":"es","copyrightYear":"2020","copyrightHolder":{"@id":"https:\/\/empresas.infoempleo.com\/hrtrends\/#organization"}},{"@type":"WebPage","@id":"https:\/\/empresas.infoempleo.com\/hrtrends\/colores-para-aumentar-la-productividad-en-el-entorno-laboral\/","url":"https:\/\/empresas.infoempleo.com\/hrtrends\/colores-para-aumentar-la-productividad-en-el-entorno-laboral\/","name":"Colores para aumentar la productividad en el entorno laboral | HRTRENDS","isPartOf":{"@id":"https:\/\/empresas.infoempleo.com\/hrtrends\/#website"},"primaryImageOfPage":{"@id":"https:\/\/empresas.infoempleo.com\/hrtrends\/colores-para-aumentar-la-productividad-en-el-entorno-laboral\/#primaryimage"},"image":{"@id":"https:\/\/empresas.infoempleo.com\/hrtrends\/colores-para-aumentar-la-productividad-en-el-entorno-laboral\/#primaryimage"},"thumbnailUrl":"https:\/\/empresas.infoempleo.com\/hrtrends\/media\/2020\/08\/HRTrends-colores-para-aumentar-la-productividad.jpg","datePublished":"2020-09-02T05:30:19+00:00","description":"Sab\u00edas que existen diferentes colores para aumentar la productividad, el rendimiento y la concentraci\u00f3n en el trabajo. \u00a1Descubre cu\u00e1les son!","breadcrumb":{"@id":"https:\/\/empresas.infoempleo.com\/hrtrends\/colores-para-aumentar-la-productividad-en-el-entorno-laboral\/#breadcrumb"},"inLanguage":"es","potentialAction":[{"@type":"ReadAction","target":["https:\/\/empresas.infoempleo.com\/hrtrends\/colores-para-aumentar-la-productividad-en-el-entorno-laboral\/"]}]},{"@type":"ImageObject","inLanguage":"es","@id":"https:\/\/empresas.infoempleo.com\/hrtrends\/colores-para-aumentar-la-productividad-en-el-entorno-laboral\/#primaryimage","url":"https:\/\/empresas.infoempleo.com\/hrtrends\/media\/2020\/08\/HRTrends-colores-para-aumentar-la-productividad-150x150.jpg","contentUrl":"https:\/\/empresas.infoempleo.com\/hrtrends\/media\/2020\/08\/HRTrends-colores-para-aumentar-la-productividad-150x150.jpg","width":150,"height":150},{"@type":"BreadcrumbList","@id":"https:\/\/empresas.infoempleo.com\/hrtrends\/colores-para-aumentar-la-productividad-en-el-entorno-laboral\/#breadcrumb","itemListElement":[{"@type":"ListItem","position":1,"name":"Portada","item":"https:\/\/empresas.infoempleo.com\/hrtrends\/"},{"@type":"ListItem","position":2,"name":"Colores para aumentar la productividad en el entorno laboral"}]},{"@type":"WebSite","@id":"https:\/\/empresas.infoempleo.com\/hrtrends\/#website","url":"https:\/\/empresas.infoempleo.com\/hrtrends","name":"HRTrends by Infoempleo","description":"","publisher":{"@id":"https:\/\/empresas.infoempleo.com\/hrtrends\/#organization"},"potentialAction":{"@type":"SearchAction","target":"https:\/\/empresas.infoempleo.com\/hrtrends\/?s={search_term_string}","query-input":"required name=search_term_string"},"inLanguage":"es"},{"@type":"Organization","@id":"https:\/\/empresas.infoempleo.com\/hrtrends\/#organization","name":"Infoempleo","url":"https:\/\/www.infoempleo.com\/","logo":{"@type":"ImageObject","@id":"https:\/\/empresas.infoempleo.com\/hrtrends\/#logo","inLanguage":"es","url":"https:\/\/cdnazure.infoempleo.com\/infoempleo\/assets\/style\/gfx\/logo.svg","contentUrl":"https:\/\/cdnazure.infoempleo.com\/infoempleo\/assets\/style\/gfx\/logo.svg","width":150,"height":40,"caption":"Infoempleo"},"image":{"@id":"https:\/\/empresas.infoempleo.com\/hrtrends\/#logo"},"sameAs":["https:\/\/www.facebook.com\/Infoempleo","https:\/\/x.com\/infoempleo","http:\/\/instagram.com\/infoempleo\/","http:\/\/www.linkedin.com\/groups\/Empleo-Espa\u00f1a-Infoempleocom-111276","http:\/\/pinterest.com\/infoempleo\/"],"address":{"@type":"PostalAddress","addressLocality":"Madrid","postalCode":"28050","streetAddress":"Avenida de Burgos 114"},"brand":["Infoempleo"]},{"@type":"Person","@id":"https:\/\/empresas.infoempleo.com\/hrtrends\/#\/schema\/person\/b1dd51edbb566a47cd8f7513fa73d223","name":"Adriana M.","image":{"@type":"ImageObject","inLanguage":"es","@id":"https:\/\/empresas.infoempleo.com\/hrtrends\/#\/schema\/person\/image\/","url":"https:\/\/secure.gravatar.com\/avatar\/243f7dd7e1db0ad0e9791be05df7d72ba5c8bf338408591753bae2fe87dae18d?s=96&d=mm&r=g","contentUrl":"https:\/\/secure.gravatar.com\/avatar\/243f7dd7e1db0ad0e9791be05df7d72ba5c8bf338408591753bae2fe87dae18d?s=96&d=mm&r=g","caption":"Adriana M."},"description":"Periodista y experta en Comunicaci\u00f3n Audiovisual y Narrativa. Me encanta escribir y narrar lo que pasa a mi alrededor es mi pasi\u00f3n.","url":"https:\/\/empresas.infoempleo.com\/hrtrends\/author\/adriana-kanvas\/"}]}},"amp_enabled":true,"_links":{"self":[{"href":"https:\/\/empresas.infoempleo.com\/hrtrends\/wp-json\/wp\/v2\/posts\/37756","targetHints":{"allow":["GET"]}}],"collection":[{"href":"https:\/\/empresas.infoempleo.com\/hrtrends\/wp-json\/wp\/v2\/posts"}],"about":[{"href":"https:\/\/empresas.infoempleo.com\/hrtrends\/wp-json\/wp\/v2\/types\/post"}],"author":[{"embeddable":true,"href":"https:\/\/empresas.infoempleo.com\/hrtrends\/wp-json\/wp\/v2\/users\/122"}],"replies":[{"embeddable":true,"href":"https:\/\/empresas.infoempleo.com\/hrtrends\/wp-json\/wp\/v2\/comments?post=37756"}],"version-history":[{"count":1,"href":"https:\/\/empresas.infoempleo.com\/hrtrends\/wp-json\/wp\/v2\/posts\/37756\/revisions"}],"predecessor-version":[{"id":37757,"href":"https:\/\/empresas.infoempleo.com\/hrtrends\/wp-json\/wp\/v2\/posts\/37756\/revisions\/37757"}],"wp:featuredmedia":[{"embeddable":true,"href":"https:\/\/empresas.infoempleo.com\/hrtrends\/wp-json\/wp\/v2\/media\/37758"}],"wp:attachment":[{"href":"https:\/\/empresas.infoempleo.com\/hrtrends\/wp-json\/wp\/v2\/media?parent=37756"}],"wp:term":[{"taxonomy":"category","embeddable":true,"href":"https:\/\/empresas.infoempleo.com\/hrtrends\/wp-json\/wp\/v2\/categories?post=37756"},{"taxonomy":"post_tag","embeddable":true,"href":"https:\/\/empresas.infoempleo.com\/hrtrends\/wp-json\/wp\/v2\/tags?post=37756"}],"curies":[{"name":"wp","href":"https:\/\/api.w.org\/{rel}","templated":true}]}}