{"id":3774,"date":"2009-10-02T11:38:21","date_gmt":"2009-10-02T10:38:21","guid":{"rendered":"http:\/\/blog.infoempleo.com\/?p=3774"},"modified":"2023-03-13T19:30:51","modified_gmt":"2023-03-13T17:30:51","slug":"mi-padre-me-pagaba-un-sueldo-mientras-estudiaba","status":"publish","type":"post","link":"https:\/\/empresas.infoempleo.com\/hrtrends\/mi-padre-me-pagaba-un-sueldo-mientras-estudiaba\/","title":{"rendered":"\u00abMi padre me pagaba un sueldo mientras estudiaba\u00bb"},"content":{"rendered":"<div>\u00a0<\/div>\n<div><\/div>\n<div>\u00a0<\/div>\n<div><strong>Andoni Ferre\u00f1o, actor<\/strong><\/div>\n<div>\u00a0<\/div>\n<div>El primer programa que Telecinco emiti\u00f3 en directo ten\u00eda como presentadores a dos j\u00f3venes actores, Andoni Ferre\u00f1o y Silvia Mars\u00f3. El Telecup\u00f3n lanz\u00f3 a la fama al actor vasco, que tuvo que aprender a ser reconocido por la calle y se\u00f1alado con el dedo. As\u00ed empez\u00f3 un idilio con la televisi\u00f3n que m\u00e1s tarde interrumpi\u00f3 para volcarse en su gran vocaci\u00f3n, el teatro. Desde hace un a\u00f1o y medio, Andoni Ferre\u00f1o (Ermua, Vizcaya, 1965) recorre Espa\u00f1a con su \u00faltimo proyecto teatral: \u00abMujer busca hombre que a\u00fan no existe\u00bb, que ahora se representa en el Teatro Amaya de Madrid.<\/div>\n<div>\u00a0<\/div>\n<div><strong>\u00bfCu\u00e1l fue su primer empleo?<\/strong><br \/>\nUn anuncio de yogures para televisi\u00f3n que se rod\u00f3 en Ibiza all\u00e1 por el a\u00f1o 1988. Yo estaba a punto de terminar Arte Dram\u00e1tico y me pagaron 100.000 pesetas de las de entonces, que ya era un dinero. Mi representante se llevaba su 15%, y recuerdo que nos repartimos el dinero junto a una papelera de la Plaza de Col\u00f3n, en Madrid.<\/div>\n<div>\u00a0<\/div>\n<div><strong>\u00bfPor qu\u00e9 empez\u00f3 la carrera Periodismo?<br \/>\n<\/strong>Yo hice dos a\u00f1os de Periodismo, pero nunca tuve vocaci\u00f3n. Fue una manera de ganar tiempo para convencer a mis padres, que no me dejaban estudiar Arte Dram\u00e1tico. En segundo lo dej\u00e9 y me present\u00e9 a las pruebas de acceso a la RESAD [Real Escuela Superior de Arte Dram\u00e1tico].<\/div>\n<div>\u00a0<\/div>\n<div><strong>\u00bfNo ha desempe\u00f1ado ning\u00fan trabajo fuera del mundo del espect\u00e1culo?<\/strong><br \/>\nNo, yo nunca he trabajado fuera de este mundo, porque tengo unos padres maravillosos que apostaron mucho por m\u00ed. Mi padre, con un sacrificio horroroso porque es alba\u00f1il, me pagaba un sueldo todos los meses. En los tres a\u00f1os de carrera en Madrid, hasta que hice ese anuncio, ellos me mantuvieron; decidieron que estudiara y no perdiera el tiempo.<\/div>\n<div><strong>\u00bfPor qu\u00e9 envi\u00f3 una foto a Adolfo Marsillach al poco de llegar a Madrid?<br \/>\n<\/strong>Por pura y dura ignorancia. En aquel momento \u00e9l dirig\u00eda una gran compa\u00f1\u00eda de teatro, necesitaban actores j\u00f3venes y yo estaba empezando. Entonces me fui al fotogr\u00e1fo del barrio y me hice cuatro fotos casi de tama\u00f1o carn\u00e9. Cog\u00ed una y, por detr\u00e1s, apunt\u00e9 mi direcci\u00f3n y el n\u00famero de tel\u00e9fono de un amigo, porque yo no ten\u00eda.<\/div>\n","protected":false},"excerpt":{"rendered":"<p>\u00a0 \u00a0 Andoni Ferre\u00f1o, actor \u00a0 El primer programa que Telecinco emiti\u00f3 en directo ten\u00eda como presentadores a<a class=\"moretag\" href=\"https:\/\/empresas.infoempleo.com\/hrtrends\/mi-padre-me-pagaba-un-sueldo-mientras-estudiaba\/\"> Leer m\u00e1s<\/a><\/p>\n","protected":false},"author":34,"featured_media":29665,"comment_status":"closed","ping_status":"open","sticky":false,"template":"","format":"standard","meta":{"footnotes":""},"categories":[3],"tags":[490,491],"class_list":["post-3774","post","type-post","status-publish","format-standard","has-post-thumbnail","hentry","category-actualidad","tag-andoni-ferreno","tag-primer-empleo"],"yoast_head":"<!-- This site is optimized with the Yoast SEO plugin v26.1.1 - https:\/\/yoast.com\/wordpress\/plugins\/seo\/ -->\n<title>&quot;Mi padre me pagaba un sueldo mientras estudiaba&quot; | HRTRENDS<\/title>\n<meta name=\"robots\" content=\"index, follow, max-snippet:-1, max-image-preview:large, max-video-preview:-1\" \/>\n<link rel=\"canonical\" href=\"https:\/\/empresas.infoempleo.com\/hrtrends\/mi-padre-me-pagaba-un-sueldo-mientras-estudiaba\/\" \/>\n<meta property=\"og:locale\" content=\"es_ES\" \/>\n<meta property=\"og:type\" content=\"article\" \/>\n<meta property=\"og:title\" content=\"&quot;Mi padre me pagaba un sueldo mientras estudiaba&quot; | HRTRENDS\" \/>\n<meta property=\"og:description\" content=\"\u00a0 \u00a0 Andoni Ferre\u00f1o, actor \u00a0 El primer programa que Telecinco emiti\u00f3 en directo ten\u00eda como presentadores a Leer m\u00e1s\" \/>\n<meta property=\"og:url\" content=\"https:\/\/empresas.infoempleo.com\/hrtrends\/mi-padre-me-pagaba-un-sueldo-mientras-estudiaba\/\" \/>\n<meta property=\"og:site_name\" content=\"HRTRENDS\" \/>\n<meta property=\"article:publisher\" content=\"https:\/\/www.facebook.com\/Infoempleo\" \/>\n<meta property=\"article:published_time\" content=\"2009-10-02T10:38:21+00:00\" \/>\n<meta property=\"article:modified_time\" content=\"2023-03-13T17:30:51+00:00\" \/>\n<meta property=\"og:image\" content=\"https:\/\/empresas.infoempleo.com\/hrtrends\/media\/2017\/05\/pexels-photo-205508.jpg\" \/>\n\t<meta property=\"og:image:width\" content=\"1280\" \/>\n\t<meta property=\"og:image:height\" content=\"960\" \/>\n\t<meta property=\"og:image:type\" content=\"image\/jpeg\" \/>\n<meta name=\"author\" content=\"Rosario Sep\u00falveda\" \/>\n<meta name=\"twitter:card\" content=\"summary_large_image\" \/>\n<meta name=\"twitter:creator\" content=\"@infoempleo\" \/>\n<meta name=\"twitter:site\" content=\"@infoempleo\" \/>\n<meta name=\"twitter:label1\" content=\"Escrito por\" \/>\n\t<meta name=\"twitter:data1\" content=\"Rosario Sep\u00falveda\" \/>\n\t<meta name=\"twitter:label2\" content=\"Tiempo de lectura\" \/>\n\t<meta name=\"twitter:data2\" content=\"2 minutos\" \/>\n<script type=\"application\/ld+json\" class=\"yoast-schema-graph\">{\"@context\":\"https:\/\/schema.org\",\"@graph\":[{\"@type\":\"NewsArticle\",\"@id\":\"https:\/\/empresas.infoempleo.com\/hrtrends\/mi-padre-me-pagaba-un-sueldo-mientras-estudiaba\/#article\",\"isPartOf\":{\"@id\":\"https:\/\/empresas.infoempleo.com\/hrtrends\/mi-padre-me-pagaba-un-sueldo-mientras-estudiaba\/\"},\"author\":{\"name\":\"Rosario Sep\u00falveda\",\"@id\":\"https:\/\/empresas.infoempleo.com\/hrtrends\/#\/schema\/person\/2a45835f1492cbc7fbce11ad398707a8\"},\"headline\":\"\u00abMi padre me pagaba un sueldo mientras estudiaba\u00bb\",\"datePublished\":\"2009-10-02T10:38:21+00:00\",\"dateModified\":\"2023-03-13T17:30:51+00:00\",\"mainEntityOfPage\":{\"@id\":\"https:\/\/empresas.infoempleo.com\/hrtrends\/mi-padre-me-pagaba-un-sueldo-mientras-estudiaba\/\"},\"wordCount\":405,\"publisher\":{\"@id\":\"https:\/\/empresas.infoempleo.com\/hrtrends\/#organization\"},\"image\":{\"@id\":\"https:\/\/empresas.infoempleo.com\/hrtrends\/mi-padre-me-pagaba-un-sueldo-mientras-estudiaba\/#primaryimage\"},\"thumbnailUrl\":\"https:\/\/empresas.infoempleo.com\/hrtrends\/media\/2017\/05\/pexels-photo-205508.jpg\",\"keywords\":[\"Andoni Ferre\u00f1o\",\"primer empleo\"],\"articleSection\":[\"Actualidad\"],\"inLanguage\":\"es\",\"copyrightYear\":\"2009\",\"copyrightHolder\":{\"@id\":\"https:\/\/empresas.infoempleo.com\/hrtrends\/#organization\"}},{\"@type\":\"WebPage\",\"@id\":\"https:\/\/empresas.infoempleo.com\/hrtrends\/mi-padre-me-pagaba-un-sueldo-mientras-estudiaba\/\",\"url\":\"https:\/\/empresas.infoempleo.com\/hrtrends\/mi-padre-me-pagaba-un-sueldo-mientras-estudiaba\/\",\"name\":\"\\\"Mi padre me pagaba un sueldo mientras estudiaba\\\" | HRTRENDS\",\"isPartOf\":{\"@id\":\"https:\/\/empresas.infoempleo.com\/hrtrends\/#website\"},\"primaryImageOfPage\":{\"@id\":\"https:\/\/empresas.infoempleo.com\/hrtrends\/mi-padre-me-pagaba-un-sueldo-mientras-estudiaba\/#primaryimage\"},\"image\":{\"@id\":\"https:\/\/empresas.infoempleo.com\/hrtrends\/mi-padre-me-pagaba-un-sueldo-mientras-estudiaba\/#primaryimage\"},\"thumbnailUrl\":\"https:\/\/empresas.infoempleo.com\/hrtrends\/media\/2017\/05\/pexels-photo-205508.jpg\",\"datePublished\":\"2009-10-02T10:38:21+00:00\",\"dateModified\":\"2023-03-13T17:30:51+00:00\",\"breadcrumb\":{\"@id\":\"https:\/\/empresas.infoempleo.com\/hrtrends\/mi-padre-me-pagaba-un-sueldo-mientras-estudiaba\/#breadcrumb\"},\"inLanguage\":\"es\",\"potentialAction\":[{\"@type\":\"ReadAction\",\"target\":[\"https:\/\/empresas.infoempleo.com\/hrtrends\/mi-padre-me-pagaba-un-sueldo-mientras-estudiaba\/\"]}]},{\"@type\":\"ImageObject\",\"inLanguage\":\"es\",\"@id\":\"https:\/\/empresas.infoempleo.com\/hrtrends\/mi-padre-me-pagaba-un-sueldo-mientras-estudiaba\/#primaryimage\",\"url\":\"https:\/\/empresas.infoempleo.com\/hrtrends\/media\/2017\/05\/pexels-photo-205508-150x150.jpg\",\"contentUrl\":\"https:\/\/empresas.infoempleo.com\/hrtrends\/media\/2017\/05\/pexels-photo-205508-150x150.jpg\",\"width\":150,\"height\":150},{\"@type\":\"BreadcrumbList\",\"@id\":\"https:\/\/empresas.infoempleo.com\/hrtrends\/mi-padre-me-pagaba-un-sueldo-mientras-estudiaba\/#breadcrumb\",\"itemListElement\":[{\"@type\":\"ListItem\",\"position\":1,\"name\":\"Portada\",\"item\":\"https:\/\/empresas.infoempleo.com\/hrtrends\/\"},{\"@type\":\"ListItem\",\"position\":2,\"name\":\"\u00abMi padre me pagaba un sueldo mientras estudiaba\u00bb\"}]},{\"@type\":\"WebSite\",\"@id\":\"https:\/\/empresas.infoempleo.com\/hrtrends\/#website\",\"url\":\"https:\/\/empresas.infoempleo.com\/hrtrends\",\"name\":\"HRTrends by Infoempleo\",\"description\":\"\",\"publisher\":{\"@id\":\"https:\/\/empresas.infoempleo.com\/hrtrends\/#organization\"},\"potentialAction\":{\"@type\":\"SearchAction\",\"target\":\"https:\/\/empresas.infoempleo.com\/hrtrends\/?s={search_term_string}\",\"query-input\":\"required name=search_term_string\"},\"inLanguage\":\"es\"},{\"@type\":\"Organization\",\"@id\":\"https:\/\/empresas.infoempleo.com\/hrtrends\/#organization\",\"name\":\"Infoempleo\",\"url\":\"https:\/\/www.infoempleo.com\/\",\"logo\":{\"@type\":\"ImageObject\",\"@id\":\"https:\/\/empresas.infoempleo.com\/hrtrends\/#logo\",\"inLanguage\":\"es\",\"url\":\"https:\/\/cdnazure.infoempleo.com\/infoempleo\/assets\/style\/gfx\/logo.svg\",\"contentUrl\":\"https:\/\/cdnazure.infoempleo.com\/infoempleo\/assets\/style\/gfx\/logo.svg\",\"width\":150,\"height\":40,\"caption\":\"Infoempleo\"},\"image\":{\"@id\":\"https:\/\/empresas.infoempleo.com\/hrtrends\/#logo\"},\"sameAs\":[\"https:\/\/www.facebook.com\/Infoempleo\",\"https:\/\/x.com\/infoempleo\",\"http:\/\/instagram.com\/infoempleo\/\",\"http:\/\/www.linkedin.com\/groups\/Empleo-Espa\u00f1a-Infoempleocom-111276\",\"http:\/\/pinterest.com\/infoempleo\/\"],\"address\":{\"@type\":\"PostalAddress\",\"addressLocality\":\"Madrid\",\"postalCode\":\"28050\",\"streetAddress\":\"Avenida de Burgos 114\"},\"brand\":[\"Infoempleo\"]},{\"@type\":\"Person\",\"@id\":\"https:\/\/empresas.infoempleo.com\/hrtrends\/#\/schema\/person\/2a45835f1492cbc7fbce11ad398707a8\",\"name\":\"Rosario Sep\u00falveda\",\"image\":{\"@type\":\"ImageObject\",\"inLanguage\":\"es\",\"@id\":\"https:\/\/empresas.infoempleo.com\/hrtrends\/#\/schema\/person\/image\/\",\"url\":\"https:\/\/secure.gravatar.com\/avatar\/01b4f37da8fd0cca9ded94ad0ab4a694814c54945a7c84e54495a93ea3a90e3b?s=96&d=mm&r=g\",\"contentUrl\":\"https:\/\/secure.gravatar.com\/avatar\/01b4f37da8fd0cca9ded94ad0ab4a694814c54945a7c84e54495a93ea3a90e3b?s=96&d=mm&r=g\",\"caption\":\"Rosario Sep\u00falveda\"},\"url\":\"https:\/\/empresas.infoempleo.com\/hrtrends\/author\/rosario-sepulveda\/\"}]}<\/script>\n<!-- \/ Yoast SEO plugin. -->","yoast_head_json":{"title":"\"Mi padre me pagaba un sueldo mientras estudiaba\" | HRTRENDS","robots":{"index":"index","follow":"follow","max-snippet":"max-snippet:-1","max-image-preview":"max-image-preview:large","max-video-preview":"max-video-preview:-1"},"canonical":"https:\/\/empresas.infoempleo.com\/hrtrends\/mi-padre-me-pagaba-un-sueldo-mientras-estudiaba\/","og_locale":"es_ES","og_type":"article","og_title":"\"Mi padre me pagaba un sueldo mientras estudiaba\" | HRTRENDS","og_description":"\u00a0 \u00a0 Andoni Ferre\u00f1o, actor \u00a0 El primer programa que Telecinco emiti\u00f3 en directo ten\u00eda como presentadores a Leer m\u00e1s","og_url":"https:\/\/empresas.infoempleo.com\/hrtrends\/mi-padre-me-pagaba-un-sueldo-mientras-estudiaba\/","og_site_name":"HRTRENDS","article_publisher":"https:\/\/www.facebook.com\/Infoempleo","article_published_time":"2009-10-02T10:38:21+00:00","article_modified_time":"2023-03-13T17:30:51+00:00","og_image":[{"width":1280,"height":960,"url":"https:\/\/empresas.infoempleo.com\/hrtrends\/media\/2017\/05\/pexels-photo-205508.jpg","type":"image\/jpeg"}],"author":"Rosario Sep\u00falveda","twitter_card":"summary_large_image","twitter_creator":"@infoempleo","twitter_site":"@infoempleo","twitter_misc":{"Escrito por":"Rosario Sep\u00falveda","Tiempo de lectura":"2 minutos"},"schema":{"@context":"https:\/\/schema.org","@graph":[{"@type":"NewsArticle","@id":"https:\/\/empresas.infoempleo.com\/hrtrends\/mi-padre-me-pagaba-un-sueldo-mientras-estudiaba\/#article","isPartOf":{"@id":"https:\/\/empresas.infoempleo.com\/hrtrends\/mi-padre-me-pagaba-un-sueldo-mientras-estudiaba\/"},"author":{"name":"Rosario Sep\u00falveda","@id":"https:\/\/empresas.infoempleo.com\/hrtrends\/#\/schema\/person\/2a45835f1492cbc7fbce11ad398707a8"},"headline":"\u00abMi padre me pagaba un sueldo mientras estudiaba\u00bb","datePublished":"2009-10-02T10:38:21+00:00","dateModified":"2023-03-13T17:30:51+00:00","mainEntityOfPage":{"@id":"https:\/\/empresas.infoempleo.com\/hrtrends\/mi-padre-me-pagaba-un-sueldo-mientras-estudiaba\/"},"wordCount":405,"publisher":{"@id":"https:\/\/empresas.infoempleo.com\/hrtrends\/#organization"},"image":{"@id":"https:\/\/empresas.infoempleo.com\/hrtrends\/mi-padre-me-pagaba-un-sueldo-mientras-estudiaba\/#primaryimage"},"thumbnailUrl":"https:\/\/empresas.infoempleo.com\/hrtrends\/media\/2017\/05\/pexels-photo-205508.jpg","keywords":["Andoni Ferre\u00f1o","primer empleo"],"articleSection":["Actualidad"],"inLanguage":"es","copyrightYear":"2009","copyrightHolder":{"@id":"https:\/\/empresas.infoempleo.com\/hrtrends\/#organization"}},{"@type":"WebPage","@id":"https:\/\/empresas.infoempleo.com\/hrtrends\/mi-padre-me-pagaba-un-sueldo-mientras-estudiaba\/","url":"https:\/\/empresas.infoempleo.com\/hrtrends\/mi-padre-me-pagaba-un-sueldo-mientras-estudiaba\/","name":"\"Mi padre me pagaba un sueldo mientras estudiaba\" | HRTRENDS","isPartOf":{"@id":"https:\/\/empresas.infoempleo.com\/hrtrends\/#website"},"primaryImageOfPage":{"@id":"https:\/\/empresas.infoempleo.com\/hrtrends\/mi-padre-me-pagaba-un-sueldo-mientras-estudiaba\/#primaryimage"},"image":{"@id":"https:\/\/empresas.infoempleo.com\/hrtrends\/mi-padre-me-pagaba-un-sueldo-mientras-estudiaba\/#primaryimage"},"thumbnailUrl":"https:\/\/empresas.infoempleo.com\/hrtrends\/media\/2017\/05\/pexels-photo-205508.jpg","datePublished":"2009-10-02T10:38:21+00:00","dateModified":"2023-03-13T17:30:51+00:00","breadcrumb":{"@id":"https:\/\/empresas.infoempleo.com\/hrtrends\/mi-padre-me-pagaba-un-sueldo-mientras-estudiaba\/#breadcrumb"},"inLanguage":"es","potentialAction":[{"@type":"ReadAction","target":["https:\/\/empresas.infoempleo.com\/hrtrends\/mi-padre-me-pagaba-un-sueldo-mientras-estudiaba\/"]}]},{"@type":"ImageObject","inLanguage":"es","@id":"https:\/\/empresas.infoempleo.com\/hrtrends\/mi-padre-me-pagaba-un-sueldo-mientras-estudiaba\/#primaryimage","url":"https:\/\/empresas.infoempleo.com\/hrtrends\/media\/2017\/05\/pexels-photo-205508-150x150.jpg","contentUrl":"https:\/\/empresas.infoempleo.com\/hrtrends\/media\/2017\/05\/pexels-photo-205508-150x150.jpg","width":150,"height":150},{"@type":"BreadcrumbList","@id":"https:\/\/empresas.infoempleo.com\/hrtrends\/mi-padre-me-pagaba-un-sueldo-mientras-estudiaba\/#breadcrumb","itemListElement":[{"@type":"ListItem","position":1,"name":"Portada","item":"https:\/\/empresas.infoempleo.com\/hrtrends\/"},{"@type":"ListItem","position":2,"name":"\u00abMi padre me pagaba un sueldo mientras estudiaba\u00bb"}]},{"@type":"WebSite","@id":"https:\/\/empresas.infoempleo.com\/hrtrends\/#website","url":"https:\/\/empresas.infoempleo.com\/hrtrends","name":"HRTrends by Infoempleo","description":"","publisher":{"@id":"https:\/\/empresas.infoempleo.com\/hrtrends\/#organization"},"potentialAction":{"@type":"SearchAction","target":"https:\/\/empresas.infoempleo.com\/hrtrends\/?s={search_term_string}","query-input":"required name=search_term_string"},"inLanguage":"es"},{"@type":"Organization","@id":"https:\/\/empresas.infoempleo.com\/hrtrends\/#organization","name":"Infoempleo","url":"https:\/\/www.infoempleo.com\/","logo":{"@type":"ImageObject","@id":"https:\/\/empresas.infoempleo.com\/hrtrends\/#logo","inLanguage":"es","url":"https:\/\/cdnazure.infoempleo.com\/infoempleo\/assets\/style\/gfx\/logo.svg","contentUrl":"https:\/\/cdnazure.infoempleo.com\/infoempleo\/assets\/style\/gfx\/logo.svg","width":150,"height":40,"caption":"Infoempleo"},"image":{"@id":"https:\/\/empresas.infoempleo.com\/hrtrends\/#logo"},"sameAs":["https:\/\/www.facebook.com\/Infoempleo","https:\/\/x.com\/infoempleo","http:\/\/instagram.com\/infoempleo\/","http:\/\/www.linkedin.com\/groups\/Empleo-Espa\u00f1a-Infoempleocom-111276","http:\/\/pinterest.com\/infoempleo\/"],"address":{"@type":"PostalAddress","addressLocality":"Madrid","postalCode":"28050","streetAddress":"Avenida de Burgos 114"},"brand":["Infoempleo"]},{"@type":"Person","@id":"https:\/\/empresas.infoempleo.com\/hrtrends\/#\/schema\/person\/2a45835f1492cbc7fbce11ad398707a8","name":"Rosario Sep\u00falveda","image":{"@type":"ImageObject","inLanguage":"es","@id":"https:\/\/empresas.infoempleo.com\/hrtrends\/#\/schema\/person\/image\/","url":"https:\/\/secure.gravatar.com\/avatar\/01b4f37da8fd0cca9ded94ad0ab4a694814c54945a7c84e54495a93ea3a90e3b?s=96&d=mm&r=g","contentUrl":"https:\/\/secure.gravatar.com\/avatar\/01b4f37da8fd0cca9ded94ad0ab4a694814c54945a7c84e54495a93ea3a90e3b?s=96&d=mm&r=g","caption":"Rosario Sep\u00falveda"},"url":"https:\/\/empresas.infoempleo.com\/hrtrends\/author\/rosario-sepulveda\/"}]}},"amp_enabled":true,"_links":{"self":[{"href":"https:\/\/empresas.infoempleo.com\/hrtrends\/wp-json\/wp\/v2\/posts\/3774","targetHints":{"allow":["GET"]}}],"collection":[{"href":"https:\/\/empresas.infoempleo.com\/hrtrends\/wp-json\/wp\/v2\/posts"}],"about":[{"href":"https:\/\/empresas.infoempleo.com\/hrtrends\/wp-json\/wp\/v2\/types\/post"}],"author":[{"embeddable":true,"href":"https:\/\/empresas.infoempleo.com\/hrtrends\/wp-json\/wp\/v2\/users\/34"}],"replies":[{"embeddable":true,"href":"https:\/\/empresas.infoempleo.com\/hrtrends\/wp-json\/wp\/v2\/comments?post=3774"}],"version-history":[{"count":1,"href":"https:\/\/empresas.infoempleo.com\/hrtrends\/wp-json\/wp\/v2\/posts\/3774\/revisions"}],"predecessor-version":[{"id":43251,"href":"https:\/\/empresas.infoempleo.com\/hrtrends\/wp-json\/wp\/v2\/posts\/3774\/revisions\/43251"}],"wp:featuredmedia":[{"embeddable":true,"href":"https:\/\/empresas.infoempleo.com\/hrtrends\/wp-json\/wp\/v2\/media\/29665"}],"wp:attachment":[{"href":"https:\/\/empresas.infoempleo.com\/hrtrends\/wp-json\/wp\/v2\/media?parent=3774"}],"wp:term":[{"taxonomy":"category","embeddable":true,"href":"https:\/\/empresas.infoempleo.com\/hrtrends\/wp-json\/wp\/v2\/categories?post=3774"},{"taxonomy":"post_tag","embeddable":true,"href":"https:\/\/empresas.infoempleo.com\/hrtrends\/wp-json\/wp\/v2\/tags?post=3774"}],"curies":[{"name":"wp","href":"https:\/\/api.w.org\/{rel}","templated":true}]}}