{"id":37727,"date":"2020-08-20T11:43:43","date_gmt":"2020-08-20T09:43:43","guid":{"rendered":"https:\/\/empresas.infoempleo.com\/hrtrends\/?p=37727"},"modified":"2020-08-20T11:43:43","modified_gmt":"2020-08-20T09:43:43","slug":"invasion-de-la-privacidad-en-el-trabajo","status":"publish","type":"post","link":"https:\/\/empresas.infoempleo.com\/hrtrends\/invasion-de-la-privacidad-en-el-trabajo\/","title":{"rendered":"Invasi\u00f3n de la privacidad en el trabajo: \u00bfcu\u00e1ndo se vulnera el derecho?"},"content":{"rendered":"<p><span style=\"font-weight: 400;\">La l\u00ednea que separa la <\/span><b>supervisi\u00f3n de los empleados<\/b><span style=\"font-weight: 400;\"> con la <\/span><b>invasi\u00f3n de la privacidad<\/b><span style=\"font-weight: 400;\"> en el trabajo es, a veces, muy difusa. Por ello, desde el <\/span><b>departamento de Recursos Humanos<\/b><span style=\"font-weight: 400;\">, hay que tener <\/span><b>cuidado<\/b><span style=\"font-weight: 400;\"> en establecer <\/span><b>medidas<\/b><span style=\"font-weight: 400;\"> que <\/span><b>puedan invadir la privacidad de los empleados<\/b><span style=\"font-weight: 400;\">. Por ello, hay que <\/span><b>vigilar qu\u00e9 m\u00e9todos de supervisi\u00f3n se utilizan <\/b><span style=\"font-weight: 400;\">y que est\u00e9n <\/span><b>dentro del marco de la ley.\u00a0<\/b><\/p>\n<p><span style=\"font-weight: 400;\">La <\/span><b>empresa<\/b><span style=\"font-weight: 400;\"> puede controlar que el <\/span><b>trabajador<\/b> <b>cumpla con las tareas profesionale<\/b><span style=\"font-weight: 400;\">s que le han sido encomendadas, pero siempre procurando <\/span><b>no invadir su privacidad<\/b><span style=\"font-weight: 400;\"> o <\/span><b>cometer acciones ilegales<\/b><span style=\"font-weight: 400;\"> que vulneren los derechos de los empleados.<\/span><\/p>\n<h2>Invasi\u00f3n de la privacidad en el trabajo<\/h2>\n<p><span style=\"font-weight: 400;\">El <\/span><a href=\"https:\/\/www.boe.es\/buscar\/act.php?id=BOE-A-2015-11430\" target=\"_blank\" rel=\"noopener noreferrer\"><span style=\"font-weight: 400;\">Estatuto de los Trabajadores<\/span><\/a><span style=\"font-weight: 400;\">, es la normativa que se impone en los <\/span><b>l\u00edmites del control laboral <\/b><span style=\"font-weight: 400;\">en las compa\u00f1\u00edas. <\/span><b>La invasi\u00f3n de la privacidad en el trabajo<\/b><span style=\"font-weight: 400;\"> puede darse de diferentes maneras, entre ellos los siguientes:<\/span><\/p>\n<h3>Entrevistas de trabajo<\/h3>\n<p><span style=\"font-weight: 400;\">En una entrevista laboral <\/span><b>hay ciertas preguntas que se consideran una invasi\u00f3n de la privacidad<\/b><span style=\"font-weight: 400;\">. No se puede preguntar al candidato por su <\/span><b>nacionalidad<\/b><span style=\"font-weight: 400;\">, <\/span><b>raza<\/b><span style=\"font-weight: 400;\">, <\/span><b>edad, orientaci\u00f3n sexual, creencias religiosas, estado civil o situaci\u00f3n personal o familiar.\u00a0<\/b><\/p>\n<h3>C\u00e1maras de videovigilancia<\/h3>\n<p><span style=\"font-weight: 400;\">La empresa puede <\/span><b>instalar c\u00e1maras de videovigilancia<\/b><span style=\"font-weight: 400;\"> para garantizar que los empleados cumplen las normas y los objetivos laborales, y s\u00f3lo en el caso de que no exista otra alternativa. Es imprescindible que las c\u00e1maras <\/span><b>s\u00f3lo graben el lugar de trabajo y no los espacios privado<\/b><span style=\"font-weight: 400;\">s, ya que esto ser\u00eda considerado como un <\/span><a href=\"https:\/\/empresas.infoempleo.com\/hrtrends\/protocolos-anti-acoso-en-las-empresas\/\"><b>acoso laboral<\/b><\/a><span style=\"font-weight: 400;\">, por la excesiva vigilancia que tendr\u00eda el empleado.<\/span><\/p>\n<p><span style=\"font-weight: 400;\">Asimismo, no pueden utilizarse para obtener datos con un fin distinto a las labores de control y las im\u00e1genes deben <\/span><b>borrarse antes de 30 d\u00edas.<\/b><\/p>\n<h3>Grabaciones de voz<\/h3>\n<p><span style=\"font-weight: 400;\">El <\/span><b>uso de micr\u00f3fonos<\/b><span style=\"font-weight: 400;\"> tiene que haber sido <\/span><b>aprobado por la direcci\u00f3n de la empresa<\/b><span style=\"font-weight: 400;\"> y <\/span><b>no<\/b><span style=\"font-weight: 400;\"> se puede <\/span><b>aplicar de manera desproporcionada<\/b><span style=\"font-weight: 400;\">. No avisar de ello a los trabajadores se considera una invasi\u00f3n de la privacidad en el trabajo. <\/span><b>Tampoco<\/b><span style=\"font-weight: 400;\"> se puede <\/span><b>grabar a los trabajadores en lugares de descanso<\/b><span style=\"font-weight: 400;\">, <\/span><b>ni escuchar conversaciones telef\u00f3nicas privadas.<\/b><\/p>\n<h3>Espiar el email<\/h3>\n<p><b>Mirar<\/b><span style=\"font-weight: 400;\"> los <\/span><b>correos electr\u00f3nicos de los trabajadores no est\u00e1 prohibido<\/b><span style=\"font-weight: 400;\">, ya que el empresario puede comprobar si el equipo est\u00e1 siendo utilizado para los fines laborales propuestos. Sin embargo, el propio estatuto de los Trabajadores se\u00f1ala que hay que <\/span><b>respetar la dignidad del empleado<\/b><span style=\"font-weight: 400;\">. Dejar claras las <\/span><b>normas de uso de los equipos inform\u00e1ticos <\/b><span style=\"font-weight: 400;\">e informar a los trabajadores de <\/span><b>posibles medidas de control <\/b><span style=\"font-weight: 400;\">se considera obligatorio por parte de la organizaci\u00f3n.<\/span><\/p>\n<h3>Cl\u00e1usulas de confidencialidad y cesi\u00f3n de datos<\/h3>\n<p><span style=\"font-weight: 400;\">La compa\u00f1\u00eda puede solicitar al trabajador la firma de un <\/span><b>contrato de confidencialidad<\/b><span style=\"font-weight: 400;\">, con el fin de que no proporcione datos de la compa\u00f1\u00eda a terceros. Por otra parte, si la empresa tiene externalizados sus servicios, puede proporcionar <\/span><b>datos de su personal a terceros<\/b><span style=\"font-weight: 400;\">, siempre que haya un <\/span><b>acuerdo previo.<\/b><\/p>\n<h3>Registro de pertenencias<\/h3>\n<p><span style=\"font-weight: 400;\">Para que no se considere una invasi\u00f3n de la privacidad en el trabajo, los<\/span><b> registros a los empleados<\/b><span style=\"font-weight: 400;\"> solo est\u00e1n <\/span><b>permitidos<\/b><span style=\"font-weight: 400;\"> para <\/span><b>proteger el patrimonio de la empresa<\/b><span style=\"font-weight: 400;\"> o la <\/span><b>salud de otros trabajadores<\/b><span style=\"font-weight: 400;\">. Se tiene que hacer en <\/span><b>presencia del representante legal del empleado<\/b><span style=\"font-weight: 400;\"> y respetando la dignidad del profesional.<\/span><\/p>\n<h3>Reconocimientos m\u00e9dicos<\/h3>\n<p><span style=\"font-weight: 400;\">Los <\/span><b>reconocimientos m\u00e9dicos<\/b><span style=\"font-weight: 400;\"> s\u00f3lo est\u00e1n <\/span><b>permitidos<\/b><span style=\"font-weight: 400;\"> cuando resultan <\/span><b>imprescindibles<\/b><span style=\"font-weight: 400;\"> para el <\/span><b>desempe\u00f1o laboral del trabajador<\/b><span style=\"font-weight: 400;\">, para <\/span><b>verificar la salud de un empleado<\/b><span style=\"font-weight: 400;\"> que presenta numerosas faltas de asistencia o cuando el profesional pudiera resultar un <\/span><b>riesgo para el resto de los trabajadores.<\/b><span style=\"font-weight: 400;\">\u00a0<\/span><\/p>\n<p><span style=\"font-weight: 400;\">Las <\/span><b>sanciones por la invasi\u00f3n de la privacidad en el trabajo<\/b><span style=\"font-weight: 400;\"> se actualizaron con la entrada en vigor del <\/span><a href=\"https:\/\/www.boe.es\/doue\/2016\/119\/L00001-00088.pdf\" target=\"_blank\" rel=\"noopener noreferrer\"><span style=\"font-weight: 400;\">Reglamento General de Protecci\u00f3n de Datos<\/span><\/a><span style=\"font-weight: 400;\"> y pueden llegar hasta los <\/span><b>20 millones de euros <\/b><span style=\"font-weight: 400;\">o hasta el <\/span><b>4% de la facturaci\u00f3n de la compa\u00f1\u00eda<\/b><span style=\"font-weight: 400;\"> que haya incumplido la ley.\u00a0<\/span><\/p>\n","protected":false},"excerpt":{"rendered":"<p>La l\u00ednea que separa la supervisi\u00f3n de los empleados con la invasi\u00f3n de la privacidad en el trabajo<a class=\"moretag\" href=\"https:\/\/empresas.infoempleo.com\/hrtrends\/invasion-de-la-privacidad-en-el-trabajo\/\"> Leer m\u00e1s<\/a><\/p>\n","protected":false},"author":122,"featured_media":37729,"comment_status":"closed","ping_status":"closed","sticky":false,"template":"","format":"standard","meta":{"footnotes":""},"categories":[3],"tags":[3254,3417],"class_list":["post-37727","post","type-post","status-publish","format-standard","has-post-thumbnail","hentry","category-actualidad","tag-gestion-de-equipos","tag-invasion-de-la-privacidad"],"yoast_head":"<!-- This site is optimized with the Yoast SEO plugin v26.1.1 - https:\/\/yoast.com\/wordpress\/plugins\/seo\/ -->\n<title>Invasi\u00f3n de la privacidad en el trabajo: tipos y sanciones | HRTRENDS<\/title>\n<meta name=\"description\" content=\"La invasi\u00f3n de la privacidad en el trabajo se puede producir de diferentes maneras. \u00a1Descubre qu\u00e9 dice la normativa al respecto y qu\u00e9 sanciones existen!\" \/>\n<meta name=\"robots\" content=\"index, follow, max-snippet:-1, max-image-preview:large, max-video-preview:-1\" \/>\n<link rel=\"canonical\" href=\"https:\/\/empresas.infoempleo.com\/hrtrends\/invasion-de-la-privacidad-en-el-trabajo\/\" \/>\n<meta property=\"og:locale\" content=\"es_ES\" \/>\n<meta property=\"og:type\" content=\"article\" \/>\n<meta property=\"og:title\" content=\"Invasi\u00f3n de la privacidad en el trabajo: tipos y sanciones | HRTRENDS\" \/>\n<meta property=\"og:description\" content=\"La invasi\u00f3n de la privacidad en el trabajo se puede producir de diferentes maneras. \u00a1Descubre qu\u00e9 dice la normativa al respecto y qu\u00e9 sanciones existen!\" \/>\n<meta property=\"og:url\" content=\"https:\/\/empresas.infoempleo.com\/hrtrends\/invasion-de-la-privacidad-en-el-trabajo\/\" \/>\n<meta property=\"og:site_name\" content=\"HRTRENDS\" \/>\n<meta property=\"article:publisher\" content=\"https:\/\/www.facebook.com\/Infoempleo\" \/>\n<meta property=\"article:published_time\" content=\"2020-08-20T09:43:43+00:00\" \/>\n<meta property=\"og:image\" content=\"https:\/\/empresas.infoempleo.com\/hrtrends\/media\/2020\/08\/HRTrends-invasion-de-la-privacidad-en-el-trabajo.jpg\" \/>\n\t<meta property=\"og:image:width\" content=\"980\" \/>\n\t<meta property=\"og:image:height\" content=\"600\" \/>\n\t<meta property=\"og:image:type\" content=\"image\/jpeg\" \/>\n<meta name=\"author\" content=\"Adriana M.\" \/>\n<meta name=\"twitter:card\" content=\"summary_large_image\" \/>\n<meta name=\"twitter:creator\" content=\"@infoempleo\" \/>\n<meta name=\"twitter:site\" content=\"@infoempleo\" \/>\n<meta name=\"twitter:label1\" content=\"Escrito por\" \/>\n\t<meta name=\"twitter:data1\" content=\"Adriana M.\" \/>\n\t<meta name=\"twitter:label2\" content=\"Tiempo de lectura\" \/>\n\t<meta name=\"twitter:data2\" content=\"3 minutos\" \/>\n<script type=\"application\/ld+json\" class=\"yoast-schema-graph\">{\"@context\":\"https:\/\/schema.org\",\"@graph\":[{\"@type\":\"NewsArticle\",\"@id\":\"https:\/\/empresas.infoempleo.com\/hrtrends\/invasion-de-la-privacidad-en-el-trabajo\/#article\",\"isPartOf\":{\"@id\":\"https:\/\/empresas.infoempleo.com\/hrtrends\/invasion-de-la-privacidad-en-el-trabajo\/\"},\"author\":{\"name\":\"Adriana M.\",\"@id\":\"https:\/\/empresas.infoempleo.com\/hrtrends\/#\/schema\/person\/b1dd51edbb566a47cd8f7513fa73d223\"},\"headline\":\"Invasi\u00f3n de la privacidad en el trabajo: \u00bfcu\u00e1ndo se vulnera el derecho?\",\"datePublished\":\"2020-08-20T09:43:43+00:00\",\"mainEntityOfPage\":{\"@id\":\"https:\/\/empresas.infoempleo.com\/hrtrends\/invasion-de-la-privacidad-en-el-trabajo\/\"},\"wordCount\":672,\"publisher\":{\"@id\":\"https:\/\/empresas.infoempleo.com\/hrtrends\/#organization\"},\"image\":{\"@id\":\"https:\/\/empresas.infoempleo.com\/hrtrends\/invasion-de-la-privacidad-en-el-trabajo\/#primaryimage\"},\"thumbnailUrl\":\"https:\/\/empresas.infoempleo.com\/hrtrends\/media\/2020\/08\/HRTrends-invasion-de-la-privacidad-en-el-trabajo.jpg\",\"keywords\":[\"gesti\u00f3n de equipos\",\"invasi\u00f3n de la privacidad\"],\"articleSection\":[\"Actualidad\"],\"inLanguage\":\"es\",\"copyrightYear\":\"2020\",\"copyrightHolder\":{\"@id\":\"https:\/\/empresas.infoempleo.com\/hrtrends\/#organization\"}},{\"@type\":\"WebPage\",\"@id\":\"https:\/\/empresas.infoempleo.com\/hrtrends\/invasion-de-la-privacidad-en-el-trabajo\/\",\"url\":\"https:\/\/empresas.infoempleo.com\/hrtrends\/invasion-de-la-privacidad-en-el-trabajo\/\",\"name\":\"Invasi\u00f3n de la privacidad en el trabajo: tipos y sanciones | HRTRENDS\",\"isPartOf\":{\"@id\":\"https:\/\/empresas.infoempleo.com\/hrtrends\/#website\"},\"primaryImageOfPage\":{\"@id\":\"https:\/\/empresas.infoempleo.com\/hrtrends\/invasion-de-la-privacidad-en-el-trabajo\/#primaryimage\"},\"image\":{\"@id\":\"https:\/\/empresas.infoempleo.com\/hrtrends\/invasion-de-la-privacidad-en-el-trabajo\/#primaryimage\"},\"thumbnailUrl\":\"https:\/\/empresas.infoempleo.com\/hrtrends\/media\/2020\/08\/HRTrends-invasion-de-la-privacidad-en-el-trabajo.jpg\",\"datePublished\":\"2020-08-20T09:43:43+00:00\",\"description\":\"La invasi\u00f3n de la privacidad en el trabajo se puede producir de diferentes maneras. \u00a1Descubre qu\u00e9 dice la normativa al respecto y qu\u00e9 sanciones existen!\",\"breadcrumb\":{\"@id\":\"https:\/\/empresas.infoempleo.com\/hrtrends\/invasion-de-la-privacidad-en-el-trabajo\/#breadcrumb\"},\"inLanguage\":\"es\",\"potentialAction\":[{\"@type\":\"ReadAction\",\"target\":[\"https:\/\/empresas.infoempleo.com\/hrtrends\/invasion-de-la-privacidad-en-el-trabajo\/\"]}]},{\"@type\":\"ImageObject\",\"inLanguage\":\"es\",\"@id\":\"https:\/\/empresas.infoempleo.com\/hrtrends\/invasion-de-la-privacidad-en-el-trabajo\/#primaryimage\",\"url\":\"https:\/\/empresas.infoempleo.com\/hrtrends\/media\/2020\/08\/HRTrends-invasion-de-la-privacidad-en-el-trabajo-150x150.jpg\",\"contentUrl\":\"https:\/\/empresas.infoempleo.com\/hrtrends\/media\/2020\/08\/HRTrends-invasion-de-la-privacidad-en-el-trabajo-150x150.jpg\",\"width\":150,\"height\":150},{\"@type\":\"BreadcrumbList\",\"@id\":\"https:\/\/empresas.infoempleo.com\/hrtrends\/invasion-de-la-privacidad-en-el-trabajo\/#breadcrumb\",\"itemListElement\":[{\"@type\":\"ListItem\",\"position\":1,\"name\":\"Portada\",\"item\":\"https:\/\/empresas.infoempleo.com\/hrtrends\/\"},{\"@type\":\"ListItem\",\"position\":2,\"name\":\"Invasi\u00f3n de la privacidad en el trabajo: \u00bfcu\u00e1ndo se vulnera el derecho?\"}]},{\"@type\":\"WebSite\",\"@id\":\"https:\/\/empresas.infoempleo.com\/hrtrends\/#website\",\"url\":\"https:\/\/empresas.infoempleo.com\/hrtrends\",\"name\":\"HRTrends by Infoempleo\",\"description\":\"\",\"publisher\":{\"@id\":\"https:\/\/empresas.infoempleo.com\/hrtrends\/#organization\"},\"potentialAction\":{\"@type\":\"SearchAction\",\"target\":\"https:\/\/empresas.infoempleo.com\/hrtrends\/?s={search_term_string}\",\"query-input\":\"required name=search_term_string\"},\"inLanguage\":\"es\"},{\"@type\":\"Organization\",\"@id\":\"https:\/\/empresas.infoempleo.com\/hrtrends\/#organization\",\"name\":\"Infoempleo\",\"url\":\"https:\/\/www.infoempleo.com\/\",\"logo\":{\"@type\":\"ImageObject\",\"@id\":\"https:\/\/empresas.infoempleo.com\/hrtrends\/#logo\",\"inLanguage\":\"es\",\"url\":\"https:\/\/cdnazure.infoempleo.com\/infoempleo\/assets\/style\/gfx\/logo.svg\",\"contentUrl\":\"https:\/\/cdnazure.infoempleo.com\/infoempleo\/assets\/style\/gfx\/logo.svg\",\"width\":150,\"height\":40,\"caption\":\"Infoempleo\"},\"image\":{\"@id\":\"https:\/\/empresas.infoempleo.com\/hrtrends\/#logo\"},\"sameAs\":[\"https:\/\/www.facebook.com\/Infoempleo\",\"https:\/\/x.com\/infoempleo\",\"http:\/\/instagram.com\/infoempleo\/\",\"http:\/\/www.linkedin.com\/groups\/Empleo-Espa\u00f1a-Infoempleocom-111276\",\"http:\/\/pinterest.com\/infoempleo\/\"],\"address\":{\"@type\":\"PostalAddress\",\"addressLocality\":\"Madrid\",\"postalCode\":\"28050\",\"streetAddress\":\"Avenida de Burgos 114\"},\"brand\":[\"Infoempleo\"]},{\"@type\":\"Person\",\"@id\":\"https:\/\/empresas.infoempleo.com\/hrtrends\/#\/schema\/person\/b1dd51edbb566a47cd8f7513fa73d223\",\"name\":\"Adriana M.\",\"image\":{\"@type\":\"ImageObject\",\"inLanguage\":\"es\",\"@id\":\"https:\/\/empresas.infoempleo.com\/hrtrends\/#\/schema\/person\/image\/\",\"url\":\"https:\/\/secure.gravatar.com\/avatar\/243f7dd7e1db0ad0e9791be05df7d72ba5c8bf338408591753bae2fe87dae18d?s=96&d=mm&r=g\",\"contentUrl\":\"https:\/\/secure.gravatar.com\/avatar\/243f7dd7e1db0ad0e9791be05df7d72ba5c8bf338408591753bae2fe87dae18d?s=96&d=mm&r=g\",\"caption\":\"Adriana M.\"},\"description\":\"Periodista y experta en Comunicaci\u00f3n Audiovisual y Narrativa. Me encanta escribir y narrar lo que pasa a mi alrededor es mi pasi\u00f3n.\",\"url\":\"https:\/\/empresas.infoempleo.com\/hrtrends\/author\/adriana-kanvas\/\"}]}<\/script>\n<!-- \/ Yoast SEO plugin. -->","yoast_head_json":{"title":"Invasi\u00f3n de la privacidad en el trabajo: tipos y sanciones | HRTRENDS","description":"La invasi\u00f3n de la privacidad en el trabajo se puede producir de diferentes maneras. \u00a1Descubre qu\u00e9 dice la normativa al respecto y qu\u00e9 sanciones existen!","robots":{"index":"index","follow":"follow","max-snippet":"max-snippet:-1","max-image-preview":"max-image-preview:large","max-video-preview":"max-video-preview:-1"},"canonical":"https:\/\/empresas.infoempleo.com\/hrtrends\/invasion-de-la-privacidad-en-el-trabajo\/","og_locale":"es_ES","og_type":"article","og_title":"Invasi\u00f3n de la privacidad en el trabajo: tipos y sanciones | HRTRENDS","og_description":"La invasi\u00f3n de la privacidad en el trabajo se puede producir de diferentes maneras. \u00a1Descubre qu\u00e9 dice la normativa al respecto y qu\u00e9 sanciones existen!","og_url":"https:\/\/empresas.infoempleo.com\/hrtrends\/invasion-de-la-privacidad-en-el-trabajo\/","og_site_name":"HRTRENDS","article_publisher":"https:\/\/www.facebook.com\/Infoempleo","article_published_time":"2020-08-20T09:43:43+00:00","og_image":[{"width":980,"height":600,"url":"https:\/\/empresas.infoempleo.com\/hrtrends\/media\/2020\/08\/HRTrends-invasion-de-la-privacidad-en-el-trabajo.jpg","type":"image\/jpeg"}],"author":"Adriana M.","twitter_card":"summary_large_image","twitter_creator":"@infoempleo","twitter_site":"@infoempleo","twitter_misc":{"Escrito por":"Adriana M.","Tiempo de lectura":"3 minutos"},"schema":{"@context":"https:\/\/schema.org","@graph":[{"@type":"NewsArticle","@id":"https:\/\/empresas.infoempleo.com\/hrtrends\/invasion-de-la-privacidad-en-el-trabajo\/#article","isPartOf":{"@id":"https:\/\/empresas.infoempleo.com\/hrtrends\/invasion-de-la-privacidad-en-el-trabajo\/"},"author":{"name":"Adriana M.","@id":"https:\/\/empresas.infoempleo.com\/hrtrends\/#\/schema\/person\/b1dd51edbb566a47cd8f7513fa73d223"},"headline":"Invasi\u00f3n de la privacidad en el trabajo: \u00bfcu\u00e1ndo se vulnera el derecho?","datePublished":"2020-08-20T09:43:43+00:00","mainEntityOfPage":{"@id":"https:\/\/empresas.infoempleo.com\/hrtrends\/invasion-de-la-privacidad-en-el-trabajo\/"},"wordCount":672,"publisher":{"@id":"https:\/\/empresas.infoempleo.com\/hrtrends\/#organization"},"image":{"@id":"https:\/\/empresas.infoempleo.com\/hrtrends\/invasion-de-la-privacidad-en-el-trabajo\/#primaryimage"},"thumbnailUrl":"https:\/\/empresas.infoempleo.com\/hrtrends\/media\/2020\/08\/HRTrends-invasion-de-la-privacidad-en-el-trabajo.jpg","keywords":["gesti\u00f3n de equipos","invasi\u00f3n de la privacidad"],"articleSection":["Actualidad"],"inLanguage":"es","copyrightYear":"2020","copyrightHolder":{"@id":"https:\/\/empresas.infoempleo.com\/hrtrends\/#organization"}},{"@type":"WebPage","@id":"https:\/\/empresas.infoempleo.com\/hrtrends\/invasion-de-la-privacidad-en-el-trabajo\/","url":"https:\/\/empresas.infoempleo.com\/hrtrends\/invasion-de-la-privacidad-en-el-trabajo\/","name":"Invasi\u00f3n de la privacidad en el trabajo: tipos y sanciones | HRTRENDS","isPartOf":{"@id":"https:\/\/empresas.infoempleo.com\/hrtrends\/#website"},"primaryImageOfPage":{"@id":"https:\/\/empresas.infoempleo.com\/hrtrends\/invasion-de-la-privacidad-en-el-trabajo\/#primaryimage"},"image":{"@id":"https:\/\/empresas.infoempleo.com\/hrtrends\/invasion-de-la-privacidad-en-el-trabajo\/#primaryimage"},"thumbnailUrl":"https:\/\/empresas.infoempleo.com\/hrtrends\/media\/2020\/08\/HRTrends-invasion-de-la-privacidad-en-el-trabajo.jpg","datePublished":"2020-08-20T09:43:43+00:00","description":"La invasi\u00f3n de la privacidad en el trabajo se puede producir de diferentes maneras. \u00a1Descubre qu\u00e9 dice la normativa al respecto y qu\u00e9 sanciones existen!","breadcrumb":{"@id":"https:\/\/empresas.infoempleo.com\/hrtrends\/invasion-de-la-privacidad-en-el-trabajo\/#breadcrumb"},"inLanguage":"es","potentialAction":[{"@type":"ReadAction","target":["https:\/\/empresas.infoempleo.com\/hrtrends\/invasion-de-la-privacidad-en-el-trabajo\/"]}]},{"@type":"ImageObject","inLanguage":"es","@id":"https:\/\/empresas.infoempleo.com\/hrtrends\/invasion-de-la-privacidad-en-el-trabajo\/#primaryimage","url":"https:\/\/empresas.infoempleo.com\/hrtrends\/media\/2020\/08\/HRTrends-invasion-de-la-privacidad-en-el-trabajo-150x150.jpg","contentUrl":"https:\/\/empresas.infoempleo.com\/hrtrends\/media\/2020\/08\/HRTrends-invasion-de-la-privacidad-en-el-trabajo-150x150.jpg","width":150,"height":150},{"@type":"BreadcrumbList","@id":"https:\/\/empresas.infoempleo.com\/hrtrends\/invasion-de-la-privacidad-en-el-trabajo\/#breadcrumb","itemListElement":[{"@type":"ListItem","position":1,"name":"Portada","item":"https:\/\/empresas.infoempleo.com\/hrtrends\/"},{"@type":"ListItem","position":2,"name":"Invasi\u00f3n de la privacidad en el trabajo: \u00bfcu\u00e1ndo se vulnera el derecho?"}]},{"@type":"WebSite","@id":"https:\/\/empresas.infoempleo.com\/hrtrends\/#website","url":"https:\/\/empresas.infoempleo.com\/hrtrends","name":"HRTrends by Infoempleo","description":"","publisher":{"@id":"https:\/\/empresas.infoempleo.com\/hrtrends\/#organization"},"potentialAction":{"@type":"SearchAction","target":"https:\/\/empresas.infoempleo.com\/hrtrends\/?s={search_term_string}","query-input":"required name=search_term_string"},"inLanguage":"es"},{"@type":"Organization","@id":"https:\/\/empresas.infoempleo.com\/hrtrends\/#organization","name":"Infoempleo","url":"https:\/\/www.infoempleo.com\/","logo":{"@type":"ImageObject","@id":"https:\/\/empresas.infoempleo.com\/hrtrends\/#logo","inLanguage":"es","url":"https:\/\/cdnazure.infoempleo.com\/infoempleo\/assets\/style\/gfx\/logo.svg","contentUrl":"https:\/\/cdnazure.infoempleo.com\/infoempleo\/assets\/style\/gfx\/logo.svg","width":150,"height":40,"caption":"Infoempleo"},"image":{"@id":"https:\/\/empresas.infoempleo.com\/hrtrends\/#logo"},"sameAs":["https:\/\/www.facebook.com\/Infoempleo","https:\/\/x.com\/infoempleo","http:\/\/instagram.com\/infoempleo\/","http:\/\/www.linkedin.com\/groups\/Empleo-Espa\u00f1a-Infoempleocom-111276","http:\/\/pinterest.com\/infoempleo\/"],"address":{"@type":"PostalAddress","addressLocality":"Madrid","postalCode":"28050","streetAddress":"Avenida de Burgos 114"},"brand":["Infoempleo"]},{"@type":"Person","@id":"https:\/\/empresas.infoempleo.com\/hrtrends\/#\/schema\/person\/b1dd51edbb566a47cd8f7513fa73d223","name":"Adriana M.","image":{"@type":"ImageObject","inLanguage":"es","@id":"https:\/\/empresas.infoempleo.com\/hrtrends\/#\/schema\/person\/image\/","url":"https:\/\/secure.gravatar.com\/avatar\/243f7dd7e1db0ad0e9791be05df7d72ba5c8bf338408591753bae2fe87dae18d?s=96&d=mm&r=g","contentUrl":"https:\/\/secure.gravatar.com\/avatar\/243f7dd7e1db0ad0e9791be05df7d72ba5c8bf338408591753bae2fe87dae18d?s=96&d=mm&r=g","caption":"Adriana M."},"description":"Periodista y experta en Comunicaci\u00f3n Audiovisual y Narrativa. Me encanta escribir y narrar lo que pasa a mi alrededor es mi pasi\u00f3n.","url":"https:\/\/empresas.infoempleo.com\/hrtrends\/author\/adriana-kanvas\/"}]}},"amp_enabled":true,"_links":{"self":[{"href":"https:\/\/empresas.infoempleo.com\/hrtrends\/wp-json\/wp\/v2\/posts\/37727","targetHints":{"allow":["GET"]}}],"collection":[{"href":"https:\/\/empresas.infoempleo.com\/hrtrends\/wp-json\/wp\/v2\/posts"}],"about":[{"href":"https:\/\/empresas.infoempleo.com\/hrtrends\/wp-json\/wp\/v2\/types\/post"}],"author":[{"embeddable":true,"href":"https:\/\/empresas.infoempleo.com\/hrtrends\/wp-json\/wp\/v2\/users\/122"}],"replies":[{"embeddable":true,"href":"https:\/\/empresas.infoempleo.com\/hrtrends\/wp-json\/wp\/v2\/comments?post=37727"}],"version-history":[{"count":3,"href":"https:\/\/empresas.infoempleo.com\/hrtrends\/wp-json\/wp\/v2\/posts\/37727\/revisions"}],"predecessor-version":[{"id":37731,"href":"https:\/\/empresas.infoempleo.com\/hrtrends\/wp-json\/wp\/v2\/posts\/37727\/revisions\/37731"}],"wp:featuredmedia":[{"embeddable":true,"href":"https:\/\/empresas.infoempleo.com\/hrtrends\/wp-json\/wp\/v2\/media\/37729"}],"wp:attachment":[{"href":"https:\/\/empresas.infoempleo.com\/hrtrends\/wp-json\/wp\/v2\/media?parent=37727"}],"wp:term":[{"taxonomy":"category","embeddable":true,"href":"https:\/\/empresas.infoempleo.com\/hrtrends\/wp-json\/wp\/v2\/categories?post=37727"},{"taxonomy":"post_tag","embeddable":true,"href":"https:\/\/empresas.infoempleo.com\/hrtrends\/wp-json\/wp\/v2\/tags?post=37727"}],"curies":[{"name":"wp","href":"https:\/\/api.w.org\/{rel}","templated":true}]}}