{"id":37711,"date":"2020-08-12T07:30:59","date_gmt":"2020-08-12T05:30:59","guid":{"rendered":"https:\/\/empresas.infoempleo.com\/hrtrends\/?p=37711"},"modified":"2020-08-14T13:23:51","modified_gmt":"2020-08-14T11:23:51","slug":"controles-sanitarios-y-reconocimientos-medicos-de-empresa-en-tiempos-de-pandemia","status":"publish","type":"post","link":"https:\/\/empresas.infoempleo.com\/hrtrends\/controles-sanitarios-y-reconocimientos-medicos-de-empresa-en-tiempos-de-pandemia\/","title":{"rendered":"Controles sanitarios y reconocimientos m\u00e9dicos de empresa en tiempos de pandemia"},"content":{"rendered":"<p>Ante un riesgo de rebrote, muchas empresas han optado por hacer controles sanitarios y reconocimientos m\u00e9dicos a su personal para llevar un registro del posible contagio y su alcance. Esto incluye distintas pr\u00e1cticas que pueden llegar a entrar en conflicto con la protecci\u00f3n de datos de los trabajadores. Te contamos en qu\u00e9 consisten y qu\u00e9 implicaciones legales tienen.<\/p>\n<p><!--more--><\/p>\n<h2>Reconocer la salud de los trabajadores en la pandemia<\/h2>\n<p>Las pruebas que se est\u00e1n realizando en los centros de trabajo son de diverso tipo. Por un lado est\u00e1n los test, que se llevan a cabo en centros m\u00e9dicos concertados con la empresa o se efect\u00faan por personal sanitario dentro de las instalaciones. La pr\u00e1ctica de los <strong>test r\u00e1pidos <\/strong>y las <strong>serolog\u00edas<\/strong> se ha terminado desaconsejando por el Ministerio de Sanidad. Por un lado, los test r\u00e1pidos son poco fiables, con frecuencia dan falsos positivos y, en caso de detectar un positivo real, lo hacen cuando las oportunidades de atajar el contagio ya han pasado. Por otro lado, las serolog\u00edas detectan si alguien lo ha pasado, pero no pueden certificar su inmunidad frente a una reinfecci\u00f3n. Lo m\u00e1s recomendado est\u00e1n siendo las <strong>PCR solo a casos sospechosos<\/strong>.<\/p>\n<p>Otra de las medidas frecuentes son las <strong>mediciones de temperatura<\/strong> al comienzo de la jornada. Se realiza mediante term\u00f3metros por infrarrojos, c\u00e1maras termogr\u00e1ficas e incluso reconocimiento f\u00e1cil con termograf\u00eda. La eficacia de este m\u00e9todo tambi\u00e9n es cuestionable, pues los dispositivos de medici\u00f3n pueden tener imprecisiones muy diversas y arrojar cantidad falsos negativos. Tambi\u00e9n est\u00e1 en cuesti\u00f3n la forma de proceder ante una temperatura alta. A\u00fan as\u00ed, puede ser una medida eficaz de detecci\u00f3n si se une a otra serie de acciones preventivas.<\/p>\n<p>Por \u00faltimo, una herramienta que tambi\u00e9n est\u00e1 sirviendo para <strong>detectar o rastrear casos de <a href=\"https:\/\/empresas.infoempleo.com\/hrtrends\/tag\/covid-19\/\">COVID-19<\/a> son los cuestionarios<\/strong>. En ellos se pregunta si se presentan s\u00edntomas (fiebre, tos o dificultad respiratoria) o si se han presentado en las \u00faltimas dos semanas, si se ha estado en contacto con alguien que haya dado positivo recientemente o si se han hecho hace poco alguna prueba para detectar la enfermedad.<\/p>\n<p><img loading=\"lazy\" decoding=\"async\" class=\"alignnone wp-image-37712 size-full\" src=\"https:\/\/empresas.infoempleo.com\/hrtrends\/media\/2020\/08\/HRtrends_reconocimiento-medico.jpg\" alt=\"Los reconocimientos m\u00e9dicos son voluntarios\" width=\"800\" height=\"533\" srcset=\"https:\/\/empresas.infoempleo.com\/hrtrends\/media\/2020\/08\/HRtrends_reconocimiento-medico.jpg 800w, https:\/\/empresas.infoempleo.com\/hrtrends\/media\/2020\/08\/HRtrends_reconocimiento-medico-300x200.jpg 300w, https:\/\/empresas.infoempleo.com\/hrtrends\/media\/2020\/08\/HRtrends_reconocimiento-medico-768x512.jpg 768w\" sizes=\"auto, (max-width: 800px) 100vw, 800px\" \/><\/p>\n<h2>Estos controles sanitarios \u00bfson voluntarios?<\/h2>\n<p>Seg\u00fan el reglamento vigente, los reconocimientos m\u00e9dicos son voluntarios. Sin embargo, <strong>hay una salvedad: que est\u00e9 en riesgo la salud p\u00fablica<\/strong>. Y este es precisamente el caso de la pandemia. Un empleado contagiado puede poner en peligro a los dem\u00e1s trabajadores o a personas relacionadas con la empresa. A\u00fan as\u00ed, no hay nada determinante y habr\u00eda que ver las situaciones en concreto.<\/p>\n<p>Lo que no se puede es hacer uso de los datos recogidos para otros fines que no sean exclusivamente los relacionados con el contagio por coronavirus. Est\u00e1n protegidos por el Reglamento General de Protecci\u00f3n de Datos (RGPD). La Agencia Espa\u00f1ola de Protecci\u00f3n de Datos y algunos sindicatos ya ha expresado su preocupaci\u00f3n por <strong>c\u00f3mo podr\u00edan ser tratados en el lugar de trabajo<\/strong>.<\/p>\n","protected":false},"excerpt":{"rendered":"<p>Ante un riesgo de rebrote, muchas empresas han optado por hacer controles sanitarios y reconocimientos m\u00e9dicos a su<a class=\"moretag\" href=\"https:\/\/empresas.infoempleo.com\/hrtrends\/controles-sanitarios-y-reconocimientos-medicos-de-empresa-en-tiempos-de-pandemia\/\"> Leer m\u00e1s<\/a><\/p>\n","protected":false},"author":28,"featured_media":37715,"comment_status":"closed","ping_status":"closed","sticky":false,"template":"","format":"standard","meta":{"footnotes":""},"categories":[3],"tags":[3361,1128,3068],"class_list":["post-37711","post","type-post","status-publish","format-standard","has-post-thumbnail","hentry","category-actualidad","tag-covid-19","tag-derechos-laborales","tag-salud-trabajadores"],"yoast_head":"<!-- This site is optimized with the Yoast SEO plugin v26.1.1 - https:\/\/yoast.com\/wordpress\/plugins\/seo\/ -->\n<title>Controles sanitarios y reconocimientos m\u00e9dicos de empresa en tiempos de pandemia | HRTRENDS<\/title>\n<meta name=\"description\" content=\"Ante un riesgo de rebrote, lasa empresas hacen controles sanitarios y reconocimientos m\u00e9dicos a su personal para llevar un registro.\" \/>\n<meta name=\"robots\" content=\"index, follow, max-snippet:-1, max-image-preview:large, max-video-preview:-1\" \/>\n<link rel=\"canonical\" href=\"https:\/\/empresas.infoempleo.com\/hrtrends\/controles-sanitarios-y-reconocimientos-medicos-de-empresa-en-tiempos-de-pandemia\/\" \/>\n<meta property=\"og:locale\" content=\"es_ES\" \/>\n<meta property=\"og:type\" content=\"article\" \/>\n<meta property=\"og:title\" content=\"Controles sanitarios y reconocimientos m\u00e9dicos de empresa en tiempos de pandemia | HRTRENDS\" \/>\n<meta property=\"og:description\" content=\"Ante un riesgo de rebrote, lasa empresas hacen controles sanitarios y reconocimientos m\u00e9dicos a su personal para llevar un registro.\" \/>\n<meta property=\"og:url\" content=\"https:\/\/empresas.infoempleo.com\/hrtrends\/controles-sanitarios-y-reconocimientos-medicos-de-empresa-en-tiempos-de-pandemia\/\" \/>\n<meta property=\"og:site_name\" content=\"HRTRENDS\" \/>\n<meta property=\"article:publisher\" content=\"https:\/\/www.facebook.com\/Infoempleo\" \/>\n<meta property=\"article:published_time\" content=\"2020-08-12T05:30:59+00:00\" \/>\n<meta property=\"article:modified_time\" content=\"2020-08-14T11:23:51+00:00\" \/>\n<meta property=\"og:image\" content=\"https:\/\/empresas.infoempleo.com\/hrtrends\/media\/2020\/08\/HRtrends_controles-sanitarios-1.jpg\" \/>\n\t<meta property=\"og:image:width\" content=\"881\" \/>\n\t<meta property=\"og:image:height\" content=\"588\" \/>\n\t<meta property=\"og:image:type\" content=\"image\/jpeg\" \/>\n<meta name=\"author\" content=\"Ester Carrasco\" \/>\n<meta name=\"twitter:card\" content=\"summary_large_image\" \/>\n<meta name=\"twitter:creator\" content=\"@infoempleo\" \/>\n<meta name=\"twitter:site\" content=\"@infoempleo\" \/>\n<meta name=\"twitter:label1\" content=\"Escrito por\" \/>\n\t<meta name=\"twitter:data1\" content=\"Ester Carrasco\" \/>\n\t<meta name=\"twitter:label2\" content=\"Tiempo de lectura\" \/>\n\t<meta name=\"twitter:data2\" content=\"3 minutos\" \/>\n<script type=\"application\/ld+json\" class=\"yoast-schema-graph\">{\"@context\":\"https:\/\/schema.org\",\"@graph\":[{\"@type\":\"NewsArticle\",\"@id\":\"https:\/\/empresas.infoempleo.com\/hrtrends\/controles-sanitarios-y-reconocimientos-medicos-de-empresa-en-tiempos-de-pandemia\/#article\",\"isPartOf\":{\"@id\":\"https:\/\/empresas.infoempleo.com\/hrtrends\/controles-sanitarios-y-reconocimientos-medicos-de-empresa-en-tiempos-de-pandemia\/\"},\"author\":{\"name\":\"Ester Carrasco\",\"@id\":\"https:\/\/empresas.infoempleo.com\/hrtrends\/#\/schema\/person\/b5f470bbbcd4f7f0a6b8e4a99fd663a1\"},\"headline\":\"Controles sanitarios y reconocimientos m\u00e9dicos de empresa en tiempos de pandemia\",\"datePublished\":\"2020-08-12T05:30:59+00:00\",\"dateModified\":\"2020-08-14T11:23:51+00:00\",\"mainEntityOfPage\":{\"@id\":\"https:\/\/empresas.infoempleo.com\/hrtrends\/controles-sanitarios-y-reconocimientos-medicos-de-empresa-en-tiempos-de-pandemia\/\"},\"wordCount\":526,\"publisher\":{\"@id\":\"https:\/\/empresas.infoempleo.com\/hrtrends\/#organization\"},\"image\":{\"@id\":\"https:\/\/empresas.infoempleo.com\/hrtrends\/controles-sanitarios-y-reconocimientos-medicos-de-empresa-en-tiempos-de-pandemia\/#primaryimage\"},\"thumbnailUrl\":\"https:\/\/empresas.infoempleo.com\/hrtrends\/media\/2020\/08\/HRtrends_controles-sanitarios-1.jpg\",\"keywords\":[\"COVID-19\",\"derechos laborales\",\"salud trabajadores\"],\"articleSection\":[\"Actualidad\"],\"inLanguage\":\"es\",\"copyrightYear\":\"2020\",\"copyrightHolder\":{\"@id\":\"https:\/\/empresas.infoempleo.com\/hrtrends\/#organization\"}},{\"@type\":\"WebPage\",\"@id\":\"https:\/\/empresas.infoempleo.com\/hrtrends\/controles-sanitarios-y-reconocimientos-medicos-de-empresa-en-tiempos-de-pandemia\/\",\"url\":\"https:\/\/empresas.infoempleo.com\/hrtrends\/controles-sanitarios-y-reconocimientos-medicos-de-empresa-en-tiempos-de-pandemia\/\",\"name\":\"Controles sanitarios y reconocimientos m\u00e9dicos de empresa en tiempos de pandemia | HRTRENDS\",\"isPartOf\":{\"@id\":\"https:\/\/empresas.infoempleo.com\/hrtrends\/#website\"},\"primaryImageOfPage\":{\"@id\":\"https:\/\/empresas.infoempleo.com\/hrtrends\/controles-sanitarios-y-reconocimientos-medicos-de-empresa-en-tiempos-de-pandemia\/#primaryimage\"},\"image\":{\"@id\":\"https:\/\/empresas.infoempleo.com\/hrtrends\/controles-sanitarios-y-reconocimientos-medicos-de-empresa-en-tiempos-de-pandemia\/#primaryimage\"},\"thumbnailUrl\":\"https:\/\/empresas.infoempleo.com\/hrtrends\/media\/2020\/08\/HRtrends_controles-sanitarios-1.jpg\",\"datePublished\":\"2020-08-12T05:30:59+00:00\",\"dateModified\":\"2020-08-14T11:23:51+00:00\",\"description\":\"Ante un riesgo de rebrote, lasa empresas hacen controles sanitarios y reconocimientos m\u00e9dicos a su personal para llevar un registro.\",\"breadcrumb\":{\"@id\":\"https:\/\/empresas.infoempleo.com\/hrtrends\/controles-sanitarios-y-reconocimientos-medicos-de-empresa-en-tiempos-de-pandemia\/#breadcrumb\"},\"inLanguage\":\"es\",\"potentialAction\":[{\"@type\":\"ReadAction\",\"target\":[\"https:\/\/empresas.infoempleo.com\/hrtrends\/controles-sanitarios-y-reconocimientos-medicos-de-empresa-en-tiempos-de-pandemia\/\"]}]},{\"@type\":\"ImageObject\",\"inLanguage\":\"es\",\"@id\":\"https:\/\/empresas.infoempleo.com\/hrtrends\/controles-sanitarios-y-reconocimientos-medicos-de-empresa-en-tiempos-de-pandemia\/#primaryimage\",\"url\":\"https:\/\/empresas.infoempleo.com\/hrtrends\/media\/2020\/08\/HRtrends_controles-sanitarios-1-150x150.jpg\",\"contentUrl\":\"https:\/\/empresas.infoempleo.com\/hrtrends\/media\/2020\/08\/HRtrends_controles-sanitarios-1-150x150.jpg\",\"width\":150,\"height\":150,\"caption\":\"C\u00f3mo ser\u00e1n los controles sanitarios en las empresas\"},{\"@type\":\"BreadcrumbList\",\"@id\":\"https:\/\/empresas.infoempleo.com\/hrtrends\/controles-sanitarios-y-reconocimientos-medicos-de-empresa-en-tiempos-de-pandemia\/#breadcrumb\",\"itemListElement\":[{\"@type\":\"ListItem\",\"position\":1,\"name\":\"Portada\",\"item\":\"https:\/\/empresas.infoempleo.com\/hrtrends\/\"},{\"@type\":\"ListItem\",\"position\":2,\"name\":\"Controles sanitarios y reconocimientos m\u00e9dicos de empresa en tiempos de pandemia\"}]},{\"@type\":\"WebSite\",\"@id\":\"https:\/\/empresas.infoempleo.com\/hrtrends\/#website\",\"url\":\"https:\/\/empresas.infoempleo.com\/hrtrends\",\"name\":\"HRTrends by Infoempleo\",\"description\":\"\",\"publisher\":{\"@id\":\"https:\/\/empresas.infoempleo.com\/hrtrends\/#organization\"},\"potentialAction\":{\"@type\":\"SearchAction\",\"target\":\"https:\/\/empresas.infoempleo.com\/hrtrends\/?s={search_term_string}\",\"query-input\":\"required name=search_term_string\"},\"inLanguage\":\"es\"},{\"@type\":\"Organization\",\"@id\":\"https:\/\/empresas.infoempleo.com\/hrtrends\/#organization\",\"name\":\"Infoempleo\",\"url\":\"https:\/\/www.infoempleo.com\/\",\"logo\":{\"@type\":\"ImageObject\",\"@id\":\"https:\/\/empresas.infoempleo.com\/hrtrends\/#logo\",\"inLanguage\":\"es\",\"url\":\"https:\/\/cdnazure.infoempleo.com\/infoempleo\/assets\/style\/gfx\/logo.svg\",\"contentUrl\":\"https:\/\/cdnazure.infoempleo.com\/infoempleo\/assets\/style\/gfx\/logo.svg\",\"width\":150,\"height\":40,\"caption\":\"Infoempleo\"},\"image\":{\"@id\":\"https:\/\/empresas.infoempleo.com\/hrtrends\/#logo\"},\"sameAs\":[\"https:\/\/www.facebook.com\/Infoempleo\",\"https:\/\/x.com\/infoempleo\",\"http:\/\/instagram.com\/infoempleo\/\",\"http:\/\/www.linkedin.com\/groups\/Empleo-Espa\u00f1a-Infoempleocom-111276\",\"http:\/\/pinterest.com\/infoempleo\/\"],\"address\":{\"@type\":\"PostalAddress\",\"addressLocality\":\"Madrid\",\"postalCode\":\"28050\",\"streetAddress\":\"Avenida de Burgos 114\"},\"brand\":[\"Infoempleo\"]},{\"@type\":\"Person\",\"@id\":\"https:\/\/empresas.infoempleo.com\/hrtrends\/#\/schema\/person\/b5f470bbbcd4f7f0a6b8e4a99fd663a1\",\"name\":\"Ester Carrasco\",\"image\":{\"@type\":\"ImageObject\",\"inLanguage\":\"es\",\"@id\":\"https:\/\/empresas.infoempleo.com\/hrtrends\/#\/schema\/person\/image\/\",\"url\":\"https:\/\/secure.gravatar.com\/avatar\/faf8039f7480ebcd5f937fefead903a7965a3f0af255f45f22a6bfbcbf6f16cf?s=96&d=mm&r=g\",\"contentUrl\":\"https:\/\/secure.gravatar.com\/avatar\/faf8039f7480ebcd5f937fefead903a7965a3f0af255f45f22a6bfbcbf6f16cf?s=96&d=mm&r=g\",\"caption\":\"Ester Carrasco\"},\"description\":\"Licenciada en Filosof\u00eda, cuento con una amplia experiencia en el mundo editorial, en el que he tenido oportunidad de desarrollar mi perfil como editora, redactora y correctora. Me mantengo al d\u00eda de las noticias y novedades relacionadas con el empleo y el \u00e1mbito laboral. Tambi\u00e9n me interesan los temas de orientaci\u00f3n acad\u00e9mica y profesional para el desarrollo y construcci\u00f3n de perfiles laborales, as\u00ed como las formas de reclutar talento y de demostrarlo.\",\"url\":\"https:\/\/empresas.infoempleo.com\/hrtrends\/author\/ecarrascoagenciayerro\/\"}]}<\/script>\n<!-- \/ Yoast SEO plugin. -->","yoast_head_json":{"title":"Controles sanitarios y reconocimientos m\u00e9dicos de empresa en tiempos de pandemia | HRTRENDS","description":"Ante un riesgo de rebrote, lasa empresas hacen controles sanitarios y reconocimientos m\u00e9dicos a su personal para llevar un registro.","robots":{"index":"index","follow":"follow","max-snippet":"max-snippet:-1","max-image-preview":"max-image-preview:large","max-video-preview":"max-video-preview:-1"},"canonical":"https:\/\/empresas.infoempleo.com\/hrtrends\/controles-sanitarios-y-reconocimientos-medicos-de-empresa-en-tiempos-de-pandemia\/","og_locale":"es_ES","og_type":"article","og_title":"Controles sanitarios y reconocimientos m\u00e9dicos de empresa en tiempos de pandemia | HRTRENDS","og_description":"Ante un riesgo de rebrote, lasa empresas hacen controles sanitarios y reconocimientos m\u00e9dicos a su personal para llevar un registro.","og_url":"https:\/\/empresas.infoempleo.com\/hrtrends\/controles-sanitarios-y-reconocimientos-medicos-de-empresa-en-tiempos-de-pandemia\/","og_site_name":"HRTRENDS","article_publisher":"https:\/\/www.facebook.com\/Infoempleo","article_published_time":"2020-08-12T05:30:59+00:00","article_modified_time":"2020-08-14T11:23:51+00:00","og_image":[{"width":881,"height":588,"url":"https:\/\/empresas.infoempleo.com\/hrtrends\/media\/2020\/08\/HRtrends_controles-sanitarios-1.jpg","type":"image\/jpeg"}],"author":"Ester Carrasco","twitter_card":"summary_large_image","twitter_creator":"@infoempleo","twitter_site":"@infoempleo","twitter_misc":{"Escrito por":"Ester Carrasco","Tiempo de lectura":"3 minutos"},"schema":{"@context":"https:\/\/schema.org","@graph":[{"@type":"NewsArticle","@id":"https:\/\/empresas.infoempleo.com\/hrtrends\/controles-sanitarios-y-reconocimientos-medicos-de-empresa-en-tiempos-de-pandemia\/#article","isPartOf":{"@id":"https:\/\/empresas.infoempleo.com\/hrtrends\/controles-sanitarios-y-reconocimientos-medicos-de-empresa-en-tiempos-de-pandemia\/"},"author":{"name":"Ester Carrasco","@id":"https:\/\/empresas.infoempleo.com\/hrtrends\/#\/schema\/person\/b5f470bbbcd4f7f0a6b8e4a99fd663a1"},"headline":"Controles sanitarios y reconocimientos m\u00e9dicos de empresa en tiempos de pandemia","datePublished":"2020-08-12T05:30:59+00:00","dateModified":"2020-08-14T11:23:51+00:00","mainEntityOfPage":{"@id":"https:\/\/empresas.infoempleo.com\/hrtrends\/controles-sanitarios-y-reconocimientos-medicos-de-empresa-en-tiempos-de-pandemia\/"},"wordCount":526,"publisher":{"@id":"https:\/\/empresas.infoempleo.com\/hrtrends\/#organization"},"image":{"@id":"https:\/\/empresas.infoempleo.com\/hrtrends\/controles-sanitarios-y-reconocimientos-medicos-de-empresa-en-tiempos-de-pandemia\/#primaryimage"},"thumbnailUrl":"https:\/\/empresas.infoempleo.com\/hrtrends\/media\/2020\/08\/HRtrends_controles-sanitarios-1.jpg","keywords":["COVID-19","derechos laborales","salud trabajadores"],"articleSection":["Actualidad"],"inLanguage":"es","copyrightYear":"2020","copyrightHolder":{"@id":"https:\/\/empresas.infoempleo.com\/hrtrends\/#organization"}},{"@type":"WebPage","@id":"https:\/\/empresas.infoempleo.com\/hrtrends\/controles-sanitarios-y-reconocimientos-medicos-de-empresa-en-tiempos-de-pandemia\/","url":"https:\/\/empresas.infoempleo.com\/hrtrends\/controles-sanitarios-y-reconocimientos-medicos-de-empresa-en-tiempos-de-pandemia\/","name":"Controles sanitarios y reconocimientos m\u00e9dicos de empresa en tiempos de pandemia | HRTRENDS","isPartOf":{"@id":"https:\/\/empresas.infoempleo.com\/hrtrends\/#website"},"primaryImageOfPage":{"@id":"https:\/\/empresas.infoempleo.com\/hrtrends\/controles-sanitarios-y-reconocimientos-medicos-de-empresa-en-tiempos-de-pandemia\/#primaryimage"},"image":{"@id":"https:\/\/empresas.infoempleo.com\/hrtrends\/controles-sanitarios-y-reconocimientos-medicos-de-empresa-en-tiempos-de-pandemia\/#primaryimage"},"thumbnailUrl":"https:\/\/empresas.infoempleo.com\/hrtrends\/media\/2020\/08\/HRtrends_controles-sanitarios-1.jpg","datePublished":"2020-08-12T05:30:59+00:00","dateModified":"2020-08-14T11:23:51+00:00","description":"Ante un riesgo de rebrote, lasa empresas hacen controles sanitarios y reconocimientos m\u00e9dicos a su personal para llevar un registro.","breadcrumb":{"@id":"https:\/\/empresas.infoempleo.com\/hrtrends\/controles-sanitarios-y-reconocimientos-medicos-de-empresa-en-tiempos-de-pandemia\/#breadcrumb"},"inLanguage":"es","potentialAction":[{"@type":"ReadAction","target":["https:\/\/empresas.infoempleo.com\/hrtrends\/controles-sanitarios-y-reconocimientos-medicos-de-empresa-en-tiempos-de-pandemia\/"]}]},{"@type":"ImageObject","inLanguage":"es","@id":"https:\/\/empresas.infoempleo.com\/hrtrends\/controles-sanitarios-y-reconocimientos-medicos-de-empresa-en-tiempos-de-pandemia\/#primaryimage","url":"https:\/\/empresas.infoempleo.com\/hrtrends\/media\/2020\/08\/HRtrends_controles-sanitarios-1-150x150.jpg","contentUrl":"https:\/\/empresas.infoempleo.com\/hrtrends\/media\/2020\/08\/HRtrends_controles-sanitarios-1-150x150.jpg","width":150,"height":150,"caption":"C\u00f3mo ser\u00e1n los controles sanitarios en las empresas"},{"@type":"BreadcrumbList","@id":"https:\/\/empresas.infoempleo.com\/hrtrends\/controles-sanitarios-y-reconocimientos-medicos-de-empresa-en-tiempos-de-pandemia\/#breadcrumb","itemListElement":[{"@type":"ListItem","position":1,"name":"Portada","item":"https:\/\/empresas.infoempleo.com\/hrtrends\/"},{"@type":"ListItem","position":2,"name":"Controles sanitarios y reconocimientos m\u00e9dicos de empresa en tiempos de pandemia"}]},{"@type":"WebSite","@id":"https:\/\/empresas.infoempleo.com\/hrtrends\/#website","url":"https:\/\/empresas.infoempleo.com\/hrtrends","name":"HRTrends by Infoempleo","description":"","publisher":{"@id":"https:\/\/empresas.infoempleo.com\/hrtrends\/#organization"},"potentialAction":{"@type":"SearchAction","target":"https:\/\/empresas.infoempleo.com\/hrtrends\/?s={search_term_string}","query-input":"required name=search_term_string"},"inLanguage":"es"},{"@type":"Organization","@id":"https:\/\/empresas.infoempleo.com\/hrtrends\/#organization","name":"Infoempleo","url":"https:\/\/www.infoempleo.com\/","logo":{"@type":"ImageObject","@id":"https:\/\/empresas.infoempleo.com\/hrtrends\/#logo","inLanguage":"es","url":"https:\/\/cdnazure.infoempleo.com\/infoempleo\/assets\/style\/gfx\/logo.svg","contentUrl":"https:\/\/cdnazure.infoempleo.com\/infoempleo\/assets\/style\/gfx\/logo.svg","width":150,"height":40,"caption":"Infoempleo"},"image":{"@id":"https:\/\/empresas.infoempleo.com\/hrtrends\/#logo"},"sameAs":["https:\/\/www.facebook.com\/Infoempleo","https:\/\/x.com\/infoempleo","http:\/\/instagram.com\/infoempleo\/","http:\/\/www.linkedin.com\/groups\/Empleo-Espa\u00f1a-Infoempleocom-111276","http:\/\/pinterest.com\/infoempleo\/"],"address":{"@type":"PostalAddress","addressLocality":"Madrid","postalCode":"28050","streetAddress":"Avenida de Burgos 114"},"brand":["Infoempleo"]},{"@type":"Person","@id":"https:\/\/empresas.infoempleo.com\/hrtrends\/#\/schema\/person\/b5f470bbbcd4f7f0a6b8e4a99fd663a1","name":"Ester Carrasco","image":{"@type":"ImageObject","inLanguage":"es","@id":"https:\/\/empresas.infoempleo.com\/hrtrends\/#\/schema\/person\/image\/","url":"https:\/\/secure.gravatar.com\/avatar\/faf8039f7480ebcd5f937fefead903a7965a3f0af255f45f22a6bfbcbf6f16cf?s=96&d=mm&r=g","contentUrl":"https:\/\/secure.gravatar.com\/avatar\/faf8039f7480ebcd5f937fefead903a7965a3f0af255f45f22a6bfbcbf6f16cf?s=96&d=mm&r=g","caption":"Ester Carrasco"},"description":"Licenciada en Filosof\u00eda, cuento con una amplia experiencia en el mundo editorial, en el que he tenido oportunidad de desarrollar mi perfil como editora, redactora y correctora. Me mantengo al d\u00eda de las noticias y novedades relacionadas con el empleo y el \u00e1mbito laboral. Tambi\u00e9n me interesan los temas de orientaci\u00f3n acad\u00e9mica y profesional para el desarrollo y construcci\u00f3n de perfiles laborales, as\u00ed como las formas de reclutar talento y de demostrarlo.","url":"https:\/\/empresas.infoempleo.com\/hrtrends\/author\/ecarrascoagenciayerro\/"}]}},"amp_enabled":true,"_links":{"self":[{"href":"https:\/\/empresas.infoempleo.com\/hrtrends\/wp-json\/wp\/v2\/posts\/37711","targetHints":{"allow":["GET"]}}],"collection":[{"href":"https:\/\/empresas.infoempleo.com\/hrtrends\/wp-json\/wp\/v2\/posts"}],"about":[{"href":"https:\/\/empresas.infoempleo.com\/hrtrends\/wp-json\/wp\/v2\/types\/post"}],"author":[{"embeddable":true,"href":"https:\/\/empresas.infoempleo.com\/hrtrends\/wp-json\/wp\/v2\/users\/28"}],"replies":[{"embeddable":true,"href":"https:\/\/empresas.infoempleo.com\/hrtrends\/wp-json\/wp\/v2\/comments?post=37711"}],"version-history":[{"count":1,"href":"https:\/\/empresas.infoempleo.com\/hrtrends\/wp-json\/wp\/v2\/posts\/37711\/revisions"}],"predecessor-version":[{"id":37714,"href":"https:\/\/empresas.infoempleo.com\/hrtrends\/wp-json\/wp\/v2\/posts\/37711\/revisions\/37714"}],"wp:featuredmedia":[{"embeddable":true,"href":"https:\/\/empresas.infoempleo.com\/hrtrends\/wp-json\/wp\/v2\/media\/37715"}],"wp:attachment":[{"href":"https:\/\/empresas.infoempleo.com\/hrtrends\/wp-json\/wp\/v2\/media?parent=37711"}],"wp:term":[{"taxonomy":"category","embeddable":true,"href":"https:\/\/empresas.infoempleo.com\/hrtrends\/wp-json\/wp\/v2\/categories?post=37711"},{"taxonomy":"post_tag","embeddable":true,"href":"https:\/\/empresas.infoempleo.com\/hrtrends\/wp-json\/wp\/v2\/tags?post=37711"}],"curies":[{"name":"wp","href":"https:\/\/api.w.org\/{rel}","templated":true}]}}