{"id":37677,"date":"2020-07-29T12:00:04","date_gmt":"2020-07-29T10:00:04","guid":{"rendered":"https:\/\/empresas.infoempleo.com\/hrtrends\/?p=37677"},"modified":"2025-07-09T17:19:00","modified_gmt":"2025-07-09T15:19:00","slug":"informe-infoempleo-adecco-empleo-en-espana-antes-y-despues-del-covid","status":"publish","type":"post","link":"https:\/\/empresas.infoempleo.com\/hrtrends\/informe-infoempleo-adecco-empleo-en-espana-antes-y-despues-del-covid\/","title":{"rendered":"Informe Infoempleo Adecco: el empleo en Espa\u00f1a antes y despu\u00e9s del COVID"},"content":{"rendered":"<p>Esta ma\u00f1ana se ha presentado en Madrid una nueva edici\u00f3n del <strong>Inform<\/strong><strong>e<\/strong><strong> Infoempleo Adecco<\/strong>, que estudia la oferta y demanda de empleo en Espa\u00f1a.<\/p>\n<p>Para poder ofrecer una <strong>fotograf\u00eda real y completa del mercado laboral<\/strong>, adem\u00e1s de analizar las <strong>ofertas publicadas en <a href=\"https:\/\/www.infoempleo.com\/\">Infoempleo<\/a><\/strong> durante el \u00faltimo a\u00f1o, el informe tambi\u00e9n incluye un <strong>sondeo cuantitativo y cualitativo a m\u00e1s de 15.000 empresas y candidatos<\/strong> para conocer de primera mano cu\u00e1l ha sido la<strong> incidencia que ha tenido la pandemia en el empleo en Espa\u00f1a.<\/strong><\/p>\n<p>Seg\u00fan los datos que muestra este estudio, <strong>en 2019 la oferta de empleo en Espa\u00f1a<\/strong><strong>\u00a0hab\u00eda experimentado un incremento de un 10,2%<\/strong> con respecto al ejercicio anterior, encadenando con ello siete ejercicios consecutivos de aumentos.<\/p>\n<p>Por ramas de actividad, <strong>hosteler\u00eda y turismo y comercio lideraron las primeras posiciones como generadores de empleo<\/strong> en el sector servicios, que re\u00fane un 55,6% de la oferta total. En el <strong>\u00e1mbito industrial<\/strong>, que aglutina el <strong>26,90%<\/strong>, los mayores aumentos porcentuales vinieron de la mano del metal, la mineralurgia y la siderurgia, la industria automovil\u00edstica y la qu\u00edmica. Mientras que el <strong>macrosector TIC<\/strong> mantuvo una buena evoluci\u00f3n alcanzando el<strong> 13% de las ofertas nacionales<\/strong>. Construcci\u00f3n, por su parte, se mantuvo al alza hasta llegar al 4,18% de las ofertas, y el sector primario, todav\u00eda en tendencia positiva, alcanz\u00f3 el 1,29% restante.<\/p>\n<p>En cuanto a la generaci\u00f3n de empleo por comunidades aut\u00f3nomas, <strong>Madrid sigue siendo la que m\u00e1s oportunidades ofrece<\/strong>, un 26% de las ofertas totales. <strong>Le sigue de cerca Catalu\u00f1a<\/strong>, que se queda con el 23% de la oferta nacional, y Pa\u00eds Vasco, que creci\u00f3 durante el 2019 hasta hacerse con el 11,3% de las ofertas. Mientras que Andaluc\u00eda repite en el cuarto puesto con un 8,6%.<strong>\u00a0<\/strong><\/p>\n<p><img loading=\"lazy\" decoding=\"async\" class=\"size-full wp-image-37694 alignnone\" src=\"https:\/\/empresas.infoempleo.com\/hrtrends\/media\/2020\/07\/HRTrends-Informe-Infoempleo-Adecco-empleo-Espa\u00f1a.jpg\" alt=\"HRTrends-Informe Infoempleo Adecco-empleo-Espa\u00f1a\" width=\"831\" height=\"649\" srcset=\"https:\/\/empresas.infoempleo.com\/hrtrends\/media\/2020\/07\/HRTrends-Informe-Infoempleo-Adecco-empleo-Espa\u00f1a.jpg 831w, https:\/\/empresas.infoempleo.com\/hrtrends\/media\/2020\/07\/HRTrends-Informe-Infoempleo-Adecco-empleo-Espa\u00f1a-300x234.jpg 300w, https:\/\/empresas.infoempleo.com\/hrtrends\/media\/2020\/07\/HRTrends-Informe-Infoempleo-Adecco-empleo-Espa\u00f1a-768x600.jpg 768w\" sizes=\"auto, (max-width: 831px) 100vw, 831px\" \/><\/p>\n<h2>Fuerte impacto del COVID sobre la actividad empresarial<\/h2>\n<p><strong>La pandemia termin\u00f3 con esta tendencia alcista<\/strong> y plante\u00f3 un escenario empresarial muy diferente. Un 35% de las empresas paralizaron por completo su actividad empresarial. <strong>Cinco de cada diez organizaciones aseguran haber reducido su actividad econ\u00f3mica<\/strong> entre un 25% y un 75%, un 12,4% se han mantenido estables y un 5,5% han crecido. Este \u00faltimo porcentaje, est\u00e1 representado principalmente por empresas del sector de log\u00edstica y transporte, sanidad y servicios sociales, TIC, alimentaci\u00f3n y bebidas o agricultura.<\/p>\n<p>Como consecuencia de este <strong>par\u00f3n de actividad durante el estado de alarma<\/strong>, la capacidad de las empresas para generar ofertas se redujo un 70%. Si bien esta reducci\u00f3n ha afectado de forma generalizada a toda la geograf\u00eda espa\u00f1ola, las comunidades de Islas Baleares (-82,1%), Catalu\u00f1a (-77,1%) y Pa\u00eds Vasco (-74%) han sido las m\u00e1s afectadas. Por sectores, los m\u00e1s perjudicados han sido hosteler\u00eda y turismo (-90%), consultor\u00eda (-87,5%) y las industrias del autom\u00f3vil (-85%) y el metal (-84%).<\/p>\n<p><img loading=\"lazy\" decoding=\"async\" class=\"alignnone wp-image-37683 size-full\" title=\"HRTrends-impacto covid sobre empresas\" src=\"https:\/\/empresas.infoempleo.com\/hrtrends\/media\/2020\/07\/impacto-covid-sobre-empresas.jpg\" alt=\"HRTrends-impacto covid sobre empresas\" width=\"834\" height=\"417\" srcset=\"https:\/\/empresas.infoempleo.com\/hrtrends\/media\/2020\/07\/impacto-covid-sobre-empresas.jpg 834w, https:\/\/empresas.infoempleo.com\/hrtrends\/media\/2020\/07\/impacto-covid-sobre-empresas-300x150.jpg 300w, https:\/\/empresas.infoempleo.com\/hrtrends\/media\/2020\/07\/impacto-covid-sobre-empresas-768x384.jpg 768w\" sizes=\"auto, (max-width: 834px) 100vw, 834px\" \/><\/p>\n<h2>A pesar de los despidos, las empresas aprueban en su respuesta a la crisis sanitaria<\/h2>\n<p>A pesar de que la situaci\u00f3n ha llevado a un 35% de las organizaciones a paralizar por completo su actividad durante el estado de alarma. <strong>Las empresas espa\u00f1olas consiguen el aprobado en su respuesta a la crisis sanitaria<\/strong>, tanto desde la parte corporativa como por parte de los trabajadores. Javier Blasco, Director del Adecco Group Institute, ha se\u00f1alado durante la presentaci\u00f3n del <strong>Informe Infoempleo Adecco 2019<\/strong> que \u201cla mayor parte de las personas han confiado en sus empresas durante la crisis y lo seguir\u00e1n haciendo de cara a la post pandemia, siendo algunos de los sectores m\u00e1s impactados por el confinamiento, como la construcci\u00f3n o la industria, los que esperan liderar la recuperaci\u00f3n. Necesitamos redefinir un nuevo contrato social donde empleadores, personas trabajadoras y marco regulador dibujen un mercado de trabajo competitivo para atraer inversi\u00f3n y talento\u201d.<\/p>\n<p><strong>El 61,3% de las empresas encuestadas se hab\u00edan acogido a alg\u00fan ERTE antes de junio de 2020<\/strong>. Una cifra que var\u00eda enormemente en funci\u00f3n del macrosector. Las empresas del sector construcci\u00f3n (75%), industrial (74,1%) y servicios (61%) han sido las principales beneficiarias de esta medida. <strong>De los ERTEs presentados el m\u00e1s com\u00fan ha sido el de suspensi\u00f3n total<\/strong>, bien para una parte de la plantilla (43,2%) o, en menor medida, para el total de la compa\u00f1\u00eda (29,2%).<\/p>\n<p>En cuanto a los despidos, <strong>el 55,6% de las compa\u00f1\u00edas consultadas han realizado despidos en los \u00faltimos tres meses<\/strong>. El m\u00e1s frecuente ha sido el despido procedente (42,9%).<\/p>\n<p><img loading=\"lazy\" decoding=\"async\" class=\"alignnone wp-image-37692 size-full\" title=\"HRTrends-Informe Infoempleo Adecco-empresas tras pandemia\" src=\"https:\/\/empresas.infoempleo.com\/hrtrends\/media\/2020\/07\/HRTrends-Informe-Infoempleo-Adecco-empresas-tras-pandemia-1.jpg\" alt=\"HRTrends-Informe Infoempleo Adecco-empresas tras pandemia\" width=\"995\" height=\"476\" srcset=\"https:\/\/empresas.infoempleo.com\/hrtrends\/media\/2020\/07\/HRTrends-Informe-Infoempleo-Adecco-empresas-tras-pandemia-1.jpg 995w, https:\/\/empresas.infoempleo.com\/hrtrends\/media\/2020\/07\/HRTrends-Informe-Infoempleo-Adecco-empresas-tras-pandemia-1-300x144.jpg 300w, https:\/\/empresas.infoempleo.com\/hrtrends\/media\/2020\/07\/HRTrends-Informe-Infoempleo-Adecco-empresas-tras-pandemia-1-768x367.jpg 768w\" sizes=\"auto, (max-width: 995px) 100vw, 995px\" \/><\/p>\n<h2>Incertidumbre ante el futuro<\/h2>\n<p><strong>\u201cEl grado de incertidumbre actual es tan alto que no hay una respuesta correcta que asegure la supervivencia empresarial en un contexto como este\u201d<\/strong>, ha asegurado Teresa Tom\u00e1s, CEO de Infoempleo, durante la presentaci\u00f3n del estudio. \u201cEn todo caso, hay muchas respuestas. Tantas como posibles escenarios. Pero tambi\u00e9n debemos reconocer que, en la nueva normalidad, el escenario menos probable es el de la vuelta a la realidad pre-COVID. Cuanto menos tardemos en aceptarlo, antes podremos empezar a trabajar en construir ese nuevo futuro\u201d.<\/p>\n<p><img loading=\"lazy\" decoding=\"async\" class=\"wp-image-37687 size-large aligncenter\" title=\"HRTrends-Informe Infoempleo Adecco-dificultades-empresas\" src=\"https:\/\/empresas.infoempleo.com\/hrtrends\/media\/2020\/07\/HRTrends-Informe-Infoempleo-Adecco-dificultades-empresas-1024x543.jpg\" alt=\"HRTrends-Informe Infoempleo Adecco-dificultades-empresas\" width=\"1024\" height=\"543\" srcset=\"https:\/\/empresas.infoempleo.com\/hrtrends\/media\/2020\/07\/HRTrends-Informe-Infoempleo-Adecco-dificultades-empresas-1024x543.jpg 1024w, https:\/\/empresas.infoempleo.com\/hrtrends\/media\/2020\/07\/HRTrends-Informe-Infoempleo-Adecco-dificultades-empresas-300x159.jpg 300w, https:\/\/empresas.infoempleo.com\/hrtrends\/media\/2020\/07\/HRTrends-Informe-Infoempleo-Adecco-dificultades-empresas-768x407.jpg 768w, https:\/\/empresas.infoempleo.com\/hrtrends\/media\/2020\/07\/HRTrends-Informe-Infoempleo-Adecco-dificultades-empresas.jpg 1052w\" sizes=\"auto, (max-width: 1024px) 100vw, 1024px\" \/><\/p>\n<p>Si en febrero de este a\u00f1o un 75,4% de las empresas planeaban incorporar nuevo talento a sus plantillas, ahora tan <strong>solo el 29,5% prev\u00e9n hacer nuevas contrataciones en lo que resta de 2020<\/strong>. En t\u00e9rminos de despidos, la tendencia es la contraria. <strong>Entre febrero y junio de 2020 han aumentado un 40% los planes de reducci\u00f3n de personal<\/strong>, pasando de un 22,5% al 31,6% actual.<\/p>\n<p>El 15,5% de las empresas planean tambi\u00e9n solicitar o ampliar un ERE temporal (ERTE), especialmente en los macrosectores industrial y construcci\u00f3n. Por el lado retributivo, <strong>el 29,1% de las empresas est\u00e1n pensando hacer recortes salariales<\/strong> que afectar\u00e1n, especialmente, a los trabajadores del sector servicios (32,4%) e industrial (30,9%).<\/p>\n<p>Los <strong>mayores miedos a los que se enfrentan las empresas<\/strong> se centran en la <strong>no reactivaci\u00f3n del consumo<\/strong> (41,3%), un <strong>posible rebrote del virus<\/strong> que obligue a nuevos confinamientos (38,7%) y el <strong>cambio de h\u00e1bitos o gustos en el cliente<\/strong> (25,1%). Seg\u00fan los datos recogidos en el Informe, ni empresas ni profesionales se muestran optimistas con la evoluci\u00f3n del empleo en Espa\u00f1a para los pr\u00f3ximos seis meses. Para 2021, sin embargo, las expectativas mejoran notablemente (seis sobre diez).<\/p>\n","protected":false},"excerpt":{"rendered":"<p>Esta ma\u00f1ana se ha presentado en Madrid una nueva edici\u00f3n del Informe Infoempleo Adecco, que estudia la oferta<a class=\"moretag\" href=\"https:\/\/empresas.infoempleo.com\/hrtrends\/informe-infoempleo-adecco-empleo-en-espana-antes-y-despues-del-covid\/\"> Leer m\u00e1s<\/a><\/p>\n","protected":false},"author":27,"featured_media":37696,"comment_status":"closed","ping_status":"closed","sticky":false,"template":"","format":"standard","meta":{"footnotes":""},"categories":[3,3033],"tags":[3416,3415,169],"class_list":["post-37677","post","type-post","status-publish","format-standard","has-post-thumbnail","hentry","category-actualidad","category-novedades","tag-empleo-en-espana","tag-informe-infoempleo-adecco-2019","tag-mercado-laboral"],"yoast_head":"<!-- This site is optimized with the Yoast SEO plugin v26.1.1 - https:\/\/yoast.com\/wordpress\/plugins\/seo\/ -->\n<title>Informe Infoempleo Adecco: impacto del Covid en el empleo en Espa\u00f1a<\/title>\n<meta name=\"description\" content=\"El Informe Infoempleo Adecco analiza el empleo en Espa\u00f1a durante 2019 y la incidencia que ha tenido la pandemia en el mercado laboral de nuestro pa\u00eds\" \/>\n<meta name=\"robots\" content=\"index, follow, max-snippet:-1, max-image-preview:large, max-video-preview:-1\" \/>\n<link rel=\"canonical\" href=\"https:\/\/empresas.infoempleo.com\/hrtrends\/informe-infoempleo-adecco-empleo-en-espana-antes-y-despues-del-covid\/\" \/>\n<meta property=\"og:locale\" content=\"es_ES\" \/>\n<meta property=\"og:type\" content=\"article\" \/>\n<meta property=\"og:title\" content=\"Informe Infoempleo Adecco: impacto del Covid en el empleo en Espa\u00f1a\" \/>\n<meta property=\"og:description\" content=\"El Informe Infoempleo Adecco analiza el empleo en Espa\u00f1a durante 2019 y la incidencia que ha tenido la pandemia en el mercado laboral de nuestro pa\u00eds\" \/>\n<meta property=\"og:url\" content=\"https:\/\/empresas.infoempleo.com\/hrtrends\/informe-infoempleo-adecco-empleo-en-espana-antes-y-despues-del-covid\/\" \/>\n<meta property=\"og:site_name\" content=\"HRTRENDS\" \/>\n<meta property=\"article:publisher\" content=\"https:\/\/www.facebook.com\/Infoempleo\" \/>\n<meta property=\"article:published_time\" content=\"2020-07-29T10:00:04+00:00\" \/>\n<meta property=\"article:modified_time\" content=\"2025-07-09T15:19:00+00:00\" \/>\n<meta property=\"og:image\" content=\"https:\/\/empresas.infoempleo.com\/hrtrends\/media\/2020\/07\/HRTrends-Informe-Infoempleo-Adecco-oferta-de-empleo-en-Espa\u00f1a.jpg\" \/>\n\t<meta property=\"og:image:width\" content=\"981\" \/>\n\t<meta property=\"og:image:height\" content=\"600\" \/>\n\t<meta property=\"og:image:type\" content=\"image\/jpeg\" \/>\n<meta name=\"author\" content=\"Mayte Guill\u00e9n\" \/>\n<meta name=\"twitter:card\" content=\"summary_large_image\" \/>\n<meta name=\"twitter:creator\" content=\"@mayteguillen\" \/>\n<meta name=\"twitter:site\" content=\"@infoempleo\" \/>\n<meta name=\"twitter:label1\" content=\"Escrito por\" \/>\n\t<meta name=\"twitter:data1\" content=\"Mayte Guill\u00e9n\" \/>\n\t<meta name=\"twitter:label2\" content=\"Tiempo de lectura\" \/>\n\t<meta name=\"twitter:data2\" content=\"6 minutos\" \/>\n<script type=\"application\/ld+json\" class=\"yoast-schema-graph\">{\"@context\":\"https:\/\/schema.org\",\"@graph\":[{\"@type\":\"NewsArticle\",\"@id\":\"https:\/\/empresas.infoempleo.com\/hrtrends\/informe-infoempleo-adecco-empleo-en-espana-antes-y-despues-del-covid\/#article\",\"isPartOf\":{\"@id\":\"https:\/\/empresas.infoempleo.com\/hrtrends\/informe-infoempleo-adecco-empleo-en-espana-antes-y-despues-del-covid\/\"},\"author\":{\"name\":\"Mayte Guill\u00e9n\",\"@id\":\"https:\/\/empresas.infoempleo.com\/hrtrends\/#\/schema\/person\/4e46e960319e61d74737b4371bed2d9e\"},\"headline\":\"Informe Infoempleo Adecco: el empleo en Espa\u00f1a antes y despu\u00e9s del COVID\",\"datePublished\":\"2020-07-29T10:00:04+00:00\",\"dateModified\":\"2025-07-09T15:19:00+00:00\",\"mainEntityOfPage\":{\"@id\":\"https:\/\/empresas.infoempleo.com\/hrtrends\/informe-infoempleo-adecco-empleo-en-espana-antes-y-despues-del-covid\/\"},\"wordCount\":1030,\"publisher\":{\"@id\":\"https:\/\/empresas.infoempleo.com\/hrtrends\/#organization\"},\"image\":{\"@id\":\"https:\/\/empresas.infoempleo.com\/hrtrends\/informe-infoempleo-adecco-empleo-en-espana-antes-y-despues-del-covid\/#primaryimage\"},\"thumbnailUrl\":\"https:\/\/empresas.infoempleo.com\/hrtrends\/media\/2020\/07\/HRTrends-Informe-Infoempleo-Adecco-oferta-de-empleo-en-Espa\u00f1a.jpg\",\"keywords\":[\"empleo en Espa\u00f1a\",\"Informe Infoempleo Adecco 2019\",\"mercado laboral\"],\"articleSection\":[\"Actualidad\",\"Novedades Infoempleo\"],\"inLanguage\":\"es\",\"copyrightYear\":\"2020\",\"copyrightHolder\":{\"@id\":\"https:\/\/empresas.infoempleo.com\/hrtrends\/#organization\"}},{\"@type\":\"WebPage\",\"@id\":\"https:\/\/empresas.infoempleo.com\/hrtrends\/informe-infoempleo-adecco-empleo-en-espana-antes-y-despues-del-covid\/\",\"url\":\"https:\/\/empresas.infoempleo.com\/hrtrends\/informe-infoempleo-adecco-empleo-en-espana-antes-y-despues-del-covid\/\",\"name\":\"Informe Infoempleo Adecco: impacto del Covid en el empleo en Espa\u00f1a\",\"isPartOf\":{\"@id\":\"https:\/\/empresas.infoempleo.com\/hrtrends\/#website\"},\"primaryImageOfPage\":{\"@id\":\"https:\/\/empresas.infoempleo.com\/hrtrends\/informe-infoempleo-adecco-empleo-en-espana-antes-y-despues-del-covid\/#primaryimage\"},\"image\":{\"@id\":\"https:\/\/empresas.infoempleo.com\/hrtrends\/informe-infoempleo-adecco-empleo-en-espana-antes-y-despues-del-covid\/#primaryimage\"},\"thumbnailUrl\":\"https:\/\/empresas.infoempleo.com\/hrtrends\/media\/2020\/07\/HRTrends-Informe-Infoempleo-Adecco-oferta-de-empleo-en-Espa\u00f1a.jpg\",\"datePublished\":\"2020-07-29T10:00:04+00:00\",\"dateModified\":\"2025-07-09T15:19:00+00:00\",\"description\":\"El Informe Infoempleo Adecco analiza el empleo en Espa\u00f1a durante 2019 y la incidencia que ha tenido la pandemia en el mercado laboral de nuestro pa\u00eds\",\"breadcrumb\":{\"@id\":\"https:\/\/empresas.infoempleo.com\/hrtrends\/informe-infoempleo-adecco-empleo-en-espana-antes-y-despues-del-covid\/#breadcrumb\"},\"inLanguage\":\"es\",\"potentialAction\":[{\"@type\":\"ReadAction\",\"target\":[\"https:\/\/empresas.infoempleo.com\/hrtrends\/informe-infoempleo-adecco-empleo-en-espana-antes-y-despues-del-covid\/\"]}]},{\"@type\":\"ImageObject\",\"inLanguage\":\"es\",\"@id\":\"https:\/\/empresas.infoempleo.com\/hrtrends\/informe-infoempleo-adecco-empleo-en-espana-antes-y-despues-del-covid\/#primaryimage\",\"url\":\"https:\/\/empresas.infoempleo.com\/hrtrends\/media\/2020\/07\/HRTrends-Informe-Infoempleo-Adecco-oferta-de-empleo-en-Espa\u00f1a-150x150.jpg\",\"contentUrl\":\"https:\/\/empresas.infoempleo.com\/hrtrends\/media\/2020\/07\/HRTrends-Informe-Infoempleo-Adecco-oferta-de-empleo-en-Espa\u00f1a-150x150.jpg\",\"width\":150,\"height\":150},{\"@type\":\"BreadcrumbList\",\"@id\":\"https:\/\/empresas.infoempleo.com\/hrtrends\/informe-infoempleo-adecco-empleo-en-espana-antes-y-despues-del-covid\/#breadcrumb\",\"itemListElement\":[{\"@type\":\"ListItem\",\"position\":1,\"name\":\"Portada\",\"item\":\"https:\/\/empresas.infoempleo.com\/hrtrends\/\"},{\"@type\":\"ListItem\",\"position\":2,\"name\":\"Informe Infoempleo Adecco: el empleo en Espa\u00f1a antes y despu\u00e9s del COVID\"}]},{\"@type\":\"WebSite\",\"@id\":\"https:\/\/empresas.infoempleo.com\/hrtrends\/#website\",\"url\":\"https:\/\/empresas.infoempleo.com\/hrtrends\",\"name\":\"HRTrends by Infoempleo\",\"description\":\"\",\"publisher\":{\"@id\":\"https:\/\/empresas.infoempleo.com\/hrtrends\/#organization\"},\"potentialAction\":{\"@type\":\"SearchAction\",\"target\":\"https:\/\/empresas.infoempleo.com\/hrtrends\/?s={search_term_string}\",\"query-input\":\"required name=search_term_string\"},\"inLanguage\":\"es\"},{\"@type\":\"Organization\",\"@id\":\"https:\/\/empresas.infoempleo.com\/hrtrends\/#organization\",\"name\":\"Infoempleo\",\"url\":\"https:\/\/www.infoempleo.com\/\",\"logo\":{\"@type\":\"ImageObject\",\"@id\":\"https:\/\/empresas.infoempleo.com\/hrtrends\/#logo\",\"inLanguage\":\"es\",\"url\":\"https:\/\/cdnazure.infoempleo.com\/infoempleo\/assets\/style\/gfx\/logo.svg\",\"contentUrl\":\"https:\/\/cdnazure.infoempleo.com\/infoempleo\/assets\/style\/gfx\/logo.svg\",\"width\":150,\"height\":40,\"caption\":\"Infoempleo\"},\"image\":{\"@id\":\"https:\/\/empresas.infoempleo.com\/hrtrends\/#logo\"},\"sameAs\":[\"https:\/\/www.facebook.com\/Infoempleo\",\"https:\/\/x.com\/infoempleo\",\"http:\/\/instagram.com\/infoempleo\/\",\"http:\/\/www.linkedin.com\/groups\/Empleo-Espa\u00f1a-Infoempleocom-111276\",\"http:\/\/pinterest.com\/infoempleo\/\"],\"address\":{\"@type\":\"PostalAddress\",\"addressLocality\":\"Madrid\",\"postalCode\":\"28050\",\"streetAddress\":\"Avenida de Burgos 114\"},\"brand\":[\"Infoempleo\"]},{\"@type\":\"Person\",\"@id\":\"https:\/\/empresas.infoempleo.com\/hrtrends\/#\/schema\/person\/4e46e960319e61d74737b4371bed2d9e\",\"name\":\"Mayte Guill\u00e9n\",\"image\":{\"@type\":\"ImageObject\",\"inLanguage\":\"es\",\"@id\":\"https:\/\/empresas.infoempleo.com\/hrtrends\/#\/schema\/person\/image\/\",\"url\":\"https:\/\/secure.gravatar.com\/avatar\/65b5a8d69d8ba2b4ada3ebca81086320c804f708633e50c9630548bdbfb2a7c4?s=96&d=mm&r=g\",\"contentUrl\":\"https:\/\/secure.gravatar.com\/avatar\/65b5a8d69d8ba2b4ada3ebca81086320c804f708633e50c9630548bdbfb2a7c4?s=96&d=mm&r=g\",\"caption\":\"Mayte Guill\u00e9n\"},\"description\":\"Escribo sobre empleo, formaci\u00f3n y Recursos Humanos, y las sinergias que existen entre estos mundos. Me gusta pensar que con mi trabajo ayudo a las personas a mejorar su futuro laboral. Responsable de Contenidos y Estudios en Infoempleo.\",\"sameAs\":[\"https:\/\/www.linkedin.com\/in\/mayteguillen\/\",\"https:\/\/x.com\/mayteguillen\"],\"url\":\"https:\/\/empresas.infoempleo.com\/hrtrends\/author\/mayte-guillen\/\"}]}<\/script>\n<!-- \/ Yoast SEO plugin. -->","yoast_head_json":{"title":"Informe Infoempleo Adecco: impacto del Covid en el empleo en Espa\u00f1a","description":"El Informe Infoempleo Adecco analiza el empleo en Espa\u00f1a durante 2019 y la incidencia que ha tenido la pandemia en el mercado laboral de nuestro pa\u00eds","robots":{"index":"index","follow":"follow","max-snippet":"max-snippet:-1","max-image-preview":"max-image-preview:large","max-video-preview":"max-video-preview:-1"},"canonical":"https:\/\/empresas.infoempleo.com\/hrtrends\/informe-infoempleo-adecco-empleo-en-espana-antes-y-despues-del-covid\/","og_locale":"es_ES","og_type":"article","og_title":"Informe Infoempleo Adecco: impacto del Covid en el empleo en Espa\u00f1a","og_description":"El Informe Infoempleo Adecco analiza el empleo en Espa\u00f1a durante 2019 y la incidencia que ha tenido la pandemia en el mercado laboral de nuestro pa\u00eds","og_url":"https:\/\/empresas.infoempleo.com\/hrtrends\/informe-infoempleo-adecco-empleo-en-espana-antes-y-despues-del-covid\/","og_site_name":"HRTRENDS","article_publisher":"https:\/\/www.facebook.com\/Infoempleo","article_published_time":"2020-07-29T10:00:04+00:00","article_modified_time":"2025-07-09T15:19:00+00:00","og_image":[{"width":981,"height":600,"url":"https:\/\/empresas.infoempleo.com\/hrtrends\/media\/2020\/07\/HRTrends-Informe-Infoempleo-Adecco-oferta-de-empleo-en-Espa\u00f1a.jpg","type":"image\/jpeg"}],"author":"Mayte Guill\u00e9n","twitter_card":"summary_large_image","twitter_creator":"@mayteguillen","twitter_site":"@infoempleo","twitter_misc":{"Escrito por":"Mayte Guill\u00e9n","Tiempo de lectura":"6 minutos"},"schema":{"@context":"https:\/\/schema.org","@graph":[{"@type":"NewsArticle","@id":"https:\/\/empresas.infoempleo.com\/hrtrends\/informe-infoempleo-adecco-empleo-en-espana-antes-y-despues-del-covid\/#article","isPartOf":{"@id":"https:\/\/empresas.infoempleo.com\/hrtrends\/informe-infoempleo-adecco-empleo-en-espana-antes-y-despues-del-covid\/"},"author":{"name":"Mayte Guill\u00e9n","@id":"https:\/\/empresas.infoempleo.com\/hrtrends\/#\/schema\/person\/4e46e960319e61d74737b4371bed2d9e"},"headline":"Informe Infoempleo Adecco: el empleo en Espa\u00f1a antes y despu\u00e9s del COVID","datePublished":"2020-07-29T10:00:04+00:00","dateModified":"2025-07-09T15:19:00+00:00","mainEntityOfPage":{"@id":"https:\/\/empresas.infoempleo.com\/hrtrends\/informe-infoempleo-adecco-empleo-en-espana-antes-y-despues-del-covid\/"},"wordCount":1030,"publisher":{"@id":"https:\/\/empresas.infoempleo.com\/hrtrends\/#organization"},"image":{"@id":"https:\/\/empresas.infoempleo.com\/hrtrends\/informe-infoempleo-adecco-empleo-en-espana-antes-y-despues-del-covid\/#primaryimage"},"thumbnailUrl":"https:\/\/empresas.infoempleo.com\/hrtrends\/media\/2020\/07\/HRTrends-Informe-Infoempleo-Adecco-oferta-de-empleo-en-Espa\u00f1a.jpg","keywords":["empleo en Espa\u00f1a","Informe Infoempleo Adecco 2019","mercado laboral"],"articleSection":["Actualidad","Novedades Infoempleo"],"inLanguage":"es","copyrightYear":"2020","copyrightHolder":{"@id":"https:\/\/empresas.infoempleo.com\/hrtrends\/#organization"}},{"@type":"WebPage","@id":"https:\/\/empresas.infoempleo.com\/hrtrends\/informe-infoempleo-adecco-empleo-en-espana-antes-y-despues-del-covid\/","url":"https:\/\/empresas.infoempleo.com\/hrtrends\/informe-infoempleo-adecco-empleo-en-espana-antes-y-despues-del-covid\/","name":"Informe Infoempleo Adecco: impacto del Covid en el empleo en Espa\u00f1a","isPartOf":{"@id":"https:\/\/empresas.infoempleo.com\/hrtrends\/#website"},"primaryImageOfPage":{"@id":"https:\/\/empresas.infoempleo.com\/hrtrends\/informe-infoempleo-adecco-empleo-en-espana-antes-y-despues-del-covid\/#primaryimage"},"image":{"@id":"https:\/\/empresas.infoempleo.com\/hrtrends\/informe-infoempleo-adecco-empleo-en-espana-antes-y-despues-del-covid\/#primaryimage"},"thumbnailUrl":"https:\/\/empresas.infoempleo.com\/hrtrends\/media\/2020\/07\/HRTrends-Informe-Infoempleo-Adecco-oferta-de-empleo-en-Espa\u00f1a.jpg","datePublished":"2020-07-29T10:00:04+00:00","dateModified":"2025-07-09T15:19:00+00:00","description":"El Informe Infoempleo Adecco analiza el empleo en Espa\u00f1a durante 2019 y la incidencia que ha tenido la pandemia en el mercado laboral de nuestro pa\u00eds","breadcrumb":{"@id":"https:\/\/empresas.infoempleo.com\/hrtrends\/informe-infoempleo-adecco-empleo-en-espana-antes-y-despues-del-covid\/#breadcrumb"},"inLanguage":"es","potentialAction":[{"@type":"ReadAction","target":["https:\/\/empresas.infoempleo.com\/hrtrends\/informe-infoempleo-adecco-empleo-en-espana-antes-y-despues-del-covid\/"]}]},{"@type":"ImageObject","inLanguage":"es","@id":"https:\/\/empresas.infoempleo.com\/hrtrends\/informe-infoempleo-adecco-empleo-en-espana-antes-y-despues-del-covid\/#primaryimage","url":"https:\/\/empresas.infoempleo.com\/hrtrends\/media\/2020\/07\/HRTrends-Informe-Infoempleo-Adecco-oferta-de-empleo-en-Espa\u00f1a-150x150.jpg","contentUrl":"https:\/\/empresas.infoempleo.com\/hrtrends\/media\/2020\/07\/HRTrends-Informe-Infoempleo-Adecco-oferta-de-empleo-en-Espa\u00f1a-150x150.jpg","width":150,"height":150},{"@type":"BreadcrumbList","@id":"https:\/\/empresas.infoempleo.com\/hrtrends\/informe-infoempleo-adecco-empleo-en-espana-antes-y-despues-del-covid\/#breadcrumb","itemListElement":[{"@type":"ListItem","position":1,"name":"Portada","item":"https:\/\/empresas.infoempleo.com\/hrtrends\/"},{"@type":"ListItem","position":2,"name":"Informe Infoempleo Adecco: el empleo en Espa\u00f1a antes y despu\u00e9s del COVID"}]},{"@type":"WebSite","@id":"https:\/\/empresas.infoempleo.com\/hrtrends\/#website","url":"https:\/\/empresas.infoempleo.com\/hrtrends","name":"HRTrends by Infoempleo","description":"","publisher":{"@id":"https:\/\/empresas.infoempleo.com\/hrtrends\/#organization"},"potentialAction":{"@type":"SearchAction","target":"https:\/\/empresas.infoempleo.com\/hrtrends\/?s={search_term_string}","query-input":"required name=search_term_string"},"inLanguage":"es"},{"@type":"Organization","@id":"https:\/\/empresas.infoempleo.com\/hrtrends\/#organization","name":"Infoempleo","url":"https:\/\/www.infoempleo.com\/","logo":{"@type":"ImageObject","@id":"https:\/\/empresas.infoempleo.com\/hrtrends\/#logo","inLanguage":"es","url":"https:\/\/cdnazure.infoempleo.com\/infoempleo\/assets\/style\/gfx\/logo.svg","contentUrl":"https:\/\/cdnazure.infoempleo.com\/infoempleo\/assets\/style\/gfx\/logo.svg","width":150,"height":40,"caption":"Infoempleo"},"image":{"@id":"https:\/\/empresas.infoempleo.com\/hrtrends\/#logo"},"sameAs":["https:\/\/www.facebook.com\/Infoempleo","https:\/\/x.com\/infoempleo","http:\/\/instagram.com\/infoempleo\/","http:\/\/www.linkedin.com\/groups\/Empleo-Espa\u00f1a-Infoempleocom-111276","http:\/\/pinterest.com\/infoempleo\/"],"address":{"@type":"PostalAddress","addressLocality":"Madrid","postalCode":"28050","streetAddress":"Avenida de Burgos 114"},"brand":["Infoempleo"]},{"@type":"Person","@id":"https:\/\/empresas.infoempleo.com\/hrtrends\/#\/schema\/person\/4e46e960319e61d74737b4371bed2d9e","name":"Mayte Guill\u00e9n","image":{"@type":"ImageObject","inLanguage":"es","@id":"https:\/\/empresas.infoempleo.com\/hrtrends\/#\/schema\/person\/image\/","url":"https:\/\/secure.gravatar.com\/avatar\/65b5a8d69d8ba2b4ada3ebca81086320c804f708633e50c9630548bdbfb2a7c4?s=96&d=mm&r=g","contentUrl":"https:\/\/secure.gravatar.com\/avatar\/65b5a8d69d8ba2b4ada3ebca81086320c804f708633e50c9630548bdbfb2a7c4?s=96&d=mm&r=g","caption":"Mayte Guill\u00e9n"},"description":"Escribo sobre empleo, formaci\u00f3n y Recursos Humanos, y las sinergias que existen entre estos mundos. Me gusta pensar que con mi trabajo ayudo a las personas a mejorar su futuro laboral. Responsable de Contenidos y Estudios en Infoempleo.","sameAs":["https:\/\/www.linkedin.com\/in\/mayteguillen\/","https:\/\/x.com\/mayteguillen"],"url":"https:\/\/empresas.infoempleo.com\/hrtrends\/author\/mayte-guillen\/"}]}},"amp_enabled":true,"_links":{"self":[{"href":"https:\/\/empresas.infoempleo.com\/hrtrends\/wp-json\/wp\/v2\/posts\/37677","targetHints":{"allow":["GET"]}}],"collection":[{"href":"https:\/\/empresas.infoempleo.com\/hrtrends\/wp-json\/wp\/v2\/posts"}],"about":[{"href":"https:\/\/empresas.infoempleo.com\/hrtrends\/wp-json\/wp\/v2\/types\/post"}],"author":[{"embeddable":true,"href":"https:\/\/empresas.infoempleo.com\/hrtrends\/wp-json\/wp\/v2\/users\/27"}],"replies":[{"embeddable":true,"href":"https:\/\/empresas.infoempleo.com\/hrtrends\/wp-json\/wp\/v2\/comments?post=37677"}],"version-history":[{"count":19,"href":"https:\/\/empresas.infoempleo.com\/hrtrends\/wp-json\/wp\/v2\/posts\/37677\/revisions"}],"predecessor-version":[{"id":46907,"href":"https:\/\/empresas.infoempleo.com\/hrtrends\/wp-json\/wp\/v2\/posts\/37677\/revisions\/46907"}],"wp:featuredmedia":[{"embeddable":true,"href":"https:\/\/empresas.infoempleo.com\/hrtrends\/wp-json\/wp\/v2\/media\/37696"}],"wp:attachment":[{"href":"https:\/\/empresas.infoempleo.com\/hrtrends\/wp-json\/wp\/v2\/media?parent=37677"}],"wp:term":[{"taxonomy":"category","embeddable":true,"href":"https:\/\/empresas.infoempleo.com\/hrtrends\/wp-json\/wp\/v2\/categories?post=37677"},{"taxonomy":"post_tag","embeddable":true,"href":"https:\/\/empresas.infoempleo.com\/hrtrends\/wp-json\/wp\/v2\/tags?post=37677"}],"curies":[{"name":"wp","href":"https:\/\/api.w.org\/{rel}","templated":true}]}}