{"id":37639,"date":"2020-08-05T07:30:33","date_gmt":"2020-08-05T05:30:33","guid":{"rendered":"https:\/\/empresas.infoempleo.com\/hrtrends\/?p=37639"},"modified":"2020-07-07T16:01:00","modified_gmt":"2020-07-07T14:01:00","slug":"la-motivacion-del-trabajador-tras-el-coronavirus-clave-en-la-nueva-normalidad","status":"publish","type":"post","link":"https:\/\/empresas.infoempleo.com\/hrtrends\/la-motivacion-del-trabajador-tras-el-coronavirus-clave-en-la-nueva-normalidad\/","title":{"rendered":"La motivaci\u00f3n del trabajador tras el coronavirus, clave en la nueva normalidad"},"content":{"rendered":"<p><span style=\"font-weight: 400;\">Saber <\/span><b>motivar a los empleados, y cohesionarse como grupo<\/b><span style=\"font-weight: 400;\">, es clave para recuperar el ritmo normal tras el coronavirus. Tras unas condiciones an\u00f3malas como las vividas, resulta necesario <\/span><b>mantener alta la motivaci\u00f3n del trabajador<\/b><span style=\"font-weight: 400;\"> para lograr los niveles de productividad anteriores a la alerta sanitaria.<\/span><\/p>\n<p><span style=\"font-weight: 400;\">El COVID-19 ha dejado huella en la sociedad. Tras la finalizaci\u00f3n del estado de alarma son muchos los trabajadores que se incorporan progresivamente a sus puestos de trabajo. Muchos de ellos sienten <\/span><b>temor a lo desconocido e incertidumbre por sus puestos de trabajo<\/b><span style=\"font-weight: 400;\">. Por eso, lo mejor es activar a los empleados cuanto antes y acompa\u00f1arlos en el proceso de la vuelta a la normalidad laboral.<\/span><\/p>\n<h2>C\u00f3mo lograr la motivaci\u00f3n del trabajador tras el coronavirus<\/h2>\n<p><span style=\"font-weight: 400;\">Para lograr la motivaci\u00f3n del trabajador tras el coronavirus<\/span> <span style=\"font-weight: 400;\">es necesario <\/span><b>recuperar las actividades cotidianas y el ritmo de trabajo <\/b><span style=\"font-weight: 400;\">habitual tan pronto como sea posible. Esto se conseguir\u00e1 teniendo en cuenta los siguientes aspectos:<\/span><\/p>\n<h3>La importancia de la transparencia y la comunicaci\u00f3n<\/h3>\n<p><span style=\"font-weight: 400;\">La comunicaci\u00f3n es siempre importante, pero en estos momentos m\u00e1s que nunca. Tanto si la empresa mira el futuro con optimismo como si lo hace con preocupaci\u00f3n, es necesario <\/span><b>ser claro y honesto<\/b><span style=\"font-weight: 400;\"> con los trabajadores. As\u00ed se evitar\u00e1 que se disparen los rumores o reine un clima de negatividad o desconfianza.\u00a0<\/span><\/p>\n<h3>Crear conciencia de equipo<\/h3>\n<p><span style=\"font-weight: 400;\">Para lograr la motivaci\u00f3n del trabajador tras el coronavirus nada mejor como <\/span><b>potenciar una atm\u00f3sfera de trabajo agradable<\/b><span style=\"font-weight: 400;\">, donde los compa\u00f1eros puedan hablar y re\u00edrse juntos, anim\u00e1ndose en los momentos m\u00e1s bajos y ayud\u00e1ndose mutuamente cuando sea necesario.\u00a0<\/span><\/p>\n<h3>Ofrecer seguridad y salud labora<b>l<\/b><\/h3>\n<p><span style=\"font-weight: 400;\">El trabajador se tiene que sentir seguro en su puesto de trabajo. Le corresponde a la empresa velar por su seguridad estableciendo las <\/span><b>medidas de higiene<\/b><span style=\"font-weight: 400;\"> m\u00e1s recomendables en cada caso. No hay que olvidar comunicar a los trabajadores cualquier norma o planificaci\u00f3n al respecto de la salud.\u00a0<\/span><\/p>\n<h3>Inter\u00e9s por cada trabajador<\/h3>\n<p><span style=\"font-weight: 400;\">Para mantener alta la <\/span><b>motivaci\u00f3n del trabajador tras el coronavirus <\/b><span style=\"font-weight: 400;\">es necesario preocuparse por cada empleado de forma individual. Cuidar el tono de las comunicaciones, vigilar que no haya tensi\u00f3n en los equipos o <\/span><b>conocer las inquietudes de cada empleado <\/b><span style=\"font-weight: 400;\">es vital para que el equipo trabaje al un\u00edsono con ganas y energ\u00eda.<\/span><\/p>\n<h3>Gesti\u00f3n de las emociones<\/h3>\n<p>Cada trabajador gestiona de una forma distinta sus emociones. A los empleados a los que les cueste m\u00e1s la vuelta al trabajo tras la alerta sanitaria provocada por el coronavirus se merecen una <b>atenci\u00f3n individualizada <\/b>por parte de la empresa.<\/p>\n<h3>Reconocimiento de logros<\/h3>\n<p><span style=\"font-weight: 400;\">Hoy, m\u00e1s que nunca es necesario <\/span><b>reconocer p\u00fablicamente los logros de los profesionales<\/b><span style=\"font-weight: 400;\">, ya que de lo contrario el trabajador se puede sentir inseguro en su puesto. De esta manera, los objetivos de los empleados se mantendr\u00e1n alineados con los de la compa\u00f1\u00eda.\u00a0<\/span><\/p>\n<h3>Nuevas tareas y responsabilidades<\/h3>\n<p><span style=\"font-weight: 400;\">Si es necesario habr\u00e1 que facilitar nuevas tareas a los trabajadores. <\/span><b>Los nuevos retos contribuyen a aumentar la atenci\u00f3n del empleado<\/b><span style=\"font-weight: 400;\"> y, por tanto, los niveles de concentraci\u00f3n, motivaci\u00f3n y productividad.<\/span><\/p>\n<h3>T\u00e9cnicas de coaching<\/h3>\n<p><span style=\"font-weight: 400;\">Para potenciar la motivaci\u00f3n del trabajador tras el coronavirus conviene <\/span><b>emplear t\u00e9cnicas de coaching <\/b><span style=\"font-weight: 400;\">o, mejor a\u00fan, contratar a un coach que ayude a concretar objetivos realistas y empuje a los trabajadores a cumplir retos.\u00a0<\/span><\/p>\n<h3>Planes de formaci\u00f3n interna<\/h3>\n<p><span style=\"font-weight: 400;\">Podemos aumentar la motivaci\u00f3n del trabajador tras el coronavirus ofreci\u00e9ndole formaci\u00f3n que le ayude a calmar su ansiedad. <\/span><b>Cursos de resiliencia, autoconocimiento, yoga, meditaci\u00f3n, o reducci\u00f3n del estr\u00e9s <\/b><span style=\"font-weight: 400;\">ser\u00e1n bienvenidos y valorados positivamente por los empleados.<\/span><\/p>\n<p><span style=\"font-weight: 400;\">Con estas sencillas t\u00e9cnicas el retorno al trabajo puede convertirse en una etapa eficaz. <\/span><b>La motivaci\u00f3n del trabajador tras el coronavirus puede estar baja<\/b><span style=\"font-weight: 400;\">, pero en la mano de las empresas est\u00e1 hacer todo lo posible por lograr cuanto antes la vuelta a la normalidad.\u00a0<\/span><\/p>\n","protected":false},"excerpt":{"rendered":"<p>Saber motivar a los empleados, y cohesionarse como grupo, es clave para recuperar el ritmo normal tras el<a class=\"moretag\" href=\"https:\/\/empresas.infoempleo.com\/hrtrends\/la-motivacion-del-trabajador-tras-el-coronavirus-clave-en-la-nueva-normalidad\/\"> Leer m\u00e1s<\/a><\/p>\n","protected":false},"author":122,"featured_media":37641,"comment_status":"closed","ping_status":"closed","sticky":false,"template":"","format":"standard","meta":{"footnotes":""},"categories":[3],"tags":[3361,274,3412],"class_list":["post-37639","post","type-post","status-publish","format-standard","has-post-thumbnail","hentry","category-actualidad","tag-covid-19","tag-motivacion","tag-nueva-normalidad"],"yoast_head":"<!-- This site is optimized with the Yoast SEO plugin v26.1.1 - https:\/\/yoast.com\/wordpress\/plugins\/seo\/ -->\n<title>La motivaci\u00f3n del trabajador tras el coronavirus, clave en la nueva normalidad | HRTRENDS<\/title>\n<meta name=\"description\" content=\"La motivaci\u00f3n del trabajador tras el coronavirus es clave en la vuelta a la normalidad. Descubre c\u00f3mo conseguir que se mantenga alta\" \/>\n<meta name=\"robots\" content=\"index, follow, max-snippet:-1, max-image-preview:large, max-video-preview:-1\" \/>\n<link rel=\"canonical\" href=\"https:\/\/empresas.infoempleo.com\/hrtrends\/la-motivacion-del-trabajador-tras-el-coronavirus-clave-en-la-nueva-normalidad\/\" \/>\n<meta property=\"og:locale\" content=\"es_ES\" \/>\n<meta property=\"og:type\" content=\"article\" \/>\n<meta property=\"og:title\" content=\"La motivaci\u00f3n del trabajador tras el coronavirus, clave en la nueva normalidad | HRTRENDS\" \/>\n<meta property=\"og:description\" content=\"La motivaci\u00f3n del trabajador tras el coronavirus es clave en la vuelta a la normalidad. Descubre c\u00f3mo conseguir que se mantenga alta\" \/>\n<meta property=\"og:url\" content=\"https:\/\/empresas.infoempleo.com\/hrtrends\/la-motivacion-del-trabajador-tras-el-coronavirus-clave-en-la-nueva-normalidad\/\" \/>\n<meta property=\"og:site_name\" content=\"HRTRENDS\" \/>\n<meta property=\"article:publisher\" content=\"https:\/\/www.facebook.com\/Infoempleo\" \/>\n<meta property=\"article:published_time\" content=\"2020-08-05T05:30:33+00:00\" \/>\n<meta property=\"og:image\" content=\"https:\/\/empresas.infoempleo.com\/hrtrends\/media\/2020\/07\/HRTrends-como-conseguir-la-motivacion-del-trabajador-tras-el-coronavirus.jpg\" \/>\n\t<meta property=\"og:image:width\" content=\"980\" \/>\n\t<meta property=\"og:image:height\" content=\"654\" \/>\n\t<meta property=\"og:image:type\" content=\"image\/jpeg\" \/>\n<meta name=\"author\" content=\"Adriana M.\" \/>\n<meta name=\"twitter:card\" content=\"summary_large_image\" \/>\n<meta name=\"twitter:creator\" content=\"@infoempleo\" \/>\n<meta name=\"twitter:site\" content=\"@infoempleo\" \/>\n<meta name=\"twitter:label1\" content=\"Escrito por\" \/>\n\t<meta name=\"twitter:data1\" content=\"Adriana M.\" \/>\n\t<meta name=\"twitter:label2\" content=\"Tiempo de lectura\" \/>\n\t<meta name=\"twitter:data2\" content=\"3 minutos\" \/>\n<script type=\"application\/ld+json\" class=\"yoast-schema-graph\">{\"@context\":\"https:\/\/schema.org\",\"@graph\":[{\"@type\":\"NewsArticle\",\"@id\":\"https:\/\/empresas.infoempleo.com\/hrtrends\/la-motivacion-del-trabajador-tras-el-coronavirus-clave-en-la-nueva-normalidad\/#article\",\"isPartOf\":{\"@id\":\"https:\/\/empresas.infoempleo.com\/hrtrends\/la-motivacion-del-trabajador-tras-el-coronavirus-clave-en-la-nueva-normalidad\/\"},\"author\":{\"name\":\"Adriana M.\",\"@id\":\"https:\/\/empresas.infoempleo.com\/hrtrends\/#\/schema\/person\/b1dd51edbb566a47cd8f7513fa73d223\"},\"headline\":\"La motivaci\u00f3n del trabajador tras el coronavirus, clave en la nueva normalidad\",\"datePublished\":\"2020-08-05T05:30:33+00:00\",\"mainEntityOfPage\":{\"@id\":\"https:\/\/empresas.infoempleo.com\/hrtrends\/la-motivacion-del-trabajador-tras-el-coronavirus-clave-en-la-nueva-normalidad\/\"},\"wordCount\":677,\"publisher\":{\"@id\":\"https:\/\/empresas.infoempleo.com\/hrtrends\/#organization\"},\"image\":{\"@id\":\"https:\/\/empresas.infoempleo.com\/hrtrends\/la-motivacion-del-trabajador-tras-el-coronavirus-clave-en-la-nueva-normalidad\/#primaryimage\"},\"thumbnailUrl\":\"https:\/\/empresas.infoempleo.com\/hrtrends\/media\/2020\/07\/HRTrends-como-conseguir-la-motivacion-del-trabajador-tras-el-coronavirus.jpg\",\"keywords\":[\"COVID-19\",\"motivaci\u00f3n\",\"nueva normalidad\"],\"articleSection\":[\"Actualidad\"],\"inLanguage\":\"es\",\"copyrightYear\":\"2020\",\"copyrightHolder\":{\"@id\":\"https:\/\/empresas.infoempleo.com\/hrtrends\/#organization\"}},{\"@type\":\"WebPage\",\"@id\":\"https:\/\/empresas.infoempleo.com\/hrtrends\/la-motivacion-del-trabajador-tras-el-coronavirus-clave-en-la-nueva-normalidad\/\",\"url\":\"https:\/\/empresas.infoempleo.com\/hrtrends\/la-motivacion-del-trabajador-tras-el-coronavirus-clave-en-la-nueva-normalidad\/\",\"name\":\"La motivaci\u00f3n del trabajador tras el coronavirus, clave en la nueva normalidad | HRTRENDS\",\"isPartOf\":{\"@id\":\"https:\/\/empresas.infoempleo.com\/hrtrends\/#website\"},\"primaryImageOfPage\":{\"@id\":\"https:\/\/empresas.infoempleo.com\/hrtrends\/la-motivacion-del-trabajador-tras-el-coronavirus-clave-en-la-nueva-normalidad\/#primaryimage\"},\"image\":{\"@id\":\"https:\/\/empresas.infoempleo.com\/hrtrends\/la-motivacion-del-trabajador-tras-el-coronavirus-clave-en-la-nueva-normalidad\/#primaryimage\"},\"thumbnailUrl\":\"https:\/\/empresas.infoempleo.com\/hrtrends\/media\/2020\/07\/HRTrends-como-conseguir-la-motivacion-del-trabajador-tras-el-coronavirus.jpg\",\"datePublished\":\"2020-08-05T05:30:33+00:00\",\"description\":\"La motivaci\u00f3n del trabajador tras el coronavirus es clave en la vuelta a la normalidad. Descubre c\u00f3mo conseguir que se mantenga alta\",\"breadcrumb\":{\"@id\":\"https:\/\/empresas.infoempleo.com\/hrtrends\/la-motivacion-del-trabajador-tras-el-coronavirus-clave-en-la-nueva-normalidad\/#breadcrumb\"},\"inLanguage\":\"es\",\"potentialAction\":[{\"@type\":\"ReadAction\",\"target\":[\"https:\/\/empresas.infoempleo.com\/hrtrends\/la-motivacion-del-trabajador-tras-el-coronavirus-clave-en-la-nueva-normalidad\/\"]}]},{\"@type\":\"ImageObject\",\"inLanguage\":\"es\",\"@id\":\"https:\/\/empresas.infoempleo.com\/hrtrends\/la-motivacion-del-trabajador-tras-el-coronavirus-clave-en-la-nueva-normalidad\/#primaryimage\",\"url\":\"https:\/\/empresas.infoempleo.com\/hrtrends\/media\/2020\/07\/HRTrends-como-conseguir-la-motivacion-del-trabajador-tras-el-coronavirus-150x150.jpg\",\"contentUrl\":\"https:\/\/empresas.infoempleo.com\/hrtrends\/media\/2020\/07\/HRTrends-como-conseguir-la-motivacion-del-trabajador-tras-el-coronavirus-150x150.jpg\",\"width\":150,\"height\":150},{\"@type\":\"BreadcrumbList\",\"@id\":\"https:\/\/empresas.infoempleo.com\/hrtrends\/la-motivacion-del-trabajador-tras-el-coronavirus-clave-en-la-nueva-normalidad\/#breadcrumb\",\"itemListElement\":[{\"@type\":\"ListItem\",\"position\":1,\"name\":\"Portada\",\"item\":\"https:\/\/empresas.infoempleo.com\/hrtrends\/\"},{\"@type\":\"ListItem\",\"position\":2,\"name\":\"La motivaci\u00f3n del trabajador tras el coronavirus, clave en la nueva normalidad\"}]},{\"@type\":\"WebSite\",\"@id\":\"https:\/\/empresas.infoempleo.com\/hrtrends\/#website\",\"url\":\"https:\/\/empresas.infoempleo.com\/hrtrends\",\"name\":\"HRTrends by Infoempleo\",\"description\":\"\",\"publisher\":{\"@id\":\"https:\/\/empresas.infoempleo.com\/hrtrends\/#organization\"},\"potentialAction\":{\"@type\":\"SearchAction\",\"target\":\"https:\/\/empresas.infoempleo.com\/hrtrends\/?s={search_term_string}\",\"query-input\":\"required name=search_term_string\"},\"inLanguage\":\"es\"},{\"@type\":\"Organization\",\"@id\":\"https:\/\/empresas.infoempleo.com\/hrtrends\/#organization\",\"name\":\"Infoempleo\",\"url\":\"https:\/\/www.infoempleo.com\/\",\"logo\":{\"@type\":\"ImageObject\",\"@id\":\"https:\/\/empresas.infoempleo.com\/hrtrends\/#logo\",\"inLanguage\":\"es\",\"url\":\"https:\/\/cdnazure.infoempleo.com\/infoempleo\/assets\/style\/gfx\/logo.svg\",\"contentUrl\":\"https:\/\/cdnazure.infoempleo.com\/infoempleo\/assets\/style\/gfx\/logo.svg\",\"width\":150,\"height\":40,\"caption\":\"Infoempleo\"},\"image\":{\"@id\":\"https:\/\/empresas.infoempleo.com\/hrtrends\/#logo\"},\"sameAs\":[\"https:\/\/www.facebook.com\/Infoempleo\",\"https:\/\/x.com\/infoempleo\",\"http:\/\/instagram.com\/infoempleo\/\",\"http:\/\/www.linkedin.com\/groups\/Empleo-Espa\u00f1a-Infoempleocom-111276\",\"http:\/\/pinterest.com\/infoempleo\/\"],\"address\":{\"@type\":\"PostalAddress\",\"addressLocality\":\"Madrid\",\"postalCode\":\"28050\",\"streetAddress\":\"Avenida de Burgos 114\"},\"brand\":[\"Infoempleo\"]},{\"@type\":\"Person\",\"@id\":\"https:\/\/empresas.infoempleo.com\/hrtrends\/#\/schema\/person\/b1dd51edbb566a47cd8f7513fa73d223\",\"name\":\"Adriana M.\",\"image\":{\"@type\":\"ImageObject\",\"inLanguage\":\"es\",\"@id\":\"https:\/\/empresas.infoempleo.com\/hrtrends\/#\/schema\/person\/image\/\",\"url\":\"https:\/\/secure.gravatar.com\/avatar\/243f7dd7e1db0ad0e9791be05df7d72ba5c8bf338408591753bae2fe87dae18d?s=96&d=mm&r=g\",\"contentUrl\":\"https:\/\/secure.gravatar.com\/avatar\/243f7dd7e1db0ad0e9791be05df7d72ba5c8bf338408591753bae2fe87dae18d?s=96&d=mm&r=g\",\"caption\":\"Adriana M.\"},\"description\":\"Periodista y experta en Comunicaci\u00f3n Audiovisual y Narrativa. Me encanta escribir y narrar lo que pasa a mi alrededor es mi pasi\u00f3n.\",\"url\":\"https:\/\/empresas.infoempleo.com\/hrtrends\/author\/adriana-kanvas\/\"}]}<\/script>\n<!-- \/ Yoast SEO plugin. -->","yoast_head_json":{"title":"La motivaci\u00f3n del trabajador tras el coronavirus, clave en la nueva normalidad | HRTRENDS","description":"La motivaci\u00f3n del trabajador tras el coronavirus es clave en la vuelta a la normalidad. Descubre c\u00f3mo conseguir que se mantenga alta","robots":{"index":"index","follow":"follow","max-snippet":"max-snippet:-1","max-image-preview":"max-image-preview:large","max-video-preview":"max-video-preview:-1"},"canonical":"https:\/\/empresas.infoempleo.com\/hrtrends\/la-motivacion-del-trabajador-tras-el-coronavirus-clave-en-la-nueva-normalidad\/","og_locale":"es_ES","og_type":"article","og_title":"La motivaci\u00f3n del trabajador tras el coronavirus, clave en la nueva normalidad | HRTRENDS","og_description":"La motivaci\u00f3n del trabajador tras el coronavirus es clave en la vuelta a la normalidad. Descubre c\u00f3mo conseguir que se mantenga alta","og_url":"https:\/\/empresas.infoempleo.com\/hrtrends\/la-motivacion-del-trabajador-tras-el-coronavirus-clave-en-la-nueva-normalidad\/","og_site_name":"HRTRENDS","article_publisher":"https:\/\/www.facebook.com\/Infoempleo","article_published_time":"2020-08-05T05:30:33+00:00","og_image":[{"width":980,"height":654,"url":"https:\/\/empresas.infoempleo.com\/hrtrends\/media\/2020\/07\/HRTrends-como-conseguir-la-motivacion-del-trabajador-tras-el-coronavirus.jpg","type":"image\/jpeg"}],"author":"Adriana M.","twitter_card":"summary_large_image","twitter_creator":"@infoempleo","twitter_site":"@infoempleo","twitter_misc":{"Escrito por":"Adriana M.","Tiempo de lectura":"3 minutos"},"schema":{"@context":"https:\/\/schema.org","@graph":[{"@type":"NewsArticle","@id":"https:\/\/empresas.infoempleo.com\/hrtrends\/la-motivacion-del-trabajador-tras-el-coronavirus-clave-en-la-nueva-normalidad\/#article","isPartOf":{"@id":"https:\/\/empresas.infoempleo.com\/hrtrends\/la-motivacion-del-trabajador-tras-el-coronavirus-clave-en-la-nueva-normalidad\/"},"author":{"name":"Adriana M.","@id":"https:\/\/empresas.infoempleo.com\/hrtrends\/#\/schema\/person\/b1dd51edbb566a47cd8f7513fa73d223"},"headline":"La motivaci\u00f3n del trabajador tras el coronavirus, clave en la nueva normalidad","datePublished":"2020-08-05T05:30:33+00:00","mainEntityOfPage":{"@id":"https:\/\/empresas.infoempleo.com\/hrtrends\/la-motivacion-del-trabajador-tras-el-coronavirus-clave-en-la-nueva-normalidad\/"},"wordCount":677,"publisher":{"@id":"https:\/\/empresas.infoempleo.com\/hrtrends\/#organization"},"image":{"@id":"https:\/\/empresas.infoempleo.com\/hrtrends\/la-motivacion-del-trabajador-tras-el-coronavirus-clave-en-la-nueva-normalidad\/#primaryimage"},"thumbnailUrl":"https:\/\/empresas.infoempleo.com\/hrtrends\/media\/2020\/07\/HRTrends-como-conseguir-la-motivacion-del-trabajador-tras-el-coronavirus.jpg","keywords":["COVID-19","motivaci\u00f3n","nueva normalidad"],"articleSection":["Actualidad"],"inLanguage":"es","copyrightYear":"2020","copyrightHolder":{"@id":"https:\/\/empresas.infoempleo.com\/hrtrends\/#organization"}},{"@type":"WebPage","@id":"https:\/\/empresas.infoempleo.com\/hrtrends\/la-motivacion-del-trabajador-tras-el-coronavirus-clave-en-la-nueva-normalidad\/","url":"https:\/\/empresas.infoempleo.com\/hrtrends\/la-motivacion-del-trabajador-tras-el-coronavirus-clave-en-la-nueva-normalidad\/","name":"La motivaci\u00f3n del trabajador tras el coronavirus, clave en la nueva normalidad | HRTRENDS","isPartOf":{"@id":"https:\/\/empresas.infoempleo.com\/hrtrends\/#website"},"primaryImageOfPage":{"@id":"https:\/\/empresas.infoempleo.com\/hrtrends\/la-motivacion-del-trabajador-tras-el-coronavirus-clave-en-la-nueva-normalidad\/#primaryimage"},"image":{"@id":"https:\/\/empresas.infoempleo.com\/hrtrends\/la-motivacion-del-trabajador-tras-el-coronavirus-clave-en-la-nueva-normalidad\/#primaryimage"},"thumbnailUrl":"https:\/\/empresas.infoempleo.com\/hrtrends\/media\/2020\/07\/HRTrends-como-conseguir-la-motivacion-del-trabajador-tras-el-coronavirus.jpg","datePublished":"2020-08-05T05:30:33+00:00","description":"La motivaci\u00f3n del trabajador tras el coronavirus es clave en la vuelta a la normalidad. Descubre c\u00f3mo conseguir que se mantenga alta","breadcrumb":{"@id":"https:\/\/empresas.infoempleo.com\/hrtrends\/la-motivacion-del-trabajador-tras-el-coronavirus-clave-en-la-nueva-normalidad\/#breadcrumb"},"inLanguage":"es","potentialAction":[{"@type":"ReadAction","target":["https:\/\/empresas.infoempleo.com\/hrtrends\/la-motivacion-del-trabajador-tras-el-coronavirus-clave-en-la-nueva-normalidad\/"]}]},{"@type":"ImageObject","inLanguage":"es","@id":"https:\/\/empresas.infoempleo.com\/hrtrends\/la-motivacion-del-trabajador-tras-el-coronavirus-clave-en-la-nueva-normalidad\/#primaryimage","url":"https:\/\/empresas.infoempleo.com\/hrtrends\/media\/2020\/07\/HRTrends-como-conseguir-la-motivacion-del-trabajador-tras-el-coronavirus-150x150.jpg","contentUrl":"https:\/\/empresas.infoempleo.com\/hrtrends\/media\/2020\/07\/HRTrends-como-conseguir-la-motivacion-del-trabajador-tras-el-coronavirus-150x150.jpg","width":150,"height":150},{"@type":"BreadcrumbList","@id":"https:\/\/empresas.infoempleo.com\/hrtrends\/la-motivacion-del-trabajador-tras-el-coronavirus-clave-en-la-nueva-normalidad\/#breadcrumb","itemListElement":[{"@type":"ListItem","position":1,"name":"Portada","item":"https:\/\/empresas.infoempleo.com\/hrtrends\/"},{"@type":"ListItem","position":2,"name":"La motivaci\u00f3n del trabajador tras el coronavirus, clave en la nueva normalidad"}]},{"@type":"WebSite","@id":"https:\/\/empresas.infoempleo.com\/hrtrends\/#website","url":"https:\/\/empresas.infoempleo.com\/hrtrends","name":"HRTrends by Infoempleo","description":"","publisher":{"@id":"https:\/\/empresas.infoempleo.com\/hrtrends\/#organization"},"potentialAction":{"@type":"SearchAction","target":"https:\/\/empresas.infoempleo.com\/hrtrends\/?s={search_term_string}","query-input":"required name=search_term_string"},"inLanguage":"es"},{"@type":"Organization","@id":"https:\/\/empresas.infoempleo.com\/hrtrends\/#organization","name":"Infoempleo","url":"https:\/\/www.infoempleo.com\/","logo":{"@type":"ImageObject","@id":"https:\/\/empresas.infoempleo.com\/hrtrends\/#logo","inLanguage":"es","url":"https:\/\/cdnazure.infoempleo.com\/infoempleo\/assets\/style\/gfx\/logo.svg","contentUrl":"https:\/\/cdnazure.infoempleo.com\/infoempleo\/assets\/style\/gfx\/logo.svg","width":150,"height":40,"caption":"Infoempleo"},"image":{"@id":"https:\/\/empresas.infoempleo.com\/hrtrends\/#logo"},"sameAs":["https:\/\/www.facebook.com\/Infoempleo","https:\/\/x.com\/infoempleo","http:\/\/instagram.com\/infoempleo\/","http:\/\/www.linkedin.com\/groups\/Empleo-Espa\u00f1a-Infoempleocom-111276","http:\/\/pinterest.com\/infoempleo\/"],"address":{"@type":"PostalAddress","addressLocality":"Madrid","postalCode":"28050","streetAddress":"Avenida de Burgos 114"},"brand":["Infoempleo"]},{"@type":"Person","@id":"https:\/\/empresas.infoempleo.com\/hrtrends\/#\/schema\/person\/b1dd51edbb566a47cd8f7513fa73d223","name":"Adriana M.","image":{"@type":"ImageObject","inLanguage":"es","@id":"https:\/\/empresas.infoempleo.com\/hrtrends\/#\/schema\/person\/image\/","url":"https:\/\/secure.gravatar.com\/avatar\/243f7dd7e1db0ad0e9791be05df7d72ba5c8bf338408591753bae2fe87dae18d?s=96&d=mm&r=g","contentUrl":"https:\/\/secure.gravatar.com\/avatar\/243f7dd7e1db0ad0e9791be05df7d72ba5c8bf338408591753bae2fe87dae18d?s=96&d=mm&r=g","caption":"Adriana M."},"description":"Periodista y experta en Comunicaci\u00f3n Audiovisual y Narrativa. Me encanta escribir y narrar lo que pasa a mi alrededor es mi pasi\u00f3n.","url":"https:\/\/empresas.infoempleo.com\/hrtrends\/author\/adriana-kanvas\/"}]}},"amp_enabled":true,"_links":{"self":[{"href":"https:\/\/empresas.infoempleo.com\/hrtrends\/wp-json\/wp\/v2\/posts\/37639","targetHints":{"allow":["GET"]}}],"collection":[{"href":"https:\/\/empresas.infoempleo.com\/hrtrends\/wp-json\/wp\/v2\/posts"}],"about":[{"href":"https:\/\/empresas.infoempleo.com\/hrtrends\/wp-json\/wp\/v2\/types\/post"}],"author":[{"embeddable":true,"href":"https:\/\/empresas.infoempleo.com\/hrtrends\/wp-json\/wp\/v2\/users\/122"}],"replies":[{"embeddable":true,"href":"https:\/\/empresas.infoempleo.com\/hrtrends\/wp-json\/wp\/v2\/comments?post=37639"}],"version-history":[{"count":2,"href":"https:\/\/empresas.infoempleo.com\/hrtrends\/wp-json\/wp\/v2\/posts\/37639\/revisions"}],"predecessor-version":[{"id":37642,"href":"https:\/\/empresas.infoempleo.com\/hrtrends\/wp-json\/wp\/v2\/posts\/37639\/revisions\/37642"}],"wp:featuredmedia":[{"embeddable":true,"href":"https:\/\/empresas.infoempleo.com\/hrtrends\/wp-json\/wp\/v2\/media\/37641"}],"wp:attachment":[{"href":"https:\/\/empresas.infoempleo.com\/hrtrends\/wp-json\/wp\/v2\/media?parent=37639"}],"wp:term":[{"taxonomy":"category","embeddable":true,"href":"https:\/\/empresas.infoempleo.com\/hrtrends\/wp-json\/wp\/v2\/categories?post=37639"},{"taxonomy":"post_tag","embeddable":true,"href":"https:\/\/empresas.infoempleo.com\/hrtrends\/wp-json\/wp\/v2\/tags?post=37639"}],"curies":[{"name":"wp","href":"https:\/\/api.w.org\/{rel}","templated":true}]}}