{"id":37370,"date":"2020-06-01T07:30:59","date_gmt":"2020-06-01T05:30:59","guid":{"rendered":"https:\/\/empresas.infoempleo.com\/hrtrends\/?p=37370"},"modified":"2020-06-08T17:35:18","modified_gmt":"2020-06-08T15:35:18","slug":"como-evitar-el-bajo-rendimiento-laboral-de-algunos-trabajadores","status":"publish","type":"post","link":"https:\/\/empresas.infoempleo.com\/hrtrends\/como-evitar-el-bajo-rendimiento-laboral-de-algunos-trabajadores\/","title":{"rendered":"Formas de gestionar y evitar el bajo rendimiento laboral de algunos trabajadores"},"content":{"rendered":"<p><span style=\"font-weight: 400;\">Los <strong>trabajadores con<\/strong><\/span><b> bajo rendimiento laboral <\/b><span style=\"font-weight: 400;\"><strong>provocan que se reduzca la satisfacci\u00f3n y la productividad general del resto de empleados en la empresa<\/strong>. Adem\u00e1s, este <\/span>bajo rendimiento <span style=\"font-weight: 400;\"><strong>afecta a\u00fan m\u00e1s a las experiencias de los clientes<\/strong>, y directamente y de forma negativa, <strong>a la reputaci\u00f3n de tu empresa<\/strong>.<\/span><\/p>\n<p><span style=\"font-weight: 400;\">Por ello, es importante tomar las <strong>medidas necesarias para solucionarlo<\/strong>, mejorando al mismo tiempo la <\/span><a href=\"https:\/\/empresas.infoempleo.com\/hrtrends\/como-mejorar-la-proactividad\/\"><span style=\"font-weight: 400;\">proactividad.<\/span><\/a><span style=\"font-weight: 400;\">\u00a0<\/span><\/p>\n<p><span style=\"font-weight: 400;\">Aqu\u00ed tienes algunas ideas de gesti\u00f3n <strong>para evitar el <\/strong><\/span><b>bajo rendimiento laboral<\/b><span style=\"font-weight: 400;\"> de tus empleados.<\/span><\/p>\n<h2>Aseg\u00farate de que tus empleados sepan cu\u00e1les son sus funciones<\/h2>\n<p><span style=\"font-weight: 400;\">Uno de los primeros pasos es <\/span><b>asegurarte de que el trabajador entienda cu\u00e1les son sus funciones <\/b><span style=\"font-weight: 400;\">y su papel dentro de la empresa. H\u00e1blales sobre sus roles espec\u00edficos y la importancia de sus trabajos. <\/span><b>Se claro sobre los objetivos<\/b><span style=\"font-weight: 400;\"> y\u00a0 lo que la empresa espera de \u00e9l. Y lo m\u00e1s importante, explica c\u00f3mo ellos, como individuos, encajan en tu visi\u00f3n corporativa hol\u00edstica.<\/span><\/p>\n<h2>Proporciona feedback a menudo<\/h2>\n<p><span style=\"font-weight: 400;\">No hablar con un empleado de<\/span> bajo rendimiento,<span style=\"font-weight: 400;\"> s\u00f3lo por evitar un posible conflicto o una mala reacci\u00f3n del empleado, no es la soluci\u00f3n.\u00a0<\/span><\/p>\n<p>\u00bfC\u00f3mo podemos esperar que alguien cambie su comportamiento si no sabemos si es consciente de que est\u00e1 haciendo algo mal?<\/p>\n<p><span style=\"font-weight: 400;\">Para <\/span><b>mejorar su compromiso y su trabajo<\/b><span style=\"font-weight: 400;\">, cada miembro del personal debe saber d\u00f3nde est\u00e1, en comparaci\u00f3n con tus expectativas. En primer lugar, al establecer los objetivos de rendimiento, incluye a tus empleados. Preg\u00fantales c\u00f3mo les gustar\u00eda mejorar, <\/span><b>qu\u00e9 habilidades les gustar\u00eda aprender<\/b><span style=\"font-weight: 400;\"> y qu\u00e9 les gustar\u00eda cambiar. Muchas veces, <\/span><b>un bajo rendimiento laboral<\/b><span style=\"font-weight: 400;\"> puede estar vinculado con una <\/span><b>falta de motivaci\u00f3n o incluso una falta de reconocimiento.<\/b><\/p>\n<p><span style=\"font-weight: 400;\">Una pr\u00e1ctica que funciona consiste en, tras establecer los objetivos personales de cada empleado, realizar un seguimiento de los mismos mediante un <\/span><b>informe de productividad. <\/b><span style=\"font-weight: 400;\">Este informe de productividad debe ser claro, objetivo y directo, de forma que <strong>e<\/strong><\/span><b>l empleado puede consultar y conocer la valoraci\u00f3n de su trabajo<\/b><span style=\"font-weight: 400;\"> por parte de la empresa, lo que le permitir\u00e1 hacer autocr\u00edtica y <\/span><b>esforzarse por mejorar su desempe\u00f1o.<\/b><\/p>\n<p><img loading=\"lazy\" decoding=\"async\" class=\"aligncenter wp-image-37375 size-full\" title=\"HRtrends-evitar-bajo-rendimiento-laboral\" src=\"https:\/\/empresas.infoempleo.com\/hrtrends\/media\/2020\/05\/HRTrends-evitar-bajo-rendimiento-laboral.jpg\" alt=\"HRtrends-evitar-bajo-rendimiento-laboral\" width=\"723\" height=\"342\" srcset=\"https:\/\/empresas.infoempleo.com\/hrtrends\/media\/2020\/05\/HRTrends-evitar-bajo-rendimiento-laboral.jpg 723w, https:\/\/empresas.infoempleo.com\/hrtrends\/media\/2020\/05\/HRTrends-evitar-bajo-rendimiento-laboral-300x142.jpg 300w\" sizes=\"auto, (max-width: 723px) 100vw, 723px\" \/><\/p>\n<h2>Solicita su opini\u00f3n<\/h2>\n<p><span style=\"font-weight: 400;\">No esperes que un trabajador con <\/span><b>bajo rendimiento laboral<\/b><span style=\"font-weight: 400;\"> vaya a tu oficina y empiece a hablar. Esto tiene una gran relaci\u00f3n con la recomendaci\u00f3n de elaborar informes y dar feedback.<\/span><\/p>\n<p><span style=\"font-weight: 400;\">Gracias a la <\/span><b>comunicaci\u00f3n y revisi\u00f3n de la productividad<\/b><span style=\"font-weight: 400;\">, se le da la <\/span><b>oportunidad al empleado de justificar su bajo rendimiento laboral<\/b><span style=\"font-weight: 400;\">. De forma que <\/span><b>podemos identificar problemas externos al propio empleado que le dificultan el desarrollo de su trabajo<\/b><span style=\"font-weight: 400;\">, bien sea por falta de formaci\u00f3n, estr\u00e9s laboral, incluso problemas personales que puedan estar afectando a su desempe\u00f1o.<\/span><\/p>\n<p><span style=\"font-weight: 400;\">Esto es lo que se llama una <\/span><b>cultura de puertas abiertas. <\/b><span style=\"font-weight: 400;\">Un ambiente en el que l<\/span><b>os empleados se sienten c\u00f3modos hablando de sus problemas<\/b><span style=\"font-weight: 400;\">, en lugar de ocultarlos, lo que permite a la empresa escucharles y ayudarles a gestionar los problemas, resultando en empleados m\u00e1s satisfechos.<\/span><\/p>\n<p><span style=\"font-weight: 400;\">Pero no\u00a0 s\u00f3lo hay que centrar el discurso en la parte del empleado, <\/span><b>preg\u00fantales abiertamente su opini\u00f3n acerca de tus t\u00e1cticas de gesti\u00f3n<\/b><span style=\"font-weight: 400;\">. Muchos trabajadores de alto nivel deciden dejar su lugar de trabajo debido a una mala gesti\u00f3n. <\/span><b>Si no se sienten c\u00f3modos hablando de este tema en persona<\/b><span style=\"font-weight: 400;\">, siempre<\/span><b> puedes hacer una encuesta<\/b><span style=\"font-weight: 400;\">, asegurando as\u00ed el anonimato.<\/span><\/p>\n<h2>Incentiva el trabajo duro y la mejora<\/h2>\n<p><b>Recompensar la productividad<\/b><span style=\"font-weight: 400;\"> y la dedicaci\u00f3n en el trabajo es una de las t\u00e1cticas m\u00e1s poderosas de compromiso y retenci\u00f3n de los trabajadores. Pero, <\/span><b>primero necesitas saber qu\u00e9 tipos de incentivos funcionan para tus trabajadores y centrarte en ellos.\u00a0<\/b><\/p>\n<p><span style=\"font-weight: 400;\">Saber que la empresa se preocupa por ellos animar\u00e1 a tus trabajadores a seguir mejorando. Ay\u00fadales a celebrar los \u00e9xitos personales. Proporci\u00f3nales un <a href=\"https:\/\/empresas.infoempleo.com\/hrtrends\/horarios-flexibles-como-gestionarlos\/\">horario de trabajo flexible<\/a>. <\/span><b>A veces, incluso un simple \u00abgracias\u00bb puede ayudar mucho.<\/b><\/p>\n<p><span style=\"font-weight: 400;\">Todas las empresas, independientemente de su tama\u00f1o o popularidad, se enfrentan al problema del <\/span>bajo rendimiento laboral. <span style=\"font-weight: 400;\">La forma en que abordan este problema ser\u00e1 lo que determine su \u00e9xito futuro, por ello<\/span><b> te recomendamos implementar todas las ideas de gesti\u00f3n del bajo rendimiento<\/b><span style=\"font-weight: 400;\"> que aparecen en el art\u00edculo, para mejorar as\u00ed las probabilidades de \u00e9xito.\u00a0<\/span><\/p>\n","protected":false},"excerpt":{"rendered":"<p>Los trabajadores con bajo rendimiento laboral provocan que se reduzca la satisfacci\u00f3n y la productividad general del resto<a class=\"moretag\" href=\"https:\/\/empresas.infoempleo.com\/hrtrends\/como-evitar-el-bajo-rendimiento-laboral-de-algunos-trabajadores\/\"> Leer m\u00e1s<\/a><\/p>\n","protected":false},"author":122,"featured_media":37373,"comment_status":"closed","ping_status":"closed","sticky":false,"template":"","format":"standard","meta":{"footnotes":""},"categories":[3035],"tags":[3254,282,3380],"class_list":["post-37370","post","type-post","status-publish","format-standard","has-post-thumbnail","hentry","category-consejos","tag-gestion-de-equipos","tag-productividad","tag-rendimiento-laboral"],"yoast_head":"<!-- This site is optimized with the Yoast SEO plugin v26.1.1 - https:\/\/yoast.com\/wordpress\/plugins\/seo\/ -->\n<title>C\u00f3mo evitar el bajo rendimiento laboral de los trabajadores | HRTRENDS<\/title>\n<meta name=\"description\" content=\"El bajo rendimiento laboral es una preocupaci\u00f3n com\u00fan y frecuente en el entorno empresarial. Te contamos las mejores formas de gestionarlo y evitarlo\" \/>\n<meta name=\"robots\" content=\"index, follow, max-snippet:-1, max-image-preview:large, max-video-preview:-1\" \/>\n<link rel=\"canonical\" href=\"https:\/\/empresas.infoempleo.com\/hrtrends\/como-evitar-el-bajo-rendimiento-laboral-de-algunos-trabajadores\/\" \/>\n<meta property=\"og:locale\" content=\"es_ES\" \/>\n<meta property=\"og:type\" content=\"article\" \/>\n<meta property=\"og:title\" content=\"C\u00f3mo evitar el bajo rendimiento laboral de los trabajadores | HRTRENDS\" \/>\n<meta property=\"og:description\" content=\"El bajo rendimiento laboral es una preocupaci\u00f3n com\u00fan y frecuente en el entorno empresarial. Te contamos las mejores formas de gestionarlo y evitarlo\" \/>\n<meta property=\"og:url\" content=\"https:\/\/empresas.infoempleo.com\/hrtrends\/como-evitar-el-bajo-rendimiento-laboral-de-algunos-trabajadores\/\" \/>\n<meta property=\"og:site_name\" content=\"HRTRENDS\" \/>\n<meta property=\"article:publisher\" content=\"https:\/\/www.facebook.com\/Infoempleo\" \/>\n<meta property=\"article:published_time\" content=\"2020-06-01T05:30:59+00:00\" \/>\n<meta property=\"article:modified_time\" content=\"2020-06-08T15:35:18+00:00\" \/>\n<meta property=\"og:image\" content=\"https:\/\/empresas.infoempleo.com\/hrtrends\/media\/2020\/05\/HRTrends-ideas-para-evitar-bajo-rendimiento-laboral.jpg\" \/>\n\t<meta property=\"og:image:width\" content=\"980\" \/>\n\t<meta property=\"og:image:height\" content=\"600\" \/>\n\t<meta property=\"og:image:type\" content=\"image\/jpeg\" \/>\n<meta name=\"author\" content=\"Adriana M.\" \/>\n<meta name=\"twitter:card\" content=\"summary_large_image\" \/>\n<meta name=\"twitter:creator\" content=\"@infoempleo\" \/>\n<meta name=\"twitter:site\" content=\"@infoempleo\" \/>\n<meta name=\"twitter:label1\" content=\"Escrito por\" \/>\n\t<meta name=\"twitter:data1\" content=\"Adriana M.\" \/>\n\t<meta name=\"twitter:label2\" content=\"Tiempo de lectura\" \/>\n\t<meta name=\"twitter:data2\" content=\"4 minutos\" \/>\n<script type=\"application\/ld+json\" class=\"yoast-schema-graph\">{\"@context\":\"https:\/\/schema.org\",\"@graph\":[{\"@type\":\"NewsArticle\",\"@id\":\"https:\/\/empresas.infoempleo.com\/hrtrends\/como-evitar-el-bajo-rendimiento-laboral-de-algunos-trabajadores\/#article\",\"isPartOf\":{\"@id\":\"https:\/\/empresas.infoempleo.com\/hrtrends\/como-evitar-el-bajo-rendimiento-laboral-de-algunos-trabajadores\/\"},\"author\":{\"name\":\"Adriana M.\",\"@id\":\"https:\/\/empresas.infoempleo.com\/hrtrends\/#\/schema\/person\/b1dd51edbb566a47cd8f7513fa73d223\"},\"headline\":\"Formas de gestionar y evitar el bajo rendimiento laboral de algunos trabajadores\",\"datePublished\":\"2020-06-01T05:30:59+00:00\",\"dateModified\":\"2020-06-08T15:35:18+00:00\",\"mainEntityOfPage\":{\"@id\":\"https:\/\/empresas.infoempleo.com\/hrtrends\/como-evitar-el-bajo-rendimiento-laboral-de-algunos-trabajadores\/\"},\"wordCount\":740,\"publisher\":{\"@id\":\"https:\/\/empresas.infoempleo.com\/hrtrends\/#organization\"},\"image\":{\"@id\":\"https:\/\/empresas.infoempleo.com\/hrtrends\/como-evitar-el-bajo-rendimiento-laboral-de-algunos-trabajadores\/#primaryimage\"},\"thumbnailUrl\":\"https:\/\/empresas.infoempleo.com\/hrtrends\/media\/2020\/05\/HRTrends-ideas-para-evitar-bajo-rendimiento-laboral.jpg\",\"keywords\":[\"gesti\u00f3n de equipos\",\"productividad\",\"rendimiento laboral\"],\"articleSection\":[\"Consejos\"],\"inLanguage\":\"es\",\"copyrightYear\":\"2020\",\"copyrightHolder\":{\"@id\":\"https:\/\/empresas.infoempleo.com\/hrtrends\/#organization\"}},{\"@type\":\"WebPage\",\"@id\":\"https:\/\/empresas.infoempleo.com\/hrtrends\/como-evitar-el-bajo-rendimiento-laboral-de-algunos-trabajadores\/\",\"url\":\"https:\/\/empresas.infoempleo.com\/hrtrends\/como-evitar-el-bajo-rendimiento-laboral-de-algunos-trabajadores\/\",\"name\":\"C\u00f3mo evitar el bajo rendimiento laboral de los trabajadores | HRTRENDS\",\"isPartOf\":{\"@id\":\"https:\/\/empresas.infoempleo.com\/hrtrends\/#website\"},\"primaryImageOfPage\":{\"@id\":\"https:\/\/empresas.infoempleo.com\/hrtrends\/como-evitar-el-bajo-rendimiento-laboral-de-algunos-trabajadores\/#primaryimage\"},\"image\":{\"@id\":\"https:\/\/empresas.infoempleo.com\/hrtrends\/como-evitar-el-bajo-rendimiento-laboral-de-algunos-trabajadores\/#primaryimage\"},\"thumbnailUrl\":\"https:\/\/empresas.infoempleo.com\/hrtrends\/media\/2020\/05\/HRTrends-ideas-para-evitar-bajo-rendimiento-laboral.jpg\",\"datePublished\":\"2020-06-01T05:30:59+00:00\",\"dateModified\":\"2020-06-08T15:35:18+00:00\",\"description\":\"El bajo rendimiento laboral es una preocupaci\u00f3n com\u00fan y frecuente en el entorno empresarial. Te contamos las mejores formas de gestionarlo y evitarlo\",\"breadcrumb\":{\"@id\":\"https:\/\/empresas.infoempleo.com\/hrtrends\/como-evitar-el-bajo-rendimiento-laboral-de-algunos-trabajadores\/#breadcrumb\"},\"inLanguage\":\"es\",\"potentialAction\":[{\"@type\":\"ReadAction\",\"target\":[\"https:\/\/empresas.infoempleo.com\/hrtrends\/como-evitar-el-bajo-rendimiento-laboral-de-algunos-trabajadores\/\"]}]},{\"@type\":\"ImageObject\",\"inLanguage\":\"es\",\"@id\":\"https:\/\/empresas.infoempleo.com\/hrtrends\/como-evitar-el-bajo-rendimiento-laboral-de-algunos-trabajadores\/#primaryimage\",\"url\":\"https:\/\/empresas.infoempleo.com\/hrtrends\/media\/2020\/05\/HRTrends-ideas-para-evitar-bajo-rendimiento-laboral-150x150.jpg\",\"contentUrl\":\"https:\/\/empresas.infoempleo.com\/hrtrends\/media\/2020\/05\/HRTrends-ideas-para-evitar-bajo-rendimiento-laboral-150x150.jpg\",\"width\":150,\"height\":150},{\"@type\":\"BreadcrumbList\",\"@id\":\"https:\/\/empresas.infoempleo.com\/hrtrends\/como-evitar-el-bajo-rendimiento-laboral-de-algunos-trabajadores\/#breadcrumb\",\"itemListElement\":[{\"@type\":\"ListItem\",\"position\":1,\"name\":\"Portada\",\"item\":\"https:\/\/empresas.infoempleo.com\/hrtrends\/\"},{\"@type\":\"ListItem\",\"position\":2,\"name\":\"Formas de gestionar y evitar el bajo rendimiento laboral de algunos trabajadores\"}]},{\"@type\":\"WebSite\",\"@id\":\"https:\/\/empresas.infoempleo.com\/hrtrends\/#website\",\"url\":\"https:\/\/empresas.infoempleo.com\/hrtrends\",\"name\":\"HRTrends by Infoempleo\",\"description\":\"\",\"publisher\":{\"@id\":\"https:\/\/empresas.infoempleo.com\/hrtrends\/#organization\"},\"potentialAction\":{\"@type\":\"SearchAction\",\"target\":\"https:\/\/empresas.infoempleo.com\/hrtrends\/?s={search_term_string}\",\"query-input\":\"required name=search_term_string\"},\"inLanguage\":\"es\"},{\"@type\":\"Organization\",\"@id\":\"https:\/\/empresas.infoempleo.com\/hrtrends\/#organization\",\"name\":\"Infoempleo\",\"url\":\"https:\/\/www.infoempleo.com\/\",\"logo\":{\"@type\":\"ImageObject\",\"@id\":\"https:\/\/empresas.infoempleo.com\/hrtrends\/#logo\",\"inLanguage\":\"es\",\"url\":\"https:\/\/cdnazure.infoempleo.com\/infoempleo\/assets\/style\/gfx\/logo.svg\",\"contentUrl\":\"https:\/\/cdnazure.infoempleo.com\/infoempleo\/assets\/style\/gfx\/logo.svg\",\"width\":150,\"height\":40,\"caption\":\"Infoempleo\"},\"image\":{\"@id\":\"https:\/\/empresas.infoempleo.com\/hrtrends\/#logo\"},\"sameAs\":[\"https:\/\/www.facebook.com\/Infoempleo\",\"https:\/\/x.com\/infoempleo\",\"http:\/\/instagram.com\/infoempleo\/\",\"http:\/\/www.linkedin.com\/groups\/Empleo-Espa\u00f1a-Infoempleocom-111276\",\"http:\/\/pinterest.com\/infoempleo\/\"],\"address\":{\"@type\":\"PostalAddress\",\"addressLocality\":\"Madrid\",\"postalCode\":\"28050\",\"streetAddress\":\"Avenida de Burgos 114\"},\"brand\":[\"Infoempleo\"]},{\"@type\":\"Person\",\"@id\":\"https:\/\/empresas.infoempleo.com\/hrtrends\/#\/schema\/person\/b1dd51edbb566a47cd8f7513fa73d223\",\"name\":\"Adriana M.\",\"image\":{\"@type\":\"ImageObject\",\"inLanguage\":\"es\",\"@id\":\"https:\/\/empresas.infoempleo.com\/hrtrends\/#\/schema\/person\/image\/\",\"url\":\"https:\/\/secure.gravatar.com\/avatar\/243f7dd7e1db0ad0e9791be05df7d72ba5c8bf338408591753bae2fe87dae18d?s=96&d=mm&r=g\",\"contentUrl\":\"https:\/\/secure.gravatar.com\/avatar\/243f7dd7e1db0ad0e9791be05df7d72ba5c8bf338408591753bae2fe87dae18d?s=96&d=mm&r=g\",\"caption\":\"Adriana M.\"},\"description\":\"Periodista y experta en Comunicaci\u00f3n Audiovisual y Narrativa. Me encanta escribir y narrar lo que pasa a mi alrededor es mi pasi\u00f3n.\",\"url\":\"https:\/\/empresas.infoempleo.com\/hrtrends\/author\/adriana-kanvas\/\"}]}<\/script>\n<!-- \/ Yoast SEO plugin. -->","yoast_head_json":{"title":"C\u00f3mo evitar el bajo rendimiento laboral de los trabajadores | HRTRENDS","description":"El bajo rendimiento laboral es una preocupaci\u00f3n com\u00fan y frecuente en el entorno empresarial. Te contamos las mejores formas de gestionarlo y evitarlo","robots":{"index":"index","follow":"follow","max-snippet":"max-snippet:-1","max-image-preview":"max-image-preview:large","max-video-preview":"max-video-preview:-1"},"canonical":"https:\/\/empresas.infoempleo.com\/hrtrends\/como-evitar-el-bajo-rendimiento-laboral-de-algunos-trabajadores\/","og_locale":"es_ES","og_type":"article","og_title":"C\u00f3mo evitar el bajo rendimiento laboral de los trabajadores | HRTRENDS","og_description":"El bajo rendimiento laboral es una preocupaci\u00f3n com\u00fan y frecuente en el entorno empresarial. Te contamos las mejores formas de gestionarlo y evitarlo","og_url":"https:\/\/empresas.infoempleo.com\/hrtrends\/como-evitar-el-bajo-rendimiento-laboral-de-algunos-trabajadores\/","og_site_name":"HRTRENDS","article_publisher":"https:\/\/www.facebook.com\/Infoempleo","article_published_time":"2020-06-01T05:30:59+00:00","article_modified_time":"2020-06-08T15:35:18+00:00","og_image":[{"width":980,"height":600,"url":"https:\/\/empresas.infoempleo.com\/hrtrends\/media\/2020\/05\/HRTrends-ideas-para-evitar-bajo-rendimiento-laboral.jpg","type":"image\/jpeg"}],"author":"Adriana M.","twitter_card":"summary_large_image","twitter_creator":"@infoempleo","twitter_site":"@infoempleo","twitter_misc":{"Escrito por":"Adriana M.","Tiempo de lectura":"4 minutos"},"schema":{"@context":"https:\/\/schema.org","@graph":[{"@type":"NewsArticle","@id":"https:\/\/empresas.infoempleo.com\/hrtrends\/como-evitar-el-bajo-rendimiento-laboral-de-algunos-trabajadores\/#article","isPartOf":{"@id":"https:\/\/empresas.infoempleo.com\/hrtrends\/como-evitar-el-bajo-rendimiento-laboral-de-algunos-trabajadores\/"},"author":{"name":"Adriana M.","@id":"https:\/\/empresas.infoempleo.com\/hrtrends\/#\/schema\/person\/b1dd51edbb566a47cd8f7513fa73d223"},"headline":"Formas de gestionar y evitar el bajo rendimiento laboral de algunos trabajadores","datePublished":"2020-06-01T05:30:59+00:00","dateModified":"2020-06-08T15:35:18+00:00","mainEntityOfPage":{"@id":"https:\/\/empresas.infoempleo.com\/hrtrends\/como-evitar-el-bajo-rendimiento-laboral-de-algunos-trabajadores\/"},"wordCount":740,"publisher":{"@id":"https:\/\/empresas.infoempleo.com\/hrtrends\/#organization"},"image":{"@id":"https:\/\/empresas.infoempleo.com\/hrtrends\/como-evitar-el-bajo-rendimiento-laboral-de-algunos-trabajadores\/#primaryimage"},"thumbnailUrl":"https:\/\/empresas.infoempleo.com\/hrtrends\/media\/2020\/05\/HRTrends-ideas-para-evitar-bajo-rendimiento-laboral.jpg","keywords":["gesti\u00f3n de equipos","productividad","rendimiento laboral"],"articleSection":["Consejos"],"inLanguage":"es","copyrightYear":"2020","copyrightHolder":{"@id":"https:\/\/empresas.infoempleo.com\/hrtrends\/#organization"}},{"@type":"WebPage","@id":"https:\/\/empresas.infoempleo.com\/hrtrends\/como-evitar-el-bajo-rendimiento-laboral-de-algunos-trabajadores\/","url":"https:\/\/empresas.infoempleo.com\/hrtrends\/como-evitar-el-bajo-rendimiento-laboral-de-algunos-trabajadores\/","name":"C\u00f3mo evitar el bajo rendimiento laboral de los trabajadores | HRTRENDS","isPartOf":{"@id":"https:\/\/empresas.infoempleo.com\/hrtrends\/#website"},"primaryImageOfPage":{"@id":"https:\/\/empresas.infoempleo.com\/hrtrends\/como-evitar-el-bajo-rendimiento-laboral-de-algunos-trabajadores\/#primaryimage"},"image":{"@id":"https:\/\/empresas.infoempleo.com\/hrtrends\/como-evitar-el-bajo-rendimiento-laboral-de-algunos-trabajadores\/#primaryimage"},"thumbnailUrl":"https:\/\/empresas.infoempleo.com\/hrtrends\/media\/2020\/05\/HRTrends-ideas-para-evitar-bajo-rendimiento-laboral.jpg","datePublished":"2020-06-01T05:30:59+00:00","dateModified":"2020-06-08T15:35:18+00:00","description":"El bajo rendimiento laboral es una preocupaci\u00f3n com\u00fan y frecuente en el entorno empresarial. Te contamos las mejores formas de gestionarlo y evitarlo","breadcrumb":{"@id":"https:\/\/empresas.infoempleo.com\/hrtrends\/como-evitar-el-bajo-rendimiento-laboral-de-algunos-trabajadores\/#breadcrumb"},"inLanguage":"es","potentialAction":[{"@type":"ReadAction","target":["https:\/\/empresas.infoempleo.com\/hrtrends\/como-evitar-el-bajo-rendimiento-laboral-de-algunos-trabajadores\/"]}]},{"@type":"ImageObject","inLanguage":"es","@id":"https:\/\/empresas.infoempleo.com\/hrtrends\/como-evitar-el-bajo-rendimiento-laboral-de-algunos-trabajadores\/#primaryimage","url":"https:\/\/empresas.infoempleo.com\/hrtrends\/media\/2020\/05\/HRTrends-ideas-para-evitar-bajo-rendimiento-laboral-150x150.jpg","contentUrl":"https:\/\/empresas.infoempleo.com\/hrtrends\/media\/2020\/05\/HRTrends-ideas-para-evitar-bajo-rendimiento-laboral-150x150.jpg","width":150,"height":150},{"@type":"BreadcrumbList","@id":"https:\/\/empresas.infoempleo.com\/hrtrends\/como-evitar-el-bajo-rendimiento-laboral-de-algunos-trabajadores\/#breadcrumb","itemListElement":[{"@type":"ListItem","position":1,"name":"Portada","item":"https:\/\/empresas.infoempleo.com\/hrtrends\/"},{"@type":"ListItem","position":2,"name":"Formas de gestionar y evitar el bajo rendimiento laboral de algunos trabajadores"}]},{"@type":"WebSite","@id":"https:\/\/empresas.infoempleo.com\/hrtrends\/#website","url":"https:\/\/empresas.infoempleo.com\/hrtrends","name":"HRTrends by Infoempleo","description":"","publisher":{"@id":"https:\/\/empresas.infoempleo.com\/hrtrends\/#organization"},"potentialAction":{"@type":"SearchAction","target":"https:\/\/empresas.infoempleo.com\/hrtrends\/?s={search_term_string}","query-input":"required name=search_term_string"},"inLanguage":"es"},{"@type":"Organization","@id":"https:\/\/empresas.infoempleo.com\/hrtrends\/#organization","name":"Infoempleo","url":"https:\/\/www.infoempleo.com\/","logo":{"@type":"ImageObject","@id":"https:\/\/empresas.infoempleo.com\/hrtrends\/#logo","inLanguage":"es","url":"https:\/\/cdnazure.infoempleo.com\/infoempleo\/assets\/style\/gfx\/logo.svg","contentUrl":"https:\/\/cdnazure.infoempleo.com\/infoempleo\/assets\/style\/gfx\/logo.svg","width":150,"height":40,"caption":"Infoempleo"},"image":{"@id":"https:\/\/empresas.infoempleo.com\/hrtrends\/#logo"},"sameAs":["https:\/\/www.facebook.com\/Infoempleo","https:\/\/x.com\/infoempleo","http:\/\/instagram.com\/infoempleo\/","http:\/\/www.linkedin.com\/groups\/Empleo-Espa\u00f1a-Infoempleocom-111276","http:\/\/pinterest.com\/infoempleo\/"],"address":{"@type":"PostalAddress","addressLocality":"Madrid","postalCode":"28050","streetAddress":"Avenida de Burgos 114"},"brand":["Infoempleo"]},{"@type":"Person","@id":"https:\/\/empresas.infoempleo.com\/hrtrends\/#\/schema\/person\/b1dd51edbb566a47cd8f7513fa73d223","name":"Adriana M.","image":{"@type":"ImageObject","inLanguage":"es","@id":"https:\/\/empresas.infoempleo.com\/hrtrends\/#\/schema\/person\/image\/","url":"https:\/\/secure.gravatar.com\/avatar\/243f7dd7e1db0ad0e9791be05df7d72ba5c8bf338408591753bae2fe87dae18d?s=96&d=mm&r=g","contentUrl":"https:\/\/secure.gravatar.com\/avatar\/243f7dd7e1db0ad0e9791be05df7d72ba5c8bf338408591753bae2fe87dae18d?s=96&d=mm&r=g","caption":"Adriana M."},"description":"Periodista y experta en Comunicaci\u00f3n Audiovisual y Narrativa. Me encanta escribir y narrar lo que pasa a mi alrededor es mi pasi\u00f3n.","url":"https:\/\/empresas.infoempleo.com\/hrtrends\/author\/adriana-kanvas\/"}]}},"amp_enabled":true,"_links":{"self":[{"href":"https:\/\/empresas.infoempleo.com\/hrtrends\/wp-json\/wp\/v2\/posts\/37370","targetHints":{"allow":["GET"]}}],"collection":[{"href":"https:\/\/empresas.infoempleo.com\/hrtrends\/wp-json\/wp\/v2\/posts"}],"about":[{"href":"https:\/\/empresas.infoempleo.com\/hrtrends\/wp-json\/wp\/v2\/types\/post"}],"author":[{"embeddable":true,"href":"https:\/\/empresas.infoempleo.com\/hrtrends\/wp-json\/wp\/v2\/users\/122"}],"replies":[{"embeddable":true,"href":"https:\/\/empresas.infoempleo.com\/hrtrends\/wp-json\/wp\/v2\/comments?post=37370"}],"version-history":[{"count":4,"href":"https:\/\/empresas.infoempleo.com\/hrtrends\/wp-json\/wp\/v2\/posts\/37370\/revisions"}],"predecessor-version":[{"id":37372,"href":"https:\/\/empresas.infoempleo.com\/hrtrends\/wp-json\/wp\/v2\/posts\/37370\/revisions\/37372"}],"wp:featuredmedia":[{"embeddable":true,"href":"https:\/\/empresas.infoempleo.com\/hrtrends\/wp-json\/wp\/v2\/media\/37373"}],"wp:attachment":[{"href":"https:\/\/empresas.infoempleo.com\/hrtrends\/wp-json\/wp\/v2\/media?parent=37370"}],"wp:term":[{"taxonomy":"category","embeddable":true,"href":"https:\/\/empresas.infoempleo.com\/hrtrends\/wp-json\/wp\/v2\/categories?post=37370"},{"taxonomy":"post_tag","embeddable":true,"href":"https:\/\/empresas.infoempleo.com\/hrtrends\/wp-json\/wp\/v2\/tags?post=37370"}],"curies":[{"name":"wp","href":"https:\/\/api.w.org\/{rel}","templated":true}]}}