{"id":37335,"date":"2020-05-20T07:30:11","date_gmt":"2020-05-20T05:30:11","guid":{"rendered":"https:\/\/empresas.infoempleo.com\/hrtrends\/?p=37335"},"modified":"2020-05-05T13:36:17","modified_gmt":"2020-05-05T11:36:17","slug":"las-mejores-pautas-de-trabajo-en-la-era-digital","status":"publish","type":"post","link":"https:\/\/empresas.infoempleo.com\/hrtrends\/las-mejores-pautas-de-trabajo-en-la-era-digital\/","title":{"rendered":"La importancia de las pautas de trabajo en la era digital"},"content":{"rendered":"<p><span style=\"font-weight: 400;\">La transformaci\u00f3n que conlleva todos los avances de la era digital est\u00e1 afectando profundamente a la forma en que las personas viven y trabajan. Incluso en lo que respecta al n\u00famero y tipos de empleos disponibles. <\/span><span style=\"font-weight: 400;\">Aunque, en ocasiones, existe una preocupaci\u00f3n desmedida por el desempleo tecnol\u00f3gico generalizado, es cierto que el <\/span><b>impacto de la transformaci\u00f3n del trabajo en la era digital es muy real.<\/b><\/p>\n<p><span style=\"font-weight: 400;\">Con esta transformaci\u00f3n llega la curiosa oportunidad de mejorar fundamentalmente el trabajo.\u00a0<\/span><\/p>\n<p><span style=\"font-weight: 400;\">Actualmente existe una posibilidad de dar forma al futuro del trabajo con previsi\u00f3n, de manera que se reduzcan las desigualdades y se refuerce el bienestar. Para lograrlo, todos los interesados, pero especialmente los <\/span><b>responsables de formular las reglas<\/b><span style=\"font-weight: 400;\">, deben ser conscientes de los cambios que se est\u00e1n produciendo y de la <\/span><b>importancia de establecer una serie de pautas para mejorar el trabajo en la era digital<\/b><span style=\"font-weight: 400;\">.\u00a0\u00a0<\/span><\/p>\n<h2>Pautas para el trabajo en la era digital<\/h2>\n<h3>Todos los empleados tienen poder de decisi\u00f3n<\/h3>\n<p><span style=\"font-weight: 400;\">Las empresas y los individuos necesitan ver que <\/span><b>el poder de decisi\u00f3n existe en todos los niveles de la organizaci\u00f3n<\/b><span style=\"font-weight: 400;\"> y es esencial ense\u00f1ar a tu equipo a identificar y usar su poder de manera responsable.<\/span><\/p>\n<p><span style=\"font-weight: 400;\">Esto es as\u00ed debido a que <\/span><b>el trabajo en la era digital es cada vez m\u00e1s aut\u00f3nomo<\/b><span style=\"font-weight: 400;\">, incluso con empleados que nunca han mantenido un contacto en persona, por lo que es muy importante <\/span><b>que cada empleado pueda ser capaz de tomar decisiones<\/b><span style=\"font-weight: 400;\"> para agilizar el proceso productivo.<\/span><\/p>\n<h3>El trabajo en la era digital debe ser colaborativo<\/h3>\n<p><span style=\"font-weight: 400;\">El volumen de trabajo que se est\u00e1 haciendo mediante la colaboraci\u00f3n ha aumentado dram\u00e1ticamente en los \u00faltimos tiempos. Por eso, <\/span><b>las empresas deben centrarse en el desarrollo de las habilidades de colaboraci\u00f3n de sus trabajadores<\/b><span style=\"font-weight: 400;\">.<\/span><\/p>\n<p><span style=\"font-weight: 400;\">Para ello, <\/span><b>existen multitud de herramientas y m\u00e9todolog\u00edas de trabajo<\/b><span style=\"font-weight: 400;\"> (kanban, agile etc.) que fomentan y facilitan esa colaboraci\u00f3n entre empleados y equipos de trabajo. En este sentido, es vital que, adem\u00e1s de usar estas herramientas colaborativas, <strong>s<\/strong><\/span><b>e forme a los empleados en este estilo de trabajo<\/b><span style=\"font-weight: 400;\">.<\/span><\/p>\n<h3>Todas las ideas son v\u00e1lidas y se escuchan<\/h3>\n<p><span style=\"font-weight: 400;\">En la era digital, <\/span><b>la cantidad de informaci\u00f3n que recibimos es abrumadora<\/b><span style=\"font-weight: 400;\">, esto puede propiciar que a veces no prestemos atenci\u00f3n a lo que estamos haciendo, o a lo que nuestro interlocutor nos est\u00e1 diciendo, ya sea un cliente, proveedor o compa\u00f1ero de trabajo.<\/span><\/p>\n<p><span style=\"font-weight: 400;\">La <\/span><b>capacidad de escuchar es vital en el entorno laboral<\/b><span style=\"font-weight: 400;\">. Debemos hacer un esfuerzo en <\/span><b>escuchar las opiniones el resto<\/b><span style=\"font-weight: 400;\">, valorar sus ideas, apoyarlas si son correctas o incluso <\/span><b>ser capaz de dar <\/b><b><i>feedback<\/i><\/b> <span style=\"font-weight: 400;\">o mejorarlas si no lo son.\u00a0<\/span><\/p>\n<h3>Fomentar el pensamiento creativo<\/h3>\n<p><span style=\"font-weight: 400;\">La <\/span><b>creatividad<\/b><span style=\"font-weight: 400;\"> es un <\/span><b>aspecto muy importante en un mundo que cambia y se digitaliza a pasos agigantados<\/b><span style=\"font-weight: 400;\">.\u00a0<\/span><\/p>\n<p><span style=\"font-weight: 400;\">La propuesta de ideas ingeniosas y creativas pueden marcar la diferencia en el trabajo en la era digital, <\/span><b>incluso si una idea hoy puede parecer descabellada<\/b><span style=\"font-weight: 400;\"> o fuera de lugar, puede que en un futuro, debido a\u00a0 este entorno laboral en constante cambio, <\/span><b>se convierta en una idea rompedora y consiga unos resultados sorprendentes.<\/b><\/p>\n<p><span style=\"font-weight: 400;\">Si seguimos estas pautas de <\/span><b>trabajo en la era digital<\/b><span style=\"font-weight: 400;\">, conseguiremos una empresa <\/span><b>m\u00e1s din\u00e1mica<\/b><span style=\"font-weight: 400;\">, <\/span><b>m\u00e1s flexible<\/b><span style=\"font-weight: 400;\"> al cambio y con la <\/span><b>capacidad de obtener resultados extraordinarios<\/b><span style=\"font-weight: 400;\"> en un mundo empresarial que cambia a pasos agigantados.<\/span><\/p>\n","protected":false},"excerpt":{"rendered":"<p>La transformaci\u00f3n que conlleva todos los avances de la era digital est\u00e1 afectando profundamente a la forma en<a class=\"moretag\" href=\"https:\/\/empresas.infoempleo.com\/hrtrends\/las-mejores-pautas-de-trabajo-en-la-era-digital\/\"> Leer m\u00e1s<\/a><\/p>\n","protected":false},"author":122,"featured_media":37336,"comment_status":"closed","ping_status":"closed","sticky":false,"template":"","format":"standard","meta":{"footnotes":""},"categories":[3],"tags":[3254,3376,3375],"class_list":["post-37335","post","type-post","status-publish","format-standard","has-post-thumbnail","hentry","category-actualidad","tag-gestion-de-equipos","tag-trabajo-colaborativo","tag-trabajo-digital"],"yoast_head":"<!-- This site is optimized with the Yoast SEO plugin v26.1.1 - https:\/\/yoast.com\/wordpress\/plugins\/seo\/ -->\n<title>Las mejores pautas de trabajo en la era digital | HRTRENDS<\/title>\n<meta name=\"description\" content=\"El mundo empresarial est\u00e1 cambiando a pasos agigantados con el uso de la tecnolog\u00eda. Te contamos cu\u00e1les son las mejores pautas de trabajo en la era digital\" \/>\n<meta name=\"robots\" content=\"index, follow, max-snippet:-1, max-image-preview:large, max-video-preview:-1\" \/>\n<link rel=\"canonical\" href=\"https:\/\/empresas.infoempleo.com\/hrtrends\/las-mejores-pautas-de-trabajo-en-la-era-digital\/\" \/>\n<meta property=\"og:locale\" content=\"es_ES\" \/>\n<meta property=\"og:type\" content=\"article\" \/>\n<meta property=\"og:title\" content=\"Las mejores pautas de trabajo en la era digital | HRTRENDS\" \/>\n<meta property=\"og:description\" content=\"El mundo empresarial est\u00e1 cambiando a pasos agigantados con el uso de la tecnolog\u00eda. Te contamos cu\u00e1les son las mejores pautas de trabajo en la era digital\" \/>\n<meta property=\"og:url\" content=\"https:\/\/empresas.infoempleo.com\/hrtrends\/las-mejores-pautas-de-trabajo-en-la-era-digital\/\" \/>\n<meta property=\"og:site_name\" content=\"HRTRENDS\" \/>\n<meta property=\"article:publisher\" content=\"https:\/\/www.facebook.com\/Infoempleo\" \/>\n<meta property=\"article:published_time\" content=\"2020-05-20T05:30:11+00:00\" \/>\n<meta property=\"og:image\" content=\"https:\/\/empresas.infoempleo.com\/hrtrends\/media\/2020\/04\/HRTrends-pautas-para-el-trabajo-en-la-era-digital.jpg\" \/>\n\t<meta property=\"og:image:width\" content=\"980\" \/>\n\t<meta property=\"og:image:height\" content=\"600\" \/>\n\t<meta property=\"og:image:type\" content=\"image\/jpeg\" \/>\n<meta name=\"author\" content=\"Adriana M.\" \/>\n<meta name=\"twitter:card\" content=\"summary_large_image\" \/>\n<meta name=\"twitter:creator\" content=\"@infoempleo\" \/>\n<meta name=\"twitter:site\" content=\"@infoempleo\" \/>\n<meta name=\"twitter:label1\" content=\"Escrito por\" \/>\n\t<meta name=\"twitter:data1\" content=\"Adriana M.\" \/>\n\t<meta name=\"twitter:label2\" content=\"Tiempo de lectura\" \/>\n\t<meta name=\"twitter:data2\" content=\"3 minutos\" \/>\n<script type=\"application\/ld+json\" class=\"yoast-schema-graph\">{\"@context\":\"https:\/\/schema.org\",\"@graph\":[{\"@type\":\"NewsArticle\",\"@id\":\"https:\/\/empresas.infoempleo.com\/hrtrends\/las-mejores-pautas-de-trabajo-en-la-era-digital\/#article\",\"isPartOf\":{\"@id\":\"https:\/\/empresas.infoempleo.com\/hrtrends\/las-mejores-pautas-de-trabajo-en-la-era-digital\/\"},\"author\":{\"name\":\"Adriana M.\",\"@id\":\"https:\/\/empresas.infoempleo.com\/hrtrends\/#\/schema\/person\/b1dd51edbb566a47cd8f7513fa73d223\"},\"headline\":\"La importancia de las pautas de trabajo en la era digital\",\"datePublished\":\"2020-05-20T05:30:11+00:00\",\"mainEntityOfPage\":{\"@id\":\"https:\/\/empresas.infoempleo.com\/hrtrends\/las-mejores-pautas-de-trabajo-en-la-era-digital\/\"},\"wordCount\":577,\"publisher\":{\"@id\":\"https:\/\/empresas.infoempleo.com\/hrtrends\/#organization\"},\"image\":{\"@id\":\"https:\/\/empresas.infoempleo.com\/hrtrends\/las-mejores-pautas-de-trabajo-en-la-era-digital\/#primaryimage\"},\"thumbnailUrl\":\"https:\/\/empresas.infoempleo.com\/hrtrends\/media\/2020\/04\/HRTrends-pautas-para-el-trabajo-en-la-era-digital.jpg\",\"keywords\":[\"gesti\u00f3n de equipos\",\"trabajo colaborativo\",\"trabajo digital\"],\"articleSection\":[\"Actualidad\"],\"inLanguage\":\"es\",\"copyrightYear\":\"2020\",\"copyrightHolder\":{\"@id\":\"https:\/\/empresas.infoempleo.com\/hrtrends\/#organization\"}},{\"@type\":\"WebPage\",\"@id\":\"https:\/\/empresas.infoempleo.com\/hrtrends\/las-mejores-pautas-de-trabajo-en-la-era-digital\/\",\"url\":\"https:\/\/empresas.infoempleo.com\/hrtrends\/las-mejores-pautas-de-trabajo-en-la-era-digital\/\",\"name\":\"Las mejores pautas de trabajo en la era digital | HRTRENDS\",\"isPartOf\":{\"@id\":\"https:\/\/empresas.infoempleo.com\/hrtrends\/#website\"},\"primaryImageOfPage\":{\"@id\":\"https:\/\/empresas.infoempleo.com\/hrtrends\/las-mejores-pautas-de-trabajo-en-la-era-digital\/#primaryimage\"},\"image\":{\"@id\":\"https:\/\/empresas.infoempleo.com\/hrtrends\/las-mejores-pautas-de-trabajo-en-la-era-digital\/#primaryimage\"},\"thumbnailUrl\":\"https:\/\/empresas.infoempleo.com\/hrtrends\/media\/2020\/04\/HRTrends-pautas-para-el-trabajo-en-la-era-digital.jpg\",\"datePublished\":\"2020-05-20T05:30:11+00:00\",\"description\":\"El mundo empresarial est\u00e1 cambiando a pasos agigantados con el uso de la tecnolog\u00eda. Te contamos cu\u00e1les son las mejores pautas de trabajo en la era digital\",\"breadcrumb\":{\"@id\":\"https:\/\/empresas.infoempleo.com\/hrtrends\/las-mejores-pautas-de-trabajo-en-la-era-digital\/#breadcrumb\"},\"inLanguage\":\"es\",\"potentialAction\":[{\"@type\":\"ReadAction\",\"target\":[\"https:\/\/empresas.infoempleo.com\/hrtrends\/las-mejores-pautas-de-trabajo-en-la-era-digital\/\"]}]},{\"@type\":\"ImageObject\",\"inLanguage\":\"es\",\"@id\":\"https:\/\/empresas.infoempleo.com\/hrtrends\/las-mejores-pautas-de-trabajo-en-la-era-digital\/#primaryimage\",\"url\":\"https:\/\/empresas.infoempleo.com\/hrtrends\/media\/2020\/04\/HRTrends-pautas-para-el-trabajo-en-la-era-digital-150x150.jpg\",\"contentUrl\":\"https:\/\/empresas.infoempleo.com\/hrtrends\/media\/2020\/04\/HRTrends-pautas-para-el-trabajo-en-la-era-digital-150x150.jpg\",\"width\":150,\"height\":150},{\"@type\":\"BreadcrumbList\",\"@id\":\"https:\/\/empresas.infoempleo.com\/hrtrends\/las-mejores-pautas-de-trabajo-en-la-era-digital\/#breadcrumb\",\"itemListElement\":[{\"@type\":\"ListItem\",\"position\":1,\"name\":\"Portada\",\"item\":\"https:\/\/empresas.infoempleo.com\/hrtrends\/\"},{\"@type\":\"ListItem\",\"position\":2,\"name\":\"La importancia de las pautas de trabajo en la era digital\"}]},{\"@type\":\"WebSite\",\"@id\":\"https:\/\/empresas.infoempleo.com\/hrtrends\/#website\",\"url\":\"https:\/\/empresas.infoempleo.com\/hrtrends\",\"name\":\"HRTrends by Infoempleo\",\"description\":\"\",\"publisher\":{\"@id\":\"https:\/\/empresas.infoempleo.com\/hrtrends\/#organization\"},\"potentialAction\":{\"@type\":\"SearchAction\",\"target\":\"https:\/\/empresas.infoempleo.com\/hrtrends\/?s={search_term_string}\",\"query-input\":\"required name=search_term_string\"},\"inLanguage\":\"es\"},{\"@type\":\"Organization\",\"@id\":\"https:\/\/empresas.infoempleo.com\/hrtrends\/#organization\",\"name\":\"Infoempleo\",\"url\":\"https:\/\/www.infoempleo.com\/\",\"logo\":{\"@type\":\"ImageObject\",\"@id\":\"https:\/\/empresas.infoempleo.com\/hrtrends\/#logo\",\"inLanguage\":\"es\",\"url\":\"https:\/\/cdnazure.infoempleo.com\/infoempleo\/assets\/style\/gfx\/logo.svg\",\"contentUrl\":\"https:\/\/cdnazure.infoempleo.com\/infoempleo\/assets\/style\/gfx\/logo.svg\",\"width\":150,\"height\":40,\"caption\":\"Infoempleo\"},\"image\":{\"@id\":\"https:\/\/empresas.infoempleo.com\/hrtrends\/#logo\"},\"sameAs\":[\"https:\/\/www.facebook.com\/Infoempleo\",\"https:\/\/x.com\/infoempleo\",\"http:\/\/instagram.com\/infoempleo\/\",\"http:\/\/www.linkedin.com\/groups\/Empleo-Espa\u00f1a-Infoempleocom-111276\",\"http:\/\/pinterest.com\/infoempleo\/\"],\"address\":{\"@type\":\"PostalAddress\",\"addressLocality\":\"Madrid\",\"postalCode\":\"28050\",\"streetAddress\":\"Avenida de Burgos 114\"},\"brand\":[\"Infoempleo\"]},{\"@type\":\"Person\",\"@id\":\"https:\/\/empresas.infoempleo.com\/hrtrends\/#\/schema\/person\/b1dd51edbb566a47cd8f7513fa73d223\",\"name\":\"Adriana M.\",\"image\":{\"@type\":\"ImageObject\",\"inLanguage\":\"es\",\"@id\":\"https:\/\/empresas.infoempleo.com\/hrtrends\/#\/schema\/person\/image\/\",\"url\":\"https:\/\/secure.gravatar.com\/avatar\/243f7dd7e1db0ad0e9791be05df7d72ba5c8bf338408591753bae2fe87dae18d?s=96&d=mm&r=g\",\"contentUrl\":\"https:\/\/secure.gravatar.com\/avatar\/243f7dd7e1db0ad0e9791be05df7d72ba5c8bf338408591753bae2fe87dae18d?s=96&d=mm&r=g\",\"caption\":\"Adriana M.\"},\"description\":\"Periodista y experta en Comunicaci\u00f3n Audiovisual y Narrativa. Me encanta escribir y narrar lo que pasa a mi alrededor es mi pasi\u00f3n.\",\"url\":\"https:\/\/empresas.infoempleo.com\/hrtrends\/author\/adriana-kanvas\/\"}]}<\/script>\n<!-- \/ Yoast SEO plugin. -->","yoast_head_json":{"title":"Las mejores pautas de trabajo en la era digital | HRTRENDS","description":"El mundo empresarial est\u00e1 cambiando a pasos agigantados con el uso de la tecnolog\u00eda. Te contamos cu\u00e1les son las mejores pautas de trabajo en la era digital","robots":{"index":"index","follow":"follow","max-snippet":"max-snippet:-1","max-image-preview":"max-image-preview:large","max-video-preview":"max-video-preview:-1"},"canonical":"https:\/\/empresas.infoempleo.com\/hrtrends\/las-mejores-pautas-de-trabajo-en-la-era-digital\/","og_locale":"es_ES","og_type":"article","og_title":"Las mejores pautas de trabajo en la era digital | HRTRENDS","og_description":"El mundo empresarial est\u00e1 cambiando a pasos agigantados con el uso de la tecnolog\u00eda. Te contamos cu\u00e1les son las mejores pautas de trabajo en la era digital","og_url":"https:\/\/empresas.infoempleo.com\/hrtrends\/las-mejores-pautas-de-trabajo-en-la-era-digital\/","og_site_name":"HRTRENDS","article_publisher":"https:\/\/www.facebook.com\/Infoempleo","article_published_time":"2020-05-20T05:30:11+00:00","og_image":[{"width":980,"height":600,"url":"https:\/\/empresas.infoempleo.com\/hrtrends\/media\/2020\/04\/HRTrends-pautas-para-el-trabajo-en-la-era-digital.jpg","type":"image\/jpeg"}],"author":"Adriana M.","twitter_card":"summary_large_image","twitter_creator":"@infoempleo","twitter_site":"@infoempleo","twitter_misc":{"Escrito por":"Adriana M.","Tiempo de lectura":"3 minutos"},"schema":{"@context":"https:\/\/schema.org","@graph":[{"@type":"NewsArticle","@id":"https:\/\/empresas.infoempleo.com\/hrtrends\/las-mejores-pautas-de-trabajo-en-la-era-digital\/#article","isPartOf":{"@id":"https:\/\/empresas.infoempleo.com\/hrtrends\/las-mejores-pautas-de-trabajo-en-la-era-digital\/"},"author":{"name":"Adriana M.","@id":"https:\/\/empresas.infoempleo.com\/hrtrends\/#\/schema\/person\/b1dd51edbb566a47cd8f7513fa73d223"},"headline":"La importancia de las pautas de trabajo en la era digital","datePublished":"2020-05-20T05:30:11+00:00","mainEntityOfPage":{"@id":"https:\/\/empresas.infoempleo.com\/hrtrends\/las-mejores-pautas-de-trabajo-en-la-era-digital\/"},"wordCount":577,"publisher":{"@id":"https:\/\/empresas.infoempleo.com\/hrtrends\/#organization"},"image":{"@id":"https:\/\/empresas.infoempleo.com\/hrtrends\/las-mejores-pautas-de-trabajo-en-la-era-digital\/#primaryimage"},"thumbnailUrl":"https:\/\/empresas.infoempleo.com\/hrtrends\/media\/2020\/04\/HRTrends-pautas-para-el-trabajo-en-la-era-digital.jpg","keywords":["gesti\u00f3n de equipos","trabajo colaborativo","trabajo digital"],"articleSection":["Actualidad"],"inLanguage":"es","copyrightYear":"2020","copyrightHolder":{"@id":"https:\/\/empresas.infoempleo.com\/hrtrends\/#organization"}},{"@type":"WebPage","@id":"https:\/\/empresas.infoempleo.com\/hrtrends\/las-mejores-pautas-de-trabajo-en-la-era-digital\/","url":"https:\/\/empresas.infoempleo.com\/hrtrends\/las-mejores-pautas-de-trabajo-en-la-era-digital\/","name":"Las mejores pautas de trabajo en la era digital | HRTRENDS","isPartOf":{"@id":"https:\/\/empresas.infoempleo.com\/hrtrends\/#website"},"primaryImageOfPage":{"@id":"https:\/\/empresas.infoempleo.com\/hrtrends\/las-mejores-pautas-de-trabajo-en-la-era-digital\/#primaryimage"},"image":{"@id":"https:\/\/empresas.infoempleo.com\/hrtrends\/las-mejores-pautas-de-trabajo-en-la-era-digital\/#primaryimage"},"thumbnailUrl":"https:\/\/empresas.infoempleo.com\/hrtrends\/media\/2020\/04\/HRTrends-pautas-para-el-trabajo-en-la-era-digital.jpg","datePublished":"2020-05-20T05:30:11+00:00","description":"El mundo empresarial est\u00e1 cambiando a pasos agigantados con el uso de la tecnolog\u00eda. Te contamos cu\u00e1les son las mejores pautas de trabajo en la era digital","breadcrumb":{"@id":"https:\/\/empresas.infoempleo.com\/hrtrends\/las-mejores-pautas-de-trabajo-en-la-era-digital\/#breadcrumb"},"inLanguage":"es","potentialAction":[{"@type":"ReadAction","target":["https:\/\/empresas.infoempleo.com\/hrtrends\/las-mejores-pautas-de-trabajo-en-la-era-digital\/"]}]},{"@type":"ImageObject","inLanguage":"es","@id":"https:\/\/empresas.infoempleo.com\/hrtrends\/las-mejores-pautas-de-trabajo-en-la-era-digital\/#primaryimage","url":"https:\/\/empresas.infoempleo.com\/hrtrends\/media\/2020\/04\/HRTrends-pautas-para-el-trabajo-en-la-era-digital-150x150.jpg","contentUrl":"https:\/\/empresas.infoempleo.com\/hrtrends\/media\/2020\/04\/HRTrends-pautas-para-el-trabajo-en-la-era-digital-150x150.jpg","width":150,"height":150},{"@type":"BreadcrumbList","@id":"https:\/\/empresas.infoempleo.com\/hrtrends\/las-mejores-pautas-de-trabajo-en-la-era-digital\/#breadcrumb","itemListElement":[{"@type":"ListItem","position":1,"name":"Portada","item":"https:\/\/empresas.infoempleo.com\/hrtrends\/"},{"@type":"ListItem","position":2,"name":"La importancia de las pautas de trabajo en la era digital"}]},{"@type":"WebSite","@id":"https:\/\/empresas.infoempleo.com\/hrtrends\/#website","url":"https:\/\/empresas.infoempleo.com\/hrtrends","name":"HRTrends by Infoempleo","description":"","publisher":{"@id":"https:\/\/empresas.infoempleo.com\/hrtrends\/#organization"},"potentialAction":{"@type":"SearchAction","target":"https:\/\/empresas.infoempleo.com\/hrtrends\/?s={search_term_string}","query-input":"required name=search_term_string"},"inLanguage":"es"},{"@type":"Organization","@id":"https:\/\/empresas.infoempleo.com\/hrtrends\/#organization","name":"Infoempleo","url":"https:\/\/www.infoempleo.com\/","logo":{"@type":"ImageObject","@id":"https:\/\/empresas.infoempleo.com\/hrtrends\/#logo","inLanguage":"es","url":"https:\/\/cdnazure.infoempleo.com\/infoempleo\/assets\/style\/gfx\/logo.svg","contentUrl":"https:\/\/cdnazure.infoempleo.com\/infoempleo\/assets\/style\/gfx\/logo.svg","width":150,"height":40,"caption":"Infoempleo"},"image":{"@id":"https:\/\/empresas.infoempleo.com\/hrtrends\/#logo"},"sameAs":["https:\/\/www.facebook.com\/Infoempleo","https:\/\/x.com\/infoempleo","http:\/\/instagram.com\/infoempleo\/","http:\/\/www.linkedin.com\/groups\/Empleo-Espa\u00f1a-Infoempleocom-111276","http:\/\/pinterest.com\/infoempleo\/"],"address":{"@type":"PostalAddress","addressLocality":"Madrid","postalCode":"28050","streetAddress":"Avenida de Burgos 114"},"brand":["Infoempleo"]},{"@type":"Person","@id":"https:\/\/empresas.infoempleo.com\/hrtrends\/#\/schema\/person\/b1dd51edbb566a47cd8f7513fa73d223","name":"Adriana M.","image":{"@type":"ImageObject","inLanguage":"es","@id":"https:\/\/empresas.infoempleo.com\/hrtrends\/#\/schema\/person\/image\/","url":"https:\/\/secure.gravatar.com\/avatar\/243f7dd7e1db0ad0e9791be05df7d72ba5c8bf338408591753bae2fe87dae18d?s=96&d=mm&r=g","contentUrl":"https:\/\/secure.gravatar.com\/avatar\/243f7dd7e1db0ad0e9791be05df7d72ba5c8bf338408591753bae2fe87dae18d?s=96&d=mm&r=g","caption":"Adriana M."},"description":"Periodista y experta en Comunicaci\u00f3n Audiovisual y Narrativa. Me encanta escribir y narrar lo que pasa a mi alrededor es mi pasi\u00f3n.","url":"https:\/\/empresas.infoempleo.com\/hrtrends\/author\/adriana-kanvas\/"}]}},"amp_enabled":true,"_links":{"self":[{"href":"https:\/\/empresas.infoempleo.com\/hrtrends\/wp-json\/wp\/v2\/posts\/37335","targetHints":{"allow":["GET"]}}],"collection":[{"href":"https:\/\/empresas.infoempleo.com\/hrtrends\/wp-json\/wp\/v2\/posts"}],"about":[{"href":"https:\/\/empresas.infoempleo.com\/hrtrends\/wp-json\/wp\/v2\/types\/post"}],"author":[{"embeddable":true,"href":"https:\/\/empresas.infoempleo.com\/hrtrends\/wp-json\/wp\/v2\/users\/122"}],"replies":[{"embeddable":true,"href":"https:\/\/empresas.infoempleo.com\/hrtrends\/wp-json\/wp\/v2\/comments?post=37335"}],"version-history":[{"count":2,"href":"https:\/\/empresas.infoempleo.com\/hrtrends\/wp-json\/wp\/v2\/posts\/37335\/revisions"}],"predecessor-version":[{"id":37338,"href":"https:\/\/empresas.infoempleo.com\/hrtrends\/wp-json\/wp\/v2\/posts\/37335\/revisions\/37338"}],"wp:featuredmedia":[{"embeddable":true,"href":"https:\/\/empresas.infoempleo.com\/hrtrends\/wp-json\/wp\/v2\/media\/37336"}],"wp:attachment":[{"href":"https:\/\/empresas.infoempleo.com\/hrtrends\/wp-json\/wp\/v2\/media?parent=37335"}],"wp:term":[{"taxonomy":"category","embeddable":true,"href":"https:\/\/empresas.infoempleo.com\/hrtrends\/wp-json\/wp\/v2\/categories?post=37335"},{"taxonomy":"post_tag","embeddable":true,"href":"https:\/\/empresas.infoempleo.com\/hrtrends\/wp-json\/wp\/v2\/tags?post=37335"}],"curies":[{"name":"wp","href":"https:\/\/api.w.org\/{rel}","templated":true}]}}