{"id":37174,"date":"2020-04-29T07:30:35","date_gmt":"2020-04-29T05:30:35","guid":{"rendered":"https:\/\/empresas.infoempleo.com\/hrtrends\/?p=37174"},"modified":"2020-03-30T19:12:51","modified_gmt":"2020-03-30T17:12:51","slug":"estrategias-para-humanizar-tu-oficina","status":"publish","type":"post","link":"https:\/\/empresas.infoempleo.com\/hrtrends\/estrategias-para-humanizar-tu-oficina\/","title":{"rendered":"Estrategias para humanizar tu oficina"},"content":{"rendered":"<p><span style=\"font-weight: 400;\">Actualmente muchas de las empresas se han vuelto puramente transaccionales y deshumanizadas, sin ning\u00fan tipo de enfoque real en las personas.<\/span><\/p>\n<p><span style=\"font-weight: 400;\">Por eso, los <\/span><b>trabajadores sienten que sus jefes los tratan m\u00e1s como un recurso humano que como un ser humano,<\/b><span style=\"font-weight: 400;\"> y nos hemos vuelto tan dependientes de la tecnolog\u00eda como medio de comunicaci\u00f3n que las oportunidades de conectarse y cuidarse unos a otros a un nivel humano b\u00e1sico son escasas. Se pierde la <\/span><a href=\"https:\/\/empresas.infoempleo.com\/hrtrends\/como-generar-confianza-entre-tus-empleados\/\"><span style=\"font-weight: 400;\">confianza.<\/span><\/a><span style=\"font-weight: 400;\"> De ah\u00ed, la importancia de<\/span><b> humanizar tu oficina.<\/b><\/p>\n<p><span style=\"font-weight: 400;\">Vivimos inmersos en una cultura de \u00abocupados\u00bb, tenemos poco tiempo para cuidarnos a nosotros mismos y mucho menos a nuestros compa\u00f1eros de trabajo. En un intento de<strong> buscar la conexi\u00f3n humana<\/strong>, algunos pasan m\u00e1s tiempo en el trabajo que con su familia.<\/span><\/p>\n<p><b>Humanizar tu oficina genera un mejor rendimiento laboral,<\/b><span style=\"font-weight: 400;\"> se consiguen mejores niveles de retenci\u00f3n de empleados y se mejoran las relaciones con los clientes, ya que <strong>tanto los empleados como los clientes responden positivamente<\/strong> cuando se sienten cuidados y valorados.\u00a0<\/span><\/p>\n<p><span style=\"font-weight: 400;\">Adem\u00e1s, son los <\/span><b>actos espont\u00e1neos<\/b><span style=\"font-weight: 400;\"> entre compa\u00f1eros en la oficina los que marcan la diferencia y <\/span><b>contribuyen a la humanizaci\u00f3n de la oficina<\/b><span style=\"font-weight: 400;\">. Cuando nos sentimos movidos a ayudar a alguien que est\u00e1 pasando por un momento dif\u00edcil, esa persona se siente protegida, siente el apoyo de sus compa\u00f1ero y se siente entendida.<\/span><\/p>\n<h2>\u00bfQu\u00e9 se necesita para humanizar y construir una cultura de empat\u00eda?<\/h2>\n<p><span style=\"font-weight: 400;\">Existen algunas <\/span><b>estrategias b\u00e1sicas para humanizar el ambiente de tu oficina:<\/b><\/p>\n<h3>Cultura<\/h3>\n<p><span style=\"font-weight: 400;\">En las empresas compasivas, la <\/span><b>jerarqu\u00eda<\/b><span style=\"font-weight: 400;\"> puede ser dif\u00edcil de detectar. Los <\/span><b>espacios f\u00edsicos<\/b><span style=\"font-weight: 400;\"> de estas organizaciones tambi\u00e9n se ven y se sienten diferentes, como por ejemplo la <strong>distribuci\u00f3n de los puestos de trabajo<\/strong> de las oficinas, donde los que est\u00e1n en posiciones de direcci\u00f3n o de poder a menudo son indistinguibles de otros empleados.\u00a0<\/span><\/p>\n<p><span style=\"font-weight: 400;\">Los compa\u00f1eros de trabajo se tratan entre s\u00ed con un<\/span><b> sentido de igualdad y respeto mutuo<\/b><span style=\"font-weight: 400;\">, sin que ninguna persona sea m\u00e1s importante que otra.<\/span><\/p>\n<p><span style=\"font-weight: 400;\">Es probable que sus valores incluyan palabras como <\/span><b>\u00abconfianza\u00bb, \u00abigualdad\u00bb, \u00abequilibrio\u00bb, \u00abrespeto\u00bb y \u00abcuidado\u00bb<\/b><span style=\"font-weight: 400;\">, y que los empleados de todos los niveles encarnen estos valores en la forma en que se relacionan entre s\u00ed y en la forma en que interact\u00faan con sus clientes o consumidores.<\/span><\/p>\n<h3>Network social<\/h3>\n<p><span style=\"font-weight: 400;\">Las relaciones sociales son superautopistas de las emociones en el trabajo, ya que las personas forman naturalmente networks sociales con quien compartir informaci\u00f3n, discutir tu vida fuera de la oficina u ofrecerse consejos unos a otros. <\/span><b>La fuerza de este network social son los bloques de construcci\u00f3n de la compasi\u00f3n corporativa que contribuye a humanizar el entorno laboral.<\/b><\/p>\n<h3>Sistemas y pr\u00e1cticas<\/h3>\n<p><span style=\"font-weight: 400;\">Son las pol\u00edticas y los procedimientos los que consagran la cultura y ayudan a integrar la compasi\u00f3n en las empresas.<\/span><\/p>\n<p><span style=\"font-weight: 400;\">Las pr\u00e1cticas de trabajo basadas en <\/span><b>humanizar a trav\u00e9s de la confianza y el respeto, <\/b><span style=\"font-weight: 400;\">como la<\/span><b> comunicaci\u00f3n transparente, <\/b><span style=\"font-weight: 400;\">la<\/span><b> toma de decisiones participativa <\/b><span style=\"font-weight: 400;\">y las<\/span><b> pol\u00edticas favorables de recursos humanos, <\/b><span style=\"font-weight: 400;\">favorecen una <\/span><b>cultura de la compasi\u00f3n y empat\u00eda.\u00a0<\/b><\/p>\n<p><span style=\"font-weight: 400;\">Tambi\u00e9n es evidente que las <strong>empresas que promueven la humanidad y la dignidad<\/strong> en todos sus sistemas y pr\u00e1cticas experimentan una mayor retenci\u00f3n y compromiso entre su personal. Lo que revierte en una mayor productividad mejorando el rendimiento de la empresa.<\/span><\/p>\n<p><span style=\"font-weight: 400;\">Una empresa con una <strong>buena cultura y trato a sus empleados<\/strong> ser\u00e1 una empresa en la que los trabajadores quieran mantenerse. Y de la que hablar\u00e1n bien, tanto a conocidos como a posibles clientes. Aplicando estas estrategias conseguir\u00e1s <\/span><b>humanizar la empresa<\/b><span style=\"font-weight: 400;\"> resultando en muchos <\/span><b>beneficios<\/b><span style=\"font-weight: 400;\"> directos.<\/span><\/p>\n","protected":false},"excerpt":{"rendered":"<p>Actualmente muchas de las empresas se han vuelto puramente transaccionales y deshumanizadas, sin ning\u00fan tipo de enfoque real<a class=\"moretag\" href=\"https:\/\/empresas.infoempleo.com\/hrtrends\/estrategias-para-humanizar-tu-oficina\/\"> Leer m\u00e1s<\/a><\/p>\n","protected":false},"author":122,"featured_media":37175,"comment_status":"closed","ping_status":"closed","sticky":false,"template":"","format":"standard","meta":{"footnotes":""},"categories":[3035],"tags":[2926,3355,3349],"class_list":["post-37174","post","type-post","status-publish","format-standard","has-post-thumbnail","hentry","category-consejos","tag-cultura-de-empresa","tag-humanizar-la-oficina","tag-oficina-saludable"],"yoast_head":"<!-- This site is optimized with the Yoast SEO plugin v26.1.1 - https:\/\/yoast.com\/wordpress\/plugins\/seo\/ -->\n<title>Humanizar tu oficina para mejorar su funcionamiento | HRTRENDS<\/title>\n<meta name=\"description\" content=\"Te explicamos c\u00f3mo puedes humanizar la oficina, la estrategias que funcionan y c\u00f3mo afecta a la productividad de la empresa. \u00a1Sigue leyendo!\" \/>\n<meta name=\"robots\" content=\"index, follow, max-snippet:-1, max-image-preview:large, max-video-preview:-1\" \/>\n<link rel=\"canonical\" href=\"https:\/\/empresas.infoempleo.com\/hrtrends\/estrategias-para-humanizar-tu-oficina\/\" \/>\n<meta property=\"og:locale\" content=\"es_ES\" \/>\n<meta property=\"og:type\" content=\"article\" \/>\n<meta property=\"og:title\" content=\"Humanizar tu oficina para mejorar su funcionamiento | HRTRENDS\" \/>\n<meta property=\"og:description\" content=\"Te explicamos c\u00f3mo puedes humanizar la oficina, la estrategias que funcionan y c\u00f3mo afecta a la productividad de la empresa. \u00a1Sigue leyendo!\" \/>\n<meta property=\"og:url\" content=\"https:\/\/empresas.infoempleo.com\/hrtrends\/estrategias-para-humanizar-tu-oficina\/\" \/>\n<meta property=\"og:site_name\" content=\"HRTRENDS\" \/>\n<meta property=\"article:publisher\" content=\"https:\/\/www.facebook.com\/Infoempleo\" \/>\n<meta property=\"article:published_time\" content=\"2020-04-29T05:30:35+00:00\" \/>\n<meta property=\"og:image\" content=\"https:\/\/empresas.infoempleo.com\/hrtrends\/media\/2020\/03\/HRTrends-como-humanizar-tu-oficina.jpg\" \/>\n\t<meta property=\"og:image:width\" content=\"980\" \/>\n\t<meta property=\"og:image:height\" content=\"600\" \/>\n\t<meta property=\"og:image:type\" content=\"image\/jpeg\" \/>\n<meta name=\"author\" content=\"Adriana M.\" \/>\n<meta name=\"twitter:card\" content=\"summary_large_image\" \/>\n<meta name=\"twitter:creator\" content=\"@infoempleo\" \/>\n<meta name=\"twitter:site\" content=\"@infoempleo\" \/>\n<meta name=\"twitter:label1\" content=\"Escrito por\" \/>\n\t<meta name=\"twitter:data1\" content=\"Adriana M.\" \/>\n\t<meta name=\"twitter:label2\" content=\"Tiempo de lectura\" \/>\n\t<meta name=\"twitter:data2\" content=\"3 minutos\" \/>\n<script type=\"application\/ld+json\" class=\"yoast-schema-graph\">{\"@context\":\"https:\/\/schema.org\",\"@graph\":[{\"@type\":\"NewsArticle\",\"@id\":\"https:\/\/empresas.infoempleo.com\/hrtrends\/estrategias-para-humanizar-tu-oficina\/#article\",\"isPartOf\":{\"@id\":\"https:\/\/empresas.infoempleo.com\/hrtrends\/estrategias-para-humanizar-tu-oficina\/\"},\"author\":{\"name\":\"Adriana M.\",\"@id\":\"https:\/\/empresas.infoempleo.com\/hrtrends\/#\/schema\/person\/b1dd51edbb566a47cd8f7513fa73d223\"},\"headline\":\"Estrategias para humanizar tu oficina\",\"datePublished\":\"2020-04-29T05:30:35+00:00\",\"mainEntityOfPage\":{\"@id\":\"https:\/\/empresas.infoempleo.com\/hrtrends\/estrategias-para-humanizar-tu-oficina\/\"},\"wordCount\":625,\"publisher\":{\"@id\":\"https:\/\/empresas.infoempleo.com\/hrtrends\/#organization\"},\"image\":{\"@id\":\"https:\/\/empresas.infoempleo.com\/hrtrends\/estrategias-para-humanizar-tu-oficina\/#primaryimage\"},\"thumbnailUrl\":\"https:\/\/empresas.infoempleo.com\/hrtrends\/media\/2020\/03\/HRTrends-como-humanizar-tu-oficina.jpg\",\"keywords\":[\"cultura de empresa\",\"humanizar la oficina\",\"oficina saludable\"],\"articleSection\":[\"Consejos\"],\"inLanguage\":\"es\",\"copyrightYear\":\"2020\",\"copyrightHolder\":{\"@id\":\"https:\/\/empresas.infoempleo.com\/hrtrends\/#organization\"}},{\"@type\":\"WebPage\",\"@id\":\"https:\/\/empresas.infoempleo.com\/hrtrends\/estrategias-para-humanizar-tu-oficina\/\",\"url\":\"https:\/\/empresas.infoempleo.com\/hrtrends\/estrategias-para-humanizar-tu-oficina\/\",\"name\":\"Humanizar tu oficina para mejorar su funcionamiento | HRTRENDS\",\"isPartOf\":{\"@id\":\"https:\/\/empresas.infoempleo.com\/hrtrends\/#website\"},\"primaryImageOfPage\":{\"@id\":\"https:\/\/empresas.infoempleo.com\/hrtrends\/estrategias-para-humanizar-tu-oficina\/#primaryimage\"},\"image\":{\"@id\":\"https:\/\/empresas.infoempleo.com\/hrtrends\/estrategias-para-humanizar-tu-oficina\/#primaryimage\"},\"thumbnailUrl\":\"https:\/\/empresas.infoempleo.com\/hrtrends\/media\/2020\/03\/HRTrends-como-humanizar-tu-oficina.jpg\",\"datePublished\":\"2020-04-29T05:30:35+00:00\",\"description\":\"Te explicamos c\u00f3mo puedes humanizar la oficina, la estrategias que funcionan y c\u00f3mo afecta a la productividad de la empresa. \u00a1Sigue leyendo!\",\"breadcrumb\":{\"@id\":\"https:\/\/empresas.infoempleo.com\/hrtrends\/estrategias-para-humanizar-tu-oficina\/#breadcrumb\"},\"inLanguage\":\"es\",\"potentialAction\":[{\"@type\":\"ReadAction\",\"target\":[\"https:\/\/empresas.infoempleo.com\/hrtrends\/estrategias-para-humanizar-tu-oficina\/\"]}]},{\"@type\":\"ImageObject\",\"inLanguage\":\"es\",\"@id\":\"https:\/\/empresas.infoempleo.com\/hrtrends\/estrategias-para-humanizar-tu-oficina\/#primaryimage\",\"url\":\"https:\/\/empresas.infoempleo.com\/hrtrends\/media\/2020\/03\/HRTrends-como-humanizar-tu-oficina-150x150.jpg\",\"contentUrl\":\"https:\/\/empresas.infoempleo.com\/hrtrends\/media\/2020\/03\/HRTrends-como-humanizar-tu-oficina-150x150.jpg\",\"width\":150,\"height\":150},{\"@type\":\"BreadcrumbList\",\"@id\":\"https:\/\/empresas.infoempleo.com\/hrtrends\/estrategias-para-humanizar-tu-oficina\/#breadcrumb\",\"itemListElement\":[{\"@type\":\"ListItem\",\"position\":1,\"name\":\"Portada\",\"item\":\"https:\/\/empresas.infoempleo.com\/hrtrends\/\"},{\"@type\":\"ListItem\",\"position\":2,\"name\":\"Estrategias para humanizar tu oficina\"}]},{\"@type\":\"WebSite\",\"@id\":\"https:\/\/empresas.infoempleo.com\/hrtrends\/#website\",\"url\":\"https:\/\/empresas.infoempleo.com\/hrtrends\",\"name\":\"HRTrends by Infoempleo\",\"description\":\"\",\"publisher\":{\"@id\":\"https:\/\/empresas.infoempleo.com\/hrtrends\/#organization\"},\"potentialAction\":{\"@type\":\"SearchAction\",\"target\":\"https:\/\/empresas.infoempleo.com\/hrtrends\/?s={search_term_string}\",\"query-input\":\"required name=search_term_string\"},\"inLanguage\":\"es\"},{\"@type\":\"Organization\",\"@id\":\"https:\/\/empresas.infoempleo.com\/hrtrends\/#organization\",\"name\":\"Infoempleo\",\"url\":\"https:\/\/www.infoempleo.com\/\",\"logo\":{\"@type\":\"ImageObject\",\"@id\":\"https:\/\/empresas.infoempleo.com\/hrtrends\/#logo\",\"inLanguage\":\"es\",\"url\":\"https:\/\/cdnazure.infoempleo.com\/infoempleo\/assets\/style\/gfx\/logo.svg\",\"contentUrl\":\"https:\/\/cdnazure.infoempleo.com\/infoempleo\/assets\/style\/gfx\/logo.svg\",\"width\":150,\"height\":40,\"caption\":\"Infoempleo\"},\"image\":{\"@id\":\"https:\/\/empresas.infoempleo.com\/hrtrends\/#logo\"},\"sameAs\":[\"https:\/\/www.facebook.com\/Infoempleo\",\"https:\/\/x.com\/infoempleo\",\"http:\/\/instagram.com\/infoempleo\/\",\"http:\/\/www.linkedin.com\/groups\/Empleo-Espa\u00f1a-Infoempleocom-111276\",\"http:\/\/pinterest.com\/infoempleo\/\"],\"address\":{\"@type\":\"PostalAddress\",\"addressLocality\":\"Madrid\",\"postalCode\":\"28050\",\"streetAddress\":\"Avenida de Burgos 114\"},\"brand\":[\"Infoempleo\"]},{\"@type\":\"Person\",\"@id\":\"https:\/\/empresas.infoempleo.com\/hrtrends\/#\/schema\/person\/b1dd51edbb566a47cd8f7513fa73d223\",\"name\":\"Adriana M.\",\"image\":{\"@type\":\"ImageObject\",\"inLanguage\":\"es\",\"@id\":\"https:\/\/empresas.infoempleo.com\/hrtrends\/#\/schema\/person\/image\/\",\"url\":\"https:\/\/secure.gravatar.com\/avatar\/243f7dd7e1db0ad0e9791be05df7d72ba5c8bf338408591753bae2fe87dae18d?s=96&d=mm&r=g\",\"contentUrl\":\"https:\/\/secure.gravatar.com\/avatar\/243f7dd7e1db0ad0e9791be05df7d72ba5c8bf338408591753bae2fe87dae18d?s=96&d=mm&r=g\",\"caption\":\"Adriana M.\"},\"description\":\"Periodista y experta en Comunicaci\u00f3n Audiovisual y Narrativa. Me encanta escribir y narrar lo que pasa a mi alrededor es mi pasi\u00f3n.\",\"url\":\"https:\/\/empresas.infoempleo.com\/hrtrends\/author\/adriana-kanvas\/\"}]}<\/script>\n<!-- \/ Yoast SEO plugin. -->","yoast_head_json":{"title":"Humanizar tu oficina para mejorar su funcionamiento | HRTRENDS","description":"Te explicamos c\u00f3mo puedes humanizar la oficina, la estrategias que funcionan y c\u00f3mo afecta a la productividad de la empresa. \u00a1Sigue leyendo!","robots":{"index":"index","follow":"follow","max-snippet":"max-snippet:-1","max-image-preview":"max-image-preview:large","max-video-preview":"max-video-preview:-1"},"canonical":"https:\/\/empresas.infoempleo.com\/hrtrends\/estrategias-para-humanizar-tu-oficina\/","og_locale":"es_ES","og_type":"article","og_title":"Humanizar tu oficina para mejorar su funcionamiento | HRTRENDS","og_description":"Te explicamos c\u00f3mo puedes humanizar la oficina, la estrategias que funcionan y c\u00f3mo afecta a la productividad de la empresa. \u00a1Sigue leyendo!","og_url":"https:\/\/empresas.infoempleo.com\/hrtrends\/estrategias-para-humanizar-tu-oficina\/","og_site_name":"HRTRENDS","article_publisher":"https:\/\/www.facebook.com\/Infoempleo","article_published_time":"2020-04-29T05:30:35+00:00","og_image":[{"width":980,"height":600,"url":"https:\/\/empresas.infoempleo.com\/hrtrends\/media\/2020\/03\/HRTrends-como-humanizar-tu-oficina.jpg","type":"image\/jpeg"}],"author":"Adriana M.","twitter_card":"summary_large_image","twitter_creator":"@infoempleo","twitter_site":"@infoempleo","twitter_misc":{"Escrito por":"Adriana M.","Tiempo de lectura":"3 minutos"},"schema":{"@context":"https:\/\/schema.org","@graph":[{"@type":"NewsArticle","@id":"https:\/\/empresas.infoempleo.com\/hrtrends\/estrategias-para-humanizar-tu-oficina\/#article","isPartOf":{"@id":"https:\/\/empresas.infoempleo.com\/hrtrends\/estrategias-para-humanizar-tu-oficina\/"},"author":{"name":"Adriana M.","@id":"https:\/\/empresas.infoempleo.com\/hrtrends\/#\/schema\/person\/b1dd51edbb566a47cd8f7513fa73d223"},"headline":"Estrategias para humanizar tu oficina","datePublished":"2020-04-29T05:30:35+00:00","mainEntityOfPage":{"@id":"https:\/\/empresas.infoempleo.com\/hrtrends\/estrategias-para-humanizar-tu-oficina\/"},"wordCount":625,"publisher":{"@id":"https:\/\/empresas.infoempleo.com\/hrtrends\/#organization"},"image":{"@id":"https:\/\/empresas.infoempleo.com\/hrtrends\/estrategias-para-humanizar-tu-oficina\/#primaryimage"},"thumbnailUrl":"https:\/\/empresas.infoempleo.com\/hrtrends\/media\/2020\/03\/HRTrends-como-humanizar-tu-oficina.jpg","keywords":["cultura de empresa","humanizar la oficina","oficina saludable"],"articleSection":["Consejos"],"inLanguage":"es","copyrightYear":"2020","copyrightHolder":{"@id":"https:\/\/empresas.infoempleo.com\/hrtrends\/#organization"}},{"@type":"WebPage","@id":"https:\/\/empresas.infoempleo.com\/hrtrends\/estrategias-para-humanizar-tu-oficina\/","url":"https:\/\/empresas.infoempleo.com\/hrtrends\/estrategias-para-humanizar-tu-oficina\/","name":"Humanizar tu oficina para mejorar su funcionamiento | HRTRENDS","isPartOf":{"@id":"https:\/\/empresas.infoempleo.com\/hrtrends\/#website"},"primaryImageOfPage":{"@id":"https:\/\/empresas.infoempleo.com\/hrtrends\/estrategias-para-humanizar-tu-oficina\/#primaryimage"},"image":{"@id":"https:\/\/empresas.infoempleo.com\/hrtrends\/estrategias-para-humanizar-tu-oficina\/#primaryimage"},"thumbnailUrl":"https:\/\/empresas.infoempleo.com\/hrtrends\/media\/2020\/03\/HRTrends-como-humanizar-tu-oficina.jpg","datePublished":"2020-04-29T05:30:35+00:00","description":"Te explicamos c\u00f3mo puedes humanizar la oficina, la estrategias que funcionan y c\u00f3mo afecta a la productividad de la empresa. \u00a1Sigue leyendo!","breadcrumb":{"@id":"https:\/\/empresas.infoempleo.com\/hrtrends\/estrategias-para-humanizar-tu-oficina\/#breadcrumb"},"inLanguage":"es","potentialAction":[{"@type":"ReadAction","target":["https:\/\/empresas.infoempleo.com\/hrtrends\/estrategias-para-humanizar-tu-oficina\/"]}]},{"@type":"ImageObject","inLanguage":"es","@id":"https:\/\/empresas.infoempleo.com\/hrtrends\/estrategias-para-humanizar-tu-oficina\/#primaryimage","url":"https:\/\/empresas.infoempleo.com\/hrtrends\/media\/2020\/03\/HRTrends-como-humanizar-tu-oficina-150x150.jpg","contentUrl":"https:\/\/empresas.infoempleo.com\/hrtrends\/media\/2020\/03\/HRTrends-como-humanizar-tu-oficina-150x150.jpg","width":150,"height":150},{"@type":"BreadcrumbList","@id":"https:\/\/empresas.infoempleo.com\/hrtrends\/estrategias-para-humanizar-tu-oficina\/#breadcrumb","itemListElement":[{"@type":"ListItem","position":1,"name":"Portada","item":"https:\/\/empresas.infoempleo.com\/hrtrends\/"},{"@type":"ListItem","position":2,"name":"Estrategias para humanizar tu oficina"}]},{"@type":"WebSite","@id":"https:\/\/empresas.infoempleo.com\/hrtrends\/#website","url":"https:\/\/empresas.infoempleo.com\/hrtrends","name":"HRTrends by Infoempleo","description":"","publisher":{"@id":"https:\/\/empresas.infoempleo.com\/hrtrends\/#organization"},"potentialAction":{"@type":"SearchAction","target":"https:\/\/empresas.infoempleo.com\/hrtrends\/?s={search_term_string}","query-input":"required name=search_term_string"},"inLanguage":"es"},{"@type":"Organization","@id":"https:\/\/empresas.infoempleo.com\/hrtrends\/#organization","name":"Infoempleo","url":"https:\/\/www.infoempleo.com\/","logo":{"@type":"ImageObject","@id":"https:\/\/empresas.infoempleo.com\/hrtrends\/#logo","inLanguage":"es","url":"https:\/\/cdnazure.infoempleo.com\/infoempleo\/assets\/style\/gfx\/logo.svg","contentUrl":"https:\/\/cdnazure.infoempleo.com\/infoempleo\/assets\/style\/gfx\/logo.svg","width":150,"height":40,"caption":"Infoempleo"},"image":{"@id":"https:\/\/empresas.infoempleo.com\/hrtrends\/#logo"},"sameAs":["https:\/\/www.facebook.com\/Infoempleo","https:\/\/x.com\/infoempleo","http:\/\/instagram.com\/infoempleo\/","http:\/\/www.linkedin.com\/groups\/Empleo-Espa\u00f1a-Infoempleocom-111276","http:\/\/pinterest.com\/infoempleo\/"],"address":{"@type":"PostalAddress","addressLocality":"Madrid","postalCode":"28050","streetAddress":"Avenida de Burgos 114"},"brand":["Infoempleo"]},{"@type":"Person","@id":"https:\/\/empresas.infoempleo.com\/hrtrends\/#\/schema\/person\/b1dd51edbb566a47cd8f7513fa73d223","name":"Adriana M.","image":{"@type":"ImageObject","inLanguage":"es","@id":"https:\/\/empresas.infoempleo.com\/hrtrends\/#\/schema\/person\/image\/","url":"https:\/\/secure.gravatar.com\/avatar\/243f7dd7e1db0ad0e9791be05df7d72ba5c8bf338408591753bae2fe87dae18d?s=96&d=mm&r=g","contentUrl":"https:\/\/secure.gravatar.com\/avatar\/243f7dd7e1db0ad0e9791be05df7d72ba5c8bf338408591753bae2fe87dae18d?s=96&d=mm&r=g","caption":"Adriana M."},"description":"Periodista y experta en Comunicaci\u00f3n Audiovisual y Narrativa. Me encanta escribir y narrar lo que pasa a mi alrededor es mi pasi\u00f3n.","url":"https:\/\/empresas.infoempleo.com\/hrtrends\/author\/adriana-kanvas\/"}]}},"amp_enabled":true,"_links":{"self":[{"href":"https:\/\/empresas.infoempleo.com\/hrtrends\/wp-json\/wp\/v2\/posts\/37174","targetHints":{"allow":["GET"]}}],"collection":[{"href":"https:\/\/empresas.infoempleo.com\/hrtrends\/wp-json\/wp\/v2\/posts"}],"about":[{"href":"https:\/\/empresas.infoempleo.com\/hrtrends\/wp-json\/wp\/v2\/types\/post"}],"author":[{"embeddable":true,"href":"https:\/\/empresas.infoempleo.com\/hrtrends\/wp-json\/wp\/v2\/users\/122"}],"replies":[{"embeddable":true,"href":"https:\/\/empresas.infoempleo.com\/hrtrends\/wp-json\/wp\/v2\/comments?post=37174"}],"version-history":[{"count":3,"href":"https:\/\/empresas.infoempleo.com\/hrtrends\/wp-json\/wp\/v2\/posts\/37174\/revisions"}],"predecessor-version":[{"id":37178,"href":"https:\/\/empresas.infoempleo.com\/hrtrends\/wp-json\/wp\/v2\/posts\/37174\/revisions\/37178"}],"wp:featuredmedia":[{"embeddable":true,"href":"https:\/\/empresas.infoempleo.com\/hrtrends\/wp-json\/wp\/v2\/media\/37175"}],"wp:attachment":[{"href":"https:\/\/empresas.infoempleo.com\/hrtrends\/wp-json\/wp\/v2\/media?parent=37174"}],"wp:term":[{"taxonomy":"category","embeddable":true,"href":"https:\/\/empresas.infoempleo.com\/hrtrends\/wp-json\/wp\/v2\/categories?post=37174"},{"taxonomy":"post_tag","embeddable":true,"href":"https:\/\/empresas.infoempleo.com\/hrtrends\/wp-json\/wp\/v2\/tags?post=37174"}],"curies":[{"name":"wp","href":"https:\/\/api.w.org\/{rel}","templated":true}]}}