{"id":37090,"date":"2020-03-23T07:30:55","date_gmt":"2020-03-23T05:30:55","guid":{"rendered":"https:\/\/empresas.infoempleo.com\/hrtrends\/?p=37090"},"modified":"2020-03-30T10:59:55","modified_gmt":"2020-03-30T08:59:55","slug":"salud-mental-en-el-trabajo","status":"publish","type":"post","link":"https:\/\/empresas.infoempleo.com\/hrtrends\/salud-mental-en-el-trabajo\/","title":{"rendered":"C\u00f3mo gestionar la salud mental en el trabajo desde recursos humanos"},"content":{"rendered":"<p><span style=\"font-weight: 400;\">El departamento de <strong>recursos humanos<\/strong> de las empresas es el <strong>caj\u00f3n de sastre de las empresas<\/strong>, y por eso acaban realizando peque\u00f1as y grandes tareas de las que nadie m\u00e1s se ocupa, <strong>dejando de lado tareas<\/strong> muy importantes <strong>como la <\/strong><\/span><b>salud mental<\/b><span style=\"font-weight: 400;\"> de sus trabajadores.<\/span><\/p>\n<p><span style=\"font-weight: 400;\">Cuando la contabilidad no puede manejarlo, RRHH realiza la n\u00f3mina; cuando no hay un equipo legal, RRHH verifica el cumplimiento y otras preocupaciones reglamentarias.\u00a0<\/span><\/p>\n<p><span style=\"font-weight: 400;\">Sin embargo, quiz\u00e1s el <strong>papel m\u00e1s importante<\/strong> que desempe\u00f1a el departamento <strong>de Recursos Humanos<\/strong> dentro de una empresa es el de asesorar, <strong>ayudar a los empleados<\/strong> de forma individual y a los equipos a resolver problemas, y a recuperar altos \u00edndices de productividad.<\/span><\/p>\n<p><span style=\"font-weight: 400;\">Es importante se\u00f1alar que <strong>los profesionales de recursos humanos no son psiquiatras<\/strong> capacitados, y muchos de ellos no tienen necesariamente experiencia en asesoramiento o terapia verdadera.\u00a0<\/span><\/p>\n<p><span style=\"font-weight: 400;\">Por lo tanto, si se supone que desde el departamento de recursos humanos tienen que ayudar a los empleados a superar los desaf\u00edos, \u00bf<strong>Qu\u00e9 necesitan saber<\/strong> sobre <\/span><span style=\"font-weight: 400;\">los <\/span><a href=\"https:\/\/empresas.infoempleo.com\/hrtrends\/trastornos-estado-animo-afectan-trabajadores\/\"><span style=\"font-weight: 400;\">trastornos de \u00e1nimo que afectan a los trabajadores<\/span><\/a><span style=\"font-weight: 400;\">?<\/span><\/p>\n<p><span style=\"font-weight: 400;\">A continuaci\u00f3n te dejamos algunos <strong>consejos \u00fatiles<\/strong> para el departamento de recursos humanos <strong>sobre <\/strong><\/span><b>salud menta<\/b><span style=\"font-weight: 400;\"><strong>l<\/strong>, para poder entender sus responsabilidades, y poder asegurar la estabilidad y el bienestar de los trabajadores.<\/span><\/p>\n<h2>\u00bfQu\u00e9 es la salud mental?<\/h2>\n<p><span style=\"font-weight: 400;\">La <\/span>salud mental<span style=\"font-weight: 400;\"> se define como el <strong>bienestar psicol\u00f3gico y emocional<\/strong>. Identificar los problemas que impiden mantener ese bienestar no siempre es sencillo.<\/span><\/p>\n<p><span style=\"font-weight: 400;\">Por un lado, el cerebro humano sigue siendo en gran medida incomprensible, incluso para los profesionales de la <\/span>salud mental<span style=\"font-weight: 400;\">. No es f\u00e1cil determinar si una persona est\u00e1 mentalmente sana. Los problemas de salud mental pueden manifestarse de m\u00faltiples maneras, desde la angustia mental y emocional hasta la enfermedad f\u00edsica.\u00a0<\/span><\/p>\n<p><img loading=\"lazy\" decoding=\"async\" class=\"size-full wp-image-37095 aligncenter\" src=\"https:\/\/empresas.infoempleo.com\/hrtrends\/media\/2020\/02\/HRTrends-gestion-de-la-salud-mental-desde-recursos-humanos.jpg\" alt=\"HRTrends-gestion de la salud mental desde recursos humanos\" width=\"723\" height=\"419\" srcset=\"https:\/\/empresas.infoempleo.com\/hrtrends\/media\/2020\/02\/HRTrends-gestion-de-la-salud-mental-desde-recursos-humanos.jpg 723w, https:\/\/empresas.infoempleo.com\/hrtrends\/media\/2020\/02\/HRTrends-gestion-de-la-salud-mental-desde-recursos-humanos-300x174.jpg 300w\" sizes=\"auto, (max-width: 723px) 100vw, 723px\" \/><\/p>\n<h2>\u00bfCu\u00e1l es la responsabilidad del departamento de recursos humanos?<\/h2>\n<p><span style=\"font-weight: 400;\">El prop\u00f3sito principal de los profesionales de recursos humanos es <strong>asegurar que los empleados se sientan c\u00f3modos en el trabajo<\/strong>. Para lograr este objetivo, gestionan los paquetes de beneficios sociales, supervisan las n\u00f3minas para evitar errores y verifican que a todos se les pague correctamente.<\/span><\/p>\n<p><span style=\"font-weight: 400;\">A veces <strong>administran<\/strong> <strong>la contrataci\u00f3n y el despido<\/strong>, que deben ser fluidos para facilitar la productividad de la fuerza laboral. Tambi\u00e9n ofrecen <strong>servicios de desarrollo profesional<\/strong> para hacer crecer las habilidades y los conocimientos de los empleados. Y quiz\u00e1s lo m\u00e1s importante de todo, <\/span>escuchan y <strong>responden apropiadamente a los problemas<\/strong> que les plantean los trabajadores.<\/p>\n<h2>C\u00f3mo apoyar la salud mental de tus empleados<\/h2>\n<p><span style=\"font-weight: 400;\">Por un lado, todos los miembros del departamento de recursos humanos deben ser conscientes de que <strong>es ilegal discriminar a los enfermos mentales<\/strong>. Solo se permite tomar medidas en los casos en que un problema <\/span><span style=\"font-weight: 400;\">diagnosticado suponga un riesgo para la seguridad o resulte en un rendimiento deficiente.\u00a0<\/span><\/p>\n<p><span style=\"font-weight: 400;\">La empresa <strong>debe apoyar a sus empleados<\/strong>, <strong>proporcion\u00e1ndoles ajustes razonables<\/strong> que mejoren su salud mental. Lo que puede incluir la <strong>alteraci\u00f3n de los horarios<\/strong> de trabajo y de descanso, <strong>cambios de entorno<\/strong> o cambios en la supervisi\u00f3n.\u00a0<\/span><\/p>\n<p><span style=\"font-weight: 400;\">A pesar de que existe una mayor conciencia de los problemas relacionados con la <\/span>salud mental<span style=\"font-weight: 400;\">, la enfermedad mental sigue estando estigmatizada, por lo que muchos trabajadores con este tipo de enfermedades pueden sentirse inc\u00f3modos admitiendo su condici\u00f3n.\u00a0<\/span><\/p>\n<p><span style=\"font-weight: 400;\">Cuando un entorno de trabajo acepta la realidad de las condiciones mentales y los problemas de <\/span>salud mental<span style=\"font-weight: 400;\">, y trabaja a activamente en ayudar a sus empleados, el impacto es menor tanto para el trabajador como para la empresa.<\/span><\/p>\n","protected":false},"excerpt":{"rendered":"<p>El departamento de recursos humanos de las empresas es el caj\u00f3n de sastre de las empresas, y por<a class=\"moretag\" href=\"https:\/\/empresas.infoempleo.com\/hrtrends\/salud-mental-en-el-trabajo\/\"> Leer m\u00e1s<\/a><\/p>\n","protected":false},"author":122,"featured_media":37093,"comment_status":"closed","ping_status":"closed","sticky":false,"template":"","format":"standard","meta":{"footnotes":""},"categories":[3035],"tags":[1605,3350,2714],"class_list":["post-37090","post","type-post","status-publish","format-standard","has-post-thumbnail","hentry","category-consejos","tag-clima-laboral","tag-recursos-humanos","tag-salud-mental"],"yoast_head":"<!-- This site is optimized with the Yoast SEO plugin v26.1.1 - https:\/\/yoast.com\/wordpress\/plugins\/seo\/ -->\n<title>C\u00f3mo gestionar la salud mental en el trabajo desde RRHH | HRTRENDS<\/title>\n<meta name=\"description\" content=\"La salud mental en el trabajo debe ser un elemento importante en la gesti\u00f3n de los recursos humanos. Te ense\u00f1amos c\u00f3mo gestionarla correctamente\" \/>\n<meta name=\"robots\" content=\"index, follow, max-snippet:-1, max-image-preview:large, max-video-preview:-1\" \/>\n<link rel=\"canonical\" href=\"https:\/\/empresas.infoempleo.com\/hrtrends\/salud-mental-en-el-trabajo\/\" \/>\n<meta property=\"og:locale\" content=\"es_ES\" \/>\n<meta property=\"og:type\" content=\"article\" \/>\n<meta property=\"og:title\" content=\"C\u00f3mo gestionar la salud mental en el trabajo desde RRHH | HRTRENDS\" \/>\n<meta property=\"og:description\" content=\"La salud mental en el trabajo debe ser un elemento importante en la gesti\u00f3n de los recursos humanos. Te ense\u00f1amos c\u00f3mo gestionarla correctamente\" \/>\n<meta property=\"og:url\" content=\"https:\/\/empresas.infoempleo.com\/hrtrends\/salud-mental-en-el-trabajo\/\" \/>\n<meta property=\"og:site_name\" content=\"HRTRENDS\" \/>\n<meta property=\"article:publisher\" content=\"https:\/\/www.facebook.com\/Infoempleo\" \/>\n<meta property=\"article:published_time\" content=\"2020-03-23T05:30:55+00:00\" \/>\n<meta property=\"article:modified_time\" content=\"2020-03-30T08:59:55+00:00\" \/>\n<meta property=\"og:image\" content=\"https:\/\/empresas.infoempleo.com\/hrtrends\/media\/2020\/02\/HRTrends-salud-mental-como-gestionarla-desde-recursos-humanos.jpg\" \/>\n\t<meta property=\"og:image:width\" content=\"980\" \/>\n\t<meta property=\"og:image:height\" content=\"600\" \/>\n\t<meta property=\"og:image:type\" content=\"image\/jpeg\" \/>\n<meta name=\"author\" content=\"Adriana M.\" \/>\n<meta name=\"twitter:card\" content=\"summary_large_image\" \/>\n<meta name=\"twitter:creator\" content=\"@infoempleo\" \/>\n<meta name=\"twitter:site\" content=\"@infoempleo\" \/>\n<meta name=\"twitter:label1\" content=\"Escrito por\" \/>\n\t<meta name=\"twitter:data1\" content=\"Adriana M.\" \/>\n\t<meta name=\"twitter:label2\" content=\"Tiempo de lectura\" \/>\n\t<meta name=\"twitter:data2\" content=\"3 minutos\" \/>\n<script type=\"application\/ld+json\" class=\"yoast-schema-graph\">{\"@context\":\"https:\/\/schema.org\",\"@graph\":[{\"@type\":\"NewsArticle\",\"@id\":\"https:\/\/empresas.infoempleo.com\/hrtrends\/salud-mental-en-el-trabajo\/#article\",\"isPartOf\":{\"@id\":\"https:\/\/empresas.infoempleo.com\/hrtrends\/salud-mental-en-el-trabajo\/\"},\"author\":{\"name\":\"Adriana M.\",\"@id\":\"https:\/\/empresas.infoempleo.com\/hrtrends\/#\/schema\/person\/b1dd51edbb566a47cd8f7513fa73d223\"},\"headline\":\"C\u00f3mo gestionar la salud mental en el trabajo desde recursos humanos\",\"datePublished\":\"2020-03-23T05:30:55+00:00\",\"dateModified\":\"2020-03-30T08:59:55+00:00\",\"mainEntityOfPage\":{\"@id\":\"https:\/\/empresas.infoempleo.com\/hrtrends\/salud-mental-en-el-trabajo\/\"},\"wordCount\":605,\"publisher\":{\"@id\":\"https:\/\/empresas.infoempleo.com\/hrtrends\/#organization\"},\"image\":{\"@id\":\"https:\/\/empresas.infoempleo.com\/hrtrends\/salud-mental-en-el-trabajo\/#primaryimage\"},\"thumbnailUrl\":\"https:\/\/empresas.infoempleo.com\/hrtrends\/media\/2020\/02\/HRTrends-salud-mental-como-gestionarla-desde-recursos-humanos.jpg\",\"keywords\":[\"Clima laboral\",\"recursos humanos\",\"salud mental\"],\"articleSection\":[\"Consejos\"],\"inLanguage\":\"es\",\"copyrightYear\":\"2020\",\"copyrightHolder\":{\"@id\":\"https:\/\/empresas.infoempleo.com\/hrtrends\/#organization\"}},{\"@type\":\"WebPage\",\"@id\":\"https:\/\/empresas.infoempleo.com\/hrtrends\/salud-mental-en-el-trabajo\/\",\"url\":\"https:\/\/empresas.infoempleo.com\/hrtrends\/salud-mental-en-el-trabajo\/\",\"name\":\"C\u00f3mo gestionar la salud mental en el trabajo desde RRHH | HRTRENDS\",\"isPartOf\":{\"@id\":\"https:\/\/empresas.infoempleo.com\/hrtrends\/#website\"},\"primaryImageOfPage\":{\"@id\":\"https:\/\/empresas.infoempleo.com\/hrtrends\/salud-mental-en-el-trabajo\/#primaryimage\"},\"image\":{\"@id\":\"https:\/\/empresas.infoempleo.com\/hrtrends\/salud-mental-en-el-trabajo\/#primaryimage\"},\"thumbnailUrl\":\"https:\/\/empresas.infoempleo.com\/hrtrends\/media\/2020\/02\/HRTrends-salud-mental-como-gestionarla-desde-recursos-humanos.jpg\",\"datePublished\":\"2020-03-23T05:30:55+00:00\",\"dateModified\":\"2020-03-30T08:59:55+00:00\",\"description\":\"La salud mental en el trabajo debe ser un elemento importante en la gesti\u00f3n de los recursos humanos. Te ense\u00f1amos c\u00f3mo gestionarla correctamente\",\"breadcrumb\":{\"@id\":\"https:\/\/empresas.infoempleo.com\/hrtrends\/salud-mental-en-el-trabajo\/#breadcrumb\"},\"inLanguage\":\"es\",\"potentialAction\":[{\"@type\":\"ReadAction\",\"target\":[\"https:\/\/empresas.infoempleo.com\/hrtrends\/salud-mental-en-el-trabajo\/\"]}]},{\"@type\":\"ImageObject\",\"inLanguage\":\"es\",\"@id\":\"https:\/\/empresas.infoempleo.com\/hrtrends\/salud-mental-en-el-trabajo\/#primaryimage\",\"url\":\"https:\/\/empresas.infoempleo.com\/hrtrends\/media\/2020\/02\/HRTrends-salud-mental-como-gestionarla-desde-recursos-humanos-150x150.jpg\",\"contentUrl\":\"https:\/\/empresas.infoempleo.com\/hrtrends\/media\/2020\/02\/HRTrends-salud-mental-como-gestionarla-desde-recursos-humanos-150x150.jpg\",\"width\":150,\"height\":150},{\"@type\":\"BreadcrumbList\",\"@id\":\"https:\/\/empresas.infoempleo.com\/hrtrends\/salud-mental-en-el-trabajo\/#breadcrumb\",\"itemListElement\":[{\"@type\":\"ListItem\",\"position\":1,\"name\":\"Portada\",\"item\":\"https:\/\/empresas.infoempleo.com\/hrtrends\/\"},{\"@type\":\"ListItem\",\"position\":2,\"name\":\"C\u00f3mo gestionar la salud mental en el trabajo desde recursos humanos\"}]},{\"@type\":\"WebSite\",\"@id\":\"https:\/\/empresas.infoempleo.com\/hrtrends\/#website\",\"url\":\"https:\/\/empresas.infoempleo.com\/hrtrends\",\"name\":\"HRTrends by Infoempleo\",\"description\":\"\",\"publisher\":{\"@id\":\"https:\/\/empresas.infoempleo.com\/hrtrends\/#organization\"},\"potentialAction\":{\"@type\":\"SearchAction\",\"target\":\"https:\/\/empresas.infoempleo.com\/hrtrends\/?s={search_term_string}\",\"query-input\":\"required name=search_term_string\"},\"inLanguage\":\"es\"},{\"@type\":\"Organization\",\"@id\":\"https:\/\/empresas.infoempleo.com\/hrtrends\/#organization\",\"name\":\"Infoempleo\",\"url\":\"https:\/\/www.infoempleo.com\/\",\"logo\":{\"@type\":\"ImageObject\",\"@id\":\"https:\/\/empresas.infoempleo.com\/hrtrends\/#logo\",\"inLanguage\":\"es\",\"url\":\"https:\/\/cdnazure.infoempleo.com\/infoempleo\/assets\/style\/gfx\/logo.svg\",\"contentUrl\":\"https:\/\/cdnazure.infoempleo.com\/infoempleo\/assets\/style\/gfx\/logo.svg\",\"width\":150,\"height\":40,\"caption\":\"Infoempleo\"},\"image\":{\"@id\":\"https:\/\/empresas.infoempleo.com\/hrtrends\/#logo\"},\"sameAs\":[\"https:\/\/www.facebook.com\/Infoempleo\",\"https:\/\/x.com\/infoempleo\",\"http:\/\/instagram.com\/infoempleo\/\",\"http:\/\/www.linkedin.com\/groups\/Empleo-Espa\u00f1a-Infoempleocom-111276\",\"http:\/\/pinterest.com\/infoempleo\/\"],\"address\":{\"@type\":\"PostalAddress\",\"addressLocality\":\"Madrid\",\"postalCode\":\"28050\",\"streetAddress\":\"Avenida de Burgos 114\"},\"brand\":[\"Infoempleo\"]},{\"@type\":\"Person\",\"@id\":\"https:\/\/empresas.infoempleo.com\/hrtrends\/#\/schema\/person\/b1dd51edbb566a47cd8f7513fa73d223\",\"name\":\"Adriana M.\",\"image\":{\"@type\":\"ImageObject\",\"inLanguage\":\"es\",\"@id\":\"https:\/\/empresas.infoempleo.com\/hrtrends\/#\/schema\/person\/image\/\",\"url\":\"https:\/\/secure.gravatar.com\/avatar\/243f7dd7e1db0ad0e9791be05df7d72ba5c8bf338408591753bae2fe87dae18d?s=96&d=mm&r=g\",\"contentUrl\":\"https:\/\/secure.gravatar.com\/avatar\/243f7dd7e1db0ad0e9791be05df7d72ba5c8bf338408591753bae2fe87dae18d?s=96&d=mm&r=g\",\"caption\":\"Adriana M.\"},\"description\":\"Periodista y experta en Comunicaci\u00f3n Audiovisual y Narrativa. Me encanta escribir y narrar lo que pasa a mi alrededor es mi pasi\u00f3n.\",\"url\":\"https:\/\/empresas.infoempleo.com\/hrtrends\/author\/adriana-kanvas\/\"}]}<\/script>\n<!-- \/ Yoast SEO plugin. -->","yoast_head_json":{"title":"C\u00f3mo gestionar la salud mental en el trabajo desde RRHH | HRTRENDS","description":"La salud mental en el trabajo debe ser un elemento importante en la gesti\u00f3n de los recursos humanos. Te ense\u00f1amos c\u00f3mo gestionarla correctamente","robots":{"index":"index","follow":"follow","max-snippet":"max-snippet:-1","max-image-preview":"max-image-preview:large","max-video-preview":"max-video-preview:-1"},"canonical":"https:\/\/empresas.infoempleo.com\/hrtrends\/salud-mental-en-el-trabajo\/","og_locale":"es_ES","og_type":"article","og_title":"C\u00f3mo gestionar la salud mental en el trabajo desde RRHH | HRTRENDS","og_description":"La salud mental en el trabajo debe ser un elemento importante en la gesti\u00f3n de los recursos humanos. Te ense\u00f1amos c\u00f3mo gestionarla correctamente","og_url":"https:\/\/empresas.infoempleo.com\/hrtrends\/salud-mental-en-el-trabajo\/","og_site_name":"HRTRENDS","article_publisher":"https:\/\/www.facebook.com\/Infoempleo","article_published_time":"2020-03-23T05:30:55+00:00","article_modified_time":"2020-03-30T08:59:55+00:00","og_image":[{"width":980,"height":600,"url":"https:\/\/empresas.infoempleo.com\/hrtrends\/media\/2020\/02\/HRTrends-salud-mental-como-gestionarla-desde-recursos-humanos.jpg","type":"image\/jpeg"}],"author":"Adriana M.","twitter_card":"summary_large_image","twitter_creator":"@infoempleo","twitter_site":"@infoempleo","twitter_misc":{"Escrito por":"Adriana M.","Tiempo de lectura":"3 minutos"},"schema":{"@context":"https:\/\/schema.org","@graph":[{"@type":"NewsArticle","@id":"https:\/\/empresas.infoempleo.com\/hrtrends\/salud-mental-en-el-trabajo\/#article","isPartOf":{"@id":"https:\/\/empresas.infoempleo.com\/hrtrends\/salud-mental-en-el-trabajo\/"},"author":{"name":"Adriana M.","@id":"https:\/\/empresas.infoempleo.com\/hrtrends\/#\/schema\/person\/b1dd51edbb566a47cd8f7513fa73d223"},"headline":"C\u00f3mo gestionar la salud mental en el trabajo desde recursos humanos","datePublished":"2020-03-23T05:30:55+00:00","dateModified":"2020-03-30T08:59:55+00:00","mainEntityOfPage":{"@id":"https:\/\/empresas.infoempleo.com\/hrtrends\/salud-mental-en-el-trabajo\/"},"wordCount":605,"publisher":{"@id":"https:\/\/empresas.infoempleo.com\/hrtrends\/#organization"},"image":{"@id":"https:\/\/empresas.infoempleo.com\/hrtrends\/salud-mental-en-el-trabajo\/#primaryimage"},"thumbnailUrl":"https:\/\/empresas.infoempleo.com\/hrtrends\/media\/2020\/02\/HRTrends-salud-mental-como-gestionarla-desde-recursos-humanos.jpg","keywords":["Clima laboral","recursos humanos","salud mental"],"articleSection":["Consejos"],"inLanguage":"es","copyrightYear":"2020","copyrightHolder":{"@id":"https:\/\/empresas.infoempleo.com\/hrtrends\/#organization"}},{"@type":"WebPage","@id":"https:\/\/empresas.infoempleo.com\/hrtrends\/salud-mental-en-el-trabajo\/","url":"https:\/\/empresas.infoempleo.com\/hrtrends\/salud-mental-en-el-trabajo\/","name":"C\u00f3mo gestionar la salud mental en el trabajo desde RRHH | HRTRENDS","isPartOf":{"@id":"https:\/\/empresas.infoempleo.com\/hrtrends\/#website"},"primaryImageOfPage":{"@id":"https:\/\/empresas.infoempleo.com\/hrtrends\/salud-mental-en-el-trabajo\/#primaryimage"},"image":{"@id":"https:\/\/empresas.infoempleo.com\/hrtrends\/salud-mental-en-el-trabajo\/#primaryimage"},"thumbnailUrl":"https:\/\/empresas.infoempleo.com\/hrtrends\/media\/2020\/02\/HRTrends-salud-mental-como-gestionarla-desde-recursos-humanos.jpg","datePublished":"2020-03-23T05:30:55+00:00","dateModified":"2020-03-30T08:59:55+00:00","description":"La salud mental en el trabajo debe ser un elemento importante en la gesti\u00f3n de los recursos humanos. Te ense\u00f1amos c\u00f3mo gestionarla correctamente","breadcrumb":{"@id":"https:\/\/empresas.infoempleo.com\/hrtrends\/salud-mental-en-el-trabajo\/#breadcrumb"},"inLanguage":"es","potentialAction":[{"@type":"ReadAction","target":["https:\/\/empresas.infoempleo.com\/hrtrends\/salud-mental-en-el-trabajo\/"]}]},{"@type":"ImageObject","inLanguage":"es","@id":"https:\/\/empresas.infoempleo.com\/hrtrends\/salud-mental-en-el-trabajo\/#primaryimage","url":"https:\/\/empresas.infoempleo.com\/hrtrends\/media\/2020\/02\/HRTrends-salud-mental-como-gestionarla-desde-recursos-humanos-150x150.jpg","contentUrl":"https:\/\/empresas.infoempleo.com\/hrtrends\/media\/2020\/02\/HRTrends-salud-mental-como-gestionarla-desde-recursos-humanos-150x150.jpg","width":150,"height":150},{"@type":"BreadcrumbList","@id":"https:\/\/empresas.infoempleo.com\/hrtrends\/salud-mental-en-el-trabajo\/#breadcrumb","itemListElement":[{"@type":"ListItem","position":1,"name":"Portada","item":"https:\/\/empresas.infoempleo.com\/hrtrends\/"},{"@type":"ListItem","position":2,"name":"C\u00f3mo gestionar la salud mental en el trabajo desde recursos humanos"}]},{"@type":"WebSite","@id":"https:\/\/empresas.infoempleo.com\/hrtrends\/#website","url":"https:\/\/empresas.infoempleo.com\/hrtrends","name":"HRTrends by Infoempleo","description":"","publisher":{"@id":"https:\/\/empresas.infoempleo.com\/hrtrends\/#organization"},"potentialAction":{"@type":"SearchAction","target":"https:\/\/empresas.infoempleo.com\/hrtrends\/?s={search_term_string}","query-input":"required name=search_term_string"},"inLanguage":"es"},{"@type":"Organization","@id":"https:\/\/empresas.infoempleo.com\/hrtrends\/#organization","name":"Infoempleo","url":"https:\/\/www.infoempleo.com\/","logo":{"@type":"ImageObject","@id":"https:\/\/empresas.infoempleo.com\/hrtrends\/#logo","inLanguage":"es","url":"https:\/\/cdnazure.infoempleo.com\/infoempleo\/assets\/style\/gfx\/logo.svg","contentUrl":"https:\/\/cdnazure.infoempleo.com\/infoempleo\/assets\/style\/gfx\/logo.svg","width":150,"height":40,"caption":"Infoempleo"},"image":{"@id":"https:\/\/empresas.infoempleo.com\/hrtrends\/#logo"},"sameAs":["https:\/\/www.facebook.com\/Infoempleo","https:\/\/x.com\/infoempleo","http:\/\/instagram.com\/infoempleo\/","http:\/\/www.linkedin.com\/groups\/Empleo-Espa\u00f1a-Infoempleocom-111276","http:\/\/pinterest.com\/infoempleo\/"],"address":{"@type":"PostalAddress","addressLocality":"Madrid","postalCode":"28050","streetAddress":"Avenida de Burgos 114"},"brand":["Infoempleo"]},{"@type":"Person","@id":"https:\/\/empresas.infoempleo.com\/hrtrends\/#\/schema\/person\/b1dd51edbb566a47cd8f7513fa73d223","name":"Adriana M.","image":{"@type":"ImageObject","inLanguage":"es","@id":"https:\/\/empresas.infoempleo.com\/hrtrends\/#\/schema\/person\/image\/","url":"https:\/\/secure.gravatar.com\/avatar\/243f7dd7e1db0ad0e9791be05df7d72ba5c8bf338408591753bae2fe87dae18d?s=96&d=mm&r=g","contentUrl":"https:\/\/secure.gravatar.com\/avatar\/243f7dd7e1db0ad0e9791be05df7d72ba5c8bf338408591753bae2fe87dae18d?s=96&d=mm&r=g","caption":"Adriana M."},"description":"Periodista y experta en Comunicaci\u00f3n Audiovisual y Narrativa. Me encanta escribir y narrar lo que pasa a mi alrededor es mi pasi\u00f3n.","url":"https:\/\/empresas.infoempleo.com\/hrtrends\/author\/adriana-kanvas\/"}]}},"amp_enabled":true,"_links":{"self":[{"href":"https:\/\/empresas.infoempleo.com\/hrtrends\/wp-json\/wp\/v2\/posts\/37090","targetHints":{"allow":["GET"]}}],"collection":[{"href":"https:\/\/empresas.infoempleo.com\/hrtrends\/wp-json\/wp\/v2\/posts"}],"about":[{"href":"https:\/\/empresas.infoempleo.com\/hrtrends\/wp-json\/wp\/v2\/types\/post"}],"author":[{"embeddable":true,"href":"https:\/\/empresas.infoempleo.com\/hrtrends\/wp-json\/wp\/v2\/users\/122"}],"replies":[{"embeddable":true,"href":"https:\/\/empresas.infoempleo.com\/hrtrends\/wp-json\/wp\/v2\/comments?post=37090"}],"version-history":[{"count":6,"href":"https:\/\/empresas.infoempleo.com\/hrtrends\/wp-json\/wp\/v2\/posts\/37090\/revisions"}],"predecessor-version":[{"id":37212,"href":"https:\/\/empresas.infoempleo.com\/hrtrends\/wp-json\/wp\/v2\/posts\/37090\/revisions\/37212"}],"wp:featuredmedia":[{"embeddable":true,"href":"https:\/\/empresas.infoempleo.com\/hrtrends\/wp-json\/wp\/v2\/media\/37093"}],"wp:attachment":[{"href":"https:\/\/empresas.infoempleo.com\/hrtrends\/wp-json\/wp\/v2\/media?parent=37090"}],"wp:term":[{"taxonomy":"category","embeddable":true,"href":"https:\/\/empresas.infoempleo.com\/hrtrends\/wp-json\/wp\/v2\/categories?post=37090"},{"taxonomy":"post_tag","embeddable":true,"href":"https:\/\/empresas.infoempleo.com\/hrtrends\/wp-json\/wp\/v2\/tags?post=37090"}],"curies":[{"name":"wp","href":"https:\/\/api.w.org\/{rel}","templated":true}]}}